{"id":78717,"date":"2025-04-17T18:00:00","date_gmt":"2025-04-17T16:00:00","guid":{"rendered":"https:\/\/www.almega.se\/2025\/04\/strejk-avblast-nya-branschanpassade-avtal-pa-plats\/"},"modified":"2025-04-17T18:03:06","modified_gmt":"2025-04-17T16:03:06","slug":"strejk-avblast-nya-branschanpassade-avtal-pa-plats","status":"publish","type":"post","link":"https:\/\/www.almega.se\/2025\/04\/strejk-avblast-nya-branschanpassade-avtal-pa-plats\/","title":{"rendered":"Strejk avbl\u00e5st \u2013 nya bransch&shy;anpassade avtal p\u00e5 plats"},"content":{"rendered":"\n<p class=\"intro\">Innovationsf\u00f6retagen och Almega Tj\u00e4nstef\u00f6rbunden (avtalsomr\u00e5den Servicef\u00f6retagen, Utbildningsf\u00f6retagen, Utveckling &amp; Tj\u00e4nster) har, efter medling,\u00a0i dag kommit \u00f6verens med motparterna Unionen och Sveriges Ingenj\u00f6rer om nya\u00a0branschanpassade\u00a0kollektivavtal p\u00e5 de sedan tidigare varslade omr\u00e5dena. D\u00e4rmed avbl\u00e5ses den strejk som skulle tr\u00e4tt i kraft p\u00e5 onsdag den 23 april.<\/p>\n<p>\u2013 Vi har efter tuffa f\u00f6rhandlingar och medling kommit fram till avtal som g\u00f6r att strejken bl\u00e5ses av. I avtalen sl\u00e5r vi tillsammans med Unionen och Sveriges Ingenj\u00f6rer fast att vi nu tr\u00e4ffar l\u00f6sningar anpassade till tj\u00e4nstesektorns och de specifika avtalsomr\u00e5denas villkor och f\u00f6ruts\u00e4ttningar, s\u00e4ger Maria M\u00f6ller arbetsgivarpolitisk chef p\u00e5 Almega.\u00a0<\/p>\n<p>Villkoren \u00e4r skr\u00e4ddarsydda per avtalsomr\u00e5de och inneb\u00e4r att den arbetstidsf\u00f6rkortning (om en dag per \u00e5r fr\u00e5n 2026) som inf\u00f6rs f\u00f6rl\u00e4ggs av arbetsgivaren. En viktig del i samtliga avtal som nu tr\u00e4ffats \u00e4r \u00e4ven inf\u00f6randet av \u00e5rsarbetstid.<\/p>\n<p>\u2013 \u00c5rsarbetstid \u00e4r en mycket stor f\u00f6rdel f\u00f6r v\u00e5ra medlemsf\u00f6retag eftersom det ger m\u00f6jlighet att planera p\u00e5 \u00e5rsbasis i st\u00e4llet f\u00f6r m\u00e5nadsvis som i andra avtal. Detta ger b\u00e5de f\u00f6retagen och deras medarbetare \u00f6kad f\u00f6ruts\u00e4gbarhet.\u00a0<\/p>\n<p>De nya avtalen g\u00e4ller\u00a0f\u00f6r avtalsperioden den 1 april 2025 till den 31 mars 2027\u00a0och har vardera ett totalt avtalsv\u00e4rde p\u00e5 6,4 procent.<\/p>\n\n","protected":false},"excerpt":{"rendered":"<p>Innovationsf\u00f6retagen och Almega Tj\u00e4nstef\u00f6rbunden (avtalsomr\u00e5den Servicef\u00f6retagen, Utbildningsf\u00f6retagen, Utveckling &amp; Tj\u00e4nster) har, efter medling,\u00a0i dag kommit \u00f6verens med motparterna Unionen och Sveriges Ingenj\u00f6rer om nya\u00a0branschanpassade\u00a0kollektivavtal p\u00e5 de sedan tidigare varslade omr\u00e5dena. D\u00e4rmed avbl\u00e5ses den strejk som skulle tr\u00e4tt i kraft p\u00e5 onsdag den 23 april.<\/p>\n","protected":false},"author":3380,"featured_media":78718,"comment_status":"closed","ping_status":"closed","sticky":false,"template":"","format":"standard","meta":{"_acf_changed":false,"footnotes":""},"categories":[636],"tags":[],"article_type":[93],"agreement":[],"class_list":["post-78717","post","type-post","status-publish","format-standard","has-post-thumbnail","hentry","category-avtalsrorelse","type-pressmeddelanden"],"acf":[],"yoast_head":"<!-- This site is optimized with the Yoast SEO Premium plugin v26.8 (Yoast SEO v26.8) - https:\/\/yoast.com\/product\/yoast-seo-premium-wordpress\/ -->\n<title>Strejk avbl\u00e5st \u2013 nya branschanpassade avtal p\u00e5 plats | Almega<\/title>\n<meta name=\"robots\" content=\"index, follow, max-snippet:-1, max-image-preview:large, max-video-preview:-1\" \/>\n<link rel=\"canonical\" href=\"https:\/\/www.almega.se\/2025\/04\/strejk-avblast-nya-branschanpassade-avtal-pa-plats\/\" \/>\n<meta property=\"og:locale\" content=\"sv_SE\" \/>\n<meta property=\"og:type\" content=\"article\" \/>\n<meta property=\"og:title\" content=\"Strejk avbl\u00e5st \u2013 nya branschanpassade avtal p\u00e5 plats\" \/>\n<meta property=\"og:description\" content=\"Innovationsf\u00f6retagen och Almega Tj\u00e4nstef\u00f6rbunden (avtalsomr\u00e5den Servicef\u00f6retagen, Utbildningsf\u00f6retagen, Utveckling &amp; Tj\u00e4nster) har, efter medling,\u00a0i dag kommit \u00f6verens med motparterna Unionen och Sveriges Ingenj\u00f6rer om nya\u00a0branschanpassade\u00a0kollektivavtal p\u00e5 de sedan tidigare varslade omr\u00e5dena. D\u00e4rmed avbl\u00e5ses den strejk som skulle tr\u00e4tt i kraft p\u00e5 onsdag den 23 april.\" \/>\n<meta property=\"og:url\" content=\"https:\/\/www.almega.se\/2025\/04\/strejk-avblast-nya-branschanpassade-avtal-pa-plats\/\" \/>\n<meta property=\"og:site_name\" content=\"Almega\" \/>\n<meta property=\"article:published_time\" content=\"2025-04-17T16:00:00+00:00\" \/>\n<meta property=\"article:modified_time\" content=\"2025-04-17T16:03:06+00:00\" \/>\n<meta property=\"og:image\" content=\"https:\/\/www.almega.se\/app\/uploads\/2025\/04\/c9974925-2c59-4eb6-92f1-86dbb656a31d-scaled.jpg\" \/>\n\t<meta property=\"og:image:width\" content=\"2560\" \/>\n\t<meta property=\"og:image:height\" content=\"1920\" \/>\n\t<meta property=\"og:image:type\" content=\"image\/jpeg\" \/>\n<meta name=\"author\" content=\"Marianne Ahlgren\" \/>\n<meta name=\"twitter:card\" content=\"summary_large_image\" \/>\n<meta name=\"twitter:label1\" content=\"Skriven av\" \/>\n\t<meta name=\"twitter:data1\" content=\"Marianne Ahlgren\" \/>\n\t<meta name=\"twitter:label2\" content=\"Ber\u00e4knad l\u00e4stid\" \/>\n\t<meta name=\"twitter:data2\" content=\"2 minuter\" \/>\n<!-- \/ Yoast SEO Premium plugin. -->","yoast_head_json":{"title":"Strejk avbl\u00e5st \u2013 nya branschanpassade avtal p\u00e5 plats | Almega","robots":{"index":"index","follow":"follow","max-snippet":"max-snippet:-1","max-image-preview":"max-image-preview:large","max-video-preview":"max-video-preview:-1"},"canonical":"https:\/\/www.almega.se\/2025\/04\/strejk-avblast-nya-branschanpassade-avtal-pa-plats\/","og_locale":"sv_SE","og_type":"article","og_title":"Strejk avbl\u00e5st \u2013 nya branschanpassade avtal p\u00e5 plats","og_description":"Innovationsf\u00f6retagen och Almega Tj\u00e4nstef\u00f6rbunden (avtalsomr\u00e5den Servicef\u00f6retagen, Utbildningsf\u00f6retagen, Utveckling &amp; Tj\u00e4nster) har, efter medling,\u00a0i dag kommit \u00f6verens med motparterna Unionen och Sveriges Ingenj\u00f6rer om nya\u00a0branschanpassade\u00a0kollektivavtal p\u00e5 de sedan tidigare varslade omr\u00e5dena. D\u00e4rmed avbl\u00e5ses den strejk som skulle tr\u00e4tt i kraft p\u00e5 onsdag den 23 april.","og_url":"https:\/\/www.almega.se\/2025\/04\/strejk-avblast-nya-branschanpassade-avtal-pa-plats\/","og_site_name":"Almega","article_published_time":"2025-04-17T16:00:00+00:00","article_modified_time":"2025-04-17T16:03:06+00:00","og_image":[{"width":2560,"height":1920,"url":"https:\/\/www.almega.se\/app\/uploads\/2025\/04\/c9974925-2c59-4eb6-92f1-86dbb656a31d-scaled.jpg","type":"image\/jpeg"}],"author":"Marianne Ahlgren","twitter_card":"summary_large_image","twitter_misc":{"Skriven av":"Marianne Ahlgren","Ber\u00e4knad l\u00e4stid":"2 minuter"},"schema":{"@context":"https:\/\/schema.org","@graph":[{"@type":"NewsArticle","@id":"https:\/\/www.almega.se\/2025\/04\/strejk-avblast-nya-branschanpassade-avtal-pa-plats\/#article","isPartOf":{"@id":"https:\/\/www.almega.se\/2025\/04\/strejk-avblast-nya-branschanpassade-avtal-pa-plats\/"},"author":{"name":"Marianne Ahlgren","@id":"https:\/\/www.almega.se\/#\/schema\/person\/860599f2ded56005a909a04b92cf7035"},"headline":"Strejk avbl\u00e5st \u2013 nya bransch&shy;anpassade avtal p\u00e5 plats","datePublished":"2025-04-17T16:00:00+00:00","dateModified":"2025-04-17T16:03:06+00:00","mainEntityOfPage":{"@id":"https:\/\/www.almega.se\/2025\/04\/strejk-avblast-nya-branschanpassade-avtal-pa-plats\/"},"wordCount":242,"image":{"@id":"https:\/\/www.almega.se\/2025\/04\/strejk-avblast-nya-branschanpassade-avtal-pa-plats\/#primaryimage"},"thumbnailUrl":"https:\/\/www.almega.se\/app\/uploads\/2025\/04\/c9974925-2c59-4eb6-92f1-86dbb656a31d-scaled.jpg","articleSection":["Avtalsr\u00f6relse"],"inLanguage":"sv-SE"},{"@type":"WebPage","@id":"https:\/\/www.almega.se\/2025\/04\/strejk-avblast-nya-branschanpassade-avtal-pa-plats\/","url":"https:\/\/www.almega.se\/2025\/04\/strejk-avblast-nya-branschanpassade-avtal-pa-plats\/","name":"Strejk avbl\u00e5st \u2013 nya branschanpassade avtal p\u00e5 plats | Almega","isPartOf":{"@id":"https:\/\/www.almega.se\/#website"},"primaryImageOfPage":{"@id":"https:\/\/www.almega.se\/2025\/04\/strejk-avblast-nya-branschanpassade-avtal-pa-plats\/#primaryimage"},"image":{"@id":"https:\/\/www.almega.se\/2025\/04\/strejk-avblast-nya-branschanpassade-avtal-pa-plats\/#primaryimage"},"thumbnailUrl":"https:\/\/www.almega.se\/app\/uploads\/2025\/04\/c9974925-2c59-4eb6-92f1-86dbb656a31d-scaled.jpg","datePublished":"2025-04-17T16:00:00+00:00","dateModified":"2025-04-17T16:03:06+00:00","author":{"@id":"https:\/\/www.almega.se\/#\/schema\/person\/860599f2ded56005a909a04b92cf7035"},"breadcrumb":{"@id":"https:\/\/www.almega.se\/2025\/04\/strejk-avblast-nya-branschanpassade-avtal-pa-plats\/#breadcrumb"},"inLanguage":"sv-SE","potentialAction":[{"@type":"ReadAction","target":["https:\/\/www.almega.se\/2025\/04\/strejk-avblast-nya-branschanpassade-avtal-pa-plats\/"]}]},{"@type":"ImageObject","inLanguage":"sv-SE","@id":"https:\/\/www.almega.se\/2025\/04\/strejk-avblast-nya-branschanpassade-avtal-pa-plats\/#primaryimage","url":"https:\/\/www.almega.se\/app\/uploads\/2025\/04\/c9974925-2c59-4eb6-92f1-86dbb656a31d-scaled.jpg","contentUrl":"https:\/\/www.almega.se\/app\/uploads\/2025\/04\/c9974925-2c59-4eb6-92f1-86dbb656a31d-scaled.jpg","width":2560,"height":1920,"caption":"c9974925-2c59-4eb6-92f1-86dbb656a31d.jpg"},{"@type":"BreadcrumbList","@id":"https:\/\/www.almega.se\/2025\/04\/strejk-avblast-nya-branschanpassade-avtal-pa-plats\/#breadcrumb","itemListElement":[{"@type":"ListItem","position":1,"name":"Home","item":"https:\/\/www.almega.se\/"},{"@type":"ListItem","position":2,"name":"Strejk avbl\u00e5st \u2013 nya bransch&shy;anpassade avtal p\u00e5 plats"}]},{"@type":"WebSite","@id":"https:\/\/www.almega.se\/#website","url":"https:\/\/www.almega.se\/","name":"Almega","description":"","potentialAction":[{"@type":"SearchAction","target":{"@type":"EntryPoint","urlTemplate":"https:\/\/www.almega.se\/?s={search_term_string}"},"query-input":{"@type":"PropertyValueSpecification","valueRequired":true,"valueName":"search_term_string"}}],"inLanguage":"sv-SE"},{"@type":"Person","@id":"https:\/\/www.almega.se\/#\/schema\/person\/860599f2ded56005a909a04b92cf7035","name":"Marianne Ahlgren","image":{"@type":"ImageObject","inLanguage":"sv-SE","@id":"https:\/\/www.almega.se\/#\/schema\/person\/image\/","url":"https:\/\/secure.gravatar.com\/avatar\/4c350e8b0dd656a6bbe04785780665ac53c7b373c038b1140ce3ae5e8cb21bef?s=96&d=mm&r=g","contentUrl":"https:\/\/secure.gravatar.com\/avatar\/4c350e8b0dd656a6bbe04785780665ac53c7b373c038b1140ce3ae5e8cb21bef?s=96&d=mm&r=g","caption":"Marianne Ahlgren"},"url":"https:\/\/www.almega.se\/person\/marianneahlgren\/"}]}},"_links":{"self":[{"href":"https:\/\/www.almega.se\/api\/wp\/v2\/posts\/78717","targetHints":{"allow":["GET"]}}],"collection":[{"href":"https:\/\/www.almega.se\/api\/wp\/v2\/posts"}],"about":[{"href":"https:\/\/www.almega.se\/api\/wp\/v2\/types\/post"}],"author":[{"embeddable":true,"href":"https:\/\/www.almega.se\/api\/wp\/v2\/users\/3380"}],"replies":[{"embeddable":true,"href":"https:\/\/www.almega.se\/api\/wp\/v2\/comments?post=78717"}],"version-history":[{"count":1,"href":"https:\/\/www.almega.se\/api\/wp\/v2\/posts\/78717\/revisions"}],"predecessor-version":[{"id":78720,"href":"https:\/\/www.almega.se\/api\/wp\/v2\/posts\/78717\/revisions\/78720"}],"wp:featuredmedia":[{"embeddable":true,"href":"https:\/\/www.almega.se\/api\/wp\/v2\/media\/78718"}],"wp:attachment":[{"href":"https:\/\/www.almega.se\/api\/wp\/v2\/media?parent=78717"}],"wp:term":[{"taxonomy":"category","embeddable":true,"href":"https:\/\/www.almega.se\/api\/wp\/v2\/categories?post=78717"},{"taxonomy":"post_tag","embeddable":true,"href":"https:\/\/www.almega.se\/api\/wp\/v2\/tags?post=78717"},{"taxonomy":"type","embeddable":true,"href":"https:\/\/www.almega.se\/api\/wp\/v2\/article_type?post=78717"},{"taxonomy":"agreement","embeddable":true,"href":"https:\/\/www.almega.se\/api\/wp\/v2\/agreement?post=78717"}],"curies":[{"name":"wp","href":"https:\/\/api.w.org\/{rel}","templated":true}]}}