{"id":78694,"date":"2025-04-17T09:00:00","date_gmt":"2025-04-17T07:00:00","guid":{"rendered":"https:\/\/www.almega.se\/2025\/04\/almega-tecknar-avtal-med-fastighets\/"},"modified":"2025-04-17T09:27:06","modified_gmt":"2025-04-17T07:27:06","slug":"almega-tecknar-avtal-med-fastighets","status":"publish","type":"post","link":"https:\/\/www.almega.se\/2025\/04\/almega-tecknar-avtal-med-fastighets\/","title":{"rendered":"Almega tecknar avtal med Fastighets"},"content":{"rendered":"<p class=\"intro\">Almega Tj\u00e4nstef\u00f6rbunden har tecknat nytt kollektivavtal med\u00a0Fastighets f\u00f6r fastighetsavtalet.\u00a0Det nya avtalet str\u00e4cker sig \u00f6ver 24 m\u00e5nader och den totala kostnadsramen \u00e4r 6,4 procent.<\/p>\n\n<p>\u2013 Vi har stundtals haft tuffa, men konstruktiva, f\u00f6rhandlingar. Trots olika utg\u00e5ngpunkter och prioriteringar har vi och Fastighets kunnat komma \u00f6verens om ett kollektivavtal inom&nbsp;de ramar som g\u00e4ller f\u00f6r \u00e5rets avtalsr\u00f6relse. <\/p>\n\n\n\n<p>Det s\u00e4ger <strong>Stefan Lennstr\u00f6m <\/strong>som&nbsp;\u00e4r ansvarig f\u00f6rhandlare f\u00f6r fastighetsavtalet p\u00e5 Almega Tj\u00e4nstef\u00f6rbunden.<\/p>\n\n\n\n<p>Kollektivavtalet ber\u00f6r cirka 6 100 \u00e5rsanst\u00e4llda vid 1 050 f\u00f6retag.<\/p>\n\n\n\n<p>Almega str\u00e4var efter de b\u00e4sta f\u00f6ruts\u00e4ttningarna f\u00f6r b\u00e5de f\u00f6retagare och medarbetare. Att erbjuda attraktiva villkor \u00e4r avg\u00f6rande f\u00f6r tj\u00e4nste\u00adf\u00f6retagens framg\u00e5ng. Tillsammans skapar vi en bra arbetsmarknad: under avtalsf\u00f6rhandlingarna, men framf\u00f6r allt varje dag p\u00e5 arbetsplatserna i samtal mellan f\u00f6retagare och medarbetare.<\/p>\n\n\n\n<p> I avtalsr\u00f6relsen 2025 tecknar Almega sammanlagt 125 avtal, flest av alla arbetsgivarorganisationer.<\/p>\n\n\n\n      <a href=\"https:\/\/www.almega.se\/fokus\/avtalsrorelsen\/\" target=\"\" class=\"Button is-text Button--arrow-tip white-space-nowrap\">\n      \n        Avtalsr\u00f6relsen\n      \n      \n                \n                <svg class='icon icon--arrow-tip'  width=\"11\" height=\"16\" viewBox=\"0 0 11 16\" fill=\"none\" xmlns=\"http:\/\/www.w3.org\/2000\/svg\">\n<path d=\"M0.858398 15L9.2304 7.99664L0.967732 1.00001\" stroke=\"black\" stroke-width=\"2\" stroke-miterlimit=\"10\"\/>\n<\/svg>\n\n        \n    <\/a>\n  \n","protected":false},"excerpt":{"rendered":"<p>Almega Tj\u00e4nstef\u00f6rbunden har tecknat nytt kollektivavtal med\u00a0Fastighets f\u00f6r fastighetsavtalet.\u00a0Det nya avtalet str\u00e4cker sig \u00f6ver 24 m\u00e5nader och den totala kostnadsramen \u00e4r 6,4 procent.<\/p>\n","protected":false},"author":14531,"featured_media":78695,"comment_status":"closed","ping_status":"closed","sticky":false,"template":"","format":"standard","meta":{"_acf_changed":false,"footnotes":""},"categories":[636,724],"tags":[],"article_type":[93],"agreement":[],"class_list":["post-78694","post","type-post","status-publish","format-standard","has-post-thumbnail","hentry","category-avtalsrorelse","category-kollektivavtal","type-pressmeddelanden"],"acf":[],"yoast_head":"<!-- This site is optimized with the Yoast SEO Premium plugin v26.8 (Yoast SEO v26.8) - https:\/\/yoast.com\/product\/yoast-seo-premium-wordpress\/ -->\n<title>Almega tecknar avtal med Fastighets | Almega<\/title>\n<meta name=\"robots\" content=\"index, follow, max-snippet:-1, max-image-preview:large, max-video-preview:-1\" \/>\n<link rel=\"canonical\" href=\"https:\/\/www.almega.se\/2025\/04\/almega-tecknar-avtal-med-fastighets\/\" \/>\n<meta property=\"og:locale\" content=\"sv_SE\" \/>\n<meta property=\"og:type\" content=\"article\" \/>\n<meta property=\"og:title\" content=\"Almega tecknar avtal med Fastighets\" \/>\n<meta property=\"og:description\" content=\"Almega Tj\u00e4nstef\u00f6rbunden har tecknat nytt kollektivavtal med\u00a0Fastighets f\u00f6r fastighetsavtalet.\u00a0Det nya avtalet str\u00e4cker sig \u00f6ver 24 m\u00e5nader och den totala kostnadsramen \u00e4r 6,4 procent.\" \/>\n<meta property=\"og:url\" content=\"https:\/\/www.almega.se\/2025\/04\/almega-tecknar-avtal-med-fastighets\/\" \/>\n<meta property=\"og:site_name\" content=\"Almega\" \/>\n<meta property=\"article:published_time\" content=\"2025-04-17T07:00:00+00:00\" \/>\n<meta property=\"article:modified_time\" content=\"2025-04-17T07:27:06+00:00\" \/>\n<meta property=\"og:image\" content=\"https:\/\/www.almega.se\/app\/uploads\/2025\/04\/e093850b-5aea-4df2-ad83-cd9fa451c806-scaled.jpg\" \/>\n\t<meta property=\"og:image:width\" content=\"2560\" \/>\n\t<meta property=\"og:image:height\" content=\"1706\" \/>\n\t<meta property=\"og:image:type\" content=\"image\/jpeg\" \/>\n<meta name=\"author\" content=\"Karin Nyg\u00e5rd\" \/>\n<meta name=\"twitter:card\" content=\"summary_large_image\" \/>\n<meta name=\"twitter:label1\" content=\"Skriven av\" \/>\n\t<meta name=\"twitter:data1\" content=\"Karin Nyg\u00e5rd\" \/>\n\t<meta name=\"twitter:label2\" content=\"Ber\u00e4knad l\u00e4stid\" \/>\n\t<meta name=\"twitter:data2\" content=\"1 minut\" \/>\n<!-- \/ Yoast SEO Premium plugin. -->","yoast_head_json":{"title":"Almega tecknar avtal med Fastighets | Almega","robots":{"index":"index","follow":"follow","max-snippet":"max-snippet:-1","max-image-preview":"max-image-preview:large","max-video-preview":"max-video-preview:-1"},"canonical":"https:\/\/www.almega.se\/2025\/04\/almega-tecknar-avtal-med-fastighets\/","og_locale":"sv_SE","og_type":"article","og_title":"Almega tecknar avtal med Fastighets","og_description":"Almega Tj\u00e4nstef\u00f6rbunden har tecknat nytt kollektivavtal med\u00a0Fastighets f\u00f6r fastighetsavtalet.\u00a0Det nya avtalet str\u00e4cker sig \u00f6ver 24 m\u00e5nader och den totala kostnadsramen \u00e4r 6,4 procent.","og_url":"https:\/\/www.almega.se\/2025\/04\/almega-tecknar-avtal-med-fastighets\/","og_site_name":"Almega","article_published_time":"2025-04-17T07:00:00+00:00","article_modified_time":"2025-04-17T07:27:06+00:00","og_image":[{"width":2560,"height":1706,"url":"https:\/\/www.almega.se\/app\/uploads\/2025\/04\/e093850b-5aea-4df2-ad83-cd9fa451c806-scaled.jpg","type":"image\/jpeg"}],"author":"Karin Nyg\u00e5rd","twitter_card":"summary_large_image","twitter_misc":{"Skriven av":"Karin Nyg\u00e5rd","Ber\u00e4knad l\u00e4stid":"1 minut"},"schema":{"@context":"https:\/\/schema.org","@graph":[{"@type":"NewsArticle","@id":"https:\/\/www.almega.se\/2025\/04\/almega-tecknar-avtal-med-fastighets\/#article","isPartOf":{"@id":"https:\/\/www.almega.se\/2025\/04\/almega-tecknar-avtal-med-fastighets\/"},"author":{"name":"Karin Nyg\u00e5rd","@id":"https:\/\/www.almega.se\/#\/schema\/person\/eae58f3a71d6b7aa9f71f3139a740a02"},"headline":"Almega tecknar avtal med Fastighets","datePublished":"2025-04-17T07:00:00+00:00","dateModified":"2025-04-17T07:27:06+00:00","mainEntityOfPage":{"@id":"https:\/\/www.almega.se\/2025\/04\/almega-tecknar-avtal-med-fastighets\/"},"wordCount":139,"image":{"@id":"https:\/\/www.almega.se\/2025\/04\/almega-tecknar-avtal-med-fastighets\/#primaryimage"},"thumbnailUrl":"https:\/\/www.almega.se\/app\/uploads\/2025\/04\/e093850b-5aea-4df2-ad83-cd9fa451c806-scaled.jpg","articleSection":["Avtalsr\u00f6relse","Kollektivavtal"],"inLanguage":"sv-SE"},{"@type":"WebPage","@id":"https:\/\/www.almega.se\/2025\/04\/almega-tecknar-avtal-med-fastighets\/","url":"https:\/\/www.almega.se\/2025\/04\/almega-tecknar-avtal-med-fastighets\/","name":"Almega tecknar avtal med Fastighets | Almega","isPartOf":{"@id":"https:\/\/www.almega.se\/#website"},"primaryImageOfPage":{"@id":"https:\/\/www.almega.se\/2025\/04\/almega-tecknar-avtal-med-fastighets\/#primaryimage"},"image":{"@id":"https:\/\/www.almega.se\/2025\/04\/almega-tecknar-avtal-med-fastighets\/#primaryimage"},"thumbnailUrl":"https:\/\/www.almega.se\/app\/uploads\/2025\/04\/e093850b-5aea-4df2-ad83-cd9fa451c806-scaled.jpg","datePublished":"2025-04-17T07:00:00+00:00","dateModified":"2025-04-17T07:27:06+00:00","author":{"@id":"https:\/\/www.almega.se\/#\/schema\/person\/eae58f3a71d6b7aa9f71f3139a740a02"},"breadcrumb":{"@id":"https:\/\/www.almega.se\/2025\/04\/almega-tecknar-avtal-med-fastighets\/#breadcrumb"},"inLanguage":"sv-SE","potentialAction":[{"@type":"ReadAction","target":["https:\/\/www.almega.se\/2025\/04\/almega-tecknar-avtal-med-fastighets\/"]}]},{"@type":"ImageObject","inLanguage":"sv-SE","@id":"https:\/\/www.almega.se\/2025\/04\/almega-tecknar-avtal-med-fastighets\/#primaryimage","url":"https:\/\/www.almega.se\/app\/uploads\/2025\/04\/e093850b-5aea-4df2-ad83-cd9fa451c806-scaled.jpg","contentUrl":"https:\/\/www.almega.se\/app\/uploads\/2025\/04\/e093850b-5aea-4df2-ad83-cd9fa451c806-scaled.jpg","width":2560,"height":1706,"caption":"Stefan Lennstr\u00f6m"},{"@type":"BreadcrumbList","@id":"https:\/\/www.almega.se\/2025\/04\/almega-tecknar-avtal-med-fastighets\/#breadcrumb","itemListElement":[{"@type":"ListItem","position":1,"name":"Home","item":"https:\/\/www.almega.se\/"},{"@type":"ListItem","position":2,"name":"Almega tecknar avtal med Fastighets"}]},{"@type":"WebSite","@id":"https:\/\/www.almega.se\/#website","url":"https:\/\/www.almega.se\/","name":"Almega","description":"","potentialAction":[{"@type":"SearchAction","target":{"@type":"EntryPoint","urlTemplate":"https:\/\/www.almega.se\/?s={search_term_string}"},"query-input":{"@type":"PropertyValueSpecification","valueRequired":true,"valueName":"search_term_string"}}],"inLanguage":"sv-SE"},{"@type":"Person","@id":"https:\/\/www.almega.se\/#\/schema\/person\/eae58f3a71d6b7aa9f71f3139a740a02","name":"Karin Nyg\u00e5rd","image":{"@type":"ImageObject","inLanguage":"sv-SE","@id":"https:\/\/www.almega.se\/#\/schema\/person\/image\/","url":"https:\/\/secure.gravatar.com\/avatar\/09e5ec3d12974ae686ad90a0a4bf5404c8a4cfdca18f97124f166ab274023818?s=96&d=mm&r=g","contentUrl":"https:\/\/secure.gravatar.com\/avatar\/09e5ec3d12974ae686ad90a0a4bf5404c8a4cfdca18f97124f166ab274023818?s=96&d=mm&r=g","caption":"Karin Nyg\u00e5rd"},"description":"Produkt\u00e4gare Almega.se, samordnar webbutveckling och utveckling av Arbetsgivarguiden.se","url":"https:\/\/www.almega.se\/person\/karinnygard\/"}]}},"_links":{"self":[{"href":"https:\/\/www.almega.se\/api\/wp\/v2\/posts\/78694","targetHints":{"allow":["GET"]}}],"collection":[{"href":"https:\/\/www.almega.se\/api\/wp\/v2\/posts"}],"about":[{"href":"https:\/\/www.almega.se\/api\/wp\/v2\/types\/post"}],"author":[{"embeddable":true,"href":"https:\/\/www.almega.se\/api\/wp\/v2\/users\/14531"}],"replies":[{"embeddable":true,"href":"https:\/\/www.almega.se\/api\/wp\/v2\/comments?post=78694"}],"version-history":[{"count":5,"href":"https:\/\/www.almega.se\/api\/wp\/v2\/posts\/78694\/revisions"}],"predecessor-version":[{"id":78701,"href":"https:\/\/www.almega.se\/api\/wp\/v2\/posts\/78694\/revisions\/78701"}],"wp:featuredmedia":[{"embeddable":true,"href":"https:\/\/www.almega.se\/api\/wp\/v2\/media\/78695"}],"wp:attachment":[{"href":"https:\/\/www.almega.se\/api\/wp\/v2\/media?parent=78694"}],"wp:term":[{"taxonomy":"category","embeddable":true,"href":"https:\/\/www.almega.se\/api\/wp\/v2\/categories?post=78694"},{"taxonomy":"post_tag","embeddable":true,"href":"https:\/\/www.almega.se\/api\/wp\/v2\/tags?post=78694"},{"taxonomy":"type","embeddable":true,"href":"https:\/\/www.almega.se\/api\/wp\/v2\/article_type?post=78694"},{"taxonomy":"agreement","embeddable":true,"href":"https:\/\/www.almega.se\/api\/wp\/v2\/agreement?post=78694"}],"curies":[{"name":"wp","href":"https:\/\/api.w.org\/{rel}","templated":true}]}}