{"id":78669,"date":"2025-04-15T14:14:25","date_gmt":"2025-04-15T12:14:25","guid":{"rendered":"https:\/\/www.almega.se\/?p=78669"},"modified":"2025-04-17T10:58:08","modified_gmt":"2025-04-17T08:58:08","slug":"sager-almega-nej-till-allt","status":"publish","type":"post","link":"https:\/\/www.almega.se\/2025\/04\/sager-almega-nej-till-allt\/","title":{"rendered":"S\u00e4ger Almega nej till allt?"},"content":{"rendered":"<p style=\"font-weight: 400;\">Unionen delar ut flygblad p\u00e5 varslade arbetsplatser d\u00e4r de h\u00e4vdar att Almega s\u00e4ger nej till allt. Vi st\u00e4llde ett par fr\u00e5gor om detta till Almegas arbetsgivarpolitiska chef Maria M\u00f6ller.<\/p>\n<a class='Share__link Share__link--url copy-text' href='#' rel='nofollow' data-text='maria,-stammer-det-unionen-sager-i-sina-flygblad?' title='Dela url' data-confirmation='L\u00e4nken kopierades till urklipp'><svg class='icon icon--link'  width='18' height='18' viewBox='0 0 18 18' fill='none' xmlns='http:\/\/www.w3.org\/2000\/svg'>\n            <path d='M10.4142 0.514721L6.87868 4.05025L8.29289 5.46447L11.1213 2.63604L15.364 6.87868L12.5355 9.70711L13.9497 11.1213L17.4853 7.58579C17.8763 7.19476 17.8763 6.5626 17.4853 6.17158L11.8284 0.514721C11.4374 0.123691 10.8052 0.123691 10.4142 0.514721Z' fill='black'\/>\n            <path d='M9.7071 12.5355L6.87868 15.364L2.63604 11.1213L5.46446 8.2929L4.05025 6.87868L0.514716 10.4142C0.123686 10.8052 0.123686 11.4374 0.514716 11.8284L6.17157 17.4853C6.5626 17.8763 7.19475 17.8763 7.58578 17.4853L11.1213 13.9497L9.7071 12.5355Z' fill='black'\/>\n            <path d='M6.17157 11.8284C6.5626 12.2195 7.19475 12.2195 7.58578 11.8284L11.8284 7.58579C12.2195 7.19476 12.2195 6.56261 11.8284 6.17158C11.4374 5.78055 10.8052 5.78055 10.4142 6.17158L6.17157 10.4142C5.78054 10.8052 5.78054 11.4374 6.17157 11.8284Z' fill='black'\/>\n            <\/svg> <\/a>\n<h2 class=\"wp-block-heading\" id=\"h-maria-stammer-det-unionen-sager-i-sina-flygblad\">Maria, st\u00e4mmer det Unionen s\u00e4ger i sina flygblad?<\/h2>\n\n\n\n<p>\u2013 Nej det st\u00e4mmer s\u00e5 klart inte. Vi st\u00e4nger inga d\u00f6rrar, st\u00e4ller inga ultimatum och s\u00e4ger definitivt inte nej till allt. Alla f\u00f6rhandlingar bygger p\u00e5 ett givande och tagande fr\u00e5n b\u00e5da parter. Vi har hela tiden varit beredda att hitta rimliga l\u00f6sningar som funkar i de branscher d\u00e4r de ska g\u00e4lla. Nu har vi en olycklig situation d\u00e4r facken kr\u00e4ver n\u00e5got som kostar oss j\u00e4ttemycket men vill inte ge oss n\u00e5got i geng\u00e4ld.<\/p>\n\n\n<a class='Share__link Share__link--url copy-text' href='#' rel='nofollow' data-text='industrin-gick-ju-med-pa-arbetstidsforkortning,-kan-inte-almega-ga-med-pa-samma-sak?' title='Dela url' data-confirmation='L\u00e4nken kopierades till urklipp'><svg class='icon icon--link'  width='18' height='18' viewBox='0 0 18 18' fill='none' xmlns='http:\/\/www.w3.org\/2000\/svg'>\n            <path d='M10.4142 0.514721L6.87868 4.05025L8.29289 5.46447L11.1213 2.63604L15.364 6.87868L12.5355 9.70711L13.9497 11.1213L17.4853 7.58579C17.8763 7.19476 17.8763 6.5626 17.4853 6.17158L11.8284 0.514721C11.4374 0.123691 10.8052 0.123691 10.4142 0.514721Z' fill='black'\/>\n            <path d='M9.7071 12.5355L6.87868 15.364L2.63604 11.1213L5.46446 8.2929L4.05025 6.87868L0.514716 10.4142C0.123686 10.8052 0.123686 11.4374 0.514716 11.8284L6.17157 17.4853C6.5626 17.8763 7.19475 17.8763 7.58578 17.4853L11.1213 13.9497L9.7071 12.5355Z' fill='black'\/>\n            <path d='M6.17157 11.8284C6.5626 12.2195 7.19475 12.2195 7.58578 11.8284L11.8284 7.58579C12.2195 7.19476 12.2195 6.56261 11.8284 6.17158C11.4374 5.78055 10.8052 5.78055 10.4142 6.17158L6.17157 10.4142C5.78054 10.8052 5.78054 11.4374 6.17157 11.8284Z' fill='black'\/>\n            <\/svg> <\/a>\n<h2 class=\"wp-block-heading\" id=\"h-industrin-gick-ju-med-pa-arbetstidsforkortning-kan-inte-almega-ga-med-pa-samma-sak\">Industrin gick ju med p\u00e5 arbetstidsf\u00f6rkortning, kan inte Almega g\u00e5 med p\u00e5 samma sak?<\/h2>\n\n\n\n<p>\u2013 Vi tycker att arbetstidsf\u00f6rkortning \u00e4r en v\u00e4ldigt d\u00e5lig id\u00e9 men vi f\u00f6rst\u00e5r att den fr\u00e5gan \u00e4r viktig f\u00f6r facken, d\u00e4rf\u00f6r har vi hela tiden varit beredda att diskutera konstruktiva l\u00f6sningar som passar respektive bransch.\u00a0<\/p>\n\n\n\n      <blockquote class=\"Expert-comment__quote\">\n      <p>&#8221;Vi har hela tiden varit beredda att diskutera konstruktiva l\u00f6sningar som passar respektive bransch&#8221;<\/p>\n\n      \n             <a href=\"https:\/\/www.almega.se\/person\/mariamoller\/\">\n          <figure class=\"Contact-card__image\">\n            <img decoding=\"async\" src=\"https:\/\/www.almega.se\/app\/uploads\/2025\/04\/Maria-Moller-3-380x285.jpg\" alt=\"Maria M\u00f6ller\">\n          <\/figure>\n        <\/a>\n          \n      <h2 class=\"Contact-card__title\">Maria M\u00f6ller<\/h2>\n      <p class=\"mb-0\">F\u00f6rbundsdirekt\u00f6r, chef Arbetsgivarpolitik &amp; Samverkan<\/p>\n      \n                  <a href=\"https:\/\/www.almega.se\/person\/mariamoller\/\" class=\"Contact-card__link\">\n        \n          <p class=\"Contact-card__arrow__text\">L\u00e4s mer<\/p>\n          \n          <svg class='icon icon--arrow-tip'  width=\"11\" height=\"16\" viewBox=\"0 0 11 16\" fill=\"none\" xmlns=\"http:\/\/www.w3.org\/2000\/svg\">\n<path d=\"M0.858398 15L9.2304 7.99664L0.967732 1.00001\" stroke=\"black\" stroke-width=\"2\" stroke-miterlimit=\"10\"\/>\n<\/svg>\n\n          \n      <\/a>\n\n      \n    \n  \n    <\/blockquote>\n  \n\n\n\n<p>\u2013 Precis som olika branscher har olika f\u00f6ruts\u00e4ttningar sl\u00e5r villkors\u00e4ndringar olika beroende p\u00e5 bransch. Industri \u00e4r industri och tj\u00e4nster \u00e4r tj\u00e4nster, vi hade g\u00e4rna fortsatt att f\u00f6rhandla f\u00f6r att n\u00e5 branschanpassade \u00f6verenskommelser f\u00f6r tj\u00e4nstebranscherna men tyv\u00e4rr valde facken att varsla om strejk.<\/p>\n\n\n<a class='Share__link Share__link--url copy-text' href='#' rel='nofollow' data-text='foljer-almega-market-pa-svensk-arbetsmarknad?' title='Dela url' data-confirmation='L\u00e4nken kopierades till urklipp'><svg class='icon icon--link'  width='18' height='18' viewBox='0 0 18 18' fill='none' xmlns='http:\/\/www.w3.org\/2000\/svg'>\n            <path d='M10.4142 0.514721L6.87868 4.05025L8.29289 5.46447L11.1213 2.63604L15.364 6.87868L12.5355 9.70711L13.9497 11.1213L17.4853 7.58579C17.8763 7.19476 17.8763 6.5626 17.4853 6.17158L11.8284 0.514721C11.4374 0.123691 10.8052 0.123691 10.4142 0.514721Z' fill='black'\/>\n            <path d='M9.7071 12.5355L6.87868 15.364L2.63604 11.1213L5.46446 8.2929L4.05025 6.87868L0.514716 10.4142C0.123686 10.8052 0.123686 11.4374 0.514716 11.8284L6.17157 17.4853C6.5626 17.8763 7.19475 17.8763 7.58578 17.4853L11.1213 13.9497L9.7071 12.5355Z' fill='black'\/>\n            <path d='M6.17157 11.8284C6.5626 12.2195 7.19475 12.2195 7.58578 11.8284L11.8284 7.58579C12.2195 7.19476 12.2195 6.56261 11.8284 6.17158C11.4374 5.78055 10.8052 5.78055 10.4142 6.17158L6.17157 10.4142C5.78054 10.8052 5.78054 11.4374 6.17157 11.8284Z' fill='black'\/>\n            <\/svg> <\/a>\n<h2 class=\"wp-block-heading\" id=\"h-foljer-almega-market-pa-svensk-arbetsmarknad\">F\u00f6ljer Almega m\u00e4rket p\u00e5 svensk arbetsmarknad?<\/h2>\n\n\n\n<p>\u2013 Ja, sj\u00e4lvklart respekterar och accepterar vi m\u00e4rket om l\u00f6ne\u00f6kningar p\u00e5 6,4 procent.<\/p>\n\n\n\n      <a href=\"https:\/\/www.almega.se\/fokus\/avtalsrorelsen\/\" target=\"\" class=\"Button is-text Button--arrow-tip white-space-nowrap\">\n      \n        Avtalsr\u00f6relsen\n      \n      \n                \n                <svg class='icon icon--arrow-tip'  width=\"11\" height=\"16\" viewBox=\"0 0 11 16\" fill=\"none\" xmlns=\"http:\/\/www.w3.org\/2000\/svg\">\n<path d=\"M0.858398 15L9.2304 7.99664L0.967732 1.00001\" stroke=\"black\" stroke-width=\"2\" stroke-miterlimit=\"10\"\/>\n<\/svg>\n\n        \n    <\/a>\n  \n","protected":false},"excerpt":{"rendered":"<p>Maria, st\u00e4mmer det Unionen s\u00e4ger i sina flygblad? \u2013 Nej det st\u00e4mmer s\u00e5 klart inte. Vi st\u00e4nger inga d\u00f6rrar, st\u00e4ller inga ultimatum och s\u00e4ger definitivt inte nej till allt. Alla f\u00f6rhandlingar bygger p\u00e5 ett givande &hellip;<\/p>\n","protected":false},"author":3380,"featured_media":78670,"comment_status":"closed","ping_status":"closed","sticky":false,"template":"","format":"standard","meta":{"_acf_changed":false,"footnotes":""},"categories":[636],"tags":[],"article_type":[],"agreement":[],"class_list":["post-78669","post","type-post","status-publish","format-standard","has-post-thumbnail","hentry","category-avtalsrorelse"],"acf":[],"yoast_head":"<!-- This site is optimized with the Yoast SEO Premium plugin v26.8 (Yoast SEO v26.8) - https:\/\/yoast.com\/product\/yoast-seo-premium-wordpress\/ -->\n<title>S\u00e4ger Almega nej till allt? | Almega<\/title>\n<meta name=\"robots\" content=\"index, follow, max-snippet:-1, max-image-preview:large, max-video-preview:-1\" \/>\n<link rel=\"canonical\" href=\"https:\/\/www.almega.se\/2025\/04\/sager-almega-nej-till-allt\/\" \/>\n<meta property=\"og:locale\" content=\"sv_SE\" \/>\n<meta property=\"og:type\" content=\"article\" \/>\n<meta property=\"og:title\" content=\"S\u00e4ger Almega nej till allt?\" \/>\n<meta property=\"og:description\" content=\"Maria, st\u00e4mmer det Unionen s\u00e4ger i sina flygblad? \u2013 Nej det st\u00e4mmer s\u00e5 klart inte. Vi st\u00e4nger inga d\u00f6rrar, st\u00e4ller inga ultimatum och s\u00e4ger definitivt inte nej till allt. Alla f\u00f6rhandlingar bygger p\u00e5 ett givande &hellip;\" \/>\n<meta property=\"og:url\" content=\"https:\/\/www.almega.se\/2025\/04\/sager-almega-nej-till-allt\/\" \/>\n<meta property=\"og:site_name\" content=\"Almega\" \/>\n<meta property=\"article:published_time\" content=\"2025-04-15T12:14:25+00:00\" \/>\n<meta property=\"article:modified_time\" content=\"2025-04-17T08:58:08+00:00\" \/>\n<meta property=\"og:image\" content=\"https:\/\/www.almega.se\/app\/uploads\/2025\/04\/Avtal25.jpg\" \/>\n\t<meta property=\"og:image:width\" content=\"800\" \/>\n\t<meta property=\"og:image:height\" content=\"419\" \/>\n\t<meta property=\"og:image:type\" content=\"image\/jpeg\" \/>\n<meta name=\"author\" content=\"Marianne Ahlgren\" \/>\n<meta name=\"twitter:card\" content=\"summary_large_image\" \/>\n<meta name=\"twitter:label1\" content=\"Skriven av\" \/>\n\t<meta name=\"twitter:data1\" content=\"Marianne Ahlgren\" \/>\n\t<meta name=\"twitter:label2\" content=\"Ber\u00e4knad l\u00e4stid\" \/>\n\t<meta name=\"twitter:data2\" content=\"2 minuter\" \/>\n<!-- \/ Yoast SEO Premium plugin. -->","yoast_head_json":{"title":"S\u00e4ger Almega nej till allt? | Almega","robots":{"index":"index","follow":"follow","max-snippet":"max-snippet:-1","max-image-preview":"max-image-preview:large","max-video-preview":"max-video-preview:-1"},"canonical":"https:\/\/www.almega.se\/2025\/04\/sager-almega-nej-till-allt\/","og_locale":"sv_SE","og_type":"article","og_title":"S\u00e4ger Almega nej till allt?","og_description":"Maria, st\u00e4mmer det Unionen s\u00e4ger i sina flygblad? \u2013 Nej det st\u00e4mmer s\u00e5 klart inte. Vi st\u00e4nger inga d\u00f6rrar, st\u00e4ller inga ultimatum och s\u00e4ger definitivt inte nej till allt. Alla f\u00f6rhandlingar bygger p\u00e5 ett givande &hellip;","og_url":"https:\/\/www.almega.se\/2025\/04\/sager-almega-nej-till-allt\/","og_site_name":"Almega","article_published_time":"2025-04-15T12:14:25+00:00","article_modified_time":"2025-04-17T08:58:08+00:00","og_image":[{"width":800,"height":419,"url":"https:\/\/www.almega.se\/app\/uploads\/2025\/04\/Avtal25.jpg","type":"image\/jpeg"}],"author":"Marianne Ahlgren","twitter_card":"summary_large_image","twitter_misc":{"Skriven av":"Marianne Ahlgren","Ber\u00e4knad l\u00e4stid":"2 minuter"},"schema":{"@context":"https:\/\/schema.org","@graph":[{"@type":"NewsArticle","@id":"https:\/\/www.almega.se\/2025\/04\/sager-almega-nej-till-allt\/#article","isPartOf":{"@id":"https:\/\/www.almega.se\/2025\/04\/sager-almega-nej-till-allt\/"},"author":{"name":"Marianne Ahlgren","@id":"https:\/\/www.almega.se\/#\/schema\/person\/860599f2ded56005a909a04b92cf7035"},"headline":"S\u00e4ger Almega nej till allt?","datePublished":"2025-04-15T12:14:25+00:00","dateModified":"2025-04-17T08:58:08+00:00","mainEntityOfPage":{"@id":"https:\/\/www.almega.se\/2025\/04\/sager-almega-nej-till-allt\/"},"wordCount":240,"image":{"@id":"https:\/\/www.almega.se\/2025\/04\/sager-almega-nej-till-allt\/#primaryimage"},"thumbnailUrl":"https:\/\/www.almega.se\/app\/uploads\/2025\/04\/Avtal25.jpg","articleSection":["Avtalsr\u00f6relse"],"inLanguage":"sv-SE"},{"@type":"WebPage","@id":"https:\/\/www.almega.se\/2025\/04\/sager-almega-nej-till-allt\/","url":"https:\/\/www.almega.se\/2025\/04\/sager-almega-nej-till-allt\/","name":"S\u00e4ger Almega nej till allt? | Almega","isPartOf":{"@id":"https:\/\/www.almega.se\/#website"},"primaryImageOfPage":{"@id":"https:\/\/www.almega.se\/2025\/04\/sager-almega-nej-till-allt\/#primaryimage"},"image":{"@id":"https:\/\/www.almega.se\/2025\/04\/sager-almega-nej-till-allt\/#primaryimage"},"thumbnailUrl":"https:\/\/www.almega.se\/app\/uploads\/2025\/04\/Avtal25.jpg","datePublished":"2025-04-15T12:14:25+00:00","dateModified":"2025-04-17T08:58:08+00:00","author":{"@id":"https:\/\/www.almega.se\/#\/schema\/person\/860599f2ded56005a909a04b92cf7035"},"breadcrumb":{"@id":"https:\/\/www.almega.se\/2025\/04\/sager-almega-nej-till-allt\/#breadcrumb"},"inLanguage":"sv-SE","potentialAction":[{"@type":"ReadAction","target":["https:\/\/www.almega.se\/2025\/04\/sager-almega-nej-till-allt\/"]}]},{"@type":"ImageObject","inLanguage":"sv-SE","@id":"https:\/\/www.almega.se\/2025\/04\/sager-almega-nej-till-allt\/#primaryimage","url":"https:\/\/www.almega.se\/app\/uploads\/2025\/04\/Avtal25.jpg","contentUrl":"https:\/\/www.almega.se\/app\/uploads\/2025\/04\/Avtal25.jpg","width":800,"height":419},{"@type":"BreadcrumbList","@id":"https:\/\/www.almega.se\/2025\/04\/sager-almega-nej-till-allt\/#breadcrumb","itemListElement":[{"@type":"ListItem","position":1,"name":"Home","item":"https:\/\/www.almega.se\/"},{"@type":"ListItem","position":2,"name":"S\u00e4ger Almega nej till allt?"}]},{"@type":"WebSite","@id":"https:\/\/www.almega.se\/#website","url":"https:\/\/www.almega.se\/","name":"Almega","description":"","potentialAction":[{"@type":"SearchAction","target":{"@type":"EntryPoint","urlTemplate":"https:\/\/www.almega.se\/?s={search_term_string}"},"query-input":{"@type":"PropertyValueSpecification","valueRequired":true,"valueName":"search_term_string"}}],"inLanguage":"sv-SE"},{"@type":"Person","@id":"https:\/\/www.almega.se\/#\/schema\/person\/860599f2ded56005a909a04b92cf7035","name":"Marianne Ahlgren","image":{"@type":"ImageObject","inLanguage":"sv-SE","@id":"https:\/\/www.almega.se\/#\/schema\/person\/image\/","url":"https:\/\/secure.gravatar.com\/avatar\/4c350e8b0dd656a6bbe04785780665ac53c7b373c038b1140ce3ae5e8cb21bef?s=96&d=mm&r=g","contentUrl":"https:\/\/secure.gravatar.com\/avatar\/4c350e8b0dd656a6bbe04785780665ac53c7b373c038b1140ce3ae5e8cb21bef?s=96&d=mm&r=g","caption":"Marianne Ahlgren"},"url":"https:\/\/www.almega.se\/person\/marianneahlgren\/"}]}},"_links":{"self":[{"href":"https:\/\/www.almega.se\/api\/wp\/v2\/posts\/78669","targetHints":{"allow":["GET"]}}],"collection":[{"href":"https:\/\/www.almega.se\/api\/wp\/v2\/posts"}],"about":[{"href":"https:\/\/www.almega.se\/api\/wp\/v2\/types\/post"}],"author":[{"embeddable":true,"href":"https:\/\/www.almega.se\/api\/wp\/v2\/users\/3380"}],"replies":[{"embeddable":true,"href":"https:\/\/www.almega.se\/api\/wp\/v2\/comments?post=78669"}],"version-history":[{"count":5,"href":"https:\/\/www.almega.se\/api\/wp\/v2\/posts\/78669\/revisions"}],"predecessor-version":[{"id":78714,"href":"https:\/\/www.almega.se\/api\/wp\/v2\/posts\/78669\/revisions\/78714"}],"wp:featuredmedia":[{"embeddable":true,"href":"https:\/\/www.almega.se\/api\/wp\/v2\/media\/78670"}],"wp:attachment":[{"href":"https:\/\/www.almega.se\/api\/wp\/v2\/media?parent=78669"}],"wp:term":[{"taxonomy":"category","embeddable":true,"href":"https:\/\/www.almega.se\/api\/wp\/v2\/categories?post=78669"},{"taxonomy":"post_tag","embeddable":true,"href":"https:\/\/www.almega.se\/api\/wp\/v2\/tags?post=78669"},{"taxonomy":"type","embeddable":true,"href":"https:\/\/www.almega.se\/api\/wp\/v2\/article_type?post=78669"},{"taxonomy":"agreement","embeddable":true,"href":"https:\/\/www.almega.se\/api\/wp\/v2\/agreement?post=78669"}],"curies":[{"name":"wp","href":"https:\/\/api.w.org\/{rel}","templated":true}]}}