{"id":7866,"date":"2012-12-05T14:00:00","date_gmt":"2012-12-05T14:00:00","guid":{"rendered":"http:\/\/almega-bento\/wp\/blog\/2012\/12\/05\/privata-foretag-inom-skola-vard-och-omsorg-i-de-nordiska-landerna\/"},"modified":"2022-12-20T16:18:31","modified_gmt":"2022-12-20T15:18:31","slug":"privata-foretag-inom-skola-vard-och-omsorg-i-de-nordiska-landerna","status":"publish","type":"post","link":"https:\/\/www.almega.se\/2012\/12\/privata-foretag-inom-skola-vard-och-omsorg-i-de-nordiska-landerna\/","title":{"rendered":"Privata f\u00f6retag inom skola, v\u00e5rd och omsorg i de nordiska l\u00e4nderna"},"content":{"rendered":"\n<p class=\"intro\">Svenskt N\u00e4ringsliv har gjort en genomg\u00e5ng av f\u00f6ruts\u00e4ttningarna f\u00f6r f\u00f6retag inom v\u00e4lf\u00e4rdssektorn i Norden. I samtliga fyra nordiska l\u00e4nder finns privata f\u00f6retag som utf\u00f6r skattefinansierade v\u00e4lf\u00e4rdstj\u00e4nster. Alla till\u00e4mpar olika former av kundvalsmodeller och inslagen av valfrihet f\u00f6r medborgarna har \u00f6kat under 2000-talet. <\/p>\n<p>Privata vinstdrivande f&ouml;retag verkar i alla l&auml;nderna inom den skattefinansierade f&ouml;rskolan, v&aring;rden och omsorgen. Det som skiljer Sverige fr&aring;n de andra l&auml;nderna &auml;r att privata vinstdrivande f&ouml;retag kan driva grund- och gymnasieskolor under samma ekonomiska villkor som kommunala skolor. I samtliga fyra nordiska l&auml;nder finns dock frist&aring;ende skolor. Det unika med det svenska friskolesystemet &auml;r inslaget av privat drivna skolor, att friskolorna inte f&aring;r ta ut n&aring;gra avgifter och att de m&aring;ste vara &ouml;ppna f&ouml;r alla och inte f&aring;r v&auml;lja sina elever.<\/p>\n<p><a href=\"\/app\/uploads\/imported\/Privata-f-retag-inom-34567a.pdf\" target=\"_blank\" title=\"Privata_f_retag_inom_34567a.pdf\" rel=\"noopener\">L&auml;s rapporten Privata f&ouml;retag inom skola, v&aring;rd och omsorg i de nordiska l&auml;nderna<\/a> (pdf)<\/p>\n<\/p>\n","protected":false},"excerpt":{"rendered":"<p>Svenskt N\u00e4ringsliv har gjort en genomg\u00e5ng av f\u00f6ruts\u00e4ttningarna f\u00f6r f\u00f6retag inom v\u00e4lf\u00e4rdssektorn i Norden. I samtliga fyra nordiska l\u00e4nder finns privata f\u00f6retag som utf\u00f6r skattefinansierade v\u00e4lf\u00e4rdstj\u00e4nster. Alla till\u00e4mpar olika former av kundvalsmodeller och inslagen av valfrihet f\u00f6r medborgarna har \u00f6kat under 2000-talet. <\/p>\n","protected":false},"author":1,"featured_media":0,"comment_status":"closed","ping_status":"open","sticky":false,"template":"","format":"standard","meta":{"_acf_changed":false,"footnotes":""},"categories":[46],"tags":[53,62],"article_type":[42],"agreement":[],"class_list":["post-7866","post","type-post","status-publish","format-standard","hentry","category-valfard","tag-vinst-i-valfardsforetag","tag-vard-och-omsorg","type-rapporter"],"acf":[],"yoast_head":"<!-- This site is optimized with the Yoast SEO Premium plugin v26.8 (Yoast SEO v26.8) - https:\/\/yoast.com\/product\/yoast-seo-premium-wordpress\/ -->\n<title>Privata f\u00f6retag inom skola, v\u00e5rd och omsorg i de nordiska l\u00e4nderna | Almega<\/title>\n<meta name=\"robots\" content=\"index, follow, max-snippet:-1, max-image-preview:large, max-video-preview:-1\" \/>\n<link rel=\"canonical\" href=\"https:\/\/www.almega.se\/2012\/12\/privata-foretag-inom-skola-vard-och-omsorg-i-de-nordiska-landerna\/\" \/>\n<meta property=\"og:locale\" content=\"sv_SE\" \/>\n<meta property=\"og:type\" content=\"article\" \/>\n<meta property=\"og:title\" content=\"Privata f\u00f6retag inom skola, v\u00e5rd och omsorg i de nordiska l\u00e4nderna\" \/>\n<meta property=\"og:description\" content=\"Svenskt N\u00e4ringsliv har gjort en genomg\u00e5ng av f\u00f6ruts\u00e4ttningarna f\u00f6r f\u00f6retag inom v\u00e4lf\u00e4rdssektorn i Norden. I samtliga fyra nordiska l\u00e4nder finns privata f\u00f6retag som utf\u00f6r skattefinansierade v\u00e4lf\u00e4rdstj\u00e4nster. Alla till\u00e4mpar olika former av kundvalsmodeller och inslagen av valfrihet f\u00f6r medborgarna har \u00f6kat under 2000-talet.\" \/>\n<meta property=\"og:url\" content=\"https:\/\/www.almega.se\/2012\/12\/privata-foretag-inom-skola-vard-och-omsorg-i-de-nordiska-landerna\/\" \/>\n<meta property=\"og:site_name\" content=\"Almega\" \/>\n<meta property=\"article:published_time\" content=\"2012-12-05T14:00:00+00:00\" \/>\n<meta property=\"article:modified_time\" content=\"2022-12-20T15:18:31+00:00\" \/>\n<meta property=\"og:image\" content=\"https:\/\/www.almega.se\/app\/uploads\/2020\/12\/almega-share-logo.png\" \/>\n\t<meta property=\"og:image:width\" content=\"1200\" \/>\n\t<meta property=\"og:image:height\" content=\"630\" \/>\n\t<meta property=\"og:image:type\" content=\"image\/png\" \/>\n<meta name=\"author\" content=\"admin\" \/>\n<meta name=\"twitter:card\" content=\"summary_large_image\" \/>\n<meta name=\"twitter:label1\" content=\"Skriven av\" \/>\n\t<meta name=\"twitter:data1\" content=\"admin\" \/>\n\t<meta name=\"twitter:label2\" content=\"Ber\u00e4knad l\u00e4stid\" \/>\n\t<meta name=\"twitter:data2\" content=\"1 minut\" \/>\n<!-- \/ Yoast SEO Premium plugin. -->","yoast_head_json":{"title":"Privata f\u00f6retag inom skola, v\u00e5rd och omsorg i de nordiska l\u00e4nderna | Almega","robots":{"index":"index","follow":"follow","max-snippet":"max-snippet:-1","max-image-preview":"max-image-preview:large","max-video-preview":"max-video-preview:-1"},"canonical":"https:\/\/www.almega.se\/2012\/12\/privata-foretag-inom-skola-vard-och-omsorg-i-de-nordiska-landerna\/","og_locale":"sv_SE","og_type":"article","og_title":"Privata f\u00f6retag inom skola, v\u00e5rd och omsorg i de nordiska l\u00e4nderna","og_description":"Svenskt N\u00e4ringsliv har gjort en genomg\u00e5ng av f\u00f6ruts\u00e4ttningarna f\u00f6r f\u00f6retag inom v\u00e4lf\u00e4rdssektorn i Norden. I samtliga fyra nordiska l\u00e4nder finns privata f\u00f6retag som utf\u00f6r skattefinansierade v\u00e4lf\u00e4rdstj\u00e4nster. Alla till\u00e4mpar olika former av kundvalsmodeller och inslagen av valfrihet f\u00f6r medborgarna har \u00f6kat under 2000-talet.","og_url":"https:\/\/www.almega.se\/2012\/12\/privata-foretag-inom-skola-vard-och-omsorg-i-de-nordiska-landerna\/","og_site_name":"Almega","article_published_time":"2012-12-05T14:00:00+00:00","article_modified_time":"2022-12-20T15:18:31+00:00","og_image":[{"width":1200,"height":630,"url":"https:\/\/www.almega.se\/app\/uploads\/2020\/12\/almega-share-logo.png","type":"image\/png"}],"author":"admin","twitter_card":"summary_large_image","twitter_misc":{"Skriven av":"admin","Ber\u00e4knad l\u00e4stid":"1 minut"},"schema":{"@context":"https:\/\/schema.org","@graph":[{"@type":"NewsArticle","@id":"https:\/\/www.almega.se\/2012\/12\/privata-foretag-inom-skola-vard-och-omsorg-i-de-nordiska-landerna\/#article","isPartOf":{"@id":"https:\/\/www.almega.se\/2012\/12\/privata-foretag-inom-skola-vard-och-omsorg-i-de-nordiska-landerna\/"},"author":{"name":"admin","@id":"https:\/\/www.almega.se\/#\/schema\/person\/9c3674d192fb8b2d1d8b7a3f31c5151d"},"headline":"Privata f\u00f6retag inom skola, v\u00e5rd och omsorg i de nordiska l\u00e4nderna","datePublished":"2012-12-05T14:00:00+00:00","dateModified":"2022-12-20T15:18:31+00:00","mainEntityOfPage":{"@id":"https:\/\/www.almega.se\/2012\/12\/privata-foretag-inom-skola-vard-och-omsorg-i-de-nordiska-landerna\/"},"wordCount":209,"keywords":["Vinst i v\u00e4lf\u00e4rdsf\u00f6retag","V\u00e5rd och omsorg"],"articleSection":["V\u00e4lf\u00e4rd"],"inLanguage":"sv-SE"},{"@type":"WebPage","@id":"https:\/\/www.almega.se\/2012\/12\/privata-foretag-inom-skola-vard-och-omsorg-i-de-nordiska-landerna\/","url":"https:\/\/www.almega.se\/2012\/12\/privata-foretag-inom-skola-vard-och-omsorg-i-de-nordiska-landerna\/","name":"Privata f\u00f6retag inom skola, v\u00e5rd och omsorg i de nordiska l\u00e4nderna | Almega","isPartOf":{"@id":"https:\/\/www.almega.se\/#website"},"datePublished":"2012-12-05T14:00:00+00:00","dateModified":"2022-12-20T15:18:31+00:00","author":{"@id":"https:\/\/www.almega.se\/#\/schema\/person\/9c3674d192fb8b2d1d8b7a3f31c5151d"},"breadcrumb":{"@id":"https:\/\/www.almega.se\/2012\/12\/privata-foretag-inom-skola-vard-och-omsorg-i-de-nordiska-landerna\/#breadcrumb"},"inLanguage":"sv-SE","potentialAction":[{"@type":"ReadAction","target":["https:\/\/www.almega.se\/2012\/12\/privata-foretag-inom-skola-vard-och-omsorg-i-de-nordiska-landerna\/"]}]},{"@type":"BreadcrumbList","@id":"https:\/\/www.almega.se\/2012\/12\/privata-foretag-inom-skola-vard-och-omsorg-i-de-nordiska-landerna\/#breadcrumb","itemListElement":[{"@type":"ListItem","position":1,"name":"Home","item":"https:\/\/www.almega.se\/"},{"@type":"ListItem","position":2,"name":"Privata f\u00f6retag inom skola, v\u00e5rd och omsorg i de nordiska l\u00e4nderna"}]},{"@type":"WebSite","@id":"https:\/\/www.almega.se\/#website","url":"https:\/\/www.almega.se\/","name":"Almega","description":"","potentialAction":[{"@type":"SearchAction","target":{"@type":"EntryPoint","urlTemplate":"https:\/\/www.almega.se\/?s={search_term_string}"},"query-input":{"@type":"PropertyValueSpecification","valueRequired":true,"valueName":"search_term_string"}}],"inLanguage":"sv-SE"},{"@type":"Person","@id":"https:\/\/www.almega.se\/#\/schema\/person\/9c3674d192fb8b2d1d8b7a3f31c5151d","name":"admin","image":{"@type":"ImageObject","inLanguage":"sv-SE","@id":"https:\/\/www.almega.se\/#\/schema\/person\/image\/","url":"https:\/\/secure.gravatar.com\/avatar\/13aac7e7a7582f599e3ba7706cec051e12eac4ad6c2ffe6f9d24800e63294187?s=96&d=mm&r=g","contentUrl":"https:\/\/secure.gravatar.com\/avatar\/13aac7e7a7582f599e3ba7706cec051e12eac4ad6c2ffe6f9d24800e63294187?s=96&d=mm&r=g","caption":"admin"},"url":"https:\/\/www.almega.se\/person\/admin\/"}]}},"_links":{"self":[{"href":"https:\/\/www.almega.se\/api\/wp\/v2\/posts\/7866","targetHints":{"allow":["GET"]}}],"collection":[{"href":"https:\/\/www.almega.se\/api\/wp\/v2\/posts"}],"about":[{"href":"https:\/\/www.almega.se\/api\/wp\/v2\/types\/post"}],"author":[{"embeddable":true,"href":"https:\/\/www.almega.se\/api\/wp\/v2\/users\/1"}],"replies":[{"embeddable":true,"href":"https:\/\/www.almega.se\/api\/wp\/v2\/comments?post=7866"}],"version-history":[{"count":1,"href":"https:\/\/www.almega.se\/api\/wp\/v2\/posts\/7866\/revisions"}],"predecessor-version":[{"id":51221,"href":"https:\/\/www.almega.se\/api\/wp\/v2\/posts\/7866\/revisions\/51221"}],"wp:attachment":[{"href":"https:\/\/www.almega.se\/api\/wp\/v2\/media?parent=7866"}],"wp:term":[{"taxonomy":"category","embeddable":true,"href":"https:\/\/www.almega.se\/api\/wp\/v2\/categories?post=7866"},{"taxonomy":"post_tag","embeddable":true,"href":"https:\/\/www.almega.se\/api\/wp\/v2\/tags?post=7866"},{"taxonomy":"type","embeddable":true,"href":"https:\/\/www.almega.se\/api\/wp\/v2\/article_type?post=7866"},{"taxonomy":"agreement","embeddable":true,"href":"https:\/\/www.almega.se\/api\/wp\/v2\/agreement?post=7866"}],"curies":[{"name":"wp","href":"https:\/\/api.w.org\/{rel}","templated":true}]}}