{"id":78635,"date":"2025-04-14T12:04:16","date_gmt":"2025-04-14T10:04:16","guid":{"rendered":"https:\/\/www.almega.se\/2025\/04\/medlare-utsedda-i-public-service-varslet\/"},"modified":"2025-04-14T12:48:19","modified_gmt":"2025-04-14T10:48:19","slug":"medlare-utsedda-i-public-service-varslet","status":"publish","type":"post","link":"https:\/\/www.almega.se\/2025\/04\/medlare-utsedda-i-public-service-varslet\/","title":{"rendered":"Medlare utsedda i Public service varslet"},"content":{"rendered":"\n<p class=\"intro\">I fredags varslade fackf\u00f6rbunden Unionen och Journalistf\u00f6rbundet om konflikt efter att f\u00f6rhandlingarna om nya kollektivavtal avbrutits av facken. Beklagligt, enligt Almega, eftersom parterna planerat f\u00f6r slutf\u00f6rhandlingar i maj. Medlare har nu utsetts. \u201dVi ser fram emot att \u00e5teruppta dialogen med Unionen och Journalistf\u00f6rbundet\u201d, s\u00e4ger \u00a0Medief\u00f6retagens F\u00f6rbundsdirekt\u00f6r, Maria M\u00f6ller.<\/p>\n<p>\u2013 Vi hade g\u00e4rna fortsatt f\u00f6rhandlingarna. Till skillnad fr\u00e5n facken har vi inte st\u00e4llt n\u00e5gra ultimativa krav. Vi har inte heller st\u00e4ngt n\u00e5gra d\u00f6rrar, varken i fr\u00e5ga om arbetstidsf\u00f6rkortning eller \u00f6vertidsers\u00e4ttning till deltidsanst\u00e4llda. D\u00e4remot har vi velat f\u00f6rhandla fram avtal med rimliga motvalutor, d\u00e4r arbetsgivarna f\u00e5r n\u00e5got i geng\u00e4ld f\u00f6r dessa v\u00e4ldigt kostsamma krav. Men n\u00e4r vi har varit villiga att f\u00f6rhandla fram l\u00f6sningar som passar b\u00e5de facken och f\u00f6retagen v\u00e4ljer de att ta till konfliktvapnet, d\u00e5 \u00e4r det sv\u00e5rt att f\u00f6rhandla, s\u00e4ger Maria M\u00f6ller.<\/p>\n<p>Medlingsinstitutet har nu utsett medlare. Det blir\u00a0Kurt Eriksson, tidigare chefsjurist vid Medlingsinstitutet\u00a0och Valle Karlsson, tidigare f\u00f6rbundsordf\u00f6rande och avtalssekreterare f\u00f6r Seko.<\/p>\n<p>\u2013 Medlarna \u00e4r rutinerade. Vi \u00e4r \u00f6vertygade om att vi\u00a0under deras ledning ska kunna teckna avtal som \u00e4r h\u00e5llbara \u2013 b\u00e5de f\u00f6r medarbetare och arbetsgivare, p\u00e5 s\u00e5v\u00e4l SVT som andra mediebolag. Och precis som alla avtal m\u00e5ste de vara anpassade utifr\u00e5n branschens specifika f\u00f6ruts\u00e4ttningar, s\u00e4ger Maria M\u00f6ller.<\/p>\n<p>Konfliktvarslet fr\u00e5n fackf\u00f6rbunden Unionen och Journalistf\u00f6rbundet g\u00e4ller Sveriges Television. Strids\u00e5tg\u00e4rderna bryter ut den 25 april, om inte ett nytt avtal kommer p\u00e5 plats innan dess.<\/p>\n","protected":false},"excerpt":{"rendered":"<p>I fredags varslade fackf\u00f6rbunden Unionen och Journalistf\u00f6rbundet om konflikt efter att f\u00f6rhandlingarna om nya kollektivavtal avbrutits av facken. Beklagligt, enligt Almega, eftersom parterna planerat f\u00f6r slutf\u00f6rhandlingar i maj. Medlare har nu utsetts. \u201dVi ser fram emot att \u00e5teruppta dialogen med Unionen och Journalistf\u00f6rbundet\u201d, s\u00e4ger Almegas arbetsgivarpolitiska chef, Maria M\u00f6ller.<\/p>\n","protected":false},"author":6356,"featured_media":78592,"comment_status":"closed","ping_status":"closed","sticky":false,"template":"","format":"standard","meta":{"_acf_changed":false,"footnotes":""},"categories":[636],"tags":[],"article_type":[93],"agreement":[],"class_list":["post-78635","post","type-post","status-publish","format-standard","has-post-thumbnail","hentry","category-avtalsrorelse","type-pressmeddelanden"],"acf":[],"yoast_head":"<!-- This site is optimized with the Yoast SEO Premium plugin v26.8 (Yoast SEO v26.8) - https:\/\/yoast.com\/product\/yoast-seo-premium-wordpress\/ -->\n<title>Medlare utsedda i Public service varslet | Almega<\/title>\n<meta name=\"robots\" content=\"index, follow, max-snippet:-1, max-image-preview:large, max-video-preview:-1\" \/>\n<link rel=\"canonical\" href=\"https:\/\/www.almega.se\/2025\/04\/medlare-utsedda-i-public-service-varslet\/\" \/>\n<meta property=\"og:locale\" content=\"sv_SE\" \/>\n<meta property=\"og:type\" content=\"article\" \/>\n<meta property=\"og:title\" content=\"Medlare utsedda i Public service varslet\" \/>\n<meta property=\"og:description\" content=\"I fredags varslade fackf\u00f6rbunden Unionen och Journalistf\u00f6rbundet om konflikt efter att f\u00f6rhandlingarna om nya kollektivavtal avbrutits av facken. Beklagligt, enligt Almega, eftersom parterna planerat f\u00f6r slutf\u00f6rhandlingar i maj. Medlare har nu utsetts. \u201dVi ser fram emot att \u00e5teruppta dialogen med Unionen och Journalistf\u00f6rbundet\u201d, s\u00e4ger Almegas arbetsgivarpolitiska chef, Maria M\u00f6ller.\" \/>\n<meta property=\"og:url\" content=\"https:\/\/www.almega.se\/2025\/04\/medlare-utsedda-i-public-service-varslet\/\" \/>\n<meta property=\"og:site_name\" content=\"Almega\" \/>\n<meta property=\"article:published_time\" content=\"2025-04-14T10:04:16+00:00\" \/>\n<meta property=\"article:modified_time\" content=\"2025-04-14T10:48:19+00:00\" \/>\n<meta property=\"og:image\" content=\"https:\/\/www.almega.se\/app\/uploads\/2025\/04\/Maria-Moller-3-scaled.jpg\" \/>\n\t<meta property=\"og:image:width\" content=\"2560\" \/>\n\t<meta property=\"og:image:height\" content=\"1921\" \/>\n\t<meta property=\"og:image:type\" content=\"image\/jpeg\" \/>\n<meta name=\"author\" content=\"Erik Juhlin\" \/>\n<meta name=\"twitter:card\" content=\"summary_large_image\" \/>\n<meta name=\"twitter:label1\" content=\"Skriven av\" \/>\n\t<meta name=\"twitter:data1\" content=\"Erik Juhlin\" \/>\n\t<meta name=\"twitter:label2\" content=\"Ber\u00e4knad l\u00e4stid\" \/>\n\t<meta name=\"twitter:data2\" content=\"2 minuter\" \/>\n<!-- \/ Yoast SEO Premium plugin. -->","yoast_head_json":{"title":"Medlare utsedda i Public service varslet | Almega","robots":{"index":"index","follow":"follow","max-snippet":"max-snippet:-1","max-image-preview":"max-image-preview:large","max-video-preview":"max-video-preview:-1"},"canonical":"https:\/\/www.almega.se\/2025\/04\/medlare-utsedda-i-public-service-varslet\/","og_locale":"sv_SE","og_type":"article","og_title":"Medlare utsedda i Public service varslet","og_description":"I fredags varslade fackf\u00f6rbunden Unionen och Journalistf\u00f6rbundet om konflikt efter att f\u00f6rhandlingarna om nya kollektivavtal avbrutits av facken. Beklagligt, enligt Almega, eftersom parterna planerat f\u00f6r slutf\u00f6rhandlingar i maj. Medlare har nu utsetts. \u201dVi ser fram emot att \u00e5teruppta dialogen med Unionen och Journalistf\u00f6rbundet\u201d, s\u00e4ger Almegas arbetsgivarpolitiska chef, Maria M\u00f6ller.","og_url":"https:\/\/www.almega.se\/2025\/04\/medlare-utsedda-i-public-service-varslet\/","og_site_name":"Almega","article_published_time":"2025-04-14T10:04:16+00:00","article_modified_time":"2025-04-14T10:48:19+00:00","og_image":[{"width":2560,"height":1921,"url":"https:\/\/www.almega.se\/app\/uploads\/2025\/04\/Maria-Moller-3-scaled.jpg","type":"image\/jpeg"}],"author":"Erik Juhlin","twitter_card":"summary_large_image","twitter_misc":{"Skriven av":"Erik Juhlin","Ber\u00e4knad l\u00e4stid":"2 minuter"},"schema":{"@context":"https:\/\/schema.org","@graph":[{"@type":"NewsArticle","@id":"https:\/\/www.almega.se\/2025\/04\/medlare-utsedda-i-public-service-varslet\/#article","isPartOf":{"@id":"https:\/\/www.almega.se\/2025\/04\/medlare-utsedda-i-public-service-varslet\/"},"author":{"name":"Erik Juhlin","@id":"https:\/\/www.almega.se\/#\/schema\/person\/3c181ea7ead5ab7b14c61584637720f5"},"headline":"Medlare utsedda i Public service varslet","datePublished":"2025-04-14T10:04:16+00:00","dateModified":"2025-04-14T10:48:19+00:00","mainEntityOfPage":{"@id":"https:\/\/www.almega.se\/2025\/04\/medlare-utsedda-i-public-service-varslet\/"},"wordCount":291,"image":{"@id":"https:\/\/www.almega.se\/2025\/04\/medlare-utsedda-i-public-service-varslet\/#primaryimage"},"thumbnailUrl":"https:\/\/www.almega.se\/app\/uploads\/2025\/04\/Maria-Moller-3-scaled.jpg","articleSection":["Avtalsr\u00f6relse"],"inLanguage":"sv-SE"},{"@type":"WebPage","@id":"https:\/\/www.almega.se\/2025\/04\/medlare-utsedda-i-public-service-varslet\/","url":"https:\/\/www.almega.se\/2025\/04\/medlare-utsedda-i-public-service-varslet\/","name":"Medlare utsedda i Public service varslet | Almega","isPartOf":{"@id":"https:\/\/www.almega.se\/#website"},"primaryImageOfPage":{"@id":"https:\/\/www.almega.se\/2025\/04\/medlare-utsedda-i-public-service-varslet\/#primaryimage"},"image":{"@id":"https:\/\/www.almega.se\/2025\/04\/medlare-utsedda-i-public-service-varslet\/#primaryimage"},"thumbnailUrl":"https:\/\/www.almega.se\/app\/uploads\/2025\/04\/Maria-Moller-3-scaled.jpg","datePublished":"2025-04-14T10:04:16+00:00","dateModified":"2025-04-14T10:48:19+00:00","author":{"@id":"https:\/\/www.almega.se\/#\/schema\/person\/3c181ea7ead5ab7b14c61584637720f5"},"breadcrumb":{"@id":"https:\/\/www.almega.se\/2025\/04\/medlare-utsedda-i-public-service-varslet\/#breadcrumb"},"inLanguage":"sv-SE","potentialAction":[{"@type":"ReadAction","target":["https:\/\/www.almega.se\/2025\/04\/medlare-utsedda-i-public-service-varslet\/"]}]},{"@type":"ImageObject","inLanguage":"sv-SE","@id":"https:\/\/www.almega.se\/2025\/04\/medlare-utsedda-i-public-service-varslet\/#primaryimage","url":"https:\/\/www.almega.se\/app\/uploads\/2025\/04\/Maria-Moller-3-scaled.jpg","contentUrl":"https:\/\/www.almega.se\/app\/uploads\/2025\/04\/Maria-Moller-3-scaled.jpg","width":2560,"height":1921,"caption":"Maria M\u00f6ller Almega"},{"@type":"BreadcrumbList","@id":"https:\/\/www.almega.se\/2025\/04\/medlare-utsedda-i-public-service-varslet\/#breadcrumb","itemListElement":[{"@type":"ListItem","position":1,"name":"Home","item":"https:\/\/www.almega.se\/"},{"@type":"ListItem","position":2,"name":"Medlare utsedda i Public service varslet"}]},{"@type":"WebSite","@id":"https:\/\/www.almega.se\/#website","url":"https:\/\/www.almega.se\/","name":"Almega","description":"","potentialAction":[{"@type":"SearchAction","target":{"@type":"EntryPoint","urlTemplate":"https:\/\/www.almega.se\/?s={search_term_string}"},"query-input":{"@type":"PropertyValueSpecification","valueRequired":true,"valueName":"search_term_string"}}],"inLanguage":"sv-SE"},{"@type":"Person","@id":"https:\/\/www.almega.se\/#\/schema\/person\/3c181ea7ead5ab7b14c61584637720f5","name":"Erik Juhlin","image":{"@type":"ImageObject","inLanguage":"sv-SE","@id":"https:\/\/www.almega.se\/#\/schema\/person\/image\/","url":"https:\/\/secure.gravatar.com\/avatar\/ef0e97454357041724f27ea1630fa5bf78b30eea6fc56998e6a03142ad5b1370?s=96&d=mm&r=g","contentUrl":"https:\/\/secure.gravatar.com\/avatar\/ef0e97454357041724f27ea1630fa5bf78b30eea6fc56998e6a03142ad5b1370?s=96&d=mm&r=g","caption":"Erik Juhlin"},"url":"https:\/\/www.almega.se\/person\/erikjuhlin\/"}]}},"_links":{"self":[{"href":"https:\/\/www.almega.se\/api\/wp\/v2\/posts\/78635","targetHints":{"allow":["GET"]}}],"collection":[{"href":"https:\/\/www.almega.se\/api\/wp\/v2\/posts"}],"about":[{"href":"https:\/\/www.almega.se\/api\/wp\/v2\/types\/post"}],"author":[{"embeddable":true,"href":"https:\/\/www.almega.se\/api\/wp\/v2\/users\/6356"}],"replies":[{"embeddable":true,"href":"https:\/\/www.almega.se\/api\/wp\/v2\/comments?post=78635"}],"version-history":[{"count":2,"href":"https:\/\/www.almega.se\/api\/wp\/v2\/posts\/78635\/revisions"}],"predecessor-version":[{"id":78639,"href":"https:\/\/www.almega.se\/api\/wp\/v2\/posts\/78635\/revisions\/78639"}],"wp:featuredmedia":[{"embeddable":true,"href":"https:\/\/www.almega.se\/api\/wp\/v2\/media\/78592"}],"wp:attachment":[{"href":"https:\/\/www.almega.se\/api\/wp\/v2\/media?parent=78635"}],"wp:term":[{"taxonomy":"category","embeddable":true,"href":"https:\/\/www.almega.se\/api\/wp\/v2\/categories?post=78635"},{"taxonomy":"post_tag","embeddable":true,"href":"https:\/\/www.almega.se\/api\/wp\/v2\/tags?post=78635"},{"taxonomy":"type","embeddable":true,"href":"https:\/\/www.almega.se\/api\/wp\/v2\/article_type?post=78635"},{"taxonomy":"agreement","embeddable":true,"href":"https:\/\/www.almega.se\/api\/wp\/v2\/agreement?post=78635"}],"curies":[{"name":"wp","href":"https:\/\/api.w.org\/{rel}","templated":true}]}}