{"id":78619,"date":"2025-04-11T20:53:05","date_gmt":"2025-04-11T18:53:05","guid":{"rendered":"https:\/\/www.almega.se\/2025\/04\/oansvariga-varsel-fran-unionen-och-sjf\/"},"modified":"2025-04-12T08:06:26","modified_gmt":"2025-04-12T06:06:26","slug":"oansvariga-varsel-fran-unionen-och-sjf","status":"publish","type":"post","link":"https:\/\/www.almega.se\/2025\/04\/oansvariga-varsel-fran-unionen-och-sjf\/","title":{"rendered":"Oansvariga varsel fr\u00e5n Unionen och SJF"},"content":{"rendered":"<p class=\"intro\">Medief\u00f6retagen inom Almega har idag tagit emot varsel om konflikt fr\u00e5n Unionen samt Journalistf\u00f6rbundet p\u00e5 tv\u00e5 public service-avtal.<\/p>\n\n<p>&#8211;&nbsp;Det \u00e4r oansvarigt av facken att i st\u00e4llet f\u00f6r att f\u00f6rhandla varsla om konflikt. Vi hade g\u00e4rna fortsatt att f\u00f6rhandla fram ett nytt avtal inom m\u00e4rket, allts\u00e5 de ramar som arbetsmarknadens parter best\u00e4mt tillsammans. Fackens krav \u00e4r inte helt om\u00f6jliga, men de erbjuder inget av motsvarande v\u00e4rde i geng\u00e4ld och vill d\u00e4rmed&nbsp; ha mer \u00e4n alla andra p\u00e5 arbetsmarknaden, s\u00e4ger <strong>Sara Ejdeskog<\/strong>, f\u00f6rhandlingsledare p\u00e5 avtalsomr\u00e5det.<\/p>\n\n\n\n<p>Varslet om konflikt inkom till Almega i dag fredag den 11 april och strids\u00e5tg\u00e4rderna&nbsp;ska enligt Unionen och Journalistf\u00f6rbundet&nbsp;tr\u00e4da&nbsp;i kraft den 25 april kl. 05:00.<\/p>\n\n\n\n<p>Nu inleds arbetet med att analysera effekterna av en eventuellt utbruten konflikt samtidigt som processen om ett nytt kollektivtal forts\u00e4tter inom ramen f\u00f6r medling.<\/p>\n","protected":false},"excerpt":{"rendered":"<p>Medief\u00f6retagen inom Almega har idag tagit emot varsel om konflikt fr\u00e5n Unionen samt Journalistf\u00f6rbundet p\u00e5 tv\u00e5 public service-avtal.<\/p>\n","protected":false},"author":6356,"featured_media":78621,"comment_status":"closed","ping_status":"closed","sticky":false,"template":"","format":"standard","meta":{"_acf_changed":false,"footnotes":""},"categories":[636],"tags":[],"article_type":[93],"agreement":[],"class_list":["post-78619","post","type-post","status-publish","format-standard","has-post-thumbnail","hentry","category-avtalsrorelse","type-pressmeddelanden"],"acf":[],"yoast_head":"<!-- This site is optimized with the Yoast SEO Premium plugin v26.8 (Yoast SEO v26.8) - https:\/\/yoast.com\/product\/yoast-seo-premium-wordpress\/ -->\n<title>Oansvariga varsel fr\u00e5n Unionen och SJF | Almega<\/title>\n<meta name=\"robots\" content=\"index, follow, max-snippet:-1, max-image-preview:large, max-video-preview:-1\" \/>\n<link rel=\"canonical\" href=\"https:\/\/www.almega.se\/2025\/04\/oansvariga-varsel-fran-unionen-och-sjf\/\" \/>\n<meta property=\"og:locale\" content=\"sv_SE\" \/>\n<meta property=\"og:type\" content=\"article\" \/>\n<meta property=\"og:title\" content=\"Oansvariga varsel fr\u00e5n Unionen och SJF\" \/>\n<meta property=\"og:description\" content=\"Medief\u00f6retagen inom Almega har idag tagit emot varsel om konflikt fr\u00e5n Unionen samt Journalistf\u00f6rbundet p\u00e5 tv\u00e5 public service-avtal.\" \/>\n<meta property=\"og:url\" content=\"https:\/\/www.almega.se\/2025\/04\/oansvariga-varsel-fran-unionen-och-sjf\/\" \/>\n<meta property=\"og:site_name\" content=\"Almega\" \/>\n<meta property=\"article:published_time\" content=\"2025-04-11T18:53:05+00:00\" \/>\n<meta property=\"article:modified_time\" content=\"2025-04-12T06:06:26+00:00\" \/>\n<meta property=\"og:image\" content=\"https:\/\/www.almega.se\/app\/uploads\/2025\/04\/Sara-Ejdeskog-scaled.jpg\" \/>\n\t<meta property=\"og:image:width\" content=\"2560\" \/>\n\t<meta property=\"og:image:height\" content=\"1706\" \/>\n\t<meta property=\"og:image:type\" content=\"image\/jpeg\" \/>\n<meta name=\"author\" content=\"Erik Juhlin\" \/>\n<meta name=\"twitter:card\" content=\"summary_large_image\" \/>\n<meta name=\"twitter:label1\" content=\"Skriven av\" \/>\n\t<meta name=\"twitter:data1\" content=\"Erik Juhlin\" \/>\n\t<meta name=\"twitter:label2\" content=\"Ber\u00e4knad l\u00e4stid\" \/>\n\t<meta name=\"twitter:data2\" content=\"1 minut\" \/>\n<!-- \/ Yoast SEO Premium plugin. -->","yoast_head_json":{"title":"Oansvariga varsel fr\u00e5n Unionen och SJF | Almega","robots":{"index":"index","follow":"follow","max-snippet":"max-snippet:-1","max-image-preview":"max-image-preview:large","max-video-preview":"max-video-preview:-1"},"canonical":"https:\/\/www.almega.se\/2025\/04\/oansvariga-varsel-fran-unionen-och-sjf\/","og_locale":"sv_SE","og_type":"article","og_title":"Oansvariga varsel fr\u00e5n Unionen och SJF","og_description":"Medief\u00f6retagen inom Almega har idag tagit emot varsel om konflikt fr\u00e5n Unionen samt Journalistf\u00f6rbundet p\u00e5 tv\u00e5 public service-avtal.","og_url":"https:\/\/www.almega.se\/2025\/04\/oansvariga-varsel-fran-unionen-och-sjf\/","og_site_name":"Almega","article_published_time":"2025-04-11T18:53:05+00:00","article_modified_time":"2025-04-12T06:06:26+00:00","og_image":[{"width":2560,"height":1706,"url":"https:\/\/www.almega.se\/app\/uploads\/2025\/04\/Sara-Ejdeskog-scaled.jpg","type":"image\/jpeg"}],"author":"Erik Juhlin","twitter_card":"summary_large_image","twitter_misc":{"Skriven av":"Erik Juhlin","Ber\u00e4knad l\u00e4stid":"1 minut"},"schema":{"@context":"https:\/\/schema.org","@graph":[{"@type":"NewsArticle","@id":"https:\/\/www.almega.se\/2025\/04\/oansvariga-varsel-fran-unionen-och-sjf\/#article","isPartOf":{"@id":"https:\/\/www.almega.se\/2025\/04\/oansvariga-varsel-fran-unionen-och-sjf\/"},"author":{"name":"Erik Juhlin","@id":"https:\/\/www.almega.se\/#\/schema\/person\/3c181ea7ead5ab7b14c61584637720f5"},"headline":"Oansvariga varsel fr\u00e5n Unionen och SJF","datePublished":"2025-04-11T18:53:05+00:00","dateModified":"2025-04-12T06:06:26+00:00","mainEntityOfPage":{"@id":"https:\/\/www.almega.se\/2025\/04\/oansvariga-varsel-fran-unionen-och-sjf\/"},"wordCount":146,"image":{"@id":"https:\/\/www.almega.se\/2025\/04\/oansvariga-varsel-fran-unionen-och-sjf\/#primaryimage"},"thumbnailUrl":"https:\/\/www.almega.se\/app\/uploads\/2025\/04\/Sara-Ejdeskog-scaled.jpg","articleSection":["Avtalsr\u00f6relse"],"inLanguage":"sv-SE"},{"@type":"WebPage","@id":"https:\/\/www.almega.se\/2025\/04\/oansvariga-varsel-fran-unionen-och-sjf\/","url":"https:\/\/www.almega.se\/2025\/04\/oansvariga-varsel-fran-unionen-och-sjf\/","name":"Oansvariga varsel fr\u00e5n Unionen och SJF | Almega","isPartOf":{"@id":"https:\/\/www.almega.se\/#website"},"primaryImageOfPage":{"@id":"https:\/\/www.almega.se\/2025\/04\/oansvariga-varsel-fran-unionen-och-sjf\/#primaryimage"},"image":{"@id":"https:\/\/www.almega.se\/2025\/04\/oansvariga-varsel-fran-unionen-och-sjf\/#primaryimage"},"thumbnailUrl":"https:\/\/www.almega.se\/app\/uploads\/2025\/04\/Sara-Ejdeskog-scaled.jpg","datePublished":"2025-04-11T18:53:05+00:00","dateModified":"2025-04-12T06:06:26+00:00","author":{"@id":"https:\/\/www.almega.se\/#\/schema\/person\/3c181ea7ead5ab7b14c61584637720f5"},"breadcrumb":{"@id":"https:\/\/www.almega.se\/2025\/04\/oansvariga-varsel-fran-unionen-och-sjf\/#breadcrumb"},"inLanguage":"sv-SE","potentialAction":[{"@type":"ReadAction","target":["https:\/\/www.almega.se\/2025\/04\/oansvariga-varsel-fran-unionen-och-sjf\/"]}]},{"@type":"ImageObject","inLanguage":"sv-SE","@id":"https:\/\/www.almega.se\/2025\/04\/oansvariga-varsel-fran-unionen-och-sjf\/#primaryimage","url":"https:\/\/www.almega.se\/app\/uploads\/2025\/04\/Sara-Ejdeskog-scaled.jpg","contentUrl":"https:\/\/www.almega.se\/app\/uploads\/2025\/04\/Sara-Ejdeskog-scaled.jpg","width":2560,"height":1706,"caption":"Sara Ejdeskog"},{"@type":"BreadcrumbList","@id":"https:\/\/www.almega.se\/2025\/04\/oansvariga-varsel-fran-unionen-och-sjf\/#breadcrumb","itemListElement":[{"@type":"ListItem","position":1,"name":"Home","item":"https:\/\/www.almega.se\/"},{"@type":"ListItem","position":2,"name":"Oansvariga varsel fr\u00e5n Unionen och SJF"}]},{"@type":"WebSite","@id":"https:\/\/www.almega.se\/#website","url":"https:\/\/www.almega.se\/","name":"Almega","description":"","potentialAction":[{"@type":"SearchAction","target":{"@type":"EntryPoint","urlTemplate":"https:\/\/www.almega.se\/?s={search_term_string}"},"query-input":{"@type":"PropertyValueSpecification","valueRequired":true,"valueName":"search_term_string"}}],"inLanguage":"sv-SE"},{"@type":"Person","@id":"https:\/\/www.almega.se\/#\/schema\/person\/3c181ea7ead5ab7b14c61584637720f5","name":"Erik Juhlin","image":{"@type":"ImageObject","inLanguage":"sv-SE","@id":"https:\/\/www.almega.se\/#\/schema\/person\/image\/","url":"https:\/\/secure.gravatar.com\/avatar\/ef0e97454357041724f27ea1630fa5bf78b30eea6fc56998e6a03142ad5b1370?s=96&d=mm&r=g","contentUrl":"https:\/\/secure.gravatar.com\/avatar\/ef0e97454357041724f27ea1630fa5bf78b30eea6fc56998e6a03142ad5b1370?s=96&d=mm&r=g","caption":"Erik Juhlin"},"url":"https:\/\/www.almega.se\/person\/erikjuhlin\/"}]}},"_links":{"self":[{"href":"https:\/\/www.almega.se\/api\/wp\/v2\/posts\/78619","targetHints":{"allow":["GET"]}}],"collection":[{"href":"https:\/\/www.almega.se\/api\/wp\/v2\/posts"}],"about":[{"href":"https:\/\/www.almega.se\/api\/wp\/v2\/types\/post"}],"author":[{"embeddable":true,"href":"https:\/\/www.almega.se\/api\/wp\/v2\/users\/6356"}],"replies":[{"embeddable":true,"href":"https:\/\/www.almega.se\/api\/wp\/v2\/comments?post=78619"}],"version-history":[{"count":1,"href":"https:\/\/www.almega.se\/api\/wp\/v2\/posts\/78619\/revisions"}],"predecessor-version":[{"id":78622,"href":"https:\/\/www.almega.se\/api\/wp\/v2\/posts\/78619\/revisions\/78622"}],"wp:featuredmedia":[{"embeddable":true,"href":"https:\/\/www.almega.se\/api\/wp\/v2\/media\/78621"}],"wp:attachment":[{"href":"https:\/\/www.almega.se\/api\/wp\/v2\/media?parent=78619"}],"wp:term":[{"taxonomy":"category","embeddable":true,"href":"https:\/\/www.almega.se\/api\/wp\/v2\/categories?post=78619"},{"taxonomy":"post_tag","embeddable":true,"href":"https:\/\/www.almega.se\/api\/wp\/v2\/tags?post=78619"},{"taxonomy":"type","embeddable":true,"href":"https:\/\/www.almega.se\/api\/wp\/v2\/article_type?post=78619"},{"taxonomy":"agreement","embeddable":true,"href":"https:\/\/www.almega.se\/api\/wp\/v2\/agreement?post=78619"}],"curies":[{"name":"wp","href":"https:\/\/api.w.org\/{rel}","templated":true}]}}