{"id":78612,"date":"2025-04-11T16:04:20","date_gmt":"2025-04-11T14:04:20","guid":{"rendered":"https:\/\/www.almega.se\/?p=78612"},"modified":"2025-04-13T08:53:57","modified_gmt":"2025-04-13T06:53:57","slug":"almegas-syn-pa-lagda-varsel","status":"publish","type":"post","link":"https:\/\/www.almega.se\/2025\/04\/almegas-syn-pa-lagda-varsel\/","title":{"rendered":"Almegas syn p\u00e5 lagda varsel"},"content":{"rendered":"<p style=\"font-weight: 400\">Unionen och Sveriges Ingenj\u00f6rer har varslat om konflikt p\u00e5 fyra av Almegas avtalsomr\u00e5den. Varslen \u00e4r b\u00e5de beklagliga och oansvariga. Vi hade g\u00e4rna fortsatt f\u00f6rhandlingarna utan varsel f\u00f6r att komma \u00f6verens om ett nytt avtal, inom de ramar som arbetsmarknadens parter best\u00e4mt tillsammans.<\/p>\n\n<p>I de l\u00e4nkade intervjuerna med Almegas arbetsgivarpolitiska chef Maria M\u00f6ller kan du l\u00e4sa mer om Almegas \u00e5sikter i varselfr\u00e5gorna.\u00a0<\/p>\n\n\n\n<p>TT: <a href=\"https:\/\/www.svd.se\/a\/4B8gvV\/unionen-varslar-om-strejk-pa-svt?utm_source=iosapp&amp;utm_medium=share\">Varslar om strejk p\u00e5 SVT: \u201dOansvarigt\u201d<\/a> <\/p>\n\n\n\n<p>Tidningen n\u00e4ringslivet&nbsp;<a href=\"https:\/\/www.tn.se\/arbetsmarknad\/42335\/tjanstemannafacken-varslar-om-strejker-aggressivt\/\">Tj\u00e4nstemannafacken varslar om strejker \u2013 \u201dAggressivt\u201d | Tidningen N\u00e4ringslivet<\/a><\/p>\n\n\n\n<p>Arbetsv\u00e4rlden&nbsp;<a href=\"https:\/\/eur02.safelinks.protection.outlook.com\/?url=https%3A%2F%2Fwww.arbetsvarlden.se%2Fhar-kraschade-almega-och-unionens-forhandling-mbl-light-inget-vart-alls%2F&amp;data=05%7C02%7Cmarianne.ahlgren%40almega.se%7Cb8db4507fa3147b3bf0108dd78f6dc3f%7C1d019c94da7b49c2bf935ee1bb4b6882%7C0%7C0%7C638799723842296531%7CUnknown%7CTWFpbGZsb3d8eyJFbXB0eU1hcGkiOnRydWUsIlYiOiIwLjAuMDAwMCIsIlAiOiJXaW4zMiIsIkFOIjoiTWFpbCIsIldUIjoyfQ%3D%3D%7C0%7C%7C%7C&amp;sdata=nnh4zbPmvOxEUWB9yIkvVrKwHD1ydHFtepEoDL0KrwM%3D&amp;reserved=0\">Almega vill inte ha fackens kompromiss \u2013&nbsp;&#8221;inget v\u00e4rt alls&#8221;<\/a><\/p>\n\n\n\n<p>Dagens Industri&nbsp;<a href=\"https:\/\/eur02.safelinks.protection.outlook.com\/?url=https%3A%2F%2Fwww.di.se%2Fledare%2Fhall-er-till-market%2F&amp;data=05%7C02%7Cmarianne.ahlgren%40almega.se%7Cb8db4507fa3147b3bf0108dd78f6dc3f%7C1d019c94da7b49c2bf935ee1bb4b6882%7C0%7C0%7C638799723842311619%7CUnknown%7CTWFpbGZsb3d8eyJFbXB0eU1hcGkiOnRydWUsIlYiOiIwLjAuMDAwMCIsIlAiOiJXaW4zMiIsIkFOIjoiTWFpbCIsIldUIjoyfQ%3D%3D%7C0%7C%7C%7C&amp;sdata=4qpi%2BQI%2FeIpKphtocGFsyI4ZrFrC01fmLA4nybqBKpY%3D&amp;reserved=0\">LEDARE: Arbetstidsf\u00f6rkortning m\u00e5ste inneb\u00e4ra l\u00e4gre l\u00f6ne\u00f6kning<\/a><\/p>\n\n\n\n<p>Kollega&nbsp;<a href=\"https:\/\/eur02.safelinks.protection.outlook.com\/?url=https%3A%2F%2Fkollega.se%2Favtalsrorelse%2Falmega-om-unionens-varsel-om-strejk-ingenjorer&amp;data=05%7C02%7Cmarianne.ahlgren%40almega.se%7Cb8db4507fa3147b3bf0108dd78f6dc3f%7C1d019c94da7b49c2bf935ee1bb4b6882%7C0%7C0%7C638799723842321923%7CUnknown%7CTWFpbGZsb3d8eyJFbXB0eU1hcGkiOnRydWUsIlYiOiIwLjAuMDAwMCIsIlAiOiJXaW4zMiIsIkFOIjoiTWFpbCIsIldUIjoyfQ%3D%3D%7C0%7C%7C%7C&amp;sdata=IWudipybE4T1ZQIw6i0eB5PqP7Lu%2FHGsHgho7pkmFjo%3D&amp;reserved=0\">Arbetsgivarna om strejken: \u201dDe tar i med stora sl\u00e4ggan\u201d<\/a><\/p>\n","protected":false},"excerpt":{"rendered":"<p>I de l\u00e4nkade intervjuerna med Almegas arbetsgivarpolitiska chef Maria M\u00f6ller kan du l\u00e4sa mer om Almegas \u00e5sikter i varselfr\u00e5gorna.\u00a0 TT: Varslar om strejk p\u00e5 SVT: \u201dOansvarigt\u201d Tidningen n\u00e4ringslivet&nbsp;Tj\u00e4nstemannafacken varslar om strejker \u2013 \u201dAggressivt\u201d | Tidningen &hellip;<\/p>\n","protected":false},"author":3380,"featured_media":78614,"comment_status":"closed","ping_status":"closed","sticky":false,"template":"","format":"standard","meta":{"_acf_changed":false,"footnotes":""},"categories":[636],"tags":[],"article_type":[],"agreement":[],"class_list":["post-78612","post","type-post","status-publish","format-standard","has-post-thumbnail","hentry","category-avtalsrorelse"],"acf":[],"yoast_head":"<!-- This site is optimized with the Yoast SEO Premium plugin v26.8 (Yoast SEO v26.8) - https:\/\/yoast.com\/product\/yoast-seo-premium-wordpress\/ -->\n<title>Almegas syn p\u00e5 lagda varsel | Almega<\/title>\n<meta name=\"robots\" content=\"index, follow, max-snippet:-1, max-image-preview:large, max-video-preview:-1\" \/>\n<link rel=\"canonical\" href=\"https:\/\/www.almega.se\/2025\/04\/almegas-syn-pa-lagda-varsel\/\" \/>\n<meta property=\"og:locale\" content=\"sv_SE\" \/>\n<meta property=\"og:type\" content=\"article\" \/>\n<meta property=\"og:title\" content=\"Almegas syn p\u00e5 lagda varsel\" \/>\n<meta property=\"og:description\" content=\"I de l\u00e4nkade intervjuerna med Almegas arbetsgivarpolitiska chef Maria M\u00f6ller kan du l\u00e4sa mer om Almegas \u00e5sikter i varselfr\u00e5gorna.\u00a0 TT: Varslar om strejk p\u00e5 SVT: \u201dOansvarigt\u201d Tidningen n\u00e4ringslivet&nbsp;Tj\u00e4nstemannafacken varslar om strejker \u2013 \u201dAggressivt\u201d | Tidningen &hellip;\" \/>\n<meta property=\"og:url\" content=\"https:\/\/www.almega.se\/2025\/04\/almegas-syn-pa-lagda-varsel\/\" \/>\n<meta property=\"og:site_name\" content=\"Almega\" \/>\n<meta property=\"article:published_time\" content=\"2025-04-11T14:04:20+00:00\" \/>\n<meta property=\"article:modified_time\" content=\"2025-04-13T06:53:57+00:00\" \/>\n<meta property=\"og:image\" content=\"https:\/\/www.almega.se\/app\/uploads\/2025\/04\/Skarmavbild-2025-04-11-kl.-15.58.42.png\" \/>\n\t<meta property=\"og:image:width\" content=\"2160\" \/>\n\t<meta property=\"og:image:height\" content=\"1194\" \/>\n\t<meta property=\"og:image:type\" content=\"image\/png\" \/>\n<meta name=\"author\" content=\"Marianne Ahlgren\" \/>\n<meta name=\"twitter:card\" content=\"summary_large_image\" \/>\n<meta name=\"twitter:label1\" content=\"Skriven av\" \/>\n\t<meta name=\"twitter:data1\" content=\"Marianne Ahlgren\" \/>\n\t<meta name=\"twitter:label2\" content=\"Ber\u00e4knad l\u00e4stid\" \/>\n\t<meta name=\"twitter:data2\" content=\"1 minut\" \/>\n<!-- \/ Yoast SEO Premium plugin. -->","yoast_head_json":{"title":"Almegas syn p\u00e5 lagda varsel | Almega","robots":{"index":"index","follow":"follow","max-snippet":"max-snippet:-1","max-image-preview":"max-image-preview:large","max-video-preview":"max-video-preview:-1"},"canonical":"https:\/\/www.almega.se\/2025\/04\/almegas-syn-pa-lagda-varsel\/","og_locale":"sv_SE","og_type":"article","og_title":"Almegas syn p\u00e5 lagda varsel","og_description":"I de l\u00e4nkade intervjuerna med Almegas arbetsgivarpolitiska chef Maria M\u00f6ller kan du l\u00e4sa mer om Almegas \u00e5sikter i varselfr\u00e5gorna.\u00a0 TT: Varslar om strejk p\u00e5 SVT: \u201dOansvarigt\u201d Tidningen n\u00e4ringslivet&nbsp;Tj\u00e4nstemannafacken varslar om strejker \u2013 \u201dAggressivt\u201d | Tidningen &hellip;","og_url":"https:\/\/www.almega.se\/2025\/04\/almegas-syn-pa-lagda-varsel\/","og_site_name":"Almega","article_published_time":"2025-04-11T14:04:20+00:00","article_modified_time":"2025-04-13T06:53:57+00:00","og_image":[{"width":2160,"height":1194,"url":"https:\/\/www.almega.se\/app\/uploads\/2025\/04\/Skarmavbild-2025-04-11-kl.-15.58.42.png","type":"image\/png"}],"author":"Marianne Ahlgren","twitter_card":"summary_large_image","twitter_misc":{"Skriven av":"Marianne Ahlgren","Ber\u00e4knad l\u00e4stid":"1 minut"},"schema":{"@context":"https:\/\/schema.org","@graph":[{"@type":"NewsArticle","@id":"https:\/\/www.almega.se\/2025\/04\/almegas-syn-pa-lagda-varsel\/#article","isPartOf":{"@id":"https:\/\/www.almega.se\/2025\/04\/almegas-syn-pa-lagda-varsel\/"},"author":{"name":"Marianne Ahlgren","@id":"https:\/\/www.almega.se\/#\/schema\/person\/860599f2ded56005a909a04b92cf7035"},"headline":"Almegas syn p\u00e5 lagda varsel","datePublished":"2025-04-11T14:04:20+00:00","dateModified":"2025-04-13T06:53:57+00:00","mainEntityOfPage":{"@id":"https:\/\/www.almega.se\/2025\/04\/almegas-syn-pa-lagda-varsel\/"},"wordCount":89,"image":{"@id":"https:\/\/www.almega.se\/2025\/04\/almegas-syn-pa-lagda-varsel\/#primaryimage"},"thumbnailUrl":"https:\/\/www.almega.se\/app\/uploads\/2025\/04\/Skarmavbild-2025-04-11-kl.-15.58.42.png","articleSection":["Avtalsr\u00f6relse"],"inLanguage":"sv-SE"},{"@type":"WebPage","@id":"https:\/\/www.almega.se\/2025\/04\/almegas-syn-pa-lagda-varsel\/","url":"https:\/\/www.almega.se\/2025\/04\/almegas-syn-pa-lagda-varsel\/","name":"Almegas syn p\u00e5 lagda varsel | Almega","isPartOf":{"@id":"https:\/\/www.almega.se\/#website"},"primaryImageOfPage":{"@id":"https:\/\/www.almega.se\/2025\/04\/almegas-syn-pa-lagda-varsel\/#primaryimage"},"image":{"@id":"https:\/\/www.almega.se\/2025\/04\/almegas-syn-pa-lagda-varsel\/#primaryimage"},"thumbnailUrl":"https:\/\/www.almega.se\/app\/uploads\/2025\/04\/Skarmavbild-2025-04-11-kl.-15.58.42.png","datePublished":"2025-04-11T14:04:20+00:00","dateModified":"2025-04-13T06:53:57+00:00","author":{"@id":"https:\/\/www.almega.se\/#\/schema\/person\/860599f2ded56005a909a04b92cf7035"},"breadcrumb":{"@id":"https:\/\/www.almega.se\/2025\/04\/almegas-syn-pa-lagda-varsel\/#breadcrumb"},"inLanguage":"sv-SE","potentialAction":[{"@type":"ReadAction","target":["https:\/\/www.almega.se\/2025\/04\/almegas-syn-pa-lagda-varsel\/"]}]},{"@type":"ImageObject","inLanguage":"sv-SE","@id":"https:\/\/www.almega.se\/2025\/04\/almegas-syn-pa-lagda-varsel\/#primaryimage","url":"https:\/\/www.almega.se\/app\/uploads\/2025\/04\/Skarmavbild-2025-04-11-kl.-15.58.42.png","contentUrl":"https:\/\/www.almega.se\/app\/uploads\/2025\/04\/Skarmavbild-2025-04-11-kl.-15.58.42.png","width":2160,"height":1194},{"@type":"BreadcrumbList","@id":"https:\/\/www.almega.se\/2025\/04\/almegas-syn-pa-lagda-varsel\/#breadcrumb","itemListElement":[{"@type":"ListItem","position":1,"name":"Home","item":"https:\/\/www.almega.se\/"},{"@type":"ListItem","position":2,"name":"Almegas syn p\u00e5 lagda varsel"}]},{"@type":"WebSite","@id":"https:\/\/www.almega.se\/#website","url":"https:\/\/www.almega.se\/","name":"Almega","description":"","potentialAction":[{"@type":"SearchAction","target":{"@type":"EntryPoint","urlTemplate":"https:\/\/www.almega.se\/?s={search_term_string}"},"query-input":{"@type":"PropertyValueSpecification","valueRequired":true,"valueName":"search_term_string"}}],"inLanguage":"sv-SE"},{"@type":"Person","@id":"https:\/\/www.almega.se\/#\/schema\/person\/860599f2ded56005a909a04b92cf7035","name":"Marianne Ahlgren","image":{"@type":"ImageObject","inLanguage":"sv-SE","@id":"https:\/\/www.almega.se\/#\/schema\/person\/image\/","url":"https:\/\/secure.gravatar.com\/avatar\/4c350e8b0dd656a6bbe04785780665ac53c7b373c038b1140ce3ae5e8cb21bef?s=96&d=mm&r=g","contentUrl":"https:\/\/secure.gravatar.com\/avatar\/4c350e8b0dd656a6bbe04785780665ac53c7b373c038b1140ce3ae5e8cb21bef?s=96&d=mm&r=g","caption":"Marianne Ahlgren"},"url":"https:\/\/www.almega.se\/person\/marianneahlgren\/"}]}},"_links":{"self":[{"href":"https:\/\/www.almega.se\/api\/wp\/v2\/posts\/78612","targetHints":{"allow":["GET"]}}],"collection":[{"href":"https:\/\/www.almega.se\/api\/wp\/v2\/posts"}],"about":[{"href":"https:\/\/www.almega.se\/api\/wp\/v2\/types\/post"}],"author":[{"embeddable":true,"href":"https:\/\/www.almega.se\/api\/wp\/v2\/users\/3380"}],"replies":[{"embeddable":true,"href":"https:\/\/www.almega.se\/api\/wp\/v2\/comments?post=78612"}],"version-history":[{"count":3,"href":"https:\/\/www.almega.se\/api\/wp\/v2\/posts\/78612\/revisions"}],"predecessor-version":[{"id":78631,"href":"https:\/\/www.almega.se\/api\/wp\/v2\/posts\/78612\/revisions\/78631"}],"wp:featuredmedia":[{"embeddable":true,"href":"https:\/\/www.almega.se\/api\/wp\/v2\/media\/78614"}],"wp:attachment":[{"href":"https:\/\/www.almega.se\/api\/wp\/v2\/media?parent=78612"}],"wp:term":[{"taxonomy":"category","embeddable":true,"href":"https:\/\/www.almega.se\/api\/wp\/v2\/categories?post=78612"},{"taxonomy":"post_tag","embeddable":true,"href":"https:\/\/www.almega.se\/api\/wp\/v2\/tags?post=78612"},{"taxonomy":"type","embeddable":true,"href":"https:\/\/www.almega.se\/api\/wp\/v2\/article_type?post=78612"},{"taxonomy":"agreement","embeddable":true,"href":"https:\/\/www.almega.se\/api\/wp\/v2\/agreement?post=78612"}],"curies":[{"name":"wp","href":"https:\/\/api.w.org\/{rel}","templated":true}]}}