{"id":78577,"date":"2025-04-10T17:09:20","date_gmt":"2025-04-10T15:09:20","guid":{"rendered":"https:\/\/www.almega.se\/?p=78577"},"modified":"2025-04-11T18:23:10","modified_gmt":"2025-04-11T16:23:10","slug":"varsel-om-konfliktatgarder-hos-kundforetag","status":"publish","type":"post","link":"https:\/\/www.almega.se\/2025\/04\/varsel-om-konfliktatgarder-hos-kundforetag\/","title":{"rendered":"Varsel om konflikt\u00e5tg\u00e4rder hos kund&shy;f\u00f6retag"},"content":{"rendered":"<p class=\"intro\">Med anledning av att Unionen och Sveriges Ingenj\u00f6rer varslat om strejk p\u00e5 flera avtalsomr\u00e5den inom Almega p\u00e5minner vi om den neutralitetsprincip som g\u00e4ller f\u00f6r medlemmar i Kompetensf\u00f6retagen vid utbruten konflikt. <!-- wp:paragraph --><\/p>\n<p class=\"intro\"><!-- \/wp:paragraph --><\/p>\n<p>Detta inneb\u00e4r att bemanningsf\u00f6retag \u00e4r skyldiga att iaktta neutralitet vid konflikter hos kundf\u00f6retag vilket bland annat regleras i Kompetensf\u00f6retagens etiska regler.<\/p>\n<p><a href=\"https:\/\/medlem.arbetsgivarguiden.se\/a-till-o\/554\">L\u00e4s mer om neutralitetspricnipen p\u00e5 Arbetsgivarguiden<\/a>.<\/p>\n<p><!-- \/wp:post-content --> <!-- wp:paragraph --><\/p>\n<p>Neutraliteten inneb\u00e4r att kompetensf\u00f6retaget s\u00e5 l\u00e5ngt som m\u00f6jligt ska agera s\u00e5 att man varken f\u00f6rst\u00e4rker eller lindrar effekten av den p\u00e5g\u00e5ende konflikten. Detta inneb\u00e4r i praktiken att Kompetensf\u00f6retagens medlemsf\u00f6retag varken ska minska eller ut\u00f6ka omfattningen av bemanningen hos kund, med anledning av en utbruten konflikt.<\/p>\n\n<!-- wp:paragraph -->\n<p>Medlemsf\u00f6retag i Kompetensf\u00f6retagen \u00e4r inte part i konflikten och \u00e4r d\u00e4rf\u00f6r inte ber\u00f6rda av varslet utan verksamheten ska bedrivas som vanligt.<\/p>\n<!-- \/wp:paragraph -->\n\n<!-- wp:paragraph -->\n<p>Detaljerad och uppdaterad information om vilka avtalsomr\u00e5den som ber\u00f6rs samt de varslade strids\u00e5tg\u00e4rderna finns p\u00e5 <a href=\"https:\/\/www.almega.se\/fokus\/avtalsrorelsen\/\" target=\"_blank\" rel=\"noreferrer noopener\">Almegas hemsida f\u00f6r Avtalsr\u00f6relsen 2025<\/a>. Informationen uppdateras l\u00f6pande.<\/p>\n<!-- \/wp:paragraph -->\n\n<!-- wp:paragraph -->\n<p>Vid eventuella fr\u00e5gor f\u00e5r ni g\u00e4rna kontakta n\u00e5gon av Kompetensf\u00f6retagens f\u00f6rhandlare.<\/p>\n<!-- \/wp:paragraph -->","protected":false},"excerpt":{"rendered":"<p>Detta inneb\u00e4r att bemanningsf\u00f6retag \u00e4r skyldiga att iaktta neutralitet vid konflikter hos kundf\u00f6retag vilket bland annat regleras i Kompetensf\u00f6retagens etiska regler. L\u00e4s mer om neutralitetspricnipen p\u00e5 Arbetsgivarguiden. Neutraliteten inneb\u00e4r att kompetensf\u00f6retaget s\u00e5 l\u00e5ngt som m\u00f6jligt &hellip;<\/p>\n","protected":false},"author":89,"featured_media":0,"comment_status":"closed","ping_status":"closed","sticky":false,"template":"","format":"standard","meta":{"_acf_changed":false,"footnotes":""},"categories":[767],"tags":[],"article_type":[313],"agreement":[109,114,110,111,112,113,115,116,117,118,119,120,121,122,123,124,125,127,126,236,108,128],"class_list":["post-78577","post","type-post","status-publish","format-standard","hentry","category-bemanning","type-arbetsgivarnytt","agreement-9cce80f7-ff07-de11-b4e1-02bf9e69ca65","agreement-a8ce80f7-ff07-de11-b4e1-02bf9e69ca65","agreement-a2ce80f7-ff07-de11-b4e1-02bf9e69ca65","agreement-a1ce80f7-ff07-de11-b4e1-02bf9e69ca65","agreement-9dce80f7-ff07-de11-b4e1-02bf9e69ca65","agreement-a3ce80f7-ff07-de11-b4e1-02bf9e69ca65","agreement-9ece80f7-ff07-de11-b4e1-02bf9e69ca65","agreement-a4ce80f7-ff07-de11-b4e1-02bf9e69ca65","agreement-20c6e08e-fe12-de11-b4e1-02bf9e69ca65","agreement-a7ce80f7-ff07-de11-b4e1-02bf9e69ca65","agreement-a5ce80f7-ff07-de11-b4e1-02bf9e69ca65","agreement-a6ce80f7-ff07-de11-b4e1-02bf9e69ca65","agreement-a0ce80f7-ff07-de11-b4e1-02bf9e69ca65","agreement-9fce80f7-ff07-de11-b4e1-02bf9e69ca65","agreement-aace80f7-ff07-de11-b4e1-02bf9e69ca65","agreement-a9ce80f7-ff07-de11-b4e1-02bf9e69ca65","agreement-705d8229-a064-de11-bdb9-02bf9e69ca65","agreement-875fe194-42a2-e411-95d0-005056b20fd6","agreement-2767ab55-42a2-e411-95d0-005056b20fd6","agreement-b0ce80f7-ff07-de11-b4e1-02bf9e69ca65","agreement-acce80f7-ff07-de11-b4e1-02bf9e69ca65","agreement-abce80f7-ff07-de11-b4e1-02bf9e69ca65"],"acf":[],"yoast_head":"<!-- This site is optimized with the Yoast SEO Premium plugin v26.8 (Yoast SEO v26.8) - https:\/\/yoast.com\/product\/yoast-seo-premium-wordpress\/ -->\n<title>Varsel om konflikt\u00e5tg\u00e4rder hos kundf\u00f6retag | Almega<\/title>\n<meta name=\"robots\" content=\"index, follow, max-snippet:-1, max-image-preview:large, max-video-preview:-1\" \/>\n<link rel=\"canonical\" href=\"https:\/\/www.almega.se\/2025\/04\/varsel-om-konfliktatgarder-hos-kundforetag\/\" \/>\n<meta property=\"og:locale\" content=\"sv_SE\" \/>\n<meta property=\"og:type\" content=\"article\" \/>\n<meta property=\"og:title\" content=\"Varsel om konflikt\u00e5tg\u00e4rder hos kundf\u00f6retag\" \/>\n<meta property=\"og:description\" content=\"Detta inneb\u00e4r att bemanningsf\u00f6retag \u00e4r skyldiga att iaktta neutralitet vid konflikter hos kundf\u00f6retag vilket bland annat regleras i Kompetensf\u00f6retagens etiska regler. L\u00e4s mer om neutralitetspricnipen p\u00e5 Arbetsgivarguiden. Neutraliteten inneb\u00e4r att kompetensf\u00f6retaget s\u00e5 l\u00e5ngt som m\u00f6jligt &hellip;\" \/>\n<meta property=\"og:url\" content=\"https:\/\/www.almega.se\/2025\/04\/varsel-om-konfliktatgarder-hos-kundforetag\/\" \/>\n<meta property=\"og:site_name\" content=\"Almega\" \/>\n<meta property=\"article:published_time\" content=\"2025-04-10T15:09:20+00:00\" \/>\n<meta property=\"article:modified_time\" content=\"2025-04-11T16:23:10+00:00\" \/>\n<meta property=\"og:image\" content=\"https:\/\/www.almega.se\/app\/uploads\/2020\/12\/almega-share-logo.png\" \/>\n\t<meta property=\"og:image:width\" content=\"1200\" \/>\n\t<meta property=\"og:image:height\" content=\"630\" \/>\n\t<meta property=\"og:image:type\" content=\"image\/png\" \/>\n<meta name=\"author\" content=\"Lena Martinell \u00c5kerblom\" \/>\n<meta name=\"twitter:card\" content=\"summary_large_image\" \/>\n<meta name=\"twitter:label1\" content=\"Skriven av\" \/>\n\t<meta name=\"twitter:data1\" content=\"Lena Martinell \u00c5kerblom\" \/>\n\t<meta name=\"twitter:label2\" content=\"Ber\u00e4knad l\u00e4stid\" \/>\n\t<meta name=\"twitter:data2\" content=\"1 minut\" \/>\n<!-- \/ Yoast SEO Premium plugin. -->","yoast_head_json":{"title":"Varsel om konflikt\u00e5tg\u00e4rder hos kundf\u00f6retag | Almega","robots":{"index":"index","follow":"follow","max-snippet":"max-snippet:-1","max-image-preview":"max-image-preview:large","max-video-preview":"max-video-preview:-1"},"canonical":"https:\/\/www.almega.se\/2025\/04\/varsel-om-konfliktatgarder-hos-kundforetag\/","og_locale":"sv_SE","og_type":"article","og_title":"Varsel om konflikt\u00e5tg\u00e4rder hos kundf\u00f6retag","og_description":"Detta inneb\u00e4r att bemanningsf\u00f6retag \u00e4r skyldiga att iaktta neutralitet vid konflikter hos kundf\u00f6retag vilket bland annat regleras i Kompetensf\u00f6retagens etiska regler. L\u00e4s mer om neutralitetspricnipen p\u00e5 Arbetsgivarguiden. Neutraliteten inneb\u00e4r att kompetensf\u00f6retaget s\u00e5 l\u00e5ngt som m\u00f6jligt &hellip;","og_url":"https:\/\/www.almega.se\/2025\/04\/varsel-om-konfliktatgarder-hos-kundforetag\/","og_site_name":"Almega","article_published_time":"2025-04-10T15:09:20+00:00","article_modified_time":"2025-04-11T16:23:10+00:00","og_image":[{"width":1200,"height":630,"url":"https:\/\/www.almega.se\/app\/uploads\/2020\/12\/almega-share-logo.png","type":"image\/png"}],"author":"Lena Martinell \u00c5kerblom","twitter_card":"summary_large_image","twitter_misc":{"Skriven av":"Lena Martinell \u00c5kerblom","Ber\u00e4knad l\u00e4stid":"1 minut"},"schema":{"@context":"https:\/\/schema.org","@graph":[{"@type":"NewsArticle","@id":"https:\/\/www.almega.se\/2025\/04\/varsel-om-konfliktatgarder-hos-kundforetag\/#article","isPartOf":{"@id":"https:\/\/www.almega.se\/2025\/04\/varsel-om-konfliktatgarder-hos-kundforetag\/"},"author":{"name":"Lena Martinell \u00c5kerblom","@id":"https:\/\/www.almega.se\/#\/schema\/person\/be1f5c450f9fd79fd3ce7cee9c56d246"},"headline":"Varsel om konflikt\u00e5tg\u00e4rder hos kund&shy;f\u00f6retag","datePublished":"2025-04-10T15:09:20+00:00","dateModified":"2025-04-11T16:23:10+00:00","mainEntityOfPage":{"@id":"https:\/\/www.almega.se\/2025\/04\/varsel-om-konfliktatgarder-hos-kundforetag\/"},"wordCount":169,"articleSection":["Bemanning"],"inLanguage":"sv-SE"},{"@type":"WebPage","@id":"https:\/\/www.almega.se\/2025\/04\/varsel-om-konfliktatgarder-hos-kundforetag\/","url":"https:\/\/www.almega.se\/2025\/04\/varsel-om-konfliktatgarder-hos-kundforetag\/","name":"Varsel om konflikt\u00e5tg\u00e4rder hos kundf\u00f6retag | Almega","isPartOf":{"@id":"https:\/\/www.almega.se\/#website"},"datePublished":"2025-04-10T15:09:20+00:00","dateModified":"2025-04-11T16:23:10+00:00","author":{"@id":"https:\/\/www.almega.se\/#\/schema\/person\/be1f5c450f9fd79fd3ce7cee9c56d246"},"breadcrumb":{"@id":"https:\/\/www.almega.se\/2025\/04\/varsel-om-konfliktatgarder-hos-kundforetag\/#breadcrumb"},"inLanguage":"sv-SE","potentialAction":[{"@type":"ReadAction","target":["https:\/\/www.almega.se\/2025\/04\/varsel-om-konfliktatgarder-hos-kundforetag\/"]}]},{"@type":"BreadcrumbList","@id":"https:\/\/www.almega.se\/2025\/04\/varsel-om-konfliktatgarder-hos-kundforetag\/#breadcrumb","itemListElement":[{"@type":"ListItem","position":1,"name":"Home","item":"https:\/\/www.almega.se\/"},{"@type":"ListItem","position":2,"name":"Varsel om konflikt\u00e5tg\u00e4rder hos kund&shy;f\u00f6retag"}]},{"@type":"WebSite","@id":"https:\/\/www.almega.se\/#website","url":"https:\/\/www.almega.se\/","name":"Almega","description":"","potentialAction":[{"@type":"SearchAction","target":{"@type":"EntryPoint","urlTemplate":"https:\/\/www.almega.se\/?s={search_term_string}"},"query-input":{"@type":"PropertyValueSpecification","valueRequired":true,"valueName":"search_term_string"}}],"inLanguage":"sv-SE"},{"@type":"Person","@id":"https:\/\/www.almega.se\/#\/schema\/person\/be1f5c450f9fd79fd3ce7cee9c56d246","name":"Lena Martinell \u00c5kerblom","image":{"@type":"ImageObject","inLanguage":"sv-SE","@id":"https:\/\/www.almega.se\/#\/schema\/person\/image\/","url":"https:\/\/secure.gravatar.com\/avatar\/6b96f0f959d0411120737c5f1f1bb551e7f38fe13ddbaab86a1108e9f0051c53?s=96&d=mm&r=g","contentUrl":"https:\/\/secure.gravatar.com\/avatar\/6b96f0f959d0411120737c5f1f1bb551e7f38fe13ddbaab86a1108e9f0051c53?s=96&d=mm&r=g","caption":"Lena Martinell \u00c5kerblom"},"description":"Lena \u00e4r team leader f\u00f6r administrat\u00f6rerna inom Arbetsgivarservice p\u00e5 Almega i Stockholm.","url":"https:\/\/www.almega.se\/person\/lenamartinellakerblom\/"}]}},"_links":{"self":[{"href":"https:\/\/www.almega.se\/api\/wp\/v2\/posts\/78577","targetHints":{"allow":["GET"]}}],"collection":[{"href":"https:\/\/www.almega.se\/api\/wp\/v2\/posts"}],"about":[{"href":"https:\/\/www.almega.se\/api\/wp\/v2\/types\/post"}],"author":[{"embeddable":true,"href":"https:\/\/www.almega.se\/api\/wp\/v2\/users\/89"}],"replies":[{"embeddable":true,"href":"https:\/\/www.almega.se\/api\/wp\/v2\/comments?post=78577"}],"version-history":[{"count":11,"href":"https:\/\/www.almega.se\/api\/wp\/v2\/posts\/78577\/revisions"}],"predecessor-version":[{"id":78618,"href":"https:\/\/www.almega.se\/api\/wp\/v2\/posts\/78577\/revisions\/78618"}],"wp:attachment":[{"href":"https:\/\/www.almega.se\/api\/wp\/v2\/media?parent=78577"}],"wp:term":[{"taxonomy":"category","embeddable":true,"href":"https:\/\/www.almega.se\/api\/wp\/v2\/categories?post=78577"},{"taxonomy":"post_tag","embeddable":true,"href":"https:\/\/www.almega.se\/api\/wp\/v2\/tags?post=78577"},{"taxonomy":"type","embeddable":true,"href":"https:\/\/www.almega.se\/api\/wp\/v2\/article_type?post=78577"},{"taxonomy":"agreement","embeddable":true,"href":"https:\/\/www.almega.se\/api\/wp\/v2\/agreement?post=78577"}],"curies":[{"name":"wp","href":"https:\/\/api.w.org\/{rel}","templated":true}]}}