{"id":78576,"date":"2025-04-10T16:57:32","date_gmt":"2025-04-10T14:57:32","guid":{"rendered":"https:\/\/www.almega.se\/?p=78576"},"modified":"2025-10-21T11:17:22","modified_gmt":"2025-10-21T09:17:22","slug":"konflikt-3-fragor-och-svar","status":"publish","type":"post","link":"https:\/\/www.almega.se\/2025\/04\/konflikt-3-fragor-och-svar\/","title":{"rendered":"Konflikt: 4 fr\u00e5gor och svar"},"content":{"rendered":"<p class=\"intro\">Almega svarar om arbetstidsf\u00f6rkortning och l\u00f6ne\u00f6kningar.<\/p>\n<a class='Share__link Share__link--url copy-text' href='#' rel='nofollow' data-text='vad-innebar-den-arbetstidsforkortning-facken-kraver-i-konflikten-med-almega?' title='Dela url' data-confirmation='L\u00e4nken kopierades till urklipp'><svg class='icon icon--link'  width='18' height='18' viewBox='0 0 18 18' fill='none' xmlns='http:\/\/www.w3.org\/2000\/svg'>\n            <path d='M10.4142 0.514721L6.87868 4.05025L8.29289 5.46447L11.1213 2.63604L15.364 6.87868L12.5355 9.70711L13.9497 11.1213L17.4853 7.58579C17.8763 7.19476 17.8763 6.5626 17.4853 6.17158L11.8284 0.514721C11.4374 0.123691 10.8052 0.123691 10.4142 0.514721Z' fill='black'\/>\n            <path d='M9.7071 12.5355L6.87868 15.364L2.63604 11.1213L5.46446 8.2929L4.05025 6.87868L0.514716 10.4142C0.123686 10.8052 0.123686 11.4374 0.514716 11.8284L6.17157 17.4853C6.5626 17.8763 7.19475 17.8763 7.58578 17.4853L11.1213 13.9497L9.7071 12.5355Z' fill='black'\/>\n            <path d='M6.17157 11.8284C6.5626 12.2195 7.19475 12.2195 7.58578 11.8284L11.8284 7.58579C12.2195 7.19476 12.2195 6.56261 11.8284 6.17158C11.4374 5.78055 10.8052 5.78055 10.4142 6.17158L6.17157 10.4142C5.78054 10.8052 5.78054 11.4374 6.17157 11.8284Z' fill='black'\/>\n            <\/svg> <\/a>\n<h2 class=\"wp-block-heading\" id=\"h-vad-innebar-den-arbetstidsforkortning-facken-kraver-i-konflikten-med-almega\">Vad inneb\u00e4r den arbetstidsf\u00f6rkortning facken kr\u00e4ver i konflikten med Almega?<\/h2>\n\n\n\n<p>Den inneb\u00e4r en extra ledig dag per \u00e5r f\u00f6r anst\u00e4llda. Facken har \u00e4ven som uttalad ambition att f\u00f6rkorta arbetstiden med 100 timmar per \u00e5r.<\/p>\n\n\n<a class='Share__link Share__link--url copy-text' href='#' rel='nofollow' data-text='andra-arbetsgivare-har-ju-kommit-overens-med-facket-om-arbetstidsforkortning,-kan-inte-almega-gora-samma-sak?' title='Dela url' data-confirmation='L\u00e4nken kopierades till urklipp'><svg class='icon icon--link'  width='18' height='18' viewBox='0 0 18 18' fill='none' xmlns='http:\/\/www.w3.org\/2000\/svg'>\n            <path d='M10.4142 0.514721L6.87868 4.05025L8.29289 5.46447L11.1213 2.63604L15.364 6.87868L12.5355 9.70711L13.9497 11.1213L17.4853 7.58579C17.8763 7.19476 17.8763 6.5626 17.4853 6.17158L11.8284 0.514721C11.4374 0.123691 10.8052 0.123691 10.4142 0.514721Z' fill='black'\/>\n            <path d='M9.7071 12.5355L6.87868 15.364L2.63604 11.1213L5.46446 8.2929L4.05025 6.87868L0.514716 10.4142C0.123686 10.8052 0.123686 11.4374 0.514716 11.8284L6.17157 17.4853C6.5626 17.8763 7.19475 17.8763 7.58578 17.4853L11.1213 13.9497L9.7071 12.5355Z' fill='black'\/>\n            <path d='M6.17157 11.8284C6.5626 12.2195 7.19475 12.2195 7.58578 11.8284L11.8284 7.58579C12.2195 7.19476 12.2195 6.56261 11.8284 6.17158C11.4374 5.78055 10.8052 5.78055 10.4142 6.17158L6.17157 10.4142C5.78054 10.8052 5.78054 11.4374 6.17157 11.8284Z' fill='black'\/>\n            <\/svg> <\/a>\n<h2 class=\"wp-block-heading\" id=\"h-andra-arbetsgivare-har-ju-kommit-overens-med-facket-om-arbetstidsforkortning-kan-inte-almega-gora-samma-sak\">Andra arbetsgivare har ju kommit \u00f6verens med facket om arbetstidsf\u00f6rkortning, kan inte Almega g\u00f6ra samma sak?<\/h2>\n\n\n\n<p>Vi f\u00f6rst\u00e5r att det \u00e4r en viktig fr\u00e5ga f\u00f6r facken och vi har hela tiden varit villiga att diskutera utformningen av en arbetstidsf\u00f6rkortning som fungerar i tj\u00e4nstesektorn. I en f\u00f6rhandling m\u00e5ste b\u00e5da parter vara beredda att b\u00e5de ge och ta. Nu har vi en situation d\u00e4r facket kr\u00e4ver j\u00e4ttemycket men inte \u00e4r beredda att ge n\u00e5got i utbyte som har ett v\u00e4rde f\u00f6r oss.<\/p>\n\n\n<a class='Share__link Share__link--url copy-text' href='#' rel='nofollow' data-text='foljer-almega-loneokningar-i-niva-med-market?' title='Dela url' data-confirmation='L\u00e4nken kopierades till urklipp'><svg class='icon icon--link'  width='18' height='18' viewBox='0 0 18 18' fill='none' xmlns='http:\/\/www.w3.org\/2000\/svg'>\n            <path d='M10.4142 0.514721L6.87868 4.05025L8.29289 5.46447L11.1213 2.63604L15.364 6.87868L12.5355 9.70711L13.9497 11.1213L17.4853 7.58579C17.8763 7.19476 17.8763 6.5626 17.4853 6.17158L11.8284 0.514721C11.4374 0.123691 10.8052 0.123691 10.4142 0.514721Z' fill='black'\/>\n            <path d='M9.7071 12.5355L6.87868 15.364L2.63604 11.1213L5.46446 8.2929L4.05025 6.87868L0.514716 10.4142C0.123686 10.8052 0.123686 11.4374 0.514716 11.8284L6.17157 17.4853C6.5626 17.8763 7.19475 17.8763 7.58578 17.4853L11.1213 13.9497L9.7071 12.5355Z' fill='black'\/>\n            <path d='M6.17157 11.8284C6.5626 12.2195 7.19475 12.2195 7.58578 11.8284L11.8284 7.58579C12.2195 7.19476 12.2195 6.56261 11.8284 6.17158C11.4374 5.78055 10.8052 5.78055 10.4142 6.17158L6.17157 10.4142C5.78054 10.8052 5.78054 11.4374 6.17157 11.8284Z' fill='black'\/>\n            <\/svg> <\/a>\n<h2 class=\"wp-block-heading\" id=\"h-foljer-almega-loneokningar-i-niva-med-market\">F\u00f6ljer Almega l\u00f6ne\u00f6kningar i niv\u00e5 med m\u00e4rket?<\/h2>\n\n\n\n<p>Ja, vi f\u00f6ljer det m\u00e4rke som s\u00e4tter normen f\u00f6r svensk arbetsmarknad. Det den h\u00e4r konflikten handlar om \u00e4r fr\u00e5gan om arbetstidsf\u00f6rkortning och d\u00e4r har vi hela tiden varit beredda att f\u00f6rhandla om en l\u00f6sning som tar h\u00e4nsyn till de olika branscherna inom tj\u00e4nstesektorn.\u00a0<\/p>\n\n\n<a class='Share__link Share__link--url copy-text' href='#' rel='nofollow' data-text='vilka-foretag-ar-varslade-om-konflikt?' title='Dela url' data-confirmation='L\u00e4nken kopierades till urklipp'><svg class='icon icon--link'  width='18' height='18' viewBox='0 0 18 18' fill='none' xmlns='http:\/\/www.w3.org\/2000\/svg'>\n            <path d='M10.4142 0.514721L6.87868 4.05025L8.29289 5.46447L11.1213 2.63604L15.364 6.87868L12.5355 9.70711L13.9497 11.1213L17.4853 7.58579C17.8763 7.19476 17.8763 6.5626 17.4853 6.17158L11.8284 0.514721C11.4374 0.123691 10.8052 0.123691 10.4142 0.514721Z' fill='black'\/>\n            <path d='M9.7071 12.5355L6.87868 15.364L2.63604 11.1213L5.46446 8.2929L4.05025 6.87868L0.514716 10.4142C0.123686 10.8052 0.123686 11.4374 0.514716 11.8284L6.17157 17.4853C6.5626 17.8763 7.19475 17.8763 7.58578 17.4853L11.1213 13.9497L9.7071 12.5355Z' fill='black'\/>\n            <path d='M6.17157 11.8284C6.5626 12.2195 7.19475 12.2195 7.58578 11.8284L11.8284 7.58579C12.2195 7.19476 12.2195 6.56261 11.8284 6.17158C11.4374 5.78055 10.8052 5.78055 10.4142 6.17158L6.17157 10.4142C5.78054 10.8052 5.78054 11.4374 6.17157 11.8284Z' fill='black'\/>\n            <\/svg> <\/a>\n<h2 class=\"wp-block-heading\" id=\"h-vilka-foretag-ar-varslade-om-konflikt\">Vilka f\u00f6retag \u00e4r varslade om konflikt?<\/h2>\n\n\n\n<p>Det \u00e4r totalt nio f\u00f6retag som \u00e4r varslade om Unionen och Sveriges Ingenj\u00f6rers konflikt\u00e5tg\u00e4rder. De f\u00f6retag som \u00e4r ber\u00f6rda har blivit kontaktade av Almega.<\/p>\n\n\n\n      <a href=\"https:\/\/www.almega.se\/2025\/04\/medlare-utsedda-i-arbetsmarknadskonflikten\/\" target=\"\" class=\"Button is-text Button--arrow-tip\">\n      \n        Medlare utsedda i arbetsmarknadskonflikten\n      \n      \n                \n                <svg class='icon icon--arrow-tip'  width=\"11\" height=\"16\" viewBox=\"0 0 11 16\" fill=\"none\" xmlns=\"http:\/\/www.w3.org\/2000\/svg\">\n<path d=\"M0.858398 15L9.2304 7.99664L0.967732 1.00001\" stroke=\"black\" stroke-width=\"2\" stroke-miterlimit=\"10\"\/>\n<\/svg>\n\n        \n    <\/a>\n  \n\n\n\n      <a href=\"https:\/\/www.almega.se\/fokus\/avtalsrorelsen\/\" target=\"\" class=\"Button is-text Button--arrow-tip white-space-nowrap\">\n      \n        Avtalsr\u00f6relsen\n      \n      \n                \n                <svg class='icon icon--arrow-tip'  width=\"11\" height=\"16\" viewBox=\"0 0 11 16\" fill=\"none\" xmlns=\"http:\/\/www.w3.org\/2000\/svg\">\n<path d=\"M0.858398 15L9.2304 7.99664L0.967732 1.00001\" stroke=\"black\" stroke-width=\"2\" stroke-miterlimit=\"10\"\/>\n<\/svg>\n\n        \n    <\/a>\n  \n","protected":false},"excerpt":{"rendered":"<p>Vad inneb\u00e4r den arbetstidsf\u00f6rkortning facken kr\u00e4ver i konflikten med Almega? Den inneb\u00e4r en extra ledig dag per \u00e5r f\u00f6r anst\u00e4llda. Facken har \u00e4ven som uttalad ambition att f\u00f6rkorta arbetstiden med 100 timmar per \u00e5r. Andra &hellip;<\/p>\n","protected":false},"author":14531,"featured_media":78580,"comment_status":"closed","ping_status":"closed","sticky":false,"template":"","format":"standard","meta":{"_acf_changed":false,"footnotes":""},"categories":[636],"tags":[714],"article_type":[],"agreement":[],"class_list":["post-78576","post","type-post","status-publish","format-standard","has-post-thumbnail","hentry","category-avtalsrorelse","tag-arbetstidsforkortning"],"acf":[],"yoast_head":"<!-- This site is optimized with the Yoast SEO Premium plugin v26.8 (Yoast SEO v26.8) - https:\/\/yoast.com\/product\/yoast-seo-premium-wordpress\/ -->\n<title>Konflikt: 4 fr\u00e5gor och svar | Almega<\/title>\n<meta name=\"robots\" content=\"index, follow, max-snippet:-1, max-image-preview:large, max-video-preview:-1\" \/>\n<link rel=\"canonical\" href=\"https:\/\/www.almega.se\/2025\/04\/konflikt-3-fragor-och-svar\/\" \/>\n<meta property=\"og:locale\" content=\"sv_SE\" \/>\n<meta property=\"og:type\" content=\"article\" \/>\n<meta property=\"og:title\" content=\"Konflikt: 4 fr\u00e5gor och svar\" \/>\n<meta property=\"og:description\" content=\"Vad inneb\u00e4r den arbetstidsf\u00f6rkortning facken kr\u00e4ver i konflikten med Almega? Den inneb\u00e4r en extra ledig dag per \u00e5r f\u00f6r anst\u00e4llda. Facken har \u00e4ven som uttalad ambition att f\u00f6rkorta arbetstiden med 100 timmar per \u00e5r. Andra &hellip;\" \/>\n<meta property=\"og:url\" content=\"https:\/\/www.almega.se\/2025\/04\/konflikt-3-fragor-och-svar\/\" \/>\n<meta property=\"og:site_name\" content=\"Almega\" \/>\n<meta property=\"article:published_time\" content=\"2025-04-10T14:57:32+00:00\" \/>\n<meta property=\"article:modified_time\" content=\"2025-10-21T09:17:22+00:00\" \/>\n<meta property=\"og:image\" content=\"https:\/\/www.almega.se\/app\/uploads\/2025\/04\/Almega_AI_6-1180x745.png\" \/>\n\t<meta property=\"og:image:width\" content=\"1180\" \/>\n\t<meta property=\"og:image:height\" content=\"745\" \/>\n\t<meta property=\"og:image:type\" content=\"image\/png\" \/>\n<meta name=\"author\" content=\"Karin Nyg\u00e5rd\" \/>\n<meta name=\"twitter:card\" content=\"summary_large_image\" \/>\n<meta name=\"twitter:label1\" content=\"Skriven av\" \/>\n\t<meta name=\"twitter:data1\" content=\"Karin Nyg\u00e5rd\" \/>\n\t<meta name=\"twitter:label2\" content=\"Ber\u00e4knad l\u00e4stid\" \/>\n\t<meta name=\"twitter:data2\" content=\"2 minuter\" \/>\n<!-- \/ Yoast SEO Premium plugin. -->","yoast_head_json":{"title":"Konflikt: 4 fr\u00e5gor och svar | Almega","robots":{"index":"index","follow":"follow","max-snippet":"max-snippet:-1","max-image-preview":"max-image-preview:large","max-video-preview":"max-video-preview:-1"},"canonical":"https:\/\/www.almega.se\/2025\/04\/konflikt-3-fragor-och-svar\/","og_locale":"sv_SE","og_type":"article","og_title":"Konflikt: 4 fr\u00e5gor och svar","og_description":"Vad inneb\u00e4r den arbetstidsf\u00f6rkortning facken kr\u00e4ver i konflikten med Almega? Den inneb\u00e4r en extra ledig dag per \u00e5r f\u00f6r anst\u00e4llda. Facken har \u00e4ven som uttalad ambition att f\u00f6rkorta arbetstiden med 100 timmar per \u00e5r. Andra &hellip;","og_url":"https:\/\/www.almega.se\/2025\/04\/konflikt-3-fragor-och-svar\/","og_site_name":"Almega","article_published_time":"2025-04-10T14:57:32+00:00","article_modified_time":"2025-10-21T09:17:22+00:00","og_image":[{"width":1180,"height":745,"url":"https:\/\/www.almega.se\/app\/uploads\/2025\/04\/Almega_AI_6-1180x745.png","type":"image\/png"}],"author":"Karin Nyg\u00e5rd","twitter_card":"summary_large_image","twitter_misc":{"Skriven av":"Karin Nyg\u00e5rd","Ber\u00e4knad l\u00e4stid":"2 minuter"},"schema":{"@context":"https:\/\/schema.org","@graph":[{"@type":"NewsArticle","@id":"https:\/\/www.almega.se\/2025\/04\/konflikt-3-fragor-och-svar\/#article","isPartOf":{"@id":"https:\/\/www.almega.se\/2025\/04\/konflikt-3-fragor-och-svar\/"},"author":{"name":"Karin Nyg\u00e5rd","@id":"https:\/\/www.almega.se\/#\/schema\/person\/eae58f3a71d6b7aa9f71f3139a740a02"},"headline":"Konflikt: 4 fr\u00e5gor och svar","datePublished":"2025-04-10T14:57:32+00:00","dateModified":"2025-10-21T09:17:22+00:00","mainEntityOfPage":{"@id":"https:\/\/www.almega.se\/2025\/04\/konflikt-3-fragor-och-svar\/"},"wordCount":246,"image":{"@id":"https:\/\/www.almega.se\/2025\/04\/konflikt-3-fragor-och-svar\/#primaryimage"},"thumbnailUrl":"https:\/\/www.almega.se\/app\/uploads\/2025\/04\/Almega_AI_6.png","keywords":["arbetstidsf\u00f6rkortning"],"articleSection":["Avtalsr\u00f6relse"],"inLanguage":"sv-SE"},{"@type":"WebPage","@id":"https:\/\/www.almega.se\/2025\/04\/konflikt-3-fragor-och-svar\/","url":"https:\/\/www.almega.se\/2025\/04\/konflikt-3-fragor-och-svar\/","name":"Konflikt: 4 fr\u00e5gor och svar | Almega","isPartOf":{"@id":"https:\/\/www.almega.se\/#website"},"primaryImageOfPage":{"@id":"https:\/\/www.almega.se\/2025\/04\/konflikt-3-fragor-och-svar\/#primaryimage"},"image":{"@id":"https:\/\/www.almega.se\/2025\/04\/konflikt-3-fragor-och-svar\/#primaryimage"},"thumbnailUrl":"https:\/\/www.almega.se\/app\/uploads\/2025\/04\/Almega_AI_6.png","datePublished":"2025-04-10T14:57:32+00:00","dateModified":"2025-10-21T09:17:22+00:00","author":{"@id":"https:\/\/www.almega.se\/#\/schema\/person\/eae58f3a71d6b7aa9f71f3139a740a02"},"breadcrumb":{"@id":"https:\/\/www.almega.se\/2025\/04\/konflikt-3-fragor-och-svar\/#breadcrumb"},"inLanguage":"sv-SE","potentialAction":[{"@type":"ReadAction","target":["https:\/\/www.almega.se\/2025\/04\/konflikt-3-fragor-och-svar\/"]}]},{"@type":"ImageObject","inLanguage":"sv-SE","@id":"https:\/\/www.almega.se\/2025\/04\/konflikt-3-fragor-och-svar\/#primaryimage","url":"https:\/\/www.almega.se\/app\/uploads\/2025\/04\/Almega_AI_6.png","contentUrl":"https:\/\/www.almega.se\/app\/uploads\/2025\/04\/Almega_AI_6.png","width":4092,"height":2582,"caption":"Avtal"},{"@type":"BreadcrumbList","@id":"https:\/\/www.almega.se\/2025\/04\/konflikt-3-fragor-och-svar\/#breadcrumb","itemListElement":[{"@type":"ListItem","position":1,"name":"Home","item":"https:\/\/www.almega.se\/"},{"@type":"ListItem","position":2,"name":"Konflikt: 4 fr\u00e5gor och svar"}]},{"@type":"WebSite","@id":"https:\/\/www.almega.se\/#website","url":"https:\/\/www.almega.se\/","name":"Almega","description":"","potentialAction":[{"@type":"SearchAction","target":{"@type":"EntryPoint","urlTemplate":"https:\/\/www.almega.se\/?s={search_term_string}"},"query-input":{"@type":"PropertyValueSpecification","valueRequired":true,"valueName":"search_term_string"}}],"inLanguage":"sv-SE"},{"@type":"Person","@id":"https:\/\/www.almega.se\/#\/schema\/person\/eae58f3a71d6b7aa9f71f3139a740a02","name":"Karin Nyg\u00e5rd","image":{"@type":"ImageObject","inLanguage":"sv-SE","@id":"https:\/\/www.almega.se\/#\/schema\/person\/image\/","url":"https:\/\/secure.gravatar.com\/avatar\/09e5ec3d12974ae686ad90a0a4bf5404c8a4cfdca18f97124f166ab274023818?s=96&d=mm&r=g","contentUrl":"https:\/\/secure.gravatar.com\/avatar\/09e5ec3d12974ae686ad90a0a4bf5404c8a4cfdca18f97124f166ab274023818?s=96&d=mm&r=g","caption":"Karin Nyg\u00e5rd"},"description":"Produkt\u00e4gare Almega.se, samordnar webbutveckling och utveckling av Arbetsgivarguiden.se","url":"https:\/\/www.almega.se\/person\/karinnygard\/"}]}},"_links":{"self":[{"href":"https:\/\/www.almega.se\/api\/wp\/v2\/posts\/78576","targetHints":{"allow":["GET"]}}],"collection":[{"href":"https:\/\/www.almega.se\/api\/wp\/v2\/posts"}],"about":[{"href":"https:\/\/www.almega.se\/api\/wp\/v2\/types\/post"}],"author":[{"embeddable":true,"href":"https:\/\/www.almega.se\/api\/wp\/v2\/users\/14531"}],"replies":[{"embeddable":true,"href":"https:\/\/www.almega.se\/api\/wp\/v2\/comments?post=78576"}],"version-history":[{"count":7,"href":"https:\/\/www.almega.se\/api\/wp\/v2\/posts\/78576\/revisions"}],"predecessor-version":[{"id":78607,"href":"https:\/\/www.almega.se\/api\/wp\/v2\/posts\/78576\/revisions\/78607"}],"wp:featuredmedia":[{"embeddable":true,"href":"https:\/\/www.almega.se\/api\/wp\/v2\/media\/78580"}],"wp:attachment":[{"href":"https:\/\/www.almega.se\/api\/wp\/v2\/media?parent=78576"}],"wp:term":[{"taxonomy":"category","embeddable":true,"href":"https:\/\/www.almega.se\/api\/wp\/v2\/categories?post=78576"},{"taxonomy":"post_tag","embeddable":true,"href":"https:\/\/www.almega.se\/api\/wp\/v2\/tags?post=78576"},{"taxonomy":"type","embeddable":true,"href":"https:\/\/www.almega.se\/api\/wp\/v2\/article_type?post=78576"},{"taxonomy":"agreement","embeddable":true,"href":"https:\/\/www.almega.se\/api\/wp\/v2\/agreement?post=78576"}],"curies":[{"name":"wp","href":"https:\/\/api.w.org\/{rel}","templated":true}]}}