{"id":78573,"date":"2025-04-10T15:54:16","date_gmt":"2025-04-10T13:54:16","guid":{"rendered":"https:\/\/www.almega.se\/2025\/04\/medlare-utsedda-i-arbetsmarknadskonflikten\/"},"modified":"2025-04-10T17:07:28","modified_gmt":"2025-04-10T15:07:28","slug":"medlare-utsedda-i-arbetsmarknadskonflikten","status":"publish","type":"post","link":"https:\/\/www.almega.se\/2025\/04\/medlare-utsedda-i-arbetsmarknadskonflikten\/","title":{"rendered":"Medlare utsedda i arbetsmarknadskonflikten"},"content":{"rendered":"<p class=\"intro\">Almega v\u00e4lkomnar att medlare nu utsetts. \u201dVi ser fram emot att \u00e5teruppta dialogen med Unionen och Sveriges Ingenj\u00f6rer\u201d, s\u00e4ger Almegas arbetsgivarpolitiska chef, Maria M\u00f6ller.<\/p>\n\n<p>I g\u00e5r varslade fackf\u00f6rbunden Unionen och Sveriges Ingenj\u00f6rer om konflikt efter att f\u00f6rhandlingarna om nya kollektivavtal hastigt avbrutits av facken. Beklagligt, enligt Almega, som g\u00e4rna hade fortsatt f\u00f6rhandlingarna p\u00e5 de datum som var planerade. Almega v\u00e4lkomnar att medlare nu utsetts. \u201dVi ser fram emot att \u00e5teruppta dialogen med Unionen och Sveriges Ingenj\u00f6rer\u201d, s\u00e4ger Almegas arbetsgivarpolitiska chef, <strong>Maria M\u00f6ller.<\/strong><\/p>\n\n\n\n<p>\u2013 Vi hade g\u00e4rna fortsatt f\u00f6rhandlingarna. Men samtidigt n\u00e4r vi har varit villiga att f\u00f6rhandla fram l\u00f6sningar som passar b\u00e5de facken och f\u00f6retagen inom tj\u00e4nstesektorn v\u00e4ljer de att ta till konfliktvapnet, d\u00e5 \u00e4r det sv\u00e5rt att f\u00f6rhandla, s\u00e4ger Maria M\u00f6ller, arbetsgivarpolitisk chef p\u00e5 Almega.<\/p>\n\n\n<a class='Share__link Share__link--url copy-text' href='#' rel='nofollow' data-text='medlare-utsedda' title='Dela url' data-confirmation='L\u00e4nken kopierades till urklipp'><svg class='icon icon--link'  width='18' height='18' viewBox='0 0 18 18' fill='none' xmlns='http:\/\/www.w3.org\/2000\/svg'>\n            <path d='M10.4142 0.514721L6.87868 4.05025L8.29289 5.46447L11.1213 2.63604L15.364 6.87868L12.5355 9.70711L13.9497 11.1213L17.4853 7.58579C17.8763 7.19476 17.8763 6.5626 17.4853 6.17158L11.8284 0.514721C11.4374 0.123691 10.8052 0.123691 10.4142 0.514721Z' fill='black'\/>\n            <path d='M9.7071 12.5355L6.87868 15.364L2.63604 11.1213L5.46446 8.2929L4.05025 6.87868L0.514716 10.4142C0.123686 10.8052 0.123686 11.4374 0.514716 11.8284L6.17157 17.4853C6.5626 17.8763 7.19475 17.8763 7.58578 17.4853L11.1213 13.9497L9.7071 12.5355Z' fill='black'\/>\n            <path d='M6.17157 11.8284C6.5626 12.2195 7.19475 12.2195 7.58578 11.8284L11.8284 7.58579C12.2195 7.19476 12.2195 6.56261 11.8284 6.17158C11.4374 5.78055 10.8052 5.78055 10.4142 6.17158L6.17157 10.4142C5.78054 10.8052 5.78054 11.4374 6.17157 11.8284Z' fill='black'\/>\n            <\/svg> <\/a>\n<h2 class=\"wp-block-heading\" id=\"h-medlare-utsedda\">Medlare utsedda<\/h2>\n\n\n\n<p>Nu har Medlingsinstitutet utsett de medlare som har i uppgift att f\u00e5 parterna att n\u00e5 en \u00f6verenskommelse. Medlare blir Anders Ferbe, tidigare bland annat ordf\u00f6rande f\u00f6r IF Metall, G\u00f6ran Gr\u00e4slund, tidigare generaldirekt\u00f6r p\u00e5 Datainspektionen och Anna Falck som \u00e4r tidigare f\u00f6rhandlingschef p\u00e5 Arbetsgivarverket.<\/p>\n\n\n\n<p>\u2013 Medlarna \u00e4r mycket rutinerade. Vi \u00e4r \u00f6vertygade om att de kan hj\u00e4lpa oss att n\u00e5 ett avtal som fungerar f\u00f6r b\u00e5de arbetsgivare och arbetstagare, och att detta h\u00e5ller sig inom de ramar arbetsmarknadens parter \u00e4r \u00f6verens om, det s\u00e5 kallade m\u00e4rket, s\u00e4ger Maria M\u00f6ller.<\/p>\n\n\n\n      <blockquote class=\"Expert-comment__quote\">\n      <p>&#8221;Det \u00e4r min f\u00f6rhoppning att vi nu med hj\u00e4lp av medlarna kan n\u00e5 konstruktiva l\u00f6sningar som b\u00e5de vi och facken kan leva med&#8221;<\/p>\n\n      \n             <a href=\"https:\/\/www.almega.se\/person\/mariamoller\/\">\n          <figure class=\"Contact-card__image\">\n            <img decoding=\"async\" src=\"https:\/\/www.almega.se\/app\/uploads\/2025\/04\/Maria-Moller-3-380x285.jpg\" alt=\"Maria M\u00f6ller\">\n          <\/figure>\n        <\/a>\n          \n      <h2 class=\"Contact-card__title\">Maria M\u00f6ller<\/h2>\n      <p class=\"mb-0\">F\u00f6rbundsdirekt\u00f6r, chef Arbetsgivarpolitik &amp; Samverkan<\/p>\n      \n                  <a href=\"https:\/\/www.almega.se\/person\/mariamoller\/\" class=\"Contact-card__link\">\n        \n          <p class=\"Contact-card__arrow__text\">L\u00e4s mer<\/p>\n          \n          <svg class='icon icon--arrow-tip'  width=\"11\" height=\"16\" viewBox=\"0 0 11 16\" fill=\"none\" xmlns=\"http:\/\/www.w3.org\/2000\/svg\">\n<path d=\"M0.858398 15L9.2304 7.99664L0.967732 1.00001\" stroke=\"black\" stroke-width=\"2\" stroke-miterlimit=\"10\"\/>\n<\/svg>\n\n          \n      <\/a>\n\n      \n    \n  \n    <\/blockquote>\n  \n\n\n\n<p>Den svenska modellen inneb\u00e4r att fack och arbetsgivare inom industrin kommer \u00f6verens om ett m\u00e4rke, vilka l\u00f6nekostnads\u00f6kningar som ska g\u00e4lla. D\u00e4refter r\u00e4ttar alla andra kollektivavtal in sig efter detta. \u00d6vriga f\u00f6r\u00e4ndringar i kollektivavtalen \u00e4r n\u00e5got som varje avtalsomr\u00e5de ska f\u00f6rhandla om och anpassa f\u00f6r den specifika branschen.<\/p>\n\n\n\n<p>&#8211; Vad som nu har h\u00e4nt nu \u00e4r att facken, Unionen och Sveriges Ingenj\u00f6rer, vill ha arbetstidsf\u00f6rkortning och \u00f6vertidsers\u00e4ttning som kostar f\u00f6retagen j\u00e4ttemycket. Samtidigt vill dom inte ge oss n\u00e5got av v\u00e4rde alls. Det \u00e4r min f\u00f6rhoppning att vi nu med hj\u00e4lp av medlarna kan n\u00e5 konstruktiva l\u00f6sningar som b\u00e5de vi och facken kan leva med s\u00e4ger Maria M\u00f6ller.<\/p>\n\n\n\n<p>Varslen om konflikt fr\u00e5n fackf\u00f6rbunden Unionen och Sveriges Ingenj\u00f6rer omfattar fyra av Almegas kollektivavtal och totalt nio f\u00f6retag. Strids\u00e5tg\u00e4rderna bryter ut den 23 april, om inte ett nytt avtal kommer p\u00e5 plats innan dess.<\/p>\n\n\n\n      <a href=\"https:\/\/www.almega.se\/fokus\/avtalsrorelsen\/\" target=\"\" class=\"Button is-text Button--arrow-tip white-space-nowrap\">\n      \n        Avtalsr\u00f6relsen\n      \n      \n                \n                <svg class='icon icon--arrow-tip'  width=\"11\" height=\"16\" viewBox=\"0 0 11 16\" fill=\"none\" xmlns=\"http:\/\/www.w3.org\/2000\/svg\">\n<path d=\"M0.858398 15L9.2304 7.99664L0.967732 1.00001\" stroke=\"black\" stroke-width=\"2\" stroke-miterlimit=\"10\"\/>\n<\/svg>\n\n        \n    <\/a>\n  \n","protected":false},"excerpt":{"rendered":"<p>I g\u00e5r varslade fackf\u00f6rbunden Unionen och Sveriges Ingenj\u00f6rer om konflikt efter att f\u00f6rhandlingarna om nya kollektivavtal hastigt avbrutits av facken. Beklagligt, enligt Almega, som g\u00e4rna hade fortsatt f\u00f6rhandlingarna p\u00e5 de datum som var planerade. Almega &hellip;<\/p>\n","protected":false},"author":14531,"featured_media":78315,"comment_status":"closed","ping_status":"closed","sticky":false,"template":"","format":"standard","meta":{"_acf_changed":false,"footnotes":""},"categories":[636],"tags":[],"article_type":[93],"agreement":[],"class_list":["post-78573","post","type-post","status-publish","format-standard","has-post-thumbnail","hentry","category-avtalsrorelse","type-pressmeddelanden"],"acf":[],"yoast_head":"<!-- This site is optimized with the Yoast SEO Premium plugin v26.8 (Yoast SEO v26.8) - https:\/\/yoast.com\/product\/yoast-seo-premium-wordpress\/ -->\n<title>Medlare utsedda i arbetsmarknadskonflikten | Almega<\/title>\n<meta name=\"robots\" content=\"index, follow, max-snippet:-1, max-image-preview:large, max-video-preview:-1\" \/>\n<link rel=\"canonical\" href=\"https:\/\/www.almega.se\/2025\/04\/medlare-utsedda-i-arbetsmarknadskonflikten\/\" \/>\n<meta property=\"og:locale\" content=\"sv_SE\" \/>\n<meta property=\"og:type\" content=\"article\" \/>\n<meta property=\"og:title\" content=\"Medlare utsedda i arbetsmarknadskonflikten\" \/>\n<meta property=\"og:description\" content=\"I g\u00e5r varslade fackf\u00f6rbunden Unionen och Sveriges Ingenj\u00f6rer om konflikt efter att f\u00f6rhandlingarna om nya kollektivavtal hastigt avbrutits av facken. Beklagligt, enligt Almega, som g\u00e4rna hade fortsatt f\u00f6rhandlingarna p\u00e5 de datum som var planerade. Almega &hellip;\" \/>\n<meta property=\"og:url\" content=\"https:\/\/www.almega.se\/2025\/04\/medlare-utsedda-i-arbetsmarknadskonflikten\/\" \/>\n<meta property=\"og:site_name\" content=\"Almega\" \/>\n<meta property=\"article:published_time\" content=\"2025-04-10T13:54:16+00:00\" \/>\n<meta property=\"article:modified_time\" content=\"2025-04-10T15:07:28+00:00\" \/>\n<meta property=\"og:image\" content=\"https:\/\/www.almega.se\/app\/uploads\/2025\/04\/7f83ceed-721a-48ed-92c1-3b4d25304a3f-scaled.jpg\" \/>\n\t<meta property=\"og:image:width\" content=\"2560\" \/>\n\t<meta property=\"og:image:height\" content=\"1433\" \/>\n\t<meta property=\"og:image:type\" content=\"image\/jpeg\" \/>\n<meta name=\"author\" content=\"Karin Nyg\u00e5rd\" \/>\n<meta name=\"twitter:card\" content=\"summary_large_image\" \/>\n<meta name=\"twitter:label1\" content=\"Skriven av\" \/>\n\t<meta name=\"twitter:data1\" content=\"Karin Nyg\u00e5rd\" \/>\n\t<meta name=\"twitter:label2\" content=\"Ber\u00e4knad l\u00e4stid\" \/>\n\t<meta name=\"twitter:data2\" content=\"2 minuter\" \/>\n<!-- \/ Yoast SEO Premium plugin. -->","yoast_head_json":{"title":"Medlare utsedda i arbetsmarknadskonflikten | Almega","robots":{"index":"index","follow":"follow","max-snippet":"max-snippet:-1","max-image-preview":"max-image-preview:large","max-video-preview":"max-video-preview:-1"},"canonical":"https:\/\/www.almega.se\/2025\/04\/medlare-utsedda-i-arbetsmarknadskonflikten\/","og_locale":"sv_SE","og_type":"article","og_title":"Medlare utsedda i arbetsmarknadskonflikten","og_description":"I g\u00e5r varslade fackf\u00f6rbunden Unionen och Sveriges Ingenj\u00f6rer om konflikt efter att f\u00f6rhandlingarna om nya kollektivavtal hastigt avbrutits av facken. Beklagligt, enligt Almega, som g\u00e4rna hade fortsatt f\u00f6rhandlingarna p\u00e5 de datum som var planerade. Almega &hellip;","og_url":"https:\/\/www.almega.se\/2025\/04\/medlare-utsedda-i-arbetsmarknadskonflikten\/","og_site_name":"Almega","article_published_time":"2025-04-10T13:54:16+00:00","article_modified_time":"2025-04-10T15:07:28+00:00","og_image":[{"width":2560,"height":1433,"url":"https:\/\/www.almega.se\/app\/uploads\/2025\/04\/7f83ceed-721a-48ed-92c1-3b4d25304a3f-scaled.jpg","type":"image\/jpeg"}],"author":"Karin Nyg\u00e5rd","twitter_card":"summary_large_image","twitter_misc":{"Skriven av":"Karin Nyg\u00e5rd","Ber\u00e4knad l\u00e4stid":"2 minuter"},"schema":{"@context":"https:\/\/schema.org","@graph":[{"@type":"NewsArticle","@id":"https:\/\/www.almega.se\/2025\/04\/medlare-utsedda-i-arbetsmarknadskonflikten\/#article","isPartOf":{"@id":"https:\/\/www.almega.se\/2025\/04\/medlare-utsedda-i-arbetsmarknadskonflikten\/"},"author":{"name":"Karin Nyg\u00e5rd","@id":"https:\/\/www.almega.se\/#\/schema\/person\/eae58f3a71d6b7aa9f71f3139a740a02"},"headline":"Medlare utsedda i arbetsmarknadskonflikten","datePublished":"2025-04-10T13:54:16+00:00","dateModified":"2025-04-10T15:07:28+00:00","mainEntityOfPage":{"@id":"https:\/\/www.almega.se\/2025\/04\/medlare-utsedda-i-arbetsmarknadskonflikten\/"},"wordCount":402,"image":{"@id":"https:\/\/www.almega.se\/2025\/04\/medlare-utsedda-i-arbetsmarknadskonflikten\/#primaryimage"},"thumbnailUrl":"https:\/\/www.almega.se\/app\/uploads\/2025\/04\/7f83ceed-721a-48ed-92c1-3b4d25304a3f-scaled.jpg","articleSection":["Avtalsr\u00f6relse"],"inLanguage":"sv-SE"},{"@type":"WebPage","@id":"https:\/\/www.almega.se\/2025\/04\/medlare-utsedda-i-arbetsmarknadskonflikten\/","url":"https:\/\/www.almega.se\/2025\/04\/medlare-utsedda-i-arbetsmarknadskonflikten\/","name":"Medlare utsedda i arbetsmarknadskonflikten | Almega","isPartOf":{"@id":"https:\/\/www.almega.se\/#website"},"primaryImageOfPage":{"@id":"https:\/\/www.almega.se\/2025\/04\/medlare-utsedda-i-arbetsmarknadskonflikten\/#primaryimage"},"image":{"@id":"https:\/\/www.almega.se\/2025\/04\/medlare-utsedda-i-arbetsmarknadskonflikten\/#primaryimage"},"thumbnailUrl":"https:\/\/www.almega.se\/app\/uploads\/2025\/04\/7f83ceed-721a-48ed-92c1-3b4d25304a3f-scaled.jpg","datePublished":"2025-04-10T13:54:16+00:00","dateModified":"2025-04-10T15:07:28+00:00","author":{"@id":"https:\/\/www.almega.se\/#\/schema\/person\/eae58f3a71d6b7aa9f71f3139a740a02"},"breadcrumb":{"@id":"https:\/\/www.almega.se\/2025\/04\/medlare-utsedda-i-arbetsmarknadskonflikten\/#breadcrumb"},"inLanguage":"sv-SE","potentialAction":[{"@type":"ReadAction","target":["https:\/\/www.almega.se\/2025\/04\/medlare-utsedda-i-arbetsmarknadskonflikten\/"]}]},{"@type":"ImageObject","inLanguage":"sv-SE","@id":"https:\/\/www.almega.se\/2025\/04\/medlare-utsedda-i-arbetsmarknadskonflikten\/#primaryimage","url":"https:\/\/www.almega.se\/app\/uploads\/2025\/04\/7f83ceed-721a-48ed-92c1-3b4d25304a3f-scaled.jpg","contentUrl":"https:\/\/www.almega.se\/app\/uploads\/2025\/04\/7f83ceed-721a-48ed-92c1-3b4d25304a3f-scaled.jpg","width":2560,"height":1433,"caption":"Maria M\u00f6ller, arbetsgivarpolitisk chef p\u00e5 Almega"},{"@type":"BreadcrumbList","@id":"https:\/\/www.almega.se\/2025\/04\/medlare-utsedda-i-arbetsmarknadskonflikten\/#breadcrumb","itemListElement":[{"@type":"ListItem","position":1,"name":"Home","item":"https:\/\/www.almega.se\/"},{"@type":"ListItem","position":2,"name":"Medlare utsedda i arbetsmarknadskonflikten"}]},{"@type":"WebSite","@id":"https:\/\/www.almega.se\/#website","url":"https:\/\/www.almega.se\/","name":"Almega","description":"","potentialAction":[{"@type":"SearchAction","target":{"@type":"EntryPoint","urlTemplate":"https:\/\/www.almega.se\/?s={search_term_string}"},"query-input":{"@type":"PropertyValueSpecification","valueRequired":true,"valueName":"search_term_string"}}],"inLanguage":"sv-SE"},{"@type":"Person","@id":"https:\/\/www.almega.se\/#\/schema\/person\/eae58f3a71d6b7aa9f71f3139a740a02","name":"Karin Nyg\u00e5rd","image":{"@type":"ImageObject","inLanguage":"sv-SE","@id":"https:\/\/www.almega.se\/#\/schema\/person\/image\/","url":"https:\/\/secure.gravatar.com\/avatar\/09e5ec3d12974ae686ad90a0a4bf5404c8a4cfdca18f97124f166ab274023818?s=96&d=mm&r=g","contentUrl":"https:\/\/secure.gravatar.com\/avatar\/09e5ec3d12974ae686ad90a0a4bf5404c8a4cfdca18f97124f166ab274023818?s=96&d=mm&r=g","caption":"Karin Nyg\u00e5rd"},"description":"Produkt\u00e4gare Almega.se, samordnar webbutveckling och utveckling av Arbetsgivarguiden.se","url":"https:\/\/www.almega.se\/person\/karinnygard\/"}]}},"_links":{"self":[{"href":"https:\/\/www.almega.se\/api\/wp\/v2\/posts\/78573","targetHints":{"allow":["GET"]}}],"collection":[{"href":"https:\/\/www.almega.se\/api\/wp\/v2\/posts"}],"about":[{"href":"https:\/\/www.almega.se\/api\/wp\/v2\/types\/post"}],"author":[{"embeddable":true,"href":"https:\/\/www.almega.se\/api\/wp\/v2\/users\/14531"}],"replies":[{"embeddable":true,"href":"https:\/\/www.almega.se\/api\/wp\/v2\/comments?post=78573"}],"version-history":[{"count":4,"href":"https:\/\/www.almega.se\/api\/wp\/v2\/posts\/78573\/revisions"}],"predecessor-version":[{"id":78590,"href":"https:\/\/www.almega.se\/api\/wp\/v2\/posts\/78573\/revisions\/78590"}],"wp:featuredmedia":[{"embeddable":true,"href":"https:\/\/www.almega.se\/api\/wp\/v2\/media\/78315"}],"wp:attachment":[{"href":"https:\/\/www.almega.se\/api\/wp\/v2\/media?parent=78573"}],"wp:term":[{"taxonomy":"category","embeddable":true,"href":"https:\/\/www.almega.se\/api\/wp\/v2\/categories?post=78573"},{"taxonomy":"post_tag","embeddable":true,"href":"https:\/\/www.almega.se\/api\/wp\/v2\/tags?post=78573"},{"taxonomy":"type","embeddable":true,"href":"https:\/\/www.almega.se\/api\/wp\/v2\/article_type?post=78573"},{"taxonomy":"agreement","embeddable":true,"href":"https:\/\/www.almega.se\/api\/wp\/v2\/agreement?post=78573"}],"curies":[{"name":"wp","href":"https:\/\/api.w.org\/{rel}","templated":true}]}}