{"id":78536,"date":"2025-04-09T16:15:49","date_gmt":"2025-04-09T14:15:49","guid":{"rendered":"https:\/\/www.almega.se\/2025\/04\/oansvarigt-varsel-om-konflikt-fran-unionen-2\/"},"modified":"2025-04-09T18:43:48","modified_gmt":"2025-04-09T16:43:48","slug":"oansvarigt-varsel-om-konflikt-fran-unionen-2","status":"publish","type":"post","link":"https:\/\/www.almega.se\/2025\/04\/oansvarigt-varsel-om-konflikt-fran-unionen-2\/","title":{"rendered":"Oansvarigt varsel om konflikt fr\u00e5n Unionen"},"content":{"rendered":"<p class=\"intro\">Servicef\u00f6retagen inom Almega Tj\u00e4nstef\u00f6rbunden har idag tagit emot ett varsel om konflikt fr\u00e5n Unionen p\u00e5\u00a0tj\u00e4nstemannaavtalet.<\/p>\n\n<p>&#8211; Det \u00e4r oansvarigt av Unionen att varsla om konflikt i detta l\u00e4ge. Vi hade g\u00e4rna fortsatt att f\u00f6rhandla fram ett nytt avtal inom m\u00e4rket, allts\u00e5 de ramar som arbetsmarknadens parter best\u00e4mt tillsammans, s\u00e4ger <strong>Mia B\u00e4ckman<\/strong>, f\u00f6rhandlingsledare p\u00e5 avtalsomr\u00e5det.<\/p>\n\n\n\n<p>Varslet om konflikt inkom till Almega i dag torsdagen den 9 april och strids\u00e5tg\u00e4rderna tr\u00e4der i kraft den\u00a023 april<strong>\u00a0kl. 05.00<\/strong>. Nu inleds arbetet med att analysera effekterna av en eventuellt utbruten konflikt samtidigt som processen om ett nytt kollektivtal forts\u00e4tter inom ramen f\u00f6r medling.<\/p>\n\n\n\n      <a href=\"https:\/\/www.almega.se\/fokus\/avtalsrorelsen\/\" target=\"\" class=\"Button is-text Button--arrow-tip\">\n      \n        Avtalsr\u00f6relsen 2025\n      \n      \n                \n                <svg class='icon icon--arrow-tip'  width=\"11\" height=\"16\" viewBox=\"0 0 11 16\" fill=\"none\" xmlns=\"http:\/\/www.w3.org\/2000\/svg\">\n<path d=\"M0.858398 15L9.2304 7.99664L0.967732 1.00001\" stroke=\"black\" stroke-width=\"2\" stroke-miterlimit=\"10\"\/>\n<\/svg>\n\n        \n    <\/a>\n  \n","protected":false},"excerpt":{"rendered":"<p>Servicef\u00f6retagen inom Almega Tj\u00e4nstef\u00f6rbunden har idag tagit emot ett varsel om konflikt fr\u00e5n Unionen p\u00e5\u00a0tj\u00e4nstemannaavtalet.<\/p>\n","protected":false},"author":6356,"featured_media":78560,"comment_status":"closed","ping_status":"closed","sticky":false,"template":"","format":"standard","meta":{"_acf_changed":false,"footnotes":""},"categories":[636],"tags":[],"article_type":[93],"agreement":[],"class_list":["post-78536","post","type-post","status-publish","format-standard","has-post-thumbnail","hentry","category-avtalsrorelse","type-pressmeddelanden"],"acf":[],"yoast_head":"<!-- This site is optimized with the Yoast SEO Premium plugin v26.8 (Yoast SEO v26.8) - https:\/\/yoast.com\/product\/yoast-seo-premium-wordpress\/ -->\n<title>Oansvarigt varsel om konflikt fr\u00e5n Unionen | Almega<\/title>\n<meta name=\"robots\" content=\"index, follow, max-snippet:-1, max-image-preview:large, max-video-preview:-1\" \/>\n<link rel=\"canonical\" href=\"https:\/\/www.almega.se\/2025\/04\/oansvarigt-varsel-om-konflikt-fran-unionen-2\/\" \/>\n<meta property=\"og:locale\" content=\"sv_SE\" \/>\n<meta property=\"og:type\" content=\"article\" \/>\n<meta property=\"og:title\" content=\"Oansvarigt varsel om konflikt fr\u00e5n Unionen\" \/>\n<meta property=\"og:description\" content=\"Servicef\u00f6retagen inom Almega Tj\u00e4nstef\u00f6rbunden har idag tagit emot ett varsel om konflikt fr\u00e5n Unionen p\u00e5\u00a0tj\u00e4nstemannaavtalet.\" \/>\n<meta property=\"og:url\" content=\"https:\/\/www.almega.se\/2025\/04\/oansvarigt-varsel-om-konflikt-fran-unionen-2\/\" \/>\n<meta property=\"og:site_name\" content=\"Almega\" \/>\n<meta property=\"article:published_time\" content=\"2025-04-09T14:15:49+00:00\" \/>\n<meta property=\"article:modified_time\" content=\"2025-04-09T16:43:48+00:00\" \/>\n<meta property=\"og:image\" content=\"https:\/\/www.almega.se\/app\/uploads\/2025\/04\/Mia_Backman__DSF1154-2048x1536-1.jpg\" \/>\n\t<meta property=\"og:image:width\" content=\"2048\" \/>\n\t<meta property=\"og:image:height\" content=\"1536\" \/>\n\t<meta property=\"og:image:type\" content=\"image\/jpeg\" \/>\n<meta name=\"author\" content=\"Erik Juhlin\" \/>\n<meta name=\"twitter:card\" content=\"summary_large_image\" \/>\n<meta name=\"twitter:label1\" content=\"Skriven av\" \/>\n\t<meta name=\"twitter:data1\" content=\"Erik Juhlin\" \/>\n\t<meta name=\"twitter:label2\" content=\"Ber\u00e4knad l\u00e4stid\" \/>\n\t<meta name=\"twitter:data2\" content=\"1 minut\" \/>\n<!-- \/ Yoast SEO Premium plugin. -->","yoast_head_json":{"title":"Oansvarigt varsel om konflikt fr\u00e5n Unionen | Almega","robots":{"index":"index","follow":"follow","max-snippet":"max-snippet:-1","max-image-preview":"max-image-preview:large","max-video-preview":"max-video-preview:-1"},"canonical":"https:\/\/www.almega.se\/2025\/04\/oansvarigt-varsel-om-konflikt-fran-unionen-2\/","og_locale":"sv_SE","og_type":"article","og_title":"Oansvarigt varsel om konflikt fr\u00e5n Unionen","og_description":"Servicef\u00f6retagen inom Almega Tj\u00e4nstef\u00f6rbunden har idag tagit emot ett varsel om konflikt fr\u00e5n Unionen p\u00e5\u00a0tj\u00e4nstemannaavtalet.","og_url":"https:\/\/www.almega.se\/2025\/04\/oansvarigt-varsel-om-konflikt-fran-unionen-2\/","og_site_name":"Almega","article_published_time":"2025-04-09T14:15:49+00:00","article_modified_time":"2025-04-09T16:43:48+00:00","og_image":[{"width":2048,"height":1536,"url":"https:\/\/www.almega.se\/app\/uploads\/2025\/04\/Mia_Backman__DSF1154-2048x1536-1.jpg","type":"image\/jpeg"}],"author":"Erik Juhlin","twitter_card":"summary_large_image","twitter_misc":{"Skriven av":"Erik Juhlin","Ber\u00e4knad l\u00e4stid":"1 minut"},"schema":{"@context":"https:\/\/schema.org","@graph":[{"@type":"NewsArticle","@id":"https:\/\/www.almega.se\/2025\/04\/oansvarigt-varsel-om-konflikt-fran-unionen-2\/#article","isPartOf":{"@id":"https:\/\/www.almega.se\/2025\/04\/oansvarigt-varsel-om-konflikt-fran-unionen-2\/"},"author":{"name":"Erik Juhlin","@id":"https:\/\/www.almega.se\/#\/schema\/person\/3c181ea7ead5ab7b14c61584637720f5"},"headline":"Oansvarigt varsel om konflikt fr\u00e5n Unionen","datePublished":"2025-04-09T14:15:49+00:00","dateModified":"2025-04-09T16:43:48+00:00","mainEntityOfPage":{"@id":"https:\/\/www.almega.se\/2025\/04\/oansvarigt-varsel-om-konflikt-fran-unionen-2\/"},"wordCount":103,"image":{"@id":"https:\/\/www.almega.se\/2025\/04\/oansvarigt-varsel-om-konflikt-fran-unionen-2\/#primaryimage"},"thumbnailUrl":"https:\/\/www.almega.se\/app\/uploads\/2025\/04\/Mia_Backman__DSF1154-2048x1536-1.jpg","articleSection":["Avtalsr\u00f6relse"],"inLanguage":"sv-SE"},{"@type":"WebPage","@id":"https:\/\/www.almega.se\/2025\/04\/oansvarigt-varsel-om-konflikt-fran-unionen-2\/","url":"https:\/\/www.almega.se\/2025\/04\/oansvarigt-varsel-om-konflikt-fran-unionen-2\/","name":"Oansvarigt varsel om konflikt fr\u00e5n Unionen | Almega","isPartOf":{"@id":"https:\/\/www.almega.se\/#website"},"primaryImageOfPage":{"@id":"https:\/\/www.almega.se\/2025\/04\/oansvarigt-varsel-om-konflikt-fran-unionen-2\/#primaryimage"},"image":{"@id":"https:\/\/www.almega.se\/2025\/04\/oansvarigt-varsel-om-konflikt-fran-unionen-2\/#primaryimage"},"thumbnailUrl":"https:\/\/www.almega.se\/app\/uploads\/2025\/04\/Mia_Backman__DSF1154-2048x1536-1.jpg","datePublished":"2025-04-09T14:15:49+00:00","dateModified":"2025-04-09T16:43:48+00:00","author":{"@id":"https:\/\/www.almega.se\/#\/schema\/person\/3c181ea7ead5ab7b14c61584637720f5"},"breadcrumb":{"@id":"https:\/\/www.almega.se\/2025\/04\/oansvarigt-varsel-om-konflikt-fran-unionen-2\/#breadcrumb"},"inLanguage":"sv-SE","potentialAction":[{"@type":"ReadAction","target":["https:\/\/www.almega.se\/2025\/04\/oansvarigt-varsel-om-konflikt-fran-unionen-2\/"]}]},{"@type":"ImageObject","inLanguage":"sv-SE","@id":"https:\/\/www.almega.se\/2025\/04\/oansvarigt-varsel-om-konflikt-fran-unionen-2\/#primaryimage","url":"https:\/\/www.almega.se\/app\/uploads\/2025\/04\/Mia_Backman__DSF1154-2048x1536-1.jpg","contentUrl":"https:\/\/www.almega.se\/app\/uploads\/2025\/04\/Mia_Backman__DSF1154-2048x1536-1.jpg","width":2048,"height":1536,"caption":"Mia B\u00e4ckman"},{"@type":"BreadcrumbList","@id":"https:\/\/www.almega.se\/2025\/04\/oansvarigt-varsel-om-konflikt-fran-unionen-2\/#breadcrumb","itemListElement":[{"@type":"ListItem","position":1,"name":"Home","item":"https:\/\/www.almega.se\/"},{"@type":"ListItem","position":2,"name":"Oansvarigt varsel om konflikt fr\u00e5n Unionen"}]},{"@type":"WebSite","@id":"https:\/\/www.almega.se\/#website","url":"https:\/\/www.almega.se\/","name":"Almega","description":"","potentialAction":[{"@type":"SearchAction","target":{"@type":"EntryPoint","urlTemplate":"https:\/\/www.almega.se\/?s={search_term_string}"},"query-input":{"@type":"PropertyValueSpecification","valueRequired":true,"valueName":"search_term_string"}}],"inLanguage":"sv-SE"},{"@type":"Person","@id":"https:\/\/www.almega.se\/#\/schema\/person\/3c181ea7ead5ab7b14c61584637720f5","name":"Erik Juhlin","image":{"@type":"ImageObject","inLanguage":"sv-SE","@id":"https:\/\/www.almega.se\/#\/schema\/person\/image\/","url":"https:\/\/secure.gravatar.com\/avatar\/ef0e97454357041724f27ea1630fa5bf78b30eea6fc56998e6a03142ad5b1370?s=96&d=mm&r=g","contentUrl":"https:\/\/secure.gravatar.com\/avatar\/ef0e97454357041724f27ea1630fa5bf78b30eea6fc56998e6a03142ad5b1370?s=96&d=mm&r=g","caption":"Erik Juhlin"},"url":"https:\/\/www.almega.se\/person\/erikjuhlin\/"}]}},"_links":{"self":[{"href":"https:\/\/www.almega.se\/api\/wp\/v2\/posts\/78536","targetHints":{"allow":["GET"]}}],"collection":[{"href":"https:\/\/www.almega.se\/api\/wp\/v2\/posts"}],"about":[{"href":"https:\/\/www.almega.se\/api\/wp\/v2\/types\/post"}],"author":[{"embeddable":true,"href":"https:\/\/www.almega.se\/api\/wp\/v2\/users\/6356"}],"replies":[{"embeddable":true,"href":"https:\/\/www.almega.se\/api\/wp\/v2\/comments?post=78536"}],"version-history":[{"count":2,"href":"https:\/\/www.almega.se\/api\/wp\/v2\/posts\/78536\/revisions"}],"predecessor-version":[{"id":78551,"href":"https:\/\/www.almega.se\/api\/wp\/v2\/posts\/78536\/revisions\/78551"}],"wp:featuredmedia":[{"embeddable":true,"href":"https:\/\/www.almega.se\/api\/wp\/v2\/media\/78560"}],"wp:attachment":[{"href":"https:\/\/www.almega.se\/api\/wp\/v2\/media?parent=78536"}],"wp:term":[{"taxonomy":"category","embeddable":true,"href":"https:\/\/www.almega.se\/api\/wp\/v2\/categories?post=78536"},{"taxonomy":"post_tag","embeddable":true,"href":"https:\/\/www.almega.se\/api\/wp\/v2\/tags?post=78536"},{"taxonomy":"type","embeddable":true,"href":"https:\/\/www.almega.se\/api\/wp\/v2\/article_type?post=78536"},{"taxonomy":"agreement","embeddable":true,"href":"https:\/\/www.almega.se\/api\/wp\/v2\/agreement?post=78536"}],"curies":[{"name":"wp","href":"https:\/\/api.w.org\/{rel}","templated":true}]}}