{"id":78529,"date":"2025-04-09T14:18:53","date_gmt":"2025-04-09T12:18:53","guid":{"rendered":"https:\/\/www.almega.se\/2025\/04\/oansvarigt-varsel-om-konflikt-fran-unionen\/"},"modified":"2025-04-09T18:07:40","modified_gmt":"2025-04-09T16:07:40","slug":"oansvarigt-varsel-om-konflikt-fran-unionen","status":"publish","type":"post","link":"https:\/\/www.almega.se\/2025\/04\/oansvarigt-varsel-om-konflikt-fran-unionen\/","title":{"rendered":"Oansvarigt varsel om konflikt fr\u00e5n Unionen"},"content":{"rendered":"<p class=\"intro\">Almega Tj\u00e4nstef\u00f6rbunden har idag tagit emot ett varsel om konflikt fr\u00e5n Unionen p\u00e5 avtalet\u00a0Utveckling och tj\u00e4nster.<\/p>\n\n<p>\u2013 Det \u00e4r oansvarigt av Unionen att varsla om konflikt i detta l\u00e4ge. Vi hade g\u00e4rna fortsatt att f\u00f6rhandla fram ett nytt avtal inom m\u00e4rket, allts\u00e5 de ramar som arbetsmarknadens parter best\u00e4mt tillsammans, s\u00e4ger\u00a0Roger Solax, F\u00f6rhandlingsledare\u00a0p\u00e5 Almega Tj\u00e4nstef\u00f6rbunden.<\/p>\n\n\n\n      <blockquote class=\"Expert-comment__quote\">\n      <p>&#8221;Vi hade g\u00e4rna fortsatt att f\u00f6rhandla fram ett nytt avtal inom m\u00e4rket, allts\u00e5 de ramar som arbetsmarknadens parter best\u00e4mt tillsammans&#8221;<\/p>\n\n      \n             <a href=\"https:\/\/www.almega.se\/person\/rogersolax\/\">\n          <figure class=\"Contact-card__image\">\n            <img decoding=\"async\" src=\"https:\/\/www.almega.se\/app\/uploads\/imported\/0b8ce0e2-fdff-4dd5-a301-06f01f283993-380x304.jpg\" alt=\"Roger Solax\">\n          <\/figure>\n        <\/a>\n          \n      <h2 class=\"Contact-card__title\">Roger Solax<\/h2>\n      <p class=\"mb-0\">Arbetsr\u00e4ttsexpert<\/p>\n      \n                  <a href=\"https:\/\/www.almega.se\/person\/rogersolax\/\" class=\"Contact-card__link\">\n        \n          <p class=\"Contact-card__arrow__text\">L\u00e4s mer<\/p>\n          \n          <svg class='icon icon--arrow-tip'  width=\"11\" height=\"16\" viewBox=\"0 0 11 16\" fill=\"none\" xmlns=\"http:\/\/www.w3.org\/2000\/svg\">\n<path d=\"M0.858398 15L9.2304 7.99664L0.967732 1.00001\" stroke=\"black\" stroke-width=\"2\" stroke-miterlimit=\"10\"\/>\n<\/svg>\n\n          \n      <\/a>\n\n      \n    \n  \n    <\/blockquote>\n  \n\n\n\n<p>Varslet om konflikt inkom till Almega i dag torsdagen den 9 april och strids\u00e5tg\u00e4rderna tr\u00e4der i kraft den&nbsp;23 april<strong>&nbsp;kl. 05.00<\/strong>. Nu inleds arbetet med att analysera effekterna av en eventuellt utbruten konflikt samtidigt som processen om ett nytt kollektivtal forts\u00e4tter enligt g\u00e4ngse procedur.<\/p>\n","protected":false},"excerpt":{"rendered":"<p>Almega Tj\u00e4nstef\u00f6rbunden har idag tagit emot ett varsel om konflikt fr\u00e5n Unionen p\u00e5 avtalet\u00a0Utveckling och tj\u00e4nster.<\/p>\n","protected":false},"author":6356,"featured_media":10713,"comment_status":"closed","ping_status":"closed","sticky":false,"template":"","format":"standard","meta":{"_acf_changed":false,"footnotes":""},"categories":[636],"tags":[],"article_type":[93],"agreement":[],"class_list":["post-78529","post","type-post","status-publish","format-standard","has-post-thumbnail","hentry","category-avtalsrorelse","type-pressmeddelanden"],"acf":[],"yoast_head":"<!-- This site is optimized with the Yoast SEO Premium plugin v26.8 (Yoast SEO v26.8) - https:\/\/yoast.com\/product\/yoast-seo-premium-wordpress\/ -->\n<title>Oansvarigt varsel om konflikt fr\u00e5n Unionen | Almega<\/title>\n<meta name=\"robots\" content=\"index, follow, max-snippet:-1, max-image-preview:large, max-video-preview:-1\" \/>\n<link rel=\"canonical\" href=\"https:\/\/www.almega.se\/2025\/04\/oansvarigt-varsel-om-konflikt-fran-unionen\/\" \/>\n<meta property=\"og:locale\" content=\"sv_SE\" \/>\n<meta property=\"og:type\" content=\"article\" \/>\n<meta property=\"og:title\" content=\"Oansvarigt varsel om konflikt fr\u00e5n Unionen\" \/>\n<meta property=\"og:description\" content=\"Almega Tj\u00e4nstef\u00f6rbunden har idag tagit emot ett varsel om konflikt fr\u00e5n Unionen p\u00e5 avtalet\u00a0Utveckling och tj\u00e4nster.\" \/>\n<meta property=\"og:url\" content=\"https:\/\/www.almega.se\/2025\/04\/oansvarigt-varsel-om-konflikt-fran-unionen\/\" \/>\n<meta property=\"og:site_name\" content=\"Almega\" \/>\n<meta property=\"article:published_time\" content=\"2025-04-09T12:18:53+00:00\" \/>\n<meta property=\"article:modified_time\" content=\"2025-04-09T16:07:40+00:00\" \/>\n<meta property=\"og:image\" content=\"https:\/\/www.almega.se\/app\/uploads\/imported\/0b8ce0e2-fdff-4dd5-a301-06f01f283993.jpg\" \/>\n\t<meta property=\"og:image:width\" content=\"819\" \/>\n\t<meta property=\"og:image:height\" content=\"655\" \/>\n\t<meta property=\"og:image:type\" content=\"image\/jpeg\" \/>\n<meta name=\"author\" content=\"Erik Juhlin\" \/>\n<meta name=\"twitter:card\" content=\"summary_large_image\" \/>\n<meta name=\"twitter:label1\" content=\"Skriven av\" \/>\n\t<meta name=\"twitter:data1\" content=\"Erik Juhlin\" \/>\n\t<meta name=\"twitter:label2\" content=\"Ber\u00e4knad l\u00e4stid\" \/>\n\t<meta name=\"twitter:data2\" content=\"1 minut\" \/>\n<!-- \/ Yoast SEO Premium plugin. -->","yoast_head_json":{"title":"Oansvarigt varsel om konflikt fr\u00e5n Unionen | Almega","robots":{"index":"index","follow":"follow","max-snippet":"max-snippet:-1","max-image-preview":"max-image-preview:large","max-video-preview":"max-video-preview:-1"},"canonical":"https:\/\/www.almega.se\/2025\/04\/oansvarigt-varsel-om-konflikt-fran-unionen\/","og_locale":"sv_SE","og_type":"article","og_title":"Oansvarigt varsel om konflikt fr\u00e5n Unionen","og_description":"Almega Tj\u00e4nstef\u00f6rbunden har idag tagit emot ett varsel om konflikt fr\u00e5n Unionen p\u00e5 avtalet\u00a0Utveckling och tj\u00e4nster.","og_url":"https:\/\/www.almega.se\/2025\/04\/oansvarigt-varsel-om-konflikt-fran-unionen\/","og_site_name":"Almega","article_published_time":"2025-04-09T12:18:53+00:00","article_modified_time":"2025-04-09T16:07:40+00:00","og_image":[{"width":819,"height":655,"url":"https:\/\/www.almega.se\/app\/uploads\/imported\/0b8ce0e2-fdff-4dd5-a301-06f01f283993.jpg","type":"image\/jpeg"}],"author":"Erik Juhlin","twitter_card":"summary_large_image","twitter_misc":{"Skriven av":"Erik Juhlin","Ber\u00e4knad l\u00e4stid":"1 minut"},"schema":{"@context":"https:\/\/schema.org","@graph":[{"@type":"NewsArticle","@id":"https:\/\/www.almega.se\/2025\/04\/oansvarigt-varsel-om-konflikt-fran-unionen\/#article","isPartOf":{"@id":"https:\/\/www.almega.se\/2025\/04\/oansvarigt-varsel-om-konflikt-fran-unionen\/"},"author":{"name":"Erik Juhlin","@id":"https:\/\/www.almega.se\/#\/schema\/person\/3c181ea7ead5ab7b14c61584637720f5"},"headline":"Oansvarigt varsel om konflikt fr\u00e5n Unionen","datePublished":"2025-04-09T12:18:53+00:00","dateModified":"2025-04-09T16:07:40+00:00","mainEntityOfPage":{"@id":"https:\/\/www.almega.se\/2025\/04\/oansvarigt-varsel-om-konflikt-fran-unionen\/"},"wordCount":104,"image":{"@id":"https:\/\/www.almega.se\/2025\/04\/oansvarigt-varsel-om-konflikt-fran-unionen\/#primaryimage"},"thumbnailUrl":"https:\/\/www.almega.se\/app\/uploads\/imported\/0b8ce0e2-fdff-4dd5-a301-06f01f283993.jpg","articleSection":["Avtalsr\u00f6relse"],"inLanguage":"sv-SE"},{"@type":"WebPage","@id":"https:\/\/www.almega.se\/2025\/04\/oansvarigt-varsel-om-konflikt-fran-unionen\/","url":"https:\/\/www.almega.se\/2025\/04\/oansvarigt-varsel-om-konflikt-fran-unionen\/","name":"Oansvarigt varsel om konflikt fr\u00e5n Unionen | Almega","isPartOf":{"@id":"https:\/\/www.almega.se\/#website"},"primaryImageOfPage":{"@id":"https:\/\/www.almega.se\/2025\/04\/oansvarigt-varsel-om-konflikt-fran-unionen\/#primaryimage"},"image":{"@id":"https:\/\/www.almega.se\/2025\/04\/oansvarigt-varsel-om-konflikt-fran-unionen\/#primaryimage"},"thumbnailUrl":"https:\/\/www.almega.se\/app\/uploads\/imported\/0b8ce0e2-fdff-4dd5-a301-06f01f283993.jpg","datePublished":"2025-04-09T12:18:53+00:00","dateModified":"2025-04-09T16:07:40+00:00","author":{"@id":"https:\/\/www.almega.se\/#\/schema\/person\/3c181ea7ead5ab7b14c61584637720f5"},"breadcrumb":{"@id":"https:\/\/www.almega.se\/2025\/04\/oansvarigt-varsel-om-konflikt-fran-unionen\/#breadcrumb"},"inLanguage":"sv-SE","potentialAction":[{"@type":"ReadAction","target":["https:\/\/www.almega.se\/2025\/04\/oansvarigt-varsel-om-konflikt-fran-unionen\/"]}]},{"@type":"ImageObject","inLanguage":"sv-SE","@id":"https:\/\/www.almega.se\/2025\/04\/oansvarigt-varsel-om-konflikt-fran-unionen\/#primaryimage","url":"https:\/\/www.almega.se\/app\/uploads\/imported\/0b8ce0e2-fdff-4dd5-a301-06f01f283993.jpg","contentUrl":"https:\/\/www.almega.se\/app\/uploads\/imported\/0b8ce0e2-fdff-4dd5-a301-06f01f283993.jpg","width":819,"height":655},{"@type":"BreadcrumbList","@id":"https:\/\/www.almega.se\/2025\/04\/oansvarigt-varsel-om-konflikt-fran-unionen\/#breadcrumb","itemListElement":[{"@type":"ListItem","position":1,"name":"Home","item":"https:\/\/www.almega.se\/"},{"@type":"ListItem","position":2,"name":"Oansvarigt varsel om konflikt fr\u00e5n Unionen"}]},{"@type":"WebSite","@id":"https:\/\/www.almega.se\/#website","url":"https:\/\/www.almega.se\/","name":"Almega","description":"","potentialAction":[{"@type":"SearchAction","target":{"@type":"EntryPoint","urlTemplate":"https:\/\/www.almega.se\/?s={search_term_string}"},"query-input":{"@type":"PropertyValueSpecification","valueRequired":true,"valueName":"search_term_string"}}],"inLanguage":"sv-SE"},{"@type":"Person","@id":"https:\/\/www.almega.se\/#\/schema\/person\/3c181ea7ead5ab7b14c61584637720f5","name":"Erik Juhlin","image":{"@type":"ImageObject","inLanguage":"sv-SE","@id":"https:\/\/www.almega.se\/#\/schema\/person\/image\/","url":"https:\/\/secure.gravatar.com\/avatar\/ef0e97454357041724f27ea1630fa5bf78b30eea6fc56998e6a03142ad5b1370?s=96&d=mm&r=g","contentUrl":"https:\/\/secure.gravatar.com\/avatar\/ef0e97454357041724f27ea1630fa5bf78b30eea6fc56998e6a03142ad5b1370?s=96&d=mm&r=g","caption":"Erik Juhlin"},"url":"https:\/\/www.almega.se\/person\/erikjuhlin\/"}]}},"_links":{"self":[{"href":"https:\/\/www.almega.se\/api\/wp\/v2\/posts\/78529","targetHints":{"allow":["GET"]}}],"collection":[{"href":"https:\/\/www.almega.se\/api\/wp\/v2\/posts"}],"about":[{"href":"https:\/\/www.almega.se\/api\/wp\/v2\/types\/post"}],"author":[{"embeddable":true,"href":"https:\/\/www.almega.se\/api\/wp\/v2\/users\/6356"}],"replies":[{"embeddable":true,"href":"https:\/\/www.almega.se\/api\/wp\/v2\/comments?post=78529"}],"version-history":[{"count":3,"href":"https:\/\/www.almega.se\/api\/wp\/v2\/posts\/78529\/revisions"}],"predecessor-version":[{"id":78552,"href":"https:\/\/www.almega.se\/api\/wp\/v2\/posts\/78529\/revisions\/78552"}],"wp:featuredmedia":[{"embeddable":true,"href":"https:\/\/www.almega.se\/api\/wp\/v2\/media\/10713"}],"wp:attachment":[{"href":"https:\/\/www.almega.se\/api\/wp\/v2\/media?parent=78529"}],"wp:term":[{"taxonomy":"category","embeddable":true,"href":"https:\/\/www.almega.se\/api\/wp\/v2\/categories?post=78529"},{"taxonomy":"post_tag","embeddable":true,"href":"https:\/\/www.almega.se\/api\/wp\/v2\/tags?post=78529"},{"taxonomy":"type","embeddable":true,"href":"https:\/\/www.almega.se\/api\/wp\/v2\/article_type?post=78529"},{"taxonomy":"agreement","embeddable":true,"href":"https:\/\/www.almega.se\/api\/wp\/v2\/agreement?post=78529"}],"curies":[{"name":"wp","href":"https:\/\/api.w.org\/{rel}","templated":true}]}}