{"id":78520,"date":"2025-04-09T13:29:20","date_gmt":"2025-04-09T11:29:20","guid":{"rendered":"https:\/\/www.almega.se\/2025\/04\/oansvarigt-varsel-om-konflikt-fran-unionen-och-sveriges-ingenjorer\/"},"modified":"2025-04-09T18:07:58","modified_gmt":"2025-04-09T16:07:58","slug":"oansvarigt-varsel-om-konflikt-fran-unionen-och-sveriges-ingenjorer","status":"publish","type":"post","link":"https:\/\/www.almega.se\/2025\/04\/oansvarigt-varsel-om-konflikt-fran-unionen-och-sveriges-ingenjorer\/","title":{"rendered":"Oansvarigt varsel om konflikt fr\u00e5n Unionen och Sveriges Ingenj\u00f6rer"},"content":{"rendered":"<p class=\"intro\">Almega Tj\u00e4nstef\u00f6rbunden\u00a0har idag tagit emot ett varsel om konflikt fr\u00e5n Unionen och Sveriges Ingenj\u00f6rer p\u00e5\u00a0avtalet\u00a0Utbildningsf\u00f6retag.<\/p>\n\n<p>\u2013 Det \u00e4r b\u00e5de tr\u00e5kigt och oansvarigt av Unionen och Sveriges Ingenj\u00f6rer att varsla om konflikt. Vi hade g\u00e4rna fortsatt f\u00f6rhandlingarna och\u00a0hade f\u00f6rhoppningar om\u00a0att komma \u00f6verens om ett nytt avtal,\u00a0inom de ramar som arbetsmarknadens parter best\u00e4mt tillsammans, utan varsel. Det\u00a0s\u00e4ger\u00a0David Larsson,\u00a0f\u00f6rhandlingsledare\u00a0p\u00e5\u00a0Almega Tj\u00e4nstef\u00f6rbunden.\u00a0<\/p>\n\n\n\n<p>Varslet om konflikt inkom till Almega i dag torsdagen den 9 april och strids\u00e5tg\u00e4rderna tr\u00e4der i kraft den 23 april&nbsp;<strong>kl. 05.00<\/strong>. Nu inleds arbetet med att analysera effekterna av en eventuellt utbruten konflikt samtidigt som processen om ett nytt kollektivtal forts\u00e4tter enligt g\u00e4ngse procedur.<\/p>\n","protected":false},"excerpt":{"rendered":"<p>Almega Tj\u00e4nstef\u00f6rbunden\u00a0har idag tagit emot ett varsel om konflikt fr\u00e5n Unionen och Sveriges Ingenj\u00f6rer p\u00e5\u00a0avtalet\u00a0Utbildningsf\u00f6retag.<\/p>\n","protected":false},"author":6356,"featured_media":78525,"comment_status":"closed","ping_status":"closed","sticky":false,"template":"","format":"standard","meta":{"_acf_changed":false,"footnotes":""},"categories":[636],"tags":[],"article_type":[93],"agreement":[],"class_list":["post-78520","post","type-post","status-publish","format-standard","has-post-thumbnail","hentry","category-avtalsrorelse","type-pressmeddelanden"],"acf":[],"yoast_head":"<!-- This site is optimized with the Yoast SEO Premium plugin v26.8 (Yoast SEO v26.8) - https:\/\/yoast.com\/product\/yoast-seo-premium-wordpress\/ -->\n<title>Oansvarigt varsel om konflikt fr\u00e5n Unionen och Sveriges Ingenj\u00f6rer | Almega<\/title>\n<meta name=\"robots\" content=\"index, follow, max-snippet:-1, max-image-preview:large, max-video-preview:-1\" \/>\n<link rel=\"canonical\" href=\"https:\/\/www.almega.se\/2025\/04\/oansvarigt-varsel-om-konflikt-fran-unionen-och-sveriges-ingenjorer\/\" \/>\n<meta property=\"og:locale\" content=\"sv_SE\" \/>\n<meta property=\"og:type\" content=\"article\" \/>\n<meta property=\"og:title\" content=\"Oansvarigt varsel om konflikt fr\u00e5n Unionen och Sveriges Ingenj\u00f6rer\" \/>\n<meta property=\"og:description\" content=\"Almega Tj\u00e4nstef\u00f6rbunden\u00a0har idag tagit emot ett varsel om konflikt fr\u00e5n Unionen och Sveriges Ingenj\u00f6rer p\u00e5\u00a0avtalet\u00a0Utbildningsf\u00f6retag.\" \/>\n<meta property=\"og:url\" content=\"https:\/\/www.almega.se\/2025\/04\/oansvarigt-varsel-om-konflikt-fran-unionen-och-sveriges-ingenjorer\/\" \/>\n<meta property=\"og:site_name\" content=\"Almega\" \/>\n<meta property=\"article:published_time\" content=\"2025-04-09T11:29:20+00:00\" \/>\n<meta property=\"article:modified_time\" content=\"2025-04-09T16:07:58+00:00\" \/>\n<meta property=\"og:image\" content=\"https:\/\/www.almega.se\/app\/uploads\/2025\/04\/David-Larsson-1180x787.jpg\" \/>\n\t<meta property=\"og:image:width\" content=\"1180\" \/>\n\t<meta property=\"og:image:height\" content=\"787\" \/>\n\t<meta property=\"og:image:type\" content=\"image\/jpeg\" \/>\n<meta name=\"author\" content=\"Erik Juhlin\" \/>\n<meta name=\"twitter:card\" content=\"summary_large_image\" \/>\n<meta name=\"twitter:label1\" content=\"Skriven av\" \/>\n\t<meta name=\"twitter:data1\" content=\"Erik Juhlin\" \/>\n\t<meta name=\"twitter:label2\" content=\"Ber\u00e4knad l\u00e4stid\" \/>\n\t<meta name=\"twitter:data2\" content=\"1 minut\" \/>\n<!-- \/ Yoast SEO Premium plugin. -->","yoast_head_json":{"title":"Oansvarigt varsel om konflikt fr\u00e5n Unionen och Sveriges Ingenj\u00f6rer | Almega","robots":{"index":"index","follow":"follow","max-snippet":"max-snippet:-1","max-image-preview":"max-image-preview:large","max-video-preview":"max-video-preview:-1"},"canonical":"https:\/\/www.almega.se\/2025\/04\/oansvarigt-varsel-om-konflikt-fran-unionen-och-sveriges-ingenjorer\/","og_locale":"sv_SE","og_type":"article","og_title":"Oansvarigt varsel om konflikt fr\u00e5n Unionen och Sveriges Ingenj\u00f6rer","og_description":"Almega Tj\u00e4nstef\u00f6rbunden\u00a0har idag tagit emot ett varsel om konflikt fr\u00e5n Unionen och Sveriges Ingenj\u00f6rer p\u00e5\u00a0avtalet\u00a0Utbildningsf\u00f6retag.","og_url":"https:\/\/www.almega.se\/2025\/04\/oansvarigt-varsel-om-konflikt-fran-unionen-och-sveriges-ingenjorer\/","og_site_name":"Almega","article_published_time":"2025-04-09T11:29:20+00:00","article_modified_time":"2025-04-09T16:07:58+00:00","og_image":[{"width":1180,"height":787,"url":"https:\/\/www.almega.se\/app\/uploads\/2025\/04\/David-Larsson-1180x787.jpg","type":"image\/jpeg"}],"author":"Erik Juhlin","twitter_card":"summary_large_image","twitter_misc":{"Skriven av":"Erik Juhlin","Ber\u00e4knad l\u00e4stid":"1 minut"},"schema":{"@context":"https:\/\/schema.org","@graph":[{"@type":"NewsArticle","@id":"https:\/\/www.almega.se\/2025\/04\/oansvarigt-varsel-om-konflikt-fran-unionen-och-sveriges-ingenjorer\/#article","isPartOf":{"@id":"https:\/\/www.almega.se\/2025\/04\/oansvarigt-varsel-om-konflikt-fran-unionen-och-sveriges-ingenjorer\/"},"author":{"name":"Erik Juhlin","@id":"https:\/\/www.almega.se\/#\/schema\/person\/3c181ea7ead5ab7b14c61584637720f5"},"headline":"Oansvarigt varsel om konflikt fr\u00e5n Unionen och Sveriges Ingenj\u00f6rer","datePublished":"2025-04-09T11:29:20+00:00","dateModified":"2025-04-09T16:07:58+00:00","mainEntityOfPage":{"@id":"https:\/\/www.almega.se\/2025\/04\/oansvarigt-varsel-om-konflikt-fran-unionen-och-sveriges-ingenjorer\/"},"wordCount":119,"image":{"@id":"https:\/\/www.almega.se\/2025\/04\/oansvarigt-varsel-om-konflikt-fran-unionen-och-sveriges-ingenjorer\/#primaryimage"},"thumbnailUrl":"https:\/\/www.almega.se\/app\/uploads\/2025\/04\/David-Larsson.jpg","articleSection":["Avtalsr\u00f6relse"],"inLanguage":"sv-SE"},{"@type":"WebPage","@id":"https:\/\/www.almega.se\/2025\/04\/oansvarigt-varsel-om-konflikt-fran-unionen-och-sveriges-ingenjorer\/","url":"https:\/\/www.almega.se\/2025\/04\/oansvarigt-varsel-om-konflikt-fran-unionen-och-sveriges-ingenjorer\/","name":"Oansvarigt varsel om konflikt fr\u00e5n Unionen och Sveriges Ingenj\u00f6rer | Almega","isPartOf":{"@id":"https:\/\/www.almega.se\/#website"},"primaryImageOfPage":{"@id":"https:\/\/www.almega.se\/2025\/04\/oansvarigt-varsel-om-konflikt-fran-unionen-och-sveriges-ingenjorer\/#primaryimage"},"image":{"@id":"https:\/\/www.almega.se\/2025\/04\/oansvarigt-varsel-om-konflikt-fran-unionen-och-sveriges-ingenjorer\/#primaryimage"},"thumbnailUrl":"https:\/\/www.almega.se\/app\/uploads\/2025\/04\/David-Larsson.jpg","datePublished":"2025-04-09T11:29:20+00:00","dateModified":"2025-04-09T16:07:58+00:00","author":{"@id":"https:\/\/www.almega.se\/#\/schema\/person\/3c181ea7ead5ab7b14c61584637720f5"},"breadcrumb":{"@id":"https:\/\/www.almega.se\/2025\/04\/oansvarigt-varsel-om-konflikt-fran-unionen-och-sveriges-ingenjorer\/#breadcrumb"},"inLanguage":"sv-SE","potentialAction":[{"@type":"ReadAction","target":["https:\/\/www.almega.se\/2025\/04\/oansvarigt-varsel-om-konflikt-fran-unionen-och-sveriges-ingenjorer\/"]}]},{"@type":"ImageObject","inLanguage":"sv-SE","@id":"https:\/\/www.almega.se\/2025\/04\/oansvarigt-varsel-om-konflikt-fran-unionen-och-sveriges-ingenjorer\/#primaryimage","url":"https:\/\/www.almega.se\/app\/uploads\/2025\/04\/David-Larsson.jpg","contentUrl":"https:\/\/www.almega.se\/app\/uploads\/2025\/04\/David-Larsson.jpg","width":7999,"height":5334,"caption":"David Larsson,\u00a0f\u00f6rhandlingsledare\u00a0p\u00e5\u00a0Almega Tj\u00e4nstef\u00f6rbunden.\u00a0"},{"@type":"BreadcrumbList","@id":"https:\/\/www.almega.se\/2025\/04\/oansvarigt-varsel-om-konflikt-fran-unionen-och-sveriges-ingenjorer\/#breadcrumb","itemListElement":[{"@type":"ListItem","position":1,"name":"Home","item":"https:\/\/www.almega.se\/"},{"@type":"ListItem","position":2,"name":"Oansvarigt varsel om konflikt fr\u00e5n Unionen och Sveriges Ingenj\u00f6rer"}]},{"@type":"WebSite","@id":"https:\/\/www.almega.se\/#website","url":"https:\/\/www.almega.se\/","name":"Almega","description":"","potentialAction":[{"@type":"SearchAction","target":{"@type":"EntryPoint","urlTemplate":"https:\/\/www.almega.se\/?s={search_term_string}"},"query-input":{"@type":"PropertyValueSpecification","valueRequired":true,"valueName":"search_term_string"}}],"inLanguage":"sv-SE"},{"@type":"Person","@id":"https:\/\/www.almega.se\/#\/schema\/person\/3c181ea7ead5ab7b14c61584637720f5","name":"Erik Juhlin","image":{"@type":"ImageObject","inLanguage":"sv-SE","@id":"https:\/\/www.almega.se\/#\/schema\/person\/image\/","url":"https:\/\/secure.gravatar.com\/avatar\/ef0e97454357041724f27ea1630fa5bf78b30eea6fc56998e6a03142ad5b1370?s=96&d=mm&r=g","contentUrl":"https:\/\/secure.gravatar.com\/avatar\/ef0e97454357041724f27ea1630fa5bf78b30eea6fc56998e6a03142ad5b1370?s=96&d=mm&r=g","caption":"Erik Juhlin"},"url":"https:\/\/www.almega.se\/person\/erikjuhlin\/"}]}},"_links":{"self":[{"href":"https:\/\/www.almega.se\/api\/wp\/v2\/posts\/78520","targetHints":{"allow":["GET"]}}],"collection":[{"href":"https:\/\/www.almega.se\/api\/wp\/v2\/posts"}],"about":[{"href":"https:\/\/www.almega.se\/api\/wp\/v2\/types\/post"}],"author":[{"embeddable":true,"href":"https:\/\/www.almega.se\/api\/wp\/v2\/users\/6356"}],"replies":[{"embeddable":true,"href":"https:\/\/www.almega.se\/api\/wp\/v2\/comments?post=78520"}],"version-history":[{"count":6,"href":"https:\/\/www.almega.se\/api\/wp\/v2\/posts\/78520\/revisions"}],"predecessor-version":[{"id":78553,"href":"https:\/\/www.almega.se\/api\/wp\/v2\/posts\/78520\/revisions\/78553"}],"wp:featuredmedia":[{"embeddable":true,"href":"https:\/\/www.almega.se\/api\/wp\/v2\/media\/78525"}],"wp:attachment":[{"href":"https:\/\/www.almega.se\/api\/wp\/v2\/media?parent=78520"}],"wp:term":[{"taxonomy":"category","embeddable":true,"href":"https:\/\/www.almega.se\/api\/wp\/v2\/categories?post=78520"},{"taxonomy":"post_tag","embeddable":true,"href":"https:\/\/www.almega.se\/api\/wp\/v2\/tags?post=78520"},{"taxonomy":"type","embeddable":true,"href":"https:\/\/www.almega.se\/api\/wp\/v2\/article_type?post=78520"},{"taxonomy":"agreement","embeddable":true,"href":"https:\/\/www.almega.se\/api\/wp\/v2\/agreement?post=78520"}],"curies":[{"name":"wp","href":"https:\/\/api.w.org\/{rel}","templated":true}]}}