{"id":78470,"date":"2025-04-07T12:54:10","date_gmt":"2025-04-07T10:54:10","guid":{"rendered":"https:\/\/www.almega.se\/2025\/04\/almega-vinstutredningen-ar-ett-frontalangrepp-pa-foretagsamheten-och-valfriheten\/"},"modified":"2025-04-08T09:12:09","modified_gmt":"2025-04-08T07:12:09","slug":"almega-vinstutredningen-ar-ett-frontalangrepp-pa-foretagsamheten-och-valfriheten","status":"publish","type":"post","link":"https:\/\/www.almega.se\/2025\/04\/almega-vinstutredningen-ar-ett-frontalangrepp-pa-foretagsamheten-och-valfriheten\/","title":{"rendered":"Almega: &#8221;Vinstutredningen \u00e4r ett frontalangrepp p\u00e5 f\u00f6retagsamheten och valfriheten.&#8221;"},"content":{"rendered":"<p class=\"intro\">I dag presenterades delbet\u00e4nkandet \u201dSk\u00e4rpta villkor f\u00f6r friskolesektorn\u201d. I utredningen, \u00e4ven kallad vinstutredningen, f\u00f6resl\u00e5s begr\u00e4nsningar i r\u00e4tten att dela ut vinst fr\u00e5n frist\u00e5ende skolor och f\u00f6rskolor samt ett batteri av ytterligare \u00e5tg\u00e4rder.<\/p>\n\n<p>Syftet med utredningen \u00e4r att s\u00e4kerst\u00e4lla att f\u00f6retagen bakom frist\u00e5ende skolor och f\u00f6rskolor \u00e4r l\u00e5ngsiktiga och seri\u00f6sa. Men enligt Almega missar utredningen dessv\u00e4rre m\u00e5let.<\/p>\n\n\n\n<p>\u2013 Vinstutredningen \u00e4r ett frontalangrepp p\u00e5 f\u00f6retagsamheten och valfriheten, inte bara i skolan utan i hela v\u00e4lf\u00e4rden. Den ifr\u00e5gas\u00e4tter marknadsekonomins fundamenta: f\u00f6retagens str\u00e4van efter att skapa ett \u00f6verskott genom att i konkurrens erbjuda varor och tj\u00e4nster p\u00e5 en marknad, s\u00e4ger<strong> Fredrik \u00d6stbom<\/strong>, n\u00e4ringspolitisk chef p\u00e5 Almega.<\/p>\n\n\n\n      <blockquote class=\"Expert-comment__quote\">\n      <p>&#8221;Ett frontalangrepp p\u00e5 f\u00f6retagsamheten och valfriheten, inte bara i skolan utan i hela v\u00e4lf\u00e4rden&#8221;<\/p>\n\n      \n             <a href=\"https:\/\/www.almega.se\/person\/fredrikostbom\/\">\n          <figure class=\"Contact-card__image\">\n            <img decoding=\"async\" src=\"https:\/\/www.almega.se\/app\/uploads\/2025\/05\/Fredrik-Ostbom-2-380x285.jpg\" alt=\"Fredrik \u00d6stbom\">\n          <\/figure>\n        <\/a>\n          \n      <h2 class=\"Contact-card__title\">Fredrik \u00d6stbom<\/h2>\n      <p class=\"mb-0\">Chef N\u00e4ringspolitik och Opinionsbildning<\/p>\n      \n                  <a href=\"https:\/\/www.almega.se\/person\/fredrikostbom\/\" class=\"Contact-card__link\">\n        \n          <p class=\"Contact-card__arrow__text\">L\u00e4s mer<\/p>\n          \n          <svg class='icon icon--arrow-tip'  width=\"11\" height=\"16\" viewBox=\"0 0 11 16\" fill=\"none\" xmlns=\"http:\/\/www.w3.org\/2000\/svg\">\n<path d=\"M0.858398 15L9.2304 7.99664L0.967732 1.00001\" stroke=\"black\" stroke-width=\"2\" stroke-miterlimit=\"10\"\/>\n<\/svg>\n\n          \n      <\/a>\n\n      \n    \n  \n    <\/blockquote>\n  \n\n\n\n<p>F\u00f6retagande och valfrihet \u00e4r sedan l\u00e4nge en central del av den svenska v\u00e4lf\u00e4rdsmodellen \u2013 en kombination av solidarisk finansiering, m\u00e5ngfald, egenmakt och entrepren\u00f6rskap. Den enskildes r\u00e4tt att v\u00e4lja och v\u00e4lja bort f\u00f6ruts\u00e4tter dock ett brett utbud, vilket endast uppn\u00e5s tack vare av kommersiella akt\u00f6rer. Konkurrens mellan olika utf\u00f6rare och f\u00f6retag h\u00f6jer dessutom kvaliteten.<\/p>\n\n\n\n<p>\u2013 Det finns problem med friskolesektorn som b\u00f6r \u00e5tg\u00e4rdas, men att begr\u00e4nsa vinstuttaget kommer inte att g\u00f6ra situationen b\u00e4ttre. Vad som h\u00e4nder \u00e4r att mindre friskolor och f\u00f6rskolor med sm\u00e5 marginaler riskeras att sl\u00e5s ut, s\u00e4ger Fredrik \u00d6stbom.<\/p>\n","protected":false},"excerpt":{"rendered":"<p>I dag presenterades delbet\u00e4nkandet \u201dSk\u00e4rpta villkor f\u00f6r friskolesektorn\u201d. I utredningen, \u00e4ven kallad vinstutredningen, f\u00f6resl\u00e5s begr\u00e4nsningar i r\u00e4tten att dela ut vinst fr\u00e5n frist\u00e5ende skolor och f\u00f6rskolor samt ett batteri av ytterligare \u00e5tg\u00e4rder.<\/p>\n","protected":false},"author":6356,"featured_media":78471,"comment_status":"closed","ping_status":"closed","sticky":false,"template":"","format":"standard","meta":{"_acf_changed":false,"footnotes":""},"categories":[603,46],"tags":[],"article_type":[56,93],"agreement":[],"class_list":["post-78470","post","type-post","status-publish","format-standard","has-post-thumbnail","hentry","category-almega","category-valfard","type-nyheter","type-pressmeddelanden"],"acf":[],"yoast_head":"<!-- This site is optimized with the Yoast SEO Premium plugin v26.8 (Yoast SEO v26.8) - https:\/\/yoast.com\/product\/yoast-seo-premium-wordpress\/ -->\n<title>Almega: &quot;Vinstutredningen \u00e4r ett frontalangrepp p\u00e5 f\u00f6retagsamheten och valfriheten.&quot; | Almega<\/title>\n<meta name=\"robots\" content=\"index, follow, max-snippet:-1, max-image-preview:large, max-video-preview:-1\" \/>\n<link rel=\"canonical\" href=\"https:\/\/www.almega.se\/2025\/04\/almega-vinstutredningen-ar-ett-frontalangrepp-pa-foretagsamheten-och-valfriheten\/\" \/>\n<meta property=\"og:locale\" content=\"sv_SE\" \/>\n<meta property=\"og:type\" content=\"article\" \/>\n<meta property=\"og:title\" content=\"Almega: &quot;Vinstutredningen \u00e4r ett frontalangrepp p\u00e5 f\u00f6retagsamheten och valfriheten.&quot;\" \/>\n<meta property=\"og:description\" content=\"I dag presenterades delbet\u00e4nkandet \u201dSk\u00e4rpta villkor f\u00f6r friskolesektorn\u201d. I utredningen, \u00e4ven kallad vinstutredningen, f\u00f6resl\u00e5s begr\u00e4nsningar i r\u00e4tten att dela ut vinst fr\u00e5n frist\u00e5ende skolor och f\u00f6rskolor samt ett batteri av ytterligare \u00e5tg\u00e4rder.\" \/>\n<meta property=\"og:url\" content=\"https:\/\/www.almega.se\/2025\/04\/almega-vinstutredningen-ar-ett-frontalangrepp-pa-foretagsamheten-och-valfriheten\/\" \/>\n<meta property=\"og:site_name\" content=\"Almega\" \/>\n<meta property=\"article:published_time\" content=\"2025-04-07T10:54:10+00:00\" \/>\n<meta property=\"article:modified_time\" content=\"2025-04-08T07:12:09+00:00\" \/>\n<meta property=\"og:image\" content=\"https:\/\/www.almega.se\/app\/uploads\/2025\/04\/bf4e673c-f36f-4042-ae8d-daaf84a96038-scaled.jpg\" \/>\n\t<meta property=\"og:image:width\" content=\"2560\" \/>\n\t<meta property=\"og:image:height\" content=\"1653\" \/>\n\t<meta property=\"og:image:type\" content=\"image\/jpeg\" \/>\n<meta name=\"author\" content=\"Erik Juhlin\" \/>\n<meta name=\"twitter:card\" content=\"summary_large_image\" \/>\n<meta name=\"twitter:label1\" content=\"Skriven av\" \/>\n\t<meta name=\"twitter:data1\" content=\"Erik Juhlin\" \/>\n\t<meta name=\"twitter:label2\" content=\"Ber\u00e4knad l\u00e4stid\" \/>\n\t<meta name=\"twitter:data2\" content=\"1 minut\" \/>\n<!-- \/ Yoast SEO Premium plugin. -->","yoast_head_json":{"title":"Almega: \"Vinstutredningen \u00e4r ett frontalangrepp p\u00e5 f\u00f6retagsamheten och valfriheten.\" | Almega","robots":{"index":"index","follow":"follow","max-snippet":"max-snippet:-1","max-image-preview":"max-image-preview:large","max-video-preview":"max-video-preview:-1"},"canonical":"https:\/\/www.almega.se\/2025\/04\/almega-vinstutredningen-ar-ett-frontalangrepp-pa-foretagsamheten-och-valfriheten\/","og_locale":"sv_SE","og_type":"article","og_title":"Almega: \"Vinstutredningen \u00e4r ett frontalangrepp p\u00e5 f\u00f6retagsamheten och valfriheten.\"","og_description":"I dag presenterades delbet\u00e4nkandet \u201dSk\u00e4rpta villkor f\u00f6r friskolesektorn\u201d. I utredningen, \u00e4ven kallad vinstutredningen, f\u00f6resl\u00e5s begr\u00e4nsningar i r\u00e4tten att dela ut vinst fr\u00e5n frist\u00e5ende skolor och f\u00f6rskolor samt ett batteri av ytterligare \u00e5tg\u00e4rder.","og_url":"https:\/\/www.almega.se\/2025\/04\/almega-vinstutredningen-ar-ett-frontalangrepp-pa-foretagsamheten-och-valfriheten\/","og_site_name":"Almega","article_published_time":"2025-04-07T10:54:10+00:00","article_modified_time":"2025-04-08T07:12:09+00:00","og_image":[{"width":2560,"height":1653,"url":"https:\/\/www.almega.se\/app\/uploads\/2025\/04\/bf4e673c-f36f-4042-ae8d-daaf84a96038-scaled.jpg","type":"image\/jpeg"}],"author":"Erik Juhlin","twitter_card":"summary_large_image","twitter_misc":{"Skriven av":"Erik Juhlin","Ber\u00e4knad l\u00e4stid":"1 minut"},"schema":{"@context":"https:\/\/schema.org","@graph":[{"@type":"NewsArticle","@id":"https:\/\/www.almega.se\/2025\/04\/almega-vinstutredningen-ar-ett-frontalangrepp-pa-foretagsamheten-och-valfriheten\/#article","isPartOf":{"@id":"https:\/\/www.almega.se\/2025\/04\/almega-vinstutredningen-ar-ett-frontalangrepp-pa-foretagsamheten-och-valfriheten\/"},"author":{"name":"Erik Juhlin","@id":"https:\/\/www.almega.se\/#\/schema\/person\/3c181ea7ead5ab7b14c61584637720f5"},"headline":"Almega: &#8221;Vinstutredningen \u00e4r ett frontalangrepp p\u00e5 f\u00f6retagsamheten och valfriheten.&#8221;","datePublished":"2025-04-07T10:54:10+00:00","dateModified":"2025-04-08T07:12:09+00:00","mainEntityOfPage":{"@id":"https:\/\/www.almega.se\/2025\/04\/almega-vinstutredningen-ar-ett-frontalangrepp-pa-foretagsamheten-och-valfriheten\/"},"wordCount":212,"image":{"@id":"https:\/\/www.almega.se\/2025\/04\/almega-vinstutredningen-ar-ett-frontalangrepp-pa-foretagsamheten-och-valfriheten\/#primaryimage"},"thumbnailUrl":"https:\/\/www.almega.se\/app\/uploads\/2025\/04\/bf4e673c-f36f-4042-ae8d-daaf84a96038-scaled.jpg","articleSection":["Almega","V\u00e4lf\u00e4rd"],"inLanguage":"sv-SE"},{"@type":"WebPage","@id":"https:\/\/www.almega.se\/2025\/04\/almega-vinstutredningen-ar-ett-frontalangrepp-pa-foretagsamheten-och-valfriheten\/","url":"https:\/\/www.almega.se\/2025\/04\/almega-vinstutredningen-ar-ett-frontalangrepp-pa-foretagsamheten-och-valfriheten\/","name":"Almega: \"Vinstutredningen \u00e4r ett frontalangrepp p\u00e5 f\u00f6retagsamheten och valfriheten.\" | Almega","isPartOf":{"@id":"https:\/\/www.almega.se\/#website"},"primaryImageOfPage":{"@id":"https:\/\/www.almega.se\/2025\/04\/almega-vinstutredningen-ar-ett-frontalangrepp-pa-foretagsamheten-och-valfriheten\/#primaryimage"},"image":{"@id":"https:\/\/www.almega.se\/2025\/04\/almega-vinstutredningen-ar-ett-frontalangrepp-pa-foretagsamheten-och-valfriheten\/#primaryimage"},"thumbnailUrl":"https:\/\/www.almega.se\/app\/uploads\/2025\/04\/bf4e673c-f36f-4042-ae8d-daaf84a96038-scaled.jpg","datePublished":"2025-04-07T10:54:10+00:00","dateModified":"2025-04-08T07:12:09+00:00","author":{"@id":"https:\/\/www.almega.se\/#\/schema\/person\/3c181ea7ead5ab7b14c61584637720f5"},"breadcrumb":{"@id":"https:\/\/www.almega.se\/2025\/04\/almega-vinstutredningen-ar-ett-frontalangrepp-pa-foretagsamheten-och-valfriheten\/#breadcrumb"},"inLanguage":"sv-SE","potentialAction":[{"@type":"ReadAction","target":["https:\/\/www.almega.se\/2025\/04\/almega-vinstutredningen-ar-ett-frontalangrepp-pa-foretagsamheten-och-valfriheten\/"]}]},{"@type":"ImageObject","inLanguage":"sv-SE","@id":"https:\/\/www.almega.se\/2025\/04\/almega-vinstutredningen-ar-ett-frontalangrepp-pa-foretagsamheten-och-valfriheten\/#primaryimage","url":"https:\/\/www.almega.se\/app\/uploads\/2025\/04\/bf4e673c-f36f-4042-ae8d-daaf84a96038-scaled.jpg","contentUrl":"https:\/\/www.almega.se\/app\/uploads\/2025\/04\/bf4e673c-f36f-4042-ae8d-daaf84a96038-scaled.jpg","width":2560,"height":1653,"caption":"Fredrik \u00d6stbom, n\u00e4ringspolitisk chef p\u00e5 Almega"},{"@type":"BreadcrumbList","@id":"https:\/\/www.almega.se\/2025\/04\/almega-vinstutredningen-ar-ett-frontalangrepp-pa-foretagsamheten-och-valfriheten\/#breadcrumb","itemListElement":[{"@type":"ListItem","position":1,"name":"Home","item":"https:\/\/www.almega.se\/"},{"@type":"ListItem","position":2,"name":"Almega: &#8221;Vinstutredningen \u00e4r ett frontalangrepp p\u00e5 f\u00f6retagsamheten och valfriheten.&#8221;"}]},{"@type":"WebSite","@id":"https:\/\/www.almega.se\/#website","url":"https:\/\/www.almega.se\/","name":"Almega","description":"","potentialAction":[{"@type":"SearchAction","target":{"@type":"EntryPoint","urlTemplate":"https:\/\/www.almega.se\/?s={search_term_string}"},"query-input":{"@type":"PropertyValueSpecification","valueRequired":true,"valueName":"search_term_string"}}],"inLanguage":"sv-SE"},{"@type":"Person","@id":"https:\/\/www.almega.se\/#\/schema\/person\/3c181ea7ead5ab7b14c61584637720f5","name":"Erik Juhlin","image":{"@type":"ImageObject","inLanguage":"sv-SE","@id":"https:\/\/www.almega.se\/#\/schema\/person\/image\/","url":"https:\/\/secure.gravatar.com\/avatar\/ef0e97454357041724f27ea1630fa5bf78b30eea6fc56998e6a03142ad5b1370?s=96&d=mm&r=g","contentUrl":"https:\/\/secure.gravatar.com\/avatar\/ef0e97454357041724f27ea1630fa5bf78b30eea6fc56998e6a03142ad5b1370?s=96&d=mm&r=g","caption":"Erik Juhlin"},"url":"https:\/\/www.almega.se\/person\/erikjuhlin\/"}]}},"_links":{"self":[{"href":"https:\/\/www.almega.se\/api\/wp\/v2\/posts\/78470","targetHints":{"allow":["GET"]}}],"collection":[{"href":"https:\/\/www.almega.se\/api\/wp\/v2\/posts"}],"about":[{"href":"https:\/\/www.almega.se\/api\/wp\/v2\/types\/post"}],"author":[{"embeddable":true,"href":"https:\/\/www.almega.se\/api\/wp\/v2\/users\/6356"}],"replies":[{"embeddable":true,"href":"https:\/\/www.almega.se\/api\/wp\/v2\/comments?post=78470"}],"version-history":[{"count":2,"href":"https:\/\/www.almega.se\/api\/wp\/v2\/posts\/78470\/revisions"}],"predecessor-version":[{"id":78484,"href":"https:\/\/www.almega.se\/api\/wp\/v2\/posts\/78470\/revisions\/78484"}],"wp:featuredmedia":[{"embeddable":true,"href":"https:\/\/www.almega.se\/api\/wp\/v2\/media\/78471"}],"wp:attachment":[{"href":"https:\/\/www.almega.se\/api\/wp\/v2\/media?parent=78470"}],"wp:term":[{"taxonomy":"category","embeddable":true,"href":"https:\/\/www.almega.se\/api\/wp\/v2\/categories?post=78470"},{"taxonomy":"post_tag","embeddable":true,"href":"https:\/\/www.almega.se\/api\/wp\/v2\/tags?post=78470"},{"taxonomy":"type","embeddable":true,"href":"https:\/\/www.almega.se\/api\/wp\/v2\/article_type?post=78470"},{"taxonomy":"agreement","embeddable":true,"href":"https:\/\/www.almega.se\/api\/wp\/v2\/agreement?post=78470"}],"curies":[{"name":"wp","href":"https:\/\/api.w.org\/{rel}","templated":true}]}}