{"id":78263,"date":"2025-03-24T12:44:53","date_gmt":"2025-03-24T11:44:53","guid":{"rendered":"https:\/\/www.almega.se\/?p=78263"},"modified":"2025-03-26T09:41:50","modified_gmt":"2025-03-26T08:41:50","slug":"debatt-det-ar-nagot-som-inte-star-ratt-till-i-sverige","status":"publish","type":"post","link":"https:\/\/www.almega.se\/2025\/03\/debatt-det-ar-nagot-som-inte-star-ratt-till-i-sverige\/","title":{"rendered":"Debatt: Det \u00e4r n\u00e5got som inte st\u00e5r r\u00e4tt till i Sverige"},"content":{"rendered":"<p class=\"intro\">H\u00f6g arbetsl\u00f6shet i kombination med utbredd kompetensbrist talar sitt tydliga spr\u00e5k. Det \u00e4r n\u00e5got som inte st\u00e5r r\u00e4tt till p\u00e5 svensk arbetsmarknad. Nu beh\u00f6ver Sverige en ny arbetslinje f\u00f6r en ny tid, skriver Fredrik \u00d6stbom och Patrick Joyce i Expressen.<\/p>\n\n<p>&#8221;H\u00f6g arbetsl\u00f6shet i kombination med utbredd kompetensbrist talar sitt tydliga spr\u00e5k. Det \u00e4r n\u00e5got som inte st\u00e5r r\u00e4tt till p\u00e5 svensk arbetsmarknad. H\u00f6g arbetsl\u00f6shet i kombination med utbredd kompetensbrist talar sitt tydliga spr\u00e5k. Det \u00e4r n\u00e5got som inte st\u00e5r r\u00e4tt till p\u00e5 svensk arbetsmarknad.&#8221;<\/p>\n\n\n\n<p>Det skriver <strong>Fredrik \u00d6stbom<\/strong>, n\u00e4ringspolitisk chef, Almega,<strong>  <\/strong>och<strong> Patrick Joyce,<\/strong>\u00a0chefekonom, Almega i en <a href=\"https:\/\/www.expressen.se\/debatt\/debatt-det-ar-nagot-som-inte--star-ratt-till-i-sverige\/\" target=\"_blank\" rel=\"noreferrer noopener\">debattartikel i Expressen.<\/a><\/p>\n\n\n<a class='Share__link Share__link--url copy-text' href='#' rel='nofollow' data-text='\"hog-arbetsloshet,-stor-kompetensbrist-och-lag-tillvaxt-far-aldrig-tillatas-bli-ett-normallage\"' title='Dela url' data-confirmation='L\u00e4nken kopierades till urklipp'><svg class='icon icon--link'  width='18' height='18' viewBox='0 0 18 18' fill='none' xmlns='http:\/\/www.w3.org\/2000\/svg'>\n            <path d='M10.4142 0.514721L6.87868 4.05025L8.29289 5.46447L11.1213 2.63604L15.364 6.87868L12.5355 9.70711L13.9497 11.1213L17.4853 7.58579C17.8763 7.19476 17.8763 6.5626 17.4853 6.17158L11.8284 0.514721C11.4374 0.123691 10.8052 0.123691 10.4142 0.514721Z' fill='black'\/>\n            <path d='M9.7071 12.5355L6.87868 15.364L2.63604 11.1213L5.46446 8.2929L4.05025 6.87868L0.514716 10.4142C0.123686 10.8052 0.123686 11.4374 0.514716 11.8284L6.17157 17.4853C6.5626 17.8763 7.19475 17.8763 7.58578 17.4853L11.1213 13.9497L9.7071 12.5355Z' fill='black'\/>\n            <path d='M6.17157 11.8284C6.5626 12.2195 7.19475 12.2195 7.58578 11.8284L11.8284 7.58579C12.2195 7.19476 12.2195 6.56261 11.8284 6.17158C11.4374 5.78055 10.8052 5.78055 10.4142 6.17158L6.17157 10.4142C5.78054 10.8052 5.78054 11.4374 6.17157 11.8284Z' fill='black'\/>\n            <\/svg> <\/a>\n<h2 class=\"wp-block-heading\" id=\"h-hog-arbetsloshet-stor-kompetensbrist-och-lag-tillvaxt-far-aldrig-tillatas-bli-ett-normallage\">&#8221;H\u00f6g arbetsl\u00f6shet, stor kompetensbrist och l\u00e5g tillv\u00e4xt f\u00e5r aldrig till\u00e5tas bli ett normall\u00e4ge&#8221;<\/h2>\n\n\n\n<p>&#8221;Den privata tj\u00e4nstesektorn syssels\u00e4tter n\u00e4stan h\u00e4lften av alla arbetande i Sverige. Och i en alltmer kunskapsdriven och digitaliserad ekonomi kan tj\u00e4nstef\u00f6retagen bli den motor f\u00f6r f\u00f6r\u00e4ndring som landet beh\u00f6ver. Men f\u00f6r att de personalintensiva tj\u00e4nstef\u00f6retagen ska n\u00e5 sin fulla potential kr\u00e4vs modiga reformer:<\/p>\n\n\n\n<ul class=\"wp-block-list\">\n<li><strong>St\u00e4rkta drivkrafter till jobb<\/strong>&nbsp;genom ett nytt jobbskatteavdrag, ytterligare s\u00e4nkta marginalskatter och ett reformerat bidragssystem.<\/li>\n<\/ul>\n\n\n\n<ul class=\"wp-block-list\">\n<li><strong>S\u00e4nkta kostnader f\u00f6r att anst\u00e4lla<\/strong>&nbsp;genom att minska den allm\u00e4nna l\u00f6neavgiften i arbetsgivaravgifterna.<\/li>\n<\/ul>\n\n\n\n<ul class=\"wp-block-list\">\n<li><strong>B\u00e4ttre matchning av kompetens<\/strong>&nbsp;mot behov genom en aktiv arbetsmarknadspolitik och ut\u00f6kade kompetensavdrag f\u00f6r f\u00f6retag.<\/li>\n<\/ul>\n\n\n\n      <a href=\"https:\/\/www.expressen.se\/debatt\/debatt-det-ar-nagot-som-inte--star-ratt-till-i-sverige\/\" target=\"\" class=\"Button is-text Button--arrow-tip\">\n      \n        L\u00e4s hela debattartikeln: Det \u00e4r n\u00e5got som inte st\u00e5r r\u00e4tt till i Sverige (expressen.se)\n      \n      \n                \n                <svg class='icon icon--arrow-tip'  width=\"11\" height=\"16\" viewBox=\"0 0 11 16\" fill=\"none\" xmlns=\"http:\/\/www.w3.org\/2000\/svg\">\n<path d=\"M0.858398 15L9.2304 7.99664L0.967732 1.00001\" stroke=\"black\" stroke-width=\"2\" stroke-miterlimit=\"10\"\/>\n<\/svg>\n\n        \n    <\/a>\n  \n","protected":false},"excerpt":{"rendered":"<p>&#8221;H\u00f6g arbetsl\u00f6shet i kombination med utbredd kompetensbrist talar sitt tydliga spr\u00e5k. Det \u00e4r n\u00e5got som inte st\u00e5r r\u00e4tt till p\u00e5 svensk arbetsmarknad. H\u00f6g arbetsl\u00f6shet i kombination med utbredd kompetensbrist talar sitt tydliga spr\u00e5k. Det \u00e4r &hellip;<\/p>\n","protected":false},"author":16543,"featured_media":74660,"comment_status":"closed","ping_status":"closed","sticky":false,"template":"","format":"standard","meta":{"_acf_changed":false,"footnotes":""},"categories":[603],"tags":[50],"article_type":[49],"agreement":[],"class_list":["post-78263","post","type-post","status-publish","format-standard","has-post-thumbnail","hentry","category-almega","tag-tjanstesektorns-utveckling","type-debattartiklar"],"acf":[],"yoast_head":"<!-- This site is optimized with the Yoast SEO Premium plugin v26.8 (Yoast SEO v26.8) - https:\/\/yoast.com\/product\/yoast-seo-premium-wordpress\/ -->\n<title>Debatt: Det \u00e4r n\u00e5got som inte st\u00e5r r\u00e4tt till i Sverige | Almega<\/title>\n<meta name=\"robots\" content=\"index, follow, max-snippet:-1, max-image-preview:large, max-video-preview:-1\" \/>\n<link rel=\"canonical\" href=\"https:\/\/www.almega.se\/2025\/03\/debatt-det-ar-nagot-som-inte-star-ratt-till-i-sverige\/\" \/>\n<meta property=\"og:locale\" content=\"sv_SE\" \/>\n<meta property=\"og:type\" content=\"article\" \/>\n<meta property=\"og:title\" content=\"Debatt: Det \u00e4r n\u00e5got som inte st\u00e5r r\u00e4tt till i Sverige\" \/>\n<meta property=\"og:description\" content=\"&#8221;H\u00f6g arbetsl\u00f6shet i kombination med utbredd kompetensbrist talar sitt tydliga spr\u00e5k. Det \u00e4r n\u00e5got som inte st\u00e5r r\u00e4tt till p\u00e5 svensk arbetsmarknad. H\u00f6g arbetsl\u00f6shet i kombination med utbredd kompetensbrist talar sitt tydliga spr\u00e5k. Det \u00e4r &hellip;\" \/>\n<meta property=\"og:url\" content=\"https:\/\/www.almega.se\/2025\/03\/debatt-det-ar-nagot-som-inte-star-ratt-till-i-sverige\/\" \/>\n<meta property=\"og:site_name\" content=\"Almega\" \/>\n<meta property=\"article:published_time\" content=\"2025-03-24T11:44:53+00:00\" \/>\n<meta property=\"article:modified_time\" content=\"2025-03-26T08:41:50+00:00\" \/>\n<meta property=\"og:image\" content=\"https:\/\/www.almega.se\/app\/uploads\/2024\/06\/9edc4e3b-13ab-4921-a73e-c1d73bfde3a9.jpg\" \/>\n\t<meta property=\"og:image:width\" content=\"1\" \/>\n\t<meta property=\"og:image:height\" content=\"1\" \/>\n\t<meta property=\"og:image:type\" content=\"image\/jpeg\" \/>\n<meta name=\"author\" content=\"R\u00e9ka Tolnai\" \/>\n<meta name=\"twitter:card\" content=\"summary_large_image\" \/>\n<meta name=\"twitter:label1\" content=\"Skriven av\" \/>\n\t<meta name=\"twitter:data1\" content=\"R\u00e9ka Tolnai\" \/>\n\t<meta name=\"twitter:label2\" content=\"Ber\u00e4knad l\u00e4stid\" \/>\n\t<meta name=\"twitter:data2\" content=\"2 minuter\" \/>\n<!-- \/ Yoast SEO Premium plugin. -->","yoast_head_json":{"title":"Debatt: Det \u00e4r n\u00e5got som inte st\u00e5r r\u00e4tt till i Sverige | Almega","robots":{"index":"index","follow":"follow","max-snippet":"max-snippet:-1","max-image-preview":"max-image-preview:large","max-video-preview":"max-video-preview:-1"},"canonical":"https:\/\/www.almega.se\/2025\/03\/debatt-det-ar-nagot-som-inte-star-ratt-till-i-sverige\/","og_locale":"sv_SE","og_type":"article","og_title":"Debatt: Det \u00e4r n\u00e5got som inte st\u00e5r r\u00e4tt till i Sverige","og_description":"&#8221;H\u00f6g arbetsl\u00f6shet i kombination med utbredd kompetensbrist talar sitt tydliga spr\u00e5k. Det \u00e4r n\u00e5got som inte st\u00e5r r\u00e4tt till p\u00e5 svensk arbetsmarknad. H\u00f6g arbetsl\u00f6shet i kombination med utbredd kompetensbrist talar sitt tydliga spr\u00e5k. Det \u00e4r &hellip;","og_url":"https:\/\/www.almega.se\/2025\/03\/debatt-det-ar-nagot-som-inte-star-ratt-till-i-sverige\/","og_site_name":"Almega","article_published_time":"2025-03-24T11:44:53+00:00","article_modified_time":"2025-03-26T08:41:50+00:00","og_image":[{"url":"https:\/\/www.almega.se\/app\/uploads\/2024\/06\/9edc4e3b-13ab-4921-a73e-c1d73bfde3a9.jpg","width":1,"height":1,"type":"image\/jpeg"}],"author":"R\u00e9ka Tolnai","twitter_card":"summary_large_image","twitter_misc":{"Skriven av":"R\u00e9ka Tolnai","Ber\u00e4knad l\u00e4stid":"2 minuter"},"schema":{"@context":"https:\/\/schema.org","@graph":[{"@type":"NewsArticle","@id":"https:\/\/www.almega.se\/2025\/03\/debatt-det-ar-nagot-som-inte-star-ratt-till-i-sverige\/#article","isPartOf":{"@id":"https:\/\/www.almega.se\/2025\/03\/debatt-det-ar-nagot-som-inte-star-ratt-till-i-sverige\/"},"author":{"name":"R\u00e9ka Tolnai","@id":"https:\/\/www.almega.se\/#\/schema\/person\/e54aa110880538cf5ceac0ac54bbecf7"},"headline":"Debatt: Det \u00e4r n\u00e5got som inte st\u00e5r r\u00e4tt till i Sverige","datePublished":"2025-03-24T11:44:53+00:00","dateModified":"2025-03-26T08:41:50+00:00","mainEntityOfPage":{"@id":"https:\/\/www.almega.se\/2025\/03\/debatt-det-ar-nagot-som-inte-star-ratt-till-i-sverige\/"},"wordCount":222,"image":{"@id":"https:\/\/www.almega.se\/2025\/03\/debatt-det-ar-nagot-som-inte-star-ratt-till-i-sverige\/#primaryimage"},"thumbnailUrl":"https:\/\/www.almega.se\/app\/uploads\/2024\/06\/9edc4e3b-13ab-4921-a73e-c1d73bfde3a9.jpg","keywords":["Tj\u00e4nstesektorns utveckling"],"articleSection":["Almega"],"inLanguage":"sv-SE"},{"@type":"WebPage","@id":"https:\/\/www.almega.se\/2025\/03\/debatt-det-ar-nagot-som-inte-star-ratt-till-i-sverige\/","url":"https:\/\/www.almega.se\/2025\/03\/debatt-det-ar-nagot-som-inte-star-ratt-till-i-sverige\/","name":"Debatt: Det \u00e4r n\u00e5got som inte st\u00e5r r\u00e4tt till i Sverige | Almega","isPartOf":{"@id":"https:\/\/www.almega.se\/#website"},"primaryImageOfPage":{"@id":"https:\/\/www.almega.se\/2025\/03\/debatt-det-ar-nagot-som-inte-star-ratt-till-i-sverige\/#primaryimage"},"image":{"@id":"https:\/\/www.almega.se\/2025\/03\/debatt-det-ar-nagot-som-inte-star-ratt-till-i-sverige\/#primaryimage"},"thumbnailUrl":"https:\/\/www.almega.se\/app\/uploads\/2024\/06\/9edc4e3b-13ab-4921-a73e-c1d73bfde3a9.jpg","datePublished":"2025-03-24T11:44:53+00:00","dateModified":"2025-03-26T08:41:50+00:00","author":{"@id":"https:\/\/www.almega.se\/#\/schema\/person\/e54aa110880538cf5ceac0ac54bbecf7"},"breadcrumb":{"@id":"https:\/\/www.almega.se\/2025\/03\/debatt-det-ar-nagot-som-inte-star-ratt-till-i-sverige\/#breadcrumb"},"inLanguage":"sv-SE","potentialAction":[{"@type":"ReadAction","target":["https:\/\/www.almega.se\/2025\/03\/debatt-det-ar-nagot-som-inte-star-ratt-till-i-sverige\/"]}]},{"@type":"ImageObject","inLanguage":"sv-SE","@id":"https:\/\/www.almega.se\/2025\/03\/debatt-det-ar-nagot-som-inte-star-ratt-till-i-sverige\/#primaryimage","url":"https:\/\/www.almega.se\/app\/uploads\/2024\/06\/9edc4e3b-13ab-4921-a73e-c1d73bfde3a9.jpg","contentUrl":"https:\/\/www.almega.se\/app\/uploads\/2024\/06\/9edc4e3b-13ab-4921-a73e-c1d73bfde3a9.jpg","caption":"Fredrik \u00d6stbom, n\u00e4ringspolitisk chef"},{"@type":"BreadcrumbList","@id":"https:\/\/www.almega.se\/2025\/03\/debatt-det-ar-nagot-som-inte-star-ratt-till-i-sverige\/#breadcrumb","itemListElement":[{"@type":"ListItem","position":1,"name":"Home","item":"https:\/\/www.almega.se\/"},{"@type":"ListItem","position":2,"name":"Debatt: Det \u00e4r n\u00e5got som inte st\u00e5r r\u00e4tt till i Sverige"}]},{"@type":"WebSite","@id":"https:\/\/www.almega.se\/#website","url":"https:\/\/www.almega.se\/","name":"Almega","description":"","potentialAction":[{"@type":"SearchAction","target":{"@type":"EntryPoint","urlTemplate":"https:\/\/www.almega.se\/?s={search_term_string}"},"query-input":{"@type":"PropertyValueSpecification","valueRequired":true,"valueName":"search_term_string"}}],"inLanguage":"sv-SE"},{"@type":"Person","@id":"https:\/\/www.almega.se\/#\/schema\/person\/e54aa110880538cf5ceac0ac54bbecf7","name":"R\u00e9ka Tolnai","image":{"@type":"ImageObject","inLanguage":"sv-SE","@id":"https:\/\/www.almega.se\/#\/schema\/person\/image\/","url":"https:\/\/secure.gravatar.com\/avatar\/c722d4a4ee787603df9df499a683d681bd2c463bde248da25aabc45883d614d2?s=96&d=mm&r=g","contentUrl":"https:\/\/secure.gravatar.com\/avatar\/c722d4a4ee787603df9df499a683d681bd2c463bde248da25aabc45883d614d2?s=96&d=mm&r=g","caption":"R\u00e9ka Tolnai"},"url":"https:\/\/www.almega.se\/person\/rekatolnai\/"}]}},"_links":{"self":[{"href":"https:\/\/www.almega.se\/api\/wp\/v2\/posts\/78263","targetHints":{"allow":["GET"]}}],"collection":[{"href":"https:\/\/www.almega.se\/api\/wp\/v2\/posts"}],"about":[{"href":"https:\/\/www.almega.se\/api\/wp\/v2\/types\/post"}],"author":[{"embeddable":true,"href":"https:\/\/www.almega.se\/api\/wp\/v2\/users\/16543"}],"replies":[{"embeddable":true,"href":"https:\/\/www.almega.se\/api\/wp\/v2\/comments?post=78263"}],"version-history":[{"count":2,"href":"https:\/\/www.almega.se\/api\/wp\/v2\/posts\/78263\/revisions"}],"predecessor-version":[{"id":78266,"href":"https:\/\/www.almega.se\/api\/wp\/v2\/posts\/78263\/revisions\/78266"}],"wp:featuredmedia":[{"embeddable":true,"href":"https:\/\/www.almega.se\/api\/wp\/v2\/media\/74660"}],"wp:attachment":[{"href":"https:\/\/www.almega.se\/api\/wp\/v2\/media?parent=78263"}],"wp:term":[{"taxonomy":"category","embeddable":true,"href":"https:\/\/www.almega.se\/api\/wp\/v2\/categories?post=78263"},{"taxonomy":"post_tag","embeddable":true,"href":"https:\/\/www.almega.se\/api\/wp\/v2\/tags?post=78263"},{"taxonomy":"type","embeddable":true,"href":"https:\/\/www.almega.se\/api\/wp\/v2\/article_type?post=78263"},{"taxonomy":"agreement","embeddable":true,"href":"https:\/\/www.almega.se\/api\/wp\/v2\/agreement?post=78263"}],"curies":[{"name":"wp","href":"https:\/\/api.w.org\/{rel}","templated":true}]}}