{"id":78195,"date":"2025-03-18T06:00:00","date_gmt":"2025-03-18T05:00:00","guid":{"rendered":"https:\/\/www.almega.se\/2025\/03\/tjansteindikatorn-det-vill-sig-inte-for-tjanstesektorn\/"},"modified":"2025-03-19T14:32:24","modified_gmt":"2025-03-19T13:32:24","slug":"tjansteindikatorn-det-vill-sig-inte-for-tjanstesektorn","status":"publish","type":"post","link":"https:\/\/www.almega.se\/2025\/03\/tjansteindikatorn-det-vill-sig-inte-for-tjanstesektorn\/","title":{"rendered":"Tj\u00e4nste&shy;indikatorn: Det vill sig inte f\u00f6r tj\u00e4nstesektorn"},"content":{"rendered":"<p class=\"intro\">Tj\u00e4nstesektorn har alltj\u00e4mt sv\u00e5rt att lyfta. Samtidigt som svensk tillv\u00e4xt \u00f6kade med 2,4 procent i \u00e5rstakt, v\u00e4xte den privata tj\u00e4nstesektorn under det f\u00f6rra kvartalet med m\u00e5ttliga 0,4 procent. Den fr\u00e4msta orsaken \u00e4r den svaga hush\u00e5llskonsumtionen.<\/p>\n\n<p>\u2013 Hush\u00e5llen b\u00f6rjar visserligen konsumera igen, men det g\u00e5r l\u00e5ngsamt och r\u00e4cker inte f\u00f6r att ge tj\u00e4nstesektorn den skjuts som beh\u00f6vs, s\u00e4ger<strong> Patrick Joyce<\/strong>, chefekonom p\u00e5 Almega.<\/p>\n\n\n\n<p>En svag konjunktur och l\u00e5g efterfr\u00e5gan fr\u00e5n industrin och byggsektorn h\u00e5ller dessutom tillbaka utvecklingen f\u00f6r m\u00e5nga f\u00f6retagstj\u00e4nster, mest p\u00e5tagligt i konsultsektorn.<\/p>\n\n\n\n<p>\u2013 Tj\u00e4nster inom juridik, ekonomi, teknik och arkitektur backade med 1,4 procent medan personaluthyrning och andra st\u00f6dtj\u00e4nster till f\u00f6retag f\u00f6ll med 1,6 procent i \u00e5rstakt, s\u00e4ger Patrick Joyce.<\/p>\n\n\n\n<p>Undantaget \u00e4r information och kommunikation d\u00e4r produktionen \u00f6kade med 6,8 procent.<\/p>\n\n\n\n<p>\u2013 Ett gl\u00e4dje\u00e4mne \u00e4r att exporten av f\u00f6retagstj\u00e4nster \u00f6kade ordentligt under kvartalet, vilket givetvis mildrar den negativa utvecklingen. Dessutom pekar Almegas tj\u00e4nsteindikator p\u00e5 att produktionen i tj\u00e4nstesektorn v\u00e4nt upp\u00e5t under nuvarande kvartal, s\u00e4ger Patrick Joyce.<\/p>\n\n\n<a class='Share__link Share__link--url copy-text' href='#' rel='nofollow' data-text='syns-aven-pa-arbetsmarknaden' title='Dela url' data-confirmation='L\u00e4nken kopierades till urklipp'><svg class='icon icon--link'  width='18' height='18' viewBox='0 0 18 18' fill='none' xmlns='http:\/\/www.w3.org\/2000\/svg'>\n            <path d='M10.4142 0.514721L6.87868 4.05025L8.29289 5.46447L11.1213 2.63604L15.364 6.87868L12.5355 9.70711L13.9497 11.1213L17.4853 7.58579C17.8763 7.19476 17.8763 6.5626 17.4853 6.17158L11.8284 0.514721C11.4374 0.123691 10.8052 0.123691 10.4142 0.514721Z' fill='black'\/>\n            <path d='M9.7071 12.5355L6.87868 15.364L2.63604 11.1213L5.46446 8.2929L4.05025 6.87868L0.514716 10.4142C0.123686 10.8052 0.123686 11.4374 0.514716 11.8284L6.17157 17.4853C6.5626 17.8763 7.19475 17.8763 7.58578 17.4853L11.1213 13.9497L9.7071 12.5355Z' fill='black'\/>\n            <path d='M6.17157 11.8284C6.5626 12.2195 7.19475 12.2195 7.58578 11.8284L11.8284 7.58579C12.2195 7.19476 12.2195 6.56261 11.8284 6.17158C11.4374 5.78055 10.8052 5.78055 10.4142 6.17158L6.17157 10.4142C5.78054 10.8052 5.78054 11.4374 6.17157 11.8284Z' fill='black'\/>\n            <\/svg> <\/a>\n<h2 class=\"wp-block-heading\" id=\"h-syns-aven-pa-arbetsmarknaden\">Syns \u00e4ven p\u00e5 arbetsmarknaden<\/h2>\n\n\n\n<p>Den utdragna l\u00e5gkonjunkturen syns \u00e4ven p\u00e5 arbetsmarknaden. V\u00e4rst drabbad \u00e4r bemanningsbranschen, d\u00e4r vart tionde jobb har f\u00f6rsvunnit, men \u00e4ven i informations- och kommunikationsbranschen minskar jobben. <strong>&nbsp;<\/strong><\/p>\n\n\n\n<p>\u2013 P\u00e5 ett \u00e5r har 34 000 jobb f\u00f6rsvunnit fr\u00e5n den privata tj\u00e4nstesektorn, s\u00e4ger Patrick Joyce.<\/p>\n\n\n\n<p>Nu finns det dock tecken p\u00e5 att botten \u00e4r n\u00e5dd. Antalet lediga jobb \u00f6kar och tj\u00e4nstef\u00f6retagens anst\u00e4llningsplaner \u00e4r f\u00f6rsiktigt positiva.<\/p>\n\n\n\n<p>\u2013 Almegas arbetsmarknadsindikator tyder p\u00e5 att jobbminskningen kommer att plana ut kvartalet. Det \u00e4r fortfarande en os\u00e4ker prognos, men det finns tecken p\u00e5 en ljusning, s\u00e4ger Patrick Joyce.<\/p>\n\n\n\n      <a href=\"https:\/\/www.almega.se\/2025\/03\/almegas-tjansteindikator-for-forsta-kvartalet-2025\/\" target=\"\" class=\"Button is-text Button--arrow-tip\">\n      \n        Tj\u00e4nsteindikatorn f\u00f6rsta kvartalet 2025\n      \n      \n                \n                <svg class='icon icon--arrow-tip'  width=\"11\" height=\"16\" viewBox=\"0 0 11 16\" fill=\"none\" xmlns=\"http:\/\/www.w3.org\/2000\/svg\">\n<path d=\"M0.858398 15L9.2304 7.99664L0.967732 1.00001\" stroke=\"black\" stroke-width=\"2\" stroke-miterlimit=\"10\"\/>\n<\/svg>\n\n        \n    <\/a>\n  \n\n\n<a class='Share__link Share__link--url copy-text' href='#' rel='nofollow' data-text='' title='Dela url' data-confirmation='L\u00e4nken kopierades till urklipp'><svg class='icon icon--link'  width='18' height='18' viewBox='0 0 18 18' fill='none' xmlns='http:\/\/www.w3.org\/2000\/svg'>\n            <path d='M10.4142 0.514721L6.87868 4.05025L8.29289 5.46447L11.1213 2.63604L15.364 6.87868L12.5355 9.70711L13.9497 11.1213L17.4853 7.58579C17.8763 7.19476 17.8763 6.5626 17.4853 6.17158L11.8284 0.514721C11.4374 0.123691 10.8052 0.123691 10.4142 0.514721Z' fill='black'\/>\n            <path d='M9.7071 12.5355L6.87868 15.364L2.63604 11.1213L5.46446 8.2929L4.05025 6.87868L0.514716 10.4142C0.123686 10.8052 0.123686 11.4374 0.514716 11.8284L6.17157 17.4853C6.5626 17.8763 7.19475 17.8763 7.58578 17.4853L11.1213 13.9497L9.7071 12.5355Z' fill='black'\/>\n            <path d='M6.17157 11.8284C6.5626 12.2195 7.19475 12.2195 7.58578 11.8284L11.8284 7.58579C12.2195 7.19476 12.2195 6.56261 11.8284 6.17158C11.4374 5.78055 10.8052 5.78055 10.4142 6.17158L6.17157 10.4142C5.78054 10.8052 5.78054 11.4374 6.17157 11.8284Z' fill='black'\/>\n            <\/svg> <\/a>\n<h2 class=\"wp-block-heading\" id=\"h-\"><\/h2>\n","protected":false},"excerpt":{"rendered":"<p>Tj\u00e4nstesektorn har alltj\u00e4mt sv\u00e5rt att lyfta. Samtidigt som svensk tillv\u00e4xt \u00f6kade med 2,4 procent i \u00e5rstakt, v\u00e4xte den privata tj\u00e4nstesektorn under det f\u00f6rra kvartalet med m\u00e5ttliga 0,4 procent. Den fr\u00e4msta orsaken \u00e4r den svaga hush\u00e5llskonsumtionen.<\/p>\n","protected":false},"author":14531,"featured_media":43485,"comment_status":"closed","ping_status":"closed","sticky":false,"template":"","format":"standard","meta":{"_acf_changed":false,"footnotes":""},"categories":[630],"tags":[392],"article_type":[93],"agreement":[],"class_list":["post-78195","post","type-post","status-publish","format-standard","has-post-thumbnail","hentry","category-konjunktur","tag-tjansteindikatorn","type-pressmeddelanden"],"acf":[],"yoast_head":"<!-- This site is optimized with the Yoast SEO Premium plugin v26.8 (Yoast SEO v26.8) - https:\/\/yoast.com\/product\/yoast-seo-premium-wordpress\/ -->\n<title>Tj\u00e4nsteindikatorn: Det vill sig inte f\u00f6r tj\u00e4nstesektorn | Almega<\/title>\n<meta name=\"robots\" content=\"index, follow, max-snippet:-1, max-image-preview:large, max-video-preview:-1\" \/>\n<link rel=\"canonical\" href=\"https:\/\/www.almega.se\/2025\/03\/tjansteindikatorn-det-vill-sig-inte-for-tjanstesektorn\/\" \/>\n<meta property=\"og:locale\" content=\"sv_SE\" \/>\n<meta property=\"og:type\" content=\"article\" \/>\n<meta property=\"og:title\" content=\"Tj\u00e4nsteindikatorn: Det vill sig inte f\u00f6r tj\u00e4nstesektorn\" \/>\n<meta property=\"og:description\" content=\"Tj\u00e4nstesektorn har alltj\u00e4mt sv\u00e5rt att lyfta. Samtidigt som svensk tillv\u00e4xt \u00f6kade med 2,4 procent i \u00e5rstakt, v\u00e4xte den privata tj\u00e4nstesektorn under det f\u00f6rra kvartalet med m\u00e5ttliga 0,4 procent. Den fr\u00e4msta orsaken \u00e4r den svaga hush\u00e5llskonsumtionen.\" \/>\n<meta property=\"og:url\" content=\"https:\/\/www.almega.se\/2025\/03\/tjansteindikatorn-det-vill-sig-inte-for-tjanstesektorn\/\" \/>\n<meta property=\"og:site_name\" content=\"Almega\" \/>\n<meta property=\"article:published_time\" content=\"2025-03-18T05:00:00+00:00\" \/>\n<meta property=\"article:modified_time\" content=\"2025-03-19T13:32:24+00:00\" \/>\n<meta property=\"og:image\" content=\"https:\/\/www.almega.se\/app\/uploads\/2022\/03\/24f20c96-da8f-4b9b-92a3-5e93d9f260a5-scaled.jpg\" \/>\n\t<meta property=\"og:image:width\" content=\"2560\" \/>\n\t<meta property=\"og:image:height\" content=\"1707\" \/>\n\t<meta property=\"og:image:type\" content=\"image\/jpeg\" \/>\n<meta name=\"author\" content=\"Karin Nyg\u00e5rd\" \/>\n<meta name=\"twitter:card\" content=\"summary_large_image\" \/>\n<meta name=\"twitter:label1\" content=\"Skriven av\" \/>\n\t<meta name=\"twitter:data1\" content=\"Karin Nyg\u00e5rd\" \/>\n\t<meta name=\"twitter:label2\" content=\"Ber\u00e4knad l\u00e4stid\" \/>\n\t<meta name=\"twitter:data2\" content=\"2 minuter\" \/>\n<!-- \/ Yoast SEO Premium plugin. -->","yoast_head_json":{"title":"Tj\u00e4nsteindikatorn: Det vill sig inte f\u00f6r tj\u00e4nstesektorn | Almega","robots":{"index":"index","follow":"follow","max-snippet":"max-snippet:-1","max-image-preview":"max-image-preview:large","max-video-preview":"max-video-preview:-1"},"canonical":"https:\/\/www.almega.se\/2025\/03\/tjansteindikatorn-det-vill-sig-inte-for-tjanstesektorn\/","og_locale":"sv_SE","og_type":"article","og_title":"Tj\u00e4nsteindikatorn: Det vill sig inte f\u00f6r tj\u00e4nstesektorn","og_description":"Tj\u00e4nstesektorn har alltj\u00e4mt sv\u00e5rt att lyfta. Samtidigt som svensk tillv\u00e4xt \u00f6kade med 2,4 procent i \u00e5rstakt, v\u00e4xte den privata tj\u00e4nstesektorn under det f\u00f6rra kvartalet med m\u00e5ttliga 0,4 procent. Den fr\u00e4msta orsaken \u00e4r den svaga hush\u00e5llskonsumtionen.","og_url":"https:\/\/www.almega.se\/2025\/03\/tjansteindikatorn-det-vill-sig-inte-for-tjanstesektorn\/","og_site_name":"Almega","article_published_time":"2025-03-18T05:00:00+00:00","article_modified_time":"2025-03-19T13:32:24+00:00","og_image":[{"width":2560,"height":1707,"url":"https:\/\/www.almega.se\/app\/uploads\/2022\/03\/24f20c96-da8f-4b9b-92a3-5e93d9f260a5-scaled.jpg","type":"image\/jpeg"}],"author":"Karin Nyg\u00e5rd","twitter_card":"summary_large_image","twitter_misc":{"Skriven av":"Karin Nyg\u00e5rd","Ber\u00e4knad l\u00e4stid":"2 minuter"},"schema":{"@context":"https:\/\/schema.org","@graph":[{"@type":"NewsArticle","@id":"https:\/\/www.almega.se\/2025\/03\/tjansteindikatorn-det-vill-sig-inte-for-tjanstesektorn\/#article","isPartOf":{"@id":"https:\/\/www.almega.se\/2025\/03\/tjansteindikatorn-det-vill-sig-inte-for-tjanstesektorn\/"},"author":{"name":"Karin Nyg\u00e5rd","@id":"https:\/\/www.almega.se\/#\/schema\/person\/eae58f3a71d6b7aa9f71f3139a740a02"},"headline":"Tj\u00e4nste&shy;indikatorn: Det vill sig inte f\u00f6r tj\u00e4nstesektorn","datePublished":"2025-03-18T05:00:00+00:00","dateModified":"2025-03-19T13:32:24+00:00","mainEntityOfPage":{"@id":"https:\/\/www.almega.se\/2025\/03\/tjansteindikatorn-det-vill-sig-inte-for-tjanstesektorn\/"},"wordCount":265,"image":{"@id":"https:\/\/www.almega.se\/2025\/03\/tjansteindikatorn-det-vill-sig-inte-for-tjanstesektorn\/#primaryimage"},"thumbnailUrl":"https:\/\/www.almega.se\/app\/uploads\/2022\/03\/24f20c96-da8f-4b9b-92a3-5e93d9f260a5-scaled.jpg","keywords":["Tj\u00e4nsteindikatorn"],"articleSection":["Konjunktur"],"inLanguage":"sv-SE"},{"@type":"WebPage","@id":"https:\/\/www.almega.se\/2025\/03\/tjansteindikatorn-det-vill-sig-inte-for-tjanstesektorn\/","url":"https:\/\/www.almega.se\/2025\/03\/tjansteindikatorn-det-vill-sig-inte-for-tjanstesektorn\/","name":"Tj\u00e4nsteindikatorn: Det vill sig inte f\u00f6r tj\u00e4nstesektorn | Almega","isPartOf":{"@id":"https:\/\/www.almega.se\/#website"},"primaryImageOfPage":{"@id":"https:\/\/www.almega.se\/2025\/03\/tjansteindikatorn-det-vill-sig-inte-for-tjanstesektorn\/#primaryimage"},"image":{"@id":"https:\/\/www.almega.se\/2025\/03\/tjansteindikatorn-det-vill-sig-inte-for-tjanstesektorn\/#primaryimage"},"thumbnailUrl":"https:\/\/www.almega.se\/app\/uploads\/2022\/03\/24f20c96-da8f-4b9b-92a3-5e93d9f260a5-scaled.jpg","datePublished":"2025-03-18T05:00:00+00:00","dateModified":"2025-03-19T13:32:24+00:00","author":{"@id":"https:\/\/www.almega.se\/#\/schema\/person\/eae58f3a71d6b7aa9f71f3139a740a02"},"breadcrumb":{"@id":"https:\/\/www.almega.se\/2025\/03\/tjansteindikatorn-det-vill-sig-inte-for-tjanstesektorn\/#breadcrumb"},"inLanguage":"sv-SE","potentialAction":[{"@type":"ReadAction","target":["https:\/\/www.almega.se\/2025\/03\/tjansteindikatorn-det-vill-sig-inte-for-tjanstesektorn\/"]}]},{"@type":"ImageObject","inLanguage":"sv-SE","@id":"https:\/\/www.almega.se\/2025\/03\/tjansteindikatorn-det-vill-sig-inte-for-tjanstesektorn\/#primaryimage","url":"https:\/\/www.almega.se\/app\/uploads\/2022\/03\/24f20c96-da8f-4b9b-92a3-5e93d9f260a5-scaled.jpg","contentUrl":"https:\/\/www.almega.se\/app\/uploads\/2022\/03\/24f20c96-da8f-4b9b-92a3-5e93d9f260a5-scaled.jpg","width":2560,"height":1707,"caption":"Patrick Joyce, chefekonom p\u00e5 Almega"},{"@type":"BreadcrumbList","@id":"https:\/\/www.almega.se\/2025\/03\/tjansteindikatorn-det-vill-sig-inte-for-tjanstesektorn\/#breadcrumb","itemListElement":[{"@type":"ListItem","position":1,"name":"Home","item":"https:\/\/www.almega.se\/"},{"@type":"ListItem","position":2,"name":"Tj\u00e4nste&shy;indikatorn: Det vill sig inte f\u00f6r tj\u00e4nstesektorn"}]},{"@type":"WebSite","@id":"https:\/\/www.almega.se\/#website","url":"https:\/\/www.almega.se\/","name":"Almega","description":"","potentialAction":[{"@type":"SearchAction","target":{"@type":"EntryPoint","urlTemplate":"https:\/\/www.almega.se\/?s={search_term_string}"},"query-input":{"@type":"PropertyValueSpecification","valueRequired":true,"valueName":"search_term_string"}}],"inLanguage":"sv-SE"},{"@type":"Person","@id":"https:\/\/www.almega.se\/#\/schema\/person\/eae58f3a71d6b7aa9f71f3139a740a02","name":"Karin Nyg\u00e5rd","image":{"@type":"ImageObject","inLanguage":"sv-SE","@id":"https:\/\/www.almega.se\/#\/schema\/person\/image\/","url":"https:\/\/secure.gravatar.com\/avatar\/09e5ec3d12974ae686ad90a0a4bf5404c8a4cfdca18f97124f166ab274023818?s=96&d=mm&r=g","contentUrl":"https:\/\/secure.gravatar.com\/avatar\/09e5ec3d12974ae686ad90a0a4bf5404c8a4cfdca18f97124f166ab274023818?s=96&d=mm&r=g","caption":"Karin Nyg\u00e5rd"},"description":"Produkt\u00e4gare Almega.se, samordnar webbutveckling och utveckling av Arbetsgivarguiden.se","url":"https:\/\/www.almega.se\/person\/karinnygard\/"}]}},"_links":{"self":[{"href":"https:\/\/www.almega.se\/api\/wp\/v2\/posts\/78195","targetHints":{"allow":["GET"]}}],"collection":[{"href":"https:\/\/www.almega.se\/api\/wp\/v2\/posts"}],"about":[{"href":"https:\/\/www.almega.se\/api\/wp\/v2\/types\/post"}],"author":[{"embeddable":true,"href":"https:\/\/www.almega.se\/api\/wp\/v2\/users\/14531"}],"replies":[{"embeddable":true,"href":"https:\/\/www.almega.se\/api\/wp\/v2\/comments?post=78195"}],"version-history":[{"count":1,"href":"https:\/\/www.almega.se\/api\/wp\/v2\/posts\/78195\/revisions"}],"predecessor-version":[{"id":78208,"href":"https:\/\/www.almega.se\/api\/wp\/v2\/posts\/78195\/revisions\/78208"}],"wp:featuredmedia":[{"embeddable":true,"href":"https:\/\/www.almega.se\/api\/wp\/v2\/media\/43485"}],"wp:attachment":[{"href":"https:\/\/www.almega.se\/api\/wp\/v2\/media?parent=78195"}],"wp:term":[{"taxonomy":"category","embeddable":true,"href":"https:\/\/www.almega.se\/api\/wp\/v2\/categories?post=78195"},{"taxonomy":"post_tag","embeddable":true,"href":"https:\/\/www.almega.se\/api\/wp\/v2\/tags?post=78195"},{"taxonomy":"type","embeddable":true,"href":"https:\/\/www.almega.se\/api\/wp\/v2\/article_type?post=78195"},{"taxonomy":"agreement","embeddable":true,"href":"https:\/\/www.almega.se\/api\/wp\/v2\/agreement?post=78195"}],"curies":[{"name":"wp","href":"https:\/\/api.w.org\/{rel}","templated":true}]}}