{"id":78155,"date":"2025-03-18T05:00:00","date_gmt":"2025-03-18T04:00:00","guid":{"rendered":"https:\/\/www.almega.se\/?p=78155"},"modified":"2025-04-01T11:01:45","modified_gmt":"2025-04-01T09:01:45","slug":"almegas-tjansteindikator-for-forsta-kvartalet-2025","status":"publish","type":"post","link":"https:\/\/www.almega.se\/2025\/03\/almegas-tjansteindikator-for-forsta-kvartalet-2025\/","title":{"rendered":"Almegas tj\u00e4nsteindikator f\u00f6r f\u00f6rsta kvartalet 2025"},"content":{"rendered":"<p class=\"intro\">Uppg\u00e5ngen dr\u00f6jer \u00e4nnu. <\/p>\n<a class='Share__link Share__link--url copy-text' href='#' rel='nofollow' data-text='ladda-ner-rapporten' title='Dela url' data-confirmation='L\u00e4nken kopierades till urklipp'><svg class='icon icon--link'  width='18' height='18' viewBox='0 0 18 18' fill='none' xmlns='http:\/\/www.w3.org\/2000\/svg'>\n            <path d='M10.4142 0.514721L6.87868 4.05025L8.29289 5.46447L11.1213 2.63604L15.364 6.87868L12.5355 9.70711L13.9497 11.1213L17.4853 7.58579C17.8763 7.19476 17.8763 6.5626 17.4853 6.17158L11.8284 0.514721C11.4374 0.123691 10.8052 0.123691 10.4142 0.514721Z' fill='black'\/>\n            <path d='M9.7071 12.5355L6.87868 15.364L2.63604 11.1213L5.46446 8.2929L4.05025 6.87868L0.514716 10.4142C0.123686 10.8052 0.123686 11.4374 0.514716 11.8284L6.17157 17.4853C6.5626 17.8763 7.19475 17.8763 7.58578 17.4853L11.1213 13.9497L9.7071 12.5355Z' fill='black'\/>\n            <path d='M6.17157 11.8284C6.5626 12.2195 7.19475 12.2195 7.58578 11.8284L11.8284 7.58579C12.2195 7.19476 12.2195 6.56261 11.8284 6.17158C11.4374 5.78055 10.8052 5.78055 10.4142 6.17158L6.17157 10.4142C5.78054 10.8052 5.78054 11.4374 6.17157 11.8284Z' fill='black'\/>\n            <\/svg> <\/a>\n<h2 class=\"wp-block-heading\" id=\"h-ladda-ner-rapporten\">Ladda ner rapporten<\/h2>\n\n\n\n<p>Rapporten finns i sin helhet p\u00e5 denna sida men kan ocks\u00e5 h\u00e4mtas som pdf-fil.<\/p>\n\n\n\n      <a href=\"https:\/\/www.almega.se\/app\/uploads\/2025\/04\/Tjansteindikatorn-Q1-2025.pdf\" target=\"\" class=\"Button is-button is-style-fill has-black-background-color has-black-border-color has-white-color Button--arrow-tip\">\n      \n        Ladda ner rapporten h\u00e4r. \n      \n      \n                \n                <svg class='icon icon--arrow-tip'  width=\"11\" height=\"16\" viewBox=\"0 0 11 16\" fill=\"none\" xmlns=\"http:\/\/www.w3.org\/2000\/svg\">\n<path d=\"M0.858398 15L9.2304 7.99664L0.967732 1.00001\" stroke=\"black\" stroke-width=\"2\" stroke-miterlimit=\"10\"\/>\n<\/svg>\n\n        \n    <\/a>\n  \n\n\n<a class='Share__link Share__link--url copy-text' href='#' rel='nofollow' data-text='uppgangen-drojer-annu' title='Dela url' data-confirmation='L\u00e4nken kopierades till urklipp'><svg class='icon icon--link'  width='18' height='18' viewBox='0 0 18 18' fill='none' xmlns='http:\/\/www.w3.org\/2000\/svg'>\n            <path d='M10.4142 0.514721L6.87868 4.05025L8.29289 5.46447L11.1213 2.63604L15.364 6.87868L12.5355 9.70711L13.9497 11.1213L17.4853 7.58579C17.8763 7.19476 17.8763 6.5626 17.4853 6.17158L11.8284 0.514721C11.4374 0.123691 10.8052 0.123691 10.4142 0.514721Z' fill='black'\/>\n            <path d='M9.7071 12.5355L6.87868 15.364L2.63604 11.1213L5.46446 8.2929L4.05025 6.87868L0.514716 10.4142C0.123686 10.8052 0.123686 11.4374 0.514716 11.8284L6.17157 17.4853C6.5626 17.8763 7.19475 17.8763 7.58578 17.4853L11.1213 13.9497L9.7071 12.5355Z' fill='black'\/>\n            <path d='M6.17157 11.8284C6.5626 12.2195 7.19475 12.2195 7.58578 11.8284L11.8284 7.58579C12.2195 7.19476 12.2195 6.56261 11.8284 6.17158C11.4374 5.78055 10.8052 5.78055 10.4142 6.17158L6.17157 10.4142C5.78054 10.8052 5.78054 11.4374 6.17157 11.8284Z' fill='black'\/>\n            <\/svg> <\/a>\n<h2 class=\"wp-block-heading\" id=\"h-uppgangen-drojer-annu\">Uppg\u00e5ngen dr\u00f6jer \u00e4nnu<\/h2>\n\n\n\n<p><em>Almegas tj\u00e4nsteindikator<\/em> \u00e4r en kvartalsbaserad konjunkturindikator som belyser utveck\u00adlingen i den privata tj\u00e4nstesektorn. Den ligger tv\u00e5 m\u00e5nader f\u00f6re SCB:s publicering av den faktiska tj\u00e4nsteproduktionen och \u00e4r en aktuell spegel av konjunkturl\u00e4get i den privata tj\u00e4nstesektorn som st\u00e5r f\u00f6r 52 procent av Sveriges BNP och 48 procent av syssel\u00ads\u00e4tt\u00adningen. Almega har publicerat tj\u00e4nsteindikatorn varje kvartal sedan 2001.<\/p>\n\n\n\n<p>Denna upplaga av tj\u00e4nsteindikatorn har gjorts av <strong>Patrick Joyce<\/strong> och <strong>Staffan Johansson<\/strong>. Insamlingen av data avslutades den 14 mars 2025. <\/p>\n\n\n\n<p> F\u00f6r ytterligare upplysningar om det ekonomiska l\u00e4get i den privata tj\u00e4nstesektorn kontakta:<\/p>\n\n\n\n      \n      \n    \n    \n              \n          \n          \n      <h2 class=\"Contact-card__title\">Patrick Joyce<\/h2>\n      <p class=\"mb-0\">Chefekonom<\/p>\n      \n              <p class=\"mb-2\">Stockholm<\/p>\n                    <p>\n                      <a href=\"tel:+46 8 762 6967\">+46 8 762 6967<\/a>\n                                <a href=\"tel:+46 76 018 70 34\">+46 76 018 70 34<\/a>\n                                <a href=\"mailto:patrick.joyce@almega.se\">E-post<\/a>\n                  <\/p>\n            <a href=\"https:\/\/www.almega.se\/person\/patrickjoyce\/\" class=\"Contact-card__link\">\n        \n          <p class=\"Contact-card__arrow__text\">L\u00e4s mer<\/p>\n          \n          <svg class='icon icon--arrow-tip'  width=\"11\" height=\"16\" viewBox=\"0 0 11 16\" fill=\"none\" xmlns=\"http:\/\/www.w3.org\/2000\/svg\">\n<path d=\"M0.858398 15L9.2304 7.99664L0.967732 1.00001\" stroke=\"black\" stroke-width=\"2\" stroke-miterlimit=\"10\"\/>\n<\/svg>\n\n          \n      <\/a>\n\n      \n    \n  \n        \n              \n          \n          \n      <h2 class=\"Contact-card__title\">Staffan Johansson<\/h2>\n      <p class=\"mb-0\">Statistikexpert<\/p>\n      \n              <p class=\"mb-2\">Stockholm<\/p>\n                    <p>\n                      <a href=\"tel:+46 8 762 70 44\">+46 8 762 70 44<\/a>\n                                <a href=\"tel:+46 70 799 12 26\">+46 70 799 12 26<\/a>\n                                <a href=\"mailto:staffan.johansson@almega.se\">E-post<\/a>\n                  <\/p>\n            <a href=\"https:\/\/www.almega.se\/person\/staffanjohansson\/\" class=\"Contact-card__link\">\n        \n          <p class=\"Contact-card__arrow__text\">L\u00e4s mer<\/p>\n          \n          <svg class='icon icon--arrow-tip'  width=\"11\" height=\"16\" viewBox=\"0 0 11 16\" fill=\"none\" xmlns=\"http:\/\/www.w3.org\/2000\/svg\">\n<path d=\"M0.858398 15L9.2304 7.99664L0.967732 1.00001\" stroke=\"black\" stroke-width=\"2\" stroke-miterlimit=\"10\"\/>\n<\/svg>\n\n          \n      <\/a>\n\n      \n    \n  \n        \n          \n    \n\n\n<a class='Share__link Share__link--url copy-text' href='#' rel='nofollow' data-text='1.-sammanfattning' title='Dela url' data-confirmation='L\u00e4nken kopierades till urklipp'><svg class='icon icon--link'  width='18' height='18' viewBox='0 0 18 18' fill='none' xmlns='http:\/\/www.w3.org\/2000\/svg'>\n            <path d='M10.4142 0.514721L6.87868 4.05025L8.29289 5.46447L11.1213 2.63604L15.364 6.87868L12.5355 9.70711L13.9497 11.1213L17.4853 7.58579C17.8763 7.19476 17.8763 6.5626 17.4853 6.17158L11.8284 0.514721C11.4374 0.123691 10.8052 0.123691 10.4142 0.514721Z' fill='black'\/>\n            <path d='M9.7071 12.5355L6.87868 15.364L2.63604 11.1213L5.46446 8.2929L4.05025 6.87868L0.514716 10.4142C0.123686 10.8052 0.123686 11.4374 0.514716 11.8284L6.17157 17.4853C6.5626 17.8763 7.19475 17.8763 7.58578 17.4853L11.1213 13.9497L9.7071 12.5355Z' fill='black'\/>\n            <path d='M6.17157 11.8284C6.5626 12.2195 7.19475 12.2195 7.58578 11.8284L11.8284 7.58579C12.2195 7.19476 12.2195 6.56261 11.8284 6.17158C11.4374 5.78055 10.8052 5.78055 10.4142 6.17158L6.17157 10.4142C5.78054 10.8052 5.78054 11.4374 6.17157 11.8284Z' fill='black'\/>\n            <\/svg> <\/a>\n<h2 class=\"wp-block-heading\" id=\"h-1-sammanfattning\">1. <strong>Sammanfattning<\/strong><\/h2>\n\n\n\n<h3 class=\"wp-block-heading\" id=\"h-ovantat-lag-tillvaxt-i-tjanstesektorn\"><em><em>Ov\u00e4ntat l\u00e5g tillv\u00e4xt i tj\u00e4nstesektorn<\/em><\/em><\/h3>\n\n\n\n<p>Den ekonomiska tillv\u00e4xten b\u00f6rjar \u00e4ntligen ta fart efter n\u00e4stan tre \u00e5rs l\u00e5gkonjunktur. \u00c4ven den privata tj\u00e4nstesektorn v\u00e4xer men betydligt l\u00e5ngsammare. Det fj\u00e4rde kvar\u00adtalet \u00f6kade tj\u00e4nsteproduktionen med 0,4 procent i \u00e5rstakt, vilket var ov\u00e4ntat lite. Almegas tj\u00e4nsteindikator f\u00f6rutsp\u00e5r dock att produk\u00adtionen i tj\u00e4nstesektorn forts\u00e4tter att \u00f6ka \u00e4ven det f\u00f6rsta kvartalet.<\/p>\n\n\n\n<p>Orsaken till den l\u00e5ga tillv\u00e4xten i tj\u00e4nstesektorn \u00e4r den svaga hush\u00e5lls\u00adkonsumtionen. Under slutet av f\u00f6rra \u00e5ret b\u00f6rjade hush\u00e5llens konsumtion till slut att v\u00e4xa men \u00e4nnu f\u00f6r lite f\u00f6r att ge tillr\u00e4cklig draghj\u00e4lp till tj\u00e4nstesektorn.<\/p>\n\n\n\n<p>Information- och kommunikationssektorn utvecklas bra. Produktionen har \u00f6kat med 6,8 procent det senaste \u00e5ret. Tillv\u00e4xten har varit starkast inom telekommunikationer och lite svagare bland datakonsulter.<\/p>\n\n\n\n<p>Den svaga konjunkturen och l\u00e5g efterfr\u00e5gan fr\u00e5n industri och bygg h\u00e4mmar d\u00e4remot efterfr\u00e5gan p\u00e5 f\u00f6retagstj\u00e4nster inom juridik, ekonomi, teknik, arkitekter med mera. Produktionen har minskat med 1,4 procent det senaste \u00e5ret. Efter\u00adfr\u00e5gan p\u00e5 arkitekt\u00adtj\u00e4nster har b\u00f6rjat \u00f6ka efter flera svaga \u00e5r men h\u00e5lls \u00e4nnu tillbaka av en l\u00e5ngsam \u00e5terh\u00e4mning inom byggandet. Efterfr\u00e5gan p\u00e5 tekniska konsulter forts\u00e4tter d\u00e4remot att vara god.<\/p>\n\n\n\n<p>Inom personaluthyrning och andra st\u00f6dtj\u00e4nster till f\u00f6retag har produktionen minskat med 1,6 procent det senaste \u00e5ret. Nedg\u00e5ngen f\u00f6rklaras av ett kraftigt fall f\u00f6r personaluthyrning. Oms\u00e4ttningen bland de st\u00f6rsta bemannings\u00adf\u00f6retagen har fallit med 17 procent p\u00e5 ett \u00e5r. \u00d6vriga st\u00f6dtj\u00e4nster till f\u00f6retag har klarat sig b\u00e4ttre.<\/p>\n\n\n\n<h3 class=\"wp-block-heading\" id=\"h-arbetsmarknaden-ar-fortsatt-svag\"><em><em>Arbetsmarknaden \u00e4r fortsatt svag<\/em><\/em><\/h3>\n\n\n\n<p>Den l\u00e5nga l\u00e5gkonjunkturen m\u00e4rks p\u00e5 arbetsmarknaden. Antalet anst\u00e4llda i den privata tj\u00e4nstesektorn har minskat med 34 300 personer p\u00e5 ett \u00e5r. En nedg\u00e5ng med 1,3 procent.<\/p>\n\n\n\n<p>\u00c4ven om tj\u00e4nsteproduktionen \u00f6kar kommer sannolikt arbetsmarknaden att f\u00f6rbli svag ett tag fram\u00f6ver. Almegas arbets\u00admarknads\u00adindikator f\u00f6rutsp\u00e5r dock att jobben i tj\u00e4nstesektorn inte kommer att bli f\u00e4rre under det f\u00f6rsta kvartalet.<\/p>\n\n\n\n<p>Flest jobb har f\u00f6rsvunnit inom bemanningsbranschen. P\u00e5 ett \u00e5r har antalet anst\u00e4llda minskat med 12&nbsp;500 personer. Vart tionde jobb har f\u00f6rsvunnit i branschen.<\/p>\n\n\n\n<p>Trots att informations- och kommunikationsbranschen hade en god tillv\u00e4xt f\u00f6rra \u00e5ret blev jobben f\u00e4rre. &nbsp;Antalet anst\u00e4llda har minskat med 8 300 personer p\u00e5 ett \u00e5r.<\/p>\n\n\n\n<p>Konsulter inom PR och kommunikation samt organisationskonsulter \u00e4r den enda tj\u00e4nstebransch d\u00e4r jobben blivit tydligt fler. Antalet anst\u00e4llda har \u00f6kat med 3&nbsp;800 personer det senaste \u00e5ret.<\/p>\n\n\n\n<p>De f\u00f6rlorade jobben i tj\u00e4nstesektorn drabbade tidigare under l\u00e5gkonjunkturen enbart personer med korta tillf\u00e4lliga anst\u00e4ll\u00adningar men det senaste kvartalet minskad \u00e4ven antalet l\u00e4ngre anst\u00e4llningar.<\/p>\n\n\n\n<h3 class=\"wp-block-heading\" id=\"h-prisokningarna-pa-tjanster-stabiliseras\"><em><em>Pris\u00f6kningarna p\u00e5 tj\u00e4nster stabiliseras<\/em><\/em><\/h3>\n\n\n\n<p>Tj\u00e4nstef\u00f6retagens f\u00f6rs\u00e4ljningspriser \u00f6kade det fj\u00e4rde kvartalet med 2,7 procent i \u00e5rstakt, vilket var n\u00e5got mer \u00e4n kvartalet innan. Pris\u00f6kningstakten har slutat falla och stabiliserat sig strax under tre procent i \u00e5rstakt.<\/p>\n\n\n\n<p>Almegas prisindikator f\u00f6rutsp\u00e5r att pris\u00f6kningstakten faller n\u00e5got det kommande kvartalet. Det finns dock en risk att h\u00f6jda priser p\u00e5 insatsvaror kan leda till n\u00e5got st\u00f6rre prish\u00f6jningar fram\u00f6ver.<\/p>\n\n\n<a class='Share__link Share__link--url copy-text' href='#' rel='nofollow' data-text='2.-liten-uppgang-i-produktionen' title='Dela url' data-confirmation='L\u00e4nken kopierades till urklipp'><svg class='icon icon--link'  width='18' height='18' viewBox='0 0 18 18' fill='none' xmlns='http:\/\/www.w3.org\/2000\/svg'>\n            <path d='M10.4142 0.514721L6.87868 4.05025L8.29289 5.46447L11.1213 2.63604L15.364 6.87868L12.5355 9.70711L13.9497 11.1213L17.4853 7.58579C17.8763 7.19476 17.8763 6.5626 17.4853 6.17158L11.8284 0.514721C11.4374 0.123691 10.8052 0.123691 10.4142 0.514721Z' fill='black'\/>\n            <path d='M9.7071 12.5355L6.87868 15.364L2.63604 11.1213L5.46446 8.2929L4.05025 6.87868L0.514716 10.4142C0.123686 10.8052 0.123686 11.4374 0.514716 11.8284L6.17157 17.4853C6.5626 17.8763 7.19475 17.8763 7.58578 17.4853L11.1213 13.9497L9.7071 12.5355Z' fill='black'\/>\n            <path d='M6.17157 11.8284C6.5626 12.2195 7.19475 12.2195 7.58578 11.8284L11.8284 7.58579C12.2195 7.19476 12.2195 6.56261 11.8284 6.17158C11.4374 5.78055 10.8052 5.78055 10.4142 6.17158L6.17157 10.4142C5.78054 10.8052 5.78054 11.4374 6.17157 11.8284Z' fill='black'\/>\n            <\/svg> <\/a>\n<h2 class=\"wp-block-heading\" id=\"h-2-liten-uppgang-i-produktionen\">2. <a>Liten uppg\u00e5ng i produktionen<\/a><\/h2>\n\n\n\n<h3 class=\"wp-block-heading\" id=\"h-2-1-tjansteproduktionen-stiger-svagt\">2.1 Tj\u00e4nsteproduktionen stiger svagt<\/h3>\n\n\n\n<p>Den ekonomiska tillv\u00e4xten b\u00f6rjar \u00e4ntligen ta fart efter n\u00e4stan tre \u00e5rs l\u00e5gkonjunktur. Det fj\u00e4rde kvartalet \u00f6kade svensk BNP med 2,4 procent i \u00e5rstakt.<sup>1<\/sup><\/p>\n\n\n\n<p>\u00c4ven den privata tj\u00e4nstesektorn v\u00e4xer men betydligt l\u00e5ngsammare. Det fj\u00e4rde kvar\u00adtalet \u00f6kade tj\u00e4nsteproduktionen med 0,4 procent i \u00e5rstakt, vilket var ov\u00e4ntat lite.<sup>2<\/sup> Almegas tj\u00e4nsteindikator f\u00f6rutsp\u00e5r dock att produk\u00adtionen i tj\u00e4nstesektorn forts\u00e4tter att \u00f6ka \u00e4ven det f\u00f6rsta kvartalet.<\/p>\n\n\n\n<p><strong><mark class=\"has-inline-color has-primary-color\">Diagram 1: <\/mark><strong><strong>Almegas tj\u00e4nsteindikator f\u00f6r produktionstillv\u00e4xten i den privata tj\u00e4nstesektorn samt \u00e5rlig produktionstillv\u00e4xt<\/strong><\/strong><\/strong><\/p>\n\n\n\n<figure class=\"wp-block-image size-full\"><img loading=\"lazy\" decoding=\"async\" width=\"1354\" height=\"770\" src=\"https:\/\/www.almega.se\/app\/uploads\/2025\/03\/Skarmavbild-2025-03-14-kl.-11.20.36.png\" alt=\"\" class=\"wp-image-78156\" srcset=\"https:\/\/www.almega.se\/app\/uploads\/2025\/03\/Skarmavbild-2025-03-14-kl.-11.20.36.png 1354w, https:\/\/www.almega.se\/app\/uploads\/2025\/03\/Skarmavbild-2025-03-14-kl.-11.20.36-580x330.png 580w, https:\/\/www.almega.se\/app\/uploads\/2025\/03\/Skarmavbild-2025-03-14-kl.-11.20.36-1180x671.png 1180w, https:\/\/www.almega.se\/app\/uploads\/2025\/03\/Skarmavbild-2025-03-14-kl.-11.20.36-380x216.png 380w, https:\/\/www.almega.se\/app\/uploads\/2025\/03\/Skarmavbild-2025-03-14-kl.-11.20.36-768x437.png 768w\" sizes=\"auto, (max-width: 1354px) 100vw, 1354px\" \/><figcaption class=\"wp-element-caption\"><br><strong>K\u00e4lla: <\/strong>Almega, Konjunkturinstitutet, SCB, Macrobond.<\/figcaption><\/figure>\n\n\n\n<p>Den st\u00f6rsta orsaken till den l\u00e5ga tillv\u00e4xten i tj\u00e4nstesektorn \u00e4r den svaga hush\u00e5lls\u00adkonsumtionen. Under slutet av f\u00f6rra \u00e5ret b\u00f6rjade hush\u00e5llens konsumtion till slut att v\u00e4xa men \u00f6kningstakten \u2013 0,5 procent p\u00e5 \u00e5rsbasis \u2013 \u00e4r \u00e4nnu f\u00f6r liten f\u00f6r att ge tillr\u00e4cklig draghj\u00e4lp till tj\u00e4nstesektorn.<\/p>\n\n\n\n<p>Tillv\u00e4xten i tj\u00e4nstesektorn beror dock till stor del p\u00e5 en kraftig uppg\u00e5ng f\u00f6r informations- och kommunikationssektorn medan en l\u00e5g efterfr\u00e5gan fr\u00e5n industrin och byggsektorn h\u00e5ller tillbaka \u00f6vriga f\u00f6retagstj\u00e4nster. <\/p>\n\n\n\n<p>Industri\u00adkonjunkturen b\u00f6rjade f\u00f6rb\u00e4ttras under slutet av f\u00f6rra \u00e5ret, vilket kan \u00f6ka efterfr\u00e5gan p\u00e5 flera f\u00f6retagstj\u00e4nster. Risken \u00e4r dock p\u00e5taglig att de tullar som USA inf\u00f6rt mot omv\u00e4rlden, eller hotar att inf\u00f6ra, d\u00e4mpar v\u00e4rldshandeln och skadar industrins \u00e5terh\u00e4mtning. Bostadsbyggandet har stabiliserats efter en l\u00e4ngre nedg\u00e5ng men indikationer finns p\u00e5 att byggandet av nya bost\u00e4der kommer att \u00f6ka l\u00e5ngsammare i \u00e5r \u00e4n tidigare v\u00e4ntat.<\/p>\n\n\n\n<p><strong><mark class=\"has-inline-color has-primary-color\">Diagram 2:<\/mark> <strong><strong>BNP och privat tj\u00e4nsteproduktion, januari 2022 till januari 2025<\/strong><\/strong><\/strong><\/p>\n\n\n\n<figure class=\"wp-block-image size-full\"><img loading=\"lazy\" decoding=\"async\" width=\"1346\" height=\"668\" src=\"https:\/\/www.almega.se\/app\/uploads\/2025\/03\/Skarmavbild-2025-03-14-kl.-11.21.38.png\" alt=\"\" class=\"wp-image-78157\" srcset=\"https:\/\/www.almega.se\/app\/uploads\/2025\/03\/Skarmavbild-2025-03-14-kl.-11.21.38.png 1346w, https:\/\/www.almega.se\/app\/uploads\/2025\/03\/Skarmavbild-2025-03-14-kl.-11.21.38-580x288.png 580w, https:\/\/www.almega.se\/app\/uploads\/2025\/03\/Skarmavbild-2025-03-14-kl.-11.21.38-1180x586.png 1180w, https:\/\/www.almega.se\/app\/uploads\/2025\/03\/Skarmavbild-2025-03-14-kl.-11.21.38-380x189.png 380w, https:\/\/www.almega.se\/app\/uploads\/2025\/03\/Skarmavbild-2025-03-14-kl.-11.21.38-768x381.png 768w\" sizes=\"auto, (max-width: 1346px) 100vw, 1346px\" \/><figcaption class=\"wp-element-caption\"><br><strong>K\u00e4lla: <\/strong>SCB, tj\u00e4nste- och industriproduktionsindex.<br><strong>Anm: <\/strong>Privat tj\u00e4nstesektor minus finans och f\u00f6rs\u00e4kring. Tillverkningsindustri och gruvor.<\/figcaption><\/figure>\n\n\n\n<p>Ett gl\u00e4dje\u00e4mne \u00e4r att exporten av tj\u00e4nster fortfarande \u00f6kar starkt. Det fj\u00e4rde kvartalet var tj\u00e4nste\u00adexporten 12,6 procent h\u00f6gre i l\u00f6pande priser \u00e4n ett \u00e5r tidigare.<sup>3<\/sup><\/p>\n\n\n\n<p><strong><mark class=\"has-inline-color has-primary-color\">Diagram 3:<\/mark> <strong><strong>Ink\u00f6pschefsindex f\u00f6r privata tj\u00e4nster och industri, januari 2022 till februari 2025<\/strong><\/strong><\/strong><\/p>\n\n\n\n<figure class=\"wp-block-image size-full\"><img loading=\"lazy\" decoding=\"async\" width=\"1278\" height=\"700\" src=\"https:\/\/www.almega.se\/app\/uploads\/2025\/03\/Skarmavbild-2025-03-14-kl.-11.22.38.png\" alt=\"\" class=\"wp-image-78158\" srcset=\"https:\/\/www.almega.se\/app\/uploads\/2025\/03\/Skarmavbild-2025-03-14-kl.-11.22.38.png 1278w, https:\/\/www.almega.se\/app\/uploads\/2025\/03\/Skarmavbild-2025-03-14-kl.-11.22.38-580x318.png 580w, https:\/\/www.almega.se\/app\/uploads\/2025\/03\/Skarmavbild-2025-03-14-kl.-11.22.38-1180x646.png 1180w, https:\/\/www.almega.se\/app\/uploads\/2025\/03\/Skarmavbild-2025-03-14-kl.-11.22.38-380x208.png 380w, https:\/\/www.almega.se\/app\/uploads\/2025\/03\/Skarmavbild-2025-03-14-kl.-11.22.38-768x421.png 768w\" sizes=\"auto, (max-width: 1278px) 100vw, 1278px\" \/><figcaption class=\"wp-element-caption\"><strong>K\u00e4lla<\/strong>: Swedbank och Silf<\/figcaption><\/figure>\n\n\n\n<p>Tj\u00e4nstef\u00f6retagens f\u00f6rv\u00e4ntningar p\u00e5 framtiden f\u00f6rblir f\u00f6rsiktigt positiva. Ink\u00f6ps\u00adchefs\u00adindex (PMI) f\u00f6r tj\u00e4nster ligger i tillv\u00e4xtzonen \u2013 \u00f6ver 50 \u2013 men marginalen \u00e4r liten.<sup>4<\/sup><\/p>\n\n\n\n<h3 class=\"wp-block-heading\" id=\"h-2-2-annu-inget-lyft-for-foretagstjanster\">2.2 <a>\u00c4nnu inget lyft f\u00f6r f\u00f6retagstj\u00e4nster<\/a><\/h3>\n\n\n\n<p>Efterfr\u00e5gan p\u00e5 f\u00f6retagstj\u00e4nster har p\u00e5verkats negativt av den svaga konjunk\u00adturen och minskad efterfr\u00e5gan fr\u00e5n b\u00e5de industrin och byggsektorn. L\u00e4get skiljer sig mellan olika f\u00f6retagstj\u00e4nster. Information och kommunikation v\u00e4xer starkt medan \u00f6vriga f\u00f6retagstj\u00e4nster utvecklas svagare.<\/p>\n\n\n\n<p><strong><mark class=\"has-inline-color has-primary-color\">Diagram 4: <\/mark><strong><strong>Produktionen inom information och kommunikation, kvartal ett 2022 till kvartal fyra 2024<\/strong><\/strong><\/strong><\/p>\n\n\n\n<p>F\u00f6r\u00e4ndring \u00e5rstakt, fasta priser och kalenderkorrigerat, procent.<\/p>\n\n\n\n<figure class=\"wp-block-image size-full\"><img loading=\"lazy\" decoding=\"async\" width=\"1196\" height=\"634\" src=\"https:\/\/www.almega.se\/app\/uploads\/2025\/03\/Skarmavbild-2025-03-14-kl.-11.23.49.png\" alt=\"\" class=\"wp-image-78159\" srcset=\"https:\/\/www.almega.se\/app\/uploads\/2025\/03\/Skarmavbild-2025-03-14-kl.-11.23.49.png 1196w, https:\/\/www.almega.se\/app\/uploads\/2025\/03\/Skarmavbild-2025-03-14-kl.-11.23.49-580x307.png 580w, https:\/\/www.almega.se\/app\/uploads\/2025\/03\/Skarmavbild-2025-03-14-kl.-11.23.49-1180x626.png 1180w, https:\/\/www.almega.se\/app\/uploads\/2025\/03\/Skarmavbild-2025-03-14-kl.-11.23.49-380x201.png 380w, https:\/\/www.almega.se\/app\/uploads\/2025\/03\/Skarmavbild-2025-03-14-kl.-11.23.49-768x407.png 768w\" sizes=\"auto, (max-width: 1196px) 100vw, 1196px\" \/><figcaption class=\"wp-element-caption\"><strong>K\u00e4lla:<\/strong> SCB, tj\u00e4nsteproduktionsindex.<\/figcaption><\/figure>\n\n\n\n<p>Information- och kommunikationssektorn hade ett starkt fjol\u00e5r med stigande produktion varje kvartal. Det fj\u00e4rde kvartalet var produktionen 6,8 procent h\u00f6gre \u00e4n ett \u00e5r tidigare. Tillv\u00e4xten har varit starkast inom telekommunikationer och lite svagare bland datakonsulter.<sup>5<\/sup><\/p>\n\n\n\n<p>Exporten av informations- och kommunikationstj\u00e4nster \u00f6kade starkt under f\u00f6rra \u00e5ret. Det fj\u00e4rde kvar\u00adtalet var exporten 7,1 procent h\u00f6gre i l\u00f6pande priser \u00e4n ett \u00e5r tidigare.<sup>6<\/sup> Uppg\u00e5ngen beror p\u00e5 \u00f6kad export av data- och informations\u00adtj\u00e4nster.<sup>7<\/sup><\/p>\n\n\n\n<p>Framtidsf\u00f6rv\u00e4ntningarna inom branschen brukar vara positiva \u00e4ven under svaga perioder, nu \u00e4r de v\u00e4ldigt starka. I februari r\u00e4knade 43 procent av datakonsulterna med \u00f6kad efterfr\u00e5gan i n\u00e4rtid (se tabell 1).<\/p>\n\n\n\n<p><strong><mark class=\"has-inline-color has-primary-color\">Diagram 5: <\/mark><strong><strong>Produktion bland konsulter inom juridik, ekonomi, teknik med mera, kvartal ett 2022 till kvartal fyra 2024<\/strong><\/strong><\/strong><\/p>\n\n\n\n<p>F\u00f6r\u00e4ndring \u00e5rstakt, fasta priser och kalender\u00adkorrigerat, procent.<\/p>\n\n\n\n<figure class=\"wp-block-image size-full\"><img loading=\"lazy\" decoding=\"async\" width=\"1196\" height=\"682\" src=\"https:\/\/www.almega.se\/app\/uploads\/2025\/03\/Skarmavbild-2025-03-14-kl.-11.25.22.png\" alt=\"\" class=\"wp-image-78160\" srcset=\"https:\/\/www.almega.se\/app\/uploads\/2025\/03\/Skarmavbild-2025-03-14-kl.-11.25.22.png 1196w, https:\/\/www.almega.se\/app\/uploads\/2025\/03\/Skarmavbild-2025-03-14-kl.-11.25.22-580x331.png 580w, https:\/\/www.almega.se\/app\/uploads\/2025\/03\/Skarmavbild-2025-03-14-kl.-11.25.22-1180x673.png 1180w, https:\/\/www.almega.se\/app\/uploads\/2025\/03\/Skarmavbild-2025-03-14-kl.-11.25.22-380x217.png 380w, https:\/\/www.almega.se\/app\/uploads\/2025\/03\/Skarmavbild-2025-03-14-kl.-11.25.22-768x438.png 768w\" sizes=\"auto, (max-width: 1196px) 100vw, 1196px\" \/><figcaption class=\"wp-element-caption\"><strong>K\u00e4lla:<\/strong> SCB, tj\u00e4nsteproduktionsindex.<\/figcaption><\/figure>\n\n\n\n<p>Den svaga konjunkturen och l\u00e5g efterfr\u00e5gan fr\u00e5n industri och bygg h\u00e4mmar efterfr\u00e5gan p\u00e5 f\u00f6retagstj\u00e4nster inom juridik, ekonomi, vetenskap och teknik med mera. Det fj\u00e4rde kvartalet var produktionen 1,4 procent l\u00e4gre \u00e4n ett \u00e5r tidigare. <\/p>\n\n\n\n<p>Branschen h\u00e5lls dock uppe av en stark export. Det fj\u00e4rde kvartalet var exporten av aff\u00e4rs\u00adtj\u00e4nster 13,9 procent h\u00f6gre, i l\u00f6pande priser, \u00e4n ett \u00e5r tidigare.<sup>8<\/sup><\/p>\n\n\n\n<p>L\u00e4get skiljer sig \u00e5t mellan olika branscher. Efterfr\u00e5gan p\u00e5 arkitekttj\u00e4nster har b\u00f6rjat \u00f6ka efter flera svaga \u00e5r och arkitektf\u00f6retagen \u00e4r f\u00f6rsiktigt positiva om framtiden. Arkitektf\u00f6retagens f\u00f6rv\u00e4ntningar p\u00e5 efterfr\u00e5gan i n\u00e4rtid har dock svalnat n\u00e5got p\u00e5 grund av en l\u00e5ngsammare \u00e5terh\u00e4mning inom byggsektorn (se tabell 1). P\u00e5 l\u00e4ngre sikt \u00e4r dock arkitekterna mer optimistiska. Enligt Innovationsf\u00f6retagens barometer r\u00e4knar 57 procent av arkitekterna med \u00f6kad ordering\u00e5ng det kommande halv\u00e5ret.<sup>9<\/sup><\/p>\n\n\n\n<p>Efterfr\u00e5gan p\u00e5 tekniska konsulter forts\u00e4tter att vara god och framtids\u00adf\u00f6rv\u00e4nt\u00adningarna \u00e4r positiva b\u00e5de p\u00e5 kortare och l\u00e4ngre sikt. Enlig Innovationsf\u00f6retagens barometer r\u00e4knar 61 procent av dem med ett f\u00f6rb\u00e4ttrat orderl\u00e4ge det n\u00e4rmaste halv\u00e5ret. D\u00e4remot \u00e4r industri\u00adkonsulternas f\u00f6rv\u00e4ntningar mer d\u00e4mpade, 68 procent av dem r\u00e4knar med of\u00f6r\u00e4ndrat eller sjunkande orderl\u00e4ge.<sup>10<\/sup><\/p>\n\n\n\n<p><strong><mark class=\"has-inline-color has-primary-color\">Diagram 6:<\/mark> Produktion inom uthyrning och andra st\u00f6dtj\u00e4nster till f\u00f6retag, kvartal ett 2022 till kvartal fyra 2024<\/strong><\/p>\n\n\n\n<p>F\u00f6r\u00e4ndring \u00e5rstakt, fasta priser och kalenderkorrigerat, procent.<\/p>\n\n\n\n<figure class=\"wp-block-image size-full\"><img loading=\"lazy\" decoding=\"async\" width=\"1196\" height=\"652\" src=\"https:\/\/www.almega.se\/app\/uploads\/2025\/03\/Skarmavbild-2025-03-14-kl.-11.26.55.png\" alt=\"\" class=\"wp-image-78161\" srcset=\"https:\/\/www.almega.se\/app\/uploads\/2025\/03\/Skarmavbild-2025-03-14-kl.-11.26.55.png 1196w, https:\/\/www.almega.se\/app\/uploads\/2025\/03\/Skarmavbild-2025-03-14-kl.-11.26.55-580x316.png 580w, https:\/\/www.almega.se\/app\/uploads\/2025\/03\/Skarmavbild-2025-03-14-kl.-11.26.55-1180x643.png 1180w, https:\/\/www.almega.se\/app\/uploads\/2025\/03\/Skarmavbild-2025-03-14-kl.-11.26.55-380x207.png 380w, https:\/\/www.almega.se\/app\/uploads\/2025\/03\/Skarmavbild-2025-03-14-kl.-11.26.55-768x419.png 768w\" sizes=\"auto, (max-width: 1196px) 100vw, 1196px\" \/><figcaption class=\"wp-element-caption\"><strong>K\u00e4lla:<\/strong> SCB, tj\u00e4nsteproduktionsindex.<\/figcaption><\/figure>\n\n\n\n<p>Inom personaluthyrning, fastighetsservice, st\u00e4dning och andra st\u00f6dtj\u00e4nster till f\u00f6retag var produktionen det fj\u00e4rde kvartalet 1,6 procent l\u00e4gre \u00e4n ett \u00e5r tidigare. Nedg\u00e5ngen f\u00f6rklaras av ett kraftigt fall f\u00f6r personaluthyrning medan \u00f6vriga st\u00f6dtj\u00e4nster till f\u00f6retag har klarat sig b\u00e4ttre. <\/p>\n\n\n\n<p>Enligt siffror fr\u00e5n Kompetensf\u00f6retagen \u2013 d\u00e4r bemanningsf\u00f6retag ing\u00e5r &#8211; var oms\u00e4tt\u00adningen i l\u00f6pande priser det fj\u00e4rde kvartalet 17,0 procent l\u00e4gre \u00e4n ett \u00e5r tidigare.<sup>11<\/sup> Uthyrningen av personal minskade inom alla yrkesomr\u00e5den. Uthyrningen till branschens st\u00f6rsta yrkesomr\u00e5de, industri, har minskat med 28,1 procent p\u00e5 ett \u00e5r och uthyrningen till det n\u00e4st st\u00f6rsta yrkesomr\u00e5det, lager och logistik, har fallit med 7,1 procent. <\/p>\n\n\n\n<p>Fallet beror p\u00e5 den svaga arbetsmarknaden men ocks\u00e5 p\u00e5 f\u00f6r\u00e4ndringar i uthyrnings\u00adlagen som f\u00f6rsv\u00e5rar f\u00f6r branschen.<sup>12<\/sup> Trots det dystra l\u00e4get r\u00e4knar bemannings\u00adf\u00f6retagen med att efterfr\u00e5gan kommer att \u00f6ka n\u00e5got fram\u00f6ver (se tabell 1).<\/p>\n\n\n\n<p><strong><mark class=\"has-inline-color has-primary-color\">Tabell 1:<\/mark> <strong><strong>Efterfr\u00e5gan i tj\u00e4nstebranscher som fr\u00e4mst s\u00e4ljer till f\u00f6retag. F\u00f6rv\u00e4ntningar tre m\u00e5nader fram\u00e5t, november 2024 och februari 2025<\/strong><\/strong><\/strong><\/p>\n\n\n\n<p>Nettotal, s\u00e4songsrensat.<\/p>\n\n\n\n<figure class=\"wp-block-image size-full is-resized\"><img loading=\"lazy\" decoding=\"async\" width=\"1120\" height=\"674\" src=\"https:\/\/www.almega.se\/app\/uploads\/2025\/03\/Skarmavbild-2025-03-14-kl.-11.28.22.png\" alt=\"\" class=\"wp-image-78162\" style=\"width:1105px;height:663px\" srcset=\"https:\/\/www.almega.se\/app\/uploads\/2025\/03\/Skarmavbild-2025-03-14-kl.-11.28.22.png 1120w, https:\/\/www.almega.se\/app\/uploads\/2025\/03\/Skarmavbild-2025-03-14-kl.-11.28.22-580x349.png 580w, https:\/\/www.almega.se\/app\/uploads\/2025\/03\/Skarmavbild-2025-03-14-kl.-11.28.22-380x229.png 380w, https:\/\/www.almega.se\/app\/uploads\/2025\/03\/Skarmavbild-2025-03-14-kl.-11.28.22-768x462.png 768w\" sizes=\"auto, (max-width: 1120px) 100vw, 1120px\" \/><figcaption class=\"wp-element-caption\"><strong>K\u00e4lla:<\/strong> Konjunkturinstitutet.<br><strong>Anm:<\/strong> Nettotal \u00e4r andelen f\u00f6retag som rapporterar att efterfr\u00e5gan \u00f6kar minus andelen som rapporterar att den minskar. \u00d6vriga f\u00f6retagstj\u00e4nster (SNI 82) omfattar kontorstj\u00e4nster, callcenter samt arrang\u00f6rer av kongresser och m\u00e4ssor.<\/figcaption><\/figure>\n\n\n\n<p>Nedg\u00e5ngen f\u00f6r transportf\u00f6retagen forts\u00e4tter. Produktionen har fallit nio kvartal i rad. De fj\u00e4rde kvartalet f\u00f6ll den med 7,7 procent p\u00e5 \u00e5rsbasis.<\/p>\n\n\n\n<h3 class=\"wp-block-heading\" id=\"h-2-3-lite-battre-for-konsumenttjanster\">2.3 <a>Lite b\u00e4ttre f\u00f6r konsumenttj\u00e4nster<\/a><\/h3>\n\n\n\n<p>Fallande inflation, s\u00e4nkta r\u00e4ntor och s\u00e4nkta inkomstskatter innebar att hush\u00e5llens realinkomster \u00f6kade under 2024 trots att syssels\u00e4ttningen f\u00f6ll. Hush\u00e5llen \u00e4r mer optimistiska om ekonomin \u00e4n f\u00f6r ett \u00e5r sedan men fortfarande n\u00e5got mer d\u00e4mpade \u00e4n normalt.<sup>13<\/sup> Efter flera \u00e5r av fallande konsumtion har hush\u00e5llen b\u00f6rjat \u00f6ppna pl\u00e5nb\u00f6ckerna f\u00f6rsiktigt. Under det fj\u00e4rde kvartalet v\u00e4xte hush\u00e5llens konsumtion med 0,5 procent i \u00e5rstakt. Det var andra kvartalet i rad med \u00f6kande konsumtion.<sup>14<\/sup><\/p>\n\n\n\n<p>Den bransch som drabbats mest av den l\u00e5ga hush\u00e5llskonsumtionen \u00e4r handeln d\u00e4r produktionen fallit elva kvartal i str\u00e4ck. L\u00e4get blir dock b\u00e4ttre. Visserligen f\u00f6ll produktionen inom handeln med 1,4 procent i \u00e5rstakt det fj\u00e4rde kvartalet men det var mindre \u00e4n tidigare.<\/p>\n\n\n\n<p>Detaljhandelns produktion \u00f6kade med 1,2 procent i \u00e5rstakt det fj\u00e4rde kvartalet och branschen f\u00f6rv\u00e4ntar sig att f\u00f6rs\u00e4ljningen kommer att forts\u00e4tta att \u00f6ka i n\u00e4rtid (se tabell 2).<\/p>\n\n\n\n<p><strong><mark class=\"has-inline-color has-primary-color\">Diagram 7:<\/mark><\/strong> <strong><strong>Produktionen inom handel, kvartal ett 2022 till kvartal fyra 2024<\/strong><\/strong><\/p>\n\n\n\n<p>F\u00f6r\u00e4ndring \u00e5rstakt, fasta priser och kalenderkorrigerat, procent.<\/p>\n\n\n\n<figure class=\"wp-block-image size-full\"><img loading=\"lazy\" decoding=\"async\" width=\"1184\" height=\"542\" src=\"https:\/\/www.almega.se\/app\/uploads\/2025\/03\/Skarmavbild-2025-03-14-kl.-11.30.53.png\" alt=\"\" class=\"wp-image-78163\" srcset=\"https:\/\/www.almega.se\/app\/uploads\/2025\/03\/Skarmavbild-2025-03-14-kl.-11.30.53.png 1184w, https:\/\/www.almega.se\/app\/uploads\/2025\/03\/Skarmavbild-2025-03-14-kl.-11.30.53-580x266.png 580w, https:\/\/www.almega.se\/app\/uploads\/2025\/03\/Skarmavbild-2025-03-14-kl.-11.30.53-1180x540.png 1180w, https:\/\/www.almega.se\/app\/uploads\/2025\/03\/Skarmavbild-2025-03-14-kl.-11.30.53-380x174.png 380w, https:\/\/www.almega.se\/app\/uploads\/2025\/03\/Skarmavbild-2025-03-14-kl.-11.30.53-768x352.png 768w\" sizes=\"auto, (max-width: 1184px) 100vw, 1184px\" \/><figcaption class=\"wp-element-caption\"><strong>K\u00e4lla<\/strong>: SCB, tj\u00e4nsteproduktionsindex. <br><strong>Anm:<\/strong> Handel s\u00e4ljer tj\u00e4nster till hush\u00e5ll och f\u00f6retag.<\/figcaption><\/figure>\n\n\n\n<p>Det fj\u00e4rde kvartalet var produktionen i motorhandeln 3,3 procent l\u00e4gre \u00e4n ett \u00e5r tidigare, vilket berodde p\u00e5 f\u00e4rre nyregistrerade personbilar.<sup>15<\/sup> Inom partihandeln, som s\u00e4ljer till f\u00f6retag, har produktionen fallit i n\u00e4stan tre \u00e5r men nedg\u00e5ngen b\u00f6rjar plana ut. Det fj\u00e4rde kvartalet var produktionen 2,1 procent l\u00e4gre \u00e4n ett \u00e5r tidigare.<\/p>\n\n\n\n<p><strong><span class=\"Footnote\"><mark class=\"has-inline-color has-primary-color\">Diagram 8: <\/mark><\/span><strong><strong>Produktionen inom hotell och restaurang, kvartal tre 2022 till kvartal fyra 2024<\/strong><\/strong><\/strong><\/p>\n\n\n\n<p>F\u00f6r\u00e4ndring \u00e5rstakt, fasta priser och kalenderkorrigerat, procent.<\/p>\n\n\n\n<figure class=\"wp-block-image size-full\"><img loading=\"lazy\" decoding=\"async\" width=\"1184\" height=\"552\" src=\"https:\/\/www.almega.se\/app\/uploads\/2025\/03\/Skarmavbild-2025-03-14-kl.-11.31.51.png\" alt=\"\" class=\"wp-image-78164\" srcset=\"https:\/\/www.almega.se\/app\/uploads\/2025\/03\/Skarmavbild-2025-03-14-kl.-11.31.51.png 1184w, https:\/\/www.almega.se\/app\/uploads\/2025\/03\/Skarmavbild-2025-03-14-kl.-11.31.51-580x270.png 580w, https:\/\/www.almega.se\/app\/uploads\/2025\/03\/Skarmavbild-2025-03-14-kl.-11.31.51-1180x550.png 1180w, https:\/\/www.almega.se\/app\/uploads\/2025\/03\/Skarmavbild-2025-03-14-kl.-11.31.51-380x177.png 380w, https:\/\/www.almega.se\/app\/uploads\/2025\/03\/Skarmavbild-2025-03-14-kl.-11.31.51-768x358.png 768w\" sizes=\"auto, (max-width: 1184px) 100vw, 1184px\" \/><figcaption class=\"wp-element-caption\"><br><strong>K\u00e4lla: <\/strong>SCB, tj\u00e4nsteproduktionsindex.<br><strong>Anm:<\/strong> De tv\u00e5 f\u00f6rsta kvartalen 2022 var tillv\u00e4xten \u00f6ver 50 procent i \u00e5rstakt p\u00e5 grund av slopade pandemirestriktioner.<\/figcaption><\/figure>\n\n\n\n<p>Hotell- och restaurangbranschen har haft en svag utveckling de senaste tv\u00e5 \u00e5ren beroende p\u00e5 minskad hush\u00e5llskonsumtion, \u00f6kade kostnader och h\u00f6jda f\u00f6rs\u00e4ljnings\u00adpriser. Trots detta var produktionen det fj\u00e4rde kvartalet 0,5 procent h\u00f6gre \u00e4n ett \u00e5r tidigare. F\u00f6retagen i branschen ser positivt p\u00e5 utvecklingen och r\u00e4knar med stigande efterfr\u00e5gan fram\u00f6ver (se tabell 2).<\/p>\n\n\n\n<p><strong><mark class=\"has-inline-color has-primary-color\">Tabell 2: <\/mark><strong><strong>Efterfr\u00e5gan i tj\u00e4nstebranscher som fr\u00e4mst s\u00e4ljer till hush\u00e5ll. F\u00f6rv\u00e4ntningar tre m\u00e5nader fram\u00e5t, november 2024 och februari 2025<\/strong><\/strong><\/strong><\/p>\n\n\n\n<p>Nettotal, s\u00e4songsrensat.<\/p>\n\n\n\n<figure class=\"wp-block-image size-full\"><img loading=\"lazy\" decoding=\"async\" width=\"1106\" height=\"442\" src=\"https:\/\/www.almega.se\/app\/uploads\/2025\/03\/Skarmavbild-2025-03-14-kl.-11.32.41.png\" alt=\"\" class=\"wp-image-78165\" srcset=\"https:\/\/www.almega.se\/app\/uploads\/2025\/03\/Skarmavbild-2025-03-14-kl.-11.32.41.png 1106w, https:\/\/www.almega.se\/app\/uploads\/2025\/03\/Skarmavbild-2025-03-14-kl.-11.32.41-580x232.png 580w, https:\/\/www.almega.se\/app\/uploads\/2025\/03\/Skarmavbild-2025-03-14-kl.-11.32.41-380x152.png 380w, https:\/\/www.almega.se\/app\/uploads\/2025\/03\/Skarmavbild-2025-03-14-kl.-11.32.41-768x307.png 768w\" sizes=\"auto, (max-width: 1106px) 100vw, 1106px\" \/><figcaption class=\"wp-element-caption\"><strong>K\u00e4lla:<\/strong> Konjunkturinstitutet.<br><strong>Anm:<\/strong> Fastighetsf\u00f6rvaltning (SNI 68.2) och researrang\u00f6rer (SNI 79) s\u00e4ljer tj\u00e4nster b\u00e5de till hush\u00e5ll och f\u00f6retag.<\/figcaption><\/figure>\n\n\n\n<p>Den svaga konsumtionen har ocks\u00e5 drabbat efterfr\u00e5gan p\u00e5 personliga tj\u00e4nster och kultur och n\u00f6jen.<sup>16<\/sup> Det fj\u00e4rde kvartalet var produktionen 4,8 procent l\u00e4gre \u00e4n ett \u00e5r tidigare. Produktionen av tj\u00e4nster inom fastighetsf\u00f6rvaltning har \u00f6kat trots l\u00e5gkonjunkturen och var det fj\u00e4rde kvartalet 3,9 procent h\u00f6gre \u00e4n f\u00f6r ett \u00e5r sedan.<\/p>\n\n\n\n<h3 class=\"wp-block-heading\" id=\"h-2-4-vard-och-omsorgstjanster-aterhamtar-sig\">2.4 V\u00e5rd och omsorgstj\u00e4nster \u00e5terh\u00e4mtar sig<\/h3>\n\n\n\n<p>Privat produktion av offentligt finansierade v\u00e4lf\u00e4rdstj\u00e4nster utvecklas \u00e5t olika h\u00e5ll f\u00f6r n\u00e4rvarande. <\/p>\n\n\n\n<p>Produktionen inom privat utf\u00f6rd utbildning \u00f6kade tydligt under 2023 men f\u00f6ll kraftigt f\u00f6rra \u00e5ret. Det fj\u00e4rde kvartalet var produktionen 13,9 procent l\u00e4gre \u00e4n ett \u00e5r tidigare. Nedg\u00e5ngen \u00e4r anm\u00e4rkningsv\u00e4rd eftersom antalet arbetade timmar inom privat utf\u00f6rd utbildning inte minskade utan \u00f6kade n\u00e5got under samma period.<sup>17<\/sup><\/p>\n\n\n\n<p><strong><mark class=\"has-inline-color has-primary-color\">Diagram 9:<\/mark> <strong><strong>Produktionen inom privat utf\u00f6rd sjukv\u00e5rd och omsorg, kvartal ett 2022 till kvartal fyra 2024<\/strong><\/strong><\/strong><\/p>\n\n\n\n<p>F\u00f6r\u00e4ndring \u00e5rstakt, fasta priser kalenderkorrigerat, procent.<\/p>\n\n\n\n<figure class=\"wp-block-image size-full\"><img loading=\"lazy\" decoding=\"async\" width=\"1184\" height=\"668\" src=\"https:\/\/www.almega.se\/app\/uploads\/2025\/03\/Skarmavbild-2025-03-14-kl.-11.33.56.png\" alt=\"\" class=\"wp-image-78166\" srcset=\"https:\/\/www.almega.se\/app\/uploads\/2025\/03\/Skarmavbild-2025-03-14-kl.-11.33.56.png 1184w, https:\/\/www.almega.se\/app\/uploads\/2025\/03\/Skarmavbild-2025-03-14-kl.-11.33.56-580x327.png 580w, https:\/\/www.almega.se\/app\/uploads\/2025\/03\/Skarmavbild-2025-03-14-kl.-11.33.56-1180x666.png 1180w, https:\/\/www.almega.se\/app\/uploads\/2025\/03\/Skarmavbild-2025-03-14-kl.-11.33.56-380x214.png 380w, https:\/\/www.almega.se\/app\/uploads\/2025\/03\/Skarmavbild-2025-03-14-kl.-11.33.56-768x433.png 768w\" sizes=\"auto, (max-width: 1184px) 100vw, 1184px\" \/><figcaption class=\"wp-element-caption\"><strong>K\u00e4lla: <\/strong>SCB, tj\u00e4nste\u00adproduktions\u00adindex.<\/figcaption><\/figure>\n\n\n\n<p>Inom privat utf\u00f6rd sjukv\u00e5rd och omsorg f\u00f6ll produktionen i fasta priser under h\u00f6ginflations\u00e5ren 2022 och 2023 eftersom utf\u00f6rarnas ers\u00e4ttning fr\u00e5n kommuner och regioner inte h\u00f6jdes i takt med de \u00f6kade kostnaderna. N\u00e4r inflationen sj\u00f6nk under 2024 \u00e5terh\u00e4mtade sig dock int\u00e4kterna \u00e4ven i fasta priser. Det fj\u00e4rde kvartalet var produktionen inom privat v\u00e5rd och omsorg 4,8 procent h\u00f6gre \u00e4n ett \u00e5r tidigare. Produktionen har \u00f6kat inom s\u00e5v\u00e4l h\u00e4lso- och sjukv\u00e5rd som omsorg.<sup>18<\/sup><\/p>\n\n\n\n<h3 class=\"wp-block-heading\" id=\"h-2-5-konkurserna-borjar-minska\">2.5 <a>Konkurserna b\u00f6rjar minska<\/a><\/h3>\n\n\n\n<p>Konkurserna i tj\u00e4nstesektorn \u00f6kade fram till b\u00f6rjan av f\u00f6rra \u00e5ret och har f\u00f6rblivit h\u00f6ga sedan dess. Under f\u00f6rra \u00e5ret gick 7 274 tj\u00e4nstef\u00f6retag i konkurs vilket var 20 procent fler \u00e4n \u00e5ret innan. Under januari och februari i \u00e5r har dock konkurserna b\u00f6rjat minska vilket kan tyda p\u00e5 att l\u00e4get \u00e4r p\u00e5 v\u00e4g att f\u00f6rb\u00e4ttras.<\/p>\n\n\n\n<p>De flesta konkurser r\u00f6r sm\u00e5 f\u00f6retag med i genomsnitt drygt tv\u00e5 anst\u00e4llda.<sup>19<\/sup> Konkurserna \u00e4r som vanligt flest inom hotell- och restaurang och detaljhandeln men \u00e4r \u00e4ven ovanligt m\u00e5nga bland konsulter inom juridik, ekonomi, vetenskap och teknik. Sannolikt har det krisen f\u00f6r byggbranschen orsakat konkurser bland n\u00e4rliggande tj\u00e4nstef\u00f6retag. <\/p>\n\n\n\n<p><mark class=\"has-inline-color has-primary-color\"><strong>Diagram 10:<\/strong><\/mark><strong> <strong><strong>Konkurser i tj\u00e4nstebranscher, januari 2022 till februari 2025<\/strong><\/strong><\/strong><\/p>\n\n\n\n<figure class=\"wp-block-image size-full\"><img loading=\"lazy\" decoding=\"async\" width=\"1396\" height=\"826\" src=\"https:\/\/www.almega.se\/app\/uploads\/2025\/03\/Skarmavbild-2025-03-14-kl.-11.35.27.png\" alt=\"\" class=\"wp-image-78167\" srcset=\"https:\/\/www.almega.se\/app\/uploads\/2025\/03\/Skarmavbild-2025-03-14-kl.-11.35.27.png 1396w, https:\/\/www.almega.se\/app\/uploads\/2025\/03\/Skarmavbild-2025-03-14-kl.-11.35.27-580x343.png 580w, https:\/\/www.almega.se\/app\/uploads\/2025\/03\/Skarmavbild-2025-03-14-kl.-11.35.27-1180x698.png 1180w, https:\/\/www.almega.se\/app\/uploads\/2025\/03\/Skarmavbild-2025-03-14-kl.-11.35.27-380x225.png 380w, https:\/\/www.almega.se\/app\/uploads\/2025\/03\/Skarmavbild-2025-03-14-kl.-11.35.27-768x454.png 768w\" sizes=\"auto, (max-width: 1396px) 100vw, 1396px\" \/><figcaption class=\"wp-element-caption\"><strong>K\u00e4lla: <\/strong>UC via Macrobond.<\/figcaption><\/figure>\n\n\n<a class='Share__link Share__link--url copy-text' href='#' rel='nofollow' data-text='3.-arbetsmarknaden-annu-svag' title='Dela url' data-confirmation='L\u00e4nken kopierades till urklipp'><svg class='icon icon--link'  width='18' height='18' viewBox='0 0 18 18' fill='none' xmlns='http:\/\/www.w3.org\/2000\/svg'>\n            <path d='M10.4142 0.514721L6.87868 4.05025L8.29289 5.46447L11.1213 2.63604L15.364 6.87868L12.5355 9.70711L13.9497 11.1213L17.4853 7.58579C17.8763 7.19476 17.8763 6.5626 17.4853 6.17158L11.8284 0.514721C11.4374 0.123691 10.8052 0.123691 10.4142 0.514721Z' fill='black'\/>\n            <path d='M9.7071 12.5355L6.87868 15.364L2.63604 11.1213L5.46446 8.2929L4.05025 6.87868L0.514716 10.4142C0.123686 10.8052 0.123686 11.4374 0.514716 11.8284L6.17157 17.4853C6.5626 17.8763 7.19475 17.8763 7.58578 17.4853L11.1213 13.9497L9.7071 12.5355Z' fill='black'\/>\n            <path d='M6.17157 11.8284C6.5626 12.2195 7.19475 12.2195 7.58578 11.8284L11.8284 7.58579C12.2195 7.19476 12.2195 6.56261 11.8284 6.17158C11.4374 5.78055 10.8052 5.78055 10.4142 6.17158L6.17157 10.4142C5.78054 10.8052 5.78054 11.4374 6.17157 11.8284Z' fill='black'\/>\n            <\/svg> <\/a>\n<h2 class=\"wp-block-heading\" id=\"h-3-arbetsmarknaden-annu-svag\">3. <a>Arbetsmarknaden \u00e4nnu svag<\/a><\/h2>\n\n\n\n<h3 class=\"wp-block-heading\" id=\"h-3-1-34-000-farre-jobb-i-privat-tjanstesektor\">3.1 <a><a>34\u00a0000 f\u00e4rre jobb i privat tj\u00e4nstesektor<\/a><\/a><\/h3>\n\n\n\n<p>Den l\u00e5nga l\u00e5gkonjunkturen m\u00e4rks p\u00e5 arbetsmarknaden. Det fj\u00e4rde kvartalet var antalet jobb i den privata tj\u00e4nstesektorn 32&nbsp;400 &#8211; eller 1,2 procent &#8211; f\u00e4rre \u00e4n ett \u00e5r tidigare. Om man r\u00e4knar bort finanssektorn har antalet anst\u00e4llda i den privata tj\u00e4nstesektorn minskat med 34 300 personer, eller 1,3 procent, p\u00e5 ett \u00e5r. Minskningen av antalet jobb \u00e4r n\u00e4stan lika stor som kvartalet innan.<\/p>\n\n\n\n<p>Den l\u00e5ngsamma konjunktur\u00e5terh\u00e4mtningen inneb\u00e4r att arbetsmarknaden f\u00f6rblir svag ett tag fram\u00f6ver. Almegas arbets\u00admarknads\u00adindikator f\u00f6rutsp\u00e5r dock att jobben i tj\u00e4nstesektorn inte minskar under det f\u00f6rsta kvartalet i \u00e5r.<\/p>\n\n\n\n<p><strong><mark class=\"has-inline-color has-primary-color\">Diagram 11: <\/mark>Almegas indikator f\u00f6r syssels\u00e4ttningstillv\u00e4xten i privat tj\u00e4nstesektor<\/strong><\/p>\n\n\n\n<p>Kvartal ett 2010 till kvartal ett 2025<\/p>\n\n\n\n<figure class=\"wp-block-image size-full\"><img loading=\"lazy\" decoding=\"async\" width=\"1282\" height=\"798\" src=\"https:\/\/www.almega.se\/app\/uploads\/2025\/03\/Skarmavbild-2025-03-14-kl.-11.36.56.png\" alt=\"\" class=\"wp-image-78168\" srcset=\"https:\/\/www.almega.se\/app\/uploads\/2025\/03\/Skarmavbild-2025-03-14-kl.-11.36.56.png 1282w, https:\/\/www.almega.se\/app\/uploads\/2025\/03\/Skarmavbild-2025-03-14-kl.-11.36.56-580x361.png 580w, https:\/\/www.almega.se\/app\/uploads\/2025\/03\/Skarmavbild-2025-03-14-kl.-11.36.56-1180x735.png 1180w, https:\/\/www.almega.se\/app\/uploads\/2025\/03\/Skarmavbild-2025-03-14-kl.-11.36.56-380x237.png 380w, https:\/\/www.almega.se\/app\/uploads\/2025\/03\/Skarmavbild-2025-03-14-kl.-11.36.56-768x478.png 768w\" sizes=\"auto, (max-width: 1282px) 100vw, 1282px\" \/><figcaption class=\"wp-element-caption\"><strong>K\u00e4lla:<\/strong> Almega, SCB, Macrobond.<\/figcaption><\/figure>\n\n\n\n<p>Jobben har blivit f\u00e4rre i n\u00e4stan samtliga tj\u00e4nstebranscher. Flest jobb har f\u00f6rsvunnit inom personaluthyrning och rekrytering. P\u00e5 ett \u00e5r har antalet anst\u00e4llda minskat med 12&nbsp;500 personer, eller tio procent. Nedg\u00e5ngen beror fr\u00e4mst p\u00e5 den svaga konjunk\u00adturen men \u00e4ven p\u00e5 f\u00f6r\u00e4ndringar i uthyrningslagen som f\u00f6rsv\u00e5rar f\u00f6r branschen.<\/p>\n\n\n\n<p>Inom handeln har antalet anst\u00e4llda minskat med 9 300 personer det senaste \u00e5ret vilket inte \u00e4r f\u00f6rv\u00e5nande eftersom oms\u00e4ttningen inom handeln har minskat elva kvartal i rad. Antalet anst\u00e4llda har blivit f\u00e4rre inom handelns samtliga delbranscher.<\/p>\n\n\n\n<p>Inom information och kommunikation har antalet anst\u00e4llda minskat med 8 300 personer, eller 3,4 procent, det senaste \u00e5ret trots att branschen haft en god tillv\u00e4xt. Bland datakonsulter och programmerare har antalet anst\u00e4llda blivit 3&nbsp;200 f\u00e4rre.<\/p>\n\n\n\n<p>Antalet anst\u00e4llda inom hotell och restaurang minskar f\u00f6r sj\u00e4tte kvartalet i rad. Det fj\u00e4rde kvartalet var de 1 200 f\u00e4rre \u00e4n f\u00f6r ett \u00e5r sedan.<\/p>\n\n\n\n<p>Bland konsulttj\u00e4nster inom juridik, ekonomi, vetenskap och teknik med mera har antalet anst\u00e4llda \u00f6kat med 3 900 personer det senaste \u00e5ret. Det beror uteslutande p\u00e5 fler anst\u00e4llda inom PR och kommunikation och bland organisationskonsulter. Tillsammans med finans och f\u00f6rs\u00e4kring \u00e4r detta den enda tj\u00e4nstebransch d\u00e4r antalet anst\u00e4llda \u00f6kat det senaste \u00e5ret.<\/p>\n\n\n\n<p>Inom privat utf\u00f6rd v\u00e5rd och omsorg har antalet anst\u00e4llda blivit 1&nbsp;500 f\u00e4rre det senaste \u00e5ret.<\/p>\n\n\n\n<p><strong><mark class=\"has-inline-color has-primary-color\">Tabell 3:<\/mark> <strong><strong>Anst\u00e4llda inom den privata tj\u00e4nstesektorn fj\u00e4rde kvartalet 2024 j\u00e4mf\u00f6rt med fj\u00e4rde kvartalet 2023<\/strong><\/strong><\/strong><\/p>\n\n\n\n<p>F\u00f6r\u00e4ndring i antal och procent.<\/p>\n\n\n\n<figure class=\"wp-block-image size-large\"><img loading=\"lazy\" decoding=\"async\" width=\"1180\" height=\"1091\" src=\"https:\/\/www.almega.se\/app\/uploads\/2025\/03\/Skarmavbild-2025-03-14-kl.-11.38.00-1180x1091.png\" alt=\"\" class=\"wp-image-78169\" srcset=\"https:\/\/www.almega.se\/app\/uploads\/2025\/03\/Skarmavbild-2025-03-14-kl.-11.38.00-1180x1091.png 1180w, https:\/\/www.almega.se\/app\/uploads\/2025\/03\/Skarmavbild-2025-03-14-kl.-11.38.00-580x536.png 580w, https:\/\/www.almega.se\/app\/uploads\/2025\/03\/Skarmavbild-2025-03-14-kl.-11.38.00-380x351.png 380w, https:\/\/www.almega.se\/app\/uploads\/2025\/03\/Skarmavbild-2025-03-14-kl.-11.38.00-768x710.png 768w, https:\/\/www.almega.se\/app\/uploads\/2025\/03\/Skarmavbild-2025-03-14-kl.-11.38.00.png 1198w\" sizes=\"auto, (max-width: 1180px) 100vw, 1180px\" \/><figcaption class=\"wp-element-caption\"><strong>K\u00e4lla: <\/strong>SCB, Anst\u00e4llningar, Antal p\u00e5g\u00e5ende anst\u00e4llningar efter n\u00e4ringsgren.<\/figcaption><\/figure>\n\n\n\n<p>Den minskade syssels\u00e4ttningen i tj\u00e4nstesektorn har tidigare under l\u00e5gkonjunkturen enbart drabbat personer med korta tillf\u00e4lliga anst\u00e4ll\u00adningar men det senaste kvartalet minskade \u00e4ven antalet l\u00e4ngre anst\u00e4llningar.<\/p>\n\n\n\n<p><strong><mark class=\"has-inline-color has-primary-color\">Diagram 12:<\/mark><\/strong> <strong><strong>Minskning av antalet anst\u00e4llda inom privat tj\u00e4nstesektor, kvartal fyra 2024 j\u00e4mf\u00f6rt med kvartal fyra 2023, f\u00f6rdelade efter anst\u00e4llningstid<\/strong><\/strong><\/p>\n\n\n\n<figure class=\"wp-block-image size-full is-resized\"><img loading=\"lazy\" decoding=\"async\" width=\"1188\" height=\"408\" src=\"https:\/\/www.almega.se\/app\/uploads\/2025\/03\/Skarmavbild-2025-03-14-kl.-11.38.44.png\" alt=\"\" class=\"wp-image-78170\" style=\"width:743px;height:auto\" srcset=\"https:\/\/www.almega.se\/app\/uploads\/2025\/03\/Skarmavbild-2025-03-14-kl.-11.38.44.png 1188w, https:\/\/www.almega.se\/app\/uploads\/2025\/03\/Skarmavbild-2025-03-14-kl.-11.38.44-580x199.png 580w, https:\/\/www.almega.se\/app\/uploads\/2025\/03\/Skarmavbild-2025-03-14-kl.-11.38.44-1180x405.png 1180w, https:\/\/www.almega.se\/app\/uploads\/2025\/03\/Skarmavbild-2025-03-14-kl.-11.38.44-380x131.png 380w, https:\/\/www.almega.se\/app\/uploads\/2025\/03\/Skarmavbild-2025-03-14-kl.-11.38.44-768x264.png 768w\" sizes=\"auto, (max-width: 1188px) 100vw, 1188px\" \/><figcaption class=\"wp-element-caption\"><strong>K\u00e4lla:<\/strong> SCB, Anst\u00e4llningar.<\/figcaption><\/figure>\n\n\n\n<h3 class=\"wp-block-heading\" id=\"h-3-2-svagt-positiva-anstallningsplaner\">3.2 <a><a>Svagt positiva anst\u00e4llningsplaner<\/a><\/a><\/h3>\n\n\n\n<p>Det senaste \u00e5ret har tj\u00e4nstef\u00f6retagen haft svagt positiva anst\u00e4llnings\u00adplaner, vilket sannolikt berodde p\u00e5 att man r\u00e4knat med en konjunkturuppg\u00e5ng i n\u00e4rtid.<sup>20<\/sup> Den uteblivna uppg\u00e5ngen har dock inneburit att planerna p\u00e5 att nyanst\u00e4lla inte blivit verklighet.<\/p>\n\n\n\n<p><strong><mark class=\"has-inline-color has-primary-color\">Diagram 13:<\/mark> <strong><strong>Tj\u00e4nstef\u00f6retagens anst\u00e4llningsplaner tre m\u00e5nader fram\u00e5t, januari 2022 till februari 2025<\/strong><\/strong><\/strong><\/p>\n\n\n\n<p>Nettotal s\u00e4songrensat<\/p>\n\n\n\n<figure class=\"wp-block-image size-full is-resized\"><img loading=\"lazy\" decoding=\"async\" width=\"1174\" height=\"628\" src=\"https:\/\/www.almega.se\/app\/uploads\/2025\/03\/Skarmavbild-2025-03-14-kl.-11.39.45.png\" alt=\"\" class=\"wp-image-78171\" style=\"width:1180px;height:670px\" srcset=\"https:\/\/www.almega.se\/app\/uploads\/2025\/03\/Skarmavbild-2025-03-14-kl.-11.39.45.png 1174w, https:\/\/www.almega.se\/app\/uploads\/2025\/03\/Skarmavbild-2025-03-14-kl.-11.39.45-580x310.png 580w, https:\/\/www.almega.se\/app\/uploads\/2025\/03\/Skarmavbild-2025-03-14-kl.-11.39.45-380x203.png 380w, https:\/\/www.almega.se\/app\/uploads\/2025\/03\/Skarmavbild-2025-03-14-kl.-11.39.45-768x411.png 768w\" sizes=\"auto, (max-width: 1174px) 100vw, 1174px\" \/><figcaption class=\"wp-element-caption\"><strong>K\u00e4lla: <\/strong>Konjukturinstitutet, Macrobond.<br><strong>Anm:<\/strong> Nettotal \u00e4r andelen f\u00f6retag som planerar \u00f6ka sin personal\u00adstyrka minus andelen som planerar att minska den.<\/figcaption><\/figure>\n\n\n\n<p>Anst\u00e4llningsplanerna skiljer sig kraftigt \u00e5t mellan tj\u00e4nstesektorns branscher. Mest positiva \u00e4r konsulter inom juridik och ekonomi och tekniska konsulter. Bland arkitekter har f\u00f6rv\u00e4ntningarna p\u00e5 nyanst\u00e4llningar f\u00f6rs\u00e4mrats m\u00e4rkbart det senaste kvartalet.<\/p>\n\n\n\n<p><strong><mark class=\"has-inline-color has-primary-color\">Tabell 4:<\/mark> <strong><strong>Antalet anst\u00e4llda i olika tj\u00e4nstebranscher. F\u00f6rv\u00e4ntningar tre m\u00e5nader fram\u00e5t, kvartal tre 2024 och kvartal fyra 2024<\/strong><\/strong><\/strong><\/p>\n\n\n\n<p>Nettotal s\u00e4songsrensat<\/p>\n\n\n\n<figure class=\"wp-block-image size-full\"><img loading=\"lazy\" decoding=\"async\" width=\"1200\" height=\"778\" src=\"https:\/\/www.almega.se\/app\/uploads\/2025\/03\/Skarmavbild-2025-03-14-kl.-11.40.34.png\" alt=\"\" class=\"wp-image-78172\" srcset=\"https:\/\/www.almega.se\/app\/uploads\/2025\/03\/Skarmavbild-2025-03-14-kl.-11.40.34.png 1200w, https:\/\/www.almega.se\/app\/uploads\/2025\/03\/Skarmavbild-2025-03-14-kl.-11.40.34-580x376.png 580w, https:\/\/www.almega.se\/app\/uploads\/2025\/03\/Skarmavbild-2025-03-14-kl.-11.40.34-1180x765.png 1180w, https:\/\/www.almega.se\/app\/uploads\/2025\/03\/Skarmavbild-2025-03-14-kl.-11.40.34-380x246.png 380w, https:\/\/www.almega.se\/app\/uploads\/2025\/03\/Skarmavbild-2025-03-14-kl.-11.40.34-768x498.png 768w\" sizes=\"auto, (max-width: 1200px) 100vw, 1200px\" \/><figcaption class=\"wp-element-caption\"><strong>K\u00e4lla:<\/strong> Konjunkturinstitutet<br><strong>Anm:<\/strong> Nettotalet \u00e4r andelen f\u00f6retag som planerar att \u00f6ka sin personalstyrka minus andelen som planerar att minska den.<\/figcaption><\/figure>\n\n\n\n<h3 class=\"wp-block-heading\" id=\"h-3-3-nagot-fler-lediga-jobb\">3.3 <a>N\u00e5got fler lediga jobb<\/a><\/h3>\n\n\n\n<p>Konjunkturnedg\u00e5ngen har minskat bristen p\u00e5 arbetskraft. F\u00f6r tv\u00e5 \u00e5r sedan hade \u00f6ver h\u00e4lften av tj\u00e4nste\u00adf\u00f6retagen brist p\u00e5 arbets\u00adkraft. Det fj\u00e4rde kvartalet var andelen bara 17 procent. Bristen p\u00e5 arbetskraft \u00e4r h\u00f6gst bland tekniska konsulter. <\/p>\n\n\n\n<p><strong><mark class=\"has-inline-color has-primary-color\">Tabell 5:<\/mark> <strong><strong>Andel f\u00f6retag med brist p\u00e5 personal, kvartal tre 2024 och kvartal fyra 2024<\/strong><\/strong><\/strong><\/p>\n\n\n\n<figure class=\"wp-block-image size-full\"><img loading=\"lazy\" decoding=\"async\" width=\"1020\" height=\"800\" src=\"https:\/\/www.almega.se\/app\/uploads\/2025\/03\/Skarmavbild-2025-03-14-kl.-11.41.35-1.png\" alt=\"\" class=\"wp-image-78174\" srcset=\"https:\/\/www.almega.se\/app\/uploads\/2025\/03\/Skarmavbild-2025-03-14-kl.-11.41.35-1.png 1020w, https:\/\/www.almega.se\/app\/uploads\/2025\/03\/Skarmavbild-2025-03-14-kl.-11.41.35-1-580x455.png 580w, https:\/\/www.almega.se\/app\/uploads\/2025\/03\/Skarmavbild-2025-03-14-kl.-11.41.35-1-380x298.png 380w, https:\/\/www.almega.se\/app\/uploads\/2025\/03\/Skarmavbild-2025-03-14-kl.-11.41.35-1-768x602.png 768w\" sizes=\"auto, (max-width: 1020px) 100vw, 1020px\" \/><figcaption class=\"wp-element-caption\"><strong>K\u00e4lla: <\/strong>Konjunkturinstitutet.<\/figcaption><\/figure>\n\n\n\n<p>Att arbetsmarknaden tappar fart syns \u00e4ven p\u00e5 att antalet lediga jobb som kan tilltr\u00e4das omedelbart blir f\u00e4rre. Det tredje kvartalet fanns 57 200 lediga jobb i den privata tj\u00e4nste\u00adsektorn, vilket var 12 900 f\u00e4rre \u00e4n f\u00f6rra kvartalet. De lediga jobben har minskat mest inom information och kommunikation samt inom handeln.<\/p>\n\n\n\n<p><strong><mark class=\"has-inline-color has-primary-color\">Tabell 6:<\/mark><strong><strong>Lediga jobb med omg\u00e5ende tilltr\u00e4de i tj\u00e4nstesektorn kvartal tre och fyra 2024<\/strong><\/strong><\/strong><\/p>\n\n\n\n<p>Antal.<\/p>\n\n\n\n<figure class=\"wp-block-image size-full\"><img loading=\"lazy\" decoding=\"async\" width=\"1452\" height=\"740\" src=\"https:\/\/www.almega.se\/app\/uploads\/2025\/03\/Skarmavbild-2025-03-14-kl.-11.43.22.png\" alt=\"\" class=\"wp-image-78175\" srcset=\"https:\/\/www.almega.se\/app\/uploads\/2025\/03\/Skarmavbild-2025-03-14-kl.-11.43.22.png 1452w, https:\/\/www.almega.se\/app\/uploads\/2025\/03\/Skarmavbild-2025-03-14-kl.-11.43.22-580x296.png 580w, https:\/\/www.almega.se\/app\/uploads\/2025\/03\/Skarmavbild-2025-03-14-kl.-11.43.22-1180x601.png 1180w, https:\/\/www.almega.se\/app\/uploads\/2025\/03\/Skarmavbild-2025-03-14-kl.-11.43.22-380x194.png 380w, https:\/\/www.almega.se\/app\/uploads\/2025\/03\/Skarmavbild-2025-03-14-kl.-11.43.22-768x391.png 768w\" sizes=\"auto, (max-width: 1452px) 100vw, 1452px\" \/><figcaption class=\"wp-element-caption\"><strong>K\u00e4lla: <\/strong> SCB.<\/figcaption><\/figure>\n\n\n\n<h3 class=\"wp-block-heading\" id=\"h-3-4-arbetslosheten-okar\">3.4 <a>Arbetsl\u00f6sheten <\/a>\u00f6kar<\/h3>\n\n\n\n<p>Arbetsl\u00f6sheten forts\u00e4tter att stiga. I februari var 533 000 personer arbetsl\u00f6sa vilket var 53&nbsp;000 fler \u00e4n f\u00f6r ett \u00e5r sedan. Den s\u00e4songsrensade arbetsl\u00f6sheten var 9,0 procent. Den stigande arbetsl\u00f6sheten beror b\u00e5de p\u00e5 att jobben blir f\u00e4rre och p\u00e5 att fler personer s\u00f6ker arbete.<span class=\"Footnote\"><sup>21<\/sup><\/span><\/p>\n\n\n\n<p>Andelen l\u00e5ngtidsarbetsl\u00f6sa \u00f6kar ocks\u00e5. I februari hade 222 600 personer varit arbetsl\u00f6sa i minst sex m\u00e5nader, vilket var 8,9 procent fler \u00e4n ett \u00e5r tidigare.<span class=\"Footnote\"><sup>22<\/sup><\/span><\/p>\n\n\n\n<p><strong><mark class=\"has-inline-color has-primary-color\">Diagram 14:<\/mark> <strong><strong>Arbetsl\u00f6sheten januari 2021 till februari 2025<\/strong><\/strong><\/strong><\/p>\n\n\n\n<p>Procent av arbetskraften i gruppen, s\u00e4songsrensat.<\/p>\n\n\n\n<figure class=\"wp-block-image size-full\"><img loading=\"lazy\" decoding=\"async\" width=\"1226\" height=\"772\" src=\"https:\/\/www.almega.se\/app\/uploads\/2025\/03\/Skarmavbild-2025-03-14-kl.-11.45.33.png\" alt=\"\" class=\"wp-image-78176\" srcset=\"https:\/\/www.almega.se\/app\/uploads\/2025\/03\/Skarmavbild-2025-03-14-kl.-11.45.33.png 1226w, https:\/\/www.almega.se\/app\/uploads\/2025\/03\/Skarmavbild-2025-03-14-kl.-11.45.33-580x365.png 580w, https:\/\/www.almega.se\/app\/uploads\/2025\/03\/Skarmavbild-2025-03-14-kl.-11.45.33-1180x743.png 1180w, https:\/\/www.almega.se\/app\/uploads\/2025\/03\/Skarmavbild-2025-03-14-kl.-11.45.33-380x239.png 380w, https:\/\/www.almega.se\/app\/uploads\/2025\/03\/Skarmavbild-2025-03-14-kl.-11.45.33-768x484.png 768w\" sizes=\"auto, (max-width: 1226px) 100vw, 1226px\" \/><figcaption class=\"wp-element-caption\"><strong>K\u00e4lla:<\/strong> SCB, AKU och Macrobond.<\/figcaption><\/figure>\n\n\n\n<p>De senaste tolv m\u00e5naderna har 41 600 personer varslats om upps\u00e4gning i den privata tj\u00e4nstesektorn, vilket \u00e4r elva procent fler \u00e4n f\u00f6reg\u00e5ende tolv m\u00e5nader. Varslen har \u00f6kat mest inom transport och magasinering samt utbildning, v\u00e5rd och omsorg.<span class=\"Footnote\"><sup>23<\/sup><\/span><\/p>\n\n\n\n<p>Almegajouren hj\u00e4lper medlemmar med en rad \u00e4renden inom arbetsgivarfr\u00e5gor. Under den senaste tre m\u00e5naderna har 16 procent av samtalen till jouren handlat om upps\u00e4g\u00adningar, en procentenhet mer \u00e4n samma period f\u00f6rra \u00e5ret.<span class=\"Footnote\"><sup>24<\/sup><\/span><\/p>\n\n\n\n<p><strong><mark class=\"has-inline-color has-primary-color\">Tabell 7:<\/mark><strong><strong><strong>Antal varsel om upps\u00e4gning i tj\u00e4nstesektorn under senaste tolv m\u00e5naderna j\u00e4mf\u00f6rt med f\u00f6reg\u00e5ende tolv m\u00e5nader<\/strong><\/strong><\/strong><\/strong><\/p>\n\n\n\n<p>Ber\u00f6rda personer.<\/p>\n\n\n\n<figure class=\"wp-block-image size-full is-resized\"><img loading=\"lazy\" decoding=\"async\" width=\"1530\" height=\"844\" src=\"https:\/\/www.almega.se\/app\/uploads\/2025\/03\/Skarmavbild-2025-03-14-kl.-11.46.51.png\" alt=\"\" class=\"wp-image-78177\" style=\"width:1182px;height:727px\" srcset=\"https:\/\/www.almega.se\/app\/uploads\/2025\/03\/Skarmavbild-2025-03-14-kl.-11.46.51.png 1530w, https:\/\/www.almega.se\/app\/uploads\/2025\/03\/Skarmavbild-2025-03-14-kl.-11.46.51-580x320.png 580w, https:\/\/www.almega.se\/app\/uploads\/2025\/03\/Skarmavbild-2025-03-14-kl.-11.46.51-1180x651.png 1180w, https:\/\/www.almega.se\/app\/uploads\/2025\/03\/Skarmavbild-2025-03-14-kl.-11.46.51-380x210.png 380w, https:\/\/www.almega.se\/app\/uploads\/2025\/03\/Skarmavbild-2025-03-14-kl.-11.46.51-768x424.png 768w\" sizes=\"auto, (max-width: 1530px) 100vw, 1530px\" \/><figcaption class=\"wp-element-caption\"><strong>K\u00e4lla: <\/strong>Arbetsf\u00f6rmedlingen. <\/figcaption><\/figure>\n\n\n<a class='Share__link Share__link--url copy-text' href='#' rel='nofollow' data-text='4.-prisokningarna-pa-tjanster-stabiliseras' title='Dela url' data-confirmation='L\u00e4nken kopierades till urklipp'><svg class='icon icon--link'  width='18' height='18' viewBox='0 0 18 18' fill='none' xmlns='http:\/\/www.w3.org\/2000\/svg'>\n            <path d='M10.4142 0.514721L6.87868 4.05025L8.29289 5.46447L11.1213 2.63604L15.364 6.87868L12.5355 9.70711L13.9497 11.1213L17.4853 7.58579C17.8763 7.19476 17.8763 6.5626 17.4853 6.17158L11.8284 0.514721C11.4374 0.123691 10.8052 0.123691 10.4142 0.514721Z' fill='black'\/>\n            <path d='M9.7071 12.5355L6.87868 15.364L2.63604 11.1213L5.46446 8.2929L4.05025 6.87868L0.514716 10.4142C0.123686 10.8052 0.123686 11.4374 0.514716 11.8284L6.17157 17.4853C6.5626 17.8763 7.19475 17.8763 7.58578 17.4853L11.1213 13.9497L9.7071 12.5355Z' fill='black'\/>\n            <path d='M6.17157 11.8284C6.5626 12.2195 7.19475 12.2195 7.58578 11.8284L11.8284 7.58579C12.2195 7.19476 12.2195 6.56261 11.8284 6.17158C11.4374 5.78055 10.8052 5.78055 10.4142 6.17158L6.17157 10.4142C5.78054 10.8052 5.78054 11.4374 6.17157 11.8284Z' fill='black'\/>\n            <\/svg> <\/a>\n<h2 class=\"wp-block-heading\" id=\"h-4-prisokningarna-pa-tjanster-stabiliseras\">4. Pris\u00f6kningarna p\u00e5 tj\u00e4nster stabiliseras<\/h2>\n\n\n\n<h3 class=\"wp-block-heading\" id=\"h-4-1-forsaljningspriserna-okar-nagot\">4.1 <a>F\u00f6rs\u00e4ljningspriserna \u00f6kar n\u00e5got<\/a><\/h3>\n\n\n\n<p>Tj\u00e4nstef\u00f6retagens f\u00f6rs\u00e4ljningspriser (TPI) \u2013 som omfattar b\u00e5de tj\u00e4nster till f\u00f6retag och konsumenter \u2013 \u00f6kade det fj\u00e4rde kvartalet med 2,7 procent i \u00e5rstakt, vilket var n\u00e5got mer \u00e4n f\u00f6reg\u00e5ende kvartal. Pris\u00f6kningstakten har slutat att falla och stabiliserat sig strax under tre procent i \u00e5rstakt.<span class=\"Footnote\"><sup>25<\/sup><\/span><\/p>\n\n\n\n<p><strong><mark class=\"has-inline-color has-primary-color\">Diagram 15:<\/mark> <strong><strong>Almegas prisindikator f\u00f6r kommande f\u00f6r\u00e4ndring av tj\u00e4nstepriser samt \u00e5rlig f\u00f6r\u00e4ndring av tj\u00e4nstepriserna<\/strong><\/strong><\/strong><\/p>\n\n\n\n<p>Kvartal ett 2010 till kvartal ett 2025<\/p>\n\n\n\n<figure class=\"wp-block-image size-full\"><img loading=\"lazy\" decoding=\"async\" width=\"1300\" height=\"828\" src=\"https:\/\/www.almega.se\/app\/uploads\/2025\/03\/Skarmavbild-2025-03-14-kl.-11.48.58.png\" alt=\"\" class=\"wp-image-78178\" srcset=\"https:\/\/www.almega.se\/app\/uploads\/2025\/03\/Skarmavbild-2025-03-14-kl.-11.48.58.png 1300w, https:\/\/www.almega.se\/app\/uploads\/2025\/03\/Skarmavbild-2025-03-14-kl.-11.48.58-580x369.png 580w, https:\/\/www.almega.se\/app\/uploads\/2025\/03\/Skarmavbild-2025-03-14-kl.-11.48.58-1180x752.png 1180w, https:\/\/www.almega.se\/app\/uploads\/2025\/03\/Skarmavbild-2025-03-14-kl.-11.48.58-380x242.png 380w, https:\/\/www.almega.se\/app\/uploads\/2025\/03\/Skarmavbild-2025-03-14-kl.-11.48.58-768x489.png 768w\" sizes=\"auto, (max-width: 1300px) 100vw, 1300px\" \/><figcaption class=\"wp-element-caption\"><strong>K\u00e4lla:<\/strong> Almega, Konjunkturinstitutet och SCB.<\/figcaption><\/figure>\n\n\n\n<p>Almegas prisindikator f\u00f6rutsp\u00e5r att pris\u00f6kningstakten faller n\u00e5got det kommande kvartalet. Det finns dock en risk att h\u00f6jda priser p\u00e5 insatsvaror kan leda till n\u00e5got st\u00f6rre prish\u00f6jningar fram\u00f6ver.<\/p>\n\n\n\n<p><strong><mark class=\"has-inline-color has-primary-color\">Diagram 16: <\/mark><strong><strong>Tj\u00e4nstebranschernas bidrag till \u00e5rsf\u00f6r\u00e4ndringen i tj\u00e4nsteprisindex<\/strong><\/strong><\/strong><\/p>\n\n\n\n<p>Kvartal ett 2022 till kvartal fyra 2024. <\/p>\n\n\n\n<figure class=\"wp-block-image size-full\"><img loading=\"lazy\" decoding=\"async\" width=\"1336\" height=\"754\" src=\"https:\/\/www.almega.se\/app\/uploads\/2025\/03\/Skarmavbild-2025-03-14-kl.-11.49.55.png\" alt=\"\" class=\"wp-image-78179\" srcset=\"https:\/\/www.almega.se\/app\/uploads\/2025\/03\/Skarmavbild-2025-03-14-kl.-11.49.55.png 1336w, https:\/\/www.almega.se\/app\/uploads\/2025\/03\/Skarmavbild-2025-03-14-kl.-11.49.55-580x327.png 580w, https:\/\/www.almega.se\/app\/uploads\/2025\/03\/Skarmavbild-2025-03-14-kl.-11.49.55-1180x666.png 1180w, https:\/\/www.almega.se\/app\/uploads\/2025\/03\/Skarmavbild-2025-03-14-kl.-11.49.55-380x214.png 380w, https:\/\/www.almega.se\/app\/uploads\/2025\/03\/Skarmavbild-2025-03-14-kl.-11.49.55-768x433.png 768w\" sizes=\"auto, (max-width: 1336px) 100vw, 1336px\" \/><figcaption class=\"wp-element-caption\"><strong>K\u00e4lla<\/strong>: SCB.<\/figcaption><\/figure>\n\n\n\n<p>Transportpriserna \u00f6kade under b\u00f6rjan av f\u00f6rra \u00e5ret men har fallit tillbaka d\u00e4refter. Det fj\u00e4rde kvartalet \u00f6kade priserna p\u00e5 transporter med 1,3 procent i \u00e5rstakt.<\/p>\n\n\n\n<p>Priserna p\u00e5 hotell- och restaurangtj\u00e4nster f\u00f6ll det fj\u00e4rde kvartalet j\u00e4mf\u00f6rt med kvartalet innan. I \u00e5rstakt \u00f6kade priserna med 4,3 procent.<\/p>\n\n\n\n<p><strong><mark class=\"has-inline-color has-primary-color\">Tabell 8:<\/mark> <strong><strong>Pris\u00f6kningstakten inom tj\u00e4nster samt deras bidrag till \u00e5rsf\u00f6r\u00e4ndringen i tj\u00e4nsteprisindex (TPI), kvartal fyra 20<\/strong><\/strong>24<\/strong><\/p>\n\n\n\n<p>Procent. <\/p>\n\n\n\n<figure class=\"wp-block-image size-full\"><img loading=\"lazy\" decoding=\"async\" width=\"1376\" height=\"656\" src=\"https:\/\/www.almega.se\/app\/uploads\/2025\/03\/Skarmavbild-2025-03-14-kl.-11.52.08.png\" alt=\"\" class=\"wp-image-78180\" srcset=\"https:\/\/www.almega.se\/app\/uploads\/2025\/03\/Skarmavbild-2025-03-14-kl.-11.52.08.png 1376w, https:\/\/www.almega.se\/app\/uploads\/2025\/03\/Skarmavbild-2025-03-14-kl.-11.52.08-580x277.png 580w, https:\/\/www.almega.se\/app\/uploads\/2025\/03\/Skarmavbild-2025-03-14-kl.-11.52.08-1180x563.png 1180w, https:\/\/www.almega.se\/app\/uploads\/2025\/03\/Skarmavbild-2025-03-14-kl.-11.52.08-380x181.png 380w, https:\/\/www.almega.se\/app\/uploads\/2025\/03\/Skarmavbild-2025-03-14-kl.-11.52.08-768x366.png 768w\" sizes=\"auto, (max-width: 1376px) 100vw, 1376px\" \/><figcaption class=\"wp-element-caption\"><strong>K\u00e4lla<\/strong>: Almega, SCB.<\/figcaption><\/figure>\n\n\n\n<p>Trots \u00f6kad efterfr\u00e5gan \u00f6kar priserna p\u00e5 informations- och kommunikationstj\u00e4nster inte snabbare \u00e4n genomsnittet. Det fj\u00e4rde kvartalet steg priserna i \u00e5rstakt med 2,3 procent. Priserna p\u00e5 data\u00adkonsult\u00adtj\u00e4nster steg mer \u00e4n \u00f6vriga tj\u00e4nster inom sektorn.<\/p>\n\n\n\n<p>Priserna p\u00e5 konsulttj\u00e4nster inom juridik, ekonomi, vetenskap och teknik \u00f6kade det fj\u00e4rde kvartalet med 2,5 procent i \u00e5rstakt. Priserna \u00f6kade mest f\u00f6r tj\u00e4nster inom juridik och ekonomi medan priserna f\u00f6r arkitekter och tekniska konsulter \u00f6kade l\u00e5ngsammare.<\/p>\n\n\n\n<p>Priserna inom personaluthyrning och andra st\u00f6dtj\u00e4nster till f\u00f6retag \u00f6kade det fj\u00e4rde kvartalet med 2,9 procent i \u00e5rstakt.<\/p>\n\n\n\n<p><strong><mark class=\"has-inline-color has-primary-color\">Diagram 17:<\/mark> <strong><strong>Prisf\u00f6rv\u00e4ntningar i tj\u00e4nstesektorn januari 2019 till februari 2025<\/strong><\/strong><\/strong><\/p>\n\n\n\n<p>Nettotal s\u00e4songrensat, procent.<\/p>\n\n\n\n<figure class=\"wp-block-image size-full\"><img loading=\"lazy\" decoding=\"async\" width=\"1186\" height=\"708\" src=\"https:\/\/www.almega.se\/app\/uploads\/2025\/03\/Skarmavbild-2025-03-14-kl.-11.52.54.png\" alt=\"\" class=\"wp-image-78181\" srcset=\"https:\/\/www.almega.se\/app\/uploads\/2025\/03\/Skarmavbild-2025-03-14-kl.-11.52.54.png 1186w, https:\/\/www.almega.se\/app\/uploads\/2025\/03\/Skarmavbild-2025-03-14-kl.-11.52.54-580x346.png 580w, https:\/\/www.almega.se\/app\/uploads\/2025\/03\/Skarmavbild-2025-03-14-kl.-11.52.54-1180x704.png 1180w, https:\/\/www.almega.se\/app\/uploads\/2025\/03\/Skarmavbild-2025-03-14-kl.-11.52.54-380x227.png 380w, https:\/\/www.almega.se\/app\/uploads\/2025\/03\/Skarmavbild-2025-03-14-kl.-11.52.54-768x458.png 768w\" sizes=\"auto, (max-width: 1186px) 100vw, 1186px\" \/><figcaption class=\"wp-element-caption\"><strong>K\u00e4lla:<\/strong> Konjunkturinstitutet<br><strong>Anm: <\/strong>Nettotal \u00e4r andelen f\u00f6retag som r\u00e4knar med att h\u00f6ja f\u00f6rs\u00e4ljningspriserna de n\u00e4rmaste tre m\u00e5naderna minus andelen som r\u00e4knar med att s\u00e4nka dem.<\/figcaption><\/figure>\n\n\n\n<p>Tj\u00e4nstef\u00f6retagens prisf\u00f6rv\u00e4ntningar har fallit kraftigt sedan 2022 men har nu stabiliserat sig p\u00e5 en niv\u00e5 som \u00e4r h\u00f6gre \u00e4n f\u00f6re pandemin.<\/p>\n\n\n\n<p>Flest f\u00f6retag som r\u00e4knar med att h\u00f6ja sina priser finns bland konsulter inom juridik och ekonomi samt tekniska konsulter. \u00c4ven inom hotell- och restaurang r\u00e4knar en betydande andel av f\u00f6retagen med att h\u00f6ja sina priser i n\u00e4rtid. Bland arkitekter har prisf\u00f6rv\u00e4ntningarna fallit kraftigt de senaste tre m\u00e5naderna vilket \u00e4r ett tecken p\u00e5 att \u00e5terh\u00e4mtningen inom byggandet g\u00e5r l\u00e5ngsammare \u00e4n v\u00e4ntat.<strong><\/strong><\/p>\n\n\n\n<p><strong><mark class=\"has-inline-color has-primary-color\">Tabell 9:<\/mark> <strong><strong>Tj\u00e4nstef\u00f6retagens prisf\u00f6rv\u00e4ntningar november 2024 och februari 2025<\/strong><\/strong><\/strong><\/p>\n\n\n\n<p>Nettotal s\u00e4songsrensat.<\/p>\n\n\n\n<figure class=\"wp-block-image size-full\"><img loading=\"lazy\" decoding=\"async\" width=\"1250\" height=\"668\" src=\"https:\/\/www.almega.se\/app\/uploads\/2025\/03\/Skarmavbild-2025-03-14-kl.-11.54.57.png\" alt=\"\" class=\"wp-image-78182\" srcset=\"https:\/\/www.almega.se\/app\/uploads\/2025\/03\/Skarmavbild-2025-03-14-kl.-11.54.57.png 1250w, https:\/\/www.almega.se\/app\/uploads\/2025\/03\/Skarmavbild-2025-03-14-kl.-11.54.57-580x310.png 580w, https:\/\/www.almega.se\/app\/uploads\/2025\/03\/Skarmavbild-2025-03-14-kl.-11.54.57-1180x631.png 1180w, https:\/\/www.almega.se\/app\/uploads\/2025\/03\/Skarmavbild-2025-03-14-kl.-11.54.57-380x203.png 380w, https:\/\/www.almega.se\/app\/uploads\/2025\/03\/Skarmavbild-2025-03-14-kl.-11.54.57-768x410.png 768w\" sizes=\"auto, (max-width: 1250px) 100vw, 1250px\" \/><figcaption class=\"wp-element-caption\"><strong>K\u00e4lla:<\/strong> Konjunkturinstitutet.<br><strong>Anm:<\/strong> Nettotal \u00e4r andelen f\u00f6retag som planerar att h\u00f6ja sina priser minus andelen som planerar att s\u00e4nka dem.<\/figcaption><\/figure>\n\n\n\n<h3 class=\"wp-block-heading\" id=\"h-4-2-konsumentpriserna-okar-langsammare\">4.2 <a><a>Konsumentpriserna \u00f6kar l\u00e5ngsammare<\/a><\/a><\/h3>\n\n\n\n<p>Pris\u00f6kningarna p\u00e5 de tj\u00e4nster som s\u00e4ljs direkt till konsumenter i Sverige forts\u00e4tter att avta i l\u00e5ngsam takt. I februari steg konsumentpriserna p\u00e5 tj\u00e4nster med 3,8 procent vilket var l\u00e4gre \u00e4n m\u00e5naderna innan men betydligt h\u00f6gre \u00e4n samlade KPI f\u00f6r b\u00e5de varor och tj\u00e4nster. N\u00e4stan h\u00e4lften av pris\u00f6kningen p\u00e5 tj\u00e4nster beror p\u00e5 \u00f6kade boendekostnader.<\/p>\n\n\n\n<p><strong><mark class=\"has-inline-color has-primary-color\">Tabell 10:<\/mark> <strong><strong>\u00d6kning av priserna p\u00e5 tj\u00e4nster i KPI december 2024 till februari 2025, \u00e5rstakt<\/strong><\/strong><\/strong><\/p>\n\n\n\n<p>Procent.<\/p>\n\n\n\n<figure class=\"wp-block-image size-full\"><img loading=\"lazy\" decoding=\"async\" width=\"1376\" height=\"540\" src=\"https:\/\/www.almega.se\/app\/uploads\/2025\/03\/Skarmavbild-2025-03-14-kl.-11.56.05.png\" alt=\"\" class=\"wp-image-78183\" srcset=\"https:\/\/www.almega.se\/app\/uploads\/2025\/03\/Skarmavbild-2025-03-14-kl.-11.56.05.png 1376w, https:\/\/www.almega.se\/app\/uploads\/2025\/03\/Skarmavbild-2025-03-14-kl.-11.56.05-580x228.png 580w, https:\/\/www.almega.se\/app\/uploads\/2025\/03\/Skarmavbild-2025-03-14-kl.-11.56.05-1180x463.png 1180w, https:\/\/www.almega.se\/app\/uploads\/2025\/03\/Skarmavbild-2025-03-14-kl.-11.56.05-380x149.png 380w, https:\/\/www.almega.se\/app\/uploads\/2025\/03\/Skarmavbild-2025-03-14-kl.-11.56.05-768x301.png 768w\" sizes=\"auto, (max-width: 1376px) 100vw, 1376px\" \/><figcaption class=\"wp-element-caption\"><br><strong>K\u00e4lla:<\/strong> Almega, SCB. <br><strong>Anm:<\/strong> Bland \u00f6vriga tj\u00e4nster ing\u00e5r; begravning, hemf\u00f6rs\u00e4kring, bank, utbildning, reparation och hush\u00e5llstj\u00e4nster.<\/figcaption><\/figure>\n\n\n\n<p>Inflationen har slutat att falla. I februari \u00f6kade konsument\u00adpriserna f\u00f6r b\u00e5de varor och tj\u00e4nster med 1,3 procent i \u00e5rstakt vilket var 0,4 procent h\u00f6gre \u00e4n m\u00e5naden innan. H\u00f6gre priser p\u00e5 el och livsmedel och h\u00f6jda hyror var den viktigaste f\u00f6rklaringen till den stigande inflationen. S\u00e4nkta r\u00e4ntor bidrar till att h\u00e5lla nere inflationen. Inflations\u00adtakten, exklusive r\u00e4ntor (KPIF) var 2,9 procent i februari. Det var 0,7 procent h\u00f6gre \u00e4n i januari, vilket inneb\u00e4r att en r\u00e4ntes\u00e4nkning under v\u00e5ren inte \u00e4r sannolik.<span class=\"Footnote\"><sup>26<\/sup><\/span><\/p>\n\n\n<a class='Share__link Share__link--url copy-text' href='#' rel='nofollow' data-text='5.-om-tjansteindikatorn' title='Dela url' data-confirmation='L\u00e4nken kopierades till urklipp'><svg class='icon icon--link'  width='18' height='18' viewBox='0 0 18 18' fill='none' xmlns='http:\/\/www.w3.org\/2000\/svg'>\n            <path d='M10.4142 0.514721L6.87868 4.05025L8.29289 5.46447L11.1213 2.63604L15.364 6.87868L12.5355 9.70711L13.9497 11.1213L17.4853 7.58579C17.8763 7.19476 17.8763 6.5626 17.4853 6.17158L11.8284 0.514721C11.4374 0.123691 10.8052 0.123691 10.4142 0.514721Z' fill='black'\/>\n            <path d='M9.7071 12.5355L6.87868 15.364L2.63604 11.1213L5.46446 8.2929L4.05025 6.87868L0.514716 10.4142C0.123686 10.8052 0.123686 11.4374 0.514716 11.8284L6.17157 17.4853C6.5626 17.8763 7.19475 17.8763 7.58578 17.4853L11.1213 13.9497L9.7071 12.5355Z' fill='black'\/>\n            <path d='M6.17157 11.8284C6.5626 12.2195 7.19475 12.2195 7.58578 11.8284L11.8284 7.58579C12.2195 7.19476 12.2195 6.56261 11.8284 6.17158C11.4374 5.78055 10.8052 5.78055 10.4142 6.17158L6.17157 10.4142C5.78054 10.8052 5.78054 11.4374 6.17157 11.8284Z' fill='black'\/>\n            <\/svg> <\/a>\n<h2 class=\"wp-block-heading\" id=\"h-5-om-tjansteindikatorn\">5. Om tj\u00e4nsteindikatorn<\/h2>\n\n\n\n<p>Almegas <em>tj\u00e4nsteindikator<\/em> har tagits fram av Almega fr\u00e5n och med \u00e5r 2001 f\u00f6r att ge en indikation om vart konjunkturen i den privata tj\u00e4nstesektorn \u00e4r p\u00e5 v\u00e4g p\u00e5 kort sikt.<span class=\"Footnote\"><sup>27<\/sup><\/span> Indikatorn ger information f\u00f6r att tidigt kunna f\u00f6rutsp\u00e5 v\u00e4ndpunkter i konjunkturen, inom b\u00e5de tj\u00e4nstesektorn och Sveriges ekonomi, eftersom den privata tj\u00e4nstesektorn svarar f\u00f6r 52 procent av Sveriges BNP.<\/p>\n\n\n\n<p>Almegas tj\u00e4nsteindikator t\u00e4cker in cirka 90 procent av den privata tj\u00e4nste\u00adsektorns f\u00f6r\u00e4d\u00adlings\u00adv\u00e4rde och drygt 80 procent av dess syssels\u00e4ttning.<span class=\"Footnote\"><sup>28<\/sup><\/span> Indikatorn bygger p\u00e5 en skattning av sambandet mellan tj\u00e4nstef\u00f6retagens svar i Konjunkturinstitutets konjunkturbarometer och utfallet f\u00f6r produk\u00adtionstillv\u00e4xten i den privata tj\u00e4nste\u00adsektorn enligt SCB:s tj\u00e4nste\u00adproduk\u00adtions\u00ad\u00adindex. Skattningen utg\u00e5r fr\u00e5n sambandet mellan bland annat f\u00f6retagens f\u00f6rv\u00e4ntningar om det kommande kvartalets efterfr\u00e5ge- och produktions\u00adutveckling och den faktiska utvecklingen av tj\u00e4nste\u00adproduktionen per kvartal enligt Statistiska Centralbyr\u00e5ns (SCB) tj\u00e4nsteproduktions\u00adindex.<\/p>\n\n\n\n<p>Tj\u00e4nsteindikatorn \u00e4r ber\u00e4knad i indexform d\u00e4r v\u00e4rdet 100 anger genomsnittet f\u00f6r den period som den bygger p\u00e5 (skattningen \u00e4r gjord p\u00e5 data fr\u00e5n och med \u00e5r 2005). Indexv\u00e4rden \u00f6ver 100 anger en h\u00f6gre tillv\u00e4xt \u00e4n det historiska genomsnittet och index under 100 p\u00e5 det motsatta. Indikatorn anger ocks\u00e5 om tillv\u00e4xten kan f\u00f6rv\u00e4ntas \u00f6ka, vara of\u00f6r\u00e4ndrad eller minska under det n\u00e4rmaste kvartalet. Indikatorn \u00e4r ledande och ligger tv\u00e5 till tre m\u00e5nader f\u00f6re publiceringen av det faktiska utfallet fr\u00e5n SCB.<\/p>\n\n\n\n<p>Almegas <em>arbetsmarknadsindikator<\/em> bygger p\u00e5 ett skattat samband mellan svar fr\u00e5n tj\u00e4nste\u00adf\u00f6retagen i Konjunkturinstitutets konjunkturbarometer och den privata tj\u00e4nstesektorns syssels\u00e4ttningsf\u00f6r\u00e4ndring enligt SCB:s statistik \u00f6ver anst\u00e4llningar. Arbetsmark\u00adnads\u00adindikatorn bygger dessutom p\u00e5 uppgifter om rekryteringsgraden i tj\u00e4nstesektorn, som h\u00e4mtas fr\u00e5n SCB och uppdateras kvartalsvis. Indexv\u00e4rdet 100 anger det historiska genom\u00adsnittet f\u00f6r indikatorn baserat p\u00e5 det skattade sambandet fr\u00e5n och med \u00e5r 2005.<\/p>\n\n\n\n<p><em>Prisindikatorn<\/em> bygger p\u00e5 ett skattat samband mellan svar fr\u00e5n tj\u00e4nste\u00adf\u00f6re\u00adtagen i Konjunkturinstitutets konjunkturbarometer och f\u00f6r\u00e4ndringen av f\u00f6rs\u00e4ljnings\u00adpriserna i den privata tj\u00e4nstesektorns enligt SCB:s tj\u00e4nste\u00adpris\u00adindex. V\u00e4rdet 100 anger den genomsnittliga pris\u00f6kningstakten sedan 2006.<\/p>\n\n\n<a class='Share__link Share__link--url copy-text' href='#' rel='nofollow' data-text='fotnoter' title='Dela url' data-confirmation='L\u00e4nken kopierades till urklipp'><svg class='icon icon--link'  width='18' height='18' viewBox='0 0 18 18' fill='none' xmlns='http:\/\/www.w3.org\/2000\/svg'>\n            <path d='M10.4142 0.514721L6.87868 4.05025L8.29289 5.46447L11.1213 2.63604L15.364 6.87868L12.5355 9.70711L13.9497 11.1213L17.4853 7.58579C17.8763 7.19476 17.8763 6.5626 17.4853 6.17158L11.8284 0.514721C11.4374 0.123691 10.8052 0.123691 10.4142 0.514721Z' fill='black'\/>\n            <path d='M9.7071 12.5355L6.87868 15.364L2.63604 11.1213L5.46446 8.2929L4.05025 6.87868L0.514716 10.4142C0.123686 10.8052 0.123686 11.4374 0.514716 11.8284L6.17157 17.4853C6.5626 17.8763 7.19475 17.8763 7.58578 17.4853L11.1213 13.9497L9.7071 12.5355Z' fill='black'\/>\n            <path d='M6.17157 11.8284C6.5626 12.2195 7.19475 12.2195 7.58578 11.8284L11.8284 7.58579C12.2195 7.19476 12.2195 6.56261 11.8284 6.17158C11.4374 5.78055 10.8052 5.78055 10.4142 6.17158L6.17157 10.4142C5.78054 10.8052 5.78054 11.4374 6.17157 11.8284Z' fill='black'\/>\n            <\/svg> <\/a>\n<h2 class=\"wp-block-heading\">Fotnoter<\/h2>\n\n\n\n<ol class=\"wp-block-list\">\n<li>SCB, nationalr\u00e4kenskaper. BNP-indikatorn f\u00f6r januari var dock svagare och indikerade en tillv\u00e4xt p\u00e5 2,0 procent i \u00e5rstakt.<\/li>\n\n\n\n<li>SCB, tj\u00e4nsteproduktionsindex. <a href=\"https:\/\/www.scb.se\/hitta-statistik\/statistik-efter-amne\/handel-med-varor-och-tjanster\/inrikeshandel\/tjansteproduktionsindex\/\">Tj\u00e4nsteproduktionsindex (TjPI) (scb.se)<\/a>&nbsp;<\/li>\n\n\n\n<li>Exportprisindex f\u00f6r tj\u00e4nster \u00f6kade med 1,3 procent under samma period. <a href=\"https:\/\/www.statistikdatabasen.scb.se\/pxweb\/sv\/ssd\/START__PR__PR0301__PR0301L\/TPI2020K\/\">Producentprisindex f\u00f6r tj\u00e4nster (TPI) efter marknad och produktgrupp SPIN 2015, 2020=100. Kvartal 1996K1 &#8211; 2024K4. PxWeb<\/a><\/li>\n\n\n\n<li>Ink\u00f6pschefsindex privata tj\u00e4nstesektorn och industrin. <a href=\"https:\/\/www.silf.se\/medlem-i-silf\/pmi-inkopschefsindex\/\">PMI &#8211; Ink\u00f6pschefsindex &#8211; konjunkturm\u00e4tare<\/a><\/li>\n\n\n\n<li>SCB,Nationalr\u00e4kenskaper.<\/li>\n\n\n\n<li>Priserna p\u00e5 informations- och kommunikationstj\u00e4nster \u00f6kade med 1,5 procent i \u00e5rstakt det fj\u00e4rde kvartalet. SCB, exportprisindex tj\u00e4nster. <a href=\"https:\/\/www.scb.se\/hitta-statistik\/statistik-efter-amne\/priser-och-konsumtion\/prisindex-i-producent-och-importled\/prisindex-i-producent-och-importled-ppi\/\">Prisindex i producent- och importled (PPI)<\/a><\/li>\n\n\n\n<li>SCB, utrikeshandel med tj\u00e4nster. <a href=\"https:\/\/www.statistikdatabasen.scb.se\/pxweb\/sv\/ssd\/START__HA__HA0202\/HA0202TjanstHKvN\/\">https:\/\/www.statistikdatabasen.scb.se\/pxweb\/sv\/ssd\/START__HA__HA0202\/HA0202TjanstHKvN\/<\/a><\/li>\n\n\n\n<li>SCB, utrikeshandel med tj\u00e4nster. <a href=\"https:\/\/www.statistikdatabasen.scb.se\/pxweb\/sv\/ssd\/START__HA__HA0202\/HA0202TjanstHKvN\/\">https:\/\/www.statistikdatabasen.scb.se\/pxweb\/sv\/ssd\/START__HA__HA0202\/HA0202TjanstHKvN\/<\/a> Exportpriserna p\u00e5 aff\u00e4rstj\u00e4nster \u00f6kade med 4,1 procent p\u00e5 \u00e5rsbasis det fj\u00e4rde kvartalet. SCB, exportprisindex tj\u00e4nster. <a href=\"https:\/\/www.scb.se\/hitta-statistik\/statistik-efter-amne\/priser-och-konsumtion\/prisindex-i-producent-och-importled\/prisindex-i-producent-och-importled-ppi\/\">Prisindex i producent- och importled (PPI)<\/a>.<\/li>\n\n\n\n<li>Almega Innovationsf\u00f6retagen. Investeringssignalen, februari 2025. <a href=\"https:\/\/www.innovationsforetagen.se\/2025\/02\/ny-rapport-ljusning-for-samhallsbyggandet-men-inbromsning-i-industrin\/\">NY RAPPORT: Ljusning f\u00f6r samh\u00e4llsbyggandet, men inbromsning i industrin &#8211; Innovations\u00adf\u00f6retagen<\/a><\/li>\n\n\n\n<li>Almega Innovationsf\u00f6retagen. Investeringssignalen, februari 2025. <a href=\"https:\/\/www.innovationsforetagen.se\/2025\/02\/ny-rapport-ljusning-for-samhallsbyggandet-men-inbromsning-i-industrin\/\">NY RAPPORT: Ljusning f\u00f6r samh\u00e4llsbyggandet, men inbromsning i industrin &#8211; Innovations\u00adf\u00f6retagen<\/a><\/li>\n\n\n\n<li>Almega Kompetensf\u00f6retagen, kvartalsrapport, Q4 2024. <a href=\"https:\/\/www.kompetensforetagen.se\/app\/uploads\/sites\/5\/2025\/02\/Q4_2024.pdf\">Q4_2024.pdf<\/a> Priserna p\u00e5 personaluthyrning och andra st\u00f6dtj\u00e4nster steg med 2,9 procent under \u00e5ret.<\/li>\n\n\n\n<li>Almega Kompetensf\u00f6retagen, kvartalsrapport, Q4 2024. <a href=\"https:\/\/www.kompetensforetagen.se\/app\/uploads\/sites\/5\/2025\/02\/Q4_2024.pdf\">Q4_2024.pdf<\/a> 24-m\u00e5nadersregeln i uthyrningslagen inneb\u00e4r att en person arbetat i tv\u00e5 \u00e5r under en tre\u00e5rsperiod p\u00e5 samma driftst\u00e4lle ska erbjudas en tillsvidareanst\u00e4llning hos kundf\u00f6retagen eller en ers\u00e4ttning.<\/li>\n\n\n\n<li>Hush\u00e5llens konfidensindikator i februari var 95 j\u00e4mf\u00f6rt med ett historiskt genomsnitt p\u00e5 100.<\/li>\n\n\n\n<li>&nbsp;SCB, hush\u00e5llens konsumtionsutgifter efter \u00e4ndam\u00e5l. <a href=\"https:\/\/www.statistikdatabasen.scb.se\/pxweb\/sv\/ssd\/START__NR__NR0103__NR0103A\/NR0103ENS2010T02KvN\/\">https:\/\/www.statistikdatabasen.scb.se\/pxweb\/sv\/ssd\/START__NR__NR0103__NR0103A\/NR0103ENS2010T02KvN\/<\/a><\/li>\n\n\n\n<li>Mobility Sweden, databas nyregistreringar personbilar. <a href=\"https:\/\/mobilitysweden.se\/statistik\/Tidsserier\">&nbsp;<u>Nyregistreringar Mobility Sweden<\/u>r<\/a><\/li>\n\n\n\n<li>Inom kultur, n\u00f6je och fritid ing\u00e5r bland annat museer, teatrar, sport\u00adanl\u00e4ggningar och gym. I annan service ing\u00e5r bland annat reparationer, tv\u00e4tterier och fris\u00f6rer.&nbsp;<\/li>\n\n\n\n<li>SCB, Nationalr\u00e4kenskaper.<\/li>\n\n\n\n<li>SCB, Nationalr\u00e4kenskaper.<\/li>\n\n\n\n<li>Tillv\u00e4xtanalys. <a href=\"https:\/\/statistik.tillvaxtanalys.se\/PxWeb\/pxweb\/sv\/Tillv%c3%a4xtanalys%20statistikdatabas\/Tillv%c3%a4xtanalys%20statistikdatabas__Konkurser%20och%20offentliga%20ackord\/konk_ar_lan_bransch_2009.px\/table\/tableViewLayout2\/\">Konkurser och anst\u00e4llda ber\u00f6rda av konkurs 1996- efter \u00e5r, l\u00e4n, bransch och variabel. PxWeb (tillvaxtanalys.se)<\/a><\/li>\n\n\n\n<li>Konjunkturinstitutets m\u00e5nadsbarometrar. <a href=\"https:\/\/statistik.konj.se\/PXWeb\/pxweb\/sv\/KonjBar\">Statistikdatabasen &#8211; v\u00e4lj tabell (konj.se)<\/a><\/li>\n\n\n\n<li>SCB, AKU. <a href=\"https:\/\/www.scb.se\/hitta-statistik\/statistik-efter-amne\/arbetsmarknad\/utbud-av-arbetskraft\/arbetskraftsundersokningarna-aku\/pong\/statistiknyhet\/arbetskraftsundersokningarna-aku-februari-2025\/\">Fortsatt svag arbetsmarknad<\/a><\/li>\n\n\n\n<li>Arbetsf\u00f6rmedlingens, m\u00e5nadsstatistik. <a href=\"https:\/\/statistik.arbetsformedlingen.se\/extensions\/Manadsstatistik_sid1\/Manadsstatistik_sid1.html\">M\u00e5nadsstatistik (arbetsformedlingen.se)<\/a><\/li>\n\n\n\n<li>Arbetsf\u00f6rmedlingen, varselstatistik <a href=\"https:\/\/arbetsformedlingen.se\/statistik\/statistik-om-varsel\">Statistik &#8211; Arbetsf\u00f6rmedlingen (arbetsformedlingen.se)<\/a><\/li>\n\n\n\n<li><a href=\"https:\/\/www.scb.se\/hitta-statistik\/statistik-efter-amne\/priser-och-konsumtion\/prisindex-i-producent-och-importled\/prisindex-i-producent-och-importled-ppi\/pong\/statistiknyhet\/tjansteprisindex-kvartal-2-2024\/\">Almegajouren statistik, februari.<\/a><\/li>\n\n\n\n<li><a href=\"https:\/\/www.scb.se\/hitta-statistik\/statistik-efter-amne\/priser-och-ekonomiska-tendenser\/priser\/konsumentprisindex-kpi\/pong\/statistiknyhet\/konsumentprisindex-kpi-februari-2025\/\">Inflationstakten enligt KPI var 1,3 procent i februari 2025<\/a><\/li>\n\n\n\n<li>Almegas tj\u00e4nsteindikator togs fram 2001 av Owe Danemar, Almegas d\u00e5varande chefekonom.<\/li>\n\n\n\n<li>De tj\u00e4nstebranscher som saknas i KI-barometern \u00e4r utbildning, h\u00e4lso- och sjukv\u00e5rd, kultur, n\u00f6je och fritid samt samh\u00e4lleliga och hush\u00e5llsn\u00e4ra tj\u00e4nster inom n\u00e4ringslivet.<\/li>\n<\/ol>\n","protected":false},"excerpt":{"rendered":"<p>Almegas tj\u00e4nsteindikator, kvartal ett, 2025. <\/p>\n","protected":false},"author":16543,"featured_media":78184,"comment_status":"closed","ping_status":"closed","sticky":false,"template":"","format":"standard","meta":{"_acf_changed":false,"footnotes":""},"categories":[630,581],"tags":[50],"article_type":[56,42],"agreement":[],"class_list":["post-78155","post","type-post","status-publish","format-standard","has-post-thumbnail","hentry","category-konjunktur","category-tjanstesektorns-betydelse","tag-tjanstesektorns-utveckling","type-nyheter","type-rapporter"],"acf":[],"yoast_head":"<!-- This site is optimized with the Yoast SEO Premium plugin v26.8 (Yoast SEO v26.8) - https:\/\/yoast.com\/product\/yoast-seo-premium-wordpress\/ -->\n<title>Almegas tj\u00e4nsteindikator f\u00f6r f\u00f6rsta kvartalet 2025 | Almega<\/title>\n<meta name=\"description\" content=\"Ta del av Almegas tj\u00e4nsteindikator f\u00f6r f\u00f6rsta kvartalet 2024, och l\u00e4s rapporten &quot;V\u00e4ndpunkt i sikte&quot; i sin helhet p\u00e5 almega.se.\" \/>\n<meta name=\"robots\" content=\"index, follow, max-snippet:-1, max-image-preview:large, max-video-preview:-1\" \/>\n<link rel=\"canonical\" href=\"https:\/\/www.almega.se\/2025\/03\/almegas-tjansteindikator-for-forsta-kvartalet-2025\/\" \/>\n<meta property=\"og:locale\" content=\"sv_SE\" \/>\n<meta property=\"og:type\" content=\"article\" \/>\n<meta property=\"og:title\" content=\"Almegas tj\u00e4nsteindikator f\u00f6r f\u00f6rsta kvartalet 2025\" \/>\n<meta property=\"og:description\" content=\"Ta del av Almegas tj\u00e4nsteindikator f\u00f6r f\u00f6rsta kvartalet 2024, och l\u00e4s rapporten &quot;V\u00e4ndpunkt i sikte&quot; i sin helhet p\u00e5 almega.se.\" \/>\n<meta property=\"og:url\" content=\"https:\/\/www.almega.se\/2025\/03\/almegas-tjansteindikator-for-forsta-kvartalet-2025\/\" \/>\n<meta property=\"og:site_name\" content=\"Almega\" \/>\n<meta property=\"article:published_time\" content=\"2025-03-18T04:00:00+00:00\" \/>\n<meta property=\"article:modified_time\" content=\"2025-04-01T09:01:45+00:00\" \/>\n<meta property=\"og:image\" content=\"https:\/\/www.almega.se\/app\/uploads\/2025\/03\/Skarmavbild-2025-03-14-kl.-12.05.54.png\" \/>\n\t<meta property=\"og:image:width\" content=\"1418\" \/>\n\t<meta property=\"og:image:height\" content=\"816\" \/>\n\t<meta property=\"og:image:type\" content=\"image\/png\" \/>\n<meta name=\"author\" content=\"R\u00e9ka Tolnai\" \/>\n<meta name=\"twitter:card\" content=\"summary_large_image\" \/>\n<meta name=\"twitter:label1\" content=\"Skriven av\" \/>\n\t<meta name=\"twitter:data1\" content=\"R\u00e9ka Tolnai\" \/>\n\t<meta name=\"twitter:label2\" content=\"Ber\u00e4knad l\u00e4stid\" \/>\n\t<meta name=\"twitter:data2\" content=\"27 minuter\" \/>\n<!-- \/ Yoast SEO Premium plugin. -->","yoast_head_json":{"title":"Almegas tj\u00e4nsteindikator f\u00f6r f\u00f6rsta kvartalet 2025 | Almega","description":"Ta del av Almegas tj\u00e4nsteindikator f\u00f6r f\u00f6rsta kvartalet 2024, och l\u00e4s rapporten \"V\u00e4ndpunkt i sikte\" i sin helhet p\u00e5 almega.se.","robots":{"index":"index","follow":"follow","max-snippet":"max-snippet:-1","max-image-preview":"max-image-preview:large","max-video-preview":"max-video-preview:-1"},"canonical":"https:\/\/www.almega.se\/2025\/03\/almegas-tjansteindikator-for-forsta-kvartalet-2025\/","og_locale":"sv_SE","og_type":"article","og_title":"Almegas tj\u00e4nsteindikator f\u00f6r f\u00f6rsta kvartalet 2025","og_description":"Ta del av Almegas tj\u00e4nsteindikator f\u00f6r f\u00f6rsta kvartalet 2024, och l\u00e4s rapporten \"V\u00e4ndpunkt i sikte\" i sin helhet p\u00e5 almega.se.","og_url":"https:\/\/www.almega.se\/2025\/03\/almegas-tjansteindikator-for-forsta-kvartalet-2025\/","og_site_name":"Almega","article_published_time":"2025-03-18T04:00:00+00:00","article_modified_time":"2025-04-01T09:01:45+00:00","og_image":[{"width":1418,"height":816,"url":"https:\/\/www.almega.se\/app\/uploads\/2025\/03\/Skarmavbild-2025-03-14-kl.-12.05.54.png","type":"image\/png"}],"author":"R\u00e9ka Tolnai","twitter_card":"summary_large_image","twitter_misc":{"Skriven av":"R\u00e9ka Tolnai","Ber\u00e4knad l\u00e4stid":"27 minuter"},"schema":{"@context":"https:\/\/schema.org","@graph":[{"@type":"NewsArticle","@id":"https:\/\/www.almega.se\/2025\/03\/almegas-tjansteindikator-for-forsta-kvartalet-2025\/#article","isPartOf":{"@id":"https:\/\/www.almega.se\/2025\/03\/almegas-tjansteindikator-for-forsta-kvartalet-2025\/"},"author":{"name":"R\u00e9ka Tolnai","@id":"https:\/\/www.almega.se\/#\/schema\/person\/e54aa110880538cf5ceac0ac54bbecf7"},"headline":"Almegas tj\u00e4nsteindikator f\u00f6r f\u00f6rsta kvartalet 2025","datePublished":"2025-03-18T04:00:00+00:00","dateModified":"2025-04-01T09:01:45+00:00","mainEntityOfPage":{"@id":"https:\/\/www.almega.se\/2025\/03\/almegas-tjansteindikator-for-forsta-kvartalet-2025\/"},"wordCount":5175,"image":{"@id":"https:\/\/www.almega.se\/2025\/03\/almegas-tjansteindikator-for-forsta-kvartalet-2025\/#primaryimage"},"thumbnailUrl":"https:\/\/www.almega.se\/app\/uploads\/2025\/03\/Skarmavbild-2025-03-14-kl.-12.05.54.png","keywords":["Tj\u00e4nstesektorns utveckling"],"articleSection":["Konjunktur","Tj\u00e4nstesektorns betydelse"],"inLanguage":"sv-SE"},{"@type":"WebPage","@id":"https:\/\/www.almega.se\/2025\/03\/almegas-tjansteindikator-for-forsta-kvartalet-2025\/","url":"https:\/\/www.almega.se\/2025\/03\/almegas-tjansteindikator-for-forsta-kvartalet-2025\/","name":"Almegas tj\u00e4nsteindikator f\u00f6r f\u00f6rsta kvartalet 2025 | Almega","isPartOf":{"@id":"https:\/\/www.almega.se\/#website"},"primaryImageOfPage":{"@id":"https:\/\/www.almega.se\/2025\/03\/almegas-tjansteindikator-for-forsta-kvartalet-2025\/#primaryimage"},"image":{"@id":"https:\/\/www.almega.se\/2025\/03\/almegas-tjansteindikator-for-forsta-kvartalet-2025\/#primaryimage"},"thumbnailUrl":"https:\/\/www.almega.se\/app\/uploads\/2025\/03\/Skarmavbild-2025-03-14-kl.-12.05.54.png","datePublished":"2025-03-18T04:00:00+00:00","dateModified":"2025-04-01T09:01:45+00:00","author":{"@id":"https:\/\/www.almega.se\/#\/schema\/person\/e54aa110880538cf5ceac0ac54bbecf7"},"description":"Ta del av Almegas tj\u00e4nsteindikator f\u00f6r f\u00f6rsta kvartalet 2024, och l\u00e4s rapporten \"V\u00e4ndpunkt i sikte\" i sin helhet p\u00e5 almega.se.","breadcrumb":{"@id":"https:\/\/www.almega.se\/2025\/03\/almegas-tjansteindikator-for-forsta-kvartalet-2025\/#breadcrumb"},"inLanguage":"sv-SE","potentialAction":[{"@type":"ReadAction","target":["https:\/\/www.almega.se\/2025\/03\/almegas-tjansteindikator-for-forsta-kvartalet-2025\/"]}]},{"@type":"ImageObject","inLanguage":"sv-SE","@id":"https:\/\/www.almega.se\/2025\/03\/almegas-tjansteindikator-for-forsta-kvartalet-2025\/#primaryimage","url":"https:\/\/www.almega.se\/app\/uploads\/2025\/03\/Skarmavbild-2025-03-14-kl.-12.05.54.png","contentUrl":"https:\/\/www.almega.se\/app\/uploads\/2025\/03\/Skarmavbild-2025-03-14-kl.-12.05.54.png","width":1418,"height":816},{"@type":"BreadcrumbList","@id":"https:\/\/www.almega.se\/2025\/03\/almegas-tjansteindikator-for-forsta-kvartalet-2025\/#breadcrumb","itemListElement":[{"@type":"ListItem","position":1,"name":"Home","item":"https:\/\/www.almega.se\/"},{"@type":"ListItem","position":2,"name":"Almegas tj\u00e4nsteindikator f\u00f6r f\u00f6rsta kvartalet 2025"}]},{"@type":"WebSite","@id":"https:\/\/www.almega.se\/#website","url":"https:\/\/www.almega.se\/","name":"Almega","description":"","potentialAction":[{"@type":"SearchAction","target":{"@type":"EntryPoint","urlTemplate":"https:\/\/www.almega.se\/?s={search_term_string}"},"query-input":{"@type":"PropertyValueSpecification","valueRequired":true,"valueName":"search_term_string"}}],"inLanguage":"sv-SE"},{"@type":"Person","@id":"https:\/\/www.almega.se\/#\/schema\/person\/e54aa110880538cf5ceac0ac54bbecf7","name":"R\u00e9ka Tolnai","image":{"@type":"ImageObject","inLanguage":"sv-SE","@id":"https:\/\/www.almega.se\/#\/schema\/person\/image\/","url":"https:\/\/secure.gravatar.com\/avatar\/c722d4a4ee787603df9df499a683d681bd2c463bde248da25aabc45883d614d2?s=96&d=mm&r=g","contentUrl":"https:\/\/secure.gravatar.com\/avatar\/c722d4a4ee787603df9df499a683d681bd2c463bde248da25aabc45883d614d2?s=96&d=mm&r=g","caption":"R\u00e9ka Tolnai"},"url":"https:\/\/www.almega.se\/person\/rekatolnai\/"}]}},"_links":{"self":[{"href":"https:\/\/www.almega.se\/api\/wp\/v2\/posts\/78155","targetHints":{"allow":["GET"]}}],"collection":[{"href":"https:\/\/www.almega.se\/api\/wp\/v2\/posts"}],"about":[{"href":"https:\/\/www.almega.se\/api\/wp\/v2\/types\/post"}],"author":[{"embeddable":true,"href":"https:\/\/www.almega.se\/api\/wp\/v2\/users\/16543"}],"replies":[{"embeddable":true,"href":"https:\/\/www.almega.se\/api\/wp\/v2\/comments?post=78155"}],"version-history":[{"count":2,"href":"https:\/\/www.almega.se\/api\/wp\/v2\/posts\/78155\/revisions"}],"predecessor-version":[{"id":78320,"href":"https:\/\/www.almega.se\/api\/wp\/v2\/posts\/78155\/revisions\/78320"}],"wp:featuredmedia":[{"embeddable":true,"href":"https:\/\/www.almega.se\/api\/wp\/v2\/media\/78184"}],"wp:attachment":[{"href":"https:\/\/www.almega.se\/api\/wp\/v2\/media?parent=78155"}],"wp:term":[{"taxonomy":"category","embeddable":true,"href":"https:\/\/www.almega.se\/api\/wp\/v2\/categories?post=78155"},{"taxonomy":"post_tag","embeddable":true,"href":"https:\/\/www.almega.se\/api\/wp\/v2\/tags?post=78155"},{"taxonomy":"type","embeddable":true,"href":"https:\/\/www.almega.se\/api\/wp\/v2\/article_type?post=78155"},{"taxonomy":"agreement","embeddable":true,"href":"https:\/\/www.almega.se\/api\/wp\/v2\/agreement?post=78155"}],"curies":[{"name":"wp","href":"https:\/\/api.w.org\/{rel}","templated":true}]}}