{"id":78136,"date":"2025-03-13T09:36:31","date_gmt":"2025-03-13T08:36:31","guid":{"rendered":"https:\/\/www.almega.se\/?p=78136"},"modified":"2025-03-13T09:36:32","modified_gmt":"2025-03-13T08:36:32","slug":"reformbar-8-hur-fa-miljardarer-tal-sverige","status":"publish","type":"post","link":"https:\/\/www.almega.se\/2025\/03\/reformbar-8-hur-fa-miljardarer-tal-sverige\/","title":{"rendered":"Reformbar #8 &#8211; Hur f\u00e5 miljard\u00e4rer t\u00e5l Sverige?"},"content":{"rendered":"<p class=\"intro\">\u00c5ttonde omg\u00e5ngen av Reformbaren \u00e4gde rum i mars. Den aktuella fr\u00e5gan om miljad\u00e4rer debatterades.<\/p>\n\n<p>Det \u00e5ttonde tillf\u00e4llet av Almegas uppskattade koncept \u00e4gde rum den 12 mars, den h\u00e4r g\u00e5ngen p\u00e5 temat miljad\u00e4rer. F\u00f6r tredje g\u00e5ngen i rad slog evenemanget anm\u00e4lningsrekord! Vi fick en inramning av Dan Oloffson, entrepren\u00f6r och grundare till Danir Group. \u00c4mnet debatterades sedan av <strong>Daniel Waldentr\u00f6m<\/strong>, professor, IFN, <strong>Daniel Suhonen<\/strong>, chef, Katalys, <strong>Alexandra Ivanov H\u00f6kmark<\/strong>, bitr\u00e4dande vd, Timbro och <strong>Linn Svansbo<\/strong>, socialdemokratisk debatt\u00f6r. Samtalet modererades av Magnus Thor\u00e9n, Kvartal.<\/p>\n\n\n\n<p>Reformbaren&nbsp;forts\u00e4tter under 2025 med fler intressanta samtal.<\/p>\n","protected":false},"excerpt":{"rendered":"<p>\u00c5ttonde omg\u00e5ngen av Reformbaren \u00e4gde rum i mars. Den aktuella fr\u00e5gan om miljad\u00e4rer debatterades.<\/p>\n","protected":false},"author":16543,"featured_media":78137,"comment_status":"closed","ping_status":"closed","sticky":false,"template":"","format":"standard","meta":{"_acf_changed":false,"footnotes":""},"categories":[64,630],"tags":[686],"article_type":[56],"agreement":[],"class_list":["post-78136","post","type-post","status-publish","format-standard","has-post-thumbnail","hentry","category-arbetsmarknad","category-konjunktur","tag-sverigekanintevanta","type-nyheter"],"acf":[],"yoast_head":"<!-- This site is optimized with the Yoast SEO Premium plugin v26.8 (Yoast SEO v26.8) - https:\/\/yoast.com\/product\/yoast-seo-premium-wordpress\/ -->\n<title>Reformbar #8 - Hur f\u00e5 miljard\u00e4rer t\u00e5l Sverige? | Almega<\/title>\n<meta name=\"robots\" content=\"index, follow, max-snippet:-1, max-image-preview:large, max-video-preview:-1\" \/>\n<link rel=\"canonical\" href=\"https:\/\/www.almega.se\/2025\/03\/reformbar-8-hur-fa-miljardarer-tal-sverige\/\" \/>\n<meta property=\"og:locale\" content=\"sv_SE\" \/>\n<meta property=\"og:type\" content=\"article\" \/>\n<meta property=\"og:title\" content=\"Reformbar #8 - Hur f\u00e5 miljard\u00e4rer t\u00e5l Sverige?\" \/>\n<meta property=\"og:description\" content=\"\u00c5ttonde omg\u00e5ngen av Reformbaren \u00e4gde rum i mars. Den aktuella fr\u00e5gan om miljad\u00e4rer debatterades.\" \/>\n<meta property=\"og:url\" content=\"https:\/\/www.almega.se\/2025\/03\/reformbar-8-hur-fa-miljardarer-tal-sverige\/\" \/>\n<meta property=\"og:site_name\" content=\"Almega\" \/>\n<meta property=\"article:published_time\" content=\"2025-03-13T08:36:31+00:00\" \/>\n<meta property=\"article:modified_time\" content=\"2025-03-13T08:36:32+00:00\" \/>\n<meta property=\"og:image\" content=\"https:\/\/www.almega.se\/app\/uploads\/2025\/03\/reformbar-8-scaled-e1741854976983.jpg\" \/>\n\t<meta property=\"og:image:width\" content=\"1920\" \/>\n\t<meta property=\"og:image:height\" content=\"1493\" \/>\n\t<meta property=\"og:image:type\" content=\"image\/jpeg\" \/>\n<meta name=\"author\" content=\"R\u00e9ka Tolnai\" \/>\n<meta name=\"twitter:card\" content=\"summary_large_image\" \/>\n<meta name=\"twitter:label1\" content=\"Skriven av\" \/>\n\t<meta name=\"twitter:data1\" content=\"R\u00e9ka Tolnai\" \/>\n\t<meta name=\"twitter:label2\" content=\"Ber\u00e4knad l\u00e4stid\" \/>\n\t<meta name=\"twitter:data2\" content=\"1 minut\" \/>\n<!-- \/ Yoast SEO Premium plugin. -->","yoast_head_json":{"title":"Reformbar #8 - Hur f\u00e5 miljard\u00e4rer t\u00e5l Sverige? | Almega","robots":{"index":"index","follow":"follow","max-snippet":"max-snippet:-1","max-image-preview":"max-image-preview:large","max-video-preview":"max-video-preview:-1"},"canonical":"https:\/\/www.almega.se\/2025\/03\/reformbar-8-hur-fa-miljardarer-tal-sverige\/","og_locale":"sv_SE","og_type":"article","og_title":"Reformbar #8 - Hur f\u00e5 miljard\u00e4rer t\u00e5l Sverige?","og_description":"\u00c5ttonde omg\u00e5ngen av Reformbaren \u00e4gde rum i mars. Den aktuella fr\u00e5gan om miljad\u00e4rer debatterades.","og_url":"https:\/\/www.almega.se\/2025\/03\/reformbar-8-hur-fa-miljardarer-tal-sverige\/","og_site_name":"Almega","article_published_time":"2025-03-13T08:36:31+00:00","article_modified_time":"2025-03-13T08:36:32+00:00","og_image":[{"width":1920,"height":1493,"url":"https:\/\/www.almega.se\/app\/uploads\/2025\/03\/reformbar-8-scaled-e1741854976983.jpg","type":"image\/jpeg"}],"author":"R\u00e9ka Tolnai","twitter_card":"summary_large_image","twitter_misc":{"Skriven av":"R\u00e9ka Tolnai","Ber\u00e4knad l\u00e4stid":"1 minut"},"schema":{"@context":"https:\/\/schema.org","@graph":[{"@type":"NewsArticle","@id":"https:\/\/www.almega.se\/2025\/03\/reformbar-8-hur-fa-miljardarer-tal-sverige\/#article","isPartOf":{"@id":"https:\/\/www.almega.se\/2025\/03\/reformbar-8-hur-fa-miljardarer-tal-sverige\/"},"author":{"name":"R\u00e9ka Tolnai","@id":"https:\/\/www.almega.se\/#\/schema\/person\/e54aa110880538cf5ceac0ac54bbecf7"},"headline":"Reformbar #8 &#8211; Hur f\u00e5 miljard\u00e4rer t\u00e5l Sverige?","datePublished":"2025-03-13T08:36:31+00:00","dateModified":"2025-03-13T08:36:32+00:00","mainEntityOfPage":{"@id":"https:\/\/www.almega.se\/2025\/03\/reformbar-8-hur-fa-miljardarer-tal-sverige\/"},"wordCount":98,"image":{"@id":"https:\/\/www.almega.se\/2025\/03\/reformbar-8-hur-fa-miljardarer-tal-sverige\/#primaryimage"},"thumbnailUrl":"https:\/\/www.almega.se\/app\/uploads\/2025\/03\/reformbar-8-scaled-e1741854976983.jpg","keywords":["Sverige kan inte v\u00e4nta"],"articleSection":["Arbetsmarknad","Konjunktur"],"inLanguage":"sv-SE"},{"@type":"WebPage","@id":"https:\/\/www.almega.se\/2025\/03\/reformbar-8-hur-fa-miljardarer-tal-sverige\/","url":"https:\/\/www.almega.se\/2025\/03\/reformbar-8-hur-fa-miljardarer-tal-sverige\/","name":"Reformbar #8 - Hur f\u00e5 miljard\u00e4rer t\u00e5l Sverige? | Almega","isPartOf":{"@id":"https:\/\/www.almega.se\/#website"},"primaryImageOfPage":{"@id":"https:\/\/www.almega.se\/2025\/03\/reformbar-8-hur-fa-miljardarer-tal-sverige\/#primaryimage"},"image":{"@id":"https:\/\/www.almega.se\/2025\/03\/reformbar-8-hur-fa-miljardarer-tal-sverige\/#primaryimage"},"thumbnailUrl":"https:\/\/www.almega.se\/app\/uploads\/2025\/03\/reformbar-8-scaled-e1741854976983.jpg","datePublished":"2025-03-13T08:36:31+00:00","dateModified":"2025-03-13T08:36:32+00:00","author":{"@id":"https:\/\/www.almega.se\/#\/schema\/person\/e54aa110880538cf5ceac0ac54bbecf7"},"breadcrumb":{"@id":"https:\/\/www.almega.se\/2025\/03\/reformbar-8-hur-fa-miljardarer-tal-sverige\/#breadcrumb"},"inLanguage":"sv-SE","potentialAction":[{"@type":"ReadAction","target":["https:\/\/www.almega.se\/2025\/03\/reformbar-8-hur-fa-miljardarer-tal-sverige\/"]}]},{"@type":"ImageObject","inLanguage":"sv-SE","@id":"https:\/\/www.almega.se\/2025\/03\/reformbar-8-hur-fa-miljardarer-tal-sverige\/#primaryimage","url":"https:\/\/www.almega.se\/app\/uploads\/2025\/03\/reformbar-8-scaled-e1741854976983.jpg","contentUrl":"https:\/\/www.almega.se\/app\/uploads\/2025\/03\/reformbar-8-scaled-e1741854976983.jpg","width":1920,"height":1493},{"@type":"BreadcrumbList","@id":"https:\/\/www.almega.se\/2025\/03\/reformbar-8-hur-fa-miljardarer-tal-sverige\/#breadcrumb","itemListElement":[{"@type":"ListItem","position":1,"name":"Home","item":"https:\/\/www.almega.se\/"},{"@type":"ListItem","position":2,"name":"Reformbar #8 &#8211; Hur f\u00e5 miljard\u00e4rer t\u00e5l Sverige?"}]},{"@type":"WebSite","@id":"https:\/\/www.almega.se\/#website","url":"https:\/\/www.almega.se\/","name":"Almega","description":"","potentialAction":[{"@type":"SearchAction","target":{"@type":"EntryPoint","urlTemplate":"https:\/\/www.almega.se\/?s={search_term_string}"},"query-input":{"@type":"PropertyValueSpecification","valueRequired":true,"valueName":"search_term_string"}}],"inLanguage":"sv-SE"},{"@type":"Person","@id":"https:\/\/www.almega.se\/#\/schema\/person\/e54aa110880538cf5ceac0ac54bbecf7","name":"R\u00e9ka Tolnai","image":{"@type":"ImageObject","inLanguage":"sv-SE","@id":"https:\/\/www.almega.se\/#\/schema\/person\/image\/","url":"https:\/\/secure.gravatar.com\/avatar\/c722d4a4ee787603df9df499a683d681bd2c463bde248da25aabc45883d614d2?s=96&d=mm&r=g","contentUrl":"https:\/\/secure.gravatar.com\/avatar\/c722d4a4ee787603df9df499a683d681bd2c463bde248da25aabc45883d614d2?s=96&d=mm&r=g","caption":"R\u00e9ka Tolnai"},"url":"https:\/\/www.almega.se\/person\/rekatolnai\/"}]}},"_links":{"self":[{"href":"https:\/\/www.almega.se\/api\/wp\/v2\/posts\/78136","targetHints":{"allow":["GET"]}}],"collection":[{"href":"https:\/\/www.almega.se\/api\/wp\/v2\/posts"}],"about":[{"href":"https:\/\/www.almega.se\/api\/wp\/v2\/types\/post"}],"author":[{"embeddable":true,"href":"https:\/\/www.almega.se\/api\/wp\/v2\/users\/16543"}],"replies":[{"embeddable":true,"href":"https:\/\/www.almega.se\/api\/wp\/v2\/comments?post=78136"}],"version-history":[{"count":2,"href":"https:\/\/www.almega.se\/api\/wp\/v2\/posts\/78136\/revisions"}],"predecessor-version":[{"id":78139,"href":"https:\/\/www.almega.se\/api\/wp\/v2\/posts\/78136\/revisions\/78139"}],"wp:featuredmedia":[{"embeddable":true,"href":"https:\/\/www.almega.se\/api\/wp\/v2\/media\/78137"}],"wp:attachment":[{"href":"https:\/\/www.almega.se\/api\/wp\/v2\/media?parent=78136"}],"wp:term":[{"taxonomy":"category","embeddable":true,"href":"https:\/\/www.almega.se\/api\/wp\/v2\/categories?post=78136"},{"taxonomy":"post_tag","embeddable":true,"href":"https:\/\/www.almega.se\/api\/wp\/v2\/tags?post=78136"},{"taxonomy":"type","embeddable":true,"href":"https:\/\/www.almega.se\/api\/wp\/v2\/article_type?post=78136"},{"taxonomy":"agreement","embeddable":true,"href":"https:\/\/www.almega.se\/api\/wp\/v2\/agreement?post=78136"}],"curies":[{"name":"wp","href":"https:\/\/api.w.org\/{rel}","templated":true}]}}