{"id":7806,"date":"2012-04-25T09:00:00","date_gmt":"2012-04-25T09:00:00","guid":{"rendered":"http:\/\/almega-bento\/wp\/blog\/2012\/04\/25\/almegas-konjunkturprognos-kompetensbristen-alltmer-akut-2\/"},"modified":"2024-04-18T16:07:47","modified_gmt":"2024-04-18T14:07:47","slug":"almegas-konjunkturprognos-kompetensbristen-alltmer-akut-2","status":"publish","type":"post","link":"https:\/\/www.almega.se\/2012\/04\/almegas-konjunkturprognos-kompetensbristen-alltmer-akut-2\/","title":{"rendered":"Almegas konjunkturprognos: Kompetens&shy;bristen alltmer akut"},"content":{"rendered":"\n<p>Sveriges export och BNP bed\u00f6ms visa noll tillv\u00e4xt i \u00e5r och inbromsningen p\u00e5 arbetsmarknaden blir markant. Trots detta \u00e4r ett av de st\u00f6rsta hoten mot svensk tillv\u00e4xt brist p\u00e5 arbetskraft \u2013 med r\u00e4tt kompetens. F\u00f6r att f\u00f6rklara detta g\u00f6r Almega en djupare analys av den f\u00f6r\u00e4ndrade sammans\u00e4ttningen av arbetskraften i svensk ekonomi under de senaste 20 \u00e5ren.<\/p>\n\n\n\n<p><a title=\"Konjunkturprognos_24_april2012_A.pdf\" href=\"\/app\/uploads\/imported\/Konjunkturprognos-24-april2012-A.pdf\" target=\"_blank\" rel=\"noopener\">L\u00e4s rapporten h\u00e4r (PDF)<\/a><\/p>\n","protected":false},"excerpt":{"rendered":"<p>Sveriges export och BNP bed\u00f6ms visa noll tillv\u00e4xt i \u00e5r och inbromsningen p\u00e5 arbetsmarknaden blir markant. Trots detta \u00e4r ett av de st\u00f6rsta hoten mot svensk tillv\u00e4xt brist p\u00e5 arbetskraft \u2013 med r\u00e4tt kompetens. F\u00f6r att f\u00f6rklara detta g\u00f6r Almega en djupare analys av den f\u00f6r\u00e4ndrade sammans\u00e4ttningen av arbetskraften i svensk ekonomi under de senaste 20 \u00e5ren.<\/p>\n","protected":false},"author":1,"featured_media":0,"comment_status":"closed","ping_status":"open","sticky":false,"template":"","format":"standard","meta":{"_acf_changed":false,"footnotes":""},"categories":[581,46],"tags":[50],"article_type":[56,42],"agreement":[],"class_list":["post-7806","post","type-post","status-publish","format-standard","hentry","category-tjanstesektorns-betydelse","category-valfard","tag-tjanstesektorns-utveckling","type-nyheter","type-rapporter"],"acf":[],"yoast_head":"<!-- This site is optimized with the Yoast SEO Premium plugin v26.8 (Yoast SEO v26.8) - https:\/\/yoast.com\/product\/yoast-seo-premium-wordpress\/ -->\n<title>Almegas konjunkturprognos: Kompetensbristen alltmer akut | Almega<\/title>\n<meta name=\"robots\" content=\"index, follow, max-snippet:-1, max-image-preview:large, max-video-preview:-1\" \/>\n<link rel=\"canonical\" href=\"https:\/\/www.almega.se\/2012\/04\/almegas-konjunkturprognos-kompetensbristen-alltmer-akut-2\/\" \/>\n<meta property=\"og:locale\" content=\"sv_SE\" \/>\n<meta property=\"og:type\" content=\"article\" \/>\n<meta property=\"og:title\" content=\"Almegas konjunkturprognos: Kompetensbristen alltmer akut\" \/>\n<meta property=\"og:description\" content=\"Sveriges export och BNP bed\u00f6ms visa noll tillv\u00e4xt i \u00e5r och inbromsningen p\u00e5 arbetsmarknaden blir markant. Trots detta \u00e4r ett av de st\u00f6rsta hoten mot svensk tillv\u00e4xt brist p\u00e5 arbetskraft \u2013 med r\u00e4tt kompetens. F\u00f6r att f\u00f6rklara detta g\u00f6r Almega en djupare analys av den f\u00f6r\u00e4ndrade sammans\u00e4ttningen av arbetskraften i svensk ekonomi under de senaste 20 \u00e5ren.\" \/>\n<meta property=\"og:url\" content=\"https:\/\/www.almega.se\/2012\/04\/almegas-konjunkturprognos-kompetensbristen-alltmer-akut-2\/\" \/>\n<meta property=\"og:site_name\" content=\"Almega\" \/>\n<meta property=\"article:published_time\" content=\"2012-04-25T09:00:00+00:00\" \/>\n<meta property=\"article:modified_time\" content=\"2024-04-18T14:07:47+00:00\" \/>\n<meta property=\"og:image\" content=\"https:\/\/www.almega.se\/app\/uploads\/2020\/12\/almega-share-logo.png\" \/>\n\t<meta property=\"og:image:width\" content=\"1200\" \/>\n\t<meta property=\"og:image:height\" content=\"630\" \/>\n\t<meta property=\"og:image:type\" content=\"image\/png\" \/>\n<meta name=\"author\" content=\"admin\" \/>\n<meta name=\"twitter:card\" content=\"summary_large_image\" \/>\n<meta name=\"twitter:label1\" content=\"Skriven av\" \/>\n\t<meta name=\"twitter:data1\" content=\"admin\" \/>\n\t<meta name=\"twitter:label2\" content=\"Ber\u00e4knad l\u00e4stid\" \/>\n\t<meta name=\"twitter:data2\" content=\"1 minut\" \/>\n<!-- \/ Yoast SEO Premium plugin. -->","yoast_head_json":{"title":"Almegas konjunkturprognos: Kompetensbristen alltmer akut | Almega","robots":{"index":"index","follow":"follow","max-snippet":"max-snippet:-1","max-image-preview":"max-image-preview:large","max-video-preview":"max-video-preview:-1"},"canonical":"https:\/\/www.almega.se\/2012\/04\/almegas-konjunkturprognos-kompetensbristen-alltmer-akut-2\/","og_locale":"sv_SE","og_type":"article","og_title":"Almegas konjunkturprognos: Kompetensbristen alltmer akut","og_description":"Sveriges export och BNP bed\u00f6ms visa noll tillv\u00e4xt i \u00e5r och inbromsningen p\u00e5 arbetsmarknaden blir markant. Trots detta \u00e4r ett av de st\u00f6rsta hoten mot svensk tillv\u00e4xt brist p\u00e5 arbetskraft \u2013 med r\u00e4tt kompetens. F\u00f6r att f\u00f6rklara detta g\u00f6r Almega en djupare analys av den f\u00f6r\u00e4ndrade sammans\u00e4ttningen av arbetskraften i svensk ekonomi under de senaste 20 \u00e5ren.","og_url":"https:\/\/www.almega.se\/2012\/04\/almegas-konjunkturprognos-kompetensbristen-alltmer-akut-2\/","og_site_name":"Almega","article_published_time":"2012-04-25T09:00:00+00:00","article_modified_time":"2024-04-18T14:07:47+00:00","og_image":[{"width":1200,"height":630,"url":"https:\/\/www.almega.se\/app\/uploads\/2020\/12\/almega-share-logo.png","type":"image\/png"}],"author":"admin","twitter_card":"summary_large_image","twitter_misc":{"Skriven av":"admin","Ber\u00e4knad l\u00e4stid":"1 minut"},"schema":{"@context":"https:\/\/schema.org","@graph":[{"@type":"NewsArticle","@id":"https:\/\/www.almega.se\/2012\/04\/almegas-konjunkturprognos-kompetensbristen-alltmer-akut-2\/#article","isPartOf":{"@id":"https:\/\/www.almega.se\/2012\/04\/almegas-konjunkturprognos-kompetensbristen-alltmer-akut-2\/"},"author":{"name":"admin","@id":"https:\/\/www.almega.se\/#\/schema\/person\/9c3674d192fb8b2d1d8b7a3f31c5151d"},"headline":"Almegas konjunkturprognos: Kompetens&shy;bristen alltmer akut","datePublished":"2012-04-25T09:00:00+00:00","dateModified":"2024-04-18T14:07:47+00:00","mainEntityOfPage":{"@id":"https:\/\/www.almega.se\/2012\/04\/almegas-konjunkturprognos-kompetensbristen-alltmer-akut-2\/"},"wordCount":77,"keywords":["Tj\u00e4nstesektorns utveckling"],"articleSection":["Tj\u00e4nstesektorns betydelse","V\u00e4lf\u00e4rd"],"inLanguage":"sv-SE"},{"@type":"WebPage","@id":"https:\/\/www.almega.se\/2012\/04\/almegas-konjunkturprognos-kompetensbristen-alltmer-akut-2\/","url":"https:\/\/www.almega.se\/2012\/04\/almegas-konjunkturprognos-kompetensbristen-alltmer-akut-2\/","name":"Almegas konjunkturprognos: Kompetensbristen alltmer akut | Almega","isPartOf":{"@id":"https:\/\/www.almega.se\/#website"},"datePublished":"2012-04-25T09:00:00+00:00","dateModified":"2024-04-18T14:07:47+00:00","author":{"@id":"https:\/\/www.almega.se\/#\/schema\/person\/9c3674d192fb8b2d1d8b7a3f31c5151d"},"breadcrumb":{"@id":"https:\/\/www.almega.se\/2012\/04\/almegas-konjunkturprognos-kompetensbristen-alltmer-akut-2\/#breadcrumb"},"inLanguage":"sv-SE","potentialAction":[{"@type":"ReadAction","target":["https:\/\/www.almega.se\/2012\/04\/almegas-konjunkturprognos-kompetensbristen-alltmer-akut-2\/"]}]},{"@type":"BreadcrumbList","@id":"https:\/\/www.almega.se\/2012\/04\/almegas-konjunkturprognos-kompetensbristen-alltmer-akut-2\/#breadcrumb","itemListElement":[{"@type":"ListItem","position":1,"name":"Home","item":"https:\/\/www.almega.se\/"},{"@type":"ListItem","position":2,"name":"Almegas konjunkturprognos: Kompetens&shy;bristen alltmer akut"}]},{"@type":"WebSite","@id":"https:\/\/www.almega.se\/#website","url":"https:\/\/www.almega.se\/","name":"Almega","description":"","potentialAction":[{"@type":"SearchAction","target":{"@type":"EntryPoint","urlTemplate":"https:\/\/www.almega.se\/?s={search_term_string}"},"query-input":{"@type":"PropertyValueSpecification","valueRequired":true,"valueName":"search_term_string"}}],"inLanguage":"sv-SE"},{"@type":"Person","@id":"https:\/\/www.almega.se\/#\/schema\/person\/9c3674d192fb8b2d1d8b7a3f31c5151d","name":"admin","image":{"@type":"ImageObject","inLanguage":"sv-SE","@id":"https:\/\/www.almega.se\/#\/schema\/person\/image\/","url":"https:\/\/secure.gravatar.com\/avatar\/13aac7e7a7582f599e3ba7706cec051e12eac4ad6c2ffe6f9d24800e63294187?s=96&d=mm&r=g","contentUrl":"https:\/\/secure.gravatar.com\/avatar\/13aac7e7a7582f599e3ba7706cec051e12eac4ad6c2ffe6f9d24800e63294187?s=96&d=mm&r=g","caption":"admin"},"url":"https:\/\/www.almega.se\/person\/admin\/"}]}},"_links":{"self":[{"href":"https:\/\/www.almega.se\/api\/wp\/v2\/posts\/7806","targetHints":{"allow":["GET"]}}],"collection":[{"href":"https:\/\/www.almega.se\/api\/wp\/v2\/posts"}],"about":[{"href":"https:\/\/www.almega.se\/api\/wp\/v2\/types\/post"}],"author":[{"embeddable":true,"href":"https:\/\/www.almega.se\/api\/wp\/v2\/users\/1"}],"replies":[{"embeddable":true,"href":"https:\/\/www.almega.se\/api\/wp\/v2\/comments?post=7806"}],"version-history":[{"count":2,"href":"https:\/\/www.almega.se\/api\/wp\/v2\/posts\/7806\/revisions"}],"predecessor-version":[{"id":59332,"href":"https:\/\/www.almega.se\/api\/wp\/v2\/posts\/7806\/revisions\/59332"}],"wp:attachment":[{"href":"https:\/\/www.almega.se\/api\/wp\/v2\/media?parent=7806"}],"wp:term":[{"taxonomy":"category","embeddable":true,"href":"https:\/\/www.almega.se\/api\/wp\/v2\/categories?post=7806"},{"taxonomy":"post_tag","embeddable":true,"href":"https:\/\/www.almega.se\/api\/wp\/v2\/tags?post=7806"},{"taxonomy":"type","embeddable":true,"href":"https:\/\/www.almega.se\/api\/wp\/v2\/article_type?post=7806"},{"taxonomy":"agreement","embeddable":true,"href":"https:\/\/www.almega.se\/api\/wp\/v2\/agreement?post=7806"}],"curies":[{"name":"wp","href":"https:\/\/api.w.org\/{rel}","templated":true}]}}