{"id":77908,"date":"2025-03-03T10:07:26","date_gmt":"2025-03-03T09:07:26","guid":{"rendered":"https:\/\/www.almega.se\/?p=77908"},"modified":"2025-03-03T10:07:28","modified_gmt":"2025-03-03T09:07:28","slug":"eus-upphandlingsdirektiv-ses-over","status":"publish","type":"post","link":"https:\/\/www.almega.se\/2025\/03\/eus-upphandlingsdirektiv-ses-over\/","title":{"rendered":"EU:s upphandlingsdirektiv ses \u00f6ver"},"content":{"rendered":"<p class=\"intro\">EU-kommissionen har inlett en \u00f6versyn av upphandlingsdirektiven f\u00f6r att f\u00f6renkla regelverket och minska den administrativa b\u00f6rdan. Uppdraget leds av den franske EU-kommission\u00e4ren St\u00e9phane S\u00e9journ\u00e9 och sker mot bakgrund av kritik fr\u00e5n bland annat Europeiska revisionsr\u00e4tten.<\/p>\n\n<p>EU-kommissionens ordf\u00f6rande Ursula von der Leyen har gett den franske EU-kommission\u00e4ren St\u00e9phane S\u00e9journ\u00e9 i uppdrag att revidera upphandlingsdirektiven. \u00d6versynen sker mot bakgrund av rapporter fr\u00e5n bl.a. Europeiska revisionsr\u00e4tten som konstaterar att direktiven inte uppn\u00e5r sina syften om bland annat \u00f6kad konkurrens och minskad administrativ b\u00f6rda.<\/p>\n\n\n\n<p>\u2013 Dagens upphandlingssystem, som bygger p\u00e5 de EU-direktiv som antogs \u00e5r 2014, har inte visat sig fungera p\u00e5 ett gott s\u00e4tt. En \u00f6versyn \u00e4r v\u00e4lkommen, s\u00e4ger Ulrica Dyrke, jurist och upphandlingsexpert p\u00e5 Almega. \u00a0\u00a0<\/p>\n\n\n\n<p>De \u00f6vergripande m\u00e5len f\u00f6r \u00f6versynen \u00e4r att dels f\u00f6renkla regelverket och minska den administrativa b\u00f6rdan, dels m\u00f6jligg\u00f6ra f\u00f6retr\u00e4de f\u00f6r europeiska produkter i offentlig upphandling i fr\u00e5ga om vissa strategiska sektorer och teknologier.<\/p>\n\n\n\n<p>F\u00f6r att samla in underlag har EU-kommissionen startat ett s\u00e5 kallat offentligt samr\u00e5d, d\u00e4r intressenter kan l\u00e4mna synpunkter senast den 7 mars 2025:\u00a0<a href=\"https:\/\/eur02.safelinks.protection.outlook.com\/?url=https%3A%2F%2Flnkd.in%2Fd59jd65C&amp;data=05%7C02%7Creka.tolnai%40almega.se%7C21b746d58d334e50e8d908dd5a2f1b14%7C1d019c94da7b49c2bf935ee1bb4b6882%7C0%7C0%7C638765880529924576%7CUnknown%7CTWFpbGZsb3d8eyJFbXB0eU1hcGkiOnRydWUsIlYiOiIwLjAuMDAwMCIsIlAiOiJXaW4zMiIsIkFOIjoiTWFpbCIsIldUIjoyfQ%3D%3D%7C0%7C%7C%7C&amp;sdata=3ErifNUyzeXxLTTYFEH4c5QeJ6UvQgK%2F3f9eb79QbaQ%3D&amp;reserved=0\">https:\/\/lnkd.in\/d59jd65C<\/a><\/p>\n\n\n\n<p>\u2013 I nul\u00e4get \u00e4r det sv\u00e5rt att sia om vad resultatet av detta kommer att bli. P\u00e5 Almega kommer vi att bevaka \u00f6versynsarbetet och bidra med synpunkter i relevanta sammanhang. Jag sitter f\u00f6r Almegas r\u00e4kning exempelvis med i en referensgrupp som Regeringskansliet har tillsatt kopplat till \u00f6versynen, s\u00e4ger Ulrica Dyrke.<\/p>\n\n\n\n<p>N\u00e4r de nya EU-direktiven har beslutats kommer de att inf\u00f6rlivas i medlemsstaternas lagstiftning. Den exakta tidtabellen f\u00f6r lagstiftningsarbetet \u00e4r \u00e4nnu inte fastlagd.\u00a0<\/p>\n\n\n\n<p>L\u00e4s mer om \u00f6versynen p\u00e5 Upphandlingsmyndighetens webb:&nbsp;<a href=\"https:\/\/eur02.safelinks.protection.outlook.com\/?url=https%3A%2F%2Fwww.upphandlingsmyndigheten.se%2Fnyheter%2F2024%2Feu-kommissionen-inleder-utvardering-av-regelverket-for-upphandling2%2F%3Futm_campaign%3Dnyhetsbrev241115%26utm_medium%3Demail%26utm_source%3Dnewsletter%26link_id%3Da4732bda-c98e-4523-b349-1d3150e00e42%26utm_medium%3Demail%26utm_source%3DUngapped%26utm_campaign%3DNyhetsbrev%2BAlmega%2Bupphandlingsnytt%2Bdec%2B2025&amp;data=05%7C02%7Creka.tolnai%40almega.se%7C21b746d58d334e50e8d908dd5a2f1b14%7C1d019c94da7b49c2bf935ee1bb4b6882%7C0%7C0%7C638765880529947774%7CUnknown%7CTWFpbGZsb3d8eyJFbXB0eU1hcGkiOnRydWUsIlYiOiIwLjAuMDAwMCIsIlAiOiJXaW4zMiIsIkFOIjoiTWFpbCIsIldUIjoyfQ%3D%3D%7C0%7C%7C%7C&amp;sdata=jN6Mv%2B3QkpT8dNdjxXsxClSDzl%2F2T5iyb9WsOnD7M%2FY%3D&amp;reserved=0\">EU-kommissionen inleder utv\u00e4rdering av regelverket f\u00f6r upphandling | Upphandlingsmyndigheten<\/a><\/p>\n","protected":false},"excerpt":{"rendered":"<p>EU-kommissionens ordf\u00f6rande Ursula von der Leyen har gett den franske EU-kommission\u00e4ren St\u00e9phane S\u00e9journ\u00e9 i uppdrag att revidera upphandlingsdirektiven. \u00d6versynen sker mot bakgrund av rapporter fr\u00e5n bl.a. Europeiska revisionsr\u00e4tten som konstaterar att direktiven inte uppn\u00e5r sina &hellip;<\/p>\n","protected":false},"author":16543,"featured_media":77909,"comment_status":"closed","ping_status":"closed","sticky":false,"template":"","format":"standard","meta":{"_acf_changed":false,"footnotes":""},"categories":[79,572],"tags":[604],"article_type":[56],"agreement":[],"class_list":["post-77908","post","type-post","status-publish","format-standard","has-post-thumbnail","hentry","category-eu-och-internationellt","category-offentlig-upphandling","tag-offentlig-upphandling","type-nyheter"],"acf":[],"yoast_head":"<!-- This site is optimized with the Yoast SEO Premium plugin v26.8 (Yoast SEO v26.8) - https:\/\/yoast.com\/product\/yoast-seo-premium-wordpress\/ -->\n<title>EU:s upphandlingsdirektiv ses \u00f6ver | Almega<\/title>\n<meta name=\"robots\" content=\"index, follow, max-snippet:-1, max-image-preview:large, max-video-preview:-1\" \/>\n<link rel=\"canonical\" href=\"https:\/\/www.almega.se\/2025\/03\/eus-upphandlingsdirektiv-ses-over\/\" \/>\n<meta property=\"og:locale\" content=\"sv_SE\" \/>\n<meta property=\"og:type\" content=\"article\" \/>\n<meta property=\"og:title\" content=\"EU:s upphandlingsdirektiv ses \u00f6ver\" \/>\n<meta property=\"og:description\" content=\"EU-kommissionens ordf\u00f6rande Ursula von der Leyen har gett den franske EU-kommission\u00e4ren St\u00e9phane S\u00e9journ\u00e9 i uppdrag att revidera upphandlingsdirektiven. \u00d6versynen sker mot bakgrund av rapporter fr\u00e5n bl.a. Europeiska revisionsr\u00e4tten som konstaterar att direktiven inte uppn\u00e5r sina &hellip;\" \/>\n<meta property=\"og:url\" content=\"https:\/\/www.almega.se\/2025\/03\/eus-upphandlingsdirektiv-ses-over\/\" \/>\n<meta property=\"og:site_name\" content=\"Almega\" \/>\n<meta property=\"article:published_time\" content=\"2025-03-03T09:07:26+00:00\" \/>\n<meta property=\"article:modified_time\" content=\"2025-03-03T09:07:28+00:00\" \/>\n<meta property=\"og:image\" content=\"https:\/\/www.almega.se\/app\/uploads\/2025\/03\/Ulrica-serios.jpg\" \/>\n\t<meta property=\"og:image:width\" content=\"2560\" \/>\n\t<meta property=\"og:image:height\" content=\"1920\" \/>\n\t<meta property=\"og:image:type\" content=\"image\/jpeg\" \/>\n<meta name=\"author\" content=\"R\u00e9ka Tolnai\" \/>\n<meta name=\"twitter:card\" content=\"summary_large_image\" \/>\n<meta name=\"twitter:label1\" content=\"Skriven av\" \/>\n\t<meta name=\"twitter:data1\" content=\"R\u00e9ka Tolnai\" \/>\n\t<meta name=\"twitter:label2\" content=\"Ber\u00e4knad l\u00e4stid\" \/>\n\t<meta name=\"twitter:data2\" content=\"2 minuter\" \/>\n<!-- \/ Yoast SEO Premium plugin. -->","yoast_head_json":{"title":"EU:s upphandlingsdirektiv ses \u00f6ver | Almega","robots":{"index":"index","follow":"follow","max-snippet":"max-snippet:-1","max-image-preview":"max-image-preview:large","max-video-preview":"max-video-preview:-1"},"canonical":"https:\/\/www.almega.se\/2025\/03\/eus-upphandlingsdirektiv-ses-over\/","og_locale":"sv_SE","og_type":"article","og_title":"EU:s upphandlingsdirektiv ses \u00f6ver","og_description":"EU-kommissionens ordf\u00f6rande Ursula von der Leyen har gett den franske EU-kommission\u00e4ren St\u00e9phane S\u00e9journ\u00e9 i uppdrag att revidera upphandlingsdirektiven. \u00d6versynen sker mot bakgrund av rapporter fr\u00e5n bl.a. Europeiska revisionsr\u00e4tten som konstaterar att direktiven inte uppn\u00e5r sina &hellip;","og_url":"https:\/\/www.almega.se\/2025\/03\/eus-upphandlingsdirektiv-ses-over\/","og_site_name":"Almega","article_published_time":"2025-03-03T09:07:26+00:00","article_modified_time":"2025-03-03T09:07:28+00:00","og_image":[{"width":2560,"height":1920,"url":"https:\/\/www.almega.se\/app\/uploads\/2025\/03\/Ulrica-serios.jpg","type":"image\/jpeg"}],"author":"R\u00e9ka Tolnai","twitter_card":"summary_large_image","twitter_misc":{"Skriven av":"R\u00e9ka Tolnai","Ber\u00e4knad l\u00e4stid":"2 minuter"},"schema":{"@context":"https:\/\/schema.org","@graph":[{"@type":"NewsArticle","@id":"https:\/\/www.almega.se\/2025\/03\/eus-upphandlingsdirektiv-ses-over\/#article","isPartOf":{"@id":"https:\/\/www.almega.se\/2025\/03\/eus-upphandlingsdirektiv-ses-over\/"},"author":{"name":"R\u00e9ka Tolnai","@id":"https:\/\/www.almega.se\/#\/schema\/person\/e54aa110880538cf5ceac0ac54bbecf7"},"headline":"EU:s upphandlingsdirektiv ses \u00f6ver","datePublished":"2025-03-03T09:07:26+00:00","dateModified":"2025-03-03T09:07:28+00:00","mainEntityOfPage":{"@id":"https:\/\/www.almega.se\/2025\/03\/eus-upphandlingsdirektiv-ses-over\/"},"wordCount":264,"image":{"@id":"https:\/\/www.almega.se\/2025\/03\/eus-upphandlingsdirektiv-ses-over\/#primaryimage"},"thumbnailUrl":"https:\/\/www.almega.se\/app\/uploads\/2025\/03\/Ulrica-serios.jpg","keywords":["Offentlig upphandling"],"articleSection":["EU och internationellt","Offentlig upphandling"],"inLanguage":"sv-SE"},{"@type":"WebPage","@id":"https:\/\/www.almega.se\/2025\/03\/eus-upphandlingsdirektiv-ses-over\/","url":"https:\/\/www.almega.se\/2025\/03\/eus-upphandlingsdirektiv-ses-over\/","name":"EU:s upphandlingsdirektiv ses \u00f6ver | Almega","isPartOf":{"@id":"https:\/\/www.almega.se\/#website"},"primaryImageOfPage":{"@id":"https:\/\/www.almega.se\/2025\/03\/eus-upphandlingsdirektiv-ses-over\/#primaryimage"},"image":{"@id":"https:\/\/www.almega.se\/2025\/03\/eus-upphandlingsdirektiv-ses-over\/#primaryimage"},"thumbnailUrl":"https:\/\/www.almega.se\/app\/uploads\/2025\/03\/Ulrica-serios.jpg","datePublished":"2025-03-03T09:07:26+00:00","dateModified":"2025-03-03T09:07:28+00:00","author":{"@id":"https:\/\/www.almega.se\/#\/schema\/person\/e54aa110880538cf5ceac0ac54bbecf7"},"breadcrumb":{"@id":"https:\/\/www.almega.se\/2025\/03\/eus-upphandlingsdirektiv-ses-over\/#breadcrumb"},"inLanguage":"sv-SE","potentialAction":[{"@type":"ReadAction","target":["https:\/\/www.almega.se\/2025\/03\/eus-upphandlingsdirektiv-ses-over\/"]}]},{"@type":"ImageObject","inLanguage":"sv-SE","@id":"https:\/\/www.almega.se\/2025\/03\/eus-upphandlingsdirektiv-ses-over\/#primaryimage","url":"https:\/\/www.almega.se\/app\/uploads\/2025\/03\/Ulrica-serios.jpg","contentUrl":"https:\/\/www.almega.se\/app\/uploads\/2025\/03\/Ulrica-serios.jpg","width":2560,"height":1920},{"@type":"BreadcrumbList","@id":"https:\/\/www.almega.se\/2025\/03\/eus-upphandlingsdirektiv-ses-over\/#breadcrumb","itemListElement":[{"@type":"ListItem","position":1,"name":"Home","item":"https:\/\/www.almega.se\/"},{"@type":"ListItem","position":2,"name":"EU:s upphandlingsdirektiv ses \u00f6ver"}]},{"@type":"WebSite","@id":"https:\/\/www.almega.se\/#website","url":"https:\/\/www.almega.se\/","name":"Almega","description":"","potentialAction":[{"@type":"SearchAction","target":{"@type":"EntryPoint","urlTemplate":"https:\/\/www.almega.se\/?s={search_term_string}"},"query-input":{"@type":"PropertyValueSpecification","valueRequired":true,"valueName":"search_term_string"}}],"inLanguage":"sv-SE"},{"@type":"Person","@id":"https:\/\/www.almega.se\/#\/schema\/person\/e54aa110880538cf5ceac0ac54bbecf7","name":"R\u00e9ka Tolnai","image":{"@type":"ImageObject","inLanguage":"sv-SE","@id":"https:\/\/www.almega.se\/#\/schema\/person\/image\/","url":"https:\/\/secure.gravatar.com\/avatar\/c722d4a4ee787603df9df499a683d681bd2c463bde248da25aabc45883d614d2?s=96&d=mm&r=g","contentUrl":"https:\/\/secure.gravatar.com\/avatar\/c722d4a4ee787603df9df499a683d681bd2c463bde248da25aabc45883d614d2?s=96&d=mm&r=g","caption":"R\u00e9ka Tolnai"},"url":"https:\/\/www.almega.se\/person\/rekatolnai\/"}]}},"_links":{"self":[{"href":"https:\/\/www.almega.se\/api\/wp\/v2\/posts\/77908","targetHints":{"allow":["GET"]}}],"collection":[{"href":"https:\/\/www.almega.se\/api\/wp\/v2\/posts"}],"about":[{"href":"https:\/\/www.almega.se\/api\/wp\/v2\/types\/post"}],"author":[{"embeddable":true,"href":"https:\/\/www.almega.se\/api\/wp\/v2\/users\/16543"}],"replies":[{"embeddable":true,"href":"https:\/\/www.almega.se\/api\/wp\/v2\/comments?post=77908"}],"version-history":[{"count":1,"href":"https:\/\/www.almega.se\/api\/wp\/v2\/posts\/77908\/revisions"}],"predecessor-version":[{"id":77910,"href":"https:\/\/www.almega.se\/api\/wp\/v2\/posts\/77908\/revisions\/77910"}],"wp:featuredmedia":[{"embeddable":true,"href":"https:\/\/www.almega.se\/api\/wp\/v2\/media\/77909"}],"wp:attachment":[{"href":"https:\/\/www.almega.se\/api\/wp\/v2\/media?parent=77908"}],"wp:term":[{"taxonomy":"category","embeddable":true,"href":"https:\/\/www.almega.se\/api\/wp\/v2\/categories?post=77908"},{"taxonomy":"post_tag","embeddable":true,"href":"https:\/\/www.almega.se\/api\/wp\/v2\/tags?post=77908"},{"taxonomy":"type","embeddable":true,"href":"https:\/\/www.almega.se\/api\/wp\/v2\/article_type?post=77908"},{"taxonomy":"agreement","embeddable":true,"href":"https:\/\/www.almega.se\/api\/wp\/v2\/agreement?post=77908"}],"curies":[{"name":"wp","href":"https:\/\/api.w.org\/{rel}","templated":true}]}}