{"id":77860,"date":"2025-02-25T09:55:45","date_gmt":"2025-02-25T08:55:45","guid":{"rendered":"https:\/\/www.almega.se\/?p=77860"},"modified":"2025-02-25T09:55:46","modified_gmt":"2025-02-25T08:55:46","slug":"seminarium-sa-utformar-vi-en-aktiv-arbetsmarknadspolitik-for-fler-i-jobb","status":"publish","type":"post","link":"https:\/\/www.almega.se\/2025\/02\/seminarium-sa-utformar-vi-en-aktiv-arbetsmarknadspolitik-for-fler-i-jobb\/","title":{"rendered":"Seminarium: S\u00e5 utformar vi en aktiv arbetsmarknadspolitik f\u00f6r fler i jobb!"},"content":{"rendered":"<p class=\"intro\">Se Almegas fullsatta seminarium, S\u00e5 utformar vi en aktiv arbetsmarknadspolitik f\u00f6r fler i jobb, i efterhand h\u00e4r!<\/p>\n\n<p>Arbetsl\u00f6sheten i Sverige \u00e4r p\u00e5 historiskt h\u00f6ga niv\u00e5er samtidigt som n\u00e4ringslivet har sv\u00e5righeter att hitta personal.\u00a0Den svenska arbestsl\u00f6sheten har genomg\u00e5tt stora f\u00f6r\u00e4ndringar det senaste decenniet. Samtidigt brottas Sverige med stora utmaningar. Hur kunde detta matchningsproblematik uppst\u00e5 och vad finns det f\u00f6r l\u00f6sningar? <\/p>\n\n\n\n<p>Den 12 februari sl\u00e4pptes en ny rapport som kartl\u00e4gger hur den svenska arbetsl\u00f6sheten har f\u00f6r\u00e4ndrats sedan 2008. Rapporten diskuterades under ett seminarium av <strong>Ann \u00d6berg,<\/strong> vd, Almega, <strong>Sven-Olov Daunfeldt<\/strong>, chefekonom, Svenskt N\u00e4ringsliv, <strong>Magnus Persson<\/strong> (SD), ordf\u00f6rande, arbetsmarknadsutskottet, <strong>Sofia Amloh<\/strong> (S), ledamot, arbetsmarknadsutskottet, <strong>Arin Karapet <\/strong>(M), ledamot i arbetsmarknadsutskottet, <strong>Lili Andr\u00e9<\/strong> (KD), ledamot i n\u00e4ringsutskottet, <strong>Jonas Jegers<\/strong>, n\u00e4ringspolitisk expert, Almega och <strong>Per Hammar<\/strong>, branschchef, Almega Utbildnings\u00f6fretagen. Jessica Forss Katz modererade samtalet. <\/p>\n\n\n\n      <a href=\"https:\/\/youtu.be\/PItV5bYQBlE\" target=\"\" class=\"Button is-button is-fullwidth is-style-fill has-primary-background-color has-primary-border-color Button--arrow-tip\">\n      \n        Ta del av seminariet h\u00e4r. \n      \n      \n                \n                <svg class='icon icon--arrow-tip'  width=\"11\" height=\"16\" viewBox=\"0 0 11 16\" fill=\"none\" xmlns=\"http:\/\/www.w3.org\/2000\/svg\">\n<path d=\"M0.858398 15L9.2304 7.99664L0.967732 1.00001\" stroke=\"black\" stroke-width=\"2\" stroke-miterlimit=\"10\"\/>\n<\/svg>\n\n        \n    <\/a>\n  \n\n\n\n      <a href=\"https:\/\/www.almega.se\/2025\/02\/rapport-arbetsmarknaden-i-forandring\/\" target=\"\" class=\"Button is-button is-fullwidth is-style-fill has-black-background-color has-black-border-color has-white-color Button--download\">\n      \n        Hela rapporten hittar du h\u00e4r. \n      \n      \n                <svg class='icon icon--download'  width=\"16\" height=\"16\" viewBox=\"0 0 16 16\" fill=\"none\" xmlns=\"http:\/\/www.w3.org\/2000\/svg\">\n<path d=\"M8 -2.18557e-07L8 10M8 10L13 5M8 10L3 5\" stroke=\"black\" stroke-width=\"2\" stroke-miterlimit=\"10\"\/>\n<path d=\"M15 11.5V15H1V11.5\" stroke=\"black\" stroke-width=\"2\" stroke-miterlimit=\"10\"\/>\n<\/svg>\n\n        \n    <\/a>\n  \n","protected":false},"excerpt":{"rendered":"<p>Se Almegas fullsatta seminarium, S\u00e5 utformar vi en aktiv arbetsmarknadspolitik f\u00f6r fler i jobb, i efterhand h\u00e4r!<\/p>\n","protected":false},"author":16543,"featured_media":77861,"comment_status":"closed","ping_status":"closed","sticky":false,"template":"","format":"standard","meta":{"_acf_changed":false,"footnotes":""},"categories":[64],"tags":[65],"article_type":[56],"agreement":[],"class_list":["post-77860","post","type-post","status-publish","format-standard","has-post-thumbnail","hentry","category-arbetsmarknad","tag-arbetsloshet","type-nyheter"],"acf":[],"yoast_head":"<!-- This site is optimized with the Yoast SEO Premium plugin v26.8 (Yoast SEO v26.8) - https:\/\/yoast.com\/product\/yoast-seo-premium-wordpress\/ -->\n<title>Seminarium: S\u00e5 utformar vi en aktiv arbetsmarknadspolitik f\u00f6r fler i jobb! | Almega<\/title>\n<meta name=\"robots\" content=\"index, follow, max-snippet:-1, max-image-preview:large, max-video-preview:-1\" \/>\n<link rel=\"canonical\" href=\"https:\/\/www.almega.se\/2025\/02\/seminarium-sa-utformar-vi-en-aktiv-arbetsmarknadspolitik-for-fler-i-jobb\/\" \/>\n<meta property=\"og:locale\" content=\"sv_SE\" \/>\n<meta property=\"og:type\" content=\"article\" \/>\n<meta property=\"og:title\" content=\"Seminarium: S\u00e5 utformar vi en aktiv arbetsmarknadspolitik f\u00f6r fler i jobb!\" \/>\n<meta property=\"og:description\" content=\"Se Almegas fullsatta seminarium, S\u00e5 utformar vi en aktiv arbetsmarknadspolitik f\u00f6r fler i jobb, i efterhand h\u00e4r!\" \/>\n<meta property=\"og:url\" content=\"https:\/\/www.almega.se\/2025\/02\/seminarium-sa-utformar-vi-en-aktiv-arbetsmarknadspolitik-for-fler-i-jobb\/\" \/>\n<meta property=\"og:site_name\" content=\"Almega\" \/>\n<meta property=\"article:published_time\" content=\"2025-02-25T08:55:45+00:00\" \/>\n<meta property=\"article:modified_time\" content=\"2025-02-25T08:55:46+00:00\" \/>\n<meta property=\"og:image\" content=\"https:\/\/www.almega.se\/app\/uploads\/2025\/02\/Skarmavbild-2025-02-25-kl.-09.54.46.png\" \/>\n\t<meta property=\"og:image:width\" content=\"1574\" \/>\n\t<meta property=\"og:image:height\" content=\"784\" \/>\n\t<meta property=\"og:image:type\" content=\"image\/png\" \/>\n<meta name=\"author\" content=\"R\u00e9ka Tolnai\" \/>\n<meta name=\"twitter:card\" content=\"summary_large_image\" \/>\n<meta name=\"twitter:label1\" content=\"Skriven av\" \/>\n\t<meta name=\"twitter:data1\" content=\"R\u00e9ka Tolnai\" \/>\n\t<meta name=\"twitter:label2\" content=\"Ber\u00e4knad l\u00e4stid\" \/>\n\t<meta name=\"twitter:data2\" content=\"1 minut\" \/>\n<!-- \/ Yoast SEO Premium plugin. -->","yoast_head_json":{"title":"Seminarium: S\u00e5 utformar vi en aktiv arbetsmarknadspolitik f\u00f6r fler i jobb! | Almega","robots":{"index":"index","follow":"follow","max-snippet":"max-snippet:-1","max-image-preview":"max-image-preview:large","max-video-preview":"max-video-preview:-1"},"canonical":"https:\/\/www.almega.se\/2025\/02\/seminarium-sa-utformar-vi-en-aktiv-arbetsmarknadspolitik-for-fler-i-jobb\/","og_locale":"sv_SE","og_type":"article","og_title":"Seminarium: S\u00e5 utformar vi en aktiv arbetsmarknadspolitik f\u00f6r fler i jobb!","og_description":"Se Almegas fullsatta seminarium, S\u00e5 utformar vi en aktiv arbetsmarknadspolitik f\u00f6r fler i jobb, i efterhand h\u00e4r!","og_url":"https:\/\/www.almega.se\/2025\/02\/seminarium-sa-utformar-vi-en-aktiv-arbetsmarknadspolitik-for-fler-i-jobb\/","og_site_name":"Almega","article_published_time":"2025-02-25T08:55:45+00:00","article_modified_time":"2025-02-25T08:55:46+00:00","og_image":[{"width":1574,"height":784,"url":"https:\/\/www.almega.se\/app\/uploads\/2025\/02\/Skarmavbild-2025-02-25-kl.-09.54.46.png","type":"image\/png"}],"author":"R\u00e9ka Tolnai","twitter_card":"summary_large_image","twitter_misc":{"Skriven av":"R\u00e9ka Tolnai","Ber\u00e4knad l\u00e4stid":"1 minut"},"schema":{"@context":"https:\/\/schema.org","@graph":[{"@type":"NewsArticle","@id":"https:\/\/www.almega.se\/2025\/02\/seminarium-sa-utformar-vi-en-aktiv-arbetsmarknadspolitik-for-fler-i-jobb\/#article","isPartOf":{"@id":"https:\/\/www.almega.se\/2025\/02\/seminarium-sa-utformar-vi-en-aktiv-arbetsmarknadspolitik-for-fler-i-jobb\/"},"author":{"name":"R\u00e9ka Tolnai","@id":"https:\/\/www.almega.se\/#\/schema\/person\/e54aa110880538cf5ceac0ac54bbecf7"},"headline":"Seminarium: S\u00e5 utformar vi en aktiv arbetsmarknadspolitik f\u00f6r fler i jobb!","datePublished":"2025-02-25T08:55:45+00:00","dateModified":"2025-02-25T08:55:46+00:00","mainEntityOfPage":{"@id":"https:\/\/www.almega.se\/2025\/02\/seminarium-sa-utformar-vi-en-aktiv-arbetsmarknadspolitik-for-fler-i-jobb\/"},"wordCount":144,"image":{"@id":"https:\/\/www.almega.se\/2025\/02\/seminarium-sa-utformar-vi-en-aktiv-arbetsmarknadspolitik-for-fler-i-jobb\/#primaryimage"},"thumbnailUrl":"https:\/\/www.almega.se\/app\/uploads\/2025\/02\/Skarmavbild-2025-02-25-kl.-09.54.46.png","keywords":["Arbetsl\u00f6shet"],"articleSection":["Arbetsmarknad"],"inLanguage":"sv-SE"},{"@type":"WebPage","@id":"https:\/\/www.almega.se\/2025\/02\/seminarium-sa-utformar-vi-en-aktiv-arbetsmarknadspolitik-for-fler-i-jobb\/","url":"https:\/\/www.almega.se\/2025\/02\/seminarium-sa-utformar-vi-en-aktiv-arbetsmarknadspolitik-for-fler-i-jobb\/","name":"Seminarium: S\u00e5 utformar vi en aktiv arbetsmarknadspolitik f\u00f6r fler i jobb! | Almega","isPartOf":{"@id":"https:\/\/www.almega.se\/#website"},"primaryImageOfPage":{"@id":"https:\/\/www.almega.se\/2025\/02\/seminarium-sa-utformar-vi-en-aktiv-arbetsmarknadspolitik-for-fler-i-jobb\/#primaryimage"},"image":{"@id":"https:\/\/www.almega.se\/2025\/02\/seminarium-sa-utformar-vi-en-aktiv-arbetsmarknadspolitik-for-fler-i-jobb\/#primaryimage"},"thumbnailUrl":"https:\/\/www.almega.se\/app\/uploads\/2025\/02\/Skarmavbild-2025-02-25-kl.-09.54.46.png","datePublished":"2025-02-25T08:55:45+00:00","dateModified":"2025-02-25T08:55:46+00:00","author":{"@id":"https:\/\/www.almega.se\/#\/schema\/person\/e54aa110880538cf5ceac0ac54bbecf7"},"breadcrumb":{"@id":"https:\/\/www.almega.se\/2025\/02\/seminarium-sa-utformar-vi-en-aktiv-arbetsmarknadspolitik-for-fler-i-jobb\/#breadcrumb"},"inLanguage":"sv-SE","potentialAction":[{"@type":"ReadAction","target":["https:\/\/www.almega.se\/2025\/02\/seminarium-sa-utformar-vi-en-aktiv-arbetsmarknadspolitik-for-fler-i-jobb\/"]}]},{"@type":"ImageObject","inLanguage":"sv-SE","@id":"https:\/\/www.almega.se\/2025\/02\/seminarium-sa-utformar-vi-en-aktiv-arbetsmarknadspolitik-for-fler-i-jobb\/#primaryimage","url":"https:\/\/www.almega.se\/app\/uploads\/2025\/02\/Skarmavbild-2025-02-25-kl.-09.54.46.png","contentUrl":"https:\/\/www.almega.se\/app\/uploads\/2025\/02\/Skarmavbild-2025-02-25-kl.-09.54.46.png","width":1574,"height":784,"caption":"Ann \u00d6berg och Sven-Olov Daunfeldt"},{"@type":"BreadcrumbList","@id":"https:\/\/www.almega.se\/2025\/02\/seminarium-sa-utformar-vi-en-aktiv-arbetsmarknadspolitik-for-fler-i-jobb\/#breadcrumb","itemListElement":[{"@type":"ListItem","position":1,"name":"Home","item":"https:\/\/www.almega.se\/"},{"@type":"ListItem","position":2,"name":"Seminarium: S\u00e5 utformar vi en aktiv arbetsmarknadspolitik f\u00f6r fler i jobb!"}]},{"@type":"WebSite","@id":"https:\/\/www.almega.se\/#website","url":"https:\/\/www.almega.se\/","name":"Almega","description":"","potentialAction":[{"@type":"SearchAction","target":{"@type":"EntryPoint","urlTemplate":"https:\/\/www.almega.se\/?s={search_term_string}"},"query-input":{"@type":"PropertyValueSpecification","valueRequired":true,"valueName":"search_term_string"}}],"inLanguage":"sv-SE"},{"@type":"Person","@id":"https:\/\/www.almega.se\/#\/schema\/person\/e54aa110880538cf5ceac0ac54bbecf7","name":"R\u00e9ka Tolnai","image":{"@type":"ImageObject","inLanguage":"sv-SE","@id":"https:\/\/www.almega.se\/#\/schema\/person\/image\/","url":"https:\/\/secure.gravatar.com\/avatar\/c722d4a4ee787603df9df499a683d681bd2c463bde248da25aabc45883d614d2?s=96&d=mm&r=g","contentUrl":"https:\/\/secure.gravatar.com\/avatar\/c722d4a4ee787603df9df499a683d681bd2c463bde248da25aabc45883d614d2?s=96&d=mm&r=g","caption":"R\u00e9ka Tolnai"},"url":"https:\/\/www.almega.se\/person\/rekatolnai\/"}]}},"_links":{"self":[{"href":"https:\/\/www.almega.se\/api\/wp\/v2\/posts\/77860","targetHints":{"allow":["GET"]}}],"collection":[{"href":"https:\/\/www.almega.se\/api\/wp\/v2\/posts"}],"about":[{"href":"https:\/\/www.almega.se\/api\/wp\/v2\/types\/post"}],"author":[{"embeddable":true,"href":"https:\/\/www.almega.se\/api\/wp\/v2\/users\/16543"}],"replies":[{"embeddable":true,"href":"https:\/\/www.almega.se\/api\/wp\/v2\/comments?post=77860"}],"version-history":[{"count":2,"href":"https:\/\/www.almega.se\/api\/wp\/v2\/posts\/77860\/revisions"}],"predecessor-version":[{"id":77863,"href":"https:\/\/www.almega.se\/api\/wp\/v2\/posts\/77860\/revisions\/77863"}],"wp:featuredmedia":[{"embeddable":true,"href":"https:\/\/www.almega.se\/api\/wp\/v2\/media\/77861"}],"wp:attachment":[{"href":"https:\/\/www.almega.se\/api\/wp\/v2\/media?parent=77860"}],"wp:term":[{"taxonomy":"category","embeddable":true,"href":"https:\/\/www.almega.se\/api\/wp\/v2\/categories?post=77860"},{"taxonomy":"post_tag","embeddable":true,"href":"https:\/\/www.almega.se\/api\/wp\/v2\/tags?post=77860"},{"taxonomy":"type","embeddable":true,"href":"https:\/\/www.almega.se\/api\/wp\/v2\/article_type?post=77860"},{"taxonomy":"agreement","embeddable":true,"href":"https:\/\/www.almega.se\/api\/wp\/v2\/agreement?post=77860"}],"curies":[{"name":"wp","href":"https:\/\/api.w.org\/{rel}","templated":true}]}}