{"id":77686,"date":"2025-02-11T11:15:19","date_gmt":"2025-02-11T10:15:19","guid":{"rendered":"https:\/\/www.almega.se\/?p=77686"},"modified":"2025-02-11T11:25:27","modified_gmt":"2025-02-11T10:25:27","slug":"workshop-om-ekonomi-lockade-hands-on-och-konkret","status":"publish","type":"post","link":"https:\/\/www.almega.se\/2025\/02\/workshop-om-ekonomi-lockade-hands-on-och-konkret\/","title":{"rendered":"Workshop om ekonomi lockade: &#8221;Hands on och konkret&#8221;"},"content":{"rendered":"<p class=\"intro\">Amelie Sylvan, vd f\u00f6r Lexicon Support AB, var en av m\u00e5nga som valde Almegas workshop p\u00e5 temat <em>F\u00e5 grepp om ekonomin.<\/em> &#8221;Jag blev positivt \u00f6verraskad \u00f6ver att det var s\u00e5 hands-on och konkret&#8221;<\/p>\n\n<p>F\u00f6r dig som \u00e4r sm\u00e5f\u00f6retagare kan det vara en utmaning att hinna med allt \u2013 men att f\u00f6rst\u00e5 f\u00f6retagets ekonomi beh\u00f6ver inte vara sv\u00e5rt. Det var utg\u00e5ngspunkten f\u00f6r workshopen \u201dF\u00e5 grepp om ekonomin \u2013 enkelt och konkret f\u00f6r sm\u00e5f\u00f6retagare\u201d som Almega genomf\u00f6rde i samarbete med Almi.<\/p>\n\n\n\n<p><img loading=\"lazy\" decoding=\"async\" width=\"150\" height=\"165\" class=\"wp-image-77687\" style=\"width: 150px;\" src=\"https:\/\/www.almega.se\/app\/uploads\/2025\/02\/Amelie-2024.jpg\" alt=\"Amelie Sylvan Lexicon\">En av deltagarna var it-utbildade <strong>Amelie Sylvan<\/strong>, vd f\u00f6r Lexicon Support AB (lilla bilden) som valt att g\u00e5 kursen f\u00f6r att st\u00e4rka sin kompetens inom ekonomi.<\/p>\n\n\n\n<p>\u2013Jag blev positivt \u00f6verraskad \u00f6ver att det var s\u00e5 hands-on och konkret. Saker som verkar sj\u00e4lvklara i teorin blir inte s\u00e5 sj\u00e4lvklara n\u00e4r man jobbar med ett praktiskt fall, s\u00e4ger Amelie Sylvan.<\/p>\n\n\n\n<p>P\u00e5 schemat stod bland annat grunderna i resultat- och balansr\u00e4kning, metoder f\u00f6r att f\u00f6lja upp int\u00e4kter och kostnader och skapa en h\u00e5llbar plan f\u00f6r l\u00e5ngsiktig framg\u00e5ng ur ett ekonomiskt perspektiv. Allt anpassat f\u00f6r icke-ekonomer. En viktig del var ocks\u00e5 m\u00f6jligheten att utbyta erfarenheter med andra deltagare.<\/p>\n\n\n\n<blockquote class=\"wp-block-quote is-layout-flow wp-block-quote-is-layout-flow\">\n<p>&#8221;Jag kommer att kunna g\u00f6ra en ordentlig analys av f\u00f6retagets balansr\u00e4kning varje m\u00e5nad&#8221;<\/p>\n<cite>Amelie Sylvan, workshopdeltagare<\/cite><\/blockquote>\n\n\n\n<p>Kunskaper som Amelie Sylvan k\u00e4nner att hon kan ta med sig direkt in i arbetet.<\/p>\n\n\n\n<p>\u2013 Jag kommer att kunna g\u00f6ra en ordentlig analys av f\u00f6retagets balansr\u00e4kning varje m\u00e5nad. Tidigare har jag mest tittat p\u00e5 resultatr\u00e4kningen, s\u00e4ger Amelie Sylvan, och konstaterar att kursen passar f\u00f6r m\u00e5nga med mindre f\u00f6retag.<\/p>\n\n\n\n<p><img loading=\"lazy\" decoding=\"async\" width=\"150\" height=\"113\" class=\"wp-image-77690\" style=\"width: 150px;\" src=\"https:\/\/www.almega.se\/app\/uploads\/2025\/02\/almi_ek.jpg\" alt=\"Workshop\" srcset=\"https:\/\/www.almega.se\/app\/uploads\/2025\/02\/almi_ek.jpg 1920w, https:\/\/www.almega.se\/app\/uploads\/2025\/02\/almi_ek-580x435.jpg 580w, https:\/\/www.almega.se\/app\/uploads\/2025\/02\/almi_ek-1180x885.jpg 1180w, https:\/\/www.almega.se\/app\/uploads\/2025\/02\/almi_ek-380x285.jpg 380w, https:\/\/www.almega.se\/app\/uploads\/2025\/02\/almi_ek-768x576.jpg 768w, https:\/\/www.almega.se\/app\/uploads\/2025\/02\/almi_ek-1536x1152.jpg 1536w\" sizes=\"auto, (max-width: 150px) 100vw, 150px\" \/><\/p>\n\n\n<a class='Share__link Share__link--url copy-text' href='#' rel='nofollow' data-text='smaforetagare-i-fokus' title='Dela url' data-confirmation='L\u00e4nken kopierades till urklipp'><svg class='icon icon--link'  width='18' height='18' viewBox='0 0 18 18' fill='none' xmlns='http:\/\/www.w3.org\/2000\/svg'>\n            <path d='M10.4142 0.514721L6.87868 4.05025L8.29289 5.46447L11.1213 2.63604L15.364 6.87868L12.5355 9.70711L13.9497 11.1213L17.4853 7.58579C17.8763 7.19476 17.8763 6.5626 17.4853 6.17158L11.8284 0.514721C11.4374 0.123691 10.8052 0.123691 10.4142 0.514721Z' fill='black'\/>\n            <path d='M9.7071 12.5355L6.87868 15.364L2.63604 11.1213L5.46446 8.2929L4.05025 6.87868L0.514716 10.4142C0.123686 10.8052 0.123686 11.4374 0.514716 11.8284L6.17157 17.4853C6.5626 17.8763 7.19475 17.8763 7.58578 17.4853L11.1213 13.9497L9.7071 12.5355Z' fill='black'\/>\n            <path d='M6.17157 11.8284C6.5626 12.2195 7.19475 12.2195 7.58578 11.8284L11.8284 7.58579C12.2195 7.19476 12.2195 6.56261 11.8284 6.17158C11.4374 5.78055 10.8052 5.78055 10.4142 6.17158L6.17157 10.4142C5.78054 10.8052 5.78054 11.4374 6.17157 11.8284Z' fill='black'\/>\n            <\/svg> <\/a>\n<h2 class=\"wp-block-heading\" id=\"h-smaforetagare-i-fokus\">Sm\u00e5f\u00f6retagare i fokus<\/h2>\n\n\n\n<p>Kursen \u00e4r en del av Almegas senaste satsning p\u00e5 utbildningar f\u00f6r sm\u00e5f\u00f6retagare.<\/p>\n\n\n\n<p>\u2013 F\u00f6r Almega \u00e4r det viktigt att hela tiden erbjuda ett kursutbud som motsvarar v\u00e5ra medlemmars behov. Vi vet att m\u00e5nga, speciellt i mindre f\u00f6retag, har ett extremt tajt schema och ett behov av utbildningar som \u00e4r tidseffektiva, s\u00e5 det \u00e4r roligt att det varit stort intresse f\u00f6r exempelvis den h\u00e4r workshopen med Almi, s\u00e4ger <strong>Maria Elinder, <\/strong>chef f\u00f6r aff\u00e4rsutveckling p\u00e5 Almega.<\/p>\n\n\n\n      <a href=\"https:\/\/www.almega.se\/utbildning\/smaforetag\/\" target=\"\" class=\"Button is-text Button--arrow-tip\">\n      \n        Almegas kurser s\u00e4rskilt f\u00f6r sm\u00e5f\u00f6retagare\n      \n      \n                \n                <svg class='icon icon--arrow-tip'  width=\"11\" height=\"16\" viewBox=\"0 0 11 16\" fill=\"none\" xmlns=\"http:\/\/www.w3.org\/2000\/svg\">\n<path d=\"M0.858398 15L9.2304 7.99664L0.967732 1.00001\" stroke=\"black\" stroke-width=\"2\" stroke-miterlimit=\"10\"\/>\n<\/svg>\n\n        \n    <\/a>\n  \n\n\n\n      <a href=\"\/utbildning\" target=\"\" class=\"Button is-button is-style-outline has-black-color is-style-outline Button--arrow-tip\">\n      \n        Alla aktiviteter och kurser\n      \n      \n                \n                <svg class='icon icon--arrow-tip'  width=\"11\" height=\"16\" viewBox=\"0 0 11 16\" fill=\"none\" xmlns=\"http:\/\/www.w3.org\/2000\/svg\">\n<path d=\"M0.858398 15L9.2304 7.99664L0.967732 1.00001\" stroke=\"black\" stroke-width=\"2\" stroke-miterlimit=\"10\"\/>\n<\/svg>\n\n        \n    <\/a>\n  \n","protected":false},"excerpt":{"rendered":"<p>F\u00f6r dig som \u00e4r sm\u00e5f\u00f6retagare kan det vara en utmaning att hinna med allt \u2013 men att f\u00f6rst\u00e5 f\u00f6retagets ekonomi beh\u00f6ver inte vara sv\u00e5rt. Det var utg\u00e5ngspunkten f\u00f6r workshopen \u201dF\u00e5 grepp om ekonomin \u2013 enkelt &hellip;<\/p>\n","protected":false},"author":14531,"featured_media":77692,"comment_status":"closed","ping_status":"closed","sticky":false,"template":"","format":"standard","meta":{"_acf_changed":false,"footnotes":""},"categories":[603],"tags":[635,548,762],"article_type":[55],"agreement":[],"class_list":["post-77686","post","type-post","status-publish","format-standard","has-post-thumbnail","hentry","category-almega","tag-medlemskap","tag-medlemsroster","tag-utbildning","type-artiklar"],"acf":[],"yoast_head":"<!-- This site is optimized with the Yoast SEO Premium plugin v26.8 (Yoast SEO v26.8) - https:\/\/yoast.com\/product\/yoast-seo-premium-wordpress\/ -->\n<title>Workshop om ekonomi lockade: &quot;Hands on och konkret&quot; | Almega<\/title>\n<meta name=\"robots\" content=\"index, follow, max-snippet:-1, max-image-preview:large, max-video-preview:-1\" \/>\n<link rel=\"canonical\" href=\"https:\/\/www.almega.se\/2025\/02\/workshop-om-ekonomi-lockade-hands-on-och-konkret\/\" \/>\n<meta property=\"og:locale\" content=\"sv_SE\" \/>\n<meta property=\"og:type\" content=\"article\" \/>\n<meta property=\"og:title\" content=\"Workshop om ekonomi lockade: &quot;Hands on och konkret&quot;\" \/>\n<meta property=\"og:description\" content=\"F\u00f6r dig som \u00e4r sm\u00e5f\u00f6retagare kan det vara en utmaning att hinna med allt \u2013 men att f\u00f6rst\u00e5 f\u00f6retagets ekonomi beh\u00f6ver inte vara sv\u00e5rt. Det var utg\u00e5ngspunkten f\u00f6r workshopen \u201dF\u00e5 grepp om ekonomin \u2013 enkelt &hellip;\" \/>\n<meta property=\"og:url\" content=\"https:\/\/www.almega.se\/2025\/02\/workshop-om-ekonomi-lockade-hands-on-och-konkret\/\" \/>\n<meta property=\"og:site_name\" content=\"Almega\" \/>\n<meta property=\"article:published_time\" content=\"2025-02-11T10:15:19+00:00\" \/>\n<meta property=\"article:modified_time\" content=\"2025-02-11T10:25:27+00:00\" \/>\n<meta property=\"og:image\" content=\"https:\/\/www.almega.se\/app\/uploads\/2025\/02\/kurs.png\" \/>\n\t<meta property=\"og:image:width\" content=\"1200\" \/>\n\t<meta property=\"og:image:height\" content=\"628\" \/>\n\t<meta property=\"og:image:type\" content=\"image\/png\" \/>\n<meta name=\"author\" content=\"Karin Nyg\u00e5rd\" \/>\n<meta name=\"twitter:card\" content=\"summary_large_image\" \/>\n<meta name=\"twitter:label1\" content=\"Skriven av\" \/>\n\t<meta name=\"twitter:data1\" content=\"Karin Nyg\u00e5rd\" \/>\n\t<meta name=\"twitter:label2\" content=\"Ber\u00e4knad l\u00e4stid\" \/>\n\t<meta name=\"twitter:data2\" content=\"2 minuter\" \/>\n<!-- \/ Yoast SEO Premium plugin. -->","yoast_head_json":{"title":"Workshop om ekonomi lockade: \"Hands on och konkret\" | Almega","robots":{"index":"index","follow":"follow","max-snippet":"max-snippet:-1","max-image-preview":"max-image-preview:large","max-video-preview":"max-video-preview:-1"},"canonical":"https:\/\/www.almega.se\/2025\/02\/workshop-om-ekonomi-lockade-hands-on-och-konkret\/","og_locale":"sv_SE","og_type":"article","og_title":"Workshop om ekonomi lockade: \"Hands on och konkret\"","og_description":"F\u00f6r dig som \u00e4r sm\u00e5f\u00f6retagare kan det vara en utmaning att hinna med allt \u2013 men att f\u00f6rst\u00e5 f\u00f6retagets ekonomi beh\u00f6ver inte vara sv\u00e5rt. Det var utg\u00e5ngspunkten f\u00f6r workshopen \u201dF\u00e5 grepp om ekonomin \u2013 enkelt &hellip;","og_url":"https:\/\/www.almega.se\/2025\/02\/workshop-om-ekonomi-lockade-hands-on-och-konkret\/","og_site_name":"Almega","article_published_time":"2025-02-11T10:15:19+00:00","article_modified_time":"2025-02-11T10:25:27+00:00","og_image":[{"width":1200,"height":628,"url":"https:\/\/www.almega.se\/app\/uploads\/2025\/02\/kurs.png","type":"image\/png"}],"author":"Karin Nyg\u00e5rd","twitter_card":"summary_large_image","twitter_misc":{"Skriven av":"Karin Nyg\u00e5rd","Ber\u00e4knad l\u00e4stid":"2 minuter"},"schema":{"@context":"https:\/\/schema.org","@graph":[{"@type":"NewsArticle","@id":"https:\/\/www.almega.se\/2025\/02\/workshop-om-ekonomi-lockade-hands-on-och-konkret\/#article","isPartOf":{"@id":"https:\/\/www.almega.se\/2025\/02\/workshop-om-ekonomi-lockade-hands-on-och-konkret\/"},"author":{"name":"Karin Nyg\u00e5rd","@id":"https:\/\/www.almega.se\/#\/schema\/person\/eae58f3a71d6b7aa9f71f3139a740a02"},"headline":"Workshop om ekonomi lockade: &#8221;Hands on och konkret&#8221;","datePublished":"2025-02-11T10:15:19+00:00","dateModified":"2025-02-11T10:25:27+00:00","mainEntityOfPage":{"@id":"https:\/\/www.almega.se\/2025\/02\/workshop-om-ekonomi-lockade-hands-on-och-konkret\/"},"wordCount":354,"image":{"@id":"https:\/\/www.almega.se\/2025\/02\/workshop-om-ekonomi-lockade-hands-on-och-konkret\/#primaryimage"},"thumbnailUrl":"https:\/\/www.almega.se\/app\/uploads\/2025\/02\/kurs.png","keywords":["medlemskap","Medlemsr\u00f6ster","utbildning"],"articleSection":["Almega"],"inLanguage":"sv-SE"},{"@type":"WebPage","@id":"https:\/\/www.almega.se\/2025\/02\/workshop-om-ekonomi-lockade-hands-on-och-konkret\/","url":"https:\/\/www.almega.se\/2025\/02\/workshop-om-ekonomi-lockade-hands-on-och-konkret\/","name":"Workshop om ekonomi lockade: \"Hands on och konkret\" | Almega","isPartOf":{"@id":"https:\/\/www.almega.se\/#website"},"primaryImageOfPage":{"@id":"https:\/\/www.almega.se\/2025\/02\/workshop-om-ekonomi-lockade-hands-on-och-konkret\/#primaryimage"},"image":{"@id":"https:\/\/www.almega.se\/2025\/02\/workshop-om-ekonomi-lockade-hands-on-och-konkret\/#primaryimage"},"thumbnailUrl":"https:\/\/www.almega.se\/app\/uploads\/2025\/02\/kurs.png","datePublished":"2025-02-11T10:15:19+00:00","dateModified":"2025-02-11T10:25:27+00:00","author":{"@id":"https:\/\/www.almega.se\/#\/schema\/person\/eae58f3a71d6b7aa9f71f3139a740a02"},"breadcrumb":{"@id":"https:\/\/www.almega.se\/2025\/02\/workshop-om-ekonomi-lockade-hands-on-och-konkret\/#breadcrumb"},"inLanguage":"sv-SE","potentialAction":[{"@type":"ReadAction","target":["https:\/\/www.almega.se\/2025\/02\/workshop-om-ekonomi-lockade-hands-on-och-konkret\/"]}]},{"@type":"ImageObject","inLanguage":"sv-SE","@id":"https:\/\/www.almega.se\/2025\/02\/workshop-om-ekonomi-lockade-hands-on-och-konkret\/#primaryimage","url":"https:\/\/www.almega.se\/app\/uploads\/2025\/02\/kurs.png","contentUrl":"https:\/\/www.almega.se\/app\/uploads\/2025\/02\/kurs.png","width":1200,"height":628,"caption":"Kurs hos Almega, Amelie Sylvan frpn Lexicon kursdeltagare"},{"@type":"BreadcrumbList","@id":"https:\/\/www.almega.se\/2025\/02\/workshop-om-ekonomi-lockade-hands-on-och-konkret\/#breadcrumb","itemListElement":[{"@type":"ListItem","position":1,"name":"Home","item":"https:\/\/www.almega.se\/"},{"@type":"ListItem","position":2,"name":"Workshop om ekonomi lockade: &#8221;Hands on och konkret&#8221;"}]},{"@type":"WebSite","@id":"https:\/\/www.almega.se\/#website","url":"https:\/\/www.almega.se\/","name":"Almega","description":"","potentialAction":[{"@type":"SearchAction","target":{"@type":"EntryPoint","urlTemplate":"https:\/\/www.almega.se\/?s={search_term_string}"},"query-input":{"@type":"PropertyValueSpecification","valueRequired":true,"valueName":"search_term_string"}}],"inLanguage":"sv-SE"},{"@type":"Person","@id":"https:\/\/www.almega.se\/#\/schema\/person\/eae58f3a71d6b7aa9f71f3139a740a02","name":"Karin Nyg\u00e5rd","image":{"@type":"ImageObject","inLanguage":"sv-SE","@id":"https:\/\/www.almega.se\/#\/schema\/person\/image\/","url":"https:\/\/secure.gravatar.com\/avatar\/09e5ec3d12974ae686ad90a0a4bf5404c8a4cfdca18f97124f166ab274023818?s=96&d=mm&r=g","contentUrl":"https:\/\/secure.gravatar.com\/avatar\/09e5ec3d12974ae686ad90a0a4bf5404c8a4cfdca18f97124f166ab274023818?s=96&d=mm&r=g","caption":"Karin Nyg\u00e5rd"},"description":"Produkt\u00e4gare Almega.se, samordnar webbutveckling och utveckling av Arbetsgivarguiden.se","url":"https:\/\/www.almega.se\/person\/karinnygard\/"}]}},"_links":{"self":[{"href":"https:\/\/www.almega.se\/api\/wp\/v2\/posts\/77686","targetHints":{"allow":["GET"]}}],"collection":[{"href":"https:\/\/www.almega.se\/api\/wp\/v2\/posts"}],"about":[{"href":"https:\/\/www.almega.se\/api\/wp\/v2\/types\/post"}],"author":[{"embeddable":true,"href":"https:\/\/www.almega.se\/api\/wp\/v2\/users\/14531"}],"replies":[{"embeddable":true,"href":"https:\/\/www.almega.se\/api\/wp\/v2\/comments?post=77686"}],"version-history":[{"count":3,"href":"https:\/\/www.almega.se\/api\/wp\/v2\/posts\/77686\/revisions"}],"predecessor-version":[{"id":77691,"href":"https:\/\/www.almega.se\/api\/wp\/v2\/posts\/77686\/revisions\/77691"}],"wp:featuredmedia":[{"embeddable":true,"href":"https:\/\/www.almega.se\/api\/wp\/v2\/media\/77692"}],"wp:attachment":[{"href":"https:\/\/www.almega.se\/api\/wp\/v2\/media?parent=77686"}],"wp:term":[{"taxonomy":"category","embeddable":true,"href":"https:\/\/www.almega.se\/api\/wp\/v2\/categories?post=77686"},{"taxonomy":"post_tag","embeddable":true,"href":"https:\/\/www.almega.se\/api\/wp\/v2\/tags?post=77686"},{"taxonomy":"type","embeddable":true,"href":"https:\/\/www.almega.se\/api\/wp\/v2\/article_type?post=77686"},{"taxonomy":"agreement","embeddable":true,"href":"https:\/\/www.almega.se\/api\/wp\/v2\/agreement?post=77686"}],"curies":[{"name":"wp","href":"https:\/\/api.w.org\/{rel}","templated":true}]}}