{"id":77571,"date":"2025-02-03T13:28:10","date_gmt":"2025-02-03T12:28:10","guid":{"rendered":"https:\/\/www.almega.se\/?p=77571"},"modified":"2025-02-03T13:30:38","modified_gmt":"2025-02-03T12:30:38","slug":"tre-atgarder-for-att-starka-tjanstesektorn-i-eu","status":"publish","type":"post","link":"https:\/\/www.almega.se\/2025\/02\/tre-atgarder-for-att-starka-tjanstesektorn-i-eu\/","title":{"rendered":"Tre \u00e5tg\u00e4rder f\u00f6r att st\u00e4rka tj\u00e4nstesektorn i EU"},"content":{"rendered":"<p class=\"intro\">EU-kommissionen utvecklar en ny strategi f\u00f6r den inre marknaden \u2013 en viktig m\u00f6jlighet att st\u00e4rka tj\u00e4nstesektorn. H\u00e4r ber\u00e4ttar Johannes Nathell, Almegas expert p\u00e5 EU-fr\u00e5gor, varf\u00f6r detta \u00e4r avg\u00f6rande f\u00f6r svenska tj\u00e4nstef\u00f6retag.<\/p>\n\n<p>Den fria r\u00f6rligheten f\u00f6r varor, tj\u00e4nster, m\u00e4nniskor och kapital \u00e4r en grundsten i det europeiska samarbetet och en framg\u00e5ngssaga i termer av \u00f6kad frihet, jobb och ekonomiskt v\u00e4lst\u00e5nd. Men det finns fortsatt stora utmaningar. Enligt den senaste \u00e5rliga inre marknads- och konkurrenskraftsrapporten fr\u00e5n EU-kommissionen har integrationen p\u00e5 den inre marknaden saktat av.<\/p>\n\n\n\n<p>D\u00e4rf\u00f6r \u00e4r det s\u00e4rskilt v\u00e4lkommet att EU-kommissionen nu arbetar med att ta fram en ny horisontell inre marknadsstrategi med syftet att f\u00f6rdjupa och full\u00e4nda den inre marknaden inom unionen. H\u00f6gst upp p\u00e5 prioritetslistan borde vara att riva byr\u00e5kratiska hinder f\u00f6r tj\u00e4nstehandeln. Trots att tj\u00e4nstesektorn utg\u00f6r tv\u00e5 tredjedelar av dels n\u00e4ringslivets f\u00f6r\u00e4dlingsv\u00e4rde, dels den privata syssels\u00e4ttningen inom EU fungerar den inre marknaden f\u00f6r tj\u00e4nster l\u00e5ngt ifr\u00e5n lika bra som den f\u00f6r varor.<\/p>\n\n\n\n<p>Under januari gavs tillf\u00e4lle att l\u00e4mna synpunkter till EU-kommissionen med anledning av den nya horisontella inre marknadsstrategin, vilket Almega sj\u00e4lvklart gjorde f\u00f6r att belysa svenska tj\u00e4nstef\u00f6retags behov och utmaningar. Vi lyfter s\u00e4rskilt tre \u00e5tg\u00e4rder: Johannes Nathell, Almegas n\u00e4ringspolitiska expert inom EU-fr\u00e5gor, redog\u00f6r h\u00e4r f\u00f6r v\u00e5ra synpunkter och vikten av att svenska tj\u00e4nstef\u00f6retags perspektiv beaktas i det fortsatta arbetet.<\/p>\n\n\n<a class='Share__link Share__link--url copy-text' href='#' rel='nofollow' data-text='vilka-ar-de-storsta-hindren-for-tjanstesektorn-pa-den-inre-marknaden-idag,-och-hur-paverkar-de-svenska-foretag?' title='Dela url' data-confirmation='L\u00e4nken kopierades till urklipp'><svg class='icon icon--link'  width='18' height='18' viewBox='0 0 18 18' fill='none' xmlns='http:\/\/www.w3.org\/2000\/svg'>\n            <path d='M10.4142 0.514721L6.87868 4.05025L8.29289 5.46447L11.1213 2.63604L15.364 6.87868L12.5355 9.70711L13.9497 11.1213L17.4853 7.58579C17.8763 7.19476 17.8763 6.5626 17.4853 6.17158L11.8284 0.514721C11.4374 0.123691 10.8052 0.123691 10.4142 0.514721Z' fill='black'\/>\n            <path d='M9.7071 12.5355L6.87868 15.364L2.63604 11.1213L5.46446 8.2929L4.05025 6.87868L0.514716 10.4142C0.123686 10.8052 0.123686 11.4374 0.514716 11.8284L6.17157 17.4853C6.5626 17.8763 7.19475 17.8763 7.58578 17.4853L11.1213 13.9497L9.7071 12.5355Z' fill='black'\/>\n            <path d='M6.17157 11.8284C6.5626 12.2195 7.19475 12.2195 7.58578 11.8284L11.8284 7.58579C12.2195 7.19476 12.2195 6.56261 11.8284 6.17158C11.4374 5.78055 10.8052 5.78055 10.4142 6.17158L6.17157 10.4142C5.78054 10.8052 5.78054 11.4374 6.17157 11.8284Z' fill='black'\/>\n            <\/svg> <\/a>\n<h2 class=\"wp-block-heading\" id=\"h-vilka-ar-de-storsta-hindren-for-tjanstesektorn-pa-den-inre-marknaden-idag-och-hur-paverkar-de-svenska-foretag\">Vilka \u00e4r de st\u00f6rsta hindren f\u00f6r tj\u00e4nstesektorn p\u00e5 den inre marknaden idag, och hur p\u00e5verkar de svenska f\u00f6retag?<br><\/h2>\n\n\n\n<p>\u2013 Problematiken f\u00f6r tj\u00e4nstef\u00f6retagen \u00e4r komplex och m\u00e5ngfacetterad. Medan en vara s\u00e5 gott som alltid \u00e4r en produkt kan en tj\u00e4nst inkludera allt fr\u00e5n mjukvara och abonnemang, till s\u00e4kerhetstj\u00e4nster. Men det man kan s\u00e4ga \u00e4r att huvudproblemet grundar sig i en omfattande byr\u00e5krati med lager p\u00e5 lager av reglering p\u00e5 m\u00e5nga olika niv\u00e5er, kommunal-, regional-, nationell- och EU-niv\u00e5 \u2013 i 27 olika medlemsl\u00e4nder.<\/p>\n\n\n\n<ol class=\"wp-block-list\">\n<li><\/li>\n<\/ol>\n\n\n<a class='Share__link Share__link--url copy-text' href='#' rel='nofollow' data-text='almega-lyfter-sarskilt-fram-tre-atgarder-i-vara-synpunkter-\u2013-beratta-mer-om-dem-och-varfor-de-ar-sa-viktiga-for-att-starka-tjanstehandeln?' title='Dela url' data-confirmation='L\u00e4nken kopierades till urklipp'><svg class='icon icon--link'  width='18' height='18' viewBox='0 0 18 18' fill='none' xmlns='http:\/\/www.w3.org\/2000\/svg'>\n            <path d='M10.4142 0.514721L6.87868 4.05025L8.29289 5.46447L11.1213 2.63604L15.364 6.87868L12.5355 9.70711L13.9497 11.1213L17.4853 7.58579C17.8763 7.19476 17.8763 6.5626 17.4853 6.17158L11.8284 0.514721C11.4374 0.123691 10.8052 0.123691 10.4142 0.514721Z' fill='black'\/>\n            <path d='M9.7071 12.5355L6.87868 15.364L2.63604 11.1213L5.46446 8.2929L4.05025 6.87868L0.514716 10.4142C0.123686 10.8052 0.123686 11.4374 0.514716 11.8284L6.17157 17.4853C6.5626 17.8763 7.19475 17.8763 7.58578 17.4853L11.1213 13.9497L9.7071 12.5355Z' fill='black'\/>\n            <path d='M6.17157 11.8284C6.5626 12.2195 7.19475 12.2195 7.58578 11.8284L11.8284 7.58579C12.2195 7.19476 12.2195 6.56261 11.8284 6.17158C11.4374 5.78055 10.8052 5.78055 10.4142 6.17158L6.17157 10.4142C5.78054 10.8052 5.78054 11.4374 6.17157 11.8284Z' fill='black'\/>\n            <\/svg> <\/a>\n<h2 class=\"wp-block-heading\" id=\"h-almega-lyfter-sarskilt-fram-tre-atgarder-i-vara-synpunkter-beratta-mer-om-dem-och-varfor-de-ar-sa-viktiga-for-att-starka-tjanstehandeln\">Almega lyfter s\u00e4rskilt fram tre \u00e5tg\u00e4rder i v\u00e5ra synpunkter \u2013 ber\u00e4tta mer om dem och varf\u00f6r de \u00e4r s\u00e5 viktiga f\u00f6r att st\u00e4rka tj\u00e4nstehandeln?<br><\/h2>\n\n\n\n<p>\u2013 F\u00f6r det f\u00f6rsta vill vi att EU-kommissionen full\u00e4ndar tj\u00e4nstedirektivet. Trots att det tr\u00e4dde i kraft f\u00f6r mer \u00e4n 15 \u00e5r sedan med syfte att f\u00f6rdjupa tj\u00e4nstehandeln s\u00e5 finns 60 procent av de hinder som fanns innan kvar idag. S\u00e5 kan vi inte ha det.<br><em><br><\/em>F\u00f6r det andra s\u00e5 vill vi att principen om \u00f6msesidigt erk\u00e4nnande, som g\u00e4ller f\u00f6r varor, ocks\u00e5 ska g\u00e4lla tj\u00e4nster som huvudregel, vilket skulle underl\u00e4tta tj\u00e4nstehandeln enormt. En l\u00e5gt h\u00e4ngande frukt att b\u00f6rja med ser vi vore att EU-kommissionen uppmanar medlemsl\u00e4nderna att minska antalet reglerade yrken n\u00e4r de endast \u00e4r reglerade i ett eller ett f\u00e5tal medlemsl\u00e4nder.<\/p>\n\n\n\n<p>Slutligen f\u00f6r det tredje s\u00e5 vill vi etablera ett snabbsp\u00e5rsf\u00f6rfarande till Europeiska unionens domstol (CJEU) f\u00f6r specialfall relaterade till nationella regler som strider mot den inre marknaden f\u00f6r att sk\u00e4rpa efterlevnaden och p\u00e5skynda processen. Vi tycker ocks\u00e5 att det b\u00f6r vara m\u00f6jligt att suspendera nationella lagar som strider mot den inre marknaden fr\u00e5n b\u00f6rjan av ett \u00f6vertr\u00e4delsef\u00f6rfarande.<br><\/p>\n\n\n<a class='Share__link Share__link--url copy-text' href='#' rel='nofollow' data-text='hur-hoppas-almega-att-eu-kommissionen-tar-emot-dessa-forslag,-och-vilka-blir-de-nasta-stegen-i-arbetet?' title='Dela url' data-confirmation='L\u00e4nken kopierades till urklipp'><svg class='icon icon--link'  width='18' height='18' viewBox='0 0 18 18' fill='none' xmlns='http:\/\/www.w3.org\/2000\/svg'>\n            <path d='M10.4142 0.514721L6.87868 4.05025L8.29289 5.46447L11.1213 2.63604L15.364 6.87868L12.5355 9.70711L13.9497 11.1213L17.4853 7.58579C17.8763 7.19476 17.8763 6.5626 17.4853 6.17158L11.8284 0.514721C11.4374 0.123691 10.8052 0.123691 10.4142 0.514721Z' fill='black'\/>\n            <path d='M9.7071 12.5355L6.87868 15.364L2.63604 11.1213L5.46446 8.2929L4.05025 6.87868L0.514716 10.4142C0.123686 10.8052 0.123686 11.4374 0.514716 11.8284L6.17157 17.4853C6.5626 17.8763 7.19475 17.8763 7.58578 17.4853L11.1213 13.9497L9.7071 12.5355Z' fill='black'\/>\n            <path d='M6.17157 11.8284C6.5626 12.2195 7.19475 12.2195 7.58578 11.8284L11.8284 7.58579C12.2195 7.19476 12.2195 6.56261 11.8284 6.17158C11.4374 5.78055 10.8052 5.78055 10.4142 6.17158L6.17157 10.4142C5.78054 10.8052 5.78054 11.4374 6.17157 11.8284Z' fill='black'\/>\n            <\/svg> <\/a>\n<h2 class=\"wp-block-heading\" id=\"h-hur-hoppas-almega-att-eu-kommissionen-tar-emot-dessa-forslag-och-vilka-blir-de-nasta-stegen-i-arbetet\">Hur hoppas Almega att EU-kommissionen tar emot dessa f\u00f6rslag, och vilka blir de n\u00e4sta stegen i arbetet?<\/h2>\n\n\n\n<p>\u2013 Det \u00e4r v\u00e4ldigt v\u00e4lkommet att den nya EU-kommissionen \u00e5terkommande uttalat att den inre marknaden s\u00e4rskilt beh\u00f6ver f\u00f6rdjupas p\u00e5 just tj\u00e4nsteomr\u00e5det varf\u00f6r vi tror att v\u00e5ra inspel \u00e4r v\u00e4rdefulla i deras arbete fram\u00f6ver. N\u00e4sta steg \u00e4r att cirkulera och sprida v\u00e5ra synpunkter till svenska regeringen och till v\u00e5ra svenska europaparlamentariker f\u00f6r att de ocks\u00e5 ska kunna ligga p\u00e5 och p\u00e5verka lagstiftningsprocessen framgent. Vi ser fram emot fortsatt dialog och samarbete i dessa viktiga fr\u00e5gor. &nbsp;<\/p>\n\n\n\n      <a href=\"https:\/\/www.almega.se\/app\/uploads\/2025\/02\/Almega-position-paper-.pdf\" target=\"_blank\" class=\"Button is-text Button--arrow-tip\">\n      \n        Du hittar hela Almegas inspel h\u00e4r\n      \n      \n                \n                <svg class='icon icon--arrow-tip'  width=\"11\" height=\"16\" viewBox=\"0 0 11 16\" fill=\"none\" xmlns=\"http:\/\/www.w3.org\/2000\/svg\">\n<path d=\"M0.858398 15L9.2304 7.99664L0.967732 1.00001\" stroke=\"black\" stroke-width=\"2\" stroke-miterlimit=\"10\"\/>\n<\/svg>\n\n        \n    <\/a>\n  \n","protected":false},"excerpt":{"rendered":"<p>EU-kommissionen utvecklar en ny strategi f\u00f6r den inre marknaden \u2013 en viktig m\u00f6jlighet att st\u00e4rka tj\u00e4nstesektorn. H\u00e4r ber\u00e4ttar Johannes Nathell, Almegas expert p\u00e5 EU-fr\u00e5gor, varf\u00f6r detta \u00e4r avg\u00f6rande f\u00f6r svenska tj\u00e4nstef\u00f6retag.<\/p>\n","protected":false},"author":16543,"featured_media":66209,"comment_status":"closed","ping_status":"closed","sticky":false,"template":"","format":"standard","meta":{"_acf_changed":false,"footnotes":""},"categories":[79],"tags":[],"article_type":[55],"agreement":[],"class_list":["post-77571","post","type-post","status-publish","format-standard","has-post-thumbnail","hentry","category-eu-och-internationellt","type-artiklar"],"acf":[],"yoast_head":"<!-- This site is optimized with the Yoast SEO Premium plugin v26.8 (Yoast SEO v26.8) - https:\/\/yoast.com\/product\/yoast-seo-premium-wordpress\/ -->\n<title>Tre \u00e5tg\u00e4rder f\u00f6r att st\u00e4rka tj\u00e4nstesektorn i EU | Almega<\/title>\n<meta name=\"robots\" content=\"index, follow, max-snippet:-1, max-image-preview:large, max-video-preview:-1\" \/>\n<link rel=\"canonical\" href=\"https:\/\/www.almega.se\/2025\/02\/tre-atgarder-for-att-starka-tjanstesektorn-i-eu\/\" \/>\n<meta property=\"og:locale\" content=\"sv_SE\" \/>\n<meta property=\"og:type\" content=\"article\" \/>\n<meta property=\"og:title\" content=\"Tre \u00e5tg\u00e4rder f\u00f6r att st\u00e4rka tj\u00e4nstesektorn i EU\" \/>\n<meta property=\"og:description\" content=\"EU-kommissionen utvecklar en ny strategi f\u00f6r den inre marknaden \u2013 en viktig m\u00f6jlighet att st\u00e4rka tj\u00e4nstesektorn. H\u00e4r ber\u00e4ttar Johannes Nathell, Almegas expert p\u00e5 EU-fr\u00e5gor, varf\u00f6r detta \u00e4r avg\u00f6rande f\u00f6r svenska tj\u00e4nstef\u00f6retag.\" \/>\n<meta property=\"og:url\" content=\"https:\/\/www.almega.se\/2025\/02\/tre-atgarder-for-att-starka-tjanstesektorn-i-eu\/\" \/>\n<meta property=\"og:site_name\" content=\"Almega\" \/>\n<meta property=\"article:published_time\" content=\"2025-02-03T12:28:10+00:00\" \/>\n<meta property=\"article:modified_time\" content=\"2025-02-03T12:30:38+00:00\" \/>\n<meta property=\"og:image\" content=\"https:\/\/www.almega.se\/app\/uploads\/2023\/09\/791b6b11-4839-425f-9be0-7fcc0c061e93.png\" \/>\n\t<meta property=\"og:image:width\" content=\"1\" \/>\n\t<meta property=\"og:image:height\" content=\"1\" \/>\n\t<meta property=\"og:image:type\" content=\"image\/jpeg\" \/>\n<meta name=\"author\" content=\"R\u00e9ka Tolnai\" \/>\n<meta name=\"twitter:card\" content=\"summary_large_image\" \/>\n<meta name=\"twitter:label1\" content=\"Skriven av\" \/>\n\t<meta name=\"twitter:data1\" content=\"R\u00e9ka Tolnai\" \/>\n\t<meta name=\"twitter:label2\" content=\"Ber\u00e4knad l\u00e4stid\" \/>\n\t<meta name=\"twitter:data2\" content=\"3 minuter\" \/>\n<!-- \/ Yoast SEO Premium plugin. -->","yoast_head_json":{"title":"Tre \u00e5tg\u00e4rder f\u00f6r att st\u00e4rka tj\u00e4nstesektorn i EU | Almega","robots":{"index":"index","follow":"follow","max-snippet":"max-snippet:-1","max-image-preview":"max-image-preview:large","max-video-preview":"max-video-preview:-1"},"canonical":"https:\/\/www.almega.se\/2025\/02\/tre-atgarder-for-att-starka-tjanstesektorn-i-eu\/","og_locale":"sv_SE","og_type":"article","og_title":"Tre \u00e5tg\u00e4rder f\u00f6r att st\u00e4rka tj\u00e4nstesektorn i EU","og_description":"EU-kommissionen utvecklar en ny strategi f\u00f6r den inre marknaden \u2013 en viktig m\u00f6jlighet att st\u00e4rka tj\u00e4nstesektorn. H\u00e4r ber\u00e4ttar Johannes Nathell, Almegas expert p\u00e5 EU-fr\u00e5gor, varf\u00f6r detta \u00e4r avg\u00f6rande f\u00f6r svenska tj\u00e4nstef\u00f6retag.","og_url":"https:\/\/www.almega.se\/2025\/02\/tre-atgarder-for-att-starka-tjanstesektorn-i-eu\/","og_site_name":"Almega","article_published_time":"2025-02-03T12:28:10+00:00","article_modified_time":"2025-02-03T12:30:38+00:00","og_image":[{"url":"https:\/\/www.almega.se\/app\/uploads\/2023\/09\/791b6b11-4839-425f-9be0-7fcc0c061e93.png","width":1,"height":1,"type":"image\/jpeg"}],"author":"R\u00e9ka Tolnai","twitter_card":"summary_large_image","twitter_misc":{"Skriven av":"R\u00e9ka Tolnai","Ber\u00e4knad l\u00e4stid":"3 minuter"},"schema":{"@context":"https:\/\/schema.org","@graph":[{"@type":"NewsArticle","@id":"https:\/\/www.almega.se\/2025\/02\/tre-atgarder-for-att-starka-tjanstesektorn-i-eu\/#article","isPartOf":{"@id":"https:\/\/www.almega.se\/2025\/02\/tre-atgarder-for-att-starka-tjanstesektorn-i-eu\/"},"author":{"name":"R\u00e9ka Tolnai","@id":"https:\/\/www.almega.se\/#\/schema\/person\/e54aa110880538cf5ceac0ac54bbecf7"},"headline":"Tre \u00e5tg\u00e4rder f\u00f6r att st\u00e4rka tj\u00e4nstesektorn i EU","datePublished":"2025-02-03T12:28:10+00:00","dateModified":"2025-02-03T12:30:38+00:00","mainEntityOfPage":{"@id":"https:\/\/www.almega.se\/2025\/02\/tre-atgarder-for-att-starka-tjanstesektorn-i-eu\/"},"wordCount":667,"image":{"@id":"https:\/\/www.almega.se\/2025\/02\/tre-atgarder-for-att-starka-tjanstesektorn-i-eu\/#primaryimage"},"thumbnailUrl":"https:\/\/www.almega.se\/app\/uploads\/2023\/09\/791b6b11-4839-425f-9be0-7fcc0c061e93.png","articleSection":["EU och internationellt"],"inLanguage":"sv-SE"},{"@type":"WebPage","@id":"https:\/\/www.almega.se\/2025\/02\/tre-atgarder-for-att-starka-tjanstesektorn-i-eu\/","url":"https:\/\/www.almega.se\/2025\/02\/tre-atgarder-for-att-starka-tjanstesektorn-i-eu\/","name":"Tre \u00e5tg\u00e4rder f\u00f6r att st\u00e4rka tj\u00e4nstesektorn i EU | Almega","isPartOf":{"@id":"https:\/\/www.almega.se\/#website"},"primaryImageOfPage":{"@id":"https:\/\/www.almega.se\/2025\/02\/tre-atgarder-for-att-starka-tjanstesektorn-i-eu\/#primaryimage"},"image":{"@id":"https:\/\/www.almega.se\/2025\/02\/tre-atgarder-for-att-starka-tjanstesektorn-i-eu\/#primaryimage"},"thumbnailUrl":"https:\/\/www.almega.se\/app\/uploads\/2023\/09\/791b6b11-4839-425f-9be0-7fcc0c061e93.png","datePublished":"2025-02-03T12:28:10+00:00","dateModified":"2025-02-03T12:30:38+00:00","author":{"@id":"https:\/\/www.almega.se\/#\/schema\/person\/e54aa110880538cf5ceac0ac54bbecf7"},"breadcrumb":{"@id":"https:\/\/www.almega.se\/2025\/02\/tre-atgarder-for-att-starka-tjanstesektorn-i-eu\/#breadcrumb"},"inLanguage":"sv-SE","potentialAction":[{"@type":"ReadAction","target":["https:\/\/www.almega.se\/2025\/02\/tre-atgarder-for-att-starka-tjanstesektorn-i-eu\/"]}]},{"@type":"ImageObject","inLanguage":"sv-SE","@id":"https:\/\/www.almega.se\/2025\/02\/tre-atgarder-for-att-starka-tjanstesektorn-i-eu\/#primaryimage","url":"https:\/\/www.almega.se\/app\/uploads\/2023\/09\/791b6b11-4839-425f-9be0-7fcc0c061e93.png","contentUrl":"https:\/\/www.almega.se\/app\/uploads\/2023\/09\/791b6b11-4839-425f-9be0-7fcc0c061e93.png","caption":"Johannes Nathell, n\u00e4ringspolitisk expert, Almega"},{"@type":"BreadcrumbList","@id":"https:\/\/www.almega.se\/2025\/02\/tre-atgarder-for-att-starka-tjanstesektorn-i-eu\/#breadcrumb","itemListElement":[{"@type":"ListItem","position":1,"name":"Home","item":"https:\/\/www.almega.se\/"},{"@type":"ListItem","position":2,"name":"Tre \u00e5tg\u00e4rder f\u00f6r att st\u00e4rka tj\u00e4nstesektorn i EU"}]},{"@type":"WebSite","@id":"https:\/\/www.almega.se\/#website","url":"https:\/\/www.almega.se\/","name":"Almega","description":"","potentialAction":[{"@type":"SearchAction","target":{"@type":"EntryPoint","urlTemplate":"https:\/\/www.almega.se\/?s={search_term_string}"},"query-input":{"@type":"PropertyValueSpecification","valueRequired":true,"valueName":"search_term_string"}}],"inLanguage":"sv-SE"},{"@type":"Person","@id":"https:\/\/www.almega.se\/#\/schema\/person\/e54aa110880538cf5ceac0ac54bbecf7","name":"R\u00e9ka Tolnai","image":{"@type":"ImageObject","inLanguage":"sv-SE","@id":"https:\/\/www.almega.se\/#\/schema\/person\/image\/","url":"https:\/\/secure.gravatar.com\/avatar\/c722d4a4ee787603df9df499a683d681bd2c463bde248da25aabc45883d614d2?s=96&d=mm&r=g","contentUrl":"https:\/\/secure.gravatar.com\/avatar\/c722d4a4ee787603df9df499a683d681bd2c463bde248da25aabc45883d614d2?s=96&d=mm&r=g","caption":"R\u00e9ka Tolnai"},"url":"https:\/\/www.almega.se\/person\/rekatolnai\/"}]}},"_links":{"self":[{"href":"https:\/\/www.almega.se\/api\/wp\/v2\/posts\/77571","targetHints":{"allow":["GET"]}}],"collection":[{"href":"https:\/\/www.almega.se\/api\/wp\/v2\/posts"}],"about":[{"href":"https:\/\/www.almega.se\/api\/wp\/v2\/types\/post"}],"author":[{"embeddable":true,"href":"https:\/\/www.almega.se\/api\/wp\/v2\/users\/16543"}],"replies":[{"embeddable":true,"href":"https:\/\/www.almega.se\/api\/wp\/v2\/comments?post=77571"}],"version-history":[{"count":3,"href":"https:\/\/www.almega.se\/api\/wp\/v2\/posts\/77571\/revisions"}],"predecessor-version":[{"id":77576,"href":"https:\/\/www.almega.se\/api\/wp\/v2\/posts\/77571\/revisions\/77576"}],"wp:featuredmedia":[{"embeddable":true,"href":"https:\/\/www.almega.se\/api\/wp\/v2\/media\/66209"}],"wp:attachment":[{"href":"https:\/\/www.almega.se\/api\/wp\/v2\/media?parent=77571"}],"wp:term":[{"taxonomy":"category","embeddable":true,"href":"https:\/\/www.almega.se\/api\/wp\/v2\/categories?post=77571"},{"taxonomy":"post_tag","embeddable":true,"href":"https:\/\/www.almega.se\/api\/wp\/v2\/tags?post=77571"},{"taxonomy":"type","embeddable":true,"href":"https:\/\/www.almega.se\/api\/wp\/v2\/article_type?post=77571"},{"taxonomy":"agreement","embeddable":true,"href":"https:\/\/www.almega.se\/api\/wp\/v2\/agreement?post=77571"}],"curies":[{"name":"wp","href":"https:\/\/api.w.org\/{rel}","templated":true}]}}