{"id":77562,"date":"2025-02-03T08:53:29","date_gmt":"2025-02-03T07:53:29","guid":{"rendered":"https:\/\/www.almega.se\/?p=77562"},"modified":"2025-02-03T08:53:29","modified_gmt":"2025-02-03T07:53:29","slug":"almega-pa-centerpartiets-kommundagar-for-battre-villkor-for-tjansteforetag","status":"publish","type":"post","link":"https:\/\/www.almega.se\/2025\/02\/almega-pa-centerpartiets-kommundagar-for-battre-villkor-for-tjansteforetag\/","title":{"rendered":"Almega p\u00e5 Centerpartiets kommundagar \u2013 f\u00f6r b\u00e4ttre villkor f\u00f6r tj\u00e4nste&shy;f\u00f6retag"},"content":{"rendered":"<p class=\"intro\">Almegas n\u00e4ringspolitiska enhet deltog tillsammans med Almega Utbildning, Kompetensf\u00f6retagen och V\u00e5rdf\u00f6retagarna p\u00e5 Centerpartiets kommundagar. <\/p>\n\n<p>Almegas n\u00e4ringspolitiska enhet deltog tillsammans med Almega Utbildning, Kompetensf\u00f6retagen och V\u00e5rdf\u00f6retagarna p\u00e5 Centerpartiets kommundagar f\u00f6r att lyfta tj\u00e4nstef\u00f6retagens avg\u00f6rande roll i v\u00e4lf\u00e4rd, arbetsmarknad och kompetensf\u00f6rs\u00f6rjning. F\u00f6r v\u00e5ra medlemsf\u00f6retag \u00e4r det viktigt att vi \u00e4r p\u00e5 plats d\u00e4r politiska beslut formas \u2013 f\u00f6r att p\u00e5verka regelverk, villkor och m\u00f6jligheter att driva och utveckla f\u00f6retag i Sverige.<\/p>\n\n\n\n<p>Under kommundagarna m\u00f6tte vi politiker och beslutsfattare p\u00e5 kommunal, regional och nationell niv\u00e5 f\u00f6r att diskutera hur en starkare tj\u00e4nstesektor kan bidra till jobbskapande, innovation och tillv\u00e4xt i hela landet. Vi lyfte behovet av b\u00e4ttre upphandlingar, s\u00e4nkta arbetsgivaravgifter och vikten av valfrihet inom v\u00e4lf\u00e4rdssektor f\u00f6r att leverera kvalitet till medborgarna.<\/p>\n\n\n\n<blockquote class=\"wp-block-quote is-layout-flow wp-block-quote-is-layout-flow\">\n<p>Genom v\u00e5r n\u00e4rvaro p\u00e5 partidagar s\u00e4kerst\u00e4ller vi att tj\u00e4nstef\u00f6retagens r\u00f6st h\u00f6rs och att politiska beslut grundas i verkligheten \u2013 d\u00e4r v\u00e5ra medlemsf\u00f6retag varje dag skapar jobb och tillv\u00e4xt.<\/p>\n<cite>Fredrik \u00d6stbom, n\u00e4ringspolitisk chef, Almega <\/cite><\/blockquote>\n","protected":false},"excerpt":{"rendered":"<p>Almegas n\u00e4ringspolitiska enhet deltog tillsammans med Almega Utbildning, Kompetensf\u00f6retagen och V\u00e5rdf\u00f6retagarna p\u00e5 Centerpartiets kommundagar. <\/p>\n","protected":false},"author":16543,"featured_media":77563,"comment_status":"closed","ping_status":"closed","sticky":false,"template":"","format":"standard","meta":{"_acf_changed":false,"footnotes":""},"categories":[581],"tags":[],"article_type":[55,56],"agreement":[],"class_list":["post-77562","post","type-post","status-publish","format-standard","has-post-thumbnail","hentry","category-tjanstesektorns-betydelse","type-artiklar","type-nyheter"],"acf":[],"yoast_head":"<!-- This site is optimized with the Yoast SEO Premium plugin v26.8 (Yoast SEO v26.8) - https:\/\/yoast.com\/product\/yoast-seo-premium-wordpress\/ -->\n<title>Almega p\u00e5 Centerpartiets kommundagar \u2013 f\u00f6r b\u00e4ttre villkor f\u00f6r tj\u00e4nstef\u00f6retag | Almega<\/title>\n<meta name=\"robots\" content=\"index, follow, max-snippet:-1, max-image-preview:large, max-video-preview:-1\" \/>\n<link rel=\"canonical\" href=\"https:\/\/www.almega.se\/2025\/02\/almega-pa-centerpartiets-kommundagar-for-battre-villkor-for-tjansteforetag\/\" \/>\n<meta property=\"og:locale\" content=\"sv_SE\" \/>\n<meta property=\"og:type\" content=\"article\" \/>\n<meta property=\"og:title\" content=\"Almega p\u00e5 Centerpartiets kommundagar \u2013 f\u00f6r b\u00e4ttre villkor f\u00f6r tj\u00e4nstef\u00f6retag\" \/>\n<meta property=\"og:description\" content=\"Almegas n\u00e4ringspolitiska enhet deltog tillsammans med Almega Utbildning, Kompetensf\u00f6retagen och V\u00e5rdf\u00f6retagarna p\u00e5 Centerpartiets kommundagar.\" \/>\n<meta property=\"og:url\" content=\"https:\/\/www.almega.se\/2025\/02\/almega-pa-centerpartiets-kommundagar-for-battre-villkor-for-tjansteforetag\/\" \/>\n<meta property=\"og:site_name\" content=\"Almega\" \/>\n<meta property=\"article:published_time\" content=\"2025-02-03T07:53:29+00:00\" \/>\n<meta property=\"og:image\" content=\"https:\/\/www.almega.se\/app\/uploads\/2025\/02\/474971930_650795220631856_6515501341466819923_n.jpg\" \/>\n\t<meta property=\"og:image:width\" content=\"2258\" \/>\n\t<meta property=\"og:image:height\" content=\"2258\" \/>\n\t<meta property=\"og:image:type\" content=\"image\/jpeg\" \/>\n<meta name=\"author\" content=\"R\u00e9ka Tolnai\" \/>\n<meta name=\"twitter:card\" content=\"summary_large_image\" \/>\n<meta name=\"twitter:label1\" content=\"Skriven av\" \/>\n\t<meta name=\"twitter:data1\" content=\"R\u00e9ka Tolnai\" \/>\n\t<meta name=\"twitter:label2\" content=\"Ber\u00e4knad l\u00e4stid\" \/>\n\t<meta name=\"twitter:data2\" content=\"1 minut\" \/>\n<!-- \/ Yoast SEO Premium plugin. -->","yoast_head_json":{"title":"Almega p\u00e5 Centerpartiets kommundagar \u2013 f\u00f6r b\u00e4ttre villkor f\u00f6r tj\u00e4nstef\u00f6retag | Almega","robots":{"index":"index","follow":"follow","max-snippet":"max-snippet:-1","max-image-preview":"max-image-preview:large","max-video-preview":"max-video-preview:-1"},"canonical":"https:\/\/www.almega.se\/2025\/02\/almega-pa-centerpartiets-kommundagar-for-battre-villkor-for-tjansteforetag\/","og_locale":"sv_SE","og_type":"article","og_title":"Almega p\u00e5 Centerpartiets kommundagar \u2013 f\u00f6r b\u00e4ttre villkor f\u00f6r tj\u00e4nstef\u00f6retag","og_description":"Almegas n\u00e4ringspolitiska enhet deltog tillsammans med Almega Utbildning, Kompetensf\u00f6retagen och V\u00e5rdf\u00f6retagarna p\u00e5 Centerpartiets kommundagar.","og_url":"https:\/\/www.almega.se\/2025\/02\/almega-pa-centerpartiets-kommundagar-for-battre-villkor-for-tjansteforetag\/","og_site_name":"Almega","article_published_time":"2025-02-03T07:53:29+00:00","og_image":[{"width":2258,"height":2258,"url":"https:\/\/www.almega.se\/app\/uploads\/2025\/02\/474971930_650795220631856_6515501341466819923_n.jpg","type":"image\/jpeg"}],"author":"R\u00e9ka Tolnai","twitter_card":"summary_large_image","twitter_misc":{"Skriven av":"R\u00e9ka Tolnai","Ber\u00e4knad l\u00e4stid":"1 minut"},"schema":{"@context":"https:\/\/schema.org","@graph":[{"@type":"NewsArticle","@id":"https:\/\/www.almega.se\/2025\/02\/almega-pa-centerpartiets-kommundagar-for-battre-villkor-for-tjansteforetag\/#article","isPartOf":{"@id":"https:\/\/www.almega.se\/2025\/02\/almega-pa-centerpartiets-kommundagar-for-battre-villkor-for-tjansteforetag\/"},"author":{"name":"R\u00e9ka Tolnai","@id":"https:\/\/www.almega.se\/#\/schema\/person\/e54aa110880538cf5ceac0ac54bbecf7"},"headline":"Almega p\u00e5 Centerpartiets kommundagar \u2013 f\u00f6r b\u00e4ttre villkor f\u00f6r tj\u00e4nste&shy;f\u00f6retag","datePublished":"2025-02-03T07:53:29+00:00","mainEntityOfPage":{"@id":"https:\/\/www.almega.se\/2025\/02\/almega-pa-centerpartiets-kommundagar-for-battre-villkor-for-tjansteforetag\/"},"wordCount":192,"image":{"@id":"https:\/\/www.almega.se\/2025\/02\/almega-pa-centerpartiets-kommundagar-for-battre-villkor-for-tjansteforetag\/#primaryimage"},"thumbnailUrl":"https:\/\/www.almega.se\/app\/uploads\/2025\/02\/474971930_650795220631856_6515501341466819923_n.jpg","articleSection":["Tj\u00e4nstesektorns betydelse"],"inLanguage":"sv-SE"},{"@type":"WebPage","@id":"https:\/\/www.almega.se\/2025\/02\/almega-pa-centerpartiets-kommundagar-for-battre-villkor-for-tjansteforetag\/","url":"https:\/\/www.almega.se\/2025\/02\/almega-pa-centerpartiets-kommundagar-for-battre-villkor-for-tjansteforetag\/","name":"Almega p\u00e5 Centerpartiets kommundagar \u2013 f\u00f6r b\u00e4ttre villkor f\u00f6r tj\u00e4nstef\u00f6retag | Almega","isPartOf":{"@id":"https:\/\/www.almega.se\/#website"},"primaryImageOfPage":{"@id":"https:\/\/www.almega.se\/2025\/02\/almega-pa-centerpartiets-kommundagar-for-battre-villkor-for-tjansteforetag\/#primaryimage"},"image":{"@id":"https:\/\/www.almega.se\/2025\/02\/almega-pa-centerpartiets-kommundagar-for-battre-villkor-for-tjansteforetag\/#primaryimage"},"thumbnailUrl":"https:\/\/www.almega.se\/app\/uploads\/2025\/02\/474971930_650795220631856_6515501341466819923_n.jpg","datePublished":"2025-02-03T07:53:29+00:00","author":{"@id":"https:\/\/www.almega.se\/#\/schema\/person\/e54aa110880538cf5ceac0ac54bbecf7"},"breadcrumb":{"@id":"https:\/\/www.almega.se\/2025\/02\/almega-pa-centerpartiets-kommundagar-for-battre-villkor-for-tjansteforetag\/#breadcrumb"},"inLanguage":"sv-SE","potentialAction":[{"@type":"ReadAction","target":["https:\/\/www.almega.se\/2025\/02\/almega-pa-centerpartiets-kommundagar-for-battre-villkor-for-tjansteforetag\/"]}]},{"@type":"ImageObject","inLanguage":"sv-SE","@id":"https:\/\/www.almega.se\/2025\/02\/almega-pa-centerpartiets-kommundagar-for-battre-villkor-for-tjansteforetag\/#primaryimage","url":"https:\/\/www.almega.se\/app\/uploads\/2025\/02\/474971930_650795220631856_6515501341466819923_n.jpg","contentUrl":"https:\/\/www.almega.se\/app\/uploads\/2025\/02\/474971930_650795220631856_6515501341466819923_n.jpg","width":2258,"height":2258},{"@type":"BreadcrumbList","@id":"https:\/\/www.almega.se\/2025\/02\/almega-pa-centerpartiets-kommundagar-for-battre-villkor-for-tjansteforetag\/#breadcrumb","itemListElement":[{"@type":"ListItem","position":1,"name":"Home","item":"https:\/\/www.almega.se\/"},{"@type":"ListItem","position":2,"name":"Almega p\u00e5 Centerpartiets kommundagar \u2013 f\u00f6r b\u00e4ttre villkor f\u00f6r tj\u00e4nste&shy;f\u00f6retag"}]},{"@type":"WebSite","@id":"https:\/\/www.almega.se\/#website","url":"https:\/\/www.almega.se\/","name":"Almega","description":"","potentialAction":[{"@type":"SearchAction","target":{"@type":"EntryPoint","urlTemplate":"https:\/\/www.almega.se\/?s={search_term_string}"},"query-input":{"@type":"PropertyValueSpecification","valueRequired":true,"valueName":"search_term_string"}}],"inLanguage":"sv-SE"},{"@type":"Person","@id":"https:\/\/www.almega.se\/#\/schema\/person\/e54aa110880538cf5ceac0ac54bbecf7","name":"R\u00e9ka Tolnai","image":{"@type":"ImageObject","inLanguage":"sv-SE","@id":"https:\/\/www.almega.se\/#\/schema\/person\/image\/","url":"https:\/\/secure.gravatar.com\/avatar\/c722d4a4ee787603df9df499a683d681bd2c463bde248da25aabc45883d614d2?s=96&d=mm&r=g","contentUrl":"https:\/\/secure.gravatar.com\/avatar\/c722d4a4ee787603df9df499a683d681bd2c463bde248da25aabc45883d614d2?s=96&d=mm&r=g","caption":"R\u00e9ka Tolnai"},"url":"https:\/\/www.almega.se\/person\/rekatolnai\/"}]}},"_links":{"self":[{"href":"https:\/\/www.almega.se\/api\/wp\/v2\/posts\/77562","targetHints":{"allow":["GET"]}}],"collection":[{"href":"https:\/\/www.almega.se\/api\/wp\/v2\/posts"}],"about":[{"href":"https:\/\/www.almega.se\/api\/wp\/v2\/types\/post"}],"author":[{"embeddable":true,"href":"https:\/\/www.almega.se\/api\/wp\/v2\/users\/16543"}],"replies":[{"embeddable":true,"href":"https:\/\/www.almega.se\/api\/wp\/v2\/comments?post=77562"}],"version-history":[{"count":2,"href":"https:\/\/www.almega.se\/api\/wp\/v2\/posts\/77562\/revisions"}],"predecessor-version":[{"id":77565,"href":"https:\/\/www.almega.se\/api\/wp\/v2\/posts\/77562\/revisions\/77565"}],"wp:featuredmedia":[{"embeddable":true,"href":"https:\/\/www.almega.se\/api\/wp\/v2\/media\/77563"}],"wp:attachment":[{"href":"https:\/\/www.almega.se\/api\/wp\/v2\/media?parent=77562"}],"wp:term":[{"taxonomy":"category","embeddable":true,"href":"https:\/\/www.almega.se\/api\/wp\/v2\/categories?post=77562"},{"taxonomy":"post_tag","embeddable":true,"href":"https:\/\/www.almega.se\/api\/wp\/v2\/tags?post=77562"},{"taxonomy":"type","embeddable":true,"href":"https:\/\/www.almega.se\/api\/wp\/v2\/article_type?post=77562"},{"taxonomy":"agreement","embeddable":true,"href":"https:\/\/www.almega.se\/api\/wp\/v2\/agreement?post=77562"}],"curies":[{"name":"wp","href":"https:\/\/api.w.org\/{rel}","templated":true}]}}