{"id":77158,"date":"2024-12-19T10:18:51","date_gmt":"2024-12-19T09:18:51","guid":{"rendered":"https:\/\/www.almega.se\/?p=77158"},"modified":"2024-12-19T10:45:32","modified_gmt":"2024-12-19T09:45:32","slug":"fastighets-blir-ny-facklig-part-i-hastavtalen","status":"publish","type":"post","link":"https:\/\/www.almega.se\/2024\/12\/fastighets-blir-ny-facklig-part-i-hastavtalen\/","title":{"rendered":"Fastighets blir ny facklig part i H\u00e4st&shy;avtalen"},"content":{"rendered":"<p class=\"intro\">Fr\u00e5n och med 1 januari 2025 kommer Fastighetsanst\u00e4lldas f\u00f6rbund (nedan Fastighets) att bli facklig part i kollektivavtalen som Almega Tj\u00e4nstef\u00f6retagen tecknar f\u00f6r H\u00e4stn\u00e4ringen.<\/p>\n\n<p>Avtalen f\u00f6r H\u00e4stn\u00e4ringen f\u00e5r allts\u00e5 fr\u00e5n 1 januari 2025 Fastighets som facklig part i avtalen ist\u00e4llet f\u00f6r Kommunal. De tre ber\u00f6rda kollektivavtalen \u00e4r:<\/p>\n\n\n\n<ul class=\"wp-block-list\">\n<li>Ridl\u00e4rare, h\u00e4stsk\u00f6tare och \u00f6vrig personal hos ridhusf\u00f6retag (Ridhusf\u00f6retag)&nbsp;<\/li>\n\n\n\n<li>Banarbetare vid travbanor (Travbanor)&nbsp;<\/li>\n\n\n\n<li>H\u00e4stsk\u00f6tare och \u00f6vrig personal hos travtr\u00e4nare och galopptr\u00e4nare (Trav- och galopptr\u00e4nare)<\/li>\n<\/ul>\n\n\n\n<p>Fastighets blir \u00e4ven bunden av de kollektivavtal p\u00e5 huvudavtalsniv\u00e5 som nu \u00e4r g\u00e4llande f\u00f6r H\u00e4stn\u00e4ringen samt eventuellt f\u00f6rekommande lokala kollektivavtal.<\/p>\n\n\n\n<p>Bakgrunden \u00e4r att LO under v\u00e5ren 2024 beslutat att omf\u00f6rdela vissa avtals- och organisationsomr\u00e5den mellan LO-f\u00f6rbunden, fr\u00e4mst inom den gr\u00f6na sektorn. Omf\u00f6rdelningarna inneb\u00e4r, f\u00f6r Almega Tj\u00e4nstef\u00f6retagen, att de tre kollektivavtalen f\u00f6r H\u00e4stn\u00e4ringen f\u00e5r Fastighets som facklig part ist\u00e4llet f\u00f6r Kommunal<\/p>\n\n\n\n<h3 class=\"wp-block-heading\" id=\"h-vad-innebar-detta-for-arbetsgivaren\">Vad inneb\u00e4r detta f\u00f6r arbetsgivaren?<\/h3>\n\n\n\n<p>Fr\u00e5n 1 januari 2025, n\u00e4r Fastighets \u00e4r kollektivavtalsb\u00e4rande part, ska MBL-f\u00f6rhandlingar (exempelvis planerad omorganisation, f\u00f6rl\u00e4ggning av semester osv) p\u00e5kallas hos Fastighet ist\u00e4llet f\u00f6r hos Kommunal. Kontaktuppgifter till Fastighets regionkontor finns p\u00e5 deras hemsida <a href=\"https:\/\/www.fastighets.se\/kontakta\/\">Kontakt &#8211; Fastighetsanst\u00e4lldas F\u00f6rbund<\/a>.<\/p>\n\n\n\n<h3 class=\"wp-block-heading\" id=\"h-vad-hander-med-lokala-kollektivavtal\">Vad h\u00e4nder med lokala kollektivavtal?<\/h3>\n\n\n\n<p>Omf\u00f6rdelningen inneb\u00e4r att Fastighets automatiskt \u00e4ven blir part i de lokala kollektivavtal som kan ha tecknats med Kommunal lokalt. Eventuella lokala kollektivavtal f\u00f6rs\u00e4tter allts\u00e5 alltj\u00e4mt att g\u00e4lla. &nbsp;<\/p>\n\n\n\n<h3 class=\"wp-block-heading\" id=\"h-vad-innebar-detta-for-era-anstallda-som-idag-ar-medlemmar-i-kommunal\">Vad inneb\u00e4r detta f\u00f6r era anst\u00e4llda som idag \u00e4r medlemmar i Kommunal?<\/h3>\n\n\n\n<p>Medlemskap i en facklig organisation \u00e4r ett individuellt val och individen tar sj\u00e4lv st\u00e4llning till vilken fackf\u00f6rening man vill vara medlem i.<\/p>\n\n\n\n<h3 class=\"wp-block-heading\" id=\"h-vilken-information-far-vara-anstallda\">Vilken information f\u00e5r v\u00e5ra anst\u00e4llda?<\/h3>\n\n\n\n<p>Fastighets och Kommunal kommer idag att informera sina medlemmar om bytet av facklig part i kollektivavtalet. Fackf\u00f6rbunden har ocks\u00e5 tidigare g\u00e5tt ut med information om bytet. &nbsp;<\/p>\n\n\n\n<h3 class=\"wp-block-heading\" id=\"h-fragor\">Fr\u00e5gor<\/h3>\n\n\n\n<p>Har ni fler fr\u00e5gor om bytet av facklig part i kollektivavtalen f\u00f6r H\u00e4stn\u00e4ringen, v\u00e4nligen kontakta n\u00e5gon av kontaktpersonerna hos Almega.<\/p>\n\n\n\n<p><a href=\"https:\/\/www.almega.se\/app\/uploads\/2024\/12\/Protokoll-2024-12-18-Partsstallning-Hastavtalen-Tjansteforetagen-Kommunal-Fastighets.pdf\">L\u00e4nk till Protokollet<\/a><\/p>\n","protected":false},"excerpt":{"rendered":"<p>Avtalen f\u00f6r H\u00e4stn\u00e4ringen f\u00e5r allts\u00e5 fr\u00e5n 1 januari 2025 Fastighets som facklig part i avtalen ist\u00e4llet f\u00f6r Kommunal. De tre ber\u00f6rda kollektivavtalen \u00e4r: Fastighets blir \u00e4ven bunden av de kollektivavtal p\u00e5 huvudavtalsniv\u00e5 som nu \u00e4r &hellip;<\/p>\n","protected":false},"author":14836,"featured_media":0,"comment_status":"closed","ping_status":"closed","sticky":false,"template":"","format":"standard","meta":{"_acf_changed":false,"footnotes":""},"categories":[724],"tags":[],"article_type":[313],"agreement":[197,107,189],"class_list":["post-77158","post","type-post","status-publish","format-standard","hentry","category-kollektivavtal","type-arbetsgivarnytt","agreement-4dce80f7-ff07-de11-b4e1-02bf9e69ca65","agreement-4cce80f7-ff07-de11-b4e1-02bf9e69ca65","agreement-4fce80f7-ff07-de11-b4e1-02bf9e69ca65"],"acf":[],"yoast_head":"<!-- This site is optimized with the Yoast SEO Premium plugin v26.8 (Yoast SEO v26.8) - https:\/\/yoast.com\/product\/yoast-seo-premium-wordpress\/ -->\n<title>Fastighets blir ny facklig part i H\u00e4stavtalen | Almega<\/title>\n<meta name=\"robots\" content=\"index, follow, max-snippet:-1, max-image-preview:large, max-video-preview:-1\" \/>\n<link rel=\"canonical\" href=\"https:\/\/www.almega.se\/2024\/12\/fastighets-blir-ny-facklig-part-i-hastavtalen\/\" \/>\n<meta property=\"og:locale\" content=\"sv_SE\" \/>\n<meta property=\"og:type\" content=\"article\" \/>\n<meta property=\"og:title\" content=\"Fastighets blir ny facklig part i H\u00e4stavtalen\" \/>\n<meta property=\"og:description\" content=\"Avtalen f\u00f6r H\u00e4stn\u00e4ringen f\u00e5r allts\u00e5 fr\u00e5n 1 januari 2025 Fastighets som facklig part i avtalen ist\u00e4llet f\u00f6r Kommunal. De tre ber\u00f6rda kollektivavtalen \u00e4r: Fastighets blir \u00e4ven bunden av de kollektivavtal p\u00e5 huvudavtalsniv\u00e5 som nu \u00e4r &hellip;\" \/>\n<meta property=\"og:url\" content=\"https:\/\/www.almega.se\/2024\/12\/fastighets-blir-ny-facklig-part-i-hastavtalen\/\" \/>\n<meta property=\"og:site_name\" content=\"Almega\" \/>\n<meta property=\"article:published_time\" content=\"2024-12-19T09:18:51+00:00\" \/>\n<meta property=\"article:modified_time\" content=\"2024-12-19T09:45:32+00:00\" \/>\n<meta property=\"og:image\" content=\"https:\/\/www.almega.se\/app\/uploads\/2020\/12\/almega-share-logo.png\" \/>\n\t<meta property=\"og:image:width\" content=\"1200\" \/>\n\t<meta property=\"og:image:height\" content=\"630\" \/>\n\t<meta property=\"og:image:type\" content=\"image\/png\" \/>\n<meta name=\"author\" content=\"Eva Pettersson\" \/>\n<meta name=\"twitter:card\" content=\"summary_large_image\" \/>\n<meta name=\"twitter:label1\" content=\"Skriven av\" \/>\n\t<meta name=\"twitter:data1\" content=\"Eva Pettersson\" \/>\n\t<meta name=\"twitter:label2\" content=\"Ber\u00e4knad l\u00e4stid\" \/>\n\t<meta name=\"twitter:data2\" content=\"2 minuter\" \/>\n<!-- \/ Yoast SEO Premium plugin. -->","yoast_head_json":{"title":"Fastighets blir ny facklig part i H\u00e4stavtalen | Almega","robots":{"index":"index","follow":"follow","max-snippet":"max-snippet:-1","max-image-preview":"max-image-preview:large","max-video-preview":"max-video-preview:-1"},"canonical":"https:\/\/www.almega.se\/2024\/12\/fastighets-blir-ny-facklig-part-i-hastavtalen\/","og_locale":"sv_SE","og_type":"article","og_title":"Fastighets blir ny facklig part i H\u00e4stavtalen","og_description":"Avtalen f\u00f6r H\u00e4stn\u00e4ringen f\u00e5r allts\u00e5 fr\u00e5n 1 januari 2025 Fastighets som facklig part i avtalen ist\u00e4llet f\u00f6r Kommunal. De tre ber\u00f6rda kollektivavtalen \u00e4r: Fastighets blir \u00e4ven bunden av de kollektivavtal p\u00e5 huvudavtalsniv\u00e5 som nu \u00e4r &hellip;","og_url":"https:\/\/www.almega.se\/2024\/12\/fastighets-blir-ny-facklig-part-i-hastavtalen\/","og_site_name":"Almega","article_published_time":"2024-12-19T09:18:51+00:00","article_modified_time":"2024-12-19T09:45:32+00:00","og_image":[{"width":1200,"height":630,"url":"https:\/\/www.almega.se\/app\/uploads\/2020\/12\/almega-share-logo.png","type":"image\/png"}],"author":"Eva Pettersson","twitter_card":"summary_large_image","twitter_misc":{"Skriven av":"Eva Pettersson","Ber\u00e4knad l\u00e4stid":"2 minuter"},"schema":{"@context":"https:\/\/schema.org","@graph":[{"@type":"NewsArticle","@id":"https:\/\/www.almega.se\/2024\/12\/fastighets-blir-ny-facklig-part-i-hastavtalen\/#article","isPartOf":{"@id":"https:\/\/www.almega.se\/2024\/12\/fastighets-blir-ny-facklig-part-i-hastavtalen\/"},"author":{"name":"Eva Pettersson","@id":"https:\/\/www.almega.se\/#\/schema\/person\/50d695bb8f918c77bd2be177892f84b1"},"headline":"Fastighets blir ny facklig part i H\u00e4st&shy;avtalen","datePublished":"2024-12-19T09:18:51+00:00","dateModified":"2024-12-19T09:45:32+00:00","mainEntityOfPage":{"@id":"https:\/\/www.almega.se\/2024\/12\/fastighets-blir-ny-facklig-part-i-hastavtalen\/"},"wordCount":355,"articleSection":["Kollektivavtal"],"inLanguage":"sv-SE"},{"@type":"WebPage","@id":"https:\/\/www.almega.se\/2024\/12\/fastighets-blir-ny-facklig-part-i-hastavtalen\/","url":"https:\/\/www.almega.se\/2024\/12\/fastighets-blir-ny-facklig-part-i-hastavtalen\/","name":"Fastighets blir ny facklig part i H\u00e4stavtalen | Almega","isPartOf":{"@id":"https:\/\/www.almega.se\/#website"},"datePublished":"2024-12-19T09:18:51+00:00","dateModified":"2024-12-19T09:45:32+00:00","author":{"@id":"https:\/\/www.almega.se\/#\/schema\/person\/50d695bb8f918c77bd2be177892f84b1"},"breadcrumb":{"@id":"https:\/\/www.almega.se\/2024\/12\/fastighets-blir-ny-facklig-part-i-hastavtalen\/#breadcrumb"},"inLanguage":"sv-SE","potentialAction":[{"@type":"ReadAction","target":["https:\/\/www.almega.se\/2024\/12\/fastighets-blir-ny-facklig-part-i-hastavtalen\/"]}]},{"@type":"BreadcrumbList","@id":"https:\/\/www.almega.se\/2024\/12\/fastighets-blir-ny-facklig-part-i-hastavtalen\/#breadcrumb","itemListElement":[{"@type":"ListItem","position":1,"name":"Home","item":"https:\/\/www.almega.se\/"},{"@type":"ListItem","position":2,"name":"Fastighets blir ny facklig part i H\u00e4st&shy;avtalen"}]},{"@type":"WebSite","@id":"https:\/\/www.almega.se\/#website","url":"https:\/\/www.almega.se\/","name":"Almega","description":"","potentialAction":[{"@type":"SearchAction","target":{"@type":"EntryPoint","urlTemplate":"https:\/\/www.almega.se\/?s={search_term_string}"},"query-input":{"@type":"PropertyValueSpecification","valueRequired":true,"valueName":"search_term_string"}}],"inLanguage":"sv-SE"},{"@type":"Person","@id":"https:\/\/www.almega.se\/#\/schema\/person\/50d695bb8f918c77bd2be177892f84b1","name":"Eva Pettersson","image":{"@type":"ImageObject","inLanguage":"sv-SE","@id":"https:\/\/www.almega.se\/#\/schema\/person\/image\/","url":"https:\/\/secure.gravatar.com\/avatar\/c4811d04bd37924073d3b0ce1984d0651f0f37902ffb665f3ca439bb5b3e306f?s=96&d=mm&r=g","contentUrl":"https:\/\/secure.gravatar.com\/avatar\/c4811d04bd37924073d3b0ce1984d0651f0f37902ffb665f3ca439bb5b3e306f?s=96&d=mm&r=g","caption":"Eva Pettersson"},"url":"https:\/\/www.almega.se\/person\/evapettersson-2\/"}]}},"_links":{"self":[{"href":"https:\/\/www.almega.se\/api\/wp\/v2\/posts\/77158","targetHints":{"allow":["GET"]}}],"collection":[{"href":"https:\/\/www.almega.se\/api\/wp\/v2\/posts"}],"about":[{"href":"https:\/\/www.almega.se\/api\/wp\/v2\/types\/post"}],"author":[{"embeddable":true,"href":"https:\/\/www.almega.se\/api\/wp\/v2\/users\/14836"}],"replies":[{"embeddable":true,"href":"https:\/\/www.almega.se\/api\/wp\/v2\/comments?post=77158"}],"version-history":[{"count":9,"href":"https:\/\/www.almega.se\/api\/wp\/v2\/posts\/77158\/revisions"}],"predecessor-version":[{"id":77168,"href":"https:\/\/www.almega.se\/api\/wp\/v2\/posts\/77158\/revisions\/77168"}],"wp:attachment":[{"href":"https:\/\/www.almega.se\/api\/wp\/v2\/media?parent=77158"}],"wp:term":[{"taxonomy":"category","embeddable":true,"href":"https:\/\/www.almega.se\/api\/wp\/v2\/categories?post=77158"},{"taxonomy":"post_tag","embeddable":true,"href":"https:\/\/www.almega.se\/api\/wp\/v2\/tags?post=77158"},{"taxonomy":"type","embeddable":true,"href":"https:\/\/www.almega.se\/api\/wp\/v2\/article_type?post=77158"},{"taxonomy":"agreement","embeddable":true,"href":"https:\/\/www.almega.se\/api\/wp\/v2\/agreement?post=77158"}],"curies":[{"name":"wp","href":"https:\/\/api.w.org\/{rel}","templated":true}]}}