{"id":77123,"date":"2024-12-17T07:27:00","date_gmt":"2024-12-17T06:27:00","guid":{"rendered":"https:\/\/www.almega.se\/2024\/12\/almegas-tjansteindikator-uppgangen-drojer-jobben-blir-farre\/"},"modified":"2024-12-18T08:23:20","modified_gmt":"2024-12-18T07:23:20","slug":"almegas-tjansteindikator-uppgangen-drojer-jobben-blir-farre","status":"publish","type":"post","link":"https:\/\/www.almega.se\/2024\/12\/almegas-tjansteindikator-uppgangen-drojer-jobben-blir-farre\/","title":{"rendered":"Almegas tj\u00e4nsteindikator: Uppg\u00e5ngen dr\u00f6jer \u2013 jobben blir f\u00e4rre"},"content":{"rendered":"<p class=\"intro\">\u201dTj\u00e4nsteproduktionen h\u00e5lls delvis uppe av exporten och den svaga kronan. Det som verkligen oroar \u00e4r att jobben f\u00f6rsvinner i allt snabbare takt\u201d, s\u00e4ger Patrick Joyce, chefekonom p\u00e5 Almega.<\/p>\n\n<p>L\u00e4get \u00e4r fortsatt tufft i tj\u00e4nstesektorn med l\u00e5g efterfr\u00e5gan p\u00e5 s\u00e5v\u00e4l konsument- som f\u00f6retagstj\u00e4nster. Och \u00e4ven om produktionen \u00f6kar n\u00e5got skjuts v\u00e4ndningen allt l\u00e4ngre p\u00e5 framtiden. <\/p>\n\n\n\n<p>\u2013 Tj\u00e4nsteproduktionen h\u00e5lls delvis uppe av exporten och den svaga kronan. Det som verkligen oroar \u00e4r att jobben f\u00f6rsvinner i allt snabbare takt, s\u00e4ger Patrick Joyce, chefekonom p\u00e5 Almega.<\/p>\n\n\n\n<p>Trots ett tufft l\u00e4ge, med svag hush\u00e5llskonsumtion och l\u00e5g efterfr\u00e5gan p\u00e5 f\u00f6retagstj\u00e4nster fr\u00e5n industri- och byggsektorn, \u00f6kade \u00e4nd\u00e5 produktionen i tj\u00e4nstesektorn procent under \u00e5rets tredje kvartal.<\/p>\n\n\n\n<p>\u2013 Uppg\u00e5ngen var blygsam, 0,9 procent, och delvis driven av tj\u00e4nsteexporten och den svaga kronan. Sedan \u00e4r det en bransch som verkligen r\u00e4ddar situationen, tillv\u00e4xten inom informations- och kommunikations\u00adsektorn var hela 6,9 procent, s\u00e4ger Patrick Joyce, chefekonom p\u00e5 tj\u00e4nstef\u00f6retagens organisation Almega.<\/p>\n\n\n\n<p>Bland \u00f6vriga konsulter minskar produktionen, \u00e4ven om tillv\u00e4xten fortfarande \u00e4r positiv. Och f\u00f6r vissa branscher som tidigare haft det sv\u00e5rt har situationen ljusnat.<\/p>\n\n\n\n<p>\u2013 F\u00f6r exempelvis arkitekter inneb\u00e4r \u00f6kade f\u00f6rv\u00e4ntningar p\u00e5 att bostadsbyggandet tar fart igen n\u00e4sta \u00e5r att de \u00e4r betydligt mer hoppfulla om framtiden, s\u00e4ger Patrick Joyce.<\/p>\n\n\n\n      <blockquote class=\"Expert-comment__quote\">\n      <p>&#8221;Drygt 35 000 jobb har f\u00f6rsvunnit i den privata tj\u00e4nstesektorn under det senaste \u00e5ret&#8221;<\/p>\n\n      \n             <a href=\"https:\/\/www.almega.se\/person\/patrickjoyce\/\">\n          <figure class=\"Contact-card__image\">\n            <img decoding=\"async\" src=\"https:\/\/www.almega.se\/app\/uploads\/2026\/03\/Patrick_Joyce__DSF0902-380x285.jpg\" alt=\"Patrick Joyce\">\n          <\/figure>\n        <\/a>\n          \n      <h2 class=\"Contact-card__title\">Patrick Joyce<\/h2>\n      <p class=\"mb-0\">Chefekonom<\/p>\n      \n                  <a href=\"https:\/\/www.almega.se\/person\/patrickjoyce\/\" class=\"Contact-card__link\">\n        \n          <p class=\"Contact-card__arrow__text\">L\u00e4s mer<\/p>\n          \n          <svg class='icon icon--arrow-tip'  width=\"11\" height=\"16\" viewBox=\"0 0 11 16\" fill=\"none\" xmlns=\"http:\/\/www.w3.org\/2000\/svg\">\n<path d=\"M0.858398 15L9.2304 7.99664L0.967732 1.00001\" stroke=\"black\" stroke-width=\"2\" stroke-miterlimit=\"10\"\/>\n<\/svg>\n\n          \n      <\/a>\n\n      \n    \n  \n    <\/blockquote>\n  \n\n\n\n<p>I andra delar av tj\u00e4nstesektorn \u00e4r situationen alltj\u00e4mt dyster, och nu b\u00f6rjar ocks\u00e5 den l\u00e5ngvariga l\u00e5gkonjunkturen att f\u00e5 allvarliga effekter p\u00e5 arbetsmarknaden.<\/p>\n\n\n\n<p>\u2013 Drygt 35 000 jobb har f\u00f6rsvunnit i den privata tj\u00e4nstesektorn under det senaste \u00e5ret, den st\u00f6rsta nedg\u00e5ngen sedan pandemin, s\u00e4ger Patrick Joyce.<\/p>\n\n\n\n<p>St\u00f6rsta jobbf\u00f6rluster har skett inom bemanningsbranschen d\u00e4r antalet anst\u00e4llda har minskat med 12 300 personer p\u00e5 ett \u00e5r. Anledningen \u00e4r fr\u00e4mst den allt svagare arbetsmarknaden men \u00e4ven f\u00f6r\u00e4ndringar i uthyrningslagen.<\/p>\n\n\n\n<p>\u2013 Dessv\u00e4rre tyder Almegas arbetsmarknadsindikator p\u00e5 att antalet jobb i tj\u00e4nstesektorn kommer forts\u00e4tta att minska. Detta bekr\u00e4ftas genom att alla eventuella planer p\u00e5 att nyanst\u00e4lla har lagts p\u00e5 is, s\u00e4ger Patrick Joyce.<\/p>\n\n\n\n<p>Mer positivt \u00e4r att pris\u00f6kningarna inom tj\u00e4nstesektorn har avtagit. Under tredje kvartalet steg tj\u00e4nstef\u00f6retagens f\u00f6rs\u00e4ljningspriser med 2,4 procent i \u00e5rstakt \u2013 den l\u00e5ngsammaste \u00f6kningen p\u00e5 \u00f6ver tre \u00e5r.<\/p>\n\n\n\n<p>\u2013 F\u00f6retagens prisf\u00f6rv\u00e4ntningar har d\u00e4mpats och Almegas prisindikator tyder p\u00e5 att prish\u00f6jningarna p\u00e5 tj\u00e4nster kommer att minska ytterligare, s\u00e4ger Patrick Joyce.<\/p>\n\n\n\n      <a href=\"https:\/\/www.almega.se\/2024\/12\/almegas-tjansteindikator-for-fjarde-kvartalet-2024\/\" target=\"\" class=\"Button is-text Button--arrow-tip\">\n      \n        Almegas tj\u00e4nsteindikator f\u00f6r fj\u00e4rde kvartalet 2024\n      \n      \n                \n                <svg class='icon icon--arrow-tip'  width=\"11\" height=\"16\" viewBox=\"0 0 11 16\" fill=\"none\" xmlns=\"http:\/\/www.w3.org\/2000\/svg\">\n<path d=\"M0.858398 15L9.2304 7.99664L0.967732 1.00001\" stroke=\"black\" stroke-width=\"2\" stroke-miterlimit=\"10\"\/>\n<\/svg>\n\n        \n    <\/a>\n  \n","protected":false},"excerpt":{"rendered":"<p>L\u00e4get \u00e4r fortsatt tufft i tj\u00e4nstesektorn med l\u00e5g efterfr\u00e5gan p\u00e5 s\u00e5v\u00e4l konsument- som f\u00f6retagstj\u00e4nster. Och \u00e4ven om produktionen \u00f6kar n\u00e5got skjuts v\u00e4ndningen allt l\u00e4ngre p\u00e5 framtiden. \u2013 Tj\u00e4nsteproduktionen h\u00e5lls delvis uppe av exporten och den &hellip;<\/p>\n","protected":false},"author":14531,"featured_media":77124,"comment_status":"closed","ping_status":"closed","sticky":false,"template":"","format":"standard","meta":{"_acf_changed":false,"footnotes":""},"categories":[630,581],"tags":[392],"article_type":[93],"agreement":[],"class_list":["post-77123","post","type-post","status-publish","format-standard","has-post-thumbnail","hentry","category-konjunktur","category-tjanstesektorns-betydelse","tag-tjansteindikatorn","type-pressmeddelanden"],"acf":[],"yoast_head":"<!-- This site is optimized with the Yoast SEO Premium plugin v26.8 (Yoast SEO v26.8) - https:\/\/yoast.com\/product\/yoast-seo-premium-wordpress\/ -->\n<title>Almegas tj\u00e4nsteindikator: Uppg\u00e5ngen dr\u00f6jer \u2013 jobben blir f\u00e4rre | Almega<\/title>\n<meta name=\"robots\" content=\"index, follow, max-snippet:-1, max-image-preview:large, max-video-preview:-1\" \/>\n<link rel=\"canonical\" href=\"https:\/\/www.almega.se\/2024\/12\/almegas-tjansteindikator-uppgangen-drojer-jobben-blir-farre\/\" \/>\n<meta property=\"og:locale\" content=\"sv_SE\" \/>\n<meta property=\"og:type\" content=\"article\" \/>\n<meta property=\"og:title\" content=\"Almegas tj\u00e4nsteindikator: Uppg\u00e5ngen dr\u00f6jer \u2013 jobben blir f\u00e4rre\" \/>\n<meta property=\"og:description\" content=\"L\u00e4get \u00e4r fortsatt tufft i tj\u00e4nstesektorn med l\u00e5g efterfr\u00e5gan p\u00e5 s\u00e5v\u00e4l konsument- som f\u00f6retagstj\u00e4nster. Och \u00e4ven om produktionen \u00f6kar n\u00e5got skjuts v\u00e4ndningen allt l\u00e4ngre p\u00e5 framtiden. \u2013 Tj\u00e4nsteproduktionen h\u00e5lls delvis uppe av exporten och den &hellip;\" \/>\n<meta property=\"og:url\" content=\"https:\/\/www.almega.se\/2024\/12\/almegas-tjansteindikator-uppgangen-drojer-jobben-blir-farre\/\" \/>\n<meta property=\"og:site_name\" content=\"Almega\" \/>\n<meta property=\"article:published_time\" content=\"2024-12-17T06:27:00+00:00\" \/>\n<meta property=\"article:modified_time\" content=\"2024-12-18T07:23:20+00:00\" \/>\n<meta property=\"og:image\" content=\"https:\/\/www.almega.se\/app\/uploads\/2024\/12\/b87a5f25-a3eb-4e18-b377-6b476d36ee75.jpg\" \/>\n\t<meta property=\"og:image:width\" content=\"1\" \/>\n\t<meta property=\"og:image:height\" content=\"1\" \/>\n\t<meta property=\"og:image:type\" content=\"image\/jpeg\" \/>\n<meta name=\"author\" content=\"Karin Nyg\u00e5rd\" \/>\n<meta name=\"twitter:card\" content=\"summary_large_image\" \/>\n<meta name=\"twitter:label1\" content=\"Skriven av\" \/>\n\t<meta name=\"twitter:data1\" content=\"Karin Nyg\u00e5rd\" \/>\n\t<meta name=\"twitter:label2\" content=\"Ber\u00e4knad l\u00e4stid\" \/>\n\t<meta name=\"twitter:data2\" content=\"2 minuter\" \/>\n<!-- \/ Yoast SEO Premium plugin. -->","yoast_head_json":{"title":"Almegas tj\u00e4nsteindikator: Uppg\u00e5ngen dr\u00f6jer \u2013 jobben blir f\u00e4rre | Almega","robots":{"index":"index","follow":"follow","max-snippet":"max-snippet:-1","max-image-preview":"max-image-preview:large","max-video-preview":"max-video-preview:-1"},"canonical":"https:\/\/www.almega.se\/2024\/12\/almegas-tjansteindikator-uppgangen-drojer-jobben-blir-farre\/","og_locale":"sv_SE","og_type":"article","og_title":"Almegas tj\u00e4nsteindikator: Uppg\u00e5ngen dr\u00f6jer \u2013 jobben blir f\u00e4rre","og_description":"L\u00e4get \u00e4r fortsatt tufft i tj\u00e4nstesektorn med l\u00e5g efterfr\u00e5gan p\u00e5 s\u00e5v\u00e4l konsument- som f\u00f6retagstj\u00e4nster. Och \u00e4ven om produktionen \u00f6kar n\u00e5got skjuts v\u00e4ndningen allt l\u00e4ngre p\u00e5 framtiden. \u2013 Tj\u00e4nsteproduktionen h\u00e5lls delvis uppe av exporten och den &hellip;","og_url":"https:\/\/www.almega.se\/2024\/12\/almegas-tjansteindikator-uppgangen-drojer-jobben-blir-farre\/","og_site_name":"Almega","article_published_time":"2024-12-17T06:27:00+00:00","article_modified_time":"2024-12-18T07:23:20+00:00","og_image":[{"url":"https:\/\/www.almega.se\/app\/uploads\/2024\/12\/b87a5f25-a3eb-4e18-b377-6b476d36ee75.jpg","width":1,"height":1,"type":"image\/jpeg"}],"author":"Karin Nyg\u00e5rd","twitter_card":"summary_large_image","twitter_misc":{"Skriven av":"Karin Nyg\u00e5rd","Ber\u00e4knad l\u00e4stid":"2 minuter"},"schema":{"@context":"https:\/\/schema.org","@graph":[{"@type":"NewsArticle","@id":"https:\/\/www.almega.se\/2024\/12\/almegas-tjansteindikator-uppgangen-drojer-jobben-blir-farre\/#article","isPartOf":{"@id":"https:\/\/www.almega.se\/2024\/12\/almegas-tjansteindikator-uppgangen-drojer-jobben-blir-farre\/"},"author":{"name":"Karin Nyg\u00e5rd","@id":"https:\/\/www.almega.se\/#\/schema\/person\/eae58f3a71d6b7aa9f71f3139a740a02"},"headline":"Almegas tj\u00e4nsteindikator: Uppg\u00e5ngen dr\u00f6jer \u2013 jobben blir f\u00e4rre","datePublished":"2024-12-17T06:27:00+00:00","dateModified":"2024-12-18T07:23:20+00:00","mainEntityOfPage":{"@id":"https:\/\/www.almega.se\/2024\/12\/almegas-tjansteindikator-uppgangen-drojer-jobben-blir-farre\/"},"wordCount":401,"image":{"@id":"https:\/\/www.almega.se\/2024\/12\/almegas-tjansteindikator-uppgangen-drojer-jobben-blir-farre\/#primaryimage"},"thumbnailUrl":"https:\/\/www.almega.se\/app\/uploads\/2024\/12\/b87a5f25-a3eb-4e18-b377-6b476d36ee75.jpg","keywords":["Tj\u00e4nsteindikatorn"],"articleSection":["Konjunktur","Tj\u00e4nstesektorns betydelse"],"inLanguage":"sv-SE"},{"@type":"WebPage","@id":"https:\/\/www.almega.se\/2024\/12\/almegas-tjansteindikator-uppgangen-drojer-jobben-blir-farre\/","url":"https:\/\/www.almega.se\/2024\/12\/almegas-tjansteindikator-uppgangen-drojer-jobben-blir-farre\/","name":"Almegas tj\u00e4nsteindikator: Uppg\u00e5ngen dr\u00f6jer \u2013 jobben blir f\u00e4rre | Almega","isPartOf":{"@id":"https:\/\/www.almega.se\/#website"},"primaryImageOfPage":{"@id":"https:\/\/www.almega.se\/2024\/12\/almegas-tjansteindikator-uppgangen-drojer-jobben-blir-farre\/#primaryimage"},"image":{"@id":"https:\/\/www.almega.se\/2024\/12\/almegas-tjansteindikator-uppgangen-drojer-jobben-blir-farre\/#primaryimage"},"thumbnailUrl":"https:\/\/www.almega.se\/app\/uploads\/2024\/12\/b87a5f25-a3eb-4e18-b377-6b476d36ee75.jpg","datePublished":"2024-12-17T06:27:00+00:00","dateModified":"2024-12-18T07:23:20+00:00","author":{"@id":"https:\/\/www.almega.se\/#\/schema\/person\/eae58f3a71d6b7aa9f71f3139a740a02"},"breadcrumb":{"@id":"https:\/\/www.almega.se\/2024\/12\/almegas-tjansteindikator-uppgangen-drojer-jobben-blir-farre\/#breadcrumb"},"inLanguage":"sv-SE","potentialAction":[{"@type":"ReadAction","target":["https:\/\/www.almega.se\/2024\/12\/almegas-tjansteindikator-uppgangen-drojer-jobben-blir-farre\/"]}]},{"@type":"ImageObject","inLanguage":"sv-SE","@id":"https:\/\/www.almega.se\/2024\/12\/almegas-tjansteindikator-uppgangen-drojer-jobben-blir-farre\/#primaryimage","url":"https:\/\/www.almega.se\/app\/uploads\/2024\/12\/b87a5f25-a3eb-4e18-b377-6b476d36ee75.jpg","contentUrl":"https:\/\/www.almega.se\/app\/uploads\/2024\/12\/b87a5f25-a3eb-4e18-b377-6b476d36ee75.jpg","caption":"Almegas chefekonom Patrick Joyce"},{"@type":"BreadcrumbList","@id":"https:\/\/www.almega.se\/2024\/12\/almegas-tjansteindikator-uppgangen-drojer-jobben-blir-farre\/#breadcrumb","itemListElement":[{"@type":"ListItem","position":1,"name":"Home","item":"https:\/\/www.almega.se\/"},{"@type":"ListItem","position":2,"name":"Almegas tj\u00e4nsteindikator: Uppg\u00e5ngen dr\u00f6jer \u2013 jobben blir f\u00e4rre"}]},{"@type":"WebSite","@id":"https:\/\/www.almega.se\/#website","url":"https:\/\/www.almega.se\/","name":"Almega","description":"","potentialAction":[{"@type":"SearchAction","target":{"@type":"EntryPoint","urlTemplate":"https:\/\/www.almega.se\/?s={search_term_string}"},"query-input":{"@type":"PropertyValueSpecification","valueRequired":true,"valueName":"search_term_string"}}],"inLanguage":"sv-SE"},{"@type":"Person","@id":"https:\/\/www.almega.se\/#\/schema\/person\/eae58f3a71d6b7aa9f71f3139a740a02","name":"Karin Nyg\u00e5rd","image":{"@type":"ImageObject","inLanguage":"sv-SE","@id":"https:\/\/www.almega.se\/#\/schema\/person\/image\/","url":"https:\/\/secure.gravatar.com\/avatar\/09e5ec3d12974ae686ad90a0a4bf5404c8a4cfdca18f97124f166ab274023818?s=96&d=mm&r=g","contentUrl":"https:\/\/secure.gravatar.com\/avatar\/09e5ec3d12974ae686ad90a0a4bf5404c8a4cfdca18f97124f166ab274023818?s=96&d=mm&r=g","caption":"Karin Nyg\u00e5rd"},"description":"Produkt\u00e4gare Almega.se, samordnar webbutveckling och utveckling av Arbetsgivarguiden.se","url":"https:\/\/www.almega.se\/person\/karinnygard\/"}]}},"_links":{"self":[{"href":"https:\/\/www.almega.se\/api\/wp\/v2\/posts\/77123","targetHints":{"allow":["GET"]}}],"collection":[{"href":"https:\/\/www.almega.se\/api\/wp\/v2\/posts"}],"about":[{"href":"https:\/\/www.almega.se\/api\/wp\/v2\/types\/post"}],"author":[{"embeddable":true,"href":"https:\/\/www.almega.se\/api\/wp\/v2\/users\/14531"}],"replies":[{"embeddable":true,"href":"https:\/\/www.almega.se\/api\/wp\/v2\/comments?post=77123"}],"version-history":[{"count":2,"href":"https:\/\/www.almega.se\/api\/wp\/v2\/posts\/77123\/revisions"}],"predecessor-version":[{"id":77142,"href":"https:\/\/www.almega.se\/api\/wp\/v2\/posts\/77123\/revisions\/77142"}],"wp:featuredmedia":[{"embeddable":true,"href":"https:\/\/www.almega.se\/api\/wp\/v2\/media\/77124"}],"wp:attachment":[{"href":"https:\/\/www.almega.se\/api\/wp\/v2\/media?parent=77123"}],"wp:term":[{"taxonomy":"category","embeddable":true,"href":"https:\/\/www.almega.se\/api\/wp\/v2\/categories?post=77123"},{"taxonomy":"post_tag","embeddable":true,"href":"https:\/\/www.almega.se\/api\/wp\/v2\/tags?post=77123"},{"taxonomy":"type","embeddable":true,"href":"https:\/\/www.almega.se\/api\/wp\/v2\/article_type?post=77123"},{"taxonomy":"agreement","embeddable":true,"href":"https:\/\/www.almega.se\/api\/wp\/v2\/agreement?post=77123"}],"curies":[{"name":"wp","href":"https:\/\/api.w.org\/{rel}","templated":true}]}}