{"id":76980,"date":"2024-12-04T10:07:25","date_gmt":"2024-12-04T09:07:25","guid":{"rendered":"https:\/\/www.almega.se\/2024\/12\/ovantat-trog-aterhamtning-for-tjanstesektorn\/"},"modified":"2024-12-04T10:43:28","modified_gmt":"2024-12-04T09:43:28","slug":"ovantat-trog-aterhamtning-for-tjanstesektorn","status":"publish","type":"post","link":"https:\/\/www.almega.se\/2024\/12\/ovantat-trog-aterhamtning-for-tjanstesektorn\/","title":{"rendered":"Ov\u00e4ntat tr\u00f6g \u00e5terh\u00e4mtning f\u00f6r tj\u00e4nstesektorn"},"content":{"rendered":"\n<p class=\"intro\">\u00c5terh\u00e4mtningen f\u00f6r tj\u00e4nstef\u00f6retagen g\u00e5r ov\u00e4ntat tr\u00f6gt. Ink\u00f6pschefsindex f\u00f6r tj\u00e4nstesektorn backade igen i november till stor del p\u00e5 grund av en svagare ordering\u00e5ng.<\/p>\n<p>Ink\u00f6pschefsindex (PMI) f\u00f6r den privata tj\u00e4nstesektorn f\u00f6ll i november till 50,9 j\u00e4mf\u00f6rt med 53,1 i oktober. Nedg\u00e5ngen bekr\u00e4ftar dessv\u00e4rre bilden fr\u00e5n andra data att \u00e5terh\u00e4mtningen \u00e4nnu inte vill ta fart i tj\u00e4nstesektorn.<\/p>\n<p>\u2013 Tj\u00e4nstesektorn h\u00e5lls tillbaka av en svag inhemsk efterfr\u00e5gan. Hush\u00e5llens konsumtion st\u00e5r i princip stilla trots sjunkande inflation och l\u00e4gre r\u00e4ntor. Industrins efterfr\u00e5gan p\u00e5 f\u00f6retagstj\u00e4nster har ocks\u00e5 minskat. Ett gl\u00e4dje\u00e4mne \u00e4r en fortsatt stark tj\u00e4nsteexport, s\u00e4ger Patrick Joyce, chefekonom p\u00e5 tj\u00e4nstef\u00f6retagens organisation Almega.<\/p>\n<p>\u2013 Mest oroande \u00e4r att ordering\u00e5ngen faller igen \u00e4ven om tj\u00e4nstef\u00f6retagens orderstockar \u00e4r betydligt h\u00f6gre \u00e4n f\u00f6r ett \u00e5r sedan, s\u00e4ger Patrick Joyce.<\/p>\n<p>Det beh\u00f6vs ett lyft i inhemsk efterfr\u00e5gan f\u00f6r \u00e5terh\u00e4mtningen i tj\u00e4nstesektorn ska komma i g\u00e5ng. En ljusglimt \u00e4r att hush\u00e5llen \u00e4r mer optimistiska om ekonomin \u00e4n f\u00f6r ett \u00e5r sedan.<\/p>\n<p>\u2013 F\u00f6r att tj\u00e4nstekonjunkturen ska v\u00e4nda upp p\u00e5 allvar kr\u00e4vs att hush\u00e5llens konsumtion tar fart ordentligt de n\u00e4rmaste kvartalen, s\u00e4ger Patrick Joyce.<\/p>\n\n","protected":false},"excerpt":{"rendered":"<p>\u00c5terh\u00e4mtningen f\u00f6r tj\u00e4nstef\u00f6retagen g\u00e5r ov\u00e4ntat tr\u00f6gt. Ink\u00f6pschefsindex f\u00f6r tj\u00e4nstesektorn backade igen i november till stor del p\u00e5 grund av en svagare ordering\u00e5ng.<\/p>\n","protected":false},"author":6356,"featured_media":76981,"comment_status":"closed","ping_status":"closed","sticky":false,"template":"","format":"standard","meta":{"_acf_changed":false,"footnotes":""},"categories":[630,581],"tags":[752],"article_type":[93],"agreement":[],"class_list":["post-76980","post","type-post","status-publish","format-standard","has-post-thumbnail","hentry","category-konjunktur","category-tjanstesektorns-betydelse","tag-inkopschefsindex","type-pressmeddelanden"],"acf":[],"yoast_head":"<!-- This site is optimized with the Yoast SEO Premium plugin v26.8 (Yoast SEO v26.8) - https:\/\/yoast.com\/product\/yoast-seo-premium-wordpress\/ -->\n<title>Ov\u00e4ntat tr\u00f6g \u00e5terh\u00e4mtning f\u00f6r tj\u00e4nstesektorn | Almega<\/title>\n<meta name=\"robots\" content=\"index, follow, max-snippet:-1, max-image-preview:large, max-video-preview:-1\" \/>\n<link rel=\"canonical\" href=\"https:\/\/www.almega.se\/2024\/12\/ovantat-trog-aterhamtning-for-tjanstesektorn\/\" \/>\n<meta property=\"og:locale\" content=\"sv_SE\" \/>\n<meta property=\"og:type\" content=\"article\" \/>\n<meta property=\"og:title\" content=\"Ov\u00e4ntat tr\u00f6g \u00e5terh\u00e4mtning f\u00f6r tj\u00e4nstesektorn\" \/>\n<meta property=\"og:description\" content=\"\u00c5terh\u00e4mtningen f\u00f6r tj\u00e4nstef\u00f6retagen g\u00e5r ov\u00e4ntat tr\u00f6gt. Ink\u00f6pschefsindex f\u00f6r tj\u00e4nstesektorn backade igen i november till stor del p\u00e5 grund av en svagare ordering\u00e5ng.\" \/>\n<meta property=\"og:url\" content=\"https:\/\/www.almega.se\/2024\/12\/ovantat-trog-aterhamtning-for-tjanstesektorn\/\" \/>\n<meta property=\"og:site_name\" content=\"Almega\" \/>\n<meta property=\"article:published_time\" content=\"2024-12-04T09:07:25+00:00\" \/>\n<meta property=\"article:modified_time\" content=\"2024-12-04T09:43:28+00:00\" \/>\n<meta property=\"og:image\" content=\"https:\/\/www.almega.se\/app\/uploads\/2024\/12\/68840c14-89c0-418a-87e0-f75d829ad914-1180x787.jpg\" \/>\n\t<meta property=\"og:image:width\" content=\"1180\" \/>\n\t<meta property=\"og:image:height\" content=\"787\" \/>\n\t<meta property=\"og:image:type\" content=\"image\/jpeg\" \/>\n<meta name=\"author\" content=\"Erik Juhlin\" \/>\n<meta name=\"twitter:card\" content=\"summary_large_image\" \/>\n<meta name=\"twitter:label1\" content=\"Skriven av\" \/>\n\t<meta name=\"twitter:data1\" content=\"Erik Juhlin\" \/>\n\t<meta name=\"twitter:label2\" content=\"Ber\u00e4knad l\u00e4stid\" \/>\n\t<meta name=\"twitter:data2\" content=\"2 minuter\" \/>\n<!-- \/ Yoast SEO Premium plugin. -->","yoast_head_json":{"title":"Ov\u00e4ntat tr\u00f6g \u00e5terh\u00e4mtning f\u00f6r tj\u00e4nstesektorn | Almega","robots":{"index":"index","follow":"follow","max-snippet":"max-snippet:-1","max-image-preview":"max-image-preview:large","max-video-preview":"max-video-preview:-1"},"canonical":"https:\/\/www.almega.se\/2024\/12\/ovantat-trog-aterhamtning-for-tjanstesektorn\/","og_locale":"sv_SE","og_type":"article","og_title":"Ov\u00e4ntat tr\u00f6g \u00e5terh\u00e4mtning f\u00f6r tj\u00e4nstesektorn","og_description":"\u00c5terh\u00e4mtningen f\u00f6r tj\u00e4nstef\u00f6retagen g\u00e5r ov\u00e4ntat tr\u00f6gt. Ink\u00f6pschefsindex f\u00f6r tj\u00e4nstesektorn backade igen i november till stor del p\u00e5 grund av en svagare ordering\u00e5ng.","og_url":"https:\/\/www.almega.se\/2024\/12\/ovantat-trog-aterhamtning-for-tjanstesektorn\/","og_site_name":"Almega","article_published_time":"2024-12-04T09:07:25+00:00","article_modified_time":"2024-12-04T09:43:28+00:00","og_image":[{"width":1180,"height":787,"url":"https:\/\/www.almega.se\/app\/uploads\/2024\/12\/68840c14-89c0-418a-87e0-f75d829ad914-1180x787.jpg","type":"image\/jpeg"}],"author":"Erik Juhlin","twitter_card":"summary_large_image","twitter_misc":{"Skriven av":"Erik Juhlin","Ber\u00e4knad l\u00e4stid":"2 minuter"},"schema":{"@context":"https:\/\/schema.org","@graph":[{"@type":"NewsArticle","@id":"https:\/\/www.almega.se\/2024\/12\/ovantat-trog-aterhamtning-for-tjanstesektorn\/#article","isPartOf":{"@id":"https:\/\/www.almega.se\/2024\/12\/ovantat-trog-aterhamtning-for-tjanstesektorn\/"},"author":{"name":"Erik Juhlin","@id":"https:\/\/www.almega.se\/#\/schema\/person\/3c181ea7ead5ab7b14c61584637720f5"},"headline":"Ov\u00e4ntat tr\u00f6g \u00e5terh\u00e4mtning f\u00f6r tj\u00e4nstesektorn","datePublished":"2024-12-04T09:07:25+00:00","dateModified":"2024-12-04T09:43:28+00:00","mainEntityOfPage":{"@id":"https:\/\/www.almega.se\/2024\/12\/ovantat-trog-aterhamtning-for-tjanstesektorn\/"},"wordCount":237,"image":{"@id":"https:\/\/www.almega.se\/2024\/12\/ovantat-trog-aterhamtning-for-tjanstesektorn\/#primaryimage"},"thumbnailUrl":"https:\/\/www.almega.se\/app\/uploads\/2024\/12\/68840c14-89c0-418a-87e0-f75d829ad914.jpg","keywords":["ink\u00f6pschefsindex"],"articleSection":["Konjunktur","Tj\u00e4nstesektorns betydelse"],"inLanguage":"sv-SE"},{"@type":"WebPage","@id":"https:\/\/www.almega.se\/2024\/12\/ovantat-trog-aterhamtning-for-tjanstesektorn\/","url":"https:\/\/www.almega.se\/2024\/12\/ovantat-trog-aterhamtning-for-tjanstesektorn\/","name":"Ov\u00e4ntat tr\u00f6g \u00e5terh\u00e4mtning f\u00f6r tj\u00e4nstesektorn | Almega","isPartOf":{"@id":"https:\/\/www.almega.se\/#website"},"primaryImageOfPage":{"@id":"https:\/\/www.almega.se\/2024\/12\/ovantat-trog-aterhamtning-for-tjanstesektorn\/#primaryimage"},"image":{"@id":"https:\/\/www.almega.se\/2024\/12\/ovantat-trog-aterhamtning-for-tjanstesektorn\/#primaryimage"},"thumbnailUrl":"https:\/\/www.almega.se\/app\/uploads\/2024\/12\/68840c14-89c0-418a-87e0-f75d829ad914.jpg","datePublished":"2024-12-04T09:07:25+00:00","dateModified":"2024-12-04T09:43:28+00:00","author":{"@id":"https:\/\/www.almega.se\/#\/schema\/person\/3c181ea7ead5ab7b14c61584637720f5"},"breadcrumb":{"@id":"https:\/\/www.almega.se\/2024\/12\/ovantat-trog-aterhamtning-for-tjanstesektorn\/#breadcrumb"},"inLanguage":"sv-SE","potentialAction":[{"@type":"ReadAction","target":["https:\/\/www.almega.se\/2024\/12\/ovantat-trog-aterhamtning-for-tjanstesektorn\/"]}]},{"@type":"ImageObject","inLanguage":"sv-SE","@id":"https:\/\/www.almega.se\/2024\/12\/ovantat-trog-aterhamtning-for-tjanstesektorn\/#primaryimage","url":"https:\/\/www.almega.se\/app\/uploads\/2024\/12\/68840c14-89c0-418a-87e0-f75d829ad914.jpg","contentUrl":"https:\/\/www.almega.se\/app\/uploads\/2024\/12\/68840c14-89c0-418a-87e0-f75d829ad914.jpg","width":8256,"height":5504,"caption":"Patrick Joyce, chefekonom p\u00e5 Almega"},{"@type":"BreadcrumbList","@id":"https:\/\/www.almega.se\/2024\/12\/ovantat-trog-aterhamtning-for-tjanstesektorn\/#breadcrumb","itemListElement":[{"@type":"ListItem","position":1,"name":"Home","item":"https:\/\/www.almega.se\/"},{"@type":"ListItem","position":2,"name":"Ov\u00e4ntat tr\u00f6g \u00e5terh\u00e4mtning f\u00f6r tj\u00e4nstesektorn"}]},{"@type":"WebSite","@id":"https:\/\/www.almega.se\/#website","url":"https:\/\/www.almega.se\/","name":"Almega","description":"","potentialAction":[{"@type":"SearchAction","target":{"@type":"EntryPoint","urlTemplate":"https:\/\/www.almega.se\/?s={search_term_string}"},"query-input":{"@type":"PropertyValueSpecification","valueRequired":true,"valueName":"search_term_string"}}],"inLanguage":"sv-SE"},{"@type":"Person","@id":"https:\/\/www.almega.se\/#\/schema\/person\/3c181ea7ead5ab7b14c61584637720f5","name":"Erik Juhlin","image":{"@type":"ImageObject","inLanguage":"sv-SE","@id":"https:\/\/www.almega.se\/#\/schema\/person\/image\/","url":"https:\/\/secure.gravatar.com\/avatar\/ef0e97454357041724f27ea1630fa5bf78b30eea6fc56998e6a03142ad5b1370?s=96&d=mm&r=g","contentUrl":"https:\/\/secure.gravatar.com\/avatar\/ef0e97454357041724f27ea1630fa5bf78b30eea6fc56998e6a03142ad5b1370?s=96&d=mm&r=g","caption":"Erik Juhlin"},"url":"https:\/\/www.almega.se\/person\/erikjuhlin\/"}]}},"_links":{"self":[{"href":"https:\/\/www.almega.se\/api\/wp\/v2\/posts\/76980","targetHints":{"allow":["GET"]}}],"collection":[{"href":"https:\/\/www.almega.se\/api\/wp\/v2\/posts"}],"about":[{"href":"https:\/\/www.almega.se\/api\/wp\/v2\/types\/post"}],"author":[{"embeddable":true,"href":"https:\/\/www.almega.se\/api\/wp\/v2\/users\/6356"}],"replies":[{"embeddable":true,"href":"https:\/\/www.almega.se\/api\/wp\/v2\/comments?post=76980"}],"version-history":[{"count":1,"href":"https:\/\/www.almega.se\/api\/wp\/v2\/posts\/76980\/revisions"}],"predecessor-version":[{"id":76982,"href":"https:\/\/www.almega.se\/api\/wp\/v2\/posts\/76980\/revisions\/76982"}],"wp:featuredmedia":[{"embeddable":true,"href":"https:\/\/www.almega.se\/api\/wp\/v2\/media\/76981"}],"wp:attachment":[{"href":"https:\/\/www.almega.se\/api\/wp\/v2\/media?parent=76980"}],"wp:term":[{"taxonomy":"category","embeddable":true,"href":"https:\/\/www.almega.se\/api\/wp\/v2\/categories?post=76980"},{"taxonomy":"post_tag","embeddable":true,"href":"https:\/\/www.almega.se\/api\/wp\/v2\/tags?post=76980"},{"taxonomy":"type","embeddable":true,"href":"https:\/\/www.almega.se\/api\/wp\/v2\/article_type?post=76980"},{"taxonomy":"agreement","embeddable":true,"href":"https:\/\/www.almega.se\/api\/wp\/v2\/agreement?post=76980"}],"curies":[{"name":"wp","href":"https:\/\/api.w.org\/{rel}","templated":true}]}}