{"id":76797,"date":"2024-11-21T10:06:26","date_gmt":"2024-11-21T09:06:26","guid":{"rendered":"https:\/\/www.almega.se\/?p=76797"},"modified":"2024-11-21T10:06:29","modified_gmt":"2024-11-21T09:06:29","slug":"reformbar-7-hur-lite-skatt-tal-sverige","status":"publish","type":"post","link":"https:\/\/www.almega.se\/2024\/11\/reformbar-7-hur-lite-skatt-tal-sverige\/","title":{"rendered":"Reformbar #7 &#8211; Hur lite skatt t\u00e5l Sverige?"},"content":{"rendered":"<p class=\"intro\">Sjunde omg\u00e5ngen av Reformbaren \u00e4gde rum i slutet av november. Den aktuella fr\u00e5gan om skatter debatterades.<\/p>\n\n<p>Det sjunde tillf\u00e4llet av Almegas uppskattade koncept \u00e4gde rum den 20 november, den h\u00e4r g\u00e5ngen p\u00e5 temat skatter. F\u00f6r andra g\u00e5ngen i rad slog evenemanget anm\u00e4lningsrekord! \u00c4mnet debatterades av <strong>Christian Ekstr\u00f6m<\/strong>, vd, Skattebetalarna, <strong>Payam Moula<\/strong>, chefredakt\u00f6r, Tiden, <strong>Susanna Kierkegaard<\/strong>, ledarskribent, Aftonbladet och <strong>Mattias Svensson<\/strong>, ledarskribent, Svenska Dagbladet. Samtalet modererades av Magnus Thor\u00e9n, Kvartal.<\/p>\n\n\n\n<figure class=\"wp-block-image size-medium\"><img loading=\"lazy\" decoding=\"async\" width=\"580\" height=\"435\" src=\"https:\/\/www.almega.se\/app\/uploads\/2024\/11\/462568703_941414231216363_389322778997899242_n-580x435.jpg\" alt=\"\" class=\"wp-image-76798\" srcset=\"https:\/\/www.almega.se\/app\/uploads\/2024\/11\/462568703_941414231216363_389322778997899242_n-580x435.jpg 580w, https:\/\/www.almega.se\/app\/uploads\/2024\/11\/462568703_941414231216363_389322778997899242_n-1180x885.jpg 1180w, https:\/\/www.almega.se\/app\/uploads\/2024\/11\/462568703_941414231216363_389322778997899242_n-380x285.jpg 380w, https:\/\/www.almega.se\/app\/uploads\/2024\/11\/462568703_941414231216363_389322778997899242_n-768x576.jpg 768w, https:\/\/www.almega.se\/app\/uploads\/2024\/11\/462568703_941414231216363_389322778997899242_n-1536x1152.jpg 1536w, https:\/\/www.almega.se\/app\/uploads\/2024\/11\/462568703_941414231216363_389322778997899242_n-2048x1536.jpg 2048w\" sizes=\"auto, (max-width: 580px) 100vw, 580px\" \/><figcaption class=\"wp-element-caption\">Magnus Thor\u00e9n, Mattias Svensson, Christian Ekstr\u00f6m, Susanna Kierkegaard och Payam Moula<\/figcaption><\/figure>\n\n\n\n<p>Reformbaren\u00a0forts\u00e4tter under 2025 med fler intressanta samtal.<\/p>\n","protected":false},"excerpt":{"rendered":"<p>Det sjunde tillf\u00e4llet av Almegas uppskattade koncept \u00e4gde rum den 20 november, den h\u00e4r g\u00e5ngen p\u00e5 temat skatter. F\u00f6r andra g\u00e5ngen i rad slog evenemanget anm\u00e4lningsrekord! \u00c4mnet debatterades av Christian Ekstr\u00f6m, vd, Skattebetalarna, Payam Moula, &hellip;<\/p>\n","protected":false},"author":16543,"featured_media":76798,"comment_status":"closed","ping_status":"closed","sticky":false,"template":"","format":"standard","meta":{"_acf_changed":false,"footnotes":""},"categories":[64,630,57],"tags":[686],"article_type":[56],"agreement":[],"class_list":["post-76797","post","type-post","status-publish","format-standard","has-post-thumbnail","hentry","category-arbetsmarknad","category-konjunktur","category-skatter","tag-sverigekanintevanta","type-nyheter"],"acf":[],"yoast_head":"<!-- This site is optimized with the Yoast SEO Premium plugin v26.8 (Yoast SEO v26.8) - https:\/\/yoast.com\/product\/yoast-seo-premium-wordpress\/ -->\n<title>Reformbar #7 - Hur lite skatt t\u00e5l Sverige? | Almega<\/title>\n<meta name=\"robots\" content=\"index, follow, max-snippet:-1, max-image-preview:large, max-video-preview:-1\" \/>\n<link rel=\"canonical\" href=\"https:\/\/www.almega.se\/2024\/11\/reformbar-7-hur-lite-skatt-tal-sverige\/\" \/>\n<meta property=\"og:locale\" content=\"sv_SE\" \/>\n<meta property=\"og:type\" content=\"article\" \/>\n<meta property=\"og:title\" content=\"Reformbar #7 - Hur lite skatt t\u00e5l Sverige?\" \/>\n<meta property=\"og:description\" content=\"Det sjunde tillf\u00e4llet av Almegas uppskattade koncept \u00e4gde rum den 20 november, den h\u00e4r g\u00e5ngen p\u00e5 temat skatter. F\u00f6r andra g\u00e5ngen i rad slog evenemanget anm\u00e4lningsrekord! \u00c4mnet debatterades av Christian Ekstr\u00f6m, vd, Skattebetalarna, Payam Moula, &hellip;\" \/>\n<meta property=\"og:url\" content=\"https:\/\/www.almega.se\/2024\/11\/reformbar-7-hur-lite-skatt-tal-sverige\/\" \/>\n<meta property=\"og:site_name\" content=\"Almega\" \/>\n<meta property=\"article:published_time\" content=\"2024-11-21T09:06:26+00:00\" \/>\n<meta property=\"article:modified_time\" content=\"2024-11-21T09:06:29+00:00\" \/>\n<meta property=\"og:image\" content=\"https:\/\/www.almega.se\/app\/uploads\/2024\/11\/462568703_941414231216363_389322778997899242_n-scaled.jpg\" \/>\n\t<meta property=\"og:image:width\" content=\"2560\" \/>\n\t<meta property=\"og:image:height\" content=\"1920\" \/>\n\t<meta property=\"og:image:type\" content=\"image\/jpeg\" \/>\n<meta name=\"author\" content=\"R\u00e9ka Tolnai\" \/>\n<meta name=\"twitter:card\" content=\"summary_large_image\" \/>\n<meta name=\"twitter:label1\" content=\"Skriven av\" \/>\n\t<meta name=\"twitter:data1\" content=\"R\u00e9ka Tolnai\" \/>\n\t<meta name=\"twitter:label2\" content=\"Ber\u00e4knad l\u00e4stid\" \/>\n\t<meta name=\"twitter:data2\" content=\"1 minut\" \/>\n<!-- \/ Yoast SEO Premium plugin. -->","yoast_head_json":{"title":"Reformbar #7 - Hur lite skatt t\u00e5l Sverige? | Almega","robots":{"index":"index","follow":"follow","max-snippet":"max-snippet:-1","max-image-preview":"max-image-preview:large","max-video-preview":"max-video-preview:-1"},"canonical":"https:\/\/www.almega.se\/2024\/11\/reformbar-7-hur-lite-skatt-tal-sverige\/","og_locale":"sv_SE","og_type":"article","og_title":"Reformbar #7 - Hur lite skatt t\u00e5l Sverige?","og_description":"Det sjunde tillf\u00e4llet av Almegas uppskattade koncept \u00e4gde rum den 20 november, den h\u00e4r g\u00e5ngen p\u00e5 temat skatter. F\u00f6r andra g\u00e5ngen i rad slog evenemanget anm\u00e4lningsrekord! \u00c4mnet debatterades av Christian Ekstr\u00f6m, vd, Skattebetalarna, Payam Moula, &hellip;","og_url":"https:\/\/www.almega.se\/2024\/11\/reformbar-7-hur-lite-skatt-tal-sverige\/","og_site_name":"Almega","article_published_time":"2024-11-21T09:06:26+00:00","article_modified_time":"2024-11-21T09:06:29+00:00","og_image":[{"width":2560,"height":1920,"url":"https:\/\/www.almega.se\/app\/uploads\/2024\/11\/462568703_941414231216363_389322778997899242_n-scaled.jpg","type":"image\/jpeg"}],"author":"R\u00e9ka Tolnai","twitter_card":"summary_large_image","twitter_misc":{"Skriven av":"R\u00e9ka Tolnai","Ber\u00e4knad l\u00e4stid":"1 minut"},"schema":{"@context":"https:\/\/schema.org","@graph":[{"@type":"NewsArticle","@id":"https:\/\/www.almega.se\/2024\/11\/reformbar-7-hur-lite-skatt-tal-sverige\/#article","isPartOf":{"@id":"https:\/\/www.almega.se\/2024\/11\/reformbar-7-hur-lite-skatt-tal-sverige\/"},"author":{"name":"R\u00e9ka Tolnai","@id":"https:\/\/www.almega.se\/#\/schema\/person\/e54aa110880538cf5ceac0ac54bbecf7"},"headline":"Reformbar #7 &#8211; Hur lite skatt t\u00e5l Sverige?","datePublished":"2024-11-21T09:06:26+00:00","dateModified":"2024-11-21T09:06:29+00:00","mainEntityOfPage":{"@id":"https:\/\/www.almega.se\/2024\/11\/reformbar-7-hur-lite-skatt-tal-sverige\/"},"wordCount":90,"image":{"@id":"https:\/\/www.almega.se\/2024\/11\/reformbar-7-hur-lite-skatt-tal-sverige\/#primaryimage"},"thumbnailUrl":"https:\/\/www.almega.se\/app\/uploads\/2024\/11\/462568703_941414231216363_389322778997899242_n-scaled.jpg","keywords":["Sverige kan inte v\u00e4nta"],"articleSection":["Arbetsmarknad","Konjunktur","Skatter"],"inLanguage":"sv-SE"},{"@type":"WebPage","@id":"https:\/\/www.almega.se\/2024\/11\/reformbar-7-hur-lite-skatt-tal-sverige\/","url":"https:\/\/www.almega.se\/2024\/11\/reformbar-7-hur-lite-skatt-tal-sverige\/","name":"Reformbar #7 - Hur lite skatt t\u00e5l Sverige? | Almega","isPartOf":{"@id":"https:\/\/www.almega.se\/#website"},"primaryImageOfPage":{"@id":"https:\/\/www.almega.se\/2024\/11\/reformbar-7-hur-lite-skatt-tal-sverige\/#primaryimage"},"image":{"@id":"https:\/\/www.almega.se\/2024\/11\/reformbar-7-hur-lite-skatt-tal-sverige\/#primaryimage"},"thumbnailUrl":"https:\/\/www.almega.se\/app\/uploads\/2024\/11\/462568703_941414231216363_389322778997899242_n-scaled.jpg","datePublished":"2024-11-21T09:06:26+00:00","dateModified":"2024-11-21T09:06:29+00:00","author":{"@id":"https:\/\/www.almega.se\/#\/schema\/person\/e54aa110880538cf5ceac0ac54bbecf7"},"breadcrumb":{"@id":"https:\/\/www.almega.se\/2024\/11\/reformbar-7-hur-lite-skatt-tal-sverige\/#breadcrumb"},"inLanguage":"sv-SE","potentialAction":[{"@type":"ReadAction","target":["https:\/\/www.almega.se\/2024\/11\/reformbar-7-hur-lite-skatt-tal-sverige\/"]}]},{"@type":"ImageObject","inLanguage":"sv-SE","@id":"https:\/\/www.almega.se\/2024\/11\/reformbar-7-hur-lite-skatt-tal-sverige\/#primaryimage","url":"https:\/\/www.almega.se\/app\/uploads\/2024\/11\/462568703_941414231216363_389322778997899242_n-scaled.jpg","contentUrl":"https:\/\/www.almega.se\/app\/uploads\/2024\/11\/462568703_941414231216363_389322778997899242_n-scaled.jpg","width":2560,"height":1920},{"@type":"BreadcrumbList","@id":"https:\/\/www.almega.se\/2024\/11\/reformbar-7-hur-lite-skatt-tal-sverige\/#breadcrumb","itemListElement":[{"@type":"ListItem","position":1,"name":"Home","item":"https:\/\/www.almega.se\/"},{"@type":"ListItem","position":2,"name":"Reformbar #7 &#8211; Hur lite skatt t\u00e5l Sverige?"}]},{"@type":"WebSite","@id":"https:\/\/www.almega.se\/#website","url":"https:\/\/www.almega.se\/","name":"Almega","description":"","potentialAction":[{"@type":"SearchAction","target":{"@type":"EntryPoint","urlTemplate":"https:\/\/www.almega.se\/?s={search_term_string}"},"query-input":{"@type":"PropertyValueSpecification","valueRequired":true,"valueName":"search_term_string"}}],"inLanguage":"sv-SE"},{"@type":"Person","@id":"https:\/\/www.almega.se\/#\/schema\/person\/e54aa110880538cf5ceac0ac54bbecf7","name":"R\u00e9ka Tolnai","image":{"@type":"ImageObject","inLanguage":"sv-SE","@id":"https:\/\/www.almega.se\/#\/schema\/person\/image\/","url":"https:\/\/secure.gravatar.com\/avatar\/c722d4a4ee787603df9df499a683d681bd2c463bde248da25aabc45883d614d2?s=96&d=mm&r=g","contentUrl":"https:\/\/secure.gravatar.com\/avatar\/c722d4a4ee787603df9df499a683d681bd2c463bde248da25aabc45883d614d2?s=96&d=mm&r=g","caption":"R\u00e9ka Tolnai"},"url":"https:\/\/www.almega.se\/person\/rekatolnai\/"}]}},"_links":{"self":[{"href":"https:\/\/www.almega.se\/api\/wp\/v2\/posts\/76797","targetHints":{"allow":["GET"]}}],"collection":[{"href":"https:\/\/www.almega.se\/api\/wp\/v2\/posts"}],"about":[{"href":"https:\/\/www.almega.se\/api\/wp\/v2\/types\/post"}],"author":[{"embeddable":true,"href":"https:\/\/www.almega.se\/api\/wp\/v2\/users\/16543"}],"replies":[{"embeddable":true,"href":"https:\/\/www.almega.se\/api\/wp\/v2\/comments?post=76797"}],"version-history":[{"count":1,"href":"https:\/\/www.almega.se\/api\/wp\/v2\/posts\/76797\/revisions"}],"predecessor-version":[{"id":76799,"href":"https:\/\/www.almega.se\/api\/wp\/v2\/posts\/76797\/revisions\/76799"}],"wp:featuredmedia":[{"embeddable":true,"href":"https:\/\/www.almega.se\/api\/wp\/v2\/media\/76798"}],"wp:attachment":[{"href":"https:\/\/www.almega.se\/api\/wp\/v2\/media?parent=76797"}],"wp:term":[{"taxonomy":"category","embeddable":true,"href":"https:\/\/www.almega.se\/api\/wp\/v2\/categories?post=76797"},{"taxonomy":"post_tag","embeddable":true,"href":"https:\/\/www.almega.se\/api\/wp\/v2\/tags?post=76797"},{"taxonomy":"type","embeddable":true,"href":"https:\/\/www.almega.se\/api\/wp\/v2\/article_type?post=76797"},{"taxonomy":"agreement","embeddable":true,"href":"https:\/\/www.almega.se\/api\/wp\/v2\/agreement?post=76797"}],"curies":[{"name":"wp","href":"https:\/\/api.w.org\/{rel}","templated":true}]}}