{"id":76606,"date":"2024-10-28T11:21:51","date_gmt":"2024-10-28T10:21:51","guid":{"rendered":"https:\/\/www.almega.se\/?p=76606"},"modified":"2024-10-28T11:28:41","modified_gmt":"2024-10-28T10:28:41","slug":"seminarium-offentlig-upphandling-ur-tjansteforetagens-perspektiv","status":"publish","type":"post","link":"https:\/\/www.almega.se\/2024\/10\/seminarium-offentlig-upphandling-ur-tjansteforetagens-perspektiv\/","title":{"rendered":"Seminarium: Offentlig upphandling \u2013 ur tj\u00e4nste\u00adf\u00f6retagens perspektiv"},"content":{"rendered":"<p class=\"intro\">Se Almegas fullsatta seminarium, Offentlig upphandling \u2013 ur tj\u00e4nste\u00adf\u00f6retagens perspektiv, i efterhand h\u00e4r!<\/p>\n\n<p>Den offentliga sektorn i Sverige st\u00e5r inf\u00f6r stora utmaningar. Behoven av offentlig service v\u00e4xer i takt med att vi lever l\u00e4ngre och blir allt fler och samtidigt som medborgarnas krav p\u00e5 kvalitet \u00f6kar. I en f\u00f6r\u00e4nderlig och os\u00e4ker omv\u00e4rld st\u00e4lls den offentliga sektorn \u00e4ven inf\u00f6r nya utmaningar. F\u00f6r att tillgodose de behov offentlig sektor har spelar de offentliga upphandlingarna en avg\u00f6rande roll. Det \u00e4r stora v\u00e4rden vi pratar om. 2021 gjorde den offentliga sektorn upphandlingspliktiga ink\u00f6p f\u00f6r n\u00e4rmare 900 miljarder kronor, vilket motsvarar en sj\u00e4ttedel av BNP.<\/p>\n\n\n\n<p>Almega verkar f\u00f6r att offentliga upphandlingar ska genomf\u00f6ras p\u00e5 ett s\u00e4tt som tar tillvara p\u00e5 konkurrensen p\u00e5 marknaden, v\u00e4rnar aff\u00e4rsm\u00e4ssighet och kvalitet i leveransen samt inger f\u00f6rtroende f\u00f6r de offentliga aff\u00e4rerna. Vi vill bidra till att skapa dialog och lyfta fr\u00e5gor av betydelse f\u00f6r att skapa f\u00f6ruts\u00e4ttningar f\u00f6r utvecklade upphandlingar och b\u00e4ttre offentliga ink\u00f6p av tj\u00e4nster \u2013 till nytta f\u00f6r hela samh\u00e4llet.<\/p>\n\n\n\n<p>Den 22 oktober sl\u00e4pptes d\u00e4rf\u00f6r en ny rapport som kartl\u00e4gger hur tj\u00e4nstef\u00f6retagen ser p\u00e5 offentlig upphandling. Rapporten diskuterades under ett inspelat seminarium av f\u00f6retr\u00e4dare upphandlingsorganisationer och medlemsf\u00f6retag. Stort tack till <strong>Ulrica Dyrke<\/strong>, jurist och n\u00e4ringspolitisk expert med inriktning offentlig upphandling, Almega, <strong>Ann Eva Askensten<\/strong>,\u00a0avdelningschef h\u00e5llbara offentliga aff\u00e4rer, Upphandlingsmyndigheten, <strong>Martin Kruse<\/strong>, ink\u00f6pschef, Arbetsf\u00f6rmedlingen, <strong>Stefan Nordin<\/strong>, ink\u00f6pschef, Stockholms Stad, <strong>Emma Dehmer Unevik<\/strong>, ordf\u00f6rande Almega Servicef\u00f6retagen samt VD f\u00f6r Stockholms St\u00e4dsystem, <strong>Mats Johansson<\/strong>, s\u00e4ljchef, Securitas, <strong>Claus Forum<\/strong>, vd, Irisgruppen, <strong>Martin Magnusson<\/strong>, ink\u00f6pschef Karlstads kommun och ordf\u00f6rande i SOI, <strong>Eva St\u00e5lkrantz<\/strong>, anbudschef, Ambea, <strong>Stina Ljungkvist<\/strong>, vd, Carlstedt arkitekter och <strong>Martin Sj\u00f6gren<\/strong>, Senior Key Account Manager, Randstad. <strong>Bo Nordlin<\/strong>, Upphandling 24 modererade samtalet. <\/p>\n\n\n\n      <a href=\"https:\/\/www.youtube.com\/watch?v=KLgif785GfM\" target=\"\" class=\"Button is-button is-fullwidth is-style-fill has-primary-background-color has-primary-border-color Button--arrow-tip\">\n      \n        Ta del av seminariet h\u00e4r. \n      \n      \n                \n                <svg class='icon icon--arrow-tip'  width=\"11\" height=\"16\" viewBox=\"0 0 11 16\" fill=\"none\" xmlns=\"http:\/\/www.w3.org\/2000\/svg\">\n<path d=\"M0.858398 15L9.2304 7.99664L0.967732 1.00001\" stroke=\"black\" stroke-width=\"2\" stroke-miterlimit=\"10\"\/>\n<\/svg>\n\n        \n    <\/a>\n  \n\n\n\n      <a href=\"https:\/\/www.almega.se\/2024\/10\/rapport-offentlig-upphandling-ur-tjansteforetagens-perspektiv\/\" target=\"\" class=\"Button is-button is-fullwidth is-style-fill has-black-background-color has-black-border-color has-white-color Button--download\">\n      \n        Hela rapporten hittar du h\u00e4r. \n      \n      \n                <svg class='icon icon--download'  width=\"16\" height=\"16\" viewBox=\"0 0 16 16\" fill=\"none\" xmlns=\"http:\/\/www.w3.org\/2000\/svg\">\n<path d=\"M8 -2.18557e-07L8 10M8 10L13 5M8 10L3 5\" stroke=\"black\" stroke-width=\"2\" stroke-miterlimit=\"10\"\/>\n<path d=\"M15 11.5V15H1V11.5\" stroke=\"black\" stroke-width=\"2\" stroke-miterlimit=\"10\"\/>\n<\/svg>\n\n        \n    <\/a>\n  \n","protected":false},"excerpt":{"rendered":"<p>Se Almegas fullsatta seminarium, Offentlig upphandling \u2013 ur tj\u00e4nste\u00adf\u00f6retagens perspektiv, i efterhand h\u00e4r!<\/p>\n","protected":false},"author":16543,"featured_media":76607,"comment_status":"closed","ping_status":"closed","sticky":false,"template":"","format":"standard","meta":{"_acf_changed":false,"footnotes":""},"categories":[572],"tags":[],"article_type":[56],"agreement":[],"class_list":["post-76606","post","type-post","status-publish","format-standard","has-post-thumbnail","hentry","category-offentlig-upphandling","type-nyheter"],"acf":[],"yoast_head":"<!-- This site is optimized with the Yoast SEO Premium plugin v26.8 (Yoast SEO v26.8) - https:\/\/yoast.com\/product\/yoast-seo-premium-wordpress\/ -->\n<title>Seminarium: Offentlig upphandling \u2013 ur tj\u00e4nste\u00adf\u00f6retagens perspektiv | Almega<\/title>\n<meta name=\"robots\" content=\"index, follow, max-snippet:-1, max-image-preview:large, max-video-preview:-1\" \/>\n<link rel=\"canonical\" href=\"https:\/\/www.almega.se\/2024\/10\/seminarium-offentlig-upphandling-ur-tjansteforetagens-perspektiv\/\" \/>\n<meta property=\"og:locale\" content=\"sv_SE\" \/>\n<meta property=\"og:type\" content=\"article\" \/>\n<meta property=\"og:title\" content=\"Seminarium: Offentlig upphandling \u2013 ur tj\u00e4nste\u00adf\u00f6retagens perspektiv\" \/>\n<meta property=\"og:description\" content=\"Se Almegas fullsatta seminarium, Offentlig upphandling \u2013 ur tj\u00e4nste\u00adf\u00f6retagens perspektiv, i efterhand h\u00e4r!\" \/>\n<meta property=\"og:url\" content=\"https:\/\/www.almega.se\/2024\/10\/seminarium-offentlig-upphandling-ur-tjansteforetagens-perspektiv\/\" \/>\n<meta property=\"og:site_name\" content=\"Almega\" \/>\n<meta property=\"article:published_time\" content=\"2024-10-28T10:21:51+00:00\" \/>\n<meta property=\"article:modified_time\" content=\"2024-10-28T10:28:41+00:00\" \/>\n<meta property=\"og:image\" content=\"https:\/\/www.almega.se\/app\/uploads\/2024\/10\/Skarmavbild-2024-10-28-kl.-11.19.39-1180x609.png\" \/>\n\t<meta property=\"og:image:width\" content=\"1180\" \/>\n\t<meta property=\"og:image:height\" content=\"609\" \/>\n\t<meta property=\"og:image:type\" content=\"image\/png\" \/>\n<meta name=\"author\" content=\"R\u00e9ka Tolnai\" \/>\n<meta name=\"twitter:card\" content=\"summary_large_image\" \/>\n<meta name=\"twitter:label1\" content=\"Skriven av\" \/>\n\t<meta name=\"twitter:data1\" content=\"R\u00e9ka Tolnai\" \/>\n\t<meta name=\"twitter:label2\" content=\"Ber\u00e4knad l\u00e4stid\" \/>\n\t<meta name=\"twitter:data2\" content=\"2 minuter\" \/>\n<!-- \/ Yoast SEO Premium plugin. -->","yoast_head_json":{"title":"Seminarium: Offentlig upphandling \u2013 ur tj\u00e4nste\u00adf\u00f6retagens perspektiv | Almega","robots":{"index":"index","follow":"follow","max-snippet":"max-snippet:-1","max-image-preview":"max-image-preview:large","max-video-preview":"max-video-preview:-1"},"canonical":"https:\/\/www.almega.se\/2024\/10\/seminarium-offentlig-upphandling-ur-tjansteforetagens-perspektiv\/","og_locale":"sv_SE","og_type":"article","og_title":"Seminarium: Offentlig upphandling \u2013 ur tj\u00e4nste\u00adf\u00f6retagens perspektiv","og_description":"Se Almegas fullsatta seminarium, Offentlig upphandling \u2013 ur tj\u00e4nste\u00adf\u00f6retagens perspektiv, i efterhand h\u00e4r!","og_url":"https:\/\/www.almega.se\/2024\/10\/seminarium-offentlig-upphandling-ur-tjansteforetagens-perspektiv\/","og_site_name":"Almega","article_published_time":"2024-10-28T10:21:51+00:00","article_modified_time":"2024-10-28T10:28:41+00:00","og_image":[{"width":1180,"height":609,"url":"https:\/\/www.almega.se\/app\/uploads\/2024\/10\/Skarmavbild-2024-10-28-kl.-11.19.39-1180x609.png","type":"image\/png"}],"author":"R\u00e9ka Tolnai","twitter_card":"summary_large_image","twitter_misc":{"Skriven av":"R\u00e9ka Tolnai","Ber\u00e4knad l\u00e4stid":"2 minuter"},"schema":{"@context":"https:\/\/schema.org","@graph":[{"@type":"NewsArticle","@id":"https:\/\/www.almega.se\/2024\/10\/seminarium-offentlig-upphandling-ur-tjansteforetagens-perspektiv\/#article","isPartOf":{"@id":"https:\/\/www.almega.se\/2024\/10\/seminarium-offentlig-upphandling-ur-tjansteforetagens-perspektiv\/"},"author":{"name":"R\u00e9ka Tolnai","@id":"https:\/\/www.almega.se\/#\/schema\/person\/e54aa110880538cf5ceac0ac54bbecf7"},"headline":"Seminarium: Offentlig upphandling \u2013 ur tj\u00e4nste\u00adf\u00f6retagens perspektiv","datePublished":"2024-10-28T10:21:51+00:00","dateModified":"2024-10-28T10:28:41+00:00","mainEntityOfPage":{"@id":"https:\/\/www.almega.se\/2024\/10\/seminarium-offentlig-upphandling-ur-tjansteforetagens-perspektiv\/"},"wordCount":322,"image":{"@id":"https:\/\/www.almega.se\/2024\/10\/seminarium-offentlig-upphandling-ur-tjansteforetagens-perspektiv\/#primaryimage"},"thumbnailUrl":"https:\/\/www.almega.se\/app\/uploads\/2024\/10\/Skarmavbild-2024-10-28-kl.-11.19.39.png","articleSection":["Offentlig upphandling"],"inLanguage":"sv-SE"},{"@type":"WebPage","@id":"https:\/\/www.almega.se\/2024\/10\/seminarium-offentlig-upphandling-ur-tjansteforetagens-perspektiv\/","url":"https:\/\/www.almega.se\/2024\/10\/seminarium-offentlig-upphandling-ur-tjansteforetagens-perspektiv\/","name":"Seminarium: Offentlig upphandling \u2013 ur tj\u00e4nste\u00adf\u00f6retagens perspektiv | Almega","isPartOf":{"@id":"https:\/\/www.almega.se\/#website"},"primaryImageOfPage":{"@id":"https:\/\/www.almega.se\/2024\/10\/seminarium-offentlig-upphandling-ur-tjansteforetagens-perspektiv\/#primaryimage"},"image":{"@id":"https:\/\/www.almega.se\/2024\/10\/seminarium-offentlig-upphandling-ur-tjansteforetagens-perspektiv\/#primaryimage"},"thumbnailUrl":"https:\/\/www.almega.se\/app\/uploads\/2024\/10\/Skarmavbild-2024-10-28-kl.-11.19.39.png","datePublished":"2024-10-28T10:21:51+00:00","dateModified":"2024-10-28T10:28:41+00:00","author":{"@id":"https:\/\/www.almega.se\/#\/schema\/person\/e54aa110880538cf5ceac0ac54bbecf7"},"breadcrumb":{"@id":"https:\/\/www.almega.se\/2024\/10\/seminarium-offentlig-upphandling-ur-tjansteforetagens-perspektiv\/#breadcrumb"},"inLanguage":"sv-SE","potentialAction":[{"@type":"ReadAction","target":["https:\/\/www.almega.se\/2024\/10\/seminarium-offentlig-upphandling-ur-tjansteforetagens-perspektiv\/"]}]},{"@type":"ImageObject","inLanguage":"sv-SE","@id":"https:\/\/www.almega.se\/2024\/10\/seminarium-offentlig-upphandling-ur-tjansteforetagens-perspektiv\/#primaryimage","url":"https:\/\/www.almega.se\/app\/uploads\/2024\/10\/Skarmavbild-2024-10-28-kl.-11.19.39.png","contentUrl":"https:\/\/www.almega.se\/app\/uploads\/2024\/10\/Skarmavbild-2024-10-28-kl.-11.19.39.png","width":2224,"height":1148},{"@type":"BreadcrumbList","@id":"https:\/\/www.almega.se\/2024\/10\/seminarium-offentlig-upphandling-ur-tjansteforetagens-perspektiv\/#breadcrumb","itemListElement":[{"@type":"ListItem","position":1,"name":"Home","item":"https:\/\/www.almega.se\/"},{"@type":"ListItem","position":2,"name":"Seminarium: Offentlig upphandling \u2013 ur tj\u00e4nste\u00adf\u00f6retagens perspektiv"}]},{"@type":"WebSite","@id":"https:\/\/www.almega.se\/#website","url":"https:\/\/www.almega.se\/","name":"Almega","description":"","potentialAction":[{"@type":"SearchAction","target":{"@type":"EntryPoint","urlTemplate":"https:\/\/www.almega.se\/?s={search_term_string}"},"query-input":{"@type":"PropertyValueSpecification","valueRequired":true,"valueName":"search_term_string"}}],"inLanguage":"sv-SE"},{"@type":"Person","@id":"https:\/\/www.almega.se\/#\/schema\/person\/e54aa110880538cf5ceac0ac54bbecf7","name":"R\u00e9ka Tolnai","image":{"@type":"ImageObject","inLanguage":"sv-SE","@id":"https:\/\/www.almega.se\/#\/schema\/person\/image\/","url":"https:\/\/secure.gravatar.com\/avatar\/c722d4a4ee787603df9df499a683d681bd2c463bde248da25aabc45883d614d2?s=96&d=mm&r=g","contentUrl":"https:\/\/secure.gravatar.com\/avatar\/c722d4a4ee787603df9df499a683d681bd2c463bde248da25aabc45883d614d2?s=96&d=mm&r=g","caption":"R\u00e9ka Tolnai"},"url":"https:\/\/www.almega.se\/person\/rekatolnai\/"}]}},"_links":{"self":[{"href":"https:\/\/www.almega.se\/api\/wp\/v2\/posts\/76606","targetHints":{"allow":["GET"]}}],"collection":[{"href":"https:\/\/www.almega.se\/api\/wp\/v2\/posts"}],"about":[{"href":"https:\/\/www.almega.se\/api\/wp\/v2\/types\/post"}],"author":[{"embeddable":true,"href":"https:\/\/www.almega.se\/api\/wp\/v2\/users\/16543"}],"replies":[{"embeddable":true,"href":"https:\/\/www.almega.se\/api\/wp\/v2\/comments?post=76606"}],"version-history":[{"count":9,"href":"https:\/\/www.almega.se\/api\/wp\/v2\/posts\/76606\/revisions"}],"predecessor-version":[{"id":76696,"href":"https:\/\/www.almega.se\/api\/wp\/v2\/posts\/76606\/revisions\/76696"}],"wp:featuredmedia":[{"embeddable":true,"href":"https:\/\/www.almega.se\/api\/wp\/v2\/media\/76607"}],"wp:attachment":[{"href":"https:\/\/www.almega.se\/api\/wp\/v2\/media?parent=76606"}],"wp:term":[{"taxonomy":"category","embeddable":true,"href":"https:\/\/www.almega.se\/api\/wp\/v2\/categories?post=76606"},{"taxonomy":"post_tag","embeddable":true,"href":"https:\/\/www.almega.se\/api\/wp\/v2\/tags?post=76606"},{"taxonomy":"type","embeddable":true,"href":"https:\/\/www.almega.se\/api\/wp\/v2\/article_type?post=76606"},{"taxonomy":"agreement","embeddable":true,"href":"https:\/\/www.almega.se\/api\/wp\/v2\/agreement?post=76606"}],"curies":[{"name":"wp","href":"https:\/\/api.w.org\/{rel}","templated":true}]}}