{"id":76602,"date":"2024-10-28T11:11:08","date_gmt":"2024-10-28T10:11:08","guid":{"rendered":"https:\/\/www.almega.se\/?p=76602"},"modified":"2024-10-28T11:11:10","modified_gmt":"2024-10-28T10:11:10","slug":"almega-i-nya-wermlands-tidningen","status":"publish","type":"post","link":"https:\/\/www.almega.se\/2024\/10\/almega-i-nya-wermlands-tidningen\/","title":{"rendered":"Almega i Nya Wermlands-Tidningen"},"content":{"rendered":"<p class=\"intro\">I dialogen med v\u00e5ra medlemsf\u00f6retag st\u00f6ter vi st\u00e4ndigt p\u00e5 exempel p\u00e5 osund konkurrens fr\u00e5n offentlig sektor, vilket p\u00e5verkar f\u00f6retagens m\u00f6jligheter att driva och utveckla sina verksamheter, skriver f\u00f6retr\u00e4dare f\u00f6r flera n\u00e4ringslivsorganisationer.<\/p>\n\n<p>\u201dDen osunda konkurrensen undergr\u00e4ver f\u00f6retagens m\u00f6jligheter och tillv\u00e4xt, b\u00e5de p\u00e5 kort och l\u00e5ng sikt. M\u00f6jligheterna f\u00f6r ett f\u00f6retag att leverera och konkurrera p\u00e5 den begr\u00e4nsade marknaden som en kommun utg\u00f6r blir sv\u00e5rare med offentliga akt\u00f6rer med i bilden. Till slut kan ett f\u00f6retag tvingas dra ned p\u00e5 verksamheten eller l\u00e4gga ned helt. I detta scenario drabbas b\u00e5de f\u00f6retagare och anst\u00e4llda, men i l\u00e4ngden hela samh\u00e4llet d\u00e5 f\u00f6retagen driver samh\u00e4llet fram\u00e5t genom innovation, skapar arbetstillf\u00e4llen och genererar skatteint\u00e4kter.\u201d<\/p>\n\n\n\n<p>Det skriver\u00a0<strong>Ulrica Dykre<\/strong>, jurist och n\u00e4ringspolitisk expert med inriktning offentlig upphandling och osund konkurren, Almega och <strong>Adam Dobbertin<\/strong>, regionchef Mitt, Almega tillsammans med representanter f\u00f6r <strong>Svenskt N\u00e4ringsliv<\/strong>, <strong>Visita<\/strong> och <strong>F\u00f6retagarna<\/strong> p\u00e5 Nya Wermlands Tidningen 25\/10 2024. <\/p>\n\n\n\n      <a href=\"https:\/\/www.nwt.se\/2024\/10\/25\/nar-konkurrens-fran-det-offentliga-inte-ar-sunt-089b1\/\" target=\"\" class=\"Button is-button is-fullwidth is-style-fill has-primary-background-color has-primary-border-color Button--arrow-tip\">\n      \n        L\u00e4s hela debattartikeln h\u00e4r!\n      \n      \n                \n                <svg class='icon icon--arrow-tip'  width=\"11\" height=\"16\" viewBox=\"0 0 11 16\" fill=\"none\" xmlns=\"http:\/\/www.w3.org\/2000\/svg\">\n<path d=\"M0.858398 15L9.2304 7.99664L0.967732 1.00001\" stroke=\"black\" stroke-width=\"2\" stroke-miterlimit=\"10\"\/>\n<\/svg>\n\n        \n    <\/a>\n  \n","protected":false},"excerpt":{"rendered":"<p>\u201dDen osunda konkurrensen undergr\u00e4ver f\u00f6retagens m\u00f6jligheter och tillv\u00e4xt, b\u00e5de p\u00e5 kort och l\u00e5ng sikt. M\u00f6jligheterna f\u00f6r ett f\u00f6retag att leverera och konkurrera p\u00e5 den begr\u00e4nsade marknaden som en kommun utg\u00f6r blir sv\u00e5rare med offentliga akt\u00f6rer &hellip;<\/p>\n","protected":false},"author":16543,"featured_media":76603,"comment_status":"closed","ping_status":"closed","sticky":false,"template":"","format":"standard","meta":{"_acf_changed":false,"footnotes":""},"categories":[607],"tags":[],"article_type":[49,56],"agreement":[],"class_list":["post-76602","post","type-post","status-publish","format-standard","has-post-thumbnail","hentry","category-osund-konkurrens","type-debattartiklar","type-nyheter"],"acf":[],"yoast_head":"<!-- This site is optimized with the Yoast SEO Premium plugin v26.8 (Yoast SEO v26.8) - https:\/\/yoast.com\/product\/yoast-seo-premium-wordpress\/ -->\n<title>Almega i Nya Wermlands-Tidningen | Almega<\/title>\n<meta name=\"robots\" content=\"index, follow, max-snippet:-1, max-image-preview:large, max-video-preview:-1\" \/>\n<link rel=\"canonical\" href=\"https:\/\/www.almega.se\/2024\/10\/almega-i-nya-wermlands-tidningen\/\" \/>\n<meta property=\"og:locale\" content=\"sv_SE\" \/>\n<meta property=\"og:type\" content=\"article\" \/>\n<meta property=\"og:title\" content=\"Almega i Nya Wermlands-Tidningen\" \/>\n<meta property=\"og:description\" content=\"\u201dDen osunda konkurrensen undergr\u00e4ver f\u00f6retagens m\u00f6jligheter och tillv\u00e4xt, b\u00e5de p\u00e5 kort och l\u00e5ng sikt. M\u00f6jligheterna f\u00f6r ett f\u00f6retag att leverera och konkurrera p\u00e5 den begr\u00e4nsade marknaden som en kommun utg\u00f6r blir sv\u00e5rare med offentliga akt\u00f6rer &hellip;\" \/>\n<meta property=\"og:url\" content=\"https:\/\/www.almega.se\/2024\/10\/almega-i-nya-wermlands-tidningen\/\" \/>\n<meta property=\"og:site_name\" content=\"Almega\" \/>\n<meta property=\"article:published_time\" content=\"2024-10-28T10:11:08+00:00\" \/>\n<meta property=\"article:modified_time\" content=\"2024-10-28T10:11:10+00:00\" \/>\n<meta property=\"og:image\" content=\"https:\/\/www.almega.se\/app\/uploads\/2024\/10\/hemsidan-ulrica-.png\" \/>\n\t<meta property=\"og:image:width\" content=\"940\" \/>\n\t<meta property=\"og:image:height\" content=\"788\" \/>\n\t<meta property=\"og:image:type\" content=\"image\/png\" \/>\n<meta name=\"author\" content=\"R\u00e9ka Tolnai\" \/>\n<meta name=\"twitter:card\" content=\"summary_large_image\" \/>\n<meta name=\"twitter:label1\" content=\"Skriven av\" \/>\n\t<meta name=\"twitter:data1\" content=\"R\u00e9ka Tolnai\" \/>\n\t<meta name=\"twitter:label2\" content=\"Ber\u00e4knad l\u00e4stid\" \/>\n\t<meta name=\"twitter:data2\" content=\"1 minut\" \/>\n<!-- \/ Yoast SEO Premium plugin. -->","yoast_head_json":{"title":"Almega i Nya Wermlands-Tidningen | Almega","robots":{"index":"index","follow":"follow","max-snippet":"max-snippet:-1","max-image-preview":"max-image-preview:large","max-video-preview":"max-video-preview:-1"},"canonical":"https:\/\/www.almega.se\/2024\/10\/almega-i-nya-wermlands-tidningen\/","og_locale":"sv_SE","og_type":"article","og_title":"Almega i Nya Wermlands-Tidningen","og_description":"\u201dDen osunda konkurrensen undergr\u00e4ver f\u00f6retagens m\u00f6jligheter och tillv\u00e4xt, b\u00e5de p\u00e5 kort och l\u00e5ng sikt. M\u00f6jligheterna f\u00f6r ett f\u00f6retag att leverera och konkurrera p\u00e5 den begr\u00e4nsade marknaden som en kommun utg\u00f6r blir sv\u00e5rare med offentliga akt\u00f6rer &hellip;","og_url":"https:\/\/www.almega.se\/2024\/10\/almega-i-nya-wermlands-tidningen\/","og_site_name":"Almega","article_published_time":"2024-10-28T10:11:08+00:00","article_modified_time":"2024-10-28T10:11:10+00:00","og_image":[{"width":940,"height":788,"url":"https:\/\/www.almega.se\/app\/uploads\/2024\/10\/hemsidan-ulrica-.png","type":"image\/png"}],"author":"R\u00e9ka Tolnai","twitter_card":"summary_large_image","twitter_misc":{"Skriven av":"R\u00e9ka Tolnai","Ber\u00e4knad l\u00e4stid":"1 minut"},"schema":{"@context":"https:\/\/schema.org","@graph":[{"@type":"NewsArticle","@id":"https:\/\/www.almega.se\/2024\/10\/almega-i-nya-wermlands-tidningen\/#article","isPartOf":{"@id":"https:\/\/www.almega.se\/2024\/10\/almega-i-nya-wermlands-tidningen\/"},"author":{"name":"R\u00e9ka Tolnai","@id":"https:\/\/www.almega.se\/#\/schema\/person\/e54aa110880538cf5ceac0ac54bbecf7"},"headline":"Almega i Nya Wermlands-Tidningen","datePublished":"2024-10-28T10:11:08+00:00","dateModified":"2024-10-28T10:11:10+00:00","mainEntityOfPage":{"@id":"https:\/\/www.almega.se\/2024\/10\/almega-i-nya-wermlands-tidningen\/"},"wordCount":145,"image":{"@id":"https:\/\/www.almega.se\/2024\/10\/almega-i-nya-wermlands-tidningen\/#primaryimage"},"thumbnailUrl":"https:\/\/www.almega.se\/app\/uploads\/2024\/10\/hemsidan-ulrica-.png","articleSection":["Osund konkurrens"],"inLanguage":"sv-SE"},{"@type":"WebPage","@id":"https:\/\/www.almega.se\/2024\/10\/almega-i-nya-wermlands-tidningen\/","url":"https:\/\/www.almega.se\/2024\/10\/almega-i-nya-wermlands-tidningen\/","name":"Almega i Nya Wermlands-Tidningen | Almega","isPartOf":{"@id":"https:\/\/www.almega.se\/#website"},"primaryImageOfPage":{"@id":"https:\/\/www.almega.se\/2024\/10\/almega-i-nya-wermlands-tidningen\/#primaryimage"},"image":{"@id":"https:\/\/www.almega.se\/2024\/10\/almega-i-nya-wermlands-tidningen\/#primaryimage"},"thumbnailUrl":"https:\/\/www.almega.se\/app\/uploads\/2024\/10\/hemsidan-ulrica-.png","datePublished":"2024-10-28T10:11:08+00:00","dateModified":"2024-10-28T10:11:10+00:00","author":{"@id":"https:\/\/www.almega.se\/#\/schema\/person\/e54aa110880538cf5ceac0ac54bbecf7"},"breadcrumb":{"@id":"https:\/\/www.almega.se\/2024\/10\/almega-i-nya-wermlands-tidningen\/#breadcrumb"},"inLanguage":"sv-SE","potentialAction":[{"@type":"ReadAction","target":["https:\/\/www.almega.se\/2024\/10\/almega-i-nya-wermlands-tidningen\/"]}]},{"@type":"ImageObject","inLanguage":"sv-SE","@id":"https:\/\/www.almega.se\/2024\/10\/almega-i-nya-wermlands-tidningen\/#primaryimage","url":"https:\/\/www.almega.se\/app\/uploads\/2024\/10\/hemsidan-ulrica-.png","contentUrl":"https:\/\/www.almega.se\/app\/uploads\/2024\/10\/hemsidan-ulrica-.png","width":940,"height":788},{"@type":"BreadcrumbList","@id":"https:\/\/www.almega.se\/2024\/10\/almega-i-nya-wermlands-tidningen\/#breadcrumb","itemListElement":[{"@type":"ListItem","position":1,"name":"Home","item":"https:\/\/www.almega.se\/"},{"@type":"ListItem","position":2,"name":"Almega i Nya Wermlands-Tidningen"}]},{"@type":"WebSite","@id":"https:\/\/www.almega.se\/#website","url":"https:\/\/www.almega.se\/","name":"Almega","description":"","potentialAction":[{"@type":"SearchAction","target":{"@type":"EntryPoint","urlTemplate":"https:\/\/www.almega.se\/?s={search_term_string}"},"query-input":{"@type":"PropertyValueSpecification","valueRequired":true,"valueName":"search_term_string"}}],"inLanguage":"sv-SE"},{"@type":"Person","@id":"https:\/\/www.almega.se\/#\/schema\/person\/e54aa110880538cf5ceac0ac54bbecf7","name":"R\u00e9ka Tolnai","image":{"@type":"ImageObject","inLanguage":"sv-SE","@id":"https:\/\/www.almega.se\/#\/schema\/person\/image\/","url":"https:\/\/secure.gravatar.com\/avatar\/c722d4a4ee787603df9df499a683d681bd2c463bde248da25aabc45883d614d2?s=96&d=mm&r=g","contentUrl":"https:\/\/secure.gravatar.com\/avatar\/c722d4a4ee787603df9df499a683d681bd2c463bde248da25aabc45883d614d2?s=96&d=mm&r=g","caption":"R\u00e9ka Tolnai"},"url":"https:\/\/www.almega.se\/person\/rekatolnai\/"}]}},"_links":{"self":[{"href":"https:\/\/www.almega.se\/api\/wp\/v2\/posts\/76602","targetHints":{"allow":["GET"]}}],"collection":[{"href":"https:\/\/www.almega.se\/api\/wp\/v2\/posts"}],"about":[{"href":"https:\/\/www.almega.se\/api\/wp\/v2\/types\/post"}],"author":[{"embeddable":true,"href":"https:\/\/www.almega.se\/api\/wp\/v2\/users\/16543"}],"replies":[{"embeddable":true,"href":"https:\/\/www.almega.se\/api\/wp\/v2\/comments?post=76602"}],"version-history":[{"count":1,"href":"https:\/\/www.almega.se\/api\/wp\/v2\/posts\/76602\/revisions"}],"predecessor-version":[{"id":76604,"href":"https:\/\/www.almega.se\/api\/wp\/v2\/posts\/76602\/revisions\/76604"}],"wp:featuredmedia":[{"embeddable":true,"href":"https:\/\/www.almega.se\/api\/wp\/v2\/media\/76603"}],"wp:attachment":[{"href":"https:\/\/www.almega.se\/api\/wp\/v2\/media?parent=76602"}],"wp:term":[{"taxonomy":"category","embeddable":true,"href":"https:\/\/www.almega.se\/api\/wp\/v2\/categories?post=76602"},{"taxonomy":"post_tag","embeddable":true,"href":"https:\/\/www.almega.se\/api\/wp\/v2\/tags?post=76602"},{"taxonomy":"type","embeddable":true,"href":"https:\/\/www.almega.se\/api\/wp\/v2\/article_type?post=76602"},{"taxonomy":"agreement","embeddable":true,"href":"https:\/\/www.almega.se\/api\/wp\/v2\/agreement?post=76602"}],"curies":[{"name":"wp","href":"https:\/\/api.w.org\/{rel}","templated":true}]}}