{"id":7644,"date":"2013-12-13T10:00:00","date_gmt":"2013-12-13T10:00:00","guid":{"rendered":"http:\/\/almega-bento\/wp\/blog\/2013\/12\/13\/nytt-kollektivavtal-med-kommunal-for-bransch-vard-och-behandlingsverksamhet-samt-omsorgsverksamhet-e-2\/"},"modified":"2013-12-13T10:00:00","modified_gmt":"2013-12-13T10:00:00","slug":"nytt-kollektivavtal-med-kommunal-for-bransch-vard-och-behandlingsverksamhet-samt-omsorgsverksamhet-e-2","status":"publish","type":"post","link":"https:\/\/www.almega.se\/2013\/12\/nytt-kollektivavtal-med-kommunal-for-bransch-vard-och-behandlingsverksamhet-samt-omsorgsverksamhet-e-2\/","title":{"rendered":"Nytt kollektivavtal med Kommunal f\u00f6r bransch V\u00e5rd och behandlings&shy;verksamhet samt omsorgs&shy;verksamhet (E)"},"content":{"rendered":"\n<p class=\"intro\">V\u00e5rdf\u00f6retagarna har tecknat ett 37 m\u00e5naders avtal med Kommunal om l\u00f6ner och allm\u00e4nna villkor f\u00f6r bransch V\u00e5rd och behandlingsverksamhet samt omsorgsverksamhet (E). Avtalet g\u00e4ller fr\u00e5n den 1 november 2013 till den 30 november 2016. Det samlade avtalsv\u00e4rdet medf\u00f6r en kostnads\u00f6kning om 6,8 %, vilket ligger i linje med \u00f6vriga avtal som tecknats p\u00e5 arbetsmarknaden.<\/p>\n<p><strong>L&ouml;nerevisionsdatum, l&ouml;ne&ouml;kningsutrymme och l&auml;gstal&ouml;ner<\/strong><br \/>  L&ouml;neavtalet anger att l&ouml;nerevision ska ske den 1 november 2013, den 1 november 2014 respektive den 1 november 2015. Till den allm&auml;nna potten bidrar heltidsanst&auml;lld med 510 kronor &aring;r 2013, 560 kronor &aring;r 2014 och 630 kronor &aring;r 2015. Deltidsanst&auml;lld bidrar i proportion till arbetstidsm&aring;ttet. Potten f&ouml;rdelas av arbetsgivaren i l&ouml;nesamtal. Ingen individgaranti.<\/p>\n<p>L&auml;gstal&ouml;nen f&ouml;r medarbetare som fyllt 19 &aring;r och har en sammanh&auml;ngande anst&auml;llningstid &ouml;verstigande tre m&aring;nader ska uppg&aring; till 17 060 kronor per m&aring;nad fr&aring;n den 1 november 2013, 17 450 kronor per m&aring;nad fr&aring;n den 1 november 2014 och 17 885 kronor per m&aring;nad fr&aring;n den 1 november 2015.<\/p>\n<p>L&auml;gstal&ouml;nen f&ouml;r medarbetare som har yrkesf&ouml;rberedande gymnasieutbildning samt ett &aring;rs sammanh&auml;ngande anst&auml;llning i yrket efter genomg&aring;ngen utbildning ska uppg&aring; till 18 935 kronor per m&aring;nad fr&aring;n den 1 november 2013, 19 495 kronor per m&aring;nad fr&aring;n den 1 november 2014 och<br \/>  20 125 kronor per m&aring;nad fr&aring;n den 1 november 2015.<\/p>\n<p>Nytt i l&ouml;neavtalet &auml;r punkt 5.1 som m&ouml;jligg&ouml;r f&ouml;r lokala parter att komma &ouml;verens om en annan l&ouml;sning &auml;n den som framg&aring;r av det centrala l&ouml;neavtalet. Lokala parter &auml;r arbetsgivaren och Kommunal p&aring; lokal niv&aring;.<\/p>\n<p><strong>Ej f&ouml;retr&auml;desr&auml;tt till kortare allm&auml;n visstidsanst&auml;llningar<\/strong><br \/>  F&ouml;retr&auml;desr&auml;tt har hittills inte g&auml;llt vikariat om h&ouml;gst fjorton dagar. Nu utvidgas undantaget i &sect; 3 Mom 6 till att &auml;ven omfatta allm&auml;n visstidsanst&auml;llningar om h&ouml;gst fjorton dagar.<\/p>\n<p><strong>M&ouml;jligt att avst&aring; konvertering till tillsvidareanst&auml;llning (&sect; 3 Mom 7)<\/strong><br \/>  Medarbetare kan nu genom en skriftlig &ouml;verenskommelse med arbetsgivaren avst&aring; konvertering fr&aring;n vikariat eller allm&auml;n visstidsanst&auml;llning till tillsvidareanst&auml;llning efter tv&aring; &aring;rs anst&auml;llning under en fem&aring;rsperiod. &Ouml;verenskommelse ska ske i samband med att konvertering &auml;r aktuell och g&auml;ller i sex m&aring;nader.<\/p>\n<p><strong>Provanst&auml;llningstiden kan f&ouml;rl&auml;ngas vid l&auml;ngre fr&aring;nvaro<\/strong><br \/>  Sedan tidigare har arbetsgivare och medarbetare kunnat komma &ouml;verens om en f&ouml;rl&auml;ngning av provanst&auml;llningsperioden vid sjukdomsfall l&auml;ngre &auml;n sex dagar motsvarande sjukdomsperioden. Nu utvidgas m&ouml;jligheten i &sect; 4 Mom 5 till att omfatta all fr&aring;nvaro som &ouml;verstiger sex dagar.<\/p>\n<p><strong>&Auml;ndringar i &sect; 5 Arbetstid<\/strong><br \/>  Ordinarie arbetstidsm&aring;tt f&ouml;r skiftarbete har utraderats fr&aring;n avtalet. Om en medarbetare har ordinarie arbetstidsm&aring;tt f&ouml;r skiftarbete idag beh&aring;ller medarbetaren detta arbetstidsm&aring;tt. I samband med denna f&ouml;r&auml;ndring har en redaktionell &ouml;versyn skett av texten.<\/p>\n<p><strong>H&ouml;jning av ers&auml;ttning p&aring; ob-tid och f&ouml;rskjuten arbetstid (&sect; 6 Mom 1 och 3)<\/strong><br \/>  &nbsp;<\/p>\n<table border=\"1\" cellpadding=\"1\" cellspacing=\"1\" style=\"width: 605px;height: 126px\">\n<tbody>\n<tr>\n<td><strong>O-till&auml;ggstid<\/strong><\/td>\n<td><strong>Kr\/tim fr o m 2014-11-01<\/strong><\/td>\n<td><strong>Kr\/tim fr o m 2015-11-01<\/strong><\/td>\n<\/tr>\n<tr>\n<td>1 O-till&auml;ggstid A<\/td>\n<td>98:00<\/td>\n<td>99:30<\/td>\n<\/tr>\n<tr>\n<td>2 O-till&auml;ggstid B<\/td>\n<td>49:50<\/td>\n<td>50:80<\/td>\n<\/tr>\n<tr>\n<td>3 O-till&auml;ggstid C<\/td>\n<td>41:30<\/td>\n<td>43:40<\/td>\n<\/tr>\n<tr>\n<td>4 O-till&auml;ggstid D<\/td>\n<td>19:90<\/td>\n<td>20:50<\/td>\n<\/tr>\n<\/tbody>\n<\/table>\n<p>Ers&auml;ttning f&ouml;r f&ouml;rskjuten arbetstid h&ouml;js fr&aring;n den 1 juni 2015 till 18:70 kronor per timma.<\/p>\n<p><strong>H&ouml;jning av beredskapsers&auml;ttning (&sect; 9 Mom 2)<\/strong><br \/>  Beredskapsers&auml;ttning p&aring; vardagar h&ouml;js fr&aring;n den 1 juni 2015 till 13:10 kronor per timma. Beredskapsers&auml;ttning p&aring; helger h&ouml;js fr&aring;n samma datum till 26:20 kronor per timma.<\/p>\n<p><strong>M&ouml;jligt att kompensera jour i kompensationsledighet<\/strong><br \/>  I &sect; 10 Mom 2 inf&ouml;rs nu en m&ouml;jlighet f&ouml;r arbetsgivare och medarbetare att komma &ouml;verens om att jour ska kompenseras i form av kompensationsledighet. Parterna ska samr&aring;da om den lediga tidens f&ouml;rl&auml;ggning, varvid b&aring;da parternas &ouml;nskem&aring;l s&aring; l&aring;ngt m&ouml;jligt ska beaktas.<\/p>\n<p>Kompensationsledighet erh&aring;lls per jourtimma med 15 minuter.<\/p>\n<p>F&ouml;r jour eller del av denna som infaller mellan kl 22.00 dag f&ouml;re l&ouml;rdag\/helgdagsafton och kl 07.00 dag efter s&ouml;n- och helgdag utg&aring;r kompensationsledighet per timma med 30 minuter.<\/p>\n<p>Kommer inte arbetsgivare och medarbetare &ouml;verens om kompensationsledighet kompenseras medarbetaren med kontant ers&auml;ttning.<\/p>\n<p><strong>F&ouml;renklad text kring individuella &ouml;verenskommelser om undantag fr&aring;n vissa ers&auml;ttningsformer<\/strong><br \/>  Tidigare har individuell &ouml;verenskommelse mellan arbetsgivare och medarbetare om undantag fr&aring;n ers&auml;ttning f&ouml;r ob-tid, &ouml;vertid, beredskap eller jour avsett ett &aring;r i taget.<\/p>\n<p>Nu g&auml;ller s&aring;dan &ouml;verenskommelse ist&auml;llet tillsvidare och part som vill att &ouml;verenskommelsen ska upph&ouml;ra ska underr&auml;tta den andra parten senast tv&aring; m&aring;nader innan n&auml;sta l&ouml;nerevision. Sker underr&auml;ttelse senare g&auml;ller &ouml;verenskommelsen till n&auml;stkommande l&ouml;nerevision.<\/p>\n<p><strong>Ytterligare en m&aring;nad med f&ouml;r&auml;ldraledighetstill&auml;gg<\/strong><br \/>  Tiden under vilken f&ouml;r&auml;ldraledighetstill&auml;gg ska utbetalas har i likhet med &ouml;vriga avtal p&aring; arbetsmarknaden utvidgats till att omfatta maximalt 180 kalenderdagar n&auml;r medarbetaren varit anst&auml;lld i tre &aring;r i f&ouml;ljd eller mer.<\/p>\n<p>F&ouml;r&auml;ldraledighetstill&auml;gget utg&ouml;rs av ett belopp motsvarande;<br \/>  &bull; en m&aring;nadsl&ouml;n minus avdrag under 30 kalenderdagar ber&auml;knad per kalenderdag om medarbetaren varit anst&auml;lld i ett men inte tv&aring; &aring;r i f&ouml;ljd,<br \/>  &bull; tre m&aring;nadsl&ouml;ner minus avdrag under 90 kalenderdagar ber&auml;knad per kalenderdag om medarbetaren varit anst&auml;lld i tv&aring; men inte tre &aring;r i f&ouml;ljd,<br \/>  &bull; sex m&aring;nadsl&ouml;ner minus avdrag under 180 kalenderdagar ber&auml;knad per kalenderdag om medarbetaren varit anst&auml;lld i tre &aring;r i f&ouml;ljd eller mer.<\/p>\n<p>Om ledigheten skulle bli kortare &auml;n en, tre respektive sex m&aring;nader utges inte f&ouml;r&auml;ldraledighetstill&auml;gg f&ouml;r l&auml;ngre tid &auml;n ledigheten omfattar.<\/p>\n<p>F&ouml;r&auml;ldraledighetstill&auml;gg utges inte p&aring; l&ouml;nedelar &ouml;ver 15 prisbasbelopp.<\/p>\n<p>OBS! Notera att fr&aring;n den 1 januari 2014 ska inte f&ouml;r&auml;ldraledighetstill&auml;gg enligt avtalet utges till medarbetare som omfattas av F&ouml;rs&auml;kring om kompletterande f&ouml;r&auml;ldrapenning (FPT) och &ouml;vriga Fora-f&ouml;rs&auml;kringar, dvs Avtalsgruppsjukf&ouml;rs&auml;kring (AGS), Avtalspension SAF-LO (ASL), Tj&auml;nstegrupplivf&ouml;rs&auml;kring (TGL), Trygghetsf&ouml;rs&auml;kring vid arbetsskada (TFA) och Omst&auml;llningsf&ouml;rs&auml;kring. Se vidare separat utskickat Arbetsgivarnytt.<\/p>\n<p><strong>Prelimin&auml;r &ouml;verenskommelse om introduktionsanst&auml;llningar<\/strong><br \/>  F&ouml;r att underl&auml;tta en effektiv arbetslivsstart har parterna tr&auml;ffat en prelimin&auml;r &ouml;verenskommelse om att inf&ouml;ra s&aring; kallade introduktionsanst&auml;llningar.&nbsp;&nbsp; Partsavsikten &auml;r att ett s&auml;rskilt avtal om yrkesintroduktionsanst&auml;llningar tas fram av parterna senast den 31 mars 2014.<\/p>\n<p><strong>Arbetsgrupper<\/strong><br \/>  Centrala parter kommer under avtalsperioden i ett antal arbetsgrupper bland annat utreda utvecklingen av verksamheter med boende f&ouml;r funktionshindrade, diskutera fr&aring;gor kring avtalets arbetstidsbest&auml;mmelser och en utveckling av l&ouml;neavtalet, g&ouml;ra en &ouml;versyn av l&ouml;nestatistiken.<\/p>\n<p><strong>Protokoll med bilagor<\/strong><br \/>  Fullst&auml;ndigt protokoll och bilagor inneh&aring;llande l&ouml;neavtal och &auml;ndringar av allm&auml;nna anst&auml;llningsvillkor finns&nbsp; h&auml;r nedan<\/p>\n<p><a href=\"\/app\/uploads\/imported\/Kommunal-E-2013-2016-A.pdf\" target=\"_blank\" title=\"Kommunal_E_2013_2016_A.pdf\" rel=\"noopener\">Protokoll<\/a><\/p>\n<p><strong>Avtalskonferenser<\/strong><br \/>  Vi bjuder in till avtalskonferenser f&ouml;r att g&aring; igenom det nya kollektivavtalet. Ett perfekt tillf&auml;lle att l&auml;ra mer om kollektivavtalet. Konferenserna &auml;r kostnadsfria. Vi bjuder p&aring; en enklare lunch.<\/p>\n<p>&bull; Avtalskonferens i Stockholm den 13 januari kl 10 &#8211; 12 p&aring; Almegas kontor p&aring; Sturegatan 11<\/p>\n<p>&bull; Avtalskonferens i Ume&aring; den 16 januari kl 10 &ndash; 12 p&aring; Almegas kontor p&aring; Brogatan 4<\/p>\n<p>&bull; Avtalskonferens i G&ouml;teborg den 21 januari kl 10 &#8211; 12 p&aring; Almegas kontor p&aring; S&ouml;dra Hamngatan 53<\/p>\n<p>&bull; Avtalskonferens i Malm&ouml; den 22 januari kl 10 &#8211; 12 p&aring; Almegas kontor p&aring; J&ouml;rgen Kocksgatan 1 B<\/p>\n<p>Inbjudan till avtalskonferenserna skickas ut i separat Arbetsgivarnytt d&auml;r anm&auml;lan kan ske via en l&auml;nk.<\/p>\n<p>&nbsp;<\/p>\n<\/p>\n","protected":false},"excerpt":{"rendered":"<p>V\u00e5rdf\u00f6retagarna har tecknat ett 37 m\u00e5naders avtal med Kommunal om l\u00f6ner och allm\u00e4nna villkor f\u00f6r bransch V\u00e5rd och behandlingsverksamhet samt omsorgsverksamhet (E). Avtalet g\u00e4ller fr\u00e5n den 1 november 2013 till den 30 november 2016. Det samlade avtalsv\u00e4rdet medf\u00f6r en kostnads\u00f6kning om 6,8 %, vilket ligger i linje med \u00f6vriga avtal som tecknats p\u00e5 arbetsmarknaden.<\/p>\n","protected":false},"author":1,"featured_media":0,"comment_status":"closed","ping_status":"open","sticky":false,"template":"","format":"standard","meta":{"_acf_changed":false,"footnotes":""},"categories":[1],"tags":[],"article_type":[313],"agreement":[238],"class_list":["post-7644","post","type-post","status-publish","format-standard","hentry","category-okategoriserade","type-arbetsgivarnytt","agreement-bfcd80f7-ff07-de11-b4e1-02bf9e69ca65"],"acf":[],"yoast_head":"<!-- This site is optimized with the Yoast SEO Premium plugin v26.8 (Yoast SEO v26.8) - https:\/\/yoast.com\/product\/yoast-seo-premium-wordpress\/ -->\n<title>Nytt kollektivavtal med Kommunal f\u00f6r bransch V\u00e5rd och behandlingsverksamhet samt omsorgsverksamhet (E) | Almega<\/title>\n<meta name=\"robots\" content=\"index, follow, max-snippet:-1, max-image-preview:large, max-video-preview:-1\" \/>\n<link rel=\"canonical\" href=\"https:\/\/www.almega.se\/2013\/12\/nytt-kollektivavtal-med-kommunal-for-bransch-vard-och-behandlingsverksamhet-samt-omsorgsverksamhet-e-2\/\" \/>\n<meta property=\"og:locale\" content=\"sv_SE\" \/>\n<meta property=\"og:type\" content=\"article\" \/>\n<meta property=\"og:title\" content=\"Nytt kollektivavtal med Kommunal f\u00f6r bransch V\u00e5rd och behandlingsverksamhet samt omsorgsverksamhet (E)\" \/>\n<meta property=\"og:description\" content=\"V\u00e5rdf\u00f6retagarna har tecknat ett 37 m\u00e5naders avtal med Kommunal om l\u00f6ner och allm\u00e4nna villkor f\u00f6r bransch V\u00e5rd och behandlingsverksamhet samt omsorgsverksamhet (E). Avtalet g\u00e4ller fr\u00e5n den 1 november 2013 till den 30 november 2016. Det samlade avtalsv\u00e4rdet medf\u00f6r en kostnads\u00f6kning om 6,8 %, vilket ligger i linje med \u00f6vriga avtal som tecknats p\u00e5 arbetsmarknaden.\" \/>\n<meta property=\"og:url\" content=\"https:\/\/www.almega.se\/2013\/12\/nytt-kollektivavtal-med-kommunal-for-bransch-vard-och-behandlingsverksamhet-samt-omsorgsverksamhet-e-2\/\" \/>\n<meta property=\"og:site_name\" content=\"Almega\" \/>\n<meta property=\"article:published_time\" content=\"2013-12-13T10:00:00+00:00\" \/>\n<meta property=\"og:image\" content=\"https:\/\/www.almega.se\/app\/uploads\/2020\/12\/almega-share-logo.png\" \/>\n\t<meta property=\"og:image:width\" content=\"1200\" \/>\n\t<meta property=\"og:image:height\" content=\"630\" \/>\n\t<meta property=\"og:image:type\" content=\"image\/png\" \/>\n<meta name=\"author\" content=\"admin\" \/>\n<meta name=\"twitter:card\" content=\"summary_large_image\" \/>\n<meta name=\"twitter:label1\" content=\"Skriven av\" \/>\n\t<meta name=\"twitter:data1\" content=\"admin\" \/>\n\t<meta name=\"twitter:label2\" content=\"Ber\u00e4knad l\u00e4stid\" \/>\n\t<meta name=\"twitter:data2\" content=\"8 minuter\" \/>\n<!-- \/ Yoast SEO Premium plugin. -->","yoast_head_json":{"title":"Nytt kollektivavtal med Kommunal f\u00f6r bransch V\u00e5rd och behandlingsverksamhet samt omsorgsverksamhet (E) | Almega","robots":{"index":"index","follow":"follow","max-snippet":"max-snippet:-1","max-image-preview":"max-image-preview:large","max-video-preview":"max-video-preview:-1"},"canonical":"https:\/\/www.almega.se\/2013\/12\/nytt-kollektivavtal-med-kommunal-for-bransch-vard-och-behandlingsverksamhet-samt-omsorgsverksamhet-e-2\/","og_locale":"sv_SE","og_type":"article","og_title":"Nytt kollektivavtal med Kommunal f\u00f6r bransch V\u00e5rd och behandlingsverksamhet samt omsorgsverksamhet (E)","og_description":"V\u00e5rdf\u00f6retagarna har tecknat ett 37 m\u00e5naders avtal med Kommunal om l\u00f6ner och allm\u00e4nna villkor f\u00f6r bransch V\u00e5rd och behandlingsverksamhet samt omsorgsverksamhet (E). Avtalet g\u00e4ller fr\u00e5n den 1 november 2013 till den 30 november 2016. Det samlade avtalsv\u00e4rdet medf\u00f6r en kostnads\u00f6kning om 6,8 %, vilket ligger i linje med \u00f6vriga avtal som tecknats p\u00e5 arbetsmarknaden.","og_url":"https:\/\/www.almega.se\/2013\/12\/nytt-kollektivavtal-med-kommunal-for-bransch-vard-och-behandlingsverksamhet-samt-omsorgsverksamhet-e-2\/","og_site_name":"Almega","article_published_time":"2013-12-13T10:00:00+00:00","og_image":[{"width":1200,"height":630,"url":"https:\/\/www.almega.se\/app\/uploads\/2020\/12\/almega-share-logo.png","type":"image\/png"}],"author":"admin","twitter_card":"summary_large_image","twitter_misc":{"Skriven av":"admin","Ber\u00e4knad l\u00e4stid":"8 minuter"},"schema":{"@context":"https:\/\/schema.org","@graph":[{"@type":"NewsArticle","@id":"https:\/\/www.almega.se\/2013\/12\/nytt-kollektivavtal-med-kommunal-for-bransch-vard-och-behandlingsverksamhet-samt-omsorgsverksamhet-e-2\/#article","isPartOf":{"@id":"https:\/\/www.almega.se\/2013\/12\/nytt-kollektivavtal-med-kommunal-for-bransch-vard-och-behandlingsverksamhet-samt-omsorgsverksamhet-e-2\/"},"author":{"name":"admin","@id":"https:\/\/www.almega.se\/#\/schema\/person\/9c3674d192fb8b2d1d8b7a3f31c5151d"},"headline":"Nytt kollektivavtal med Kommunal f\u00f6r bransch V\u00e5rd och behandlings&shy;verksamhet samt omsorgs&shy;verksamhet (E)","datePublished":"2013-12-13T10:00:00+00:00","mainEntityOfPage":{"@id":"https:\/\/www.almega.se\/2013\/12\/nytt-kollektivavtal-med-kommunal-for-bransch-vard-och-behandlingsverksamhet-samt-omsorgsverksamhet-e-2\/"},"wordCount":1535,"inLanguage":"sv-SE"},{"@type":"WebPage","@id":"https:\/\/www.almega.se\/2013\/12\/nytt-kollektivavtal-med-kommunal-for-bransch-vard-och-behandlingsverksamhet-samt-omsorgsverksamhet-e-2\/","url":"https:\/\/www.almega.se\/2013\/12\/nytt-kollektivavtal-med-kommunal-for-bransch-vard-och-behandlingsverksamhet-samt-omsorgsverksamhet-e-2\/","name":"Nytt kollektivavtal med Kommunal f\u00f6r bransch V\u00e5rd och behandlingsverksamhet samt omsorgsverksamhet (E) | Almega","isPartOf":{"@id":"https:\/\/www.almega.se\/#website"},"datePublished":"2013-12-13T10:00:00+00:00","author":{"@id":"https:\/\/www.almega.se\/#\/schema\/person\/9c3674d192fb8b2d1d8b7a3f31c5151d"},"breadcrumb":{"@id":"https:\/\/www.almega.se\/2013\/12\/nytt-kollektivavtal-med-kommunal-for-bransch-vard-och-behandlingsverksamhet-samt-omsorgsverksamhet-e-2\/#breadcrumb"},"inLanguage":"sv-SE","potentialAction":[{"@type":"ReadAction","target":["https:\/\/www.almega.se\/2013\/12\/nytt-kollektivavtal-med-kommunal-for-bransch-vard-och-behandlingsverksamhet-samt-omsorgsverksamhet-e-2\/"]}]},{"@type":"BreadcrumbList","@id":"https:\/\/www.almega.se\/2013\/12\/nytt-kollektivavtal-med-kommunal-for-bransch-vard-och-behandlingsverksamhet-samt-omsorgsverksamhet-e-2\/#breadcrumb","itemListElement":[{"@type":"ListItem","position":1,"name":"Home","item":"https:\/\/www.almega.se\/"},{"@type":"ListItem","position":2,"name":"Nytt kollektivavtal med Kommunal f\u00f6r bransch V\u00e5rd och behandlings&shy;verksamhet samt omsorgs&shy;verksamhet (E)"}]},{"@type":"WebSite","@id":"https:\/\/www.almega.se\/#website","url":"https:\/\/www.almega.se\/","name":"Almega","description":"","potentialAction":[{"@type":"SearchAction","target":{"@type":"EntryPoint","urlTemplate":"https:\/\/www.almega.se\/?s={search_term_string}"},"query-input":{"@type":"PropertyValueSpecification","valueRequired":true,"valueName":"search_term_string"}}],"inLanguage":"sv-SE"},{"@type":"Person","@id":"https:\/\/www.almega.se\/#\/schema\/person\/9c3674d192fb8b2d1d8b7a3f31c5151d","name":"admin","image":{"@type":"ImageObject","inLanguage":"sv-SE","@id":"https:\/\/www.almega.se\/#\/schema\/person\/image\/","url":"https:\/\/secure.gravatar.com\/avatar\/13aac7e7a7582f599e3ba7706cec051e12eac4ad6c2ffe6f9d24800e63294187?s=96&d=mm&r=g","contentUrl":"https:\/\/secure.gravatar.com\/avatar\/13aac7e7a7582f599e3ba7706cec051e12eac4ad6c2ffe6f9d24800e63294187?s=96&d=mm&r=g","caption":"admin"},"url":"https:\/\/www.almega.se\/person\/admin\/"}]}},"_links":{"self":[{"href":"https:\/\/www.almega.se\/api\/wp\/v2\/posts\/7644","targetHints":{"allow":["GET"]}}],"collection":[{"href":"https:\/\/www.almega.se\/api\/wp\/v2\/posts"}],"about":[{"href":"https:\/\/www.almega.se\/api\/wp\/v2\/types\/post"}],"author":[{"embeddable":true,"href":"https:\/\/www.almega.se\/api\/wp\/v2\/users\/1"}],"replies":[{"embeddable":true,"href":"https:\/\/www.almega.se\/api\/wp\/v2\/comments?post=7644"}],"version-history":[{"count":1,"href":"https:\/\/www.almega.se\/api\/wp\/v2\/posts\/7644\/revisions"}],"predecessor-version":[{"id":58677,"href":"https:\/\/www.almega.se\/api\/wp\/v2\/posts\/7644\/revisions\/58677"}],"wp:attachment":[{"href":"https:\/\/www.almega.se\/api\/wp\/v2\/media?parent=7644"}],"wp:term":[{"taxonomy":"category","embeddable":true,"href":"https:\/\/www.almega.se\/api\/wp\/v2\/categories?post=7644"},{"taxonomy":"post_tag","embeddable":true,"href":"https:\/\/www.almega.se\/api\/wp\/v2\/tags?post=7644"},{"taxonomy":"type","embeddable":true,"href":"https:\/\/www.almega.se\/api\/wp\/v2\/article_type?post=7644"},{"taxonomy":"agreement","embeddable":true,"href":"https:\/\/www.almega.se\/api\/wp\/v2\/agreement?post=7644"}],"curies":[{"name":"wp","href":"https:\/\/api.w.org\/{rel}","templated":true}]}}