{"id":76439,"date":"2024-10-16T10:53:16","date_gmt":"2024-10-16T08:53:16","guid":{"rendered":"https:\/\/www.almega.se\/?p=76439"},"modified":"2024-10-18T07:55:35","modified_gmt":"2024-10-18T05:55:35","slug":"almega-i-ekonomisk-debatt-tjanstesektorn-haller-uppe-den-svenska-produktiviteten","status":"publish","type":"post","link":"https:\/\/www.almega.se\/2024\/10\/almega-i-ekonomisk-debatt-tjanstesektorn-haller-uppe-den-svenska-produktiviteten\/","title":{"rendered":"Almega i Ekonomisk Debatt: Tj\u00e4nstesektorn h\u00e5ller uppe den svenska produktiviteten"},"content":{"rendered":"<p class=\"intro\">Ibland pekas tj\u00e4nstesektorns expansion ut som en f\u00f6rklaring till den svenska produktivitetstillv\u00e4xtens inbromsning. Det \u00e4r fel. Almegas chefekonom Patrick Joyce skriver tillsammans med Lars Jagr\u00e9n i Ekonomisk Debatt om hur tj\u00e4nstesektorn bidrar till svensk produktivitet.<\/p>\n\n<p>Vill du f\u00f6rst\u00e5 vad som h\u00e5ller den svenska produktiviteten uppe? Almegas chefekonom <strong>Patrick Joyce<\/strong> har tillsammans med ekonomen <strong>Lars Jagr\u00e9n<\/strong> unders\u00f6kt hur den svenska tj\u00e4nstesektorn bidrar till Sveriges produktivitet. <\/p>\n\n\n\n<p>I artikeln <a href=\"https:\/\/www.nationalekonomi.se\/artikel\/tjanstesektorn-haller-uppe-den-svenska-produktiviteten\/\">&#8221;Tj\u00e4nstesektorn h\u00e5ller uppe den svenska produktiviteten&#8221; i Ekonomisk Debatt<\/a> konstaterar de att digitalisering och tj\u00e4nstef\u00f6retag bidrar till att st\u00e4rka ekonomin, trots utmaningar i andra sektorer. <\/p>\n\n\n\n<blockquote class=\"wp-block-quote is-layout-flow wp-block-quote-is-layout-flow\">\n<p>&#8221;Tj\u00e4nstesektorn bidrar p\u00e5 flera s\u00e4tt till h\u00f6gre produktivitet i andra sektorer av svensk ekonomi&#8221;<\/p>\n<cite>Patrick Joyce och Lars Jagr\u00e9n<\/cite><\/blockquote>\n\n\n\n<p>&#8221;De senaste 15 \u00e5ren har produktiviteten i den svenska tj\u00e4nstesektorn vuxit lika snabbt som i varusektorn och snabbare \u00e4n i tj\u00e4nstesektorn i Sveriges konkurrentl\u00e4nder. Dessutom bidrar tj\u00e4nstesektorn p\u00e5 flera s\u00e4tt till h\u00f6gre produktivitet i andra sektorer av svensk ekonomi&#8221; skriver Patrick Joyce och Lars Jagr\u00e9n.<\/p>\n\n\n\n<p>Ta del av artikeln och l\u00e4r dig mer om vilka faktorer som driver produktivitetstillv\u00e4xten, hur nya innovationer f\u00f6r\u00e4ndrar arbetsmarknaden och f\u00f6rdjupa dig i Sveriges ekonomiska utveckling och framtidsutsikter\u200b.<\/p>\n\n\n\n      <a href=\"https:\/\/www.nationalekonomi.se\/artikel\/tjanstesektorn-haller-uppe-den-svenska-produktiviteten\/\" target=\"\" class=\"Button is-text Button--external-link\">\n      \n        L\u00e4s hela artikeln i Ekonomisk Debatt (nationalekonomi.se)\n      \n      \n                <svg class='icon icon--external-link'  width=\"16\" height=\"16\" viewBox=\"0 0 16 16\" fill=\"none\" xmlns=\"http:\/\/www.w3.org\/2000\/svg\">\n<path d=\"M9 1H15V7\" stroke=\"black\" stroke-width=\"2\" stroke-miterlimit=\"10\"\/>\n<path d=\"M5 2H1V15H14V11\" stroke=\"black\" stroke-width=\"2\" stroke-miterlimit=\"10\"\/>\n<path d=\"M15 1L6 10\" stroke=\"black\" stroke-width=\"2\" stroke-miterlimit=\"10\"\/>\n<\/svg>\n\n        \n    <\/a>\n  \n","protected":false},"excerpt":{"rendered":"<p>Vill du f\u00f6rst\u00e5 vad som h\u00e5ller den svenska produktiviteten uppe? Almegas chefekonom Patrick Joyce har tillsammans med ekonomen Lars Jagr\u00e9n unders\u00f6kt hur den svenska tj\u00e4nstesektorn bidrar till Sveriges produktivitet. I artikeln &#8221;Tj\u00e4nstesektorn h\u00e5ller uppe den &hellip;<\/p>\n","protected":false},"author":16543,"featured_media":76443,"comment_status":"closed","ping_status":"closed","sticky":false,"template":"","format":"standard","meta":{"_acf_changed":false,"footnotes":""},"categories":[581],"tags":[],"article_type":[49,56],"agreement":[],"class_list":["post-76439","post","type-post","status-publish","format-standard","has-post-thumbnail","hentry","category-tjanstesektorns-betydelse","type-debattartiklar","type-nyheter"],"acf":[],"yoast_head":"<!-- This site is optimized with the Yoast SEO Premium plugin v26.8 (Yoast SEO v26.8) - https:\/\/yoast.com\/product\/yoast-seo-premium-wordpress\/ -->\n<title>Almega i Ekonomisk Debatt: Tj\u00e4nstesektorn h\u00e5ller uppe den svenska produktiviteten | Almega<\/title>\n<meta name=\"robots\" content=\"index, follow, max-snippet:-1, max-image-preview:large, max-video-preview:-1\" \/>\n<link rel=\"canonical\" href=\"https:\/\/www.almega.se\/2024\/10\/almega-i-ekonomisk-debatt-tjanstesektorn-haller-uppe-den-svenska-produktiviteten\/\" \/>\n<meta property=\"og:locale\" content=\"sv_SE\" \/>\n<meta property=\"og:type\" content=\"article\" \/>\n<meta property=\"og:title\" content=\"Almega i Ekonomisk Debatt: Tj\u00e4nstesektorn h\u00e5ller uppe den svenska produktiviteten\" \/>\n<meta property=\"og:description\" content=\"Vill du f\u00f6rst\u00e5 vad som h\u00e5ller den svenska produktiviteten uppe? Almegas chefekonom Patrick Joyce har tillsammans med ekonomen Lars Jagr\u00e9n unders\u00f6kt hur den svenska tj\u00e4nstesektorn bidrar till Sveriges produktivitet. I artikeln &#8221;Tj\u00e4nstesektorn h\u00e5ller uppe den &hellip;\" \/>\n<meta property=\"og:url\" content=\"https:\/\/www.almega.se\/2024\/10\/almega-i-ekonomisk-debatt-tjanstesektorn-haller-uppe-den-svenska-produktiviteten\/\" \/>\n<meta property=\"og:site_name\" content=\"Almega\" \/>\n<meta property=\"article:published_time\" content=\"2024-10-16T08:53:16+00:00\" \/>\n<meta property=\"article:modified_time\" content=\"2024-10-18T05:55:35+00:00\" \/>\n<meta property=\"og:image\" content=\"https:\/\/www.almega.se\/app\/uploads\/2024\/10\/ekonomisk-debatt-almega.png\" \/>\n\t<meta property=\"og:image:width\" content=\"940\" \/>\n\t<meta property=\"og:image:height\" content=\"788\" \/>\n\t<meta property=\"og:image:type\" content=\"image\/png\" \/>\n<meta name=\"author\" content=\"R\u00e9ka Tolnai\" \/>\n<meta name=\"twitter:card\" content=\"summary_large_image\" \/>\n<meta name=\"twitter:label1\" content=\"Skriven av\" \/>\n\t<meta name=\"twitter:data1\" content=\"R\u00e9ka Tolnai\" \/>\n\t<meta name=\"twitter:label2\" content=\"Ber\u00e4knad l\u00e4stid\" \/>\n\t<meta name=\"twitter:data2\" content=\"1 minut\" \/>\n<!-- \/ Yoast SEO Premium plugin. -->","yoast_head_json":{"title":"Almega i Ekonomisk Debatt: Tj\u00e4nstesektorn h\u00e5ller uppe den svenska produktiviteten | Almega","robots":{"index":"index","follow":"follow","max-snippet":"max-snippet:-1","max-image-preview":"max-image-preview:large","max-video-preview":"max-video-preview:-1"},"canonical":"https:\/\/www.almega.se\/2024\/10\/almega-i-ekonomisk-debatt-tjanstesektorn-haller-uppe-den-svenska-produktiviteten\/","og_locale":"sv_SE","og_type":"article","og_title":"Almega i Ekonomisk Debatt: Tj\u00e4nstesektorn h\u00e5ller uppe den svenska produktiviteten","og_description":"Vill du f\u00f6rst\u00e5 vad som h\u00e5ller den svenska produktiviteten uppe? Almegas chefekonom Patrick Joyce har tillsammans med ekonomen Lars Jagr\u00e9n unders\u00f6kt hur den svenska tj\u00e4nstesektorn bidrar till Sveriges produktivitet. I artikeln &#8221;Tj\u00e4nstesektorn h\u00e5ller uppe den &hellip;","og_url":"https:\/\/www.almega.se\/2024\/10\/almega-i-ekonomisk-debatt-tjanstesektorn-haller-uppe-den-svenska-produktiviteten\/","og_site_name":"Almega","article_published_time":"2024-10-16T08:53:16+00:00","article_modified_time":"2024-10-18T05:55:35+00:00","og_image":[{"width":940,"height":788,"url":"https:\/\/www.almega.se\/app\/uploads\/2024\/10\/ekonomisk-debatt-almega.png","type":"image\/png"}],"author":"R\u00e9ka Tolnai","twitter_card":"summary_large_image","twitter_misc":{"Skriven av":"R\u00e9ka Tolnai","Ber\u00e4knad l\u00e4stid":"1 minut"},"schema":{"@context":"https:\/\/schema.org","@graph":[{"@type":"NewsArticle","@id":"https:\/\/www.almega.se\/2024\/10\/almega-i-ekonomisk-debatt-tjanstesektorn-haller-uppe-den-svenska-produktiviteten\/#article","isPartOf":{"@id":"https:\/\/www.almega.se\/2024\/10\/almega-i-ekonomisk-debatt-tjanstesektorn-haller-uppe-den-svenska-produktiviteten\/"},"author":{"name":"R\u00e9ka Tolnai","@id":"https:\/\/www.almega.se\/#\/schema\/person\/e54aa110880538cf5ceac0ac54bbecf7"},"headline":"Almega i Ekonomisk Debatt: Tj\u00e4nstesektorn h\u00e5ller uppe den svenska produktiviteten","datePublished":"2024-10-16T08:53:16+00:00","dateModified":"2024-10-18T05:55:35+00:00","mainEntityOfPage":{"@id":"https:\/\/www.almega.se\/2024\/10\/almega-i-ekonomisk-debatt-tjanstesektorn-haller-uppe-den-svenska-produktiviteten\/"},"wordCount":185,"image":{"@id":"https:\/\/www.almega.se\/2024\/10\/almega-i-ekonomisk-debatt-tjanstesektorn-haller-uppe-den-svenska-produktiviteten\/#primaryimage"},"thumbnailUrl":"https:\/\/www.almega.se\/app\/uploads\/2024\/10\/ekonomisk-debatt-almega.png","articleSection":["Tj\u00e4nstesektorns betydelse"],"inLanguage":"sv-SE"},{"@type":"WebPage","@id":"https:\/\/www.almega.se\/2024\/10\/almega-i-ekonomisk-debatt-tjanstesektorn-haller-uppe-den-svenska-produktiviteten\/","url":"https:\/\/www.almega.se\/2024\/10\/almega-i-ekonomisk-debatt-tjanstesektorn-haller-uppe-den-svenska-produktiviteten\/","name":"Almega i Ekonomisk Debatt: Tj\u00e4nstesektorn h\u00e5ller uppe den svenska produktiviteten | Almega","isPartOf":{"@id":"https:\/\/www.almega.se\/#website"},"primaryImageOfPage":{"@id":"https:\/\/www.almega.se\/2024\/10\/almega-i-ekonomisk-debatt-tjanstesektorn-haller-uppe-den-svenska-produktiviteten\/#primaryimage"},"image":{"@id":"https:\/\/www.almega.se\/2024\/10\/almega-i-ekonomisk-debatt-tjanstesektorn-haller-uppe-den-svenska-produktiviteten\/#primaryimage"},"thumbnailUrl":"https:\/\/www.almega.se\/app\/uploads\/2024\/10\/ekonomisk-debatt-almega.png","datePublished":"2024-10-16T08:53:16+00:00","dateModified":"2024-10-18T05:55:35+00:00","author":{"@id":"https:\/\/www.almega.se\/#\/schema\/person\/e54aa110880538cf5ceac0ac54bbecf7"},"breadcrumb":{"@id":"https:\/\/www.almega.se\/2024\/10\/almega-i-ekonomisk-debatt-tjanstesektorn-haller-uppe-den-svenska-produktiviteten\/#breadcrumb"},"inLanguage":"sv-SE","potentialAction":[{"@type":"ReadAction","target":["https:\/\/www.almega.se\/2024\/10\/almega-i-ekonomisk-debatt-tjanstesektorn-haller-uppe-den-svenska-produktiviteten\/"]}]},{"@type":"ImageObject","inLanguage":"sv-SE","@id":"https:\/\/www.almega.se\/2024\/10\/almega-i-ekonomisk-debatt-tjanstesektorn-haller-uppe-den-svenska-produktiviteten\/#primaryimage","url":"https:\/\/www.almega.se\/app\/uploads\/2024\/10\/ekonomisk-debatt-almega.png","contentUrl":"https:\/\/www.almega.se\/app\/uploads\/2024\/10\/ekonomisk-debatt-almega.png","width":940,"height":788},{"@type":"BreadcrumbList","@id":"https:\/\/www.almega.se\/2024\/10\/almega-i-ekonomisk-debatt-tjanstesektorn-haller-uppe-den-svenska-produktiviteten\/#breadcrumb","itemListElement":[{"@type":"ListItem","position":1,"name":"Home","item":"https:\/\/www.almega.se\/"},{"@type":"ListItem","position":2,"name":"Almega i Ekonomisk Debatt: Tj\u00e4nstesektorn h\u00e5ller uppe den svenska produktiviteten"}]},{"@type":"WebSite","@id":"https:\/\/www.almega.se\/#website","url":"https:\/\/www.almega.se\/","name":"Almega","description":"","potentialAction":[{"@type":"SearchAction","target":{"@type":"EntryPoint","urlTemplate":"https:\/\/www.almega.se\/?s={search_term_string}"},"query-input":{"@type":"PropertyValueSpecification","valueRequired":true,"valueName":"search_term_string"}}],"inLanguage":"sv-SE"},{"@type":"Person","@id":"https:\/\/www.almega.se\/#\/schema\/person\/e54aa110880538cf5ceac0ac54bbecf7","name":"R\u00e9ka Tolnai","image":{"@type":"ImageObject","inLanguage":"sv-SE","@id":"https:\/\/www.almega.se\/#\/schema\/person\/image\/","url":"https:\/\/secure.gravatar.com\/avatar\/c722d4a4ee787603df9df499a683d681bd2c463bde248da25aabc45883d614d2?s=96&d=mm&r=g","contentUrl":"https:\/\/secure.gravatar.com\/avatar\/c722d4a4ee787603df9df499a683d681bd2c463bde248da25aabc45883d614d2?s=96&d=mm&r=g","caption":"R\u00e9ka Tolnai"},"url":"https:\/\/www.almega.se\/person\/rekatolnai\/"}]}},"_links":{"self":[{"href":"https:\/\/www.almega.se\/api\/wp\/v2\/posts\/76439","targetHints":{"allow":["GET"]}}],"collection":[{"href":"https:\/\/www.almega.se\/api\/wp\/v2\/posts"}],"about":[{"href":"https:\/\/www.almega.se\/api\/wp\/v2\/types\/post"}],"author":[{"embeddable":true,"href":"https:\/\/www.almega.se\/api\/wp\/v2\/users\/16543"}],"replies":[{"embeddable":true,"href":"https:\/\/www.almega.se\/api\/wp\/v2\/comments?post=76439"}],"version-history":[{"count":6,"href":"https:\/\/www.almega.se\/api\/wp\/v2\/posts\/76439\/revisions"}],"predecessor-version":[{"id":76482,"href":"https:\/\/www.almega.se\/api\/wp\/v2\/posts\/76439\/revisions\/76482"}],"wp:featuredmedia":[{"embeddable":true,"href":"https:\/\/www.almega.se\/api\/wp\/v2\/media\/76443"}],"wp:attachment":[{"href":"https:\/\/www.almega.se\/api\/wp\/v2\/media?parent=76439"}],"wp:term":[{"taxonomy":"category","embeddable":true,"href":"https:\/\/www.almega.se\/api\/wp\/v2\/categories?post=76439"},{"taxonomy":"post_tag","embeddable":true,"href":"https:\/\/www.almega.se\/api\/wp\/v2\/tags?post=76439"},{"taxonomy":"type","embeddable":true,"href":"https:\/\/www.almega.se\/api\/wp\/v2\/article_type?post=76439"},{"taxonomy":"agreement","embeddable":true,"href":"https:\/\/www.almega.se\/api\/wp\/v2\/agreement?post=76439"}],"curies":[{"name":"wp","href":"https:\/\/api.w.org\/{rel}","templated":true}]}}