{"id":7640,"date":"2013-12-17T14:00:00","date_gmt":"2013-12-17T14:00:00","guid":{"rendered":"http:\/\/almega-bento\/wp\/blog\/2013\/12\/17\/nytt-avtal-med-kommunal-for-stadning-av-bussar-serviceentreprenorerna\/"},"modified":"2013-12-17T14:00:00","modified_gmt":"2013-12-17T14:00:00","slug":"nytt-avtal-med-kommunal-for-stadning-av-bussar-serviceentreprenorerna","status":"publish","type":"post","link":"https:\/\/www.almega.se\/2013\/12\/nytt-avtal-med-kommunal-for-stadning-av-bussar-serviceentreprenorerna\/","title":{"rendered":"Nytt avtal med Kommunal f\u00f6r st\u00e4dning av bussar &#8211; Serviceentrepren\u00f6rerna"},"content":{"rendered":"\n<p class=\"intro\">Almega Serviceentrepren\u00f6rerna och Svenska Kommunalarbetaref\u00f6rbundet har tecknat ett separat avtal f\u00f6r arbeten med busst\u00e4dning.    <\/p>\n<p><strong>Avtalet inneb&auml;r en reglering av nattarbete och en viktig omformulering av den s&aring; kallade garantiregeln.<\/strong><\/p>\n<p>  <strong>Omfattning<\/strong><\/p>\n<p>Busst&auml;dning har tidigare tillh&ouml;rt serviceentreprenadavtalet med Fastighetsanst&auml;lldas F&ouml;rbund. Det nya avtalet inf&ouml;rs som en bilaga till det befintliga serviceentreprenadavtalet med Kommunal och &auml;r till&auml;mpligt vid st&auml;dning och reng&ouml;ring av bussar, lokaler eller inom omr&aring;det f&ouml;renlig reng&ouml;ringsverksamhet d&auml;r bussar geografiskt &auml;r placerade p&aring; ett bussgarage.<\/p>\n<p><strong>Arbetstid<\/strong><\/p>\n<p>Ordinarie heltidsarbetstidsm&aring;tt &auml;r 40 timmar i genomsnitt per helgfri vecka och &aring;r. Vid schemalagt helgarbete kan arbetsgivaren best&auml;mma att arbetstidsm&aring;ttet utg&ouml;r 38,25 timmar per vecka (s&aring; kallad h&aring;rd vecka).<\/p>\n<p><strong>Nattarbete<\/strong><\/p>\n<p>Vid arbete mellan kl 22.00 och 06.00 har arbetstagarna r&auml;tt till arbetstidsf&ouml;rkortning. Den uttrycks p&aring; s&aring; s&auml;tt att varje arbetad timme mellan dessa klockslag ska r&auml;knas upp med faktorn 1,08.<\/p>\n<p><strong>Exempel:<\/strong> Arbetstagare A arbetar heltid, och enligt schemat infaller 25 arbetade timmar varje vecka mellan kl 22.00 och 06.00. 25 timmar x 1,08 = 27 timmar. Mellanskillnaden &auml;r detsamma som arbetstidsf&ouml;rkortningen och arbetstagaren har d&auml;rmed r&auml;tt till 2 timmars arbetstidsf&ouml;rkortning. Heltidsarbetstidsm&aring;ttet blir 38 timmar per helgfri vecka.<\/p>\n<p><strong>Garantiregeln<\/strong><\/p>\n<p>En omformulering har gjorts av garantiregeln (serviceentreprenadavtalet bilaga 4, l&ouml;neprinciper punkt 3 mom 1). Justeringen av garantiregeln inneb&auml;r att parterna tydligg&ouml;r att det finns ett tidsf&ouml;nster fr&aring;n det datum entrepren&ouml;ren tecknar avtal med kund till det datum d&aring; sj&auml;lva driften av serviceuppdraget tilltr&auml;ds.<\/p>\n<p>Det inneb&auml;r att en entrepren&ouml;r som fyller p&aring; med egen personal och nyanst&auml;ller, under denna tidsperiod inte beh&ouml;ver erbjuda befintlig personal p&aring; arbetsplatsen arbete enligt garantiregeln. Om den nya entrepren&ouml;ren v&auml;ljer att ta &ouml;ver befintliga arbetstagare p&aring; arbetsplatsen, s&aring; har dessa &ouml;vertagna personer r&auml;tt till bibeh&aring;llen l&ouml;n i enlighet med garantiregeln.<\/p>\n<p>Observera att reglerna i LAS om &ouml;verg&aring;ng av verksamhet fortfarande g&auml;ller. Vid &ouml;vertag av personal rekommenderar vi att ni tar kontakt med Almega f&ouml;r en arbetsr&auml;ttslig bed&ouml;mning.<\/p>\n<p><strong>Ikrafttr&auml;dande och &ouml;verg&aring;ngsregler<\/strong><\/p>\n<p>Best&auml;mmelserna om busst&auml;dning tr&auml;der ikraft den 1 januari 2014. Eftersom det hittills varit serviceentreprenadavtalet med Fastighetsanst&auml;lldas F&ouml;rbund som g&auml;llt f&ouml;r dessa arbeten, har f&ouml;retagen f&aring;tt en &ouml;verg&aring;ngsperiod att anpassa sig till de nya reglerna. F&ouml;r alla kunduppdrag om busst&auml;dning som tecknats eller tecknas f&ouml;re den 1 januari 2015 kan f&ouml;retaget v&auml;lja att forts&auml;tta till&auml;mpa avtalet med Fastighets, dock l&auml;ngst till och med den 31 augusti 2016. F&ouml;retag som p&aring; befintliga kontrakt vill byta fr&aring;n Fastighets avtal till Kommunals avtal f&ouml;re den 31 augusti 2016 ska kontakta Kommunal och beg&auml;ra en f&ouml;rhandling om avtalsbytet.<\/p>\n<p>Avtalet och protokollet bifogas h&auml;r i PDF.<br \/>  <a href=\"\/app\/uploads\/imported\/protokoll-busstad-A.pdf\" target=\"_blank\" title=\"protokoll_busst\u00e4d_A.pdf\" rel=\"noopener\">Protokoll<\/a><br \/>  <a href=\"\/app\/uploads\/imported\/Avtal-busstad-A.pdf\" target=\"_blank\" title=\"Avtal_busst\u00e4d_A.pdf\" rel=\"noopener\">Bilaga 1<\/a><\/p>\n<p>MED V&Auml;NLIG H&Auml;LSNING<\/p>\n<p>ALMEGA SERVICEENTREPREN&Ouml;RERNA<\/p>\n<p>&nbsp;<\/p>\n<p>Marcus Lindstr&ouml;m<\/p>\n<p>&nbsp;<\/p>\n<p>&nbsp;<\/p>\n<\/p>\n","protected":false},"excerpt":{"rendered":"<p>Almega Serviceentrepren\u00f6rerna och Svenska Kommunalarbetaref\u00f6rbundet har tecknat ett separat avtal f\u00f6r arbeten med busst\u00e4dning.    <\/p>\n","protected":false},"author":1,"featured_media":0,"comment_status":"closed","ping_status":"open","sticky":false,"template":"","format":"standard","meta":{"_acf_changed":false,"footnotes":""},"categories":[1],"tags":[],"article_type":[313],"agreement":[202],"class_list":["post-7640","post","type-post","status-publish","format-standard","hentry","category-okategoriserade","type-arbetsgivarnytt","agreement-85ce80f7-ff07-de11-b4e1-02bf9e69ca65"],"acf":[],"yoast_head":"<!-- This site is optimized with the Yoast SEO Premium plugin v26.8 (Yoast SEO v26.8) - https:\/\/yoast.com\/product\/yoast-seo-premium-wordpress\/ -->\n<title>Nytt avtal med Kommunal f\u00f6r st\u00e4dning av bussar - Serviceentrepren\u00f6rerna | Almega<\/title>\n<meta name=\"robots\" content=\"index, follow, max-snippet:-1, max-image-preview:large, max-video-preview:-1\" \/>\n<link rel=\"canonical\" href=\"https:\/\/www.almega.se\/2013\/12\/nytt-avtal-med-kommunal-for-stadning-av-bussar-serviceentreprenorerna\/\" \/>\n<meta property=\"og:locale\" content=\"sv_SE\" \/>\n<meta property=\"og:type\" content=\"article\" \/>\n<meta property=\"og:title\" content=\"Nytt avtal med Kommunal f\u00f6r st\u00e4dning av bussar - Serviceentrepren\u00f6rerna\" \/>\n<meta property=\"og:description\" content=\"Almega Serviceentrepren\u00f6rerna och Svenska Kommunalarbetaref\u00f6rbundet har tecknat ett separat avtal f\u00f6r arbeten med busst\u00e4dning.\" \/>\n<meta property=\"og:url\" content=\"https:\/\/www.almega.se\/2013\/12\/nytt-avtal-med-kommunal-for-stadning-av-bussar-serviceentreprenorerna\/\" \/>\n<meta property=\"og:site_name\" content=\"Almega\" \/>\n<meta property=\"article:published_time\" content=\"2013-12-17T14:00:00+00:00\" \/>\n<meta property=\"og:image\" content=\"https:\/\/www.almega.se\/app\/uploads\/2020\/12\/almega-share-logo.png\" \/>\n\t<meta property=\"og:image:width\" content=\"1200\" \/>\n\t<meta property=\"og:image:height\" content=\"630\" \/>\n\t<meta property=\"og:image:type\" content=\"image\/png\" \/>\n<meta name=\"author\" content=\"admin\" \/>\n<meta name=\"twitter:card\" content=\"summary_large_image\" \/>\n<meta name=\"twitter:label1\" content=\"Skriven av\" \/>\n\t<meta name=\"twitter:data1\" content=\"admin\" \/>\n\t<meta name=\"twitter:label2\" content=\"Ber\u00e4knad l\u00e4stid\" \/>\n\t<meta name=\"twitter:data2\" content=\"3 minuter\" \/>\n<!-- \/ Yoast SEO Premium plugin. -->","yoast_head_json":{"title":"Nytt avtal med Kommunal f\u00f6r st\u00e4dning av bussar - Serviceentrepren\u00f6rerna | Almega","robots":{"index":"index","follow":"follow","max-snippet":"max-snippet:-1","max-image-preview":"max-image-preview:large","max-video-preview":"max-video-preview:-1"},"canonical":"https:\/\/www.almega.se\/2013\/12\/nytt-avtal-med-kommunal-for-stadning-av-bussar-serviceentreprenorerna\/","og_locale":"sv_SE","og_type":"article","og_title":"Nytt avtal med Kommunal f\u00f6r st\u00e4dning av bussar - Serviceentrepren\u00f6rerna","og_description":"Almega Serviceentrepren\u00f6rerna och Svenska Kommunalarbetaref\u00f6rbundet har tecknat ett separat avtal f\u00f6r arbeten med busst\u00e4dning.","og_url":"https:\/\/www.almega.se\/2013\/12\/nytt-avtal-med-kommunal-for-stadning-av-bussar-serviceentreprenorerna\/","og_site_name":"Almega","article_published_time":"2013-12-17T14:00:00+00:00","og_image":[{"width":1200,"height":630,"url":"https:\/\/www.almega.se\/app\/uploads\/2020\/12\/almega-share-logo.png","type":"image\/png"}],"author":"admin","twitter_card":"summary_large_image","twitter_misc":{"Skriven av":"admin","Ber\u00e4knad l\u00e4stid":"3 minuter"},"schema":{"@context":"https:\/\/schema.org","@graph":[{"@type":"NewsArticle","@id":"https:\/\/www.almega.se\/2013\/12\/nytt-avtal-med-kommunal-for-stadning-av-bussar-serviceentreprenorerna\/#article","isPartOf":{"@id":"https:\/\/www.almega.se\/2013\/12\/nytt-avtal-med-kommunal-for-stadning-av-bussar-serviceentreprenorerna\/"},"author":{"name":"admin","@id":"https:\/\/www.almega.se\/#\/schema\/person\/9c3674d192fb8b2d1d8b7a3f31c5151d"},"headline":"Nytt avtal med Kommunal f\u00f6r st\u00e4dning av bussar &#8211; Serviceentrepren\u00f6rerna","datePublished":"2013-12-17T14:00:00+00:00","mainEntityOfPage":{"@id":"https:\/\/www.almega.se\/2013\/12\/nytt-avtal-med-kommunal-for-stadning-av-bussar-serviceentreprenorerna\/"},"wordCount":591,"inLanguage":"sv-SE"},{"@type":"WebPage","@id":"https:\/\/www.almega.se\/2013\/12\/nytt-avtal-med-kommunal-for-stadning-av-bussar-serviceentreprenorerna\/","url":"https:\/\/www.almega.se\/2013\/12\/nytt-avtal-med-kommunal-for-stadning-av-bussar-serviceentreprenorerna\/","name":"Nytt avtal med Kommunal f\u00f6r st\u00e4dning av bussar - Serviceentrepren\u00f6rerna | Almega","isPartOf":{"@id":"https:\/\/www.almega.se\/#website"},"datePublished":"2013-12-17T14:00:00+00:00","author":{"@id":"https:\/\/www.almega.se\/#\/schema\/person\/9c3674d192fb8b2d1d8b7a3f31c5151d"},"breadcrumb":{"@id":"https:\/\/www.almega.se\/2013\/12\/nytt-avtal-med-kommunal-for-stadning-av-bussar-serviceentreprenorerna\/#breadcrumb"},"inLanguage":"sv-SE","potentialAction":[{"@type":"ReadAction","target":["https:\/\/www.almega.se\/2013\/12\/nytt-avtal-med-kommunal-for-stadning-av-bussar-serviceentreprenorerna\/"]}]},{"@type":"BreadcrumbList","@id":"https:\/\/www.almega.se\/2013\/12\/nytt-avtal-med-kommunal-for-stadning-av-bussar-serviceentreprenorerna\/#breadcrumb","itemListElement":[{"@type":"ListItem","position":1,"name":"Home","item":"https:\/\/www.almega.se\/"},{"@type":"ListItem","position":2,"name":"Nytt avtal med Kommunal f\u00f6r st\u00e4dning av bussar &#8211; Serviceentrepren\u00f6rerna"}]},{"@type":"WebSite","@id":"https:\/\/www.almega.se\/#website","url":"https:\/\/www.almega.se\/","name":"Almega","description":"","potentialAction":[{"@type":"SearchAction","target":{"@type":"EntryPoint","urlTemplate":"https:\/\/www.almega.se\/?s={search_term_string}"},"query-input":{"@type":"PropertyValueSpecification","valueRequired":true,"valueName":"search_term_string"}}],"inLanguage":"sv-SE"},{"@type":"Person","@id":"https:\/\/www.almega.se\/#\/schema\/person\/9c3674d192fb8b2d1d8b7a3f31c5151d","name":"admin","image":{"@type":"ImageObject","inLanguage":"sv-SE","@id":"https:\/\/www.almega.se\/#\/schema\/person\/image\/","url":"https:\/\/secure.gravatar.com\/avatar\/13aac7e7a7582f599e3ba7706cec051e12eac4ad6c2ffe6f9d24800e63294187?s=96&d=mm&r=g","contentUrl":"https:\/\/secure.gravatar.com\/avatar\/13aac7e7a7582f599e3ba7706cec051e12eac4ad6c2ffe6f9d24800e63294187?s=96&d=mm&r=g","caption":"admin"},"url":"https:\/\/www.almega.se\/person\/admin\/"}]}},"_links":{"self":[{"href":"https:\/\/www.almega.se\/api\/wp\/v2\/posts\/7640","targetHints":{"allow":["GET"]}}],"collection":[{"href":"https:\/\/www.almega.se\/api\/wp\/v2\/posts"}],"about":[{"href":"https:\/\/www.almega.se\/api\/wp\/v2\/types\/post"}],"author":[{"embeddable":true,"href":"https:\/\/www.almega.se\/api\/wp\/v2\/users\/1"}],"replies":[{"embeddable":true,"href":"https:\/\/www.almega.se\/api\/wp\/v2\/comments?post=7640"}],"version-history":[{"count":1,"href":"https:\/\/www.almega.se\/api\/wp\/v2\/posts\/7640\/revisions"}],"predecessor-version":[{"id":58676,"href":"https:\/\/www.almega.se\/api\/wp\/v2\/posts\/7640\/revisions\/58676"}],"wp:attachment":[{"href":"https:\/\/www.almega.se\/api\/wp\/v2\/media?parent=7640"}],"wp:term":[{"taxonomy":"category","embeddable":true,"href":"https:\/\/www.almega.se\/api\/wp\/v2\/categories?post=7640"},{"taxonomy":"post_tag","embeddable":true,"href":"https:\/\/www.almega.se\/api\/wp\/v2\/tags?post=7640"},{"taxonomy":"type","embeddable":true,"href":"https:\/\/www.almega.se\/api\/wp\/v2\/article_type?post=7640"},{"taxonomy":"agreement","embeddable":true,"href":"https:\/\/www.almega.se\/api\/wp\/v2\/agreement?post=7640"}],"curies":[{"name":"wp","href":"https:\/\/api.w.org\/{rel}","templated":true}]}}