{"id":76359,"date":"2024-10-09T14:52:21","date_gmt":"2024-10-09T12:52:21","guid":{"rendered":"https:\/\/www.almega.se\/?p=76359"},"modified":"2024-10-09T14:52:23","modified_gmt":"2024-10-09T12:52:23","slug":"reformbar-6-hur-lite-invandring-tal-sverige","status":"publish","type":"post","link":"https:\/\/www.almega.se\/2024\/10\/reformbar-6-hur-lite-invandring-tal-sverige\/","title":{"rendered":"Reformbar #6 &#8211; Hur lite invandring t\u00e5l Sverige?"},"content":{"rendered":"<p class=\"intro\">Sj\u00e4tte omg\u00e5ngen av Reformbaren \u00e4gde rum i slutet av september. Den aktuella fr\u00e5gan om arbetskraftsinvandring debatterades.<\/p>\n\n<p>Det sj\u00e4tte tillf\u00e4llet av Almegas uppskattade koncept \u00e4gde rum den 25 september, den h\u00e4r g\u00e5ngen p\u00e5 temat arbetskraftsinvandring. Efter en intressant inramning av <strong>Lena Lundqvist<\/strong>, demograf, SCB debatterades \u00e4mnet av <strong>Sven-Olov Daunfeldt<\/strong>, Svenskt N\u00e4ringsliv,<strong> Torbj\u00f6rn H\u00e5ll\u00f6<\/strong>, LO, <strong>Hanif Bali<\/strong>, borgerlig debatt\u00f6r och <strong>Tove Lifvendahl<\/strong>, Svenska Dagbladet. Samtalet modererades av Magnus Thor\u00e9n, Kvartal. <\/p>\n\n\n\n<figure class=\"wp-block-image size-medium\"><img loading=\"lazy\" decoding=\"async\" width=\"580\" height=\"772\" src=\"https:\/\/www.almega.se\/app\/uploads\/2024\/10\/462540283_2869615969853554_8877642339842294996_n-580x772.jpg\" alt=\"\" class=\"wp-image-76360\" srcset=\"https:\/\/www.almega.se\/app\/uploads\/2024\/10\/462540283_2869615969853554_8877642339842294996_n-580x772.jpg 580w, https:\/\/www.almega.se\/app\/uploads\/2024\/10\/462540283_2869615969853554_8877642339842294996_n-380x506.jpg 380w, https:\/\/www.almega.se\/app\/uploads\/2024\/10\/462540283_2869615969853554_8877642339842294996_n.jpg 720w\" sizes=\"auto, (max-width: 580px) 100vw, 580px\" \/><figcaption class=\"wp-element-caption\">Sven-Olov Daunfeldt, Torbj\u00f6rn H\u00e5ll\u00f6, Hanif Bali, Tove Lifvendahl och Magnus Thor\u00e9n. <\/figcaption><\/figure>\n\n\n\n<p>Reformbaren&nbsp;forts\u00e4tter under 2024 med fler intressanta samtal. <\/p>\n","protected":false},"excerpt":{"rendered":"<p>Det sj\u00e4tte tillf\u00e4llet av Almegas uppskattade koncept \u00e4gde rum den 25 september, den h\u00e4r g\u00e5ngen p\u00e5 temat arbetskraftsinvandring. Efter en intressant inramning av Lena Lundqvist, demograf, SCB debatterades \u00e4mnet av Sven-Olov Daunfeldt, Svenskt N\u00e4ringsliv, Torbj\u00f6rn &hellip;<\/p>\n","protected":false},"author":16543,"featured_media":76360,"comment_status":"closed","ping_status":"closed","sticky":false,"template":"","format":"standard","meta":{"_acf_changed":false,"footnotes":""},"categories":[64,419],"tags":[],"article_type":[56],"agreement":[],"class_list":["post-76359","post","type-post","status-publish","format-standard","has-post-thumbnail","hentry","category-arbetsmarknad","category-kompetensforsorjning","type-nyheter"],"acf":[],"yoast_head":"<!-- This site is optimized with the Yoast SEO Premium plugin v26.8 (Yoast SEO v26.8) - https:\/\/yoast.com\/product\/yoast-seo-premium-wordpress\/ -->\n<title>Reformbar #6 - Hur lite invandring t\u00e5l Sverige? | Almega<\/title>\n<meta name=\"robots\" content=\"index, follow, max-snippet:-1, max-image-preview:large, max-video-preview:-1\" \/>\n<link rel=\"canonical\" href=\"https:\/\/www.almega.se\/2024\/10\/reformbar-6-hur-lite-invandring-tal-sverige\/\" \/>\n<meta property=\"og:locale\" content=\"sv_SE\" \/>\n<meta property=\"og:type\" content=\"article\" \/>\n<meta property=\"og:title\" content=\"Reformbar #6 - Hur lite invandring t\u00e5l Sverige?\" \/>\n<meta property=\"og:description\" content=\"Det sj\u00e4tte tillf\u00e4llet av Almegas uppskattade koncept \u00e4gde rum den 25 september, den h\u00e4r g\u00e5ngen p\u00e5 temat arbetskraftsinvandring. Efter en intressant inramning av Lena Lundqvist, demograf, SCB debatterades \u00e4mnet av Sven-Olov Daunfeldt, Svenskt N\u00e4ringsliv, Torbj\u00f6rn &hellip;\" \/>\n<meta property=\"og:url\" content=\"https:\/\/www.almega.se\/2024\/10\/reformbar-6-hur-lite-invandring-tal-sverige\/\" \/>\n<meta property=\"og:site_name\" content=\"Almega\" \/>\n<meta property=\"article:published_time\" content=\"2024-10-09T12:52:21+00:00\" \/>\n<meta property=\"article:modified_time\" content=\"2024-10-09T12:52:23+00:00\" \/>\n<meta property=\"og:image\" content=\"https:\/\/www.almega.se\/app\/uploads\/2024\/10\/462540283_2869615969853554_8877642339842294996_n.jpg\" \/>\n\t<meta property=\"og:image:width\" content=\"720\" \/>\n\t<meta property=\"og:image:height\" content=\"958\" \/>\n\t<meta property=\"og:image:type\" content=\"image\/jpeg\" \/>\n<meta name=\"author\" content=\"R\u00e9ka Tolnai\" \/>\n<meta name=\"twitter:card\" content=\"summary_large_image\" \/>\n<meta name=\"twitter:label1\" content=\"Skriven av\" \/>\n\t<meta name=\"twitter:data1\" content=\"R\u00e9ka Tolnai\" \/>\n\t<meta name=\"twitter:label2\" content=\"Ber\u00e4knad l\u00e4stid\" \/>\n\t<meta name=\"twitter:data2\" content=\"1 minut\" \/>\n<!-- \/ Yoast SEO Premium plugin. -->","yoast_head_json":{"title":"Reformbar #6 - Hur lite invandring t\u00e5l Sverige? | Almega","robots":{"index":"index","follow":"follow","max-snippet":"max-snippet:-1","max-image-preview":"max-image-preview:large","max-video-preview":"max-video-preview:-1"},"canonical":"https:\/\/www.almega.se\/2024\/10\/reformbar-6-hur-lite-invandring-tal-sverige\/","og_locale":"sv_SE","og_type":"article","og_title":"Reformbar #6 - Hur lite invandring t\u00e5l Sverige?","og_description":"Det sj\u00e4tte tillf\u00e4llet av Almegas uppskattade koncept \u00e4gde rum den 25 september, den h\u00e4r g\u00e5ngen p\u00e5 temat arbetskraftsinvandring. Efter en intressant inramning av Lena Lundqvist, demograf, SCB debatterades \u00e4mnet av Sven-Olov Daunfeldt, Svenskt N\u00e4ringsliv, Torbj\u00f6rn &hellip;","og_url":"https:\/\/www.almega.se\/2024\/10\/reformbar-6-hur-lite-invandring-tal-sverige\/","og_site_name":"Almega","article_published_time":"2024-10-09T12:52:21+00:00","article_modified_time":"2024-10-09T12:52:23+00:00","og_image":[{"width":720,"height":958,"url":"https:\/\/www.almega.se\/app\/uploads\/2024\/10\/462540283_2869615969853554_8877642339842294996_n.jpg","type":"image\/jpeg"}],"author":"R\u00e9ka Tolnai","twitter_card":"summary_large_image","twitter_misc":{"Skriven av":"R\u00e9ka Tolnai","Ber\u00e4knad l\u00e4stid":"1 minut"},"schema":{"@context":"https:\/\/schema.org","@graph":[{"@type":"NewsArticle","@id":"https:\/\/www.almega.se\/2024\/10\/reformbar-6-hur-lite-invandring-tal-sverige\/#article","isPartOf":{"@id":"https:\/\/www.almega.se\/2024\/10\/reformbar-6-hur-lite-invandring-tal-sverige\/"},"author":{"name":"R\u00e9ka Tolnai","@id":"https:\/\/www.almega.se\/#\/schema\/person\/e54aa110880538cf5ceac0ac54bbecf7"},"headline":"Reformbar #6 &#8211; Hur lite invandring t\u00e5l Sverige?","datePublished":"2024-10-09T12:52:21+00:00","dateModified":"2024-10-09T12:52:23+00:00","mainEntityOfPage":{"@id":"https:\/\/www.almega.se\/2024\/10\/reformbar-6-hur-lite-invandring-tal-sverige\/"},"wordCount":91,"image":{"@id":"https:\/\/www.almega.se\/2024\/10\/reformbar-6-hur-lite-invandring-tal-sverige\/#primaryimage"},"thumbnailUrl":"https:\/\/www.almega.se\/app\/uploads\/2024\/10\/462540283_2869615969853554_8877642339842294996_n.jpg","articleSection":["Arbetsmarknad","Kompetensf\u00f6rs\u00f6rjning"],"inLanguage":"sv-SE"},{"@type":"WebPage","@id":"https:\/\/www.almega.se\/2024\/10\/reformbar-6-hur-lite-invandring-tal-sverige\/","url":"https:\/\/www.almega.se\/2024\/10\/reformbar-6-hur-lite-invandring-tal-sverige\/","name":"Reformbar #6 - Hur lite invandring t\u00e5l Sverige? | Almega","isPartOf":{"@id":"https:\/\/www.almega.se\/#website"},"primaryImageOfPage":{"@id":"https:\/\/www.almega.se\/2024\/10\/reformbar-6-hur-lite-invandring-tal-sverige\/#primaryimage"},"image":{"@id":"https:\/\/www.almega.se\/2024\/10\/reformbar-6-hur-lite-invandring-tal-sverige\/#primaryimage"},"thumbnailUrl":"https:\/\/www.almega.se\/app\/uploads\/2024\/10\/462540283_2869615969853554_8877642339842294996_n.jpg","datePublished":"2024-10-09T12:52:21+00:00","dateModified":"2024-10-09T12:52:23+00:00","author":{"@id":"https:\/\/www.almega.se\/#\/schema\/person\/e54aa110880538cf5ceac0ac54bbecf7"},"breadcrumb":{"@id":"https:\/\/www.almega.se\/2024\/10\/reformbar-6-hur-lite-invandring-tal-sverige\/#breadcrumb"},"inLanguage":"sv-SE","potentialAction":[{"@type":"ReadAction","target":["https:\/\/www.almega.se\/2024\/10\/reformbar-6-hur-lite-invandring-tal-sverige\/"]}]},{"@type":"ImageObject","inLanguage":"sv-SE","@id":"https:\/\/www.almega.se\/2024\/10\/reformbar-6-hur-lite-invandring-tal-sverige\/#primaryimage","url":"https:\/\/www.almega.se\/app\/uploads\/2024\/10\/462540283_2869615969853554_8877642339842294996_n.jpg","contentUrl":"https:\/\/www.almega.se\/app\/uploads\/2024\/10\/462540283_2869615969853554_8877642339842294996_n.jpg","width":720,"height":958},{"@type":"BreadcrumbList","@id":"https:\/\/www.almega.se\/2024\/10\/reformbar-6-hur-lite-invandring-tal-sverige\/#breadcrumb","itemListElement":[{"@type":"ListItem","position":1,"name":"Home","item":"https:\/\/www.almega.se\/"},{"@type":"ListItem","position":2,"name":"Reformbar #6 &#8211; Hur lite invandring t\u00e5l Sverige?"}]},{"@type":"WebSite","@id":"https:\/\/www.almega.se\/#website","url":"https:\/\/www.almega.se\/","name":"Almega","description":"","potentialAction":[{"@type":"SearchAction","target":{"@type":"EntryPoint","urlTemplate":"https:\/\/www.almega.se\/?s={search_term_string}"},"query-input":{"@type":"PropertyValueSpecification","valueRequired":true,"valueName":"search_term_string"}}],"inLanguage":"sv-SE"},{"@type":"Person","@id":"https:\/\/www.almega.se\/#\/schema\/person\/e54aa110880538cf5ceac0ac54bbecf7","name":"R\u00e9ka Tolnai","image":{"@type":"ImageObject","inLanguage":"sv-SE","@id":"https:\/\/www.almega.se\/#\/schema\/person\/image\/","url":"https:\/\/secure.gravatar.com\/avatar\/c722d4a4ee787603df9df499a683d681bd2c463bde248da25aabc45883d614d2?s=96&d=mm&r=g","contentUrl":"https:\/\/secure.gravatar.com\/avatar\/c722d4a4ee787603df9df499a683d681bd2c463bde248da25aabc45883d614d2?s=96&d=mm&r=g","caption":"R\u00e9ka Tolnai"},"url":"https:\/\/www.almega.se\/person\/rekatolnai\/"}]}},"_links":{"self":[{"href":"https:\/\/www.almega.se\/api\/wp\/v2\/posts\/76359","targetHints":{"allow":["GET"]}}],"collection":[{"href":"https:\/\/www.almega.se\/api\/wp\/v2\/posts"}],"about":[{"href":"https:\/\/www.almega.se\/api\/wp\/v2\/types\/post"}],"author":[{"embeddable":true,"href":"https:\/\/www.almega.se\/api\/wp\/v2\/users\/16543"}],"replies":[{"embeddable":true,"href":"https:\/\/www.almega.se\/api\/wp\/v2\/comments?post=76359"}],"version-history":[{"count":1,"href":"https:\/\/www.almega.se\/api\/wp\/v2\/posts\/76359\/revisions"}],"predecessor-version":[{"id":76361,"href":"https:\/\/www.almega.se\/api\/wp\/v2\/posts\/76359\/revisions\/76361"}],"wp:featuredmedia":[{"embeddable":true,"href":"https:\/\/www.almega.se\/api\/wp\/v2\/media\/76360"}],"wp:attachment":[{"href":"https:\/\/www.almega.se\/api\/wp\/v2\/media?parent=76359"}],"wp:term":[{"taxonomy":"category","embeddable":true,"href":"https:\/\/www.almega.se\/api\/wp\/v2\/categories?post=76359"},{"taxonomy":"post_tag","embeddable":true,"href":"https:\/\/www.almega.se\/api\/wp\/v2\/tags?post=76359"},{"taxonomy":"type","embeddable":true,"href":"https:\/\/www.almega.se\/api\/wp\/v2\/article_type?post=76359"},{"taxonomy":"agreement","embeddable":true,"href":"https:\/\/www.almega.se\/api\/wp\/v2\/agreement?post=76359"}],"curies":[{"name":"wp","href":"https:\/\/api.w.org\/{rel}","templated":true}]}}