{"id":76268,"date":"2024-10-02T18:12:33","date_gmt":"2024-10-02T16:12:33","guid":{"rendered":"https:\/\/www.almega.se\/?p=76268"},"modified":"2024-10-02T18:18:18","modified_gmt":"2024-10-02T16:18:18","slug":"almega-om-uthyrningslagen-kommer-att-bli-tvister","status":"publish","type":"post","link":"https:\/\/www.almega.se\/2024\/10\/almega-om-uthyrningslagen-kommer-att-bli-tvister\/","title":{"rendered":"Almega om uthyrningslagen: &#8221;Kommer att bli tvister&#8221;"},"content":{"rendered":"<p class=\"intro\">Almegas chefsjurist Jonas Stenmo intervjuas i Sveriges Radios Ekot om \u00e4ndringarna i uthyrningslagen, den s\u00e5 kallade 24-m\u00e5nadersregeln.<\/p>\n\n<p>Regeln, som tr\u00e4dde i kraft den 1 oktober 2022&nbsp; och som d\u00e4rmed blir aktuell fr\u00e5n 1 oktober 2024, tv\u00e5 \u00e5r senare, inneb\u00e4r att den som hyrts ut i 24 m\u00e5nader under en period om 36 m\u00e5nader p\u00e5 samma driftsenhet antingen ska erbjudas en tillsvidareanst\u00e4llning eller tv\u00e5 eller tre m\u00e5nadsl\u00f6ner.&nbsp;<\/p>\n\n\n\n<p>Best\u00e4mmelsen kommer skapa tvister kring vilka som omfattas, tror <strong>Jonas Stenmo<\/strong>, chefsjurist p\u00e5 Almega.<\/p>\n\n\n\n<p>\u2013 Vi ser en stor fara med det h\u00e4r och det kommer bli tvister p\u00e5 det h\u00e4r omr\u00e5det, det \u00e4r jag \u00f6vertygad om, s\u00e4ger Jonas Stenmo till Ekot.<\/p>\n\n\n\n<p>Lyssna p\u00e5 hela inslaget hos Sveriges Radio:<\/p>\n\n\n\n      <a href=\"https:\/\/sverigesradio.se\/artikel\/tvister-vantas-om-nya-regler-for-uthyrd-personal\" target=\"\" class=\"Button is-text Button--external-link\">\n      \n        Tvister v\u00e4ntas om nya regler f\u00f6r uthyrd personal (sr.se)\n      \n      \n                <svg class='icon icon--external-link'  width=\"16\" height=\"16\" viewBox=\"0 0 16 16\" fill=\"none\" xmlns=\"http:\/\/www.w3.org\/2000\/svg\">\n<path d=\"M9 1H15V7\" stroke=\"black\" stroke-width=\"2\" stroke-miterlimit=\"10\"\/>\n<path d=\"M5 2H1V15H14V11\" stroke=\"black\" stroke-width=\"2\" stroke-miterlimit=\"10\"\/>\n<path d=\"M15 1L6 10\" stroke=\"black\" stroke-width=\"2\" stroke-miterlimit=\"10\"\/>\n<\/svg>\n\n        \n    <\/a>\n  \n\n\n<a class='Share__link Share__link--url copy-text' href='#' rel='nofollow' data-text='medlem-i-almega?' title='Dela url' data-confirmation='L\u00e4nken kopierades till urklipp'><svg class='icon icon--link'  width='18' height='18' viewBox='0 0 18 18' fill='none' xmlns='http:\/\/www.w3.org\/2000\/svg'>\n            <path d='M10.4142 0.514721L6.87868 4.05025L8.29289 5.46447L11.1213 2.63604L15.364 6.87868L12.5355 9.70711L13.9497 11.1213L17.4853 7.58579C17.8763 7.19476 17.8763 6.5626 17.4853 6.17158L11.8284 0.514721C11.4374 0.123691 10.8052 0.123691 10.4142 0.514721Z' fill='black'\/>\n            <path d='M9.7071 12.5355L6.87868 15.364L2.63604 11.1213L5.46446 8.2929L4.05025 6.87868L0.514716 10.4142C0.123686 10.8052 0.123686 11.4374 0.514716 11.8284L6.17157 17.4853C6.5626 17.8763 7.19475 17.8763 7.58578 17.4853L11.1213 13.9497L9.7071 12.5355Z' fill='black'\/>\n            <path d='M6.17157 11.8284C6.5626 12.2195 7.19475 12.2195 7.58578 11.8284L11.8284 7.58579C12.2195 7.19476 12.2195 6.56261 11.8284 6.17158C11.4374 5.78055 10.8052 5.78055 10.4142 6.17158L6.17157 10.4142C5.78054 10.8052 5.78054 11.4374 6.17157 11.8284Z' fill='black'\/>\n            <\/svg> <\/a>\n<h2 class=\"wp-block-heading\" id=\"h-medlem-i-almega\">Medlem i Almega?<\/h2>\n\n\n\n<p>F\u00f6rdjupa dig om uthyrningslagen i Arbetsgivarguiden.<\/p>\n\n\n\n      <a href=\"https:\/\/medlem.arbetsgivarguiden.se\/a-till-o\/535\" target=\"\" class=\"Button is-text Button--lock\">\n      \n        Uthyrningslagen i Arbetsgivarguiden\n      \n      \n                <svg class='icon icon--lock'  width=\"16\" height=\"18\" viewBox=\"0 0 16 18\" fill=\"none\" xmlns=\"http:\/\/www.w3.org\/2000\/svg\">\n<path d=\"M13.5 16.5H2.5C2.23478 16.5 1.98043 16.3946 1.79289 16.2071C1.60536 16.0196 1.5 15.7652 1.5 15.5V8.5C1.5 8.23478 1.60536 7.98043 1.79289 7.79289C1.98043 7.60536 2.23478 7.5 2.5 7.5H13.5C13.7652 7.5 14.0196 7.60536 14.2071 7.79289C14.3946 7.98043 14.5 8.23478 14.5 8.5V15.5C14.5 15.7652 14.3946 16.0196 14.2071 16.2071C14.0196 16.3946 13.7652 16.5 13.5 16.5Z\" stroke=\"black\" stroke-width=\"2\" stroke-linecap=\"round\" stroke-linejoin=\"round\"\/>\n<path d=\"M4.5 7.5V5C4.5 4.07174 4.86875 3.1815 5.52513 2.52513C6.1815 1.86875 7.07174 1.5 8 1.5V1.5C8.92826 1.5 9.8185 1.86875 10.4749 2.52513C11.1313 3.1815 11.5 4.07174 11.5 5V7.5\" stroke=\"black\" stroke-width=\"2\" stroke-linecap=\"round\" stroke-linejoin=\"round\"\/>\n<path d=\"M8 13.5C8.82843 13.5 9.5 12.8284 9.5 12C9.5 11.1716 8.82843 10.5 8 10.5C7.17157 10.5 6.5 11.1716 6.5 12C6.5 12.8284 7.17157 13.5 8 13.5Z\" stroke=\"black\" stroke-width=\"2\" stroke-linecap=\"round\" stroke-linejoin=\"round\"\/>\n<\/svg>\n\n        \n    <\/a>\n  \n\n\n\n<p><\/p>\n","protected":false},"excerpt":{"rendered":"<p>Regeln, som tr\u00e4dde i kraft den 1 oktober 2022&nbsp; och som d\u00e4rmed blir aktuell fr\u00e5n 1 oktober 2024, tv\u00e5 \u00e5r senare, inneb\u00e4r att den som hyrts ut i 24 m\u00e5nader under en period om 36 &hellip;<\/p>\n","protected":false},"author":14531,"featured_media":22775,"comment_status":"closed","ping_status":"closed","sticky":false,"template":"","format":"standard","meta":{"_acf_changed":false,"footnotes":""},"categories":[603],"tags":[735],"article_type":[56],"agreement":[],"class_list":["post-76268","post","type-post","status-publish","format-standard","has-post-thumbnail","hentry","category-almega","tag-uthyrningslagen","type-nyheter"],"acf":[],"yoast_head":"<!-- This site is optimized with the Yoast SEO Premium plugin v26.8 (Yoast SEO v26.8) - https:\/\/yoast.com\/product\/yoast-seo-premium-wordpress\/ -->\n<title>Almega om uthyrningslagen: &quot;Kommer att bli tvister&quot; | Almega<\/title>\n<meta name=\"robots\" content=\"index, follow, max-snippet:-1, max-image-preview:large, max-video-preview:-1\" \/>\n<link rel=\"canonical\" href=\"https:\/\/www.almega.se\/2024\/10\/almega-om-uthyrningslagen-kommer-att-bli-tvister\/\" \/>\n<meta property=\"og:locale\" content=\"sv_SE\" \/>\n<meta property=\"og:type\" content=\"article\" \/>\n<meta property=\"og:title\" content=\"Almega om uthyrningslagen: &quot;Kommer att bli tvister&quot;\" \/>\n<meta property=\"og:description\" content=\"Regeln, som tr\u00e4dde i kraft den 1 oktober 2022&nbsp; och som d\u00e4rmed blir aktuell fr\u00e5n 1 oktober 2024, tv\u00e5 \u00e5r senare, inneb\u00e4r att den som hyrts ut i 24 m\u00e5nader under en period om 36 &hellip;\" \/>\n<meta property=\"og:url\" content=\"https:\/\/www.almega.se\/2024\/10\/almega-om-uthyrningslagen-kommer-att-bli-tvister\/\" \/>\n<meta property=\"og:site_name\" content=\"Almega\" \/>\n<meta property=\"article:published_time\" content=\"2024-10-02T16:12:33+00:00\" \/>\n<meta property=\"article:modified_time\" content=\"2024-10-02T16:18:18+00:00\" \/>\n<meta property=\"og:image\" content=\"https:\/\/www.almega.se\/app\/uploads\/2019\/03\/jonas-stenmo-ny.jpg\" \/>\n\t<meta property=\"og:image:width\" content=\"1000\" \/>\n\t<meta property=\"og:image:height\" content=\"600\" \/>\n\t<meta property=\"og:image:type\" content=\"image\/jpeg\" \/>\n<meta name=\"author\" content=\"Karin Nyg\u00e5rd\" \/>\n<meta name=\"twitter:card\" content=\"summary_large_image\" \/>\n<meta name=\"twitter:label1\" content=\"Skriven av\" \/>\n\t<meta name=\"twitter:data1\" content=\"Karin Nyg\u00e5rd\" \/>\n\t<meta name=\"twitter:label2\" content=\"Ber\u00e4knad l\u00e4stid\" \/>\n\t<meta name=\"twitter:data2\" content=\"1 minut\" \/>\n<!-- \/ Yoast SEO Premium plugin. -->","yoast_head_json":{"title":"Almega om uthyrningslagen: \"Kommer att bli tvister\" | Almega","robots":{"index":"index","follow":"follow","max-snippet":"max-snippet:-1","max-image-preview":"max-image-preview:large","max-video-preview":"max-video-preview:-1"},"canonical":"https:\/\/www.almega.se\/2024\/10\/almega-om-uthyrningslagen-kommer-att-bli-tvister\/","og_locale":"sv_SE","og_type":"article","og_title":"Almega om uthyrningslagen: \"Kommer att bli tvister\"","og_description":"Regeln, som tr\u00e4dde i kraft den 1 oktober 2022&nbsp; och som d\u00e4rmed blir aktuell fr\u00e5n 1 oktober 2024, tv\u00e5 \u00e5r senare, inneb\u00e4r att den som hyrts ut i 24 m\u00e5nader under en period om 36 &hellip;","og_url":"https:\/\/www.almega.se\/2024\/10\/almega-om-uthyrningslagen-kommer-att-bli-tvister\/","og_site_name":"Almega","article_published_time":"2024-10-02T16:12:33+00:00","article_modified_time":"2024-10-02T16:18:18+00:00","og_image":[{"width":1000,"height":600,"url":"https:\/\/www.almega.se\/app\/uploads\/2019\/03\/jonas-stenmo-ny.jpg","type":"image\/jpeg"}],"author":"Karin Nyg\u00e5rd","twitter_card":"summary_large_image","twitter_misc":{"Skriven av":"Karin Nyg\u00e5rd","Ber\u00e4knad l\u00e4stid":"1 minut"},"schema":{"@context":"https:\/\/schema.org","@graph":[{"@type":"NewsArticle","@id":"https:\/\/www.almega.se\/2024\/10\/almega-om-uthyrningslagen-kommer-att-bli-tvister\/#article","isPartOf":{"@id":"https:\/\/www.almega.se\/2024\/10\/almega-om-uthyrningslagen-kommer-att-bli-tvister\/"},"author":{"name":"Karin Nyg\u00e5rd","@id":"https:\/\/www.almega.se\/#\/schema\/person\/eae58f3a71d6b7aa9f71f3139a740a02"},"headline":"Almega om uthyrningslagen: &#8221;Kommer att bli tvister&#8221;","datePublished":"2024-10-02T16:12:33+00:00","dateModified":"2024-10-02T16:18:18+00:00","mainEntityOfPage":{"@id":"https:\/\/www.almega.se\/2024\/10\/almega-om-uthyrningslagen-kommer-att-bli-tvister\/"},"wordCount":124,"image":{"@id":"https:\/\/www.almega.se\/2024\/10\/almega-om-uthyrningslagen-kommer-att-bli-tvister\/#primaryimage"},"thumbnailUrl":"https:\/\/www.almega.se\/app\/uploads\/2019\/03\/jonas-stenmo-ny.jpg","keywords":["uthyrningslagen"],"articleSection":["Almega"],"inLanguage":"sv-SE"},{"@type":"WebPage","@id":"https:\/\/www.almega.se\/2024\/10\/almega-om-uthyrningslagen-kommer-att-bli-tvister\/","url":"https:\/\/www.almega.se\/2024\/10\/almega-om-uthyrningslagen-kommer-att-bli-tvister\/","name":"Almega om uthyrningslagen: \"Kommer att bli tvister\" | Almega","isPartOf":{"@id":"https:\/\/www.almega.se\/#website"},"primaryImageOfPage":{"@id":"https:\/\/www.almega.se\/2024\/10\/almega-om-uthyrningslagen-kommer-att-bli-tvister\/#primaryimage"},"image":{"@id":"https:\/\/www.almega.se\/2024\/10\/almega-om-uthyrningslagen-kommer-att-bli-tvister\/#primaryimage"},"thumbnailUrl":"https:\/\/www.almega.se\/app\/uploads\/2019\/03\/jonas-stenmo-ny.jpg","datePublished":"2024-10-02T16:12:33+00:00","dateModified":"2024-10-02T16:18:18+00:00","author":{"@id":"https:\/\/www.almega.se\/#\/schema\/person\/eae58f3a71d6b7aa9f71f3139a740a02"},"breadcrumb":{"@id":"https:\/\/www.almega.se\/2024\/10\/almega-om-uthyrningslagen-kommer-att-bli-tvister\/#breadcrumb"},"inLanguage":"sv-SE","potentialAction":[{"@type":"ReadAction","target":["https:\/\/www.almega.se\/2024\/10\/almega-om-uthyrningslagen-kommer-att-bli-tvister\/"]}]},{"@type":"ImageObject","inLanguage":"sv-SE","@id":"https:\/\/www.almega.se\/2024\/10\/almega-om-uthyrningslagen-kommer-att-bli-tvister\/#primaryimage","url":"https:\/\/www.almega.se\/app\/uploads\/2019\/03\/jonas-stenmo-ny.jpg","contentUrl":"https:\/\/www.almega.se\/app\/uploads\/2019\/03\/jonas-stenmo-ny.jpg","width":1000,"height":600,"caption":"Jonas Stenmo"},{"@type":"BreadcrumbList","@id":"https:\/\/www.almega.se\/2024\/10\/almega-om-uthyrningslagen-kommer-att-bli-tvister\/#breadcrumb","itemListElement":[{"@type":"ListItem","position":1,"name":"Home","item":"https:\/\/www.almega.se\/"},{"@type":"ListItem","position":2,"name":"Almega om uthyrningslagen: &#8221;Kommer att bli tvister&#8221;"}]},{"@type":"WebSite","@id":"https:\/\/www.almega.se\/#website","url":"https:\/\/www.almega.se\/","name":"Almega","description":"","potentialAction":[{"@type":"SearchAction","target":{"@type":"EntryPoint","urlTemplate":"https:\/\/www.almega.se\/?s={search_term_string}"},"query-input":{"@type":"PropertyValueSpecification","valueRequired":true,"valueName":"search_term_string"}}],"inLanguage":"sv-SE"},{"@type":"Person","@id":"https:\/\/www.almega.se\/#\/schema\/person\/eae58f3a71d6b7aa9f71f3139a740a02","name":"Karin Nyg\u00e5rd","image":{"@type":"ImageObject","inLanguage":"sv-SE","@id":"https:\/\/www.almega.se\/#\/schema\/person\/image\/","url":"https:\/\/secure.gravatar.com\/avatar\/09e5ec3d12974ae686ad90a0a4bf5404c8a4cfdca18f97124f166ab274023818?s=96&d=mm&r=g","contentUrl":"https:\/\/secure.gravatar.com\/avatar\/09e5ec3d12974ae686ad90a0a4bf5404c8a4cfdca18f97124f166ab274023818?s=96&d=mm&r=g","caption":"Karin Nyg\u00e5rd"},"description":"Produkt\u00e4gare Almega.se, samordnar webbutveckling och utveckling av Arbetsgivarguiden.se","url":"https:\/\/www.almega.se\/person\/karinnygard\/"}]}},"_links":{"self":[{"href":"https:\/\/www.almega.se\/api\/wp\/v2\/posts\/76268","targetHints":{"allow":["GET"]}}],"collection":[{"href":"https:\/\/www.almega.se\/api\/wp\/v2\/posts"}],"about":[{"href":"https:\/\/www.almega.se\/api\/wp\/v2\/types\/post"}],"author":[{"embeddable":true,"href":"https:\/\/www.almega.se\/api\/wp\/v2\/users\/14531"}],"replies":[{"embeddable":true,"href":"https:\/\/www.almega.se\/api\/wp\/v2\/comments?post=76268"}],"version-history":[{"count":5,"href":"https:\/\/www.almega.se\/api\/wp\/v2\/posts\/76268\/revisions"}],"predecessor-version":[{"id":76274,"href":"https:\/\/www.almega.se\/api\/wp\/v2\/posts\/76268\/revisions\/76274"}],"wp:featuredmedia":[{"embeddable":true,"href":"https:\/\/www.almega.se\/api\/wp\/v2\/media\/22775"}],"wp:attachment":[{"href":"https:\/\/www.almega.se\/api\/wp\/v2\/media?parent=76268"}],"wp:term":[{"taxonomy":"category","embeddable":true,"href":"https:\/\/www.almega.se\/api\/wp\/v2\/categories?post=76268"},{"taxonomy":"post_tag","embeddable":true,"href":"https:\/\/www.almega.se\/api\/wp\/v2\/tags?post=76268"},{"taxonomy":"type","embeddable":true,"href":"https:\/\/www.almega.se\/api\/wp\/v2\/article_type?post=76268"},{"taxonomy":"agreement","embeddable":true,"href":"https:\/\/www.almega.se\/api\/wp\/v2\/agreement?post=76268"}],"curies":[{"name":"wp","href":"https:\/\/api.w.org\/{rel}","templated":true}]}}