{"id":76140,"date":"2024-09-23T06:00:00","date_gmt":"2024-09-23T04:00:00","guid":{"rendered":"https:\/\/www.almega.se\/2024\/09\/uppgangen-i-tjanstesektorn-drojer-men-ljuspunkter-finns\/"},"modified":"2024-09-23T09:30:41","modified_gmt":"2024-09-23T07:30:41","slug":"uppgangen-i-tjanstesektorn-drojer-men-ljuspunkter-finns","status":"publish","type":"post","link":"https:\/\/www.almega.se\/2024\/09\/uppgangen-i-tjanstesektorn-drojer-men-ljuspunkter-finns\/","title":{"rendered":"Uppg\u00e5ngen i tj\u00e4nstesektorn dr\u00f6jer, men ljuspunkter finns"},"content":{"rendered":"\n<p class=\"intro\">Enligt Almegas senaste Tj\u00e4nsteindikator forts\u00e4tter den svaga utvecklingen inom tj\u00e4nstesektorn. Efter en mindre uppg\u00e5ng i b\u00f6rjan av \u00e5ret f\u00f6ll produktionen och uppg\u00e5ngen tycks dr\u00f6ja till slutet av \u00e5ret. \u201dDet mest positiva \u00e4r att konkurserna blir f\u00e4rre\u201d, s\u00e4ger Almegas chefekonom, Patrick Joyce.<\/p>\n<p>\u2013 Almegas Tj\u00e4nsteindikator pekar p\u00e5 en of\u00f6r\u00e4ndrad produktion i tj\u00e4nstesektorn under tredje kvartalet, men det finns tecken p\u00e5 en v\u00e4ndning. Sjunkande inflation och fallande r\u00e4ntor st\u00e4rker hush\u00e5llens k\u00f6pkraft och \u00f6kar efterfr\u00e5gan p\u00e5 hush\u00e5llsorienterade tj\u00e4nster, s\u00e4ger Patrick Joyce, chefekonom, Almega.<\/p>\n<p>Efterfr\u00e5gan p\u00e5 tj\u00e4nster till f\u00f6retag forts\u00e4tter att vara hygglig. Konsulter inom juridik, ekonomi och teknik v\u00e4xte med 1,6 procent i \u00e5rstakt andra kvartalet. \u00c4ven informations- och kommunikationssektorn har kommit tillbaka starkt efter ett svagt fjol\u00e5r.<\/p>\n<p>\u2013 Vissa f\u00f6retagstj\u00e4nster har dock problem. Efterfr\u00e5gan p\u00e5 arkitekttj\u00e4nster \u00e4r fortfarande l\u00e5g men ett stigande bostadsbyggande n\u00e4sta \u00e5r kan inneb\u00e4ra en v\u00e4ndning. \u00c4ven bemanningsbranschen har tappat kraftigt det senaste \u00e5ret, s\u00e4ger Patrick Joyce.<\/p>\n<p>Jobben i tj\u00e4nstesektorn forts\u00e4tter att bli f\u00e4rre. Under det senaste \u00e5ret har antalet anst\u00e4llda minskat med 17 100 personer. Bemanningsbranschen har drabbats s\u00e4rskilt h\u00e5rt, med 10&nbsp;000 f\u00e4rre anst\u00e4llda det senaste \u00e5ret.<\/p>\n<p>\u2013 Jobbf\u00f6rlusterna har fr\u00e4mst drabbat personer med korta anst\u00e4llningar medan personer med l\u00e4ngre anst\u00e4llningar blivit fler, vilket visar att f\u00f6retag f\u00f6rs\u00f6ker beh\u00e5lla sin k\u00e4rnpersonal, s\u00e4ger Patrick Joyce.<\/p>\n<p>Ett positivt tecken \u00e4r att antalet konkurser i tj\u00e4nstesektorn har b\u00f6rjat att minska efter att ha \u00f6kat kraftigt under vintern och v\u00e5ren. Antalet tj\u00e4nstef\u00f6retag som g\u00e5tt i konkurs har halverats det senaste halv\u00e5ret.<\/p>\n<p>\u2013 Att konkurserna blir f\u00e4rre \u00e4r mycket gl\u00e4djande och tyder p\u00e5 att en uppg\u00e5ng i ekonomin \u00e4r p\u00e5 v\u00e4g, \u00e4ven om det \u00e4nnu \u00e4r f\u00f6r tidigt att andas ut helt, s\u00e4ger Patrick Joyce.<\/p>\n<p>Hela tj\u00e4nsteindikatorn hittar du&nbsp;h\u00e4r: <a href=\"https:\/\/www.almega.se\/2024\/09\/almegas-tjansteindikator-for-tredje-kvartalet-2024\/\">https:\/\/www.almega.se\/2024\/09\/almegas-tjansteindikator-for-tredje-kvartalet-2024\/<\/a><\/p>\n<h2>Dokument<\/h2>\n<p><a href=\"https:\/\/via.tt.se\/files\/1965295\/3622081\/100724\/sv\"><\/a>\n","protected":false},"excerpt":{"rendered":"<p>Enligt Almegas senaste Tj\u00e4nsteindikator forts\u00e4tter den svaga utvecklingen inom tj\u00e4nstesektorn. Efter en mindre uppg\u00e5ng i b\u00f6rjan av \u00e5ret f\u00f6ll produktionen och uppg\u00e5ngen tycks dr\u00f6ja till slutet av \u00e5ret. \u201dDet mest positiva \u00e4r att konkurserna blir f\u00e4rre\u201d, s\u00e4ger Almegas chefekonom, Patrick Joyce.<\/p>\n","protected":false},"author":6058,"featured_media":76141,"comment_status":"closed","ping_status":"closed","sticky":false,"template":"","format":"standard","meta":{"_acf_changed":false,"footnotes":""},"categories":[630],"tags":[],"article_type":[93],"agreement":[],"class_list":["post-76140","post","type-post","status-publish","format-standard","has-post-thumbnail","hentry","category-konjunktur","type-pressmeddelanden"],"acf":[],"yoast_head":"<!-- This site is optimized with the Yoast SEO Premium plugin v26.8 (Yoast SEO v26.8) - https:\/\/yoast.com\/product\/yoast-seo-premium-wordpress\/ -->\n<title>Uppg\u00e5ngen i tj\u00e4nstesektorn dr\u00f6jer, men ljuspunkter finns | Almega<\/title>\n<meta name=\"description\" content=\"Uppg\u00e5ngen i tj\u00e4nstesektorn dr\u00f6jer men konkurserna blir f\u00e4rre, s\u00e4ger Patrick Joyce, Almegas chefekonom. Det visar senaste tj\u00e4nsteindikatorn.\" \/>\n<meta name=\"robots\" content=\"index, follow, max-snippet:-1, max-image-preview:large, max-video-preview:-1\" \/>\n<link rel=\"canonical\" href=\"https:\/\/www.almega.se\/2024\/09\/uppgangen-i-tjanstesektorn-drojer-men-ljuspunkter-finns\/\" \/>\n<meta property=\"og:locale\" content=\"sv_SE\" \/>\n<meta property=\"og:type\" content=\"article\" \/>\n<meta property=\"og:title\" content=\"Uppg\u00e5ngen i tj\u00e4nstesektorn dr\u00f6jer, men ljuspunkter finns\" \/>\n<meta property=\"og:description\" content=\"Uppg\u00e5ngen i tj\u00e4nstesektorn dr\u00f6jer men konkurserna blir f\u00e4rre, s\u00e4ger Patrick Joyce, Almegas chefekonom. Det visar senaste tj\u00e4nsteindikatorn.\" \/>\n<meta property=\"og:url\" content=\"https:\/\/www.almega.se\/2024\/09\/uppgangen-i-tjanstesektorn-drojer-men-ljuspunkter-finns\/\" \/>\n<meta property=\"og:site_name\" content=\"Almega\" \/>\n<meta property=\"article:published_time\" content=\"2024-09-23T04:00:00+00:00\" \/>\n<meta property=\"article:modified_time\" content=\"2024-09-23T07:30:41+00:00\" \/>\n<meta property=\"og:image\" content=\"https:\/\/www.almega.se\/app\/uploads\/2024\/09\/3182dfa1-61b7-4eee-b939-339708870178-1180x787.jpg\" \/>\n\t<meta property=\"og:image:width\" content=\"1180\" \/>\n\t<meta property=\"og:image:height\" content=\"787\" \/>\n\t<meta property=\"og:image:type\" content=\"image\/jpeg\" \/>\n<meta name=\"author\" content=\"Shashika Sellgren\" \/>\n<meta name=\"twitter:card\" content=\"summary_large_image\" \/>\n<meta name=\"twitter:label1\" content=\"Skriven av\" \/>\n\t<meta name=\"twitter:data1\" content=\"Shashika Sellgren\" \/>\n\t<meta name=\"twitter:label2\" content=\"Ber\u00e4knad l\u00e4stid\" \/>\n\t<meta name=\"twitter:data2\" content=\"2 minuter\" \/>\n<!-- \/ Yoast SEO Premium plugin. -->","yoast_head_json":{"title":"Uppg\u00e5ngen i tj\u00e4nstesektorn dr\u00f6jer, men ljuspunkter finns | Almega","description":"Uppg\u00e5ngen i tj\u00e4nstesektorn dr\u00f6jer men konkurserna blir f\u00e4rre, s\u00e4ger Patrick Joyce, Almegas chefekonom. Det visar senaste tj\u00e4nsteindikatorn.","robots":{"index":"index","follow":"follow","max-snippet":"max-snippet:-1","max-image-preview":"max-image-preview:large","max-video-preview":"max-video-preview:-1"},"canonical":"https:\/\/www.almega.se\/2024\/09\/uppgangen-i-tjanstesektorn-drojer-men-ljuspunkter-finns\/","og_locale":"sv_SE","og_type":"article","og_title":"Uppg\u00e5ngen i tj\u00e4nstesektorn dr\u00f6jer, men ljuspunkter finns","og_description":"Uppg\u00e5ngen i tj\u00e4nstesektorn dr\u00f6jer men konkurserna blir f\u00e4rre, s\u00e4ger Patrick Joyce, Almegas chefekonom. Det visar senaste tj\u00e4nsteindikatorn.","og_url":"https:\/\/www.almega.se\/2024\/09\/uppgangen-i-tjanstesektorn-drojer-men-ljuspunkter-finns\/","og_site_name":"Almega","article_published_time":"2024-09-23T04:00:00+00:00","article_modified_time":"2024-09-23T07:30:41+00:00","og_image":[{"width":1180,"height":787,"url":"https:\/\/www.almega.se\/app\/uploads\/2024\/09\/3182dfa1-61b7-4eee-b939-339708870178-1180x787.jpg","type":"image\/jpeg"}],"author":"Shashika Sellgren","twitter_card":"summary_large_image","twitter_misc":{"Skriven av":"Shashika Sellgren","Ber\u00e4knad l\u00e4stid":"2 minuter"},"schema":{"@context":"https:\/\/schema.org","@graph":[{"@type":"NewsArticle","@id":"https:\/\/www.almega.se\/2024\/09\/uppgangen-i-tjanstesektorn-drojer-men-ljuspunkter-finns\/#article","isPartOf":{"@id":"https:\/\/www.almega.se\/2024\/09\/uppgangen-i-tjanstesektorn-drojer-men-ljuspunkter-finns\/"},"author":{"name":"Shashika Sellgren","@id":"https:\/\/www.almega.se\/#\/schema\/person\/38c6b37b81c530c93246c3d1993d5662"},"headline":"Uppg\u00e5ngen i tj\u00e4nstesektorn dr\u00f6jer, men ljuspunkter finns","datePublished":"2024-09-23T04:00:00+00:00","dateModified":"2024-09-23T07:30:41+00:00","mainEntityOfPage":{"@id":"https:\/\/www.almega.se\/2024\/09\/uppgangen-i-tjanstesektorn-drojer-men-ljuspunkter-finns\/"},"wordCount":359,"image":{"@id":"https:\/\/www.almega.se\/2024\/09\/uppgangen-i-tjanstesektorn-drojer-men-ljuspunkter-finns\/#primaryimage"},"thumbnailUrl":"https:\/\/www.almega.se\/app\/uploads\/2024\/09\/3182dfa1-61b7-4eee-b939-339708870178.jpg","articleSection":["Konjunktur"],"inLanguage":"sv-SE"},{"@type":"WebPage","@id":"https:\/\/www.almega.se\/2024\/09\/uppgangen-i-tjanstesektorn-drojer-men-ljuspunkter-finns\/","url":"https:\/\/www.almega.se\/2024\/09\/uppgangen-i-tjanstesektorn-drojer-men-ljuspunkter-finns\/","name":"Uppg\u00e5ngen i tj\u00e4nstesektorn dr\u00f6jer, men ljuspunkter finns | Almega","isPartOf":{"@id":"https:\/\/www.almega.se\/#website"},"primaryImageOfPage":{"@id":"https:\/\/www.almega.se\/2024\/09\/uppgangen-i-tjanstesektorn-drojer-men-ljuspunkter-finns\/#primaryimage"},"image":{"@id":"https:\/\/www.almega.se\/2024\/09\/uppgangen-i-tjanstesektorn-drojer-men-ljuspunkter-finns\/#primaryimage"},"thumbnailUrl":"https:\/\/www.almega.se\/app\/uploads\/2024\/09\/3182dfa1-61b7-4eee-b939-339708870178.jpg","datePublished":"2024-09-23T04:00:00+00:00","dateModified":"2024-09-23T07:30:41+00:00","author":{"@id":"https:\/\/www.almega.se\/#\/schema\/person\/38c6b37b81c530c93246c3d1993d5662"},"description":"Uppg\u00e5ngen i tj\u00e4nstesektorn dr\u00f6jer men konkurserna blir f\u00e4rre, s\u00e4ger Patrick Joyce, Almegas chefekonom. Det visar senaste tj\u00e4nsteindikatorn.","breadcrumb":{"@id":"https:\/\/www.almega.se\/2024\/09\/uppgangen-i-tjanstesektorn-drojer-men-ljuspunkter-finns\/#breadcrumb"},"inLanguage":"sv-SE","potentialAction":[{"@type":"ReadAction","target":["https:\/\/www.almega.se\/2024\/09\/uppgangen-i-tjanstesektorn-drojer-men-ljuspunkter-finns\/"]}]},{"@type":"ImageObject","inLanguage":"sv-SE","@id":"https:\/\/www.almega.se\/2024\/09\/uppgangen-i-tjanstesektorn-drojer-men-ljuspunkter-finns\/#primaryimage","url":"https:\/\/www.almega.se\/app\/uploads\/2024\/09\/3182dfa1-61b7-4eee-b939-339708870178.jpg","contentUrl":"https:\/\/www.almega.se\/app\/uploads\/2024\/09\/3182dfa1-61b7-4eee-b939-339708870178.jpg","width":8256,"height":5504,"caption":"Patrick Joyce, chefekonom, Almega"},{"@type":"BreadcrumbList","@id":"https:\/\/www.almega.se\/2024\/09\/uppgangen-i-tjanstesektorn-drojer-men-ljuspunkter-finns\/#breadcrumb","itemListElement":[{"@type":"ListItem","position":1,"name":"Home","item":"https:\/\/www.almega.se\/"},{"@type":"ListItem","position":2,"name":"Uppg\u00e5ngen i tj\u00e4nstesektorn dr\u00f6jer, men ljuspunkter finns"}]},{"@type":"WebSite","@id":"https:\/\/www.almega.se\/#website","url":"https:\/\/www.almega.se\/","name":"Almega","description":"","potentialAction":[{"@type":"SearchAction","target":{"@type":"EntryPoint","urlTemplate":"https:\/\/www.almega.se\/?s={search_term_string}"},"query-input":{"@type":"PropertyValueSpecification","valueRequired":true,"valueName":"search_term_string"}}],"inLanguage":"sv-SE"},{"@type":"Person","@id":"https:\/\/www.almega.se\/#\/schema\/person\/38c6b37b81c530c93246c3d1993d5662","name":"Shashika Sellgren","image":{"@type":"ImageObject","inLanguage":"sv-SE","@id":"https:\/\/www.almega.se\/#\/schema\/person\/image\/","url":"https:\/\/secure.gravatar.com\/avatar\/b225c479880df9eb82d1501dd105dd8040f27c8563f3d4bf5dd62ce0a1630abd?s=96&d=mm&r=g","contentUrl":"https:\/\/secure.gravatar.com\/avatar\/b225c479880df9eb82d1501dd105dd8040f27c8563f3d4bf5dd62ce0a1630abd?s=96&d=mm&r=g","caption":"Shashika Sellgren"},"url":"https:\/\/www.almega.se\/person\/shashikasellgren\/"}]}},"_links":{"self":[{"href":"https:\/\/www.almega.se\/api\/wp\/v2\/posts\/76140","targetHints":{"allow":["GET"]}}],"collection":[{"href":"https:\/\/www.almega.se\/api\/wp\/v2\/posts"}],"about":[{"href":"https:\/\/www.almega.se\/api\/wp\/v2\/types\/post"}],"author":[{"embeddable":true,"href":"https:\/\/www.almega.se\/api\/wp\/v2\/users\/6058"}],"replies":[{"embeddable":true,"href":"https:\/\/www.almega.se\/api\/wp\/v2\/comments?post=76140"}],"version-history":[{"count":1,"href":"https:\/\/www.almega.se\/api\/wp\/v2\/posts\/76140\/revisions"}],"predecessor-version":[{"id":76142,"href":"https:\/\/www.almega.se\/api\/wp\/v2\/posts\/76140\/revisions\/76142"}],"wp:featuredmedia":[{"embeddable":true,"href":"https:\/\/www.almega.se\/api\/wp\/v2\/media\/76141"}],"wp:attachment":[{"href":"https:\/\/www.almega.se\/api\/wp\/v2\/media?parent=76140"}],"wp:term":[{"taxonomy":"category","embeddable":true,"href":"https:\/\/www.almega.se\/api\/wp\/v2\/categories?post=76140"},{"taxonomy":"post_tag","embeddable":true,"href":"https:\/\/www.almega.se\/api\/wp\/v2\/tags?post=76140"},{"taxonomy":"type","embeddable":true,"href":"https:\/\/www.almega.se\/api\/wp\/v2\/article_type?post=76140"},{"taxonomy":"agreement","embeddable":true,"href":"https:\/\/www.almega.se\/api\/wp\/v2\/agreement?post=76140"}],"curies":[{"name":"wp","href":"https:\/\/api.w.org\/{rel}","templated":true}]}}