{"id":76025,"date":"2024-09-23T05:00:00","date_gmt":"2024-09-23T03:00:00","guid":{"rendered":"https:\/\/www.almega.se\/?p=76025"},"modified":"2024-10-16T10:51:23","modified_gmt":"2024-10-16T08:51:23","slug":"almegas-tjansteindikator-for-tredje-kvartalet-2024","status":"publish","type":"post","link":"https:\/\/www.almega.se\/2024\/09\/almegas-tjansteindikator-for-tredje-kvartalet-2024\/","title":{"rendered":"Almegas tj\u00e4nsteindikator f\u00f6r tredje kvartalet 2024"},"content":{"rendered":"<p class=\"p1\">Uppg\u00e5ngen dr\u00f6jer f\u00f6r tj\u00e4nstesektorn<\/p>\n<a class='Share__link Share__link--url copy-text' href='#' rel='nofollow' data-text='ladda-ner-rapporten' title='Dela url' data-confirmation='L\u00e4nken kopierades till urklipp'><svg class='icon icon--link'  width='18' height='18' viewBox='0 0 18 18' fill='none' xmlns='http:\/\/www.w3.org\/2000\/svg'>\n            <path d='M10.4142 0.514721L6.87868 4.05025L8.29289 5.46447L11.1213 2.63604L15.364 6.87868L12.5355 9.70711L13.9497 11.1213L17.4853 7.58579C17.8763 7.19476 17.8763 6.5626 17.4853 6.17158L11.8284 0.514721C11.4374 0.123691 10.8052 0.123691 10.4142 0.514721Z' fill='black'\/>\n            <path d='M9.7071 12.5355L6.87868 15.364L2.63604 11.1213L5.46446 8.2929L4.05025 6.87868L0.514716 10.4142C0.123686 10.8052 0.123686 11.4374 0.514716 11.8284L6.17157 17.4853C6.5626 17.8763 7.19475 17.8763 7.58578 17.4853L11.1213 13.9497L9.7071 12.5355Z' fill='black'\/>\n            <path d='M6.17157 11.8284C6.5626 12.2195 7.19475 12.2195 7.58578 11.8284L11.8284 7.58579C12.2195 7.19476 12.2195 6.56261 11.8284 6.17158C11.4374 5.78055 10.8052 5.78055 10.4142 6.17158L6.17157 10.4142C5.78054 10.8052 5.78054 11.4374 6.17157 11.8284Z' fill='black'\/>\n            <\/svg> <\/a>\n<h2 class=\"wp-block-heading\" id=\"h-ladda-ner-rapporten\">Ladda ner rapporten<\/h2>\n\n\n\n<p>Rapporten finns i sin helhet p\u00e5 denna sida men kan ocks\u00e5 h\u00e4mtas som pdf-fil.<\/p>\n\n\n\n      <a href=\"https:\/\/www.almega.se\/app\/uploads\/2024\/09\/Tjansteindikatorn-kvartal-tre-2024-slutversion.pdf\" target=\"_blank\" class=\"Button is-button is-style-fill has-black-background-color has-black-border-color has-white-color Button--arrow-tip\">\n      \n        Ladda ner rapporten h\u00e4r (pdf)\n      \n      \n                \n                <svg class='icon icon--arrow-tip'  width=\"11\" height=\"16\" viewBox=\"0 0 11 16\" fill=\"none\" xmlns=\"http:\/\/www.w3.org\/2000\/svg\">\n<path d=\"M0.858398 15L9.2304 7.99664L0.967732 1.00001\" stroke=\"black\" stroke-width=\"2\" stroke-miterlimit=\"10\"\/>\n<\/svg>\n\n        \n    <\/a>\n  \n\n\n<a class='Share__link Share__link--url copy-text' href='#' rel='nofollow' data-text='uppgangen-drojer' title='Dela url' data-confirmation='L\u00e4nken kopierades till urklipp'><svg class='icon icon--link'  width='18' height='18' viewBox='0 0 18 18' fill='none' xmlns='http:\/\/www.w3.org\/2000\/svg'>\n            <path d='M10.4142 0.514721L6.87868 4.05025L8.29289 5.46447L11.1213 2.63604L15.364 6.87868L12.5355 9.70711L13.9497 11.1213L17.4853 7.58579C17.8763 7.19476 17.8763 6.5626 17.4853 6.17158L11.8284 0.514721C11.4374 0.123691 10.8052 0.123691 10.4142 0.514721Z' fill='black'\/>\n            <path d='M9.7071 12.5355L6.87868 15.364L2.63604 11.1213L5.46446 8.2929L4.05025 6.87868L0.514716 10.4142C0.123686 10.8052 0.123686 11.4374 0.514716 11.8284L6.17157 17.4853C6.5626 17.8763 7.19475 17.8763 7.58578 17.4853L11.1213 13.9497L9.7071 12.5355Z' fill='black'\/>\n            <path d='M6.17157 11.8284C6.5626 12.2195 7.19475 12.2195 7.58578 11.8284L11.8284 7.58579C12.2195 7.19476 12.2195 6.56261 11.8284 6.17158C11.4374 5.78055 10.8052 5.78055 10.4142 6.17158L6.17157 10.4142C5.78054 10.8052 5.78054 11.4374 6.17157 11.8284Z' fill='black'\/>\n            <\/svg> <\/a>\n<h2 class=\"wp-block-heading\" id=\"h-uppgangen-drojer\">Uppg\u00e5ngen dr\u00f6jer<\/h2>\n\n\n\n<p>Almegas tj\u00e4nsteindikator \u00e4r en kvartalsbaserad konjunkturindikator som belyser utvecklingen i den privata tj\u00e4nstesektorn. Den ligger tv\u00e5 m\u00e5nader f\u00f6re SCB:s publicering av den faktiska tj\u00e4nsteproduktionen och \u00e4r en aktuell spegel av konjunkturl\u00e4get i den privata tj\u00e4nstesektorn som svarar f\u00f6r 52 procent av Sveriges BNP och 48 procent av syssels\u00e4ttningen. Almega har publicerat tj\u00e4nsteindikatorn varje kvartal sedan 2001.<\/p>\n\n\n\n<p>Denna upplaga av tj\u00e4nsteindikatorn har arbetats fram p\u00e5 Almega av <strong>Patrick Joyce<\/strong> och <strong>Staffan Johansson<\/strong>. Insamlingen av data avslutades den 19 september 2024. <\/p>\n\n\n\n<p> F\u00f6r ytterligare upplysningar om det ekonomiska l\u00e4get i den privata tj\u00e4nstesektorn kontakta:<\/p>\n\n\n\n      \n      \n    \n    \n              \n          \n          \n      <h2 class=\"Contact-card__title\">Patrick Joyce<\/h2>\n      <p class=\"mb-0\">Chefekonom<\/p>\n      \n              <p class=\"mb-2\">Stockholm<\/p>\n                    <p>\n                      <a href=\"tel:+46 8 762 6967\">+46 8 762 6967<\/a>\n                                <a href=\"tel:+46 76 018 70 34\">+46 76 018 70 34<\/a>\n                                <a href=\"mailto:patrick.joyce@almega.se\">E-post<\/a>\n                  <\/p>\n            <a href=\"https:\/\/www.almega.se\/person\/patrickjoyce\/\" class=\"Contact-card__link\">\n        \n          <p class=\"Contact-card__arrow__text\">L\u00e4s mer<\/p>\n          \n          <svg class='icon icon--arrow-tip'  width=\"11\" height=\"16\" viewBox=\"0 0 11 16\" fill=\"none\" xmlns=\"http:\/\/www.w3.org\/2000\/svg\">\n<path d=\"M0.858398 15L9.2304 7.99664L0.967732 1.00001\" stroke=\"black\" stroke-width=\"2\" stroke-miterlimit=\"10\"\/>\n<\/svg>\n\n          \n      <\/a>\n\n      \n    \n  \n        \n              \n          \n          \n      <h2 class=\"Contact-card__title\">Staffan Johansson<\/h2>\n      <p class=\"mb-0\">Statistikexpert<\/p>\n      \n              <p class=\"mb-2\">Stockholm<\/p>\n                    <p>\n                      <a href=\"tel:+46 8 762 70 44\">+46 8 762 70 44<\/a>\n                                <a href=\"tel:+46 70 799 12 26\">+46 70 799 12 26<\/a>\n                                <a href=\"mailto:staffan.johansson@almega.se\">E-post<\/a>\n                  <\/p>\n            <a href=\"https:\/\/www.almega.se\/person\/staffanjohansson\/\" class=\"Contact-card__link\">\n        \n          <p class=\"Contact-card__arrow__text\">L\u00e4s mer<\/p>\n          \n          <svg class='icon icon--arrow-tip'  width=\"11\" height=\"16\" viewBox=\"0 0 11 16\" fill=\"none\" xmlns=\"http:\/\/www.w3.org\/2000\/svg\">\n<path d=\"M0.858398 15L9.2304 7.99664L0.967732 1.00001\" stroke=\"black\" stroke-width=\"2\" stroke-miterlimit=\"10\"\/>\n<\/svg>\n\n          \n      <\/a>\n\n      \n    \n  \n        \n          \n    \n\n\n<a class='Share__link Share__link--url copy-text' href='#' rel='nofollow' data-text='1.-sammanfattning' title='Dela url' data-confirmation='L\u00e4nken kopierades till urklipp'><svg class='icon icon--link'  width='18' height='18' viewBox='0 0 18 18' fill='none' xmlns='http:\/\/www.w3.org\/2000\/svg'>\n            <path d='M10.4142 0.514721L6.87868 4.05025L8.29289 5.46447L11.1213 2.63604L15.364 6.87868L12.5355 9.70711L13.9497 11.1213L17.4853 7.58579C17.8763 7.19476 17.8763 6.5626 17.4853 6.17158L11.8284 0.514721C11.4374 0.123691 10.8052 0.123691 10.4142 0.514721Z' fill='black'\/>\n            <path d='M9.7071 12.5355L6.87868 15.364L2.63604 11.1213L5.46446 8.2929L4.05025 6.87868L0.514716 10.4142C0.123686 10.8052 0.123686 11.4374 0.514716 11.8284L6.17157 17.4853C6.5626 17.8763 7.19475 17.8763 7.58578 17.4853L11.1213 13.9497L9.7071 12.5355Z' fill='black'\/>\n            <path d='M6.17157 11.8284C6.5626 12.2195 7.19475 12.2195 7.58578 11.8284L11.8284 7.58579C12.2195 7.19476 12.2195 6.56261 11.8284 6.17158C11.4374 5.78055 10.8052 5.78055 10.4142 6.17158L6.17157 10.4142C5.78054 10.8052 5.78054 11.4374 6.17157 11.8284Z' fill='black'\/>\n            <\/svg> <\/a>\n<h2 class=\"wp-block-heading\" id=\"h-1-sammanfattning\">1. <strong>Sammanfattning<\/strong><\/h2>\n\n\n\n<h3 class=\"wp-block-heading\" id=\"h-uppgangen-drojer-for-tjanstesektorn\">Uppg\u00e5ngen dr\u00f6jer f\u00f6r tj\u00e4nstesektorn<\/h3>\n\n\n\n<p>Tj\u00e4nstesektorn utvecklades svagt f\u00f6rra \u00e5ret. Detta \u00e5r inleddes med en liten uppg\u00e5ng under det f\u00f6rsta kvartalet men under det andra kvartalet f\u00f6ll produktionen igen och var 0,5 procent l\u00e4gre \u00e4n samma kvartal ett \u00e5r tidigare.<\/p>\n\n\n\n<p>F\u00f6rv\u00e4ntningarna p\u00e5 en \u00e5terh\u00e4mtning \u00e4r starka hos tj\u00e4nstef\u00f6retagen men uppg\u00e5ngen dr\u00f6jer dock till slutet av \u00e5ret. Almegas tj\u00e4nsteindikator f\u00f6rutsp\u00e5r att produktionen i tj\u00e4nstesektorn kommer att vara of\u00f6r\u00e4ndrad det tredje kvartalet.<\/p>\n\n\n\n<p>De tj\u00e4nstebranscher som s\u00e4ljer till f\u00f6retag utvecklas b\u00e4ttre \u00e4n de som s\u00e4ljer till hush\u00e5ll. Tillv\u00e4xten f\u00f6r f\u00f6retagstj\u00e4nster inom juridik, ekonomi, vetenskap och teknik \u00e4r fortfarande god. Det andra kvartalet var produktionen 1,6 procent h\u00f6gre \u00e4n samma kvartal f\u00f6rra \u00e5ret. Skillnaderna mellan olika delbranscher \u00e4r dock stora. Arkitekterna m\u00f6ter fortfarande en mycket svag efterfr\u00e5gan medan konjunkturen \u00e4r god f\u00f6r b\u00e5de tekniska konsulter och industrikonsulter.<\/p>\n\n\n\n<p>Produktionen inom personaluthyrning, fastighetsservice, st\u00e4dning och andra st\u00f6dtj\u00e4nster till f\u00f6retag var det andra kvartalet 0,4 procent l\u00e4gre \u00e4n ett \u00e5r tidigare. Nedg\u00e5ngen beror helt och h\u00e5llet p\u00e5 ett kraftigt fall f\u00f6r personaluthyrningsbranschen p\u00e5 grund av den svaga arbetsmarknaden. \u00d6vriga st\u00f6dtj\u00e4nster till f\u00f6retag har haft en positiv tillv\u00e4xt.<\/p>\n\n\n\n<p>Information- och kommunikationsbranschen har \u00e5terh\u00e4mtat sig efter ett svagt fjol\u00e5r. Det andra kvartalet var produktionen 4,5 procent h\u00f6gre \u00e4n ett \u00e5r tidigare.<\/p>\n\n\n\n<p>Nedg\u00e5ngen i privat konsumtion har drabbat de tj\u00e4nstebranscher som s\u00e4ljer till hush\u00e5ll h\u00e5rt. Produktionen inom handeln har fallit under mer \u00e4n tv\u00e5 \u00e5r i str\u00e4ck. Detaljhandeln har b\u00f6rjat \u00e5terh\u00e4mta sig men motorhandeln utvecklas mycket svagt.<\/p>\n\n\n\n<p>Produktionen inom privat utf\u00f6rd utbildning har minskat kraftigt i \u00e5r efter ett bra fjol\u00e5r. Det andra kvartalet var produktionen 16,5 procent l\u00e4gre \u00e4n samma kvartal f\u00f6rra \u00e5ret.<\/p>\n\n\n\n<h3 class=\"wp-block-heading\" id=\"h-jobben-blir-farre-i-tjanstesektorn\">Jobben blir f\u00e4rre i tj\u00e4nstesektorn<\/h3>\n\n\n\n<p>Den svaga konjunkturen i tj\u00e4nstesektorn p\u00e5verkar jobben. Antalet anst\u00e4llda i tj\u00e4nstesektorn forts\u00e4tter att minska. Det andra kvartalet var antalet anst\u00e4llda 17 100 personer \u2013 eller 0,6 procent \u2013 l\u00e4gre \u00e4n samma kvartal 2023. Almegas arbetsmarknadsindikator f\u00f6rutsp\u00e5r att jobben i tj\u00e4nstesektorn kommer att bli f\u00e4rre \u00e4ven under det tredje kvartalet.<\/p>\n\n\n\n<p>Utvecklingen av syssels\u00e4ttningen skiljer sig kraftigt \u00e5t mellan olika tj\u00e4nstebranscher. Bland de kunskapsintensiva konsulttj\u00e4nsterna inom juridik, ekonomi, vetenskap och teknik har antalet anst\u00e4llda \u00f6kat med 6 800 personer, eller 2,0 procent, under det senaste \u00e5ret.<\/p>\n\n\n\n<p>Antalet anst\u00e4llda inom personaluthyrning och rekrytering har minskat kraftigt. P\u00e5 ett \u00e5r har de anst\u00e4llda inom branschen blivit 10 000 personer f\u00e4rre.<\/p>\n\n\n\n<p>Antalet varsel om upps\u00e4gning forts\u00e4tter att bli fler i tj\u00e4nstesektorn. Inom privat utf\u00f6rd v\u00e5rd och omsorg varslades 4 500 personer om upps\u00e4gning fram till augusti i \u00e5r, vilket var mer dubbelt s\u00e5 m\u00e5nga som under samma tid f\u00f6rra \u00e5ret. Alla varsel leder dock inte till upps\u00e4gning.<\/p>\n\n\n\n<h3 class=\"wp-block-heading\" id=\"h-prisokningarna-pa-tjanster-sjunker-inte\"><strong>Pris\u00f6kningarna p\u00e5 tj\u00e4nster sjunker inte<\/strong><\/h3>\n\n\n\n<p>\u00d6kningstakten p\u00e5 tj\u00e4nstef\u00f6retagens f\u00f6rs\u00e4ljningspriser (TPI) har visat sig vara mer tr\u00f6gr\u00f6rliga ned\u00e5t \u00e4n v\u00e4ntat. Pris\u00f6kningstakten sj\u00f6nk under fjol\u00e5ret men i \u00e5r har den slutat sjunka. <\/p>\n\n\n\n<p>Under det andra kvartalet \u00f6kade tj\u00e4nstepriserna i \u00e5rstakt med 3,1 procent, vilket var n\u00e5got mer \u00e4n under kvartalen dessf\u00f6rinnan. J\u00e4mf\u00f6rt med f\u00f6reg\u00e5ende kvartal \u00f6kade tj\u00e4nstepriserna med 1,0 procent, vilket berodde p\u00e5 stigande priser inom hotell och restaurang. <\/p>\n\n\n\n<p>Nedg\u00e5ngen av den totala inflationen och den svaga konjunkuren b\u00f6r dock bidra till att tj\u00e4nstepriserna \u00f6kar l\u00e5ngsammare fram\u00f6ver. Almegas prisindikator tyder p\u00e5 att \u00e4ven pris\u00f6kningarna p\u00e5 tj\u00e4nster kommer att avta det tredje kvartalet.<\/p>\n\n\n<a class='Share__link Share__link--url copy-text' href='#' rel='nofollow' data-text='2.-uppgangen-drojer-for-tjanstesektorn' title='Dela url' data-confirmation='L\u00e4nken kopierades till urklipp'><svg class='icon icon--link'  width='18' height='18' viewBox='0 0 18 18' fill='none' xmlns='http:\/\/www.w3.org\/2000\/svg'>\n            <path d='M10.4142 0.514721L6.87868 4.05025L8.29289 5.46447L11.1213 2.63604L15.364 6.87868L12.5355 9.70711L13.9497 11.1213L17.4853 7.58579C17.8763 7.19476 17.8763 6.5626 17.4853 6.17158L11.8284 0.514721C11.4374 0.123691 10.8052 0.123691 10.4142 0.514721Z' fill='black'\/>\n            <path d='M9.7071 12.5355L6.87868 15.364L2.63604 11.1213L5.46446 8.2929L4.05025 6.87868L0.514716 10.4142C0.123686 10.8052 0.123686 11.4374 0.514716 11.8284L6.17157 17.4853C6.5626 17.8763 7.19475 17.8763 7.58578 17.4853L11.1213 13.9497L9.7071 12.5355Z' fill='black'\/>\n            <path d='M6.17157 11.8284C6.5626 12.2195 7.19475 12.2195 7.58578 11.8284L11.8284 7.58579C12.2195 7.19476 12.2195 6.56261 11.8284 6.17158C11.4374 5.78055 10.8052 5.78055 10.4142 6.17158L6.17157 10.4142C5.78054 10.8052 5.78054 11.4374 6.17157 11.8284Z' fill='black'\/>\n            <\/svg> <\/a>\n<h2 class=\"wp-block-heading\">2. Uppg\u00e5ngen dr\u00f6jer f\u00f6r tj\u00e4nstesektorn<\/h2>\n\n\n\n<h3 class=\"wp-block-heading\" id=\"h-2-1-oforandrad-produktion-vantas-tredje-kvartalet\">2.1 <strong>Of\u00f6r\u00e4ndrad produktion v\u00e4ntas tredje kvartalet<\/strong><\/h3>\n\n\n\n<p>Produktionen i tj\u00e4nstesektorn utvecklades svagt under f\u00f6rra \u00e5ret. \u00c5ret inleddes med en liten uppg\u00e5ng men under det andra kvartalet f\u00f6ll produktionen i tj\u00e4nstesektorn igen och var 0,5 procent l\u00e4gre \u00e4n ett \u00e5r tidigare.<span class=\"Footnote\"><sup>1<\/sup><\/span><\/p>\n\n\n\n<p>Det finns dock flera tecken p\u00e5 att en uppg\u00e5ng n\u00e4rmar sig. Sjunkande inflation och fallande r\u00e4ntor ger utrymme f\u00f6r hush\u00e5llen att \u00f6ka sin konsumtion vilket kan bli en injektion f\u00f6r de tj\u00e4nstebranscher som s\u00e4ljer till hush\u00e5ll. L\u00e4gre r\u00e4ntekostnader kan stimulera \u00f6kade investeringar i industrin och v\u00e4nda nedg\u00e5ngen i bostadsbyggandet vilket kommer att \u00f6ka efterfr\u00e5gan inom viktiga f\u00f6retagstj\u00e4nster.<\/p>\n\n\n\n<p>Uppg\u00e5ngen dr\u00f6jer dock till slutet av \u00e5ret. Almegas tj\u00e4nsteindikator f\u00f6rutsp\u00e5r att produktionen i tj\u00e4nstesektorn kommer att vara of\u00f6r\u00e4ndrad det tredje kvartalet.<\/p>\n\n\n\n<p><strong><mark class=\"has-inline-color has-primary-color\">Diagram 1: <\/mark>Almegas tj\u00e4nsteindikator f\u00f6r produktionstillv\u00e4xten i den privata tj\u00e4nstesektorn samt \u00e5rlig produktionstillv\u00e4xt<\/strong><\/p>\n\n\n\n<figure class=\"wp-block-image size-large\"><img loading=\"lazy\" decoding=\"async\" width=\"1180\" height=\"816\" src=\"https:\/\/www.almega.se\/app\/uploads\/2024\/09\/Skarmavbild-2024-09-20-kl.-09.58.15-1180x816.png\" alt=\"\" class=\"wp-image-76027\" srcset=\"https:\/\/www.almega.se\/app\/uploads\/2024\/09\/Skarmavbild-2024-09-20-kl.-09.58.15-1180x816.png 1180w, https:\/\/www.almega.se\/app\/uploads\/2024\/09\/Skarmavbild-2024-09-20-kl.-09.58.15-580x401.png 580w, https:\/\/www.almega.se\/app\/uploads\/2024\/09\/Skarmavbild-2024-09-20-kl.-09.58.15-380x263.png 380w, https:\/\/www.almega.se\/app\/uploads\/2024\/09\/Skarmavbild-2024-09-20-kl.-09.58.15-768x531.png 768w, https:\/\/www.almega.se\/app\/uploads\/2024\/09\/Skarmavbild-2024-09-20-kl.-09.58.15.png 1386w\" sizes=\"auto, (max-width: 1180px) 100vw, 1180px\" \/><figcaption class=\"wp-element-caption\"><br><strong>K\u00e4lla: <\/strong>Almega, Konjunkturinstitutet, SCB, Macrobond.<\/figcaption><\/figure>\n\n\n\n<p>B\u00e5de privat tj\u00e4nstesektor och industri har utvecklats svagt sedan sommaren 2022. Produktionen inom tj\u00e4nstesektorn har i princip varit of\u00f6r\u00e4ndrad i tv\u00e5 \u00e5r. Industriproduktionen hade en kortvarig topp v\u00e5ren 2023 men har sjunkit sedan dess (se diagram 2).<\/p>\n\n\n\n<p><strong><mark class=\"has-inline-color has-primary-color\">Diagram 2:<\/mark> Produktionen inom privat tj\u00e4nstesektor och industri, januari 2021 till juli 2024<\/strong><\/p>\n\n\n\n<figure class=\"wp-block-image size-large\"><img loading=\"lazy\" decoding=\"async\" width=\"1180\" height=\"781\" src=\"https:\/\/www.almega.se\/app\/uploads\/2024\/09\/Skarmavbild-2024-09-20-kl.-09.59.35-1180x781.png\" alt=\"\" class=\"wp-image-76028\" srcset=\"https:\/\/www.almega.se\/app\/uploads\/2024\/09\/Skarmavbild-2024-09-20-kl.-09.59.35-1180x781.png 1180w, https:\/\/www.almega.se\/app\/uploads\/2024\/09\/Skarmavbild-2024-09-20-kl.-09.59.35-580x384.png 580w, https:\/\/www.almega.se\/app\/uploads\/2024\/09\/Skarmavbild-2024-09-20-kl.-09.59.35-380x251.png 380w, https:\/\/www.almega.se\/app\/uploads\/2024\/09\/Skarmavbild-2024-09-20-kl.-09.59.35-768x508.png 768w, https:\/\/www.almega.se\/app\/uploads\/2024\/09\/Skarmavbild-2024-09-20-kl.-09.59.35.png 1294w\" sizes=\"auto, (max-width: 1180px) 100vw, 1180px\" \/><figcaption class=\"wp-element-caption\"><br><strong>K\u00e4lla: <\/strong>SCB, Produktionsv\u00e4rdesindex.<br><strong>Anm: <\/strong>Privat tj\u00e4nstesektor exkl. finans samt tillverkningsindustri och gruvor.<\/figcaption><\/figure>\n\n\n\n<p>F\u00f6rv\u00e4ntningarna p\u00e5 framtiden \u00e4r dock positiva. De flesta tj\u00e4nstebranscher r\u00e4knar med att efterfr\u00e5gan kommer att \u00f6ka det fj\u00e4rde kvartalet j\u00e4mf\u00f6rt med nu (se tabell 1).<\/p>\n\n\n\n<p><strong><mark class=\"has-inline-color has-primary-color\">Diagram 3:<\/mark> Ink\u00f6pschefsindex f\u00f6r privata tj\u00e4nster och industri, januari 2021 till augusti 2024<\/strong><\/p>\n\n\n\n<figure class=\"wp-block-image size-large\"><img loading=\"lazy\" decoding=\"async\" width=\"1180\" height=\"784\" src=\"https:\/\/www.almega.se\/app\/uploads\/2024\/09\/Skarmavbild-2024-09-20-kl.-10.02.30-1180x784.png\" alt=\"\" class=\"wp-image-76029\" srcset=\"https:\/\/www.almega.se\/app\/uploads\/2024\/09\/Skarmavbild-2024-09-20-kl.-10.02.30-1180x784.png 1180w, https:\/\/www.almega.se\/app\/uploads\/2024\/09\/Skarmavbild-2024-09-20-kl.-10.02.30-580x385.png 580w, https:\/\/www.almega.se\/app\/uploads\/2024\/09\/Skarmavbild-2024-09-20-kl.-10.02.30-380x253.png 380w, https:\/\/www.almega.se\/app\/uploads\/2024\/09\/Skarmavbild-2024-09-20-kl.-10.02.30-768x510.png 768w, https:\/\/www.almega.se\/app\/uploads\/2024\/09\/Skarmavbild-2024-09-20-kl.-10.02.30.png 1294w\" sizes=\"auto, (max-width: 1180px) 100vw, 1180px\" \/><figcaption class=\"wp-element-caption\"><strong>K\u00e4lla<\/strong>: Swedbank och Silf<\/figcaption><\/figure>\n\n\n\n<p>Tj\u00e4nstef\u00f6retagens f\u00f6rv\u00e4ntningar p\u00e5 den n\u00e4rmaste framtiden har f\u00f6rb\u00e4ttrats n\u00e5got sedan f\u00f6rra \u00e5ret. Ink\u00f6pschefsindex (PMI) har legat i tillv\u00e4xtzonen (\u00f6ver 50) de flesta m\u00e5nader i \u00e5r. Ett positivt tecken \u00e4r att orderstocken forts\u00e4tter att \u00f6ka vilket l\u00e4gger grunden f\u00f6r en uppg\u00e5ng i produktionen mot slutet av \u00e5ret.<span class=\"Footnote\"><sup>2<\/sup><\/span><\/p>\n\n\n\n<h3 class=\"wp-block-heading\" id=\"h-2-2-hygglig-efterfragan-pa-foretagstjanster\">2.2 Hygglig efterfr\u00e5gan p\u00e5 f\u00f6retagstj\u00e4nster<\/h3>\n\n\n\n<p>Efterfr\u00e5gan p\u00e5 f\u00f6retagstj\u00e4nster har p\u00e5verkats negativt av nedg\u00e5ngen i konjunkturen men l\u00e4get skiljer sig \u00e5t mellan olika branscher.<\/p>\n\n\n\n<p>Tillv\u00e4xten av f\u00f6retagstj\u00e4nster inom juridik, ekonomi, vetenskap och teknik d\u00e4mpades under 2023 men f\u00f6rblev positiv. Tillv\u00e4xten har h\u00e5llits uppe \u00e4ven under f\u00f6rsta halv\u00e5ret i \u00e5r. Det andra kvartalet var produktionen 1,6 procent h\u00f6gre \u00e4n samma kvartal f\u00f6rra \u00e5ret. Skillnaderna mellan olika delbranscher \u00e4r dock stora. Arkitekterna m\u00f6ter fortfarande en svag efterfr\u00e5gan. Bostadsbyggandet v\u00e4ntas dock b\u00f6rja \u00f6ka under 2025 vilket b\u00f6r \u00f6ka efterfr\u00e5gan p\u00e5 arkitekttj\u00e4nster. Arkitekterna \u00e4r mer optimistiska om framtiden \u00e4n de varit tidigare (se tabell 1).<\/p>\n\n\n\n<p><strong><mark class=\"has-inline-color has-primary-color\">Diagram 4: <\/mark>Produktion bland konsulter inom juridik, ekonomi, teknik m.m. (69-75), kvartal ett 2021 till kvartal tv\u00e5 2024<\/strong><\/p>\n\n\n\n<p>F\u00f6r\u00e4ndring j\u00e4mf\u00f6rt med samma kvartal \u00e5ret innan, fasta priser och kalenderkorrigerat, procent<\/p>\n\n\n\n<figure class=\"wp-block-image size-large\"><img loading=\"lazy\" decoding=\"async\" width=\"1180\" height=\"695\" src=\"https:\/\/www.almega.se\/app\/uploads\/2024\/09\/Skarmavbild-2024-09-20-kl.-10.06.01-1180x695.png\" alt=\"\" class=\"wp-image-76030\" srcset=\"https:\/\/www.almega.se\/app\/uploads\/2024\/09\/Skarmavbild-2024-09-20-kl.-10.06.01-1180x695.png 1180w, https:\/\/www.almega.se\/app\/uploads\/2024\/09\/Skarmavbild-2024-09-20-kl.-10.06.01-580x342.png 580w, https:\/\/www.almega.se\/app\/uploads\/2024\/09\/Skarmavbild-2024-09-20-kl.-10.06.01-380x224.png 380w, https:\/\/www.almega.se\/app\/uploads\/2024\/09\/Skarmavbild-2024-09-20-kl.-10.06.01-768x452.png 768w, https:\/\/www.almega.se\/app\/uploads\/2024\/09\/Skarmavbild-2024-09-20-kl.-10.06.01.png 1294w\" sizes=\"auto, (max-width: 1180px) 100vw, 1180px\" \/><figcaption class=\"wp-element-caption\"><strong>K\u00e4lla:<\/strong> SCB, Tj\u00e4nsteproduktionsindex<\/figcaption><\/figure>\n\n\n\n<p>Efterfr\u00e5gan p\u00e5 tekniska konsulter och industrikonsulter var stark under f\u00f6rra p\u00e5 grund av stora investeringar inom industrin och ett h\u00f6gt anl\u00e4ggningsbyggande. Industrins investeringar d\u00e4mpas i \u00e5r men \u00e4n s\u00e5 l\u00e4nge \u00e4r efterfr\u00e5gan p\u00e5 s\u00e5v\u00e4l tekniska konsulter som industrikonsulter god.<\/p>\n\n\n\n<p>Exporten av tj\u00e4nster \u00e4r fortsatt stark \u00e4ven om den mattats av n\u00e5got j\u00e4mf\u00f6rt med tidigare kvartal. Under det andra kvartalet var exporten av aff\u00e4rstj\u00e4nster, i l\u00f6pande priser, 12,7 procent h\u00f6gre \u00e4n samma kvartal f\u00f6rra \u00e5ret. Dessa tj\u00e4nster \u00f6kade dock med 2,8 procent i pris det senaste \u00e5ret (se tabell 7).<span class=\"Footnote\"><sup>3<\/sup><\/span><\/p>\n\n\n\n<p><strong><mark class=\"has-inline-color has-primary-color\">Diagram 5: <\/mark>Produktion inom uthyrning och andra st\u00f6dtj\u00e4nster till f\u00f6retag (77-82), kvartal ett 2021 till kvartal tv\u00e5 2024<\/strong><\/p>\n\n\n\n<p>F\u00f6r\u00e4ndring j\u00e4mf\u00f6rt med samma kvartal \u00e5ret innan, fasta priser och kalenderkorrigerat, procent<\/p>\n\n\n\n<figure class=\"wp-block-image size-large\"><img loading=\"lazy\" decoding=\"async\" width=\"1180\" height=\"709\" src=\"https:\/\/www.almega.se\/app\/uploads\/2024\/09\/Skarmavbild-2024-09-20-kl.-10.08.32-1180x709.png\" alt=\"\" class=\"wp-image-76031\" srcset=\"https:\/\/www.almega.se\/app\/uploads\/2024\/09\/Skarmavbild-2024-09-20-kl.-10.08.32-1180x709.png 1180w, https:\/\/www.almega.se\/app\/uploads\/2024\/09\/Skarmavbild-2024-09-20-kl.-10.08.32-580x349.png 580w, https:\/\/www.almega.se\/app\/uploads\/2024\/09\/Skarmavbild-2024-09-20-kl.-10.08.32-380x228.png 380w, https:\/\/www.almega.se\/app\/uploads\/2024\/09\/Skarmavbild-2024-09-20-kl.-10.08.32-768x462.png 768w, https:\/\/www.almega.se\/app\/uploads\/2024\/09\/Skarmavbild-2024-09-20-kl.-10.08.32.png 1294w\" sizes=\"auto, (max-width: 1180px) 100vw, 1180px\" \/><figcaption class=\"wp-element-caption\"><strong>K\u00e4lla:<\/strong> SCB, tj\u00e4nsteproduktionsindex<\/figcaption><\/figure>\n\n\n\n<p>Produktionen inom personaluthyrning, fastighetsservice, st\u00e4dning och andra st\u00f6dtj\u00e4nster till f\u00f6retag var det andra kvartalet 0,4 procent l\u00e4gre \u00e4n ett \u00e5r tidigare. Nedg\u00e5ngen f\u00f6rklaras helt av en kraftigt minskad produktion inom personaluthyrning p\u00e5 grund av den svaga arbetsmarknaden. \u00d6vriga st\u00f6dtj\u00e4nster till f\u00f6retag har haft en positiv tillv\u00e4xt.<\/p>\n\n\n\n<p>Enligt siffror fr\u00e5n Kompetensf\u00f6retagen \u2013 d\u00e4r bemanningsf\u00f6retag ing\u00e5r &#8211; var oms\u00e4ttningen i branschen det andra kvartalet i \u00e5r 11,2 procent l\u00e4gre i l\u00f6pande priser \u00e4n ett \u00e5r tidigare. Till detta kommer priseffekt p\u00e5 knappt tre procent (se tabell 7).<span class=\"Footnote\"><sup>4<\/sup><\/span><\/p>\n\n\n\n<p>Uthyrningen av personal minskar till samtliga yrkesomr\u00e5den. Uthyrningen av personal till branschens st\u00f6rsta yrkesomr\u00e5de, industri, minskade det andra kvartalet med 15 procent i l\u00f6pande priser p\u00e5 \u00e5rsbasis. Uthyrningen till det n\u00e4sta st\u00f6rsta yrkesomr\u00e5det, lager och logistik, minskade med 10 procent. Uthyrningen av personal till h\u00e4lso- och sjukv\u00e5rd och omsorg minskade med hela 28 procent, vilket beror p\u00e5 politiska beslut i regionerna att minska inhyrningen av personal.<span class=\"Footnote\"><sup>5<\/sup><\/span><\/p>\n\n\n\n<p>Bemanningsf\u00f6retagen \u00e4r pessimistiska om den n\u00e4rmaste framtiden men mer optimistiska p\u00e5 sikt. Tv\u00e5 av tre f\u00f6retag r\u00e4knar med att l\u00e4get kommer att bli b\u00e4ttre inom ett \u00e5r.<span class=\"Footnote\"><sup>6<\/sup><\/span><\/p>\n\n\n\n<p><strong><mark class=\"has-inline-color has-primary-color\">Diagram 6: <\/mark>Produktion inom transporter och magasinering (49-53), kvartal ett 2021 till kvartal tv\u00e5 2024<\/strong><\/p>\n\n\n\n<p>F\u00f6r\u00e4ndring j\u00e4mf\u00f6rt med samma kvartal \u00e5ret innan, fasta priser och kalenderkorrigerat, procent<\/p>\n\n\n\n<figure class=\"wp-block-image size-large\"><img loading=\"lazy\" decoding=\"async\" width=\"1180\" height=\"709\" src=\"https:\/\/www.almega.se\/app\/uploads\/2024\/09\/Skarmavbild-2024-09-20-kl.-10.12.22-1180x709.png\" alt=\"\" class=\"wp-image-76032\" srcset=\"https:\/\/www.almega.se\/app\/uploads\/2024\/09\/Skarmavbild-2024-09-20-kl.-10.12.22-1180x709.png 1180w, https:\/\/www.almega.se\/app\/uploads\/2024\/09\/Skarmavbild-2024-09-20-kl.-10.12.22-580x349.png 580w, https:\/\/www.almega.se\/app\/uploads\/2024\/09\/Skarmavbild-2024-09-20-kl.-10.12.22-380x228.png 380w, https:\/\/www.almega.se\/app\/uploads\/2024\/09\/Skarmavbild-2024-09-20-kl.-10.12.22-768x462.png 768w, https:\/\/www.almega.se\/app\/uploads\/2024\/09\/Skarmavbild-2024-09-20-kl.-10.12.22.png 1294w\" sizes=\"auto, (max-width: 1180px) 100vw, 1180px\" \/><figcaption class=\"wp-element-caption\"><strong>K\u00e4lla:<\/strong> SCB, tj\u00e4nsteproduktionsindex<\/figcaption><\/figure>\n\n\n\n<p>Transportbranschen drabbades h\u00e5rt av de h\u00f6jda br\u00e4nslepriserna under 2022. Efterfr\u00e5gan fortsatte att minska under 2023 p\u00e5 grund av den vikande industrikonjukturen trots sjunkande br\u00e4nslepriser och s\u00e4nkta drivmedelsskatter. Det andra kvartalet i \u00e5r var produktionen 4,7 procent l\u00e4gre \u00e4n ett \u00e5r tidigare.<\/p>\n\n\n\n<p><strong><mark class=\"has-inline-color has-primary-color\">Diagram 7:<\/mark> Produktionen inom information och kommunikation (58-63), kvartal ett 2021 till kvartal tv\u00e5 2024<\/strong><\/p>\n\n\n\n<p>F\u00f6r\u00e4ndring j\u00e4mf\u00f6rt med samma kvartal \u00e5ret innan, fasta priser och kalenderkorrigerat, procent<\/p>\n\n\n\n<figure class=\"wp-block-image size-large is-resized\"><img loading=\"lazy\" decoding=\"async\" width=\"1180\" height=\"709\" src=\"https:\/\/www.almega.se\/app\/uploads\/2024\/09\/Skarmavbild-2024-09-20-kl.-10.13.22-1180x709.png\" alt=\"\" class=\"wp-image-76033\" style=\"width:1105px;height:663px\" srcset=\"https:\/\/www.almega.se\/app\/uploads\/2024\/09\/Skarmavbild-2024-09-20-kl.-10.13.22-1180x709.png 1180w, https:\/\/www.almega.se\/app\/uploads\/2024\/09\/Skarmavbild-2024-09-20-kl.-10.13.22-580x349.png 580w, https:\/\/www.almega.se\/app\/uploads\/2024\/09\/Skarmavbild-2024-09-20-kl.-10.13.22-380x228.png 380w, https:\/\/www.almega.se\/app\/uploads\/2024\/09\/Skarmavbild-2024-09-20-kl.-10.13.22-768x462.png 768w, https:\/\/www.almega.se\/app\/uploads\/2024\/09\/Skarmavbild-2024-09-20-kl.-10.13.22.png 1294w\" sizes=\"auto, (max-width: 1180px) 100vw, 1180px\" \/><figcaption class=\"wp-element-caption\"><strong>K\u00e4lla:<\/strong>  SCB, tj\u00e4nsteproduktionsindex<\/figcaption><\/figure>\n\n\n\n<p>Inom information och kommunikation f\u00f6ll produktionen under f\u00f6rra \u00e5ret. Efter \u00e5rsskiftet har dock en \u00e5terh\u00e4mtning skett och det andra kvartalet var produktionen 4,5 procent h\u00f6gre \u00e4n  samma kvartal 2023. Exporten av informations- och kommunikationstj\u00e4nster var svag i slutet av f\u00f6rra \u00e5ret men har \u00e5terh\u00e4mtat sig. Det andra kvartalet var exporten, i l\u00f6pande priser, 7,2 procent h\u00f6gre \u00e4n samma kvartal 2023. Informations och kommunikationstj\u00e4nster har \u00f6kat med 2,3 procent i pris det senaste \u00e5ret (se tabell 7). Uppg\u00e5ngen under andra kvartalet beror p\u00e5 \u00f6kad export av data- och informationstj\u00e4nster. Exporten av de viktiga telekommunikationstj\u00e4nsterna har fortsatt att falla.<span class=\"Footnote\"><sup>7<\/sup><\/span><\/p>\n\n\n\n<p>Framtidsf\u00f6rv\u00e4ntningarna inom branschen \u00e4r fortsatt starka. I augusti r\u00e4knade 38 procent av datakonsulterna med att efterfr\u00e5gan p\u00e5 deras tj\u00e4nster skulle \u00f6ka den n\u00e4rmaste framtiden.<\/p>\n\n\n\n<p><strong><mark class=\"has-inline-color has-primary-color\">Tabell 1: <\/mark>Efterfr\u00e5gan i tj\u00e4nstebranscher som fr\u00e4mst s\u00e4ljer till f\u00f6retag. F\u00f6rv\u00e4ntningar tre m\u00e5nader fram\u00e5t, maj och augusti 2024<\/strong><\/p>\n\n\n\n<figure class=\"wp-block-image size-large\"><img loading=\"lazy\" decoding=\"async\" width=\"1180\" height=\"830\" src=\"https:\/\/www.almega.se\/app\/uploads\/2024\/09\/Skarmavbild-2024-09-20-kl.-10.14.56-1180x830.png\" alt=\"\" class=\"wp-image-76034\" srcset=\"https:\/\/www.almega.se\/app\/uploads\/2024\/09\/Skarmavbild-2024-09-20-kl.-10.14.56-1180x830.png 1180w, https:\/\/www.almega.se\/app\/uploads\/2024\/09\/Skarmavbild-2024-09-20-kl.-10.14.56-580x408.png 580w, https:\/\/www.almega.se\/app\/uploads\/2024\/09\/Skarmavbild-2024-09-20-kl.-10.14.56-380x267.png 380w, https:\/\/www.almega.se\/app\/uploads\/2024\/09\/Skarmavbild-2024-09-20-kl.-10.14.56-768x540.png 768w, https:\/\/www.almega.se\/app\/uploads\/2024\/09\/Skarmavbild-2024-09-20-kl.-10.14.56.png 1228w\" sizes=\"auto, (max-width: 1180px) 100vw, 1180px\" \/><figcaption class=\"wp-element-caption\"><strong>K\u00e4lla:<\/strong> Konjunkturinstitutet <br><strong>Anm:<\/strong> Nettotal \u00e4r andelen f\u00f6retag som rapporterar att efterfr\u00e5gan \u00f6kar minus andelen som rapporterar att den minskar. \u00d6vriga f\u00f6retagstj\u00e4nster (SNI 82) omfattar kontorstj\u00e4nster, callcenter samt arrang\u00f6rer av kongresser och m\u00e4ssor.<\/figcaption><\/figure>\n\n\n\n<h3 class=\"wp-block-heading\" id=\"h-2-3-svag-efterfragan-pa-tjanster-till-konsumenter\">2.3 Svag efterfr\u00e5gan p\u00e5 tj\u00e4nster till konsumenter<\/h3>\n\n\n\n<p>Mellan 2021 och 2023 f\u00f6ll reall\u00f6nerna med tio procent. Stigande syssels\u00e4ttning och s\u00e4nkta skatter mildrade dock nedg\u00e5ngen i hush\u00e5llen inkomster. Trots detta har hush\u00e5llen tvingats att dra ner sin konsumtion m\u00e4rkbart. Hush\u00e5llens konsumtion har minskat sex av de sju senaste kvartalet, vilket inte h\u00e4nt sedan b\u00f6rjan av 1990-talet. Under b\u00f6rjan av \u00e5ret planade  dock nedg\u00e5ngen ut. Det andra kvartalet var hush\u00e5llens konsumtion 0,1 procent l\u00e4gre \u00e4n samma kvartal f\u00f6rra \u00e5ret.<span class=\"Footnote\"><sup>8<\/sup><\/span><\/p>\n\n\n\n<p>Den bransch som drabbats mest av den minskade konsumtionen \u00e4r handeln d\u00e4r produktionen fallit mer \u00e4n tv\u00e5 \u00e5r str\u00e4ck. Det andra kvartalet var produktionen 5,0 procent l\u00e4gre \u00e4n samma kvartal f\u00f6rra \u00e5ret. Nedg\u00e5ngen beror fr\u00e4mst p\u00e5 minskad produktion inom motorhandeln och partihandeln medan detaljhandeln delvis har \u00e5terh\u00e4mtat sig.<\/p>\n\n\n\n<p><strong><mark class=\"has-inline-color has-primary-color\">Diagram 8: <\/mark><mark class=\"has-inline-color has-black-color\">Produktionen inom handel (45-47), kvartal ett 2021 till kvartal tv\u00e5 2024<\/mark><\/strong><\/p>\n\n\n\n<p>F\u00f6r\u00e4ndring j\u00e4mf\u00f6rt med samma kvartal \u00e5ret innan, fasta priser och kalenderkorrigerat, procent<\/p>\n\n\n\n<figure class=\"wp-block-image size-large\"><img loading=\"lazy\" decoding=\"async\" width=\"1180\" height=\"717\" src=\"https:\/\/www.almega.se\/app\/uploads\/2024\/09\/Skarmavbild-2024-09-20-kl.-10.29.43-1180x717.png\" alt=\"\" class=\"wp-image-76036\" srcset=\"https:\/\/www.almega.se\/app\/uploads\/2024\/09\/Skarmavbild-2024-09-20-kl.-10.29.43-1180x717.png 1180w, https:\/\/www.almega.se\/app\/uploads\/2024\/09\/Skarmavbild-2024-09-20-kl.-10.29.43-580x352.png 580w, https:\/\/www.almega.se\/app\/uploads\/2024\/09\/Skarmavbild-2024-09-20-kl.-10.29.43-380x231.png 380w, https:\/\/www.almega.se\/app\/uploads\/2024\/09\/Skarmavbild-2024-09-20-kl.-10.29.43-768x467.png 768w, https:\/\/www.almega.se\/app\/uploads\/2024\/09\/Skarmavbild-2024-09-20-kl.-10.29.43.png 1284w\" sizes=\"auto, (max-width: 1180px) 100vw, 1180px\" \/><figcaption class=\"wp-element-caption\"><strong>K\u00e4lla<\/strong>: SCB, tj\u00e4nsteproduktionsindex. <br><strong>Anm:<\/strong> Handel s\u00e4ljer tj\u00e4nster b\u00e5de till hush\u00e5ll och f\u00f6retag.<\/figcaption><\/figure>\n\n\n\n<p>Inom detaljhandeln var produktionen det andra kvartalet 0,8 procent l\u00e4gre \u00e4n ett \u00e5r tidigare.<span class=\"Footnote\"><sup>9<\/sup><\/span> E-handeln har \u00e5terh\u00e4mtat sig efter tv\u00e5 d\u00e5liga \u00e5r. Det andra kvartalet var oms\u00e4ttningen 2,5 procent h\u00f6gre \u00e4n ett \u00e5r tidigare.<span class=\"Footnote\"><sup>10<\/sup><\/span><\/p>\n\n\n\n<p>Produktionen i motorhandeln var det andra kvartalet 5,1 procent l\u00e4gre \u00e4n ett \u00e5r tidigare. Under det andra kvartalet nyregistrerades 6,3 procent f\u00e4rre personbilar \u00e4n samma kvartal \u00e5ret innan.<span class=\"Footnote\"><sup>11<\/sup><\/span><\/p>\n\n\n\n<p>Inom partihandeln, som s\u00e4ljer till f\u00f6retag, f\u00f6ll produktionen markant under hela 2023. Utvecklingen har fortsatt och det andra kvartalet var produktionen 7,3 procent l\u00e4gre \u00e4n f\u00f6r ett \u00e5r sedan.<\/p>\n\n\n\n<p><strong><span class=\"Footnote\"><mark class=\"has-inline-color has-primary-color\">Diagram 9: <\/mark><\/span>Produktionen inom hotell och restaurang (55-56), kvartal ett 2021 till kvartal tv\u00e5 2024<\/strong><\/p>\n\n\n\n<p>F\u00f6r\u00e4ndring j\u00e4mf\u00f6rt med samma kvartal \u00e5ret innan, fasta priser och kalenderkorrigerat, procent<\/p>\n\n\n\n<figure class=\"wp-block-image size-large\"><img loading=\"lazy\" decoding=\"async\" width=\"1180\" height=\"665\" src=\"https:\/\/www.almega.se\/app\/uploads\/2024\/09\/Skarmavbild-2024-09-20-kl.-10.31.38-1180x665.png\" alt=\"\" class=\"wp-image-76037\" srcset=\"https:\/\/www.almega.se\/app\/uploads\/2024\/09\/Skarmavbild-2024-09-20-kl.-10.31.38-1180x665.png 1180w, https:\/\/www.almega.se\/app\/uploads\/2024\/09\/Skarmavbild-2024-09-20-kl.-10.31.38-580x327.png 580w, https:\/\/www.almega.se\/app\/uploads\/2024\/09\/Skarmavbild-2024-09-20-kl.-10.31.38-380x214.png 380w, https:\/\/www.almega.se\/app\/uploads\/2024\/09\/Skarmavbild-2024-09-20-kl.-10.31.38-768x433.png 768w, https:\/\/www.almega.se\/app\/uploads\/2024\/09\/Skarmavbild-2024-09-20-kl.-10.31.38.png 1292w\" sizes=\"auto, (max-width: 1180px) 100vw, 1180px\" \/><figcaption class=\"wp-element-caption\"><br><strong>K\u00e4lla: <\/strong>SCB, tj\u00e4nsteproduktionsindex.<\/figcaption><\/figure>\n\n\n\n<p>Tillv\u00e4xten inom hotell- och restaurangbranschen har avtagit det senaste \u00e5ret. Minskad hush\u00e5llskonsumtion och h\u00f6jda priser inom branschen har bidragit till detta. Det andra kvartalet var produktionen 3,8 procent l\u00e4gre \u00e4n under samma kvartal f\u00f6rra \u00e5ret. F\u00f6retagen i branschen ser positivt p\u00e5 utvecklingen fram\u00f6ver men \u00e4r inte lika optimistiska som tidigare (se tabell 2).<\/p>\n\n\n\n<p><strong><span class=\"Footnote\"><mark class=\"has-inline-color has-primary-color\">Diagram 10: <\/mark><\/span>Produktionen inom personliga och kulturella tj\u00e4nster (90-98), kvartal ett 2021 till kvartal tv\u00e5 2024<\/strong><\/p>\n\n\n\n<figure class=\"wp-block-image size-large\"><img loading=\"lazy\" decoding=\"async\" width=\"1180\" height=\"678\" src=\"https:\/\/www.almega.se\/app\/uploads\/2024\/09\/Skarmavbild-2024-09-20-kl.-10.32.56-1-1180x678.png\" alt=\"\" class=\"wp-image-76040\" srcset=\"https:\/\/www.almega.se\/app\/uploads\/2024\/09\/Skarmavbild-2024-09-20-kl.-10.32.56-1-1180x678.png 1180w, https:\/\/www.almega.se\/app\/uploads\/2024\/09\/Skarmavbild-2024-09-20-kl.-10.32.56-1-580x333.png 580w, https:\/\/www.almega.se\/app\/uploads\/2024\/09\/Skarmavbild-2024-09-20-kl.-10.32.56-1-380x218.png 380w, https:\/\/www.almega.se\/app\/uploads\/2024\/09\/Skarmavbild-2024-09-20-kl.-10.32.56-1-768x441.png 768w, https:\/\/www.almega.se\/app\/uploads\/2024\/09\/Skarmavbild-2024-09-20-kl.-10.32.56-1.png 1292w\" sizes=\"auto, (max-width: 1180px) 100vw, 1180px\" \/><figcaption class=\"wp-element-caption\"><strong>K\u00e4lla:<\/strong> SCB, nationalr\u00e4kenskaperna.<\/figcaption><\/figure>\n\n\n\n<p>Trots stigande priser och minskat konsumtionsutrymme forts\u00e4tter hush\u00e5llen att prioritera olika personliga tj\u00e4nster samt kultur och n\u00f6jen.<span class=\"Footnote\"><sup>12<\/sup><\/span> Produktionen har stigit tv\u00e5 \u00e5r i rad och var det andra kvartalet 8,2 procent h\u00f6gre \u00e4n ett \u00e5r tidigare.<\/p>\n\n\n\n<p><strong><mark class=\"has-inline-color has-primary-color\">Diagram 11:<\/mark> Produktionen inom fastighetsf\u00f6rvaltning (68), kvartal ett 2021 till kvartal tv\u00e5 2024<\/strong><\/p>\n\n\n\n<p>F\u00f6r\u00e4ndring j\u00e4mf\u00f6rt med samma kvartal \u00e5ret innan, fasta priser och kalenderkorrigerat, procent<\/p>\n\n\n\n<figure class=\"wp-block-image size-large\"><img loading=\"lazy\" decoding=\"async\" width=\"1180\" height=\"732\" src=\"https:\/\/www.almega.se\/app\/uploads\/2024\/09\/Skarmavbild-2024-09-20-kl.-10.34.26-1180x732.png\" alt=\"\" class=\"wp-image-76039\" srcset=\"https:\/\/www.almega.se\/app\/uploads\/2024\/09\/Skarmavbild-2024-09-20-kl.-10.34.26-1180x732.png 1180w, https:\/\/www.almega.se\/app\/uploads\/2024\/09\/Skarmavbild-2024-09-20-kl.-10.34.26-580x360.png 580w, https:\/\/www.almega.se\/app\/uploads\/2024\/09\/Skarmavbild-2024-09-20-kl.-10.34.26-380x236.png 380w, https:\/\/www.almega.se\/app\/uploads\/2024\/09\/Skarmavbild-2024-09-20-kl.-10.34.26-768x477.png 768w, https:\/\/www.almega.se\/app\/uploads\/2024\/09\/Skarmavbild-2024-09-20-kl.-10.34.26.png 1292w\" sizes=\"auto, (max-width: 1180px) 100vw, 1180px\" \/><figcaption class=\"wp-element-caption\"><strong>K\u00e4lla:<\/strong> SCB, tj\u00e4nsteproduktionsindex.<br><strong>Anm: <\/strong>Fastighetsbolag s\u00e4ljer tj\u00e4nster till hush\u00e5ll och f\u00f6retag.<\/figcaption><\/figure>\n\n\n\n<p>Produktionen av tj\u00e4nster inom fastighetsf\u00f6rvaltning har \u00f6kat trots l\u00e5gkonjunkturen och var det andra kvartalet 3,8 procent h\u00f6gre \u00e4n f\u00f6r ett \u00e5r sedan.<\/p>\n\n\n\n<p><strong><mark class=\"has-inline-color has-primary-color\">Tabell 2: <\/mark>Efterfr\u00e5gan i tj\u00e4nstebranscher som fr\u00e4mst s\u00e4ljer till hush\u00e5ll. F\u00f6rv\u00e4ntningar tre m\u00e5nader fram\u00e5t, februari och maj 2024<\/strong><\/p>\n\n\n\n<figure class=\"wp-block-image size-large\"><img loading=\"lazy\" decoding=\"async\" width=\"1180\" height=\"587\" src=\"https:\/\/www.almega.se\/app\/uploads\/2024\/09\/Skarmavbild-2024-09-20-kl.-10.37.15-1180x587.png\" alt=\"\" class=\"wp-image-76041\" srcset=\"https:\/\/www.almega.se\/app\/uploads\/2024\/09\/Skarmavbild-2024-09-20-kl.-10.37.15-1180x587.png 1180w, https:\/\/www.almega.se\/app\/uploads\/2024\/09\/Skarmavbild-2024-09-20-kl.-10.37.15-580x289.png 580w, https:\/\/www.almega.se\/app\/uploads\/2024\/09\/Skarmavbild-2024-09-20-kl.-10.37.15-380x189.png 380w, https:\/\/www.almega.se\/app\/uploads\/2024\/09\/Skarmavbild-2024-09-20-kl.-10.37.15-768x382.png 768w, https:\/\/www.almega.se\/app\/uploads\/2024\/09\/Skarmavbild-2024-09-20-kl.-10.37.15.png 1210w\" sizes=\"auto, (max-width: 1180px) 100vw, 1180px\" \/><figcaption class=\"wp-element-caption\"><strong>K\u00e4lla:<\/strong> Konjunkturinstitutet<br><strong>Anm:<\/strong> Fastighetsf\u00f6rvaltning (SNI 68.2) och researrang\u00f6rer (SNI 79) s\u00e4ljer tj\u00e4nster b\u00e5de till hush\u00e5ll och f\u00f6retag.<\/figcaption><\/figure>\n\n\n\n<h3 class=\"wp-block-heading\" id=\"h-2-4-splittrad-utveckling-inom-valfardstjanster\">2.4 Splittrad utveckling inom v\u00e4lf\u00e4rdstj\u00e4nster<\/h3>\n\n\n\n<p>Privat produktion av offentligt finansierade v\u00e4lf\u00e4rdstj\u00e4nster utvecklas \u00e5t olika h\u00e5ll f\u00f6r n\u00e4rvarande.<\/p>\n\n\n\n<p><strong><mark class=\"has-inline-color has-primary-color\">Diagram 12:<\/mark> Produktionen inom privat utf\u00f6rd utbildning, sjukv\u00e5rd samt v\u00e5rd och omsorg, kvartal ett 2021 till kvartal tv\u00e5 2024<\/strong><\/p>\n\n\n\n<p>F\u00f6r\u00e4ndring j\u00e4mf\u00f6rt med samma kvartal \u00e5ret innan, fasta priser, procent<\/p>\n\n\n\n<figure class=\"wp-block-image size-large\"><img loading=\"lazy\" decoding=\"async\" width=\"1180\" height=\"748\" src=\"https:\/\/www.almega.se\/app\/uploads\/2024\/09\/Skarmavbild-2024-09-20-kl.-10.38.36-1180x748.png\" alt=\"\" class=\"wp-image-76042\" srcset=\"https:\/\/www.almega.se\/app\/uploads\/2024\/09\/Skarmavbild-2024-09-20-kl.-10.38.36-1180x748.png 1180w, https:\/\/www.almega.se\/app\/uploads\/2024\/09\/Skarmavbild-2024-09-20-kl.-10.38.36-580x368.png 580w, https:\/\/www.almega.se\/app\/uploads\/2024\/09\/Skarmavbild-2024-09-20-kl.-10.38.36-380x241.png 380w, https:\/\/www.almega.se\/app\/uploads\/2024\/09\/Skarmavbild-2024-09-20-kl.-10.38.36-768x487.png 768w, https:\/\/www.almega.se\/app\/uploads\/2024\/09\/Skarmavbild-2024-09-20-kl.-10.38.36.png 1246w\" sizes=\"auto, (max-width: 1180px) 100vw, 1180px\" \/><figcaption class=\"wp-element-caption\"><strong>K\u00e4lla: <\/strong>SCB, nationalr\u00e4kenskaperna<\/figcaption><\/figure>\n\n\n\n<p>Produktionen inom privat utf\u00f6rd utbildning var h\u00f6g under fjol\u00e5ret men har fallit kraftigt i \u00e5r. Under det andra kvartalet var produktionen 16,5 procent l\u00e4gre \u00e4n ett \u00e5r tidigare. En svag utveckling under b\u00f6rjan av detta \u00e5r och en h\u00f6g niv\u00e5 det andra kvartalet f\u00f6rra \u00e5ret f\u00f6rklarar den mycket kraftiga nedg\u00e5ngen.<\/p>\n\n\n\n<p>Privat utf\u00f6rd h\u00e4lso- och sjukv\u00e5rd utvecklades svag under fjol\u00e5ret men har \u00e5terh\u00e4mtat sig i \u00e5r. Det andra kvartalet var produktionen 3,7 procent h\u00f6gre \u00e4n samma kvartal f\u00f6rra \u00e5ret.<\/p>\n\n\n\n<p>Inom v\u00e5rd- och omsorgsboenden, till fr\u00e4mst \u00e4ldre, b\u00f6rjade produktionen \u00f6ka under slutet av f\u00f6rra \u00e5ret och tillv\u00e4xten har fortsatt i \u00e5r. Det andra kvartalet var produktionen 2,8 procent h\u00f6gre \u00e4n samma kvartal f\u00f6rra \u00e5ret.<\/p>\n\n\n\n<h3 class=\"wp-block-heading\" id=\"h-2-5-konkurserna-kan-ha-slutat-oka\">2.5 Konkurserna kan ha slutat \u00f6ka<\/h3>\n\n\n\n<p>Antalet konkurser i tj\u00e4nstesektorn forts\u00e4tter att \u00f6ka. Under \u00e5rets f\u00f6rsta sju m\u00e5nader gick 4 465 tj\u00e4nstef\u00f6retag i konkurs vilket var 30 procent fler \u00e4n under samma period f\u00f6rra \u00e5ret. I de allra flesta fall handlar det dock om sm\u00e5 f\u00f6retag. De tj\u00e4nstef\u00f6retag som g\u00e5tt i konkurs i \u00e5r har i genomsnitt haft 2,3 anst\u00e4llda.<span class=\"Footnote\"><sup>13<\/sup><\/span> Konkurserna \u00e4r som vanligt m\u00e5nga inom hotell- och restaurang men har ocks\u00e5 \u00f6kat inom detaljhandeln samt f\u00f6r konsulter inom juridik, ekonomi och teknik. Antalet konkurser b\u00f6rjade dock avta under sommaren vilket kan vara ett tecken p\u00e5 en v\u00e4ndning till det b\u00e4ttre.<\/p>\n\n\n\n<p><strong><mark class=\"has-inline-color has-primary-color\">Diagram 13:<\/mark> Konkurser i tj\u00e4nstebranscher, januari 2022 till augusti 2024<\/strong><\/p>\n\n\n\n<figure class=\"wp-block-image size-large\"><img loading=\"lazy\" decoding=\"async\" width=\"1180\" height=\"699\" src=\"https:\/\/www.almega.se\/app\/uploads\/2024\/09\/Skarmavbild-2024-09-20-kl.-10.40.54-1180x699.png\" alt=\"\" class=\"wp-image-76043\" srcset=\"https:\/\/www.almega.se\/app\/uploads\/2024\/09\/Skarmavbild-2024-09-20-kl.-10.40.54-1180x699.png 1180w, https:\/\/www.almega.se\/app\/uploads\/2024\/09\/Skarmavbild-2024-09-20-kl.-10.40.54-580x343.png 580w, https:\/\/www.almega.se\/app\/uploads\/2024\/09\/Skarmavbild-2024-09-20-kl.-10.40.54-380x225.png 380w, https:\/\/www.almega.se\/app\/uploads\/2024\/09\/Skarmavbild-2024-09-20-kl.-10.40.54-768x455.png 768w, https:\/\/www.almega.se\/app\/uploads\/2024\/09\/Skarmavbild-2024-09-20-kl.-10.40.54.png 1412w\" sizes=\"auto, (max-width: 1180px) 100vw, 1180px\" \/><figcaption class=\"wp-element-caption\"><strong>K\u00e4lla: <\/strong>UC via Macrobond<\/figcaption><\/figure>\n\n\n\n<p>De stora skatteanst\u00e5nd som drygt 60 000 f\u00f6retag ans\u00f6kte om under pandemin och elkrisen har sannolikt bidragit till \u00f6kningen av konkurserna.<\/p>\n\n\n\n<p>Fr\u00e5n v\u00e5ren 2020 fram till januari 2024 beviljades 140 miljarder kronor i skatteanst\u00e5nd. Majoriteten av anst\u00e5nden har betalats tillbaka och i b\u00f6rjan av september \u00e5terstod 33 miljarder kronor i utest\u00e5ende anst\u00e5nd.<span class=\"Footnote\"><sup>14<\/sup><\/span> De st\u00f6rsta utest\u00e5ende anst\u00e5nden i tj\u00e4nstesektorn finns till f\u00f6retag inom handeln och till konsulter inom juridik, ekonomi, vetenskap och teknik. Skatteverket ber\u00e4knade f\u00f6re sommaren att sex miljarder kronor av anst\u00e5nden \u00e4r f\u00f6rlorade f\u00f6r staten eftersom f\u00f6retaget g\u00e5tt i konkurs eller \u00e4r p\u00e5 v\u00e4g att g\u00f6ra det.<span class=\"Footnote\"><sup>15<\/sup><\/span><\/p>\n\n\n<a class='Share__link Share__link--url copy-text' href='#' rel='nofollow' data-text='3.-jobben-i-tjanstesektorn-fortsatter-att-bli-farre' title='Dela url' data-confirmation='L\u00e4nken kopierades till urklipp'><svg class='icon icon--link'  width='18' height='18' viewBox='0 0 18 18' fill='none' xmlns='http:\/\/www.w3.org\/2000\/svg'>\n            <path d='M10.4142 0.514721L6.87868 4.05025L8.29289 5.46447L11.1213 2.63604L15.364 6.87868L12.5355 9.70711L13.9497 11.1213L17.4853 7.58579C17.8763 7.19476 17.8763 6.5626 17.4853 6.17158L11.8284 0.514721C11.4374 0.123691 10.8052 0.123691 10.4142 0.514721Z' fill='black'\/>\n            <path d='M9.7071 12.5355L6.87868 15.364L2.63604 11.1213L5.46446 8.2929L4.05025 6.87868L0.514716 10.4142C0.123686 10.8052 0.123686 11.4374 0.514716 11.8284L6.17157 17.4853C6.5626 17.8763 7.19475 17.8763 7.58578 17.4853L11.1213 13.9497L9.7071 12.5355Z' fill='black'\/>\n            <path d='M6.17157 11.8284C6.5626 12.2195 7.19475 12.2195 7.58578 11.8284L11.8284 7.58579C12.2195 7.19476 12.2195 6.56261 11.8284 6.17158C11.4374 5.78055 10.8052 5.78055 10.4142 6.17158L6.17157 10.4142C5.78054 10.8052 5.78054 11.4374 6.17157 11.8284Z' fill='black'\/>\n            <\/svg> <\/a>\n<h2 class=\"wp-block-heading\" id=\"h-3-jobben-i-tjanstesektorn-fortsatter-att-bli-farre\">3. Jobben i tj\u00e4nstesektorn forts\u00e4tter att bli f\u00e4rre<\/h2>\n\n\n\n<h3 class=\"wp-block-heading\" id=\"h-3-1-17-000-farre-jobb\">3.1 17 000 f\u00e4rre jobb<\/h3>\n\n\n\n<p>Den svaga konjunkturen i tj\u00e4nstesektorn forts\u00e4tter att p\u00e5verka jobben. Antalet anst\u00e4llda i tj\u00e4nstesektorn forts\u00e4tter att minska men nedg\u00e5ngen \u00e4r l\u00e5ngsam. Det andra kvartalet var antalet anst\u00e4llda 17 100 personer \u2013 eller 0,6 procent \u2013 l\u00e4gre \u00e4n samma kvartal 2023. Om man r\u00e4knar bort finanssektorn har antalet anst\u00e4llda i tj\u00e4nstesektorn minskat med 19 700 personer det senaste \u00e5ret.<span class=\"Footnote\"><sup>16<\/sup><\/span><\/p>\n\n\n\n<p>\u00c4ven om konjunkturen \u00e4r p\u00e5 v\u00e4g att v\u00e4nda kommer antalet jobb i tj\u00e4nstesektorn sannolikt att minska ytterligare en tid. Almegas arbetsmarknadsindikator f\u00f6rutsp\u00e5r att jobben i tj\u00e4nstesektorn blir f\u00e4rre \u00e4ven under det tredje kvartalet.<\/p>\n\n\n\n<p><strong><mark class=\"has-inline-color has-primary-color\">Diagram 14: <\/mark>Almegas indikator f\u00f6r syssels\u00e4ttningstillv\u00e4xten i privat tj\u00e4nstesektor<\/strong><\/p>\n\n\n\n<p>Kvartal ett 2010 till kvartal tre 2024<\/p>\n\n\n\n<figure class=\"wp-block-image size-large\"><img loading=\"lazy\" decoding=\"async\" width=\"1180\" height=\"729\" src=\"https:\/\/www.almega.se\/app\/uploads\/2024\/09\/Skarmavbild-2024-09-20-kl.-10.42.48-1180x729.png\" alt=\"\" class=\"wp-image-76044\" srcset=\"https:\/\/www.almega.se\/app\/uploads\/2024\/09\/Skarmavbild-2024-09-20-kl.-10.42.48-1180x729.png 1180w, https:\/\/www.almega.se\/app\/uploads\/2024\/09\/Skarmavbild-2024-09-20-kl.-10.42.48-580x358.png 580w, https:\/\/www.almega.se\/app\/uploads\/2024\/09\/Skarmavbild-2024-09-20-kl.-10.42.48-380x235.png 380w, https:\/\/www.almega.se\/app\/uploads\/2024\/09\/Skarmavbild-2024-09-20-kl.-10.42.48-768x474.png 768w, https:\/\/www.almega.se\/app\/uploads\/2024\/09\/Skarmavbild-2024-09-20-kl.-10.42.48.png 1412w\" sizes=\"auto, (max-width: 1180px) 100vw, 1180px\" \/><figcaption class=\"wp-element-caption\"><strong>K\u00e4lla:<\/strong> Almega, SCB, Macrobond<\/figcaption><\/figure>\n\n\n\n<p>Utvecklingen av syssels\u00e4ttningen skiljer sig kraftigt \u00e5t mellan olika tj\u00e4nstebranscher. Bland de kunskapsintensiva konsulttj\u00e4nsterna inom juridik, ekonomi, vetenskap och teknik har antalet anst\u00e4llda \u00f6kat med 6 800 personer, eller 2,0 procent, under det senaste \u00e5ret. Flest nya jobb, 7 900, har skapats bland konsulter inom PR och kommunikation. Bland arkitekter och tekniska konsulter har d\u00e4remot antalet anst\u00e4llda minskat med 1 400 personer under \u00e5ret. Tekniska konsulter har fortsatt att nyanst\u00e4lla under \u00e5ret s\u00e5 nedg\u00e5ngen beror uteslutande p\u00e5 att antalet anst\u00e4llda arkitekter fortsatt att minska.<\/p>\n\n\n\n<p>Antalet anst\u00e4llda inom personaluthyrning och rekrytering har minskat kraftigt. P\u00e5 ett \u00e5r har de anst\u00e4llda inom branschen blivit 10 000 personer, eller 8,3 procent, f\u00e4rre. \u00d6vriga st\u00f6dtj\u00e4nster till f\u00f6retag, som resor, bevakning och kontorstj\u00e4nster, har d\u00e4remot \u00f6kat sin personalstyrka det senaste \u00e5ret.<\/p>\n\n\n\n<p><strong><mark class=\"has-inline-color has-primary-color\">Tabell 3:<\/mark> Anst\u00e4llda inom den privata tj\u00e4nstesektorn andra kvartalet 2024 j\u00e4mf\u00f6rt med andra kvartalet 2023<\/strong><\/p>\n\n\n\n<figure class=\"wp-block-image size-large\"><img loading=\"lazy\" decoding=\"async\" width=\"1180\" height=\"1089\" src=\"https:\/\/www.almega.se\/app\/uploads\/2024\/09\/Skarmavbild-2024-09-20-kl.-10.44.14-1180x1089.png\" alt=\"\" class=\"wp-image-76045\" srcset=\"https:\/\/www.almega.se\/app\/uploads\/2024\/09\/Skarmavbild-2024-09-20-kl.-10.44.14-1180x1089.png 1180w, https:\/\/www.almega.se\/app\/uploads\/2024\/09\/Skarmavbild-2024-09-20-kl.-10.44.14-580x535.png 580w, https:\/\/www.almega.se\/app\/uploads\/2024\/09\/Skarmavbild-2024-09-20-kl.-10.44.14-380x351.png 380w, https:\/\/www.almega.se\/app\/uploads\/2024\/09\/Skarmavbild-2024-09-20-kl.-10.44.14-768x709.png 768w, https:\/\/www.almega.se\/app\/uploads\/2024\/09\/Skarmavbild-2024-09-20-kl.-10.44.14.png 1326w\" sizes=\"auto, (max-width: 1180px) 100vw, 1180px\" \/><figcaption class=\"wp-element-caption\"><strong>K\u00e4lla: <\/strong>SCB, Anst\u00e4llningar, Antal p\u00e5g\u00e5ende anst\u00e4llningar efter n\u00e4ringsgren<\/figcaption><\/figure>\n\n\n\n<p>Inom informations- och kommunikationsbranschen forts\u00e4tter jobben att bli f\u00e4rre. Det andra kvartalet i \u00e5r var antalet anst\u00e4llda 5 400 personer, eller 2,3 procent, f\u00e4rre \u00e4n samma kvartal 2023. Flest jobb, 1 800, har f\u00f6rsvunnit bland datakonsulter. Det \u00e4r en bransch d\u00e4r jobben stadigt blivit fler under l\u00e5ng tid.<\/p>\n\n\n\n<p>Inom privat utbildning har antalet anst\u00e4llda minskat med 1 300 personer, eller en procent, p\u00e5 ett \u00e5r. Inom privat v\u00e5rd och omsorg har d\u00e4remot antalet anst\u00e4llda det andra kvartalet \u00f6kat med 1 000 personer p\u00e5 ett \u00e5r vilket beror p\u00e5 fler anst\u00e4llda inom privat h\u00e4lso- och sjukv\u00e5rd.<\/p>\n\n\n\n<p>Efter pandemin v\u00e4xte antalet anst\u00e4llda kraftigt inom hotell och restaurang men nu minskar antalet anst\u00e4llda f\u00f6r femte kvartalet i rad. Det andra kvartalet var de 1 700 personer, eller 0,8 procent, f\u00e4rre \u00e4n f\u00f6r ett \u00e5r sedan.<\/p>\n\n\n\n<p>\u00c4ven bland transportf\u00f6retagen forts\u00e4tter jobben att minska. Antalet anst\u00e4llda det f\u00f6rsta kvartalet var 4 300 personer, eller 1,8 procent, f\u00e4rre \u00e4n ett \u00e5r tidigare. Flest jobb, 1 600, har f\u00f6rsvunnit bland post- och kurirf\u00f6retag.<\/p>\n\n\n\n<p>Jobben i handeln \u00f6kade under slutet av f\u00f6rra \u00e5ret men har nu b\u00f6rjat minska. Antalet anst\u00e4llda har blivit 6 700 personer, eller 1,1 procent, f\u00e4rre p\u00e5 ett \u00e5r. Antalet anst\u00e4llda har minskat inom detaljhandeln men \u00f6kat inom motorhandeln.<\/p>\n\n\n\n<p>Den minskade syssels\u00e4ttningen i tj\u00e4nstesektorn har drabbat personer med korta anst\u00e4llningar. Mellan det andra kvartalet 2023 och 2024 minskade antalet personer med anst\u00e4llningar under sex m\u00e5nader med 35 200 personer medan personer med anst\u00e4llningar l\u00e4ngre \u00e4n sex m\u00e5nader blev 18 100 fler. Detta beror p\u00e5 att f\u00f6retagen undviker att s\u00e4ga upp l\u00e5ngvarigt anst\u00e4llda men ocks\u00e5 p\u00e5 att nyanst\u00e4llningarna varit f\u00e4rre det senaste \u00e5ret.<\/p>\n\n\n\n<h3 class=\"wp-block-heading\">3.2 Positiva anst\u00e4llningsplaner \u2013 trots f\u00e4rre jobb<\/h3>\n\n\n\n<p>Tj\u00e4nstef\u00f6retagens anst\u00e4llningsplaner har varit svagt positiva under hela det f\u00f6rsta men antalet anst\u00e4llda har minskat under perioden. F\u00f6retagens anst\u00e4llningsplaner har d\u00e4rmed varit f\u00f6r optimistiska. Det \u00e5terst\u00e5r att se om f\u00f6retagen kan leva upp till sina anst\u00e4llningsplaner fram\u00f6ver. <span class=\"Footnote\"><sup>17<\/sup><\/span><\/p>\n\n\n\n<p><strong><mark class=\"has-inline-color has-primary-color\">Diagram 15:<\/mark> Tj\u00e4nstef\u00f6retagens anst\u00e4llningsplaner tre m\u00e5nader fram\u00e5t, januari 2021 till augusti 2024<\/strong><\/p>\n\n\n\n<p>Nettotal s\u00e4songrensat, procent<\/p>\n\n\n\n<figure class=\"wp-block-image size-large is-resized\"><img loading=\"lazy\" decoding=\"async\" width=\"1180\" height=\"670\" src=\"https:\/\/www.almega.se\/app\/uploads\/2024\/09\/Skarmavbild-2024-09-20-kl.-10.46.59-1180x670.png\" alt=\"\" class=\"wp-image-76046\" style=\"width:1180px;height:670px\" srcset=\"https:\/\/www.almega.se\/app\/uploads\/2024\/09\/Skarmavbild-2024-09-20-kl.-10.46.59-1180x670.png 1180w, https:\/\/www.almega.se\/app\/uploads\/2024\/09\/Skarmavbild-2024-09-20-kl.-10.46.59-580x329.png 580w, https:\/\/www.almega.se\/app\/uploads\/2024\/09\/Skarmavbild-2024-09-20-kl.-10.46.59-380x216.png 380w, https:\/\/www.almega.se\/app\/uploads\/2024\/09\/Skarmavbild-2024-09-20-kl.-10.46.59-768x436.png 768w, https:\/\/www.almega.se\/app\/uploads\/2024\/09\/Skarmavbild-2024-09-20-kl.-10.46.59.png 1366w\" sizes=\"auto, (max-width: 1180px) 100vw, 1180px\" \/><figcaption class=\"wp-element-caption\"><strong>K\u00e4lla: <\/strong>Konjukturinstitutet, Macrobond<br><strong>Anm:<\/strong> Nettotal \u00e4r andelen f\u00f6retag som planerar \u00f6ka sin personalstyrka minus de som planerar minska den.<\/figcaption><\/figure>\n\n\n\n<p><strong><mark class=\"has-inline-color has-primary-color\">Tabell 4:<\/mark> Antalet anst\u00e4llda i olika tj\u00e4nstebranscher. F\u00f6rv\u00e4ntningar tre m\u00e5nader fram\u00e5t, maj och augusti, 2024<\/strong><\/p>\n\n\n\n<figure class=\"wp-block-image size-large\"><img loading=\"lazy\" decoding=\"async\" width=\"1180\" height=\"859\" src=\"https:\/\/www.almega.se\/app\/uploads\/2024\/09\/Skarmavbild-2024-09-20-kl.-10.48.58-1180x859.png\" alt=\"\" class=\"wp-image-76047\" srcset=\"https:\/\/www.almega.se\/app\/uploads\/2024\/09\/Skarmavbild-2024-09-20-kl.-10.48.58-1180x859.png 1180w, https:\/\/www.almega.se\/app\/uploads\/2024\/09\/Skarmavbild-2024-09-20-kl.-10.48.58-580x422.png 580w, https:\/\/www.almega.se\/app\/uploads\/2024\/09\/Skarmavbild-2024-09-20-kl.-10.48.58-380x277.png 380w, https:\/\/www.almega.se\/app\/uploads\/2024\/09\/Skarmavbild-2024-09-20-kl.-10.48.58-768x559.png 768w, https:\/\/www.almega.se\/app\/uploads\/2024\/09\/Skarmavbild-2024-09-20-kl.-10.48.58.png 1322w\" sizes=\"auto, (max-width: 1180px) 100vw, 1180px\" \/><figcaption class=\"wp-element-caption\"><strong>K\u00e4lla:<\/strong> Konjunkturinstitutet<br><strong>Anm:<\/strong> Nettotal \u00e4r andelen f\u00f6retag som planerar \u00f6ka sin personalstyrka minus de som planerar minska den. <\/figcaption><\/figure>\n\n\n\n<p>Anst\u00e4llningsplanerna \u00e4r mest optimistiska bland tekniska konsulter, datakonsulter och konsulter inom f\u00f6retagsledning. Arkitektf\u00f6retagens anst\u00e4llningsplaner har blivit n\u00e5got mindre pessimistiska, vilket beror p\u00e5 f\u00f6rv\u00e4ntningar om \u00f6kat bostadsbyggandet n\u00e4sta \u00e5r. Arkitektf\u00f6retagen r\u00e4knar dock fortfarande med att minska sin personalstyrka den n\u00e4rmaste framtiden.<\/p>\n\n\n\n<h3 class=\"wp-block-heading\" id=\"h-3-3-bristen-pa-arbetskraft-ar-oforandrad\">3.3 Bristen p\u00e5 arbetskraft \u00e4r of\u00f6r\u00e4ndrad<\/h3>\n\n\n\n<p>Konjunkturavmattningen har lett till att bristen p\u00e5 arbetskraft i tj\u00e4nstesektorn har minskat men nu verkar l\u00e4get ha stabiliserats. Det andra kvartalet hade en knapp fj\u00e4rdedel av tj\u00e4nstef\u00f6retagen brist p\u00e5 arbetskraft. Bristen \u00e4r i s\u00e4rklass st\u00f6rst bland tekniska konsulter och inom transportn\u00e4ringen men \u00e4r \u00e4ven betydande bland datakonsulter. Bland arkitekter \u00e4r bristen p\u00e5 arbetskraft fortfarande l\u00e5g.<\/p>\n\n\n\n<p><strong><mark class=\"has-inline-color has-primary-color\">Tabell 5:<\/mark> Andel f\u00f6retag med brist p\u00e5 personal, kvartal ett och tv\u00e5 2024<\/strong><\/p>\n\n\n\n<figure class=\"wp-block-image size-large\"><img loading=\"lazy\" decoding=\"async\" width=\"1180\" height=\"837\" src=\"https:\/\/www.almega.se\/app\/uploads\/2024\/09\/Skarmavbild-2024-09-20-kl.-10.50.16-1180x837.png\" alt=\"\" class=\"wp-image-76048\" srcset=\"https:\/\/www.almega.se\/app\/uploads\/2024\/09\/Skarmavbild-2024-09-20-kl.-10.50.16-1180x837.png 1180w, https:\/\/www.almega.se\/app\/uploads\/2024\/09\/Skarmavbild-2024-09-20-kl.-10.50.16-580x412.png 580w, https:\/\/www.almega.se\/app\/uploads\/2024\/09\/Skarmavbild-2024-09-20-kl.-10.50.16-380x270.png 380w, https:\/\/www.almega.se\/app\/uploads\/2024\/09\/Skarmavbild-2024-09-20-kl.-10.50.16-768x545.png 768w, https:\/\/www.almega.se\/app\/uploads\/2024\/09\/Skarmavbild-2024-09-20-kl.-10.50.16.png 1322w\" sizes=\"auto, (max-width: 1180px) 100vw, 1180px\" \/><figcaption class=\"wp-element-caption\"><strong>K\u00e4lla: <\/strong>Konjunkturinstitutet<\/figcaption><\/figure>\n\n\n\n<p>Antalet lediga jobb i den privata tj\u00e4nstesektorn har minskat sedan sommaren 2022 men utvecklingen kan ha v\u00e4nt. Under det andra kvartalet i \u00e5r fanns det 70 100 lediga jobb tj\u00e4nstesektorn, vilket var 7 100 fler kvartalet innan. Det andra kvartalet inf\u00f6rdes dock en ny metod f\u00f6r att samla in statistik \u00f6ver lediga platser vilket kan ha p\u00e5verkat resultatet.<\/p>\n\n\n\n<p><strong><mark class=\"has-inline-color has-primary-color\">Diagram 16:<\/mark><mark class=\"has-inline-color has-black-color\">Lediga jobb i den privata tj\u00e4nstesektorn kvartal ett 2021 \u2013 kvartal tv\u00e5 2024<\/mark><\/strong><\/p>\n\n\n\n<p>Antal<\/p>\n\n\n\n<figure class=\"wp-block-image size-large\"><img loading=\"lazy\" decoding=\"async\" width=\"1180\" height=\"716\" src=\"https:\/\/www.almega.se\/app\/uploads\/2024\/09\/Skarmavbild-2024-09-20-kl.-10.51.23-1180x716.png\" alt=\"\" class=\"wp-image-76049\" srcset=\"https:\/\/www.almega.se\/app\/uploads\/2024\/09\/Skarmavbild-2024-09-20-kl.-10.51.23-1180x716.png 1180w, https:\/\/www.almega.se\/app\/uploads\/2024\/09\/Skarmavbild-2024-09-20-kl.-10.51.23-580x352.png 580w, https:\/\/www.almega.se\/app\/uploads\/2024\/09\/Skarmavbild-2024-09-20-kl.-10.51.23-380x230.png 380w, https:\/\/www.almega.se\/app\/uploads\/2024\/09\/Skarmavbild-2024-09-20-kl.-10.51.23-768x466.png 768w, https:\/\/www.almega.se\/app\/uploads\/2024\/09\/Skarmavbild-2024-09-20-kl.-10.51.23.png 1296w\" sizes=\"auto, (max-width: 1180px) 100vw, 1180px\" \/><figcaption class=\"wp-element-caption\"><strong>K\u00e4lla: <\/strong> SCB, Lediga jobb och rekryteringsbehov <br><strong>Anm:<\/strong> Byte av insamlingsmetod fr\u00e5n kvartal tv\u00e5 2024.<\/figcaption><\/figure>\n\n\n\n<h3 class=\"wp-block-heading\" id=\"h-3-4-arbetslosheten-fortsatter-upp\">3.4 Arbetsl\u00f6sheten forts\u00e4tter upp<\/h3>\n\n\n\n<p>Arbetsl\u00f6sheten forts\u00e4tter att \u00f6ka l\u00e5ngsamt. I augusti var 453 000 personer arbetsl\u00f6sa, 9 000 fler \u00e4n ett \u00e5r tidigare. Den s\u00e4songrensade arbetsl\u00f6sheten var 8,4 procent.<span class=\"Footnote\"><sup>18<\/sup><\/span><\/p>\n\n\n\n<p><strong><mark class=\"has-inline-color has-primary-color\">Diagram 17:<\/mark> Arbetsl\u00f6sheten bland ungdomar, utrikes f\u00f6dda och totalt januari 2022 till augusti 2024<\/strong><\/p>\n\n\n\n<p>Procent av arbetskraften i gruppen, s\u00e4songsrensat<\/p>\n\n\n\n<figure class=\"wp-block-image size-large\"><img loading=\"lazy\" decoding=\"async\" width=\"1180\" height=\"701\" src=\"https:\/\/www.almega.se\/app\/uploads\/2024\/09\/Skarmavbild-2024-09-20-kl.-10.53.28-1180x701.png\" alt=\"\" class=\"wp-image-76050\" srcset=\"https:\/\/www.almega.se\/app\/uploads\/2024\/09\/Skarmavbild-2024-09-20-kl.-10.53.28-1180x701.png 1180w, https:\/\/www.almega.se\/app\/uploads\/2024\/09\/Skarmavbild-2024-09-20-kl.-10.53.28-580x345.png 580w, https:\/\/www.almega.se\/app\/uploads\/2024\/09\/Skarmavbild-2024-09-20-kl.-10.53.28-380x226.png 380w, https:\/\/www.almega.se\/app\/uploads\/2024\/09\/Skarmavbild-2024-09-20-kl.-10.53.28-768x456.png 768w, https:\/\/www.almega.se\/app\/uploads\/2024\/09\/Skarmavbild-2024-09-20-kl.-10.53.28.png 1296w\" sizes=\"auto, (max-width: 1180px) 100vw, 1180px\" \/><figcaption class=\"wp-element-caption\"><strong>K\u00e4lla:<\/strong> SCB, AKU och Macrobond<\/figcaption><\/figure>\n\n\n\n<p>Antalet l\u00e5ngtidsarbetsl\u00f6sa forts\u00e4tter att \u00f6ka. I augusti hade 218 600 personer varit arbetsl\u00f6sa i minst sex m\u00e5nader enligt Arbetsf\u00f6rmedlingen, vilket var 17000 fler \u00e4n f\u00f6r ett \u00e5r sedan.<span class=\"Footnote\"><sup>19<\/sup><\/span><\/p>\n\n\n\n<p>Antalet varsel om upps\u00e4gning har fortsatt att \u00f6ka. Under \u00e5rets \u00e5tta f\u00f6rsta m\u00e5nader varslades 31 800 personer om upps\u00e4gning i den privata tj\u00e4nstesektorn vilket \u00e4r 7 800, eller 32 procent, fler \u00e4n under samma period f\u00f6rra \u00e5ret. Antalet varsel har \u00f6kat mest inom v\u00e5rd och omsorg samt inom personaluthyrning och andra st\u00f6dtj\u00e4nster till f\u00f6retag. L\u00e5ngtifr\u00e5n alla varsel leder dock till upps\u00e4gning.<span class=\"Footnote\"><sup>20<\/sup><\/span><\/p>\n\n\n\n<p>Almegajouren hj\u00e4lper medlemmar med en rad \u00e4renden inom arbetsgivarfr\u00e5gor. Under det senaste \u00e5ret har 335 samtal i m\u00e5naden handlat om arbetsbrist. Antalet samtal om arbetsbrist har minskat den senaste tiden. Under perioden juni till augusti handlade 220 samtal i m\u00e5naden om arbetsbrist.<span class=\"Footnote\"><sup>21<\/sup><\/span><\/p>\n\n\n\n<p><strong><mark class=\"has-inline-color has-primary-color\">Tabell 6:<\/mark> Varsel om upps\u00e4gning i tj\u00e4nstesektorn januari till augusti 2024 j\u00e4mf\u00f6rt med samma period 2023<\/strong><\/p>\n\n\n\n<figure class=\"wp-block-image size-large is-resized\"><img loading=\"lazy\" decoding=\"async\" width=\"1180\" height=\"726\" src=\"https:\/\/www.almega.se\/app\/uploads\/2024\/09\/Skarmavbild-2024-09-20-kl.-10.54.49-1180x726.png\" alt=\"\" class=\"wp-image-76051\" style=\"width:1182px;height:727px\" srcset=\"https:\/\/www.almega.se\/app\/uploads\/2024\/09\/Skarmavbild-2024-09-20-kl.-10.54.49-1180x726.png 1180w, https:\/\/www.almega.se\/app\/uploads\/2024\/09\/Skarmavbild-2024-09-20-kl.-10.54.49-580x357.png 580w, https:\/\/www.almega.se\/app\/uploads\/2024\/09\/Skarmavbild-2024-09-20-kl.-10.54.49-380x234.png 380w, https:\/\/www.almega.se\/app\/uploads\/2024\/09\/Skarmavbild-2024-09-20-kl.-10.54.49-768x472.png 768w, https:\/\/www.almega.se\/app\/uploads\/2024\/09\/Skarmavbild-2024-09-20-kl.-10.54.49-1536x945.png 1536w, https:\/\/www.almega.se\/app\/uploads\/2024\/09\/Skarmavbild-2024-09-20-kl.-10.54.49.png 1606w\" sizes=\"auto, (max-width: 1180px) 100vw, 1180px\" \/><figcaption class=\"wp-element-caption\"><strong>K\u00e4lla: <\/strong>Arbetsf\u00f6rmedlingen <br><strong>Anm:<\/strong> De 11 000 personer som tillf\u00e4lligt varslades om upps\u00e4gning av Humana i februari 2023 ing\u00e5r ej.<\/figcaption><\/figure>\n\n\n<a class='Share__link Share__link--url copy-text' href='#' rel='nofollow' data-text='4.-priserna-pa-tjanster-okar-snabbare-an-inflationen' title='Dela url' data-confirmation='L\u00e4nken kopierades till urklipp'><svg class='icon icon--link'  width='18' height='18' viewBox='0 0 18 18' fill='none' xmlns='http:\/\/www.w3.org\/2000\/svg'>\n            <path d='M10.4142 0.514721L6.87868 4.05025L8.29289 5.46447L11.1213 2.63604L15.364 6.87868L12.5355 9.70711L13.9497 11.1213L17.4853 7.58579C17.8763 7.19476 17.8763 6.5626 17.4853 6.17158L11.8284 0.514721C11.4374 0.123691 10.8052 0.123691 10.4142 0.514721Z' fill='black'\/>\n            <path d='M9.7071 12.5355L6.87868 15.364L2.63604 11.1213L5.46446 8.2929L4.05025 6.87868L0.514716 10.4142C0.123686 10.8052 0.123686 11.4374 0.514716 11.8284L6.17157 17.4853C6.5626 17.8763 7.19475 17.8763 7.58578 17.4853L11.1213 13.9497L9.7071 12.5355Z' fill='black'\/>\n            <path d='M6.17157 11.8284C6.5626 12.2195 7.19475 12.2195 7.58578 11.8284L11.8284 7.58579C12.2195 7.19476 12.2195 6.56261 11.8284 6.17158C11.4374 5.78055 10.8052 5.78055 10.4142 6.17158L6.17157 10.4142C5.78054 10.8052 5.78054 11.4374 6.17157 11.8284Z' fill='black'\/>\n            <\/svg> <\/a>\n<h2 class=\"wp-block-heading\" id=\"h-4-priserna-pa-tjanster-okar-snabbare-an-inflationen\">4. Priserna p\u00e5 tj\u00e4nster \u00f6kar snabbare \u00e4n inflationen<\/h2>\n\n\n\n<h3 class=\"wp-block-heading\" id=\"h-4-1-tjansteforetagens-forsaljningspriser-okar-i-samma-takt\">4.1 Tj\u00e4nstef\u00f6retagens f\u00f6rs\u00e4ljningspriser \u00f6kar i samma takt<\/h3>\n\n\n\n<p>Tj\u00e4nstef\u00f6retagens f\u00f6rs\u00e4ljningspriser (TPI) \u2013 som omfattar tj\u00e4nster till f\u00f6retag och konsumenter \u2013 har visat sig vara mer tr\u00f6gr\u00f6rliga ned\u00e5t \u00e4n v\u00e4ntat. \u00d6kningstakten sj\u00f6nk kraftigt under 2023 men nedg\u00e5ngen upph\u00f6rde efter \u00e5rsskiftet.<\/p>\n\n\n\n<p>Under det andra kvartalet i \u00e5r \u00f6kade tj\u00e4nstepriserna i \u00e5rstakt med 3,1 procent, vilket var n\u00e5got mer \u00e4n under de tv\u00e5 tidigare kvartalen. J\u00e4mf\u00f6rt med f\u00f6reg\u00e5ende kvartal steg tj\u00e4nstepriserna med 1,0 procent, vilket berodde p\u00e5 stigande priser inom hotell och restaurang.<span class=\"Footnote\"><sup>22<\/sup><\/span><\/p>\n\n\n\n<p><strong><mark class=\"has-inline-color has-primary-color\">Diagram 18:<\/mark> Almegas prisindikator f\u00f6r kommande f\u00f6r\u00e4ndring av tj\u00e4nstepriser samt \u00e5rlig f\u00f6r\u00e4ndring av tj\u00e4nstepriserna<\/strong><\/p>\n\n\n\n<p>Kvartal ett 2010 till kvartal tre 2024<\/p>\n\n\n\n<figure class=\"wp-block-image size-large\"><img loading=\"lazy\" decoding=\"async\" width=\"1180\" height=\"774\" src=\"https:\/\/www.almega.se\/app\/uploads\/2024\/09\/Skarmavbild-2024-09-20-kl.-10.56.20-1180x774.png\" alt=\"\" class=\"wp-image-76052\" srcset=\"https:\/\/www.almega.se\/app\/uploads\/2024\/09\/Skarmavbild-2024-09-20-kl.-10.56.20-1180x774.png 1180w, https:\/\/www.almega.se\/app\/uploads\/2024\/09\/Skarmavbild-2024-09-20-kl.-10.56.20-580x380.png 580w, https:\/\/www.almega.se\/app\/uploads\/2024\/09\/Skarmavbild-2024-09-20-kl.-10.56.20-380x249.png 380w, https:\/\/www.almega.se\/app\/uploads\/2024\/09\/Skarmavbild-2024-09-20-kl.-10.56.20-768x504.png 768w, https:\/\/www.almega.se\/app\/uploads\/2024\/09\/Skarmavbild-2024-09-20-kl.-10.56.20.png 1360w\" sizes=\"auto, (max-width: 1180px) 100vw, 1180px\" \/><figcaption class=\"wp-element-caption\"><strong>K\u00e4lla:<\/strong> Almega, Konjunkturinstitutet och SCB<\/figcaption><\/figure>\n\n\n\n<p>Den fortsatta nedg\u00e5ngen av den totala inflationen som till stor del drivs av l\u00e4gre energipriser och en tr\u00f6g konjunkturuppg\u00e5ng b\u00f6r dock bidra till att priserna p\u00e5 tj\u00e4nster \u00f6kar l\u00e5ngsammare fram\u00f6ver. Almegas prisindikator f\u00f6rutsp\u00e5r att priserna p\u00e5 tj\u00e4nster kommer att \u00f6ka l\u00e5ngsammare under det tredje kvartalet.<\/p>\n\n\n\n<p><strong><mark class=\"has-inline-color has-primary-color\">Diagram 19: <\/mark>Tj\u00e4nstebranschernas bidrag till \u00e5rsf\u00f6r\u00e4ndringen i tj\u00e4nsteprisindex<\/strong><\/p>\n\n\n\n<p>Kvartal ett 2021 till kvartal tv\u00e5 2024<\/p>\n\n\n\n<figure class=\"wp-block-image size-large\"><img loading=\"lazy\" decoding=\"async\" width=\"1180\" height=\"855\" src=\"https:\/\/www.almega.se\/app\/uploads\/2024\/09\/Skarmavbild-2024-09-20-kl.-10.58.23-1180x855.png\" alt=\"\" class=\"wp-image-76053\" srcset=\"https:\/\/www.almega.se\/app\/uploads\/2024\/09\/Skarmavbild-2024-09-20-kl.-10.58.23-1180x855.png 1180w, https:\/\/www.almega.se\/app\/uploads\/2024\/09\/Skarmavbild-2024-09-20-kl.-10.58.23-580x420.png 580w, https:\/\/www.almega.se\/app\/uploads\/2024\/09\/Skarmavbild-2024-09-20-kl.-10.58.23-380x275.png 380w, https:\/\/www.almega.se\/app\/uploads\/2024\/09\/Skarmavbild-2024-09-20-kl.-10.58.23-768x556.png 768w, https:\/\/www.almega.se\/app\/uploads\/2024\/09\/Skarmavbild-2024-09-20-kl.-10.58.23.png 1306w\" sizes=\"auto, (max-width: 1180px) 100vw, 1180px\" \/><figcaption class=\"wp-element-caption\"><strong>K\u00e4lla<\/strong>: SCB<\/figcaption><\/figure>\n\n\n\n<p>Transportpriserna stod n\u00e4rmast stilla under 2023 men har \u00f6kat under \u00e5rets f\u00f6rsta tv\u00e5 kvartal. \u00d6kningen i \u00e5rstakt var 3,2 procent och det senaste kvartalet \u00f6kade priserna med 0,5 procent.<\/p>\n\n\n\n<p>Priserna p\u00e5 hotell- och restaurangtj\u00e4nster steg kraftigt det andra kvartalet vilket fr\u00e4mst berodde p\u00e5 stigande hotellpriser. Priserna inom hotell och restaurang \u00f6kade med 5,3 procent i \u00e5rstakt varav 3,6 procent det senaste kvartalet.<\/p>\n\n\n\n<p>Priserna p\u00e5 informations- och kommunikationstj\u00e4nster utvecklades svagt under st\u00f6rre delen av f\u00f6rra \u00e5ret n\u00e4r efterfr\u00e5gan p\u00e5 dessa tj\u00e4nster minskade. Under det f\u00f6rsta halv\u00e5ret har dock priserna stigit snabbare igen, vilket fr\u00e4mst berodde p\u00e5 h\u00f6jda priser p\u00e5 programmering och datakonsultj\u00e4nster. Det andra kvartalet var priserna p\u00e5 informations- och kommunikationstj\u00e4nster 2,3 procent h\u00f6gre \u00e4n ett \u00e5r tidigare. J\u00e4mf\u00f6rt med kvartalet innan steg priserna med 0,6 procent.<\/p>\n\n\n\n<p>Priserna p\u00e5 fastighetstj\u00e4nster \u00f6kade n\u00e5got snabbare \u00e4n genomsnittet i tj\u00e4nstesektorn under f\u00f6rra \u00e5ret. Det andra kvartalet \u00f6kade priserna med 4,9 procent i \u00e5rstakt. Pris\u00f6kningen j\u00e4mf\u00f6rt med f\u00f6reg\u00e5ende kvartal var 1,5 procent.<\/p>\n\n\n\n<p>Pris\u00f6kningarna p\u00e5 konsulttj\u00e4nster inom juridik, ekonomi, vetenskap och teknik forts\u00e4tter att sjunka. Priserna p\u00e5 tekniska konsulttj\u00e4nster forts\u00e4tter dock att stiga. Det f\u00f6rsta kvartalet steg priserna p\u00e5 samtliga konsulttj\u00e4nster med 2,8 procent i \u00e5rstakt. Pris\u00f6kningen det senaste kvartalet var 0,8 procent.<\/p>\n\n\n\n<p><strong><mark class=\"has-inline-color has-primary-color\">Tabell 7:<\/mark> Pris\u00f6kningstakten inom tj\u00e4nstebranscherna samt deras bidrag till den \u00e5rliga f\u00f6r\u00e4ndringen i tj\u00e4nsteprisindex (TPI), kvartal tv\u00e5 2024<\/strong><\/p>\n\n\n\n<figure class=\"wp-block-image size-large\"><img loading=\"lazy\" decoding=\"async\" width=\"1180\" height=\"637\" src=\"https:\/\/www.almega.se\/app\/uploads\/2024\/09\/Skarmavbild-2024-09-20-kl.-10.59.45-1180x637.png\" alt=\"\" class=\"wp-image-76054\" srcset=\"https:\/\/www.almega.se\/app\/uploads\/2024\/09\/Skarmavbild-2024-09-20-kl.-10.59.45-1180x637.png 1180w, https:\/\/www.almega.se\/app\/uploads\/2024\/09\/Skarmavbild-2024-09-20-kl.-10.59.45-580x313.png 580w, https:\/\/www.almega.se\/app\/uploads\/2024\/09\/Skarmavbild-2024-09-20-kl.-10.59.45-380x205.png 380w, https:\/\/www.almega.se\/app\/uploads\/2024\/09\/Skarmavbild-2024-09-20-kl.-10.59.45-768x415.png 768w, https:\/\/www.almega.se\/app\/uploads\/2024\/09\/Skarmavbild-2024-09-20-kl.-10.59.45.png 1504w\" sizes=\"auto, (max-width: 1180px) 100vw, 1180px\" \/><figcaption class=\"wp-element-caption\"><strong>K\u00e4lla<\/strong>: Almega, SCB <\/figcaption><\/figure>\n\n\n\n<p>Priserna inom personaluthyrning och andra st\u00f6dtj\u00e4nster till f\u00f6retag \u00f6kade det f\u00f6rsta kvartalet i \u00e5r med 2,9 procent i \u00e5rstakt. Pris\u00f6kningen det senaste kvartalet var 1,4 procent. Pris\u00f6kningarna inom branschen d\u00e4mpas av en l\u00e5g efterfr\u00e5gan p\u00e5 uthyrd personal.<\/p>\n\n\n\n<p><strong><mark class=\"has-inline-color has-primary-color\">Diagram 20:<\/mark> Prisf\u00f6rv\u00e4ntningar i tj\u00e4nstesektorn januari 2018 till augusti 2024<\/strong><\/p>\n\n\n\n<p>Nettotal s\u00e4songrensat, procent<\/p>\n\n\n\n<figure class=\"wp-block-image size-large\"><img loading=\"lazy\" decoding=\"async\" width=\"1180\" height=\"744\" src=\"https:\/\/www.almega.se\/app\/uploads\/2024\/09\/Skarmavbild-2024-09-20-kl.-11.00.40-1180x744.png\" alt=\"\" class=\"wp-image-76055\" srcset=\"https:\/\/www.almega.se\/app\/uploads\/2024\/09\/Skarmavbild-2024-09-20-kl.-11.00.40-1180x744.png 1180w, https:\/\/www.almega.se\/app\/uploads\/2024\/09\/Skarmavbild-2024-09-20-kl.-11.00.40-580x366.png 580w, https:\/\/www.almega.se\/app\/uploads\/2024\/09\/Skarmavbild-2024-09-20-kl.-11.00.40-380x240.png 380w, https:\/\/www.almega.se\/app\/uploads\/2024\/09\/Skarmavbild-2024-09-20-kl.-11.00.40-768x484.png 768w, https:\/\/www.almega.se\/app\/uploads\/2024\/09\/Skarmavbild-2024-09-20-kl.-11.00.40.png 1348w\" sizes=\"auto, (max-width: 1180px) 100vw, 1180px\" \/><figcaption class=\"wp-element-caption\"><strong>K\u00e4lla:<\/strong> Konjunkturinstitutet<\/figcaption><\/figure>\n\n\n\n<p>Tj\u00e4nstef\u00f6retagens prisf\u00f6rv\u00e4ntningar har fallit kraftigt sedan b\u00f6rjan av 2023. D\u00e5 r\u00e4knade n\u00e4stan h\u00e4lften av tj\u00e4nstef\u00f6retagen med att h\u00f6ja sina f\u00f6rs\u00e4ljningspriser i n\u00e4rtid. I b\u00f6rjan av detta hade andelen fallit till runt 15 procent d\u00e4r de har legat stabilt sedan dess. Prisf\u00f6rv\u00e4ntningarna \u00e4r n\u00e4stan tillbaka p\u00e5 samma niv\u00e5 som f\u00f6re pandemin.<\/p>\n\n\n\n<p>De senaste m\u00e5naderna har tj\u00e4nstef\u00f6retagens prisf\u00f6rv\u00e4ntningar i stort sett legat stilla. Det g\u00e4ller \u00e4ven de flesta tj\u00e4nstebranscher. De enda st\u00f6rre tj\u00e4nstebranscher d\u00e4r f\u00f6rv\u00e4ntningarna f\u00f6r\u00e4ndrats \u00e4r datakonsulter d\u00e4r betydligt fler f\u00f6retag r\u00e4knar med att kunna h\u00f6ja sina f\u00f6rs\u00e4ljningspriser \u00e4n f\u00f6r tre m\u00e5nder sedan. I den krisande arkitektbranschen \u00e4r det ist\u00e4llet betydligt f\u00e4rre f\u00f6retag som r\u00e4knar med att beh\u00f6va s\u00e4nka sina priser \u00e4n f\u00f6r tre m\u00e5nader sedan, vilket speglar f\u00f6rv\u00e4ntningar om en v\u00e4ndning upp\u00e5t vid slutet av \u00e5ret.<\/p>\n\n\n\n<p><strong><mark class=\"has-inline-color has-primary-color\">Tabell 8:<\/mark> Tj\u00e4nstef\u00f6retagens prisf\u00f6rv\u00e4ntningar maj och augusti 2024<\/strong><\/p>\n\n\n\n<figure class=\"wp-block-image size-large\"><img loading=\"lazy\" decoding=\"async\" width=\"1180\" height=\"699\" src=\"https:\/\/www.almega.se\/app\/uploads\/2024\/09\/Skarmavbild-2024-09-20-kl.-11.01.50-1180x699.png\" alt=\"\" class=\"wp-image-76056\" srcset=\"https:\/\/www.almega.se\/app\/uploads\/2024\/09\/Skarmavbild-2024-09-20-kl.-11.01.50-1180x699.png 1180w, https:\/\/www.almega.se\/app\/uploads\/2024\/09\/Skarmavbild-2024-09-20-kl.-11.01.50-580x344.png 580w, https:\/\/www.almega.se\/app\/uploads\/2024\/09\/Skarmavbild-2024-09-20-kl.-11.01.50-380x225.png 380w, https:\/\/www.almega.se\/app\/uploads\/2024\/09\/Skarmavbild-2024-09-20-kl.-11.01.50-768x455.png 768w, https:\/\/www.almega.se\/app\/uploads\/2024\/09\/Skarmavbild-2024-09-20-kl.-11.01.50.png 1370w\" sizes=\"auto, (max-width: 1180px) 100vw, 1180px\" \/><figcaption class=\"wp-element-caption\"><strong>K\u00e4lla:<\/strong> Konjunkturinstitutet<br><strong>Anm:<\/strong> Nettotal \u00e4r andelen f\u00f6retag som planerar att h\u00f6ja sina priser minus andelen som planerar att s\u00e4nka dem.<\/figcaption><\/figure>\n\n\n\n<h3 class=\"wp-block-heading\" id=\"h-4-2-konsumentpriserna-pa-tjanster-okar-mer-an-inflationen\">4.2 Konsumentpriserna p\u00e5 tj\u00e4nster \u00f6kar mer \u00e4n inflationen<\/h3>\n\n\n\n<p>Pris\u00f6kningarna p\u00e5 de tj\u00e4nster som s\u00e4ljs direkt till konsumenter i Sverige r\u00f6r sig fortsatt ned\u00e5t men det g\u00e5r l\u00e5ngsamt. Under sommaren har pris\u00f6kningstakten fallit till 4,4 procent i \u00e5rstakt vilket \u00e4r l\u00e4gre \u00e4n tidgare. Konsumetpriserna p\u00e5 tj\u00e4nster \u00f6kar dock betydligt mer \u00e4n den totala inflationen. Boendekostnaderna \u00f6kar fortfarande i snabb takt p\u00e5 grund av de h\u00f6jda r\u00e4ntorna och st\u00e5r f\u00f6r mer \u00e4n en tredjedel av pris\u00f6kningen p\u00e5 tj\u00e4nster till konsumenter.<\/p>\n\n\n\n<p><strong><mark class=\"has-inline-color has-primary-color\">Tabell 9:<\/mark> Tj\u00e4nstepriserna i KPI juni till augusti 2024, \u00e5rsf\u00f6r\u00e4ndring totalt och olika tj\u00e4nsters bidrag<\/strong><\/p>\n\n\n\n<figure class=\"wp-block-image size-large\"><img loading=\"lazy\" decoding=\"async\" width=\"1180\" height=\"549\" src=\"https:\/\/www.almega.se\/app\/uploads\/2024\/09\/Skarmavbild-2024-09-20-kl.-11.03.03-1180x549.png\" alt=\"\" class=\"wp-image-76057\" srcset=\"https:\/\/www.almega.se\/app\/uploads\/2024\/09\/Skarmavbild-2024-09-20-kl.-11.03.03-1180x549.png 1180w, https:\/\/www.almega.se\/app\/uploads\/2024\/09\/Skarmavbild-2024-09-20-kl.-11.03.03-580x270.png 580w, https:\/\/www.almega.se\/app\/uploads\/2024\/09\/Skarmavbild-2024-09-20-kl.-11.03.03-380x177.png 380w, https:\/\/www.almega.se\/app\/uploads\/2024\/09\/Skarmavbild-2024-09-20-kl.-11.03.03-768x357.png 768w, https:\/\/www.almega.se\/app\/uploads\/2024\/09\/Skarmavbild-2024-09-20-kl.-11.03.03.png 1504w\" sizes=\"auto, (max-width: 1180px) 100vw, 1180px\" \/><figcaption class=\"wp-element-caption\"><br><strong>K\u00e4lla:<\/strong> Almega, SCB<br><strong>Anm:<\/strong> Bland \u00f6vriga tj\u00e4nster ing\u00e5r; begravning, hemf\u00f6rs\u00e4kring, bank, utbildning, reparation och hush\u00e5llstj\u00e4nster.<\/figcaption><\/figure>\n\n\n\n<p>Den totala inflationen forts\u00e4tter att falla. I augusti \u00f6kade konsumentpriserna f\u00f6r b\u00e5de varor och tj\u00e4nster med 1,9 procent i \u00e5rstakt vilket var 0,7 procent l\u00e4gre \u00e4n i juli. Nedg\u00e5ngen i inflationen beror fr\u00e4mst p\u00e5 l\u00e4gre priser p\u00e5 el och p\u00e5 livsmedel. D\u00e4remot tar stigande bostadskostnader p\u00e5 grund av h\u00f6gre r\u00e4ntor upp inflationen. Inflationstakten, exklusive r\u00e4ntor (KPIF) var 1,2 procent i augusti vilket var l\u00e5ngt under Riksbankens inflationsm\u00e5l. Det \u00f6ppnar v\u00e4gen f\u00f6r flera r\u00e4ntes\u00e4nkningr under h\u00f6sten och vintern.<span class=\"Footnote\"><sup>23<\/sup><\/span><\/p>\n\n\n<a class='Share__link Share__link--url copy-text' href='#' rel='nofollow' data-text='5.-om-tjansteindikatorn' title='Dela url' data-confirmation='L\u00e4nken kopierades till urklipp'><svg class='icon icon--link'  width='18' height='18' viewBox='0 0 18 18' fill='none' xmlns='http:\/\/www.w3.org\/2000\/svg'>\n            <path d='M10.4142 0.514721L6.87868 4.05025L8.29289 5.46447L11.1213 2.63604L15.364 6.87868L12.5355 9.70711L13.9497 11.1213L17.4853 7.58579C17.8763 7.19476 17.8763 6.5626 17.4853 6.17158L11.8284 0.514721C11.4374 0.123691 10.8052 0.123691 10.4142 0.514721Z' fill='black'\/>\n            <path d='M9.7071 12.5355L6.87868 15.364L2.63604 11.1213L5.46446 8.2929L4.05025 6.87868L0.514716 10.4142C0.123686 10.8052 0.123686 11.4374 0.514716 11.8284L6.17157 17.4853C6.5626 17.8763 7.19475 17.8763 7.58578 17.4853L11.1213 13.9497L9.7071 12.5355Z' fill='black'\/>\n            <path d='M6.17157 11.8284C6.5626 12.2195 7.19475 12.2195 7.58578 11.8284L11.8284 7.58579C12.2195 7.19476 12.2195 6.56261 11.8284 6.17158C11.4374 5.78055 10.8052 5.78055 10.4142 6.17158L6.17157 10.4142C5.78054 10.8052 5.78054 11.4374 6.17157 11.8284Z' fill='black'\/>\n            <\/svg> <\/a>\n<h2 class=\"wp-block-heading\" id=\"h-5-om-tjansteindikatorn\">5. Om tj\u00e4nsteindikatorn<\/h2>\n\n\n\n<p>Almegas tj\u00e4nsteindikator har tagits fram av Almega fr\u00e5n och med \u00e5r 2001 f\u00f6r att ge en indikation om vart konjunkturen i den privata tj\u00e4nstesektorn \u00e4r p\u00e5 v\u00e4g p\u00e5 kort sikt.<span class=\"Footnote\"><sup>24<\/sup><\/span> Indikatorn ger information f\u00f6r att tidigt kunna f\u00f6rutsp\u00e5 v\u00e4ndpunkter i konjunkturen, inom b\u00e5de tj\u00e4nstesektorn och Sveriges ekonomi, eftersom den privata tj\u00e4nstesektorn svarar f\u00f6r 52 procent av Sveriges BNP.<\/p>\n\n\n\n<p>Almegas tj\u00e4nsteindikator t\u00e4cker in cirka 90 procent av den privata tj\u00e4nstesektorns f\u00f6r\u00e4dlingsv\u00e4rde och drygt 80 procent av dess syssels\u00e4ttning.<span class=\"Footnote\"><sup>25<\/sup><\/span> Indikatorn bygger p\u00e5 en skattning av sambandet mellan tj\u00e4nstef\u00f6retagens svar i Konjunkturinstitutets konjunkturbarometer och utfallet f\u00f6r produktionstillv\u00e4xten i den privata tj\u00e4nstesektorn enligt SCB:s tj\u00e4nsteproduktionsindex. Skattningen utg\u00e5r fr\u00e5n sambandet mellan bland annat f\u00f6retagens f\u00f6rv\u00e4ntningar om det kommande kvartalets efterfr\u00e5ge- och produktionsutveckling och den faktiska utvecklingen av tj\u00e4nsteproduktionen per kvartal enligt Statistiska Centralbyr\u00e5ns (SCB) tj\u00e4nsteproduktionsindex.<\/p>\n\n\n\n<p>Tj\u00e4nsteindikatorn \u00e4r ber\u00e4knad i indexform d\u00e4r v\u00e4rdet 100 anger genomsnittet f\u00f6r den period som den bygger p\u00e5 (skattningen \u00e4r gjord p\u00e5 data fr\u00e5n och med \u00e5r 2005). Indexv\u00e4rden \u00f6ver 100 anger en h\u00f6gre tillv\u00e4xt \u00e4n det historiska genomsnittet och index under 100 p\u00e5 det motsatta. Indikatorn anger ocks\u00e5 om tillv\u00e4xten kan f\u00f6rv\u00e4ntas \u00f6ka, vara of\u00f6r\u00e4ndrad eller minska under det n\u00e4rmaste kvartalet. Indikatorn \u00e4r ledande och ligger tv\u00e5 till tre m\u00e5nader f\u00f6re publiceringen av det faktiska utfallet fr\u00e5n SCB.<\/p>\n\n\n\n<p>Almegas arbetsmarknadsindikator bygger p\u00e5 ett skattat samband mellan svar fr\u00e5n tj\u00e4nstef\u00f6retagen i Konjunkturinstitutets konjunkturbarometer och den privata tj\u00e4nstesektorns syssels\u00e4ttningsf\u00f6r\u00e4ndring enligt SCB:s kortperiodiska syssels\u00e4ttningsstatistik. Arbetsmarknadsindikatorn bygger dessutom p\u00e5 uppgifter om vakansgraden i tj\u00e4nstesektorn, som h\u00e4mtas fr\u00e5n SCB och uppdateras kvartalsvis. Indexv\u00e4rdet 100 anger det historiska genomsnittet f\u00f6r indikatorn baserat p\u00e5 det skattade sambandet fr\u00e5n och med \u00e5r 2005.<\/p>\n\n\n\n<p>Prisindikatorn bygger p\u00e5 ett skattat samband mellan svar fr\u00e5n tj\u00e4nstef\u00f6retagen i Konjunkturinstitutets konjunkturbarometer och f\u00f6r\u00e4ndringen av f\u00f6rs\u00e4ljningspriserna i den privata tj\u00e4nstesektorns enligt SCB:s tj\u00e4nsteprisindex. V\u00e4rdet 100 anger den genomsnittliga pris\u00f6kningstakten sedan 2006.<\/p>\n\n\n<a class='Share__link Share__link--url copy-text' href='#' rel='nofollow' data-text='fotnoter' title='Dela url' data-confirmation='L\u00e4nken kopierades till urklipp'><svg class='icon icon--link'  width='18' height='18' viewBox='0 0 18 18' fill='none' xmlns='http:\/\/www.w3.org\/2000\/svg'>\n            <path d='M10.4142 0.514721L6.87868 4.05025L8.29289 5.46447L11.1213 2.63604L15.364 6.87868L12.5355 9.70711L13.9497 11.1213L17.4853 7.58579C17.8763 7.19476 17.8763 6.5626 17.4853 6.17158L11.8284 0.514721C11.4374 0.123691 10.8052 0.123691 10.4142 0.514721Z' fill='black'\/>\n            <path d='M9.7071 12.5355L6.87868 15.364L2.63604 11.1213L5.46446 8.2929L4.05025 6.87868L0.514716 10.4142C0.123686 10.8052 0.123686 11.4374 0.514716 11.8284L6.17157 17.4853C6.5626 17.8763 7.19475 17.8763 7.58578 17.4853L11.1213 13.9497L9.7071 12.5355Z' fill='black'\/>\n            <path d='M6.17157 11.8284C6.5626 12.2195 7.19475 12.2195 7.58578 11.8284L11.8284 7.58579C12.2195 7.19476 12.2195 6.56261 11.8284 6.17158C11.4374 5.78055 10.8052 5.78055 10.4142 6.17158L6.17157 10.4142C5.78054 10.8052 5.78054 11.4374 6.17157 11.8284Z' fill='black'\/>\n            <\/svg> <\/a>\n<h2 class=\"wp-block-heading\">Fotnoter<\/h2>\n\n\n\n<ol class=\"wp-block-list\">\n<li><a href=\"https:\/\/www.scb.se\/hitta-statistik\/statistik-efter-amne\/handel-med-varor-och-tjanster\/inrikeshandel\/tjansteproduktionsindex\/\">SCB, tj\u00e4nsteproduktionsindex<\/a><\/li>\n\n\n\n<li><a href=\"https:\/\/www.silf.se\/medlem-i-silf\/pmi-inkopschefsindex\/manadens-pmi-s\/\">M\u00e5nadens PMI-Services &#8211; Ink\u00f6pschefsindex tj\u00e4nster | silf.se<\/a><\/li>\n\n\n\n<li><a href=\"https:\/\/www.statistikdatabasen.scb.se\/pxweb\/sv\/ssd\/START__HA__HA0202\/HA0202TjanstHKvN\/table\/tableViewLayout1\/\">Under kvartal tv\u00e5 var tj\u00e4nsteexporten totalt 11,6 procent h\u00f6gre i l\u00f6pande priser \u00e4n ett \u00e5r tidigare. SCB, utrikeshandel med tj\u00e4nster<\/a> <\/li>\n\n\n\n<li><a href=\"http:\/\/kvartalsrapport_2024_q2.pdf (kompetensforetagen.se)\">Almega Kompetensf\u00f6retagen, kvartalsrapport kvartal tv\u00e5 2024<\/a><\/li>\n\n\n\n<li><a href=\"http:\/\/kvartalsrapport_2024_q2.pdf (kompetensforetagen.se)\">Almega Kompetensf\u00f6retagen, kvartalsrapport kvartal tv\u00e5 2024<\/a><\/li>\n\n\n\n<li><a href=\"http:\/\/kvartalsrapport_2024_q2.pdf (kompetensforetagen.se)\">Almega Kompetensf\u00f6retagen,kvartalsrapport kvartalet tv\u00e5 2024<\/a><\/li>\n\n\n\n<li><a href=\"https:\/\/www.statistikdatabasen.scb.se\/pxweb\/sv\/ssd\/START__HA__HA0202\/HA0202TjanstHKvN\/\">SCB, utrikeshandel med tj\u00e4nster<\/a><\/li>\n\n\n\n<li><a href=\"https:\/\/www.statistikdatabasen.scb.se\/pxweb\/sv\/ssd\/START__NR__NR0103__NR0103A\/NR0103ENS2010T02KvN\/\">&nbsp;SCB, hush\u00e5llens konsumtionsutgifter efter \u00e4ndam\u00e5l, kvartal tv\u00e5 2024<\/a><\/li>\n\n\n\n<li>SCB, tj\u00e4nsteproduktionsindex<\/li>\n\n\n\n<li><a href=\"https:\/\/www.statistikdatabasen.scb.se\/pxweb\/sv\/ssd\/START__NR__NR0103__NR0103A\/NR0103ENS2010T02KvN\/\">SCB, hush\u00e5llens konsumtionsutgifter efter \u00e4ndam\u00e5l, kvartal tv\u00e5 2024<\/a><\/li>\n\n\n\n<li><a href=\"https:\/\/mobilitysweden.se\/statistik\/Tidsserier\">Mobility Sweden, nyregistreringar personbilar<\/a><\/li>\n\n\n\n<li>Inom kultur n\u00f6je och fritid ing\u00e5r bland annat museer, teatrar, sportanl\u00e4ggningar och gym. I annan service ing\u00e5r bland annat reparationer, tv\u00e4tterier och fris\u00f6rer.<\/li>\n\n\n\n<li><a href=\"https:\/\/statistik.tillvaxtanalys.se\/PxWeb\/pxweb\/sv\/Tillv%c3%a4xtanalys%20statistikdatabas\/Tillv%c3%a4xtanalys%20statistikdatabas__Konkurser%20och%20offentliga%20ackord\/konk_ar_lan_bransch_2009.px\/table\/tableViewLayout2\/\">K\u00e4lla: Tillv\u00e4xtanalys<\/a><\/li>\n\n\n\n<li><a href=\"http:\/\/Ext - Covid19 - Tillf\u00e4lligt anst\u00e5nd - Tillf\u00e4lligt anst\u00e5nd - \u00d6versikt | Ark - Qlik Sense (skatteverket.se)\">Ext &#8211; Covid19 &#8211; Tillf\u00e4lligt anst\u00e5nd &#8211; Tillf\u00e4lligt anst\u00e5nd &#8211; \u00d6versikt | Ark &#8211; Qlik Sense (skatteverket.se)<\/a><\/li>\n\n\n\n<li><a href=\"http:\/\/Rapport_tillf\u00e4lliga_anst\u00e5nd_med_skattebetalning_2024_7.pdf (skatteverket.se).\">Skatteverket (2024)<\/a><\/li>\n\n\n\n<li>SCB, Anst\u00e4llningar, antal p\u00e5g\u00e5ende anst\u00e4llningar efter n\u00e4ringsgren<\/li>\n\n\n\n<li><a href=\"https:\/\/statistik.konj.se\/PXWeb\/pxweb\/sv\/KonjBar\">Konjunkturinstitutets m\u00e5nadsbarometrar<\/a><\/li>\n\n\n\n<li>&nbsp;SCB, AKU<\/li>\n\n\n\n<li><a href=\"https:\/\/statistik.arbetsformedlingen.se\/extensions\/Manadsstatistik_sid1\/Manadsstatistik_sid1.html\">Arbetsf\u00f6rmedlingens, m\u00e5nadsstatistik<\/a><\/li>\n\n\n\n<li><a href=\"https:\/\/arbetsformedlingen.se\/statistik\/statistik-om-varsel\">&nbsp;Arbetsf\u00f6rmedlingen, varselstatistik<\/a><\/li>\n\n\n\n<li>Almegajouren, m\u00e5nadsstatistik<\/li>\n\n\n\n<li><a href=\"http:\/\/Stigande tj\u00e4nstepriser andra kvartalet 2024 (scb.se)\">Stigande tj\u00e4nstepriser andra kvartalet 2024 (scb.se)<\/a><\/li>\n\n\n\n<li><a href=\"http:\/\/Inflationstakten enligt KPI 1,9 procent i augusti 2024 (scb.se)\">Inflationstakten enligt KPI 1,9 procent i augusti 2024 (scb.se)<\/a><\/li>\n\n\n\n<li>Almegas tj\u00e4nsteindikator togs fram 2001 av Owe Danemar, Almegas d\u00e5varande chefekonom<\/li>\n\n\n\n<li>De tj\u00e4nstebranscher som saknas i KI-barometern \u00e4r utbildning, h\u00e4lso- och sjukv\u00e5rd, kultur, n\u00f6je och fritid samt samh\u00e4lleliga och hush\u00e5llsn\u00e4ra tj\u00e4nster inom n\u00e4ringslivet<\/li>\n<\/ol>\n","protected":false},"excerpt":{"rendered":"<p>Almegas tj\u00e4nsteindikator, kvartal tre, 2024. <\/p>\n","protected":false},"author":16543,"featured_media":76058,"comment_status":"closed","ping_status":"closed","sticky":false,"template":"","format":"standard","meta":{"_acf_changed":false,"footnotes":""},"categories":[630,581],"tags":[],"article_type":[42],"agreement":[],"class_list":["post-76025","post","type-post","status-publish","format-standard","has-post-thumbnail","hentry","category-konjunktur","category-tjanstesektorns-betydelse","type-rapporter"],"acf":[],"yoast_head":"<!-- This site is optimized with the Yoast SEO Premium plugin v26.8 (Yoast SEO v26.8) - https:\/\/yoast.com\/product\/yoast-seo-premium-wordpress\/ -->\n<title>Almegas tj\u00e4nsteindikator f\u00f6r tredje kvartalet 2024 | Almega<\/title>\n<meta name=\"description\" content=\"Ta del av Almegas tj\u00e4nsteindikator f\u00f6r f\u00f6rsta kvartalet 2024, och l\u00e4s rapporten &quot;V\u00e4ndpunkt i sikte&quot; i sin helhet p\u00e5 almega.se.\" \/>\n<meta name=\"robots\" content=\"index, follow, max-snippet:-1, max-image-preview:large, max-video-preview:-1\" \/>\n<link rel=\"canonical\" href=\"https:\/\/www.almega.se\/2024\/09\/almegas-tjansteindikator-for-tredje-kvartalet-2024\/\" \/>\n<meta property=\"og:locale\" content=\"sv_SE\" \/>\n<meta property=\"og:type\" content=\"article\" \/>\n<meta property=\"og:title\" content=\"Almegas tj\u00e4nsteindikator f\u00f6r tredje kvartalet 2024\" \/>\n<meta property=\"og:description\" content=\"Ta del av Almegas tj\u00e4nsteindikator f\u00f6r f\u00f6rsta kvartalet 2024, och l\u00e4s rapporten &quot;V\u00e4ndpunkt i sikte&quot; i sin helhet p\u00e5 almega.se.\" \/>\n<meta property=\"og:url\" content=\"https:\/\/www.almega.se\/2024\/09\/almegas-tjansteindikator-for-tredje-kvartalet-2024\/\" \/>\n<meta property=\"og:site_name\" content=\"Almega\" \/>\n<meta property=\"article:published_time\" content=\"2024-09-23T03:00:00+00:00\" \/>\n<meta property=\"article:modified_time\" content=\"2024-10-16T08:51:23+00:00\" \/>\n<meta property=\"og:image\" content=\"https:\/\/www.almega.se\/app\/uploads\/2024\/09\/Skarmavbild-2024-09-20-kl.-11.15.08.png\" \/>\n\t<meta property=\"og:image:width\" content=\"1142\" \/>\n\t<meta property=\"og:image:height\" content=\"1236\" \/>\n\t<meta property=\"og:image:type\" content=\"image\/png\" \/>\n<meta name=\"author\" content=\"R\u00e9ka Tolnai\" \/>\n<meta name=\"twitter:card\" content=\"summary_large_image\" \/>\n<meta name=\"twitter:label1\" content=\"Skriven av\" \/>\n\t<meta name=\"twitter:data1\" content=\"R\u00e9ka Tolnai\" \/>\n\t<meta name=\"twitter:label2\" content=\"Ber\u00e4knad l\u00e4stid\" \/>\n\t<meta name=\"twitter:data2\" content=\"31 minuter\" \/>\n<!-- \/ Yoast SEO Premium plugin. -->","yoast_head_json":{"title":"Almegas tj\u00e4nsteindikator f\u00f6r tredje kvartalet 2024 | Almega","description":"Ta del av Almegas tj\u00e4nsteindikator f\u00f6r f\u00f6rsta kvartalet 2024, och l\u00e4s rapporten \"V\u00e4ndpunkt i sikte\" i sin helhet p\u00e5 almega.se.","robots":{"index":"index","follow":"follow","max-snippet":"max-snippet:-1","max-image-preview":"max-image-preview:large","max-video-preview":"max-video-preview:-1"},"canonical":"https:\/\/www.almega.se\/2024\/09\/almegas-tjansteindikator-for-tredje-kvartalet-2024\/","og_locale":"sv_SE","og_type":"article","og_title":"Almegas tj\u00e4nsteindikator f\u00f6r tredje kvartalet 2024","og_description":"Ta del av Almegas tj\u00e4nsteindikator f\u00f6r f\u00f6rsta kvartalet 2024, och l\u00e4s rapporten \"V\u00e4ndpunkt i sikte\" i sin helhet p\u00e5 almega.se.","og_url":"https:\/\/www.almega.se\/2024\/09\/almegas-tjansteindikator-for-tredje-kvartalet-2024\/","og_site_name":"Almega","article_published_time":"2024-09-23T03:00:00+00:00","article_modified_time":"2024-10-16T08:51:23+00:00","og_image":[{"width":1142,"height":1236,"url":"https:\/\/www.almega.se\/app\/uploads\/2024\/09\/Skarmavbild-2024-09-20-kl.-11.15.08.png","type":"image\/png"}],"author":"R\u00e9ka Tolnai","twitter_card":"summary_large_image","twitter_misc":{"Skriven av":"R\u00e9ka Tolnai","Ber\u00e4knad l\u00e4stid":"31 minuter"},"schema":{"@context":"https:\/\/schema.org","@graph":[{"@type":"NewsArticle","@id":"https:\/\/www.almega.se\/2024\/09\/almegas-tjansteindikator-for-tredje-kvartalet-2024\/#article","isPartOf":{"@id":"https:\/\/www.almega.se\/2024\/09\/almegas-tjansteindikator-for-tredje-kvartalet-2024\/"},"author":{"name":"R\u00e9ka Tolnai","@id":"https:\/\/www.almega.se\/#\/schema\/person\/e54aa110880538cf5ceac0ac54bbecf7"},"headline":"Almegas tj\u00e4nsteindikator f\u00f6r tredje kvartalet 2024","datePublished":"2024-09-23T03:00:00+00:00","dateModified":"2024-10-16T08:51:23+00:00","mainEntityOfPage":{"@id":"https:\/\/www.almega.se\/2024\/09\/almegas-tjansteindikator-for-tredje-kvartalet-2024\/"},"wordCount":5655,"image":{"@id":"https:\/\/www.almega.se\/2024\/09\/almegas-tjansteindikator-for-tredje-kvartalet-2024\/#primaryimage"},"thumbnailUrl":"https:\/\/www.almega.se\/app\/uploads\/2024\/09\/Skarmavbild-2024-09-20-kl.-11.15.08.png","articleSection":["Konjunktur","Tj\u00e4nstesektorns betydelse"],"inLanguage":"sv-SE"},{"@type":"WebPage","@id":"https:\/\/www.almega.se\/2024\/09\/almegas-tjansteindikator-for-tredje-kvartalet-2024\/","url":"https:\/\/www.almega.se\/2024\/09\/almegas-tjansteindikator-for-tredje-kvartalet-2024\/","name":"Almegas tj\u00e4nsteindikator f\u00f6r tredje kvartalet 2024 | Almega","isPartOf":{"@id":"https:\/\/www.almega.se\/#website"},"primaryImageOfPage":{"@id":"https:\/\/www.almega.se\/2024\/09\/almegas-tjansteindikator-for-tredje-kvartalet-2024\/#primaryimage"},"image":{"@id":"https:\/\/www.almega.se\/2024\/09\/almegas-tjansteindikator-for-tredje-kvartalet-2024\/#primaryimage"},"thumbnailUrl":"https:\/\/www.almega.se\/app\/uploads\/2024\/09\/Skarmavbild-2024-09-20-kl.-11.15.08.png","datePublished":"2024-09-23T03:00:00+00:00","dateModified":"2024-10-16T08:51:23+00:00","author":{"@id":"https:\/\/www.almega.se\/#\/schema\/person\/e54aa110880538cf5ceac0ac54bbecf7"},"description":"Ta del av Almegas tj\u00e4nsteindikator f\u00f6r f\u00f6rsta kvartalet 2024, och l\u00e4s rapporten \"V\u00e4ndpunkt i sikte\" i sin helhet p\u00e5 almega.se.","breadcrumb":{"@id":"https:\/\/www.almega.se\/2024\/09\/almegas-tjansteindikator-for-tredje-kvartalet-2024\/#breadcrumb"},"inLanguage":"sv-SE","potentialAction":[{"@type":"ReadAction","target":["https:\/\/www.almega.se\/2024\/09\/almegas-tjansteindikator-for-tredje-kvartalet-2024\/"]}]},{"@type":"ImageObject","inLanguage":"sv-SE","@id":"https:\/\/www.almega.se\/2024\/09\/almegas-tjansteindikator-for-tredje-kvartalet-2024\/#primaryimage","url":"https:\/\/www.almega.se\/app\/uploads\/2024\/09\/Skarmavbild-2024-09-20-kl.-11.15.08.png","contentUrl":"https:\/\/www.almega.se\/app\/uploads\/2024\/09\/Skarmavbild-2024-09-20-kl.-11.15.08.png","width":1142,"height":1236},{"@type":"BreadcrumbList","@id":"https:\/\/www.almega.se\/2024\/09\/almegas-tjansteindikator-for-tredje-kvartalet-2024\/#breadcrumb","itemListElement":[{"@type":"ListItem","position":1,"name":"Home","item":"https:\/\/www.almega.se\/"},{"@type":"ListItem","position":2,"name":"Almegas tj\u00e4nsteindikator f\u00f6r tredje kvartalet 2024"}]},{"@type":"WebSite","@id":"https:\/\/www.almega.se\/#website","url":"https:\/\/www.almega.se\/","name":"Almega","description":"","potentialAction":[{"@type":"SearchAction","target":{"@type":"EntryPoint","urlTemplate":"https:\/\/www.almega.se\/?s={search_term_string}"},"query-input":{"@type":"PropertyValueSpecification","valueRequired":true,"valueName":"search_term_string"}}],"inLanguage":"sv-SE"},{"@type":"Person","@id":"https:\/\/www.almega.se\/#\/schema\/person\/e54aa110880538cf5ceac0ac54bbecf7","name":"R\u00e9ka Tolnai","image":{"@type":"ImageObject","inLanguage":"sv-SE","@id":"https:\/\/www.almega.se\/#\/schema\/person\/image\/","url":"https:\/\/secure.gravatar.com\/avatar\/c722d4a4ee787603df9df499a683d681bd2c463bde248da25aabc45883d614d2?s=96&d=mm&r=g","contentUrl":"https:\/\/secure.gravatar.com\/avatar\/c722d4a4ee787603df9df499a683d681bd2c463bde248da25aabc45883d614d2?s=96&d=mm&r=g","caption":"R\u00e9ka Tolnai"},"url":"https:\/\/www.almega.se\/person\/rekatolnai\/"}]}},"_links":{"self":[{"href":"https:\/\/www.almega.se\/api\/wp\/v2\/posts\/76025","targetHints":{"allow":["GET"]}}],"collection":[{"href":"https:\/\/www.almega.se\/api\/wp\/v2\/posts"}],"about":[{"href":"https:\/\/www.almega.se\/api\/wp\/v2\/types\/post"}],"author":[{"embeddable":true,"href":"https:\/\/www.almega.se\/api\/wp\/v2\/users\/16543"}],"replies":[{"embeddable":true,"href":"https:\/\/www.almega.se\/api\/wp\/v2\/comments?post=76025"}],"version-history":[{"count":12,"href":"https:\/\/www.almega.se\/api\/wp\/v2\/posts\/76025\/revisions"}],"predecessor-version":[{"id":76442,"href":"https:\/\/www.almega.se\/api\/wp\/v2\/posts\/76025\/revisions\/76442"}],"wp:featuredmedia":[{"embeddable":true,"href":"https:\/\/www.almega.se\/api\/wp\/v2\/media\/76058"}],"wp:attachment":[{"href":"https:\/\/www.almega.se\/api\/wp\/v2\/media?parent=76025"}],"wp:term":[{"taxonomy":"category","embeddable":true,"href":"https:\/\/www.almega.se\/api\/wp\/v2\/categories?post=76025"},{"taxonomy":"post_tag","embeddable":true,"href":"https:\/\/www.almega.se\/api\/wp\/v2\/tags?post=76025"},{"taxonomy":"type","embeddable":true,"href":"https:\/\/www.almega.se\/api\/wp\/v2\/article_type?post=76025"},{"taxonomy":"agreement","embeddable":true,"href":"https:\/\/www.almega.se\/api\/wp\/v2\/agreement?post=76025"}],"curies":[{"name":"wp","href":"https:\/\/api.w.org\/{rel}","templated":true}]}}