{"id":76006,"date":"2024-09-19T15:50:46","date_gmt":"2024-09-19T13:50:46","guid":{"rendered":"https:\/\/www.almega.se\/?p=76006"},"modified":"2024-10-02T18:13:29","modified_gmt":"2024-10-02T16:13:29","slug":"budgetpropositionen-2025-ur-tjansteforetagens-perspektiv","status":"publish","type":"post","link":"https:\/\/www.almega.se\/2024\/09\/budgetpropositionen-2025-ur-tjansteforetagens-perspektiv\/","title":{"rendered":"Budgetpropositionen 2025 utifr\u00e5n tj\u00e4nste&shy;f\u00f6retagens perspektiv"},"content":{"rendered":"<p class=\"intro\">F\u00f6rdjupa dig i Almegas analys av budgetpropositionen utifr\u00e5n tj\u00e4nstef\u00f6retagens perspektiv.<\/p>\n<a class='Share__link Share__link--url copy-text' href='#' rel='nofollow' data-text='sammanfattning' title='Dela url' data-confirmation='L\u00e4nken kopierades till urklipp'><svg class='icon icon--link'  width='18' height='18' viewBox='0 0 18 18' fill='none' xmlns='http:\/\/www.w3.org\/2000\/svg'>\n            <path d='M10.4142 0.514721L6.87868 4.05025L8.29289 5.46447L11.1213 2.63604L15.364 6.87868L12.5355 9.70711L13.9497 11.1213L17.4853 7.58579C17.8763 7.19476 17.8763 6.5626 17.4853 6.17158L11.8284 0.514721C11.4374 0.123691 10.8052 0.123691 10.4142 0.514721Z' fill='black'\/>\n            <path d='M9.7071 12.5355L6.87868 15.364L2.63604 11.1213L5.46446 8.2929L4.05025 6.87868L0.514716 10.4142C0.123686 10.8052 0.123686 11.4374 0.514716 11.8284L6.17157 17.4853C6.5626 17.8763 7.19475 17.8763 7.58578 17.4853L11.1213 13.9497L9.7071 12.5355Z' fill='black'\/>\n            <path d='M6.17157 11.8284C6.5626 12.2195 7.19475 12.2195 7.58578 11.8284L11.8284 7.58579C12.2195 7.19476 12.2195 6.56261 11.8284 6.17158C11.4374 5.78055 10.8052 5.78055 10.4142 6.17158L6.17157 10.4142C5.78054 10.8052 5.78054 11.4374 6.17157 11.8284Z' fill='black'\/>\n            <\/svg> <\/a>\n<h2 class=\"wp-block-heading\">Sammanfattning<\/h2>\n\n\n\n<ul class=\"wp-block-list\">\n<li>Kampen mot inflationen \u00e4r vunnen och regeringen skiftar fokus i den ekonomiska politiken fr\u00e5n inflationsbek\u00e4mpning till en mer offensiv finanspolitik.<\/li>\n\n\n\n<li>Reformutrymmet \u00e4r p\u00e5 cirka 60 miljarder kronor och de st\u00f6rsta enskilda reformf\u00f6rslagen \u00e4r s\u00e4nk skatt f\u00f6r l\u00e5g- och medelinkomsttagare (11,1 mdr), \u00f6kade resurser till f\u00f6rsvaret (6,6 mdr), borttagandet av avtrappningen av jobbskatteavdraget (4,7 mdr), skattefritt ISK (4,4 miljarder), s\u00e4nkt skatt p\u00e5 bensin och diesel (3,2 mdr) samt nya bidrag till h\u00e4lso- och sjukv\u00e5rden (3 mdr).<\/li>\n\n\n\n<li>N\u00e4stan h\u00e4lften av regeringens samlade reformutrymme g\u00e5r till olika skattes\u00e4nkningar. Skattetrycket i Sverige ber\u00e4knas vara det l\u00e4gsta sedan 1980.<\/li>\n\n\n\n<li>Det \u00e4r positivt att regeringen \u00e4ntligen skiftar fokus i den ekonomiska politiken fr\u00e5n inflationsbek\u00e4mpning till reformer f\u00f6r \u00f6kad tillv\u00e4xt och produktivitet. Kommande \u00e5rs omfattande satsningar p\u00e5 att rusta upp den mycket eftersatta infrastrukturen i Sverige och satsningar p\u00e5 forskning och utveckling \u00e4r viktiga best\u00e5ndsdelar i detta arbete.<\/li>\n\n\n\n<li>Regeringens stora skattes\u00e4nkningar f\u00f6r att \u00f6ka drivkrafterna att arbeta och att premiera utbildning \u00e4r v\u00e4lkomna. Det ska alltid l\u00f6na sig att arbeta och att utbilda sig.<\/li>\n\n\n\n<li>Regeringen har presenterat n\u00e5gra f\u00f6rslag f\u00f6r att f\u00f6rb\u00e4ttra f\u00f6retagens kompetensf\u00f6rs\u00f6rjning, men dessa \u00e4r inte p\u00e5 l\u00e5nga v\u00e4gar tillr\u00e4ckliga.<\/li>\n\n\n\n<li>Sammantaget inneh\u00e5ller budgeten flera bra och viktiga delar f\u00f6r att \u00f6ka arbetsutbudet, f\u00e5 fart p\u00e5 tillv\u00e4xten och st\u00e4rka det svenska n\u00e4ringslivets konkurrenskraft. Men ytterligare satsningar beh\u00f6vs inom omr\u00e5dena arbetsmarknad och utbildning. De satsningar som regeringen g\u00f6r p\u00e5 dessa omr\u00e5den \u00e4r sm\u00e5 och inte tillr\u00e4ckligt omfattande f\u00f6r att r\u00e5da bot p\u00e5 den omfattande kompetensbristen i tj\u00e4nstesektorn.<\/li>\n<\/ul>\n\n\n<a class='Share__link Share__link--url copy-text' href='#' rel='nofollow' data-text='inriktningen-pa-budgeten-och-generella-reflektioner' title='Dela url' data-confirmation='L\u00e4nken kopierades till urklipp'><svg class='icon icon--link'  width='18' height='18' viewBox='0 0 18 18' fill='none' xmlns='http:\/\/www.w3.org\/2000\/svg'>\n            <path d='M10.4142 0.514721L6.87868 4.05025L8.29289 5.46447L11.1213 2.63604L15.364 6.87868L12.5355 9.70711L13.9497 11.1213L17.4853 7.58579C17.8763 7.19476 17.8763 6.5626 17.4853 6.17158L11.8284 0.514721C11.4374 0.123691 10.8052 0.123691 10.4142 0.514721Z' fill='black'\/>\n            <path d='M9.7071 12.5355L6.87868 15.364L2.63604 11.1213L5.46446 8.2929L4.05025 6.87868L0.514716 10.4142C0.123686 10.8052 0.123686 11.4374 0.514716 11.8284L6.17157 17.4853C6.5626 17.8763 7.19475 17.8763 7.58578 17.4853L11.1213 13.9497L9.7071 12.5355Z' fill='black'\/>\n            <path d='M6.17157 11.8284C6.5626 12.2195 7.19475 12.2195 7.58578 11.8284L11.8284 7.58579C12.2195 7.19476 12.2195 6.56261 11.8284 6.17158C11.4374 5.78055 10.8052 5.78055 10.4142 6.17158L6.17157 10.4142C5.78054 10.8052 5.78054 11.4374 6.17157 11.8284Z' fill='black'\/>\n            <\/svg> <\/a>\n<h2 class=\"wp-block-heading\" id=\"h-inriktningen-pa-budgeten-och-generella-reflektioner\">Inriktningen p\u00e5 budgeten och generella reflektioner<\/h2>\n\n\n\n<p>Huvudbudskapet fr\u00e5n finansministern p\u00e5 presskonferensen var att kampen mot inflationen \u00e4r vunnen och att regeringen d\u00e4rf\u00f6r skiftar fokus i den ekonomiska politiken: fr\u00e5n att bek\u00e4mpa inflationen till att investera f\u00f6r att bygga Sverige rikare och tryggare igen. <\/p>\n\n\n\n<p>Enligt finansministern \u00e4r det l\u00e4ge f\u00f6r 1) en st\u00f6ttande finanspolitik med \u00f6kad offentlig konsumtion som \u00f6kar efterfr\u00e5gan och minskar arbetsl\u00f6sheten samt breda skattes\u00e4nkningar som \u00f6kar hush\u00e5llens disponibla inkomster, 2) strukturreformer som g\u00f6r det mer l\u00f6nsamt f\u00f6r f\u00f6retag att anst\u00e4lla och investera och investeringar i ett fungerande energi- och transportsystem.<\/p>\n\n\n\n<p>F\u00f6r att bygga Sverige rikare prioriterar regeringen reformer inom tre omr\u00e5den i budgeten:<\/p>\n\n\n\n<ul class=\"wp-block-list\">\n<li>St\u00e4rk hush\u00e5llens k\u00f6pkraft<\/li>\n\n\n\n<li>\u00c5teruppr\u00e4tta arbetslinjen<\/li>\n\n\n\n<li>\u00d6ka tillv\u00e4xten<\/li>\n<\/ul>\n\n\n\n<p>Budgetpropositionen inneh\u00e5ller reformer f\u00f6r sammanlagt cirka 60 miljarder kronor, exklusive det milit\u00e4ra st\u00f6det till Ukraina, och bygger p\u00e5 en \u00f6verenskommelse mellan regeringen och Sverigedemokraterna, dvs det finns en majoritet f\u00f6r budgeten i riksdagen.<\/p>\n\n\n\n<p>De st\u00f6rsta enskilda reformf\u00f6rslagen \u00e4r s\u00e4nk skatt f\u00f6r l\u00e5g- och medelinkomsttagare (11,1 mdr), \u00f6kade resurser till f\u00f6rsvaret (6,6 mdr), borttagandet av avtrappningen av jobbskatteavdraget (4,7 mdr), skattefritt ISK (4,4 miljarder), s\u00e4nkt skatt p\u00e5 bensin och diesel (3,2 mdr) samt nytt bidrag till h\u00e4lso- och sjukv\u00e5rden (3 mdr).<\/p>\n\n\n<a class='Share__link Share__link--url copy-text' href='#' rel='nofollow' data-text='skatter' title='Dela url' data-confirmation='L\u00e4nken kopierades till urklipp'><svg class='icon icon--link'  width='18' height='18' viewBox='0 0 18 18' fill='none' xmlns='http:\/\/www.w3.org\/2000\/svg'>\n            <path d='M10.4142 0.514721L6.87868 4.05025L8.29289 5.46447L11.1213 2.63604L15.364 6.87868L12.5355 9.70711L13.9497 11.1213L17.4853 7.58579C17.8763 7.19476 17.8763 6.5626 17.4853 6.17158L11.8284 0.514721C11.4374 0.123691 10.8052 0.123691 10.4142 0.514721Z' fill='black'\/>\n            <path d='M9.7071 12.5355L6.87868 15.364L2.63604 11.1213L5.46446 8.2929L4.05025 6.87868L0.514716 10.4142C0.123686 10.8052 0.123686 11.4374 0.514716 11.8284L6.17157 17.4853C6.5626 17.8763 7.19475 17.8763 7.58578 17.4853L11.1213 13.9497L9.7071 12.5355Z' fill='black'\/>\n            <path d='M6.17157 11.8284C6.5626 12.2195 7.19475 12.2195 7.58578 11.8284L11.8284 7.58579C12.2195 7.19476 12.2195 6.56261 11.8284 6.17158C11.4374 5.78055 10.8052 5.78055 10.4142 6.17158L6.17157 10.4142C5.78054 10.8052 5.78054 11.4374 6.17157 11.8284Z' fill='black'\/>\n            <\/svg> <\/a>\n<h2 class=\"wp-block-heading\">Skatter<\/h2>\n\n\n\n<p>N\u00e4stan h\u00e4lften av regeringens samlade reformutrymme g\u00e5r till olika skattes\u00e4nkningar. Totalt l\u00e4gger regeringen och Sverigedemokraterna cirka 28 miljarder kronor (brutto) p\u00e5 att s\u00e4nka skatten n\u00e4sta \u00e5r (bl.a. s\u00e4nkt skatt p\u00e5 arbete, pension, sparande, f\u00f6retagande och transporter, se mer nedna). Skattetrycket i Sverige ber\u00e4knas vara det l\u00e4gsta sedan 1980.<\/p>\n\n\n<a class='Share__link Share__link--url copy-text' href='#' rel='nofollow' data-text='forsvaret' title='Dela url' data-confirmation='L\u00e4nken kopierades till urklipp'><svg class='icon icon--link'  width='18' height='18' viewBox='0 0 18 18' fill='none' xmlns='http:\/\/www.w3.org\/2000\/svg'>\n            <path d='M10.4142 0.514721L6.87868 4.05025L8.29289 5.46447L11.1213 2.63604L15.364 6.87868L12.5355 9.70711L13.9497 11.1213L17.4853 7.58579C17.8763 7.19476 17.8763 6.5626 17.4853 6.17158L11.8284 0.514721C11.4374 0.123691 10.8052 0.123691 10.4142 0.514721Z' fill='black'\/>\n            <path d='M9.7071 12.5355L6.87868 15.364L2.63604 11.1213L5.46446 8.2929L4.05025 6.87868L0.514716 10.4142C0.123686 10.8052 0.123686 11.4374 0.514716 11.8284L6.17157 17.4853C6.5626 17.8763 7.19475 17.8763 7.58578 17.4853L11.1213 13.9497L9.7071 12.5355Z' fill='black'\/>\n            <path d='M6.17157 11.8284C6.5626 12.2195 7.19475 12.2195 7.58578 11.8284L11.8284 7.58579C12.2195 7.19476 12.2195 6.56261 11.8284 6.17158C11.4374 5.78055 10.8052 5.78055 10.4142 6.17158L6.17157 10.4142C5.78054 10.8052 5.78054 11.4374 6.17157 11.8284Z' fill='black'\/>\n            <\/svg> <\/a>\n<h2 class=\"wp-block-heading\">F\u00f6rsvaret<\/h2>\n\n\n\n<p>F\u00f6rsvaret f\u00e5r sammanlagt 6,6 miljarder kronor fr\u00e5n reformutrymmet f\u00f6r n\u00e4sta \u00e5r. Pengarna syftar bland annat till att \u00f6ka den operativa f\u00f6rm\u00e5gan genom personal, materiel och infrastruktur. En del av f\u00f6rsvarssatsningarna \u00e4r s\u00e5dant som samtliga riksdagspartier st\u00e5r bakom i den parlamentariska f\u00f6rsvarsberedningen.<\/p>\n\n\n<a class='Share__link Share__link--url copy-text' href='#' rel='nofollow' data-text='varden' title='Dela url' data-confirmation='L\u00e4nken kopierades till urklipp'><svg class='icon icon--link'  width='18' height='18' viewBox='0 0 18 18' fill='none' xmlns='http:\/\/www.w3.org\/2000\/svg'>\n            <path d='M10.4142 0.514721L6.87868 4.05025L8.29289 5.46447L11.1213 2.63604L15.364 6.87868L12.5355 9.70711L13.9497 11.1213L17.4853 7.58579C17.8763 7.19476 17.8763 6.5626 17.4853 6.17158L11.8284 0.514721C11.4374 0.123691 10.8052 0.123691 10.4142 0.514721Z' fill='black'\/>\n            <path d='M9.7071 12.5355L6.87868 15.364L2.63604 11.1213L5.46446 8.2929L4.05025 6.87868L0.514716 10.4142C0.123686 10.8052 0.123686 11.4374 0.514716 11.8284L6.17157 17.4853C6.5626 17.8763 7.19475 17.8763 7.58578 17.4853L11.1213 13.9497L9.7071 12.5355Z' fill='black'\/>\n            <path d='M6.17157 11.8284C6.5626 12.2195 7.19475 12.2195 7.58578 11.8284L11.8284 7.58579C12.2195 7.19476 12.2195 6.56261 11.8284 6.17158C11.4374 5.78055 10.8052 5.78055 10.4142 6.17158L6.17157 10.4142C5.78054 10.8052 5.78054 11.4374 6.17157 11.8284Z' fill='black'\/>\n            <\/svg> <\/a>\n<h2 class=\"wp-block-heading\">V\u00e5rden<\/h2>\n\n\n\n<p>H\u00e4lso- och sjukv\u00e5rden f\u00e5r drygt 3 miljarder i riktat st\u00f6d och cirka 1,4 miljarder g\u00e5r till psykisk oh\u00e4lsa och suicidprevention.<\/p>\n\n\n<a class='Share__link Share__link--url copy-text' href='#' rel='nofollow' data-text='skolan' title='Dela url' data-confirmation='L\u00e4nken kopierades till urklipp'><svg class='icon icon--link'  width='18' height='18' viewBox='0 0 18 18' fill='none' xmlns='http:\/\/www.w3.org\/2000\/svg'>\n            <path d='M10.4142 0.514721L6.87868 4.05025L8.29289 5.46447L11.1213 2.63604L15.364 6.87868L12.5355 9.70711L13.9497 11.1213L17.4853 7.58579C17.8763 7.19476 17.8763 6.5626 17.4853 6.17158L11.8284 0.514721C11.4374 0.123691 10.8052 0.123691 10.4142 0.514721Z' fill='black'\/>\n            <path d='M9.7071 12.5355L6.87868 15.364L2.63604 11.1213L5.46446 8.2929L4.05025 6.87868L0.514716 10.4142C0.123686 10.8052 0.123686 11.4374 0.514716 11.8284L6.17157 17.4853C6.5626 17.8763 7.19475 17.8763 7.58578 17.4853L11.1213 13.9497L9.7071 12.5355Z' fill='black'\/>\n            <path d='M6.17157 11.8284C6.5626 12.2195 7.19475 12.2195 7.58578 11.8284L11.8284 7.58579C12.2195 7.19476 12.2195 6.56261 11.8284 6.17158C11.4374 5.78055 10.8052 5.78055 10.4142 6.17158L6.17157 10.4142C5.78054 10.8052 5.78054 11.4374 6.17157 11.8284Z' fill='black'\/>\n            <\/svg> <\/a>\n<h2 class=\"wp-block-heading\">Skolan<\/h2>\n\n\n\n<p>Regeringen avs\u00e4tter cirka 2,8 miljarder i statsbidrag till f\u00f6rskolan och skolan f\u00f6r att h\u00f6ja kunskapsniv\u00e5n och \u00f6ka personalt\u00e4theten.<\/p>\n\n\n<a class='Share__link Share__link--url copy-text' href='#' rel='nofollow' data-text='rattsvasendet' title='Dela url' data-confirmation='L\u00e4nken kopierades till urklipp'><svg class='icon icon--link'  width='18' height='18' viewBox='0 0 18 18' fill='none' xmlns='http:\/\/www.w3.org\/2000\/svg'>\n            <path d='M10.4142 0.514721L6.87868 4.05025L8.29289 5.46447L11.1213 2.63604L15.364 6.87868L12.5355 9.70711L13.9497 11.1213L17.4853 7.58579C17.8763 7.19476 17.8763 6.5626 17.4853 6.17158L11.8284 0.514721C11.4374 0.123691 10.8052 0.123691 10.4142 0.514721Z' fill='black'\/>\n            <path d='M9.7071 12.5355L6.87868 15.364L2.63604 11.1213L5.46446 8.2929L4.05025 6.87868L0.514716 10.4142C0.123686 10.8052 0.123686 11.4374 0.514716 11.8284L6.17157 17.4853C6.5626 17.8763 7.19475 17.8763 7.58578 17.4853L11.1213 13.9497L9.7071 12.5355Z' fill='black'\/>\n            <path d='M6.17157 11.8284C6.5626 12.2195 7.19475 12.2195 7.58578 11.8284L11.8284 7.58579C12.2195 7.19476 12.2195 6.56261 11.8284 6.17158C11.4374 5.78055 10.8052 5.78055 10.4142 6.17158L6.17157 10.4142C5.78054 10.8052 5.78054 11.4374 6.17157 11.8284Z' fill='black'\/>\n            <\/svg> <\/a>\n<h2 class=\"wp-block-heading\">R\u00e4ttsv\u00e4sendet<\/h2>\n\n\n\n<p>Kriminalpolitiken \u00e4r en av regeringens h\u00f6gst prioriterade fr\u00e5gor och i h\u00f6stbudgeten kommer ytterligare tillskott till polis, kriminalv\u00e5rd och domstolarna. Sammanlagt l\u00e4gger regeringen och Sverigedemokraterna 3,5 miljarder kronor extra p\u00e5 r\u00e4ttsv\u00e4sendet n\u00e4sta \u00e5r, varav en miljard g\u00e5r till polisen. Till det brottsf\u00f6rebyggande arbetet avs\u00e4tter regeringen cirka 230 miljoner kronor.<\/p>\n\n\n\n<p>\u00d6vriga st\u00f6rre poster i budgeten \u00e4r \u00f6kade kostnader f\u00f6r l\u00e4kemedelsf\u00f6rm\u00e5ner med 5,6 miljarder, infrastruktur cirka 1,6 miljarder, pengar till forskning cirka 1,5 miljarder, klimat, milj\u00f6 och energi cirka 1,3 miljard, arbetsmarknad cirka 1,2 miljarder.<\/p>\n\n\n\n<p>Det \u00e4r gl\u00e4djande att regeringen \u00e4ntligen skiftar fokus i den ekonomiska politiken fr\u00e5n inflationsbek\u00e4mpning till reformer f\u00f6r \u00f6kad tillv\u00e4xt och produktivitet d\u00e4r kommande \u00e5rs omfattande satsningar p\u00e5 att rusta upp den mycket eftersatta infrastrukturen i Sverige och satsningar p\u00e5 forskning och utveckling \u00e4r viktiga best\u00e5ndsdelar. Vad exakt dessa kommer att inneh\u00e5lla presenteras senare i h\u00f6st i infrastrukturpropositionen samt forsknings- och innovationspropositionen.<\/p>\n\n\n\n<p>Regeringens skattes\u00e4nkningar f\u00f6r att \u00f6ka drivkrafterna att arbeta (11,1 mdr) och att premiera utbildning (4,7 mdr) \u00e4r v\u00e4ldigt v\u00e4lkomna och n\u00e5got som Almega har k\u00e4mpat f\u00f6r l\u00e4nge. Det ska alltid l\u00f6na sig att arbeta och att utbilda sig. Inf\u00f6randet av ett bidragstak och s\u00e4nkt statlig inkomstskatt \u00e4r ytterligare reformer som beh\u00f6vs.<\/p>\n\n\n\n<p>Potentialen f\u00f6r fortsatt tillv\u00e4xt inom tj\u00e4nstesektorn \u00e4r stor men detta f\u00f6ruts\u00e4tter en b\u00e4ttre tillg\u00e5ng p\u00e5 arbetskraft med r\u00e4tt kompetens. Trots den h\u00f6ga arbetsl\u00f6sheten har fortfarande vart fj\u00e4rde tj\u00e4nstef\u00f6retag brist p\u00e5 arbetskraft. Den omfattande bristen p\u00e5 kompetens \u00e4r det st\u00f6rsta tillv\u00e4xthindret f\u00f6r tj\u00e4nstef\u00f6retagen. Regeringen har presenterat f\u00f6rslag f\u00f6r att f\u00f6rb\u00e4ttra f\u00f6retagens kompetensf\u00f6rs\u00f6rjning (se avsnitt nedan), men dessa \u00e4r inte p\u00e5 l\u00e5nga v\u00e4gar tillr\u00e4ckliga.<\/p>\n\n\n\n<p>Sammantaget inneh\u00e5ller budgeten flera bra och viktiga delar f\u00f6r att f\u00e5 fart p\u00e5 tillv\u00e4xten och st\u00e4rka det svenska n\u00e4ringslivets konkurrenskraft. Men ytterligare satsningar beh\u00f6vs inom omr\u00e5dena arbetsmarknad och utbildning. De satsningar som regeringen g\u00f6r p\u00e5 dessa omr\u00e5den \u00e4r sm\u00e5 och inte tillr\u00e4ckligt omfattande f\u00f6r att r\u00e5da bot p\u00e5 den omfattande kompetensbristen.<\/p>\n\n\n<a class='Share__link Share__link--url copy-text' href='#' rel='nofollow' data-text='det-ekonomiska-laget' title='Dela url' data-confirmation='L\u00e4nken kopierades till urklipp'><svg class='icon icon--link'  width='18' height='18' viewBox='0 0 18 18' fill='none' xmlns='http:\/\/www.w3.org\/2000\/svg'>\n            <path d='M10.4142 0.514721L6.87868 4.05025L8.29289 5.46447L11.1213 2.63604L15.364 6.87868L12.5355 9.70711L13.9497 11.1213L17.4853 7.58579C17.8763 7.19476 17.8763 6.5626 17.4853 6.17158L11.8284 0.514721C11.4374 0.123691 10.8052 0.123691 10.4142 0.514721Z' fill='black'\/>\n            <path d='M9.7071 12.5355L6.87868 15.364L2.63604 11.1213L5.46446 8.2929L4.05025 6.87868L0.514716 10.4142C0.123686 10.8052 0.123686 11.4374 0.514716 11.8284L6.17157 17.4853C6.5626 17.8763 7.19475 17.8763 7.58578 17.4853L11.1213 13.9497L9.7071 12.5355Z' fill='black'\/>\n            <path d='M6.17157 11.8284C6.5626 12.2195 7.19475 12.2195 7.58578 11.8284L11.8284 7.58579C12.2195 7.19476 12.2195 6.56261 11.8284 6.17158C11.4374 5.78055 10.8052 5.78055 10.4142 6.17158L6.17157 10.4142C5.78054 10.8052 5.78054 11.4374 6.17157 11.8284Z' fill='black'\/>\n            <\/svg> <\/a>\n<h2 class=\"wp-block-heading\">Det ekonomiska l\u00e4get<\/h2>\n\n\n\n<p>Regeringen bed\u00f6mer att svensk ekonomi kommer att vara kvar i l\u00e5gkonjunkturen \u00e5ret ut. En svag privat konsumtion och l\u00e5ga investeringar inom industri och bygg \u00e4r huvudorsakerna till detta. Sjunkande r\u00e4ntor och stigande reall\u00f6ner v\u00e4ntas dock h\u00f6ja den inhemska efterfr\u00e5gan n\u00e4sta \u00e5r.<\/p>\n\n\n\n<p>\u00c4ven efterfr\u00e5gan fr\u00e5n utlandet \u00e4r svag vilket fr\u00e4mst drabbat svensk varuexport. USA befinner sig fortfarande i h\u00f6gkonjunktur tack vare en stark inhemsk efterfr\u00e5gan men tillv\u00e4xten i Euroomr\u00e5det har varit mycket svag i \u00e5r. Detta g\u00e4ller s\u00e4rskilt Tyskland vars industri har stora problem med konkurrenskraften. Kinas ekonomi har delvis \u00e5terh\u00e4mtat sig med hj\u00e4lp av en aggressiv exportpolitik. Den svenska exporten v\u00e4ntas dock f\u00f6rb\u00e4ttras under kommande \u00e5r n\u00e4r de ekonomierna i Europa b\u00f6rjar \u00e5terh\u00e4mta sig<\/p>\n\n\n\n<p>Stigande inhemsk efterfr\u00e5gan och f\u00f6rb\u00e4ttrad export inneb\u00e4r att konjunkturen b\u00f6rjar \u00e5terh\u00e4mta sig runt \u00e5rsskiftet. Under 2025 v\u00e4ntas tillv\u00e4xten ta fart p\u00e5 allvar.<\/p>\n\n\n\n<p>Inflationen med fast r\u00e4nta (KPIF) \u00e4r nu under Riksbankens tv\u00e5procentsm\u00e5l och v\u00e4ntas f\u00f6rbli d\u00e4r \u00e4ven n\u00e4sta \u00e5r. Det betyder att hush\u00e5llen f\u00e5r stigande reall\u00f6ner b\u00e5de i \u00e5r och kommande \u00e5r. Arbetsmarknaden forts\u00e4tter dock att vara svag och f\u00f6rst senare under 2025 v\u00e4ntas l\u00e4get f\u00f6rb\u00e4ttras. F\u00f6rb\u00e4ttringen blir dock troligen l\u00e5ngsam eftersom f\u00f6retagen beh\u00e5llit arbetskraft mer arbetskraft \u00e4n de beh\u00f6ver under l\u00e5gkonjunkturen.<\/p>\n\n\n\n<figure class=\"wp-block-image size-full\"><img loading=\"lazy\" decoding=\"async\" width=\"946\" height=\"513\" src=\"https:\/\/www.almega.se\/app\/uploads\/2024\/09\/tabell-1.png\" alt=\"\" class=\"wp-image-76007\" srcset=\"https:\/\/www.almega.se\/app\/uploads\/2024\/09\/tabell-1.png 946w, https:\/\/www.almega.se\/app\/uploads\/2024\/09\/tabell-1-580x315.png 580w, https:\/\/www.almega.se\/app\/uploads\/2024\/09\/tabell-1-380x206.png 380w, https:\/\/www.almega.se\/app\/uploads\/2024\/09\/tabell-1-768x416.png 768w\" sizes=\"auto, (max-width: 946px) 100vw, 946px\" \/><\/figure>\n\n\n<a class='Share__link Share__link--url copy-text' href='#' rel='nofollow' data-text='forbattra-forutsattningarna-for-jobb-och-foretagande' title='Dela url' data-confirmation='L\u00e4nken kopierades till urklipp'><svg class='icon icon--link'  width='18' height='18' viewBox='0 0 18 18' fill='none' xmlns='http:\/\/www.w3.org\/2000\/svg'>\n            <path d='M10.4142 0.514721L6.87868 4.05025L8.29289 5.46447L11.1213 2.63604L15.364 6.87868L12.5355 9.70711L13.9497 11.1213L17.4853 7.58579C17.8763 7.19476 17.8763 6.5626 17.4853 6.17158L11.8284 0.514721C11.4374 0.123691 10.8052 0.123691 10.4142 0.514721Z' fill='black'\/>\n            <path d='M9.7071 12.5355L6.87868 15.364L2.63604 11.1213L5.46446 8.2929L4.05025 6.87868L0.514716 10.4142C0.123686 10.8052 0.123686 11.4374 0.514716 11.8284L6.17157 17.4853C6.5626 17.8763 7.19475 17.8763 7.58578 17.4853L11.1213 13.9497L9.7071 12.5355Z' fill='black'\/>\n            <path d='M6.17157 11.8284C6.5626 12.2195 7.19475 12.2195 7.58578 11.8284L11.8284 7.58579C12.2195 7.19476 12.2195 6.56261 11.8284 6.17158C11.4374 5.78055 10.8052 5.78055 10.4142 6.17158L6.17157 10.4142C5.78054 10.8052 5.78054 11.4374 6.17157 11.8284Z' fill='black'\/>\n            <\/svg> <\/a>\n<h2 class=\"wp-block-heading\">F\u00f6rb\u00e4ttra f\u00f6ruts\u00e4ttningarna f\u00f6r jobb och f\u00f6retagande<\/h2>\n\n\n\n<p>I denna budget f\u00f6resl\u00e5r regeringen fler v\u00e4lkomna skattes\u00e4nkningar. Det g\u00e4ller framf\u00f6r allt f\u00f6rst\u00e4rkningen av jobbskatteavdraget och s\u00e4nkningen av marginalskatten f\u00f6r inkomster \u00f6ver 64 000 kronor i m\u00e5naden. Det \u00e4r ocks\u00e5 v\u00e4lkommet att regeringen f\u00f6resl\u00e5r att brytpunkten f\u00f6r statlig skatt i \u00e5r h\u00f6js enligt praxis med inflationen plus tv\u00e5 procent. Hade regeringen inte gjort detta hade inkomstskatten h\u00f6jts f\u00f6r tiotusentals arbetstagare.<\/p>\n\n\n\n<p>Regeringen f\u00f6resl\u00e5r \u00e4ven andra skattes\u00e4nkningar och vissa skatteh\u00f6jningar. Totalt inneb\u00e4r f\u00f6rslagen en skattes\u00e4nkning netto p\u00e5 23,2 miljarder kronor 2025.<\/p>\n\n\n\n<h3 class=\"wp-block-heading\">S\u00e4nkta skatter<\/h3>\n\n\n\n<h4 class=\"wp-block-heading\">F\u00f6rst\u00e4rkt jobbskatteavdrag<\/h4>\n\n\n\n<p>Skatterna p\u00e5 arbetsinkomster f\u00f6r l\u00e5g- och medelinkomsttagare s\u00e4nks genom en f\u00f6rst\u00e4rkning av jobbskatteavdraget f\u00f6r personer med en m\u00e5nadsinkomst \u00f6ver 15 900 kronor. F\u00f6rslaget inneb\u00e4r i genomsnitt en skattes\u00e4nkning med 220 kronor i m\u00e5naden per inkomsttagare. Den offentligfinansiella kostnaden ber\u00e4knas till 11,09 miljarder kronor 2025.<\/p>\n\n\n\n<h4 class=\"wp-block-heading\">S\u00e4nkt skatt f\u00f6r pension\u00e4rer<\/h4>\n\n\n\n<p>Regeringen f\u00f6resl\u00e5r s\u00e4nkt skatt f\u00f6r pension\u00e4rer genom ett f\u00f6rh\u00f6jt grundavdrag som motsvarar f\u00f6rst\u00e4rkningen av jobbskatteavdraget. Den offentligfinansiella effekten ber\u00e4knas till 2,41 miljarder kronor 2025.<\/p>\n\n\n\n<h4 class=\"wp-block-heading\">S\u00e4nkt marginalskatt<\/h4>\n\n\n\n<p>Marginalskatten p\u00e5 h\u00f6gre arbetsinkomster s\u00e4nks genom att avtrappningen av jobbskatteavdraget tas bort. S\u00e4nkningen av marginalskatten blir tre procentenheter p\u00e5 inkomster mellan 64 000 kronor och 184 000 kronor i m\u00e5naden. Den offentligfinansiella effekten ber\u00e4knas till 4,71 miljarder kronor 2025.<\/p>\n\n\n\n<h4 class=\"wp-block-heading\">S\u00e4nkt skatt f\u00f6r ISK-sparande med mera<\/h4>\n\n\n\n<p>Regeringen f\u00f6resl\u00e5r att skattefri grundniv\u00e5 inf\u00f6rs f\u00f6r sparande p\u00e5 investeringssparkonto (ISK), i kapitalf\u00f6rs\u00e4kring och i PEPP-produkt. Den skattefria grundniv\u00e5n f\u00f6resl\u00e5s bli 150 000 kronor 2025 och 300 000 kronor fr\u00e5n 2026. Den offentligfinansiella effekten ber\u00e4knas till 4,4 miljarder kronor 2025 och 7,0 miljarder kronor 2026.<\/p>\n\n\n\n<h4 class=\"wp-block-heading\">S\u00e4nkt skatt p\u00e5 bensin och diesel<\/h4>\n\n\n\n<p>Regeringens f\u00f6resl\u00e5r att reduktionsplikten f\u00f6r bensin och diesel h\u00f6js 205. F\u00f6r att motverka att detta leder till h\u00f6jda priser f\u00f6r konsumenter f\u00f6resl\u00e5r regeringen att skatten p\u00e5 bensin och diesel s\u00e4nks n\u00e4sta \u00e5r. Den offentligfinansiella effekten ber\u00e4knas till 3,2 miljarder kronor 2025 och 5,5 miljarder kronor 2026.<\/p>\n\n\n\n<h4 class=\"wp-block-heading\">Ut\u00f6kad neds\u00e4ttning av skatt p\u00e5 jordbruksdiesel<\/h4>\n\n\n\n<p>Regeringen f\u00f6resl\u00e5r att neds\u00e4ttningen av skatten p\u00e5 diesel som anv\u00e4nds av maskiner i jord- och skogsbruk ut\u00f6kas. Den offentligfinansiella effekten ber\u00e4knas till 0,61 miljarder kronor 2025.<\/p>\n\n\n\n<h4 class=\"wp-block-heading\">Avskaffad flygskatt<\/h4>\n\n\n\n<p>Regeringen f\u00f6resl\u00e5r att den s\u00e4rskilda skatten p\u00e5 flygresor avskaffas den 1 juli 2025. Den offentligfinansiella effekten ber\u00e4knas till 0,87 miljarder kronor 2025 och 1,82 miljarder kronor 2026.<\/p>\n\n\n\n<h4 class=\"wp-block-heading\">S\u00e4nkt gr\u00e4ns f\u00f6r expertskatt<\/h4>\n\n\n\n<p>Svenska f\u00f6retags m\u00f6jligheter att rekrytera utl\u00e4ndska experter f\u00f6renklas genom att den nedre inkomstgr\u00e4nsen f\u00f6r s\u00e5 kallad expertskatt s\u00e4nks fr\u00e5n tv\u00e5 prisbasbelopp i m\u00e5naden (117 600 kronor) till 1,5 prisbasbelopp (88 200 kronor). Den offentligfinansiella effekten ber\u00e4knas till 70 miljoner kronor 2025 och 140 miljoner kronor 2026.<\/p>\n\n\n\n<h4 class=\"wp-block-heading\">F\u00f6rb\u00e4ttrade skattevillkor f\u00f6r enskilda n\u00e4ringsidkare<\/h4>\n\n\n\n<p>Regeringen f\u00f6resl\u00e5r flera mindre justeringar i beskattningen av enskilda n\u00e4ringsidkare som leder till s\u00e4nkt skatt. Den offentligfinansiella effekten ber\u00e4knas till 21 miljoner kronor 2025.<\/p>\n\n\n\n<h4 class=\"wp-block-heading\">Ut\u00f6kad v\u00e4xast\u00f6d<\/h4>\n\n\n\n<p>Neds\u00e4ttningen av arbetsgivaravgifterna f\u00f6r enmansf\u00f6retag som anst\u00e4ller en f\u00f6rsta person utvidgas fr\u00e5n en till tv\u00e5 anst\u00e4llda. Den offentligfinansiella effekten ber\u00e4knas till 80 miljoner kronor 2025 och 190 miljoner kronor 2026.<\/p>\n\n\n\n<h4 class=\"wp-block-heading\">S\u00e4nkt \u00f6lskatt f\u00f6r sm\u00e5 bryggerier<\/h4>\n\n\n\n<p>Regeringen f\u00f6resl\u00e5r s\u00e4nkt skatt p\u00e5 \u00f6l som produceras av oberoende sm\u00e5bryggerier fr\u00e5n den 1 juli 2025. Den offentligfinansiella effekten av f\u00f6rslaget ber\u00e4knas till 60 miljoner kronor 2025 och 120 miljoner kronor 2026.<\/p>\n\n\n\n<h3 class=\"wp-block-heading\">H\u00f6jda skatter<\/h3>\n\n\n\n<h4 class=\"wp-block-heading\">Avtrappade r\u00e4nteavdrag f\u00f6r l\u00e5n utan s\u00e4kerhet<\/h4>\n\n\n\n<p>Regeringen f\u00f6resl\u00e5r att avdragsr\u00e4tten f\u00f6r s\u00e5 kallade blancol\u00e5n \u2013 l\u00e5n utan s\u00e4kerhet i bostad, v\u00e4rdepapper, fordon \u2013 trappas av. Under 2025 f\u00f6resl\u00e5s r\u00e4ntorna vara avdragsgilla till 50 procent. \u00c5r 2026 avskaffas avdragsr\u00e4tten. F\u00f6rslaget ber\u00e4knas ge \u00f6kade skatteint\u00e4kter p\u00e5 4,3 miljarder kronor 2025 och 8,7 miljarder kronor 2026.<\/p>\n\n\n\n<h4 class=\"wp-block-heading\">Minskade skattereduktioner f\u00f6r f\u00f6rnybar elproduktion<\/h4>\n\n\n\n<p>Regeringen f\u00f6resl\u00e5r att subventionsgraden f\u00f6r installation av solceller minskas samt att skattereduktionen f\u00f6r mikroproduktion av f\u00f6rnybar el genom solceller tas bort. Sammantaget ber\u00e4knas f\u00f6rslagen ge \u00f6kade skatteint\u00e4kter p\u00e5 0,1 miljarder kronor 2025 och 0,88 miljarder kronor 2026.<\/p>\n\n\n\n<h4 class=\"wp-block-heading\">H\u00f6jd gr\u00e4ns f\u00f6r reseavdrag<\/h4>\n\n\n\n<p>Det l\u00e4gsta beloppet f\u00f6r skatteavdrag f\u00f6r arbetsresor h\u00f6js fr\u00e5n 11 000 kronor om \u00e5ret till 13 000 kronor fr\u00e5n 2026. F\u00f6rslaget ber\u00e4knas ge \u00f6kade skatteint\u00e4kter p\u00e5 0,57 miljarder kronor 2026.<\/p>\n\n\n\n<figure class=\"wp-block-image size-full\"><img loading=\"lazy\" decoding=\"async\" width=\"1026\" height=\"997\" src=\"https:\/\/www.almega.se\/app\/uploads\/2024\/09\/tabell2.png\" alt=\"\" class=\"wp-image-76008\" srcset=\"https:\/\/www.almega.se\/app\/uploads\/2024\/09\/tabell2.png 1026w, https:\/\/www.almega.se\/app\/uploads\/2024\/09\/tabell2-580x564.png 580w, https:\/\/www.almega.se\/app\/uploads\/2024\/09\/tabell2-380x369.png 380w, https:\/\/www.almega.se\/app\/uploads\/2024\/09\/tabell2-768x746.png 768w\" sizes=\"auto, (max-width: 1026px) 100vw, 1026px\" \/><\/figure>\n\n\n<a class='Share__link Share__link--url copy-text' href='#' rel='nofollow' data-text='forbattra-tjansteforetagens-kompetensforsorjning' title='Dela url' data-confirmation='L\u00e4nken kopierades till urklipp'><svg class='icon icon--link'  width='18' height='18' viewBox='0 0 18 18' fill='none' xmlns='http:\/\/www.w3.org\/2000\/svg'>\n            <path d='M10.4142 0.514721L6.87868 4.05025L8.29289 5.46447L11.1213 2.63604L15.364 6.87868L12.5355 9.70711L13.9497 11.1213L17.4853 7.58579C17.8763 7.19476 17.8763 6.5626 17.4853 6.17158L11.8284 0.514721C11.4374 0.123691 10.8052 0.123691 10.4142 0.514721Z' fill='black'\/>\n            <path d='M9.7071 12.5355L6.87868 15.364L2.63604 11.1213L5.46446 8.2929L4.05025 6.87868L0.514716 10.4142C0.123686 10.8052 0.123686 11.4374 0.514716 11.8284L6.17157 17.4853C6.5626 17.8763 7.19475 17.8763 7.58578 17.4853L11.1213 13.9497L9.7071 12.5355Z' fill='black'\/>\n            <path d='M6.17157 11.8284C6.5626 12.2195 7.19475 12.2195 7.58578 11.8284L11.8284 7.58579C12.2195 7.19476 12.2195 6.56261 11.8284 6.17158C11.4374 5.78055 10.8052 5.78055 10.4142 6.17158L6.17157 10.4142C5.78054 10.8052 5.78054 11.4374 6.17157 11.8284Z' fill='black'\/>\n            <\/svg> <\/a>\n<h2 class=\"wp-block-heading\"><br>F\u00f6rb\u00e4ttra tj\u00e4nstef\u00f6retagens kompetensf\u00f6rs\u00f6rjning<\/h2>\n\n\n\n<p>Regeringen genomf\u00f6r f\u00f6rh\u00e5llandevis f\u00e5 satsningar i budgeten som \u00e4r positiva f\u00f6r tj\u00e4nstef\u00f6retagens kompetensf\u00f6rs\u00f6rjning, trots budgetens fokus p\u00e5 tillv\u00e4xt. Av de satsningar som regeringen presenterar \u00e4r den enskilt st\u00f6rsta posten p\u00e5 \u201dForskning och utveckling\u201d d\u00e4r medel f\u00f6r forsknings- och innovationsproposition, som presenteras senare i h\u00f6st. Precis som i f\u00f6rra \u00e5rets budget, och i v\u00e5r\u00e4ndringsbudgeten, finansieras fler platser till Yrkesvux. \u00d6vriga satsningar som sker \u00e4r ytterst modesta och det \u00e4r tydligt i \u00e5rets budget att kompetensf\u00f6rs\u00f6rjningen inte prioriteras.<\/p>\n\n\n\n<p>I budgeten f\u00f6r 2025 f\u00f6resl\u00e5s att den del av anslaget till Arbetsf\u00f6rmedlingen som finansierar aktiva arbetsmarknadsinsatser &#8211; Kostnader f\u00f6r arbetsmarknadspolitiska program och insatser &#8211; s\u00e4nks med drygt 160 miljoner kronor. Det inneb\u00e4r i praktiken att regeringen, trots en arbetsl\u00f6shet p\u00e5 \u00f6ver \u00e5tta procent, och prognoser som pekar p\u00e5 att den kommer att \u00f6ka, inte satsar p\u00e5 de upphandlade tj\u00e4nster som tidigare har visat sig vara framg\u00e5ngsrika. I st\u00e4llet f\u00e5r Arbetsf\u00f6rmedlingen ytterligare medel f\u00f6r att sk\u00f6ta sitt nya uppdrag i egen regi. Detta \u00e4r orov\u00e4ckande b\u00e5de f\u00f6r de arbetss\u00f6kande, v\u00e5ra medlemsf\u00f6retag som levererar tj\u00e4nster samt de f\u00f6retag som letar kompetens.<br>Regeringen ger medel i budgeten f\u00f6r att locka hit internationell spetskompetens och s\u00e4nker niv\u00e5n p\u00e5 inkomst f\u00f6r den s\u00e5 kallade expertskatten samt ger Business Sweden och Svenska Institutet medel med ambitionen att attrahera internationell kompetens. Det \u00e4r dock p\u00e5 v\u00e4ldigt blygsamma niv\u00e5er (se vidare nedan samt i avsnitt Internationell handel).<\/p>\n\n\n\n<p>En v\u00e4lkommen satsning \u00e4r ett ut\u00f6kat \u201dv\u00e4xa st\u00f6d\u201d f\u00f6r f\u00f6retag som anst\u00e4ller sina f\u00f6rsta tv\u00e5 medarbetare med l\u00e4gre arbetsgivaravgift. Tyv\u00e4rr n\u00e5r detta alltf\u00f6r f\u00e5 f\u00f6retag och en bredare s\u00e4nkning f\u00f6r att \u00f6ppna upp arbetsmarknaden f\u00f6r fler med \u00f6kad produktivitet som resultat \u00e4r att \u00f6nska.<\/p>\n\n\n\n<h3 class=\"wp-block-heading\">Utbildning<\/h3>\n\n\n\n<h4 class=\"wp-block-heading\">Ingenj\u00f6rslandet Sverige<\/h4>\n\n\n\n<p>Regeringen f\u00f6resl\u00e5r den st\u00f6rsta satsningen n\u00e5gonsin p\u00e5 forskning och innovation f\u00f6r att bygga ingenj\u00f6rslandet Sverige starkare. Niv\u00e5h\u00f6jning om 1,5 miljarder kronor f\u00f6r 2025 som sedan \u00f6kas p\u00e5 med 2,5 respektive 4 miljarder kronor f\u00f6r 2026 och 2027. Inneh\u00e5llet i satsningen kommer att presenteras senare i h\u00f6st d\u00e5 forsknings- och innovationspropositionen presenteras.<\/p>\n\n\n\n<h4 class=\"wp-block-heading\">Fler yrkesutbildningar<\/h4>\n\n\n\n<p>F\u00f6r att m\u00f6ta den h\u00f6ga, och stigande, arbetsl\u00f6sheten tillf\u00f6r regeringen 11 000 nya platser inom regionalt yrkesvux till en kostnad av 900 miljoner. Behovet av yrkesutbildad personal \u00e4r stort men Riksrevisionen har kritiserat regeringen i att den grupp av arbetss\u00f6kande som kan tillgodose sig denna typ av utbildning \u00e4r ytterst begr\u00e4nsad. Ytterligare en utmaning \u00e4r att kommunerna, som tillhandah\u00e5ller utbildningarna, inte klarar av att g\u00f6ra av med medlen. Under 2023 kom endast 73 procent till anv\u00e4ndning.<\/p>\n\n\n\n<h4 class=\"wp-block-heading\">Jobbspr\u00e5nget<\/h4>\n\n\n\n<p>F\u00f6r att f\u00e5 fler akademiker f\u00f6dda utanf\u00f6r Sverige att komma i jobb tilldelas Jobbspr\u00e5nget ytterligare 10 miljoner kronor. Jobbspr\u00e5nget \u00e4r Sveriges st\u00f6rsta praktikprogram f\u00f6r nyanl\u00e4nda akademiker med tyngd p\u00e5 framf\u00f6r allt ingenj\u00f6rer och industrin.<br>Spr\u00e5k och integrationsinsatser f\u00f6r utrikes f\u00f6dda som \u00e4r hemma med barn<br>I ett f\u00f6rs\u00f6k att f\u00e5 framf\u00f6r allt fler utrikes f\u00f6dda kvinnor att l\u00e4ra sig svenska, satser regeringen 31 miljoner till integrationsinsatser riktade till utrikes f\u00f6dda hemma med barn. Finansieringen \u00e4r t\u00e4nkt att g\u00e5 till spr\u00e5ktr\u00e4ning, l\u00e4sfr\u00e4mjande insatser och studie- och yrkesv\u00e4gledning f\u00f6r m\u00e5lgruppen.<\/p>\n\n\n\n<h4 class=\"wp-block-heading\">Anst\u00e4llda i v\u00e4lf\u00e4rden ska f\u00e5 spr\u00e5ktr\u00e4ning<\/h4>\n\n\n\n<p>F\u00f6r att komma till bukt med spr\u00e5kliga utmaningar i v\u00e4lf\u00e4rdsyrken f\u00f6resl\u00e5r regeringen att skjuta till 40 miljoner kronor i budgeten. Det inneb\u00e4r att spr\u00e5ktr\u00e4ning kan forts\u00e4tta att ges till anst\u00e4llda i \u00e4ldreomsorgen och f\u00f6rskolan. Arbetet planeras att p\u00e5g\u00e5 till och med 2026.<\/p>\n\n\n\n<h4 class=\"wp-block-heading\">Attrahera och beh\u00e5lla nyckelkompetens<\/h4>\n\n\n\n<p>Regeringen l\u00e4gger fram tv\u00e5 f\u00f6rslag f\u00f6r att st\u00f6tta svenska f\u00f6retag i jakten p\u00e5 internationell spetskompetens. Dels ges ut\u00f6kade medel till Business Sweden och Svenska Institutet f\u00f6r att arbeta med att s\u00e4lja in Sveriges och svenska f\u00f6retag utomlands (\u00f6kning med totalt 8 miljoner kronor), dels s\u00e4nks niv\u00e5n f\u00f6r Expertskatten s\u00e5 att fler omfattas av denna. Kombinationen har som m\u00e5l att fler talanger med spetskompetens ska v\u00e4lja att flytta till Sverige och bidra till f\u00f6retagens utveckling.<\/p>\n\n\n\n<h3 class=\"wp-block-heading\">Arbetsmarknad<\/h3>\n\n\n\n<h4 class=\"wp-block-heading\">Arbetsf\u00f6rmedlingen \u2013 f\u00f6rst\u00e4rkt st\u00f6d till personer som st\u00e5r l\u00e5ngt ifr\u00e5n<\/h4>\n\n\n\n<p>Regeringen bed\u00f6mer att arbetsl\u00f6sheten kommer att forts\u00e4tta \u00f6ka under 2025 och v\u00e4ljer att adressera detta med den tidigare n\u00e4mnda utbildningssatsningen inom regionalt Yrkesvux samt f\u00f6rst\u00e4rkt st\u00f6d till personer som st\u00e5r l\u00e5ngt ifr\u00e5n arbetsmarknaden. Det f\u00f6rst\u00e4rkta st\u00f6det ges i Arbetsf\u00f6rmedlingens egen regi och de f\u00e5r 79 miljoner kronor i ytterligare finansiering till myndigheten. Vidare ber\u00e4knar man att 158 miljoner tillf\u00f6rs 2026 och 238 miljoner kronor fr\u00e5n och med 2027.<\/p>\n\n\n\n<h4 class=\"wp-block-heading\">St\u00e4rkt st\u00f6d till personer med funktionsneds\u00e4ttning<\/h4>\n\n\n\n<p>Arbetsl\u00f6sheten bland personer med funktionsneds\u00e4ttning som medf\u00f6r nedsatt arbetsf\u00f6rm\u00e5ga \u00e4r betydligt h\u00f6gre \u00e4n i \u00f6vriga befolkningen. F\u00f6r att underl\u00e4tta f\u00f6r den h\u00e4r gruppen att komma i arbete eller utbildning f\u00f6resl\u00e5r regeringen flera f\u00f6rslag i budgeten bland annat ett vidgat tolkst\u00f6d, st\u00e4rkt utbildningsst\u00f6d och f\u00f6renklat st\u00f6d till start av n\u00e4ringsverksamhet. Reformerna ber\u00e4knas kosta ca 60 miljoner.<\/p>\n\n\n\n<h4 class=\"wp-block-heading\">Upphandlade aktiva arbetsmarknadsinsatser minskas<\/h4>\n\n\n\n<p>Regeringen trycker p\u00e5 att arbetsmarknadspolitiken beh\u00f6ver utformas s\u00e5 att fler kommer i arbete och bli mer kostnadseffektiv. Trots detta har andelen och antalet arbetss\u00f6kande som f\u00e5r ta del av de aktiva insatser som fungerar v\u00e4l minskat under 2024 och prognoserna fr\u00e5n Arbetsf\u00f6rmedlingen f\u00f6r resterande delen av \u00e5ret \u00e4r att de l\u00e4gre niv\u00e5erna ska forts\u00e4tta.<br>Det som f\u00f6resl\u00e5s i budgeten f\u00f6r 2025 med minskade medel till programanslagen indikerar fortsatt f\u00f6r l\u00e5ga niv\u00e5er av deltagare i de aktiva arbetsmarknadsinsatserna som finns f\u00f6r arbetss\u00f6kande inskrivna hos Arbetsf\u00f6rmedlingen. V\u00e5rt m\u00e5l har varit att matchningstj\u00e4nsten ska bli det nya navet i arbetsmarknadspolitiken. Nu kommer f\u00e4rre l\u00e5ngtidsarbetsl\u00f6sa att f\u00e5 ta del av aktiva arbetsmarknadsinsatser och det riskerar \u00f6ka l\u00e5ngtidsarbetsl\u00f6sheten. Det f\u00f6rst\u00e4rkta st\u00f6det som ges i egen regi av Arbetsf\u00f6rmedlingen ser inte ut att kunna kompensera f\u00f6r minskat antal deltagare i den upphandlade Rusta och matchatj\u00e4nsten.<\/p>\n\n\n\n<p>\u00c4ven de \u00f6vriga aktiva insatserna som arbetsmarknadsutbildningarna, f\u00f6rberedande utbildningar och rustande tj\u00e4nster som steg till arbete har minskat i volymer under \u00e5ret, dock ej f\u00f6r arbetsmarknadsutbildning. Det \u00e4r givetvis positivt att arbetsmarknadsutbildningarna inte minskar men i tider av stigande arbetsl\u00f6shet \u00f6nskar vi dock se en rej\u00e4l \u00f6kning av antalet deltagare.<\/p>\n\n\n\n<h4 class=\"wp-block-heading\">B\u00e4ttre fungerande marknader<\/h4>\n\n\n\n<p>F\u00f6renklingar och f\u00f6retagsfr\u00e4mjande f\u00f6r fler och v\u00e4xande f\u00f6retag<br>Regeringen konstaterar att det \u00e4r en problematisk utveckling att f\u00f6retagens totala regelkostnader forts\u00e4tter \u00f6ka och att de driver en offensiv f\u00f6renklingsagenda och prioriterar \u00e5tg\u00e4rder f\u00f6r att minska f\u00f6retagens regelb\u00f6rda och f\u00f6renkla regler i syfte att st\u00e4rka s\u00e5v\u00e4l stora som sm\u00e5 svenska f\u00f6retags konkurrenskraft. Regeringen har inr\u00e4ttat F\u00f6renklingsr\u00e5det och ett implementeringsr\u00e5d, som ska bidra till att st\u00e4rka de svenska f\u00f6retagens konkurrenskraft. R\u00e5den kommer att verka i olika delar av den svenska lagstiftningsprocessen och regeringen skriver att de kommer att f\u00f6lja detta arbete noga.<br>Regeringen skriver vidare att f\u00f6retag har m\u00e5nga kontakter med l\u00e4nsstyrelserna i olika fr\u00e5gor varf\u00f6r de kommer att st\u00e4rka l\u00e4nsstyrelsernas f\u00f6ruts\u00e4ttningar att inom sin verksamhet underl\u00e4tta f\u00f6retagens myndighetskontakter och uppgiftsl\u00e4mnande, vilket kan f\u00f6renkla vardagen f\u00f6r m\u00e5nga f\u00f6retag. Regeringen avs\u00e4tter d\u00e4rf\u00f6r medel till L\u00e4nsstyrelsen i V\u00e4sterbottens l\u00e4n f\u00f6r att sprida och f\u00f6r aktuella l\u00e4nsstyrelser att implementera nya arbetss\u00e4tt f\u00f6r en effektivare samr\u00e5dsprocess som ska underl\u00e4tta f\u00f6r f\u00f6retag i samr\u00e5dsprocessen enligt milj\u00f6balken.<\/p>\n\n\n\n<h4 class=\"wp-block-heading\">Tillst\u00e5ndsprocesserna ska bli effektivare<\/h4>\n\n\n\n<p>F\u00f6r att Sverige ska kunna m\u00f6ta klimatomst\u00e4llningens utmaningar och s\u00e4kra n\u00e4ringslivets konkurrenskraft kr\u00e4vs snabba och f\u00f6rutsebara tillst\u00e5ndsprocesser. Regeringen har tidigare l\u00e4mnat flera f\u00f6rslag f\u00f6r att fr\u00e4mja en mer effektiv milj\u00f6pr\u00f6vning och f\u00f6resl\u00e5r i denna budget ytterligare \u00e5tg\u00e4rder f\u00f6r att f\u00f6renkla och modernisera tillst\u00e5ndsprocesserna. Enligt regeringen beh\u00f6ver ber\u00f6rda tillsynsmyndigheter b\u00e4ttre f\u00f6ruts\u00e4ttningar f\u00f6r att kunna arbeta mer effektivt med milj\u00f6tillst\u00e5ndsprocesser. Regeringen f\u00f6resl\u00e5r d\u00e4rf\u00f6r f\u00f6rst\u00e4rkningar till bl.a. l\u00e4nsstyrelserna och Sveriges Domstolar f\u00f6r att i h\u00f6gre grad b\u00e5de f\u00f6renkla och snabba p\u00e5 tillst\u00e5ndsprocesser i syfte att st\u00e4rka ett expansivt n\u00e4ringsliv. Denna f\u00f6rst\u00e4rkning uppg\u00e5r till 8 miljoner kronor.<\/p>\n\n\n\n<h4 class=\"wp-block-heading\">EU<\/h4>\n\n\n\n<p>Regeringen f\u00f6resl\u00e5r i budgeten 1,3 miljoner kronor fr\u00e5n och med 2025 till Universitets- och h\u00f6gskoler\u00e5det f\u00f6r att f\u00f6rst\u00e4rka tr\u00e4nings- och coachningsst\u00f6det till svenskar inf\u00f6r EU:s uttagningsprov f\u00f6r strategiskt viktiga tj\u00e4nster inom EU-institutionerna.<br>Utrikeshandel\/internationella investeringar<\/p>\n\n\n\n<p>Under rubriken Fler investeringar och b\u00e4ttre kompetensf\u00f6rs\u00f6rjning satsar regeringen 5 miljoner kronor 2025 f\u00f6r att \u00f6ka anslaget till Visit Sweden i syfte att fr\u00e4mja svensk turism och bes\u00f6ksn\u00e4ring.<\/p>\n\n\n\n<p>Regeringen f\u00f6resl\u00e5r ocks\u00e5 ett tillskott p\u00e5 8 miljoner till Svenska Institutet och Business Sweden f\u00f6r informationscenter i tech-kluster i andra l\u00e4nder med mera.<\/p>\n\n\n\n<p>Business Sweden f\u00e5r ocks\u00e5 ett tillskott p\u00e5 16 miljoner kronor f\u00f6r att st\u00e4rka arbetet med att identifiera och bidra till att l\u00f6sa hinder f\u00f6r investeringar f\u00f6r b\u00e5de svenska och utl\u00e4ndska f\u00f6retag i Sverige samt att attrahera strategiska investeringar till Sverige. Man f\u00f6resl\u00e5r ocks\u00e5 en s\u00e4rskild satsning om 10 miljoner kronor f\u00f6r att arrangera en internationell investeringskonferens f\u00f6r att positionera Sverige som en attraktiv destination f\u00f6r utl\u00e4ndska investeringar.<\/p>\n\n\n\n<p>Kopplat till utl\u00e4ndska direktinvesteringar s\u00e5 f\u00f6resl\u00e5r regeringen i budgeten att totalf\u00f6rsvarets forskningsinstitut (FOI) ska bist\u00e5 Inspektionen f\u00f6r strategiska produkter (ISP) i granskningen av utl\u00e4ndska direktinvesteringar. Syftet \u00e4r att st\u00e4rka Sverige mot hybridhot. Man f\u00f6resl\u00e5r att FOI f\u00e5r 4 miljoner \u00e5rligen f\u00f6r att bist\u00e5 ISP fr\u00e5n och med 2025.<\/p>\n\n\n\n<h4 class=\"wp-block-heading\">AI<\/h4>\n\n\n\n<p>Inget direkt konkret om AI presenteras i budgeten. N\u00e5got som \u00e4r v\u00e4rt att n\u00e4mna kopplat till innovation och banbrytande teknik generellt \u00e4r att regeringen nu genomf\u00f6r den st\u00f6rsta satsningen n\u00e5gonsin p\u00e5 forskning och innovation d\u00e4r fokuset kommer ligga p\u00e5 excellens, p\u00e5 forskningsinfrastruktur och p\u00e5 just banbrytande teknik. F\u00f6r 2025 f\u00f6resl\u00e5r regeringen i budgetpropositionen att anslagen f\u00f6r forskning och innovation h\u00f6js med 1,5 miljarder kronor. Regeringen ber\u00e4knar att niv\u00e5h\u00f6jningen av anslagen blir 2,5 miljarder kronor 2026, 4 miljarder kronor 2027 och 6,5 miljarder kronor 2028.<\/p>\n\n\n\n<h4 class=\"wp-block-heading\">V\u00e4lf\u00e4rdsf\u00f6retagande &#8211; friskolor<\/h4>\n\n\n\n<p>Det \u00e4r intressant att notera att i avsnittet om politikens inriktning f\u00f6r Utgiftsomr\u00e5de 16 n\u00e4mns frist\u00e5ende skolor inte, vilket skulle kunna ses som en antydan om att f\u00f6rsv\u00e5ra friskolor trots allt, \u00e5tminstone ur ett statsfinansiellt perspektiv, inte \u00e4r n\u00e5gon prioritering f\u00f6r regeringen.<\/p>\n\n\n\n<p>Begreppet frist\u00e5ende skola eller f\u00f6rskola f\u00f6rekommer ett antal g\u00e5nger i Utgiftsomr\u00e5de 16, men inte n\u00e5gon g\u00e5ng ur ett normativt perspektiv.<br>Intressant \u00e4r att regeringen konstaterar att det var \u201dn\u00e5got fler flickor \u00e4n pojkar som gick i en frist\u00e5ende grundskola l\u00e4s\u00e5ret 2023\/24 och s\u00e5 s\u00e5g det \u00e4ven ut f\u00f6reg\u00e5ende l\u00e4s\u00e5r\u201d.<\/p>\n\n\n\n<p>Regeringen konstaterar ocks\u00e5, trots debatten, att andelen elever i frist\u00e5ende gymnasieskolor forts\u00e4tter att \u00f6ka.<\/p>\n\n\n\n<p>Budgeten redovisar som vanligt de totala offentliga kostnaderna f\u00f6r utbildningsv\u00e4sendet, som \u00e5r 2023 l\u00e5g p\u00e5 476 miljarder. Det \u00e4r mot denna siffra friskolornas vinstutdelningar ska j\u00e4mf\u00f6ras.<\/p>\n\n\n<a class='Share__link Share__link--url copy-text' href='#' rel='nofollow' data-text='nagra-aviserade-forandringar-infor-budget-2026' title='Dela url' data-confirmation='L\u00e4nken kopierades till urklipp'><svg class='icon icon--link'  width='18' height='18' viewBox='0 0 18 18' fill='none' xmlns='http:\/\/www.w3.org\/2000\/svg'>\n            <path d='M10.4142 0.514721L6.87868 4.05025L8.29289 5.46447L11.1213 2.63604L15.364 6.87868L12.5355 9.70711L13.9497 11.1213L17.4853 7.58579C17.8763 7.19476 17.8763 6.5626 17.4853 6.17158L11.8284 0.514721C11.4374 0.123691 10.8052 0.123691 10.4142 0.514721Z' fill='black'\/>\n            <path d='M9.7071 12.5355L6.87868 15.364L2.63604 11.1213L5.46446 8.2929L4.05025 6.87868L0.514716 10.4142C0.123686 10.8052 0.123686 11.4374 0.514716 11.8284L6.17157 17.4853C6.5626 17.8763 7.19475 17.8763 7.58578 17.4853L11.1213 13.9497L9.7071 12.5355Z' fill='black'\/>\n            <path d='M6.17157 11.8284C6.5626 12.2195 7.19475 12.2195 7.58578 11.8284L11.8284 7.58579C12.2195 7.19476 12.2195 6.56261 11.8284 6.17158C11.4374 5.78055 10.8052 5.78055 10.4142 6.17158L6.17157 10.4142C5.78054 10.8052 5.78054 11.4374 6.17157 11.8284Z' fill='black'\/>\n            <\/svg> <\/a>\n<h2 class=\"wp-block-heading\">N\u00e5gra aviserade f\u00f6r\u00e4ndringar inf\u00f6r budget 2026<\/h2>\n\n\n\n<p>Nedan redovisas n\u00e5gra f\u00f6r\u00e4ndringar som regeringen har presenterat i budgeten f\u00f6r 2025 men som kommer att f\u00e5 ekonomiska konsekvenser f\u00f6rst i budgeten f\u00f6r 2026.<\/p>\n\n\n\n<h3 class=\"wp-block-heading\">Beloppsgr\u00e4nsen f\u00f6r avdrag f\u00f6r arbetsresor h\u00f6js<\/h3>\n\n\n\n<p>Beloppsgr\u00e4nsen som g\u00e4ller f\u00f6r avdrag f\u00f6r bland annat arbetsresor har inte justerats sedan den 1 januari 2017. F\u00f6r att beloppsgr\u00e4nsen inte ska urholkas avser regeringen att f\u00f6resl\u00e5 att beloppsgr\u00e4nsen h\u00f6js fr\u00e5n 11 000 kronor till 13 000 kronor. F\u00f6rslaget aviseras i regeringens h\u00f6stbudget och bed\u00f6ms \u00f6ka skatteint\u00e4kterna med 570 miljoner kronor per \u00e5r fr\u00e5n och med 2026.<\/p>\n\n\n\n<h3 class=\"wp-block-heading\">F\u00f6r\u00e4ndrade skattesubventioner f\u00f6r solceller<\/h3>\n\n\n\n<p>Installationer av solceller har \u00f6kat kraftigt de senaste \u00e5ren och regeringen bed\u00f6mer att det inte l\u00e4ngre finns samma behov av att subventionera solceller. Regeringen avser d\u00e4rf\u00f6r att f\u00f6resl\u00e5 att subventionsgraden f\u00f6r skattereduktion f\u00f6r installation av solceller \u00e5ter s\u00e4nks till 15 procent och att skattereduktionen f\u00f6r mikroproduktion av f\u00f6rnybar el slopas. F\u00f6rslagen aviseras i regeringens h\u00f6stbudget.<\/p>\n\n\n\n<h3 class=\"wp-block-heading\">Regeringen justerar bist\u00e5ndsramen fr\u00e5n 2026<\/h3>\n\n\n\n<p>Sverige har i dag en tre\u00e5rig bist\u00e5ndsram som uppg\u00e5r till 56 miljarder kronor per \u00e5r och som l\u00f6per till och med 2025. I budgetpropositionen f\u00f6r 2025 f\u00f6resl\u00e5s ramen f\u00f6r perioden 2026\u20132028 uppg\u00e5 till 53 miljarder kronor per \u00e5r.<\/p>\n\n\n\n<h3 class=\"wp-block-heading\">Riskskatten f\u00f6r kreditinstitut ska justeras<\/h3>\n\n\n\n<p>Regeringen anser att ett grundavdrag b\u00f6r inf\u00f6ras i riskskatten f\u00f6r att f\u00f6rb\u00e4ttra skattens konstruktion och eliminera tr\u00f6skeleffekter. Samtidigt b\u00f6r skattesatsen h\u00f6jas f\u00f6r att kompensera f\u00f6r de l\u00e4gre skatteint\u00e4kter som grundavdraget ger upphov till. Regeringen aviserar d\u00e4rf\u00f6r i budgetpropositionen f\u00f6r 2025 att s\u00e5dana justeringar kommer att g\u00f6ras.<\/p>\n\n\n\n<h3 class=\"wp-block-heading\">H\u00f6jt \u00e5tervandringsbidrag<\/h3>\n\n\n\n<p>Den stora utgiften p\u00e5 1,4 miljarder kronor kommer f\u00f6rst 2026 \u2013 men n\u00e4sta \u00e5r b\u00f6rjar arbetet med inriktningen p\u00e5 den nya migrationspolitiken. Regeringen vill h\u00f6ja \u00e5tervandringsbidraget till max 350 000 kronor per person under 2026.<\/p>\n","protected":false},"excerpt":{"rendered":"<p>Sammanfattning Inriktningen p\u00e5 budgeten och generella reflektioner Huvudbudskapet fr\u00e5n finansministern p\u00e5 presskonferensen var att kampen mot inflationen \u00e4r vunnen och att regeringen d\u00e4rf\u00f6r skiftar fokus i den ekonomiska politiken: fr\u00e5n att bek\u00e4mpa inflationen till att &hellip;<\/p>\n","protected":false},"author":14531,"featured_media":0,"comment_status":"closed","ping_status":"closed","sticky":false,"template":"","format":"standard","meta":{"_acf_changed":false,"footnotes":""},"categories":[603,64,419,57],"tags":[],"article_type":[55],"agreement":[],"class_list":["post-76006","post","type-post","status-publish","format-standard","hentry","category-almega","category-arbetsmarknad","category-kompetensforsorjning","category-skatter","type-artiklar"],"acf":[],"yoast_head":"<!-- This site is optimized with the Yoast SEO Premium plugin v26.8 (Yoast SEO v26.8) - https:\/\/yoast.com\/product\/yoast-seo-premium-wordpress\/ -->\n<title>Budgetpropositionen 2025 utifr\u00e5n tj\u00e4nstef\u00f6retagens perspektiv | Almega<\/title>\n<meta name=\"robots\" content=\"index, follow, max-snippet:-1, max-image-preview:large, max-video-preview:-1\" \/>\n<link rel=\"canonical\" href=\"https:\/\/www.almega.se\/2024\/09\/budgetpropositionen-2025-ur-tjansteforetagens-perspektiv\/\" \/>\n<meta property=\"og:locale\" content=\"sv_SE\" \/>\n<meta property=\"og:type\" content=\"article\" \/>\n<meta property=\"og:title\" content=\"Budgetpropositionen 2025 utifr\u00e5n tj\u00e4nstef\u00f6retagens perspektiv\" \/>\n<meta property=\"og:description\" content=\"Sammanfattning Inriktningen p\u00e5 budgeten och generella reflektioner Huvudbudskapet fr\u00e5n finansministern p\u00e5 presskonferensen var att kampen mot inflationen \u00e4r vunnen och att regeringen d\u00e4rf\u00f6r skiftar fokus i den ekonomiska politiken: fr\u00e5n att bek\u00e4mpa inflationen till att &hellip;\" \/>\n<meta property=\"og:url\" content=\"https:\/\/www.almega.se\/2024\/09\/budgetpropositionen-2025-ur-tjansteforetagens-perspektiv\/\" \/>\n<meta property=\"og:site_name\" content=\"Almega\" \/>\n<meta property=\"article:published_time\" content=\"2024-09-19T13:50:46+00:00\" \/>\n<meta property=\"article:modified_time\" content=\"2024-10-02T16:13:29+00:00\" \/>\n<meta property=\"og:image\" content=\"https:\/\/www.almega.se\/app\/uploads\/2024\/09\/tabell-1.png\" \/>\n<meta name=\"author\" content=\"Karin Nyg\u00e5rd\" \/>\n<meta name=\"twitter:card\" content=\"summary_large_image\" \/>\n<meta name=\"twitter:label1\" content=\"Skriven av\" \/>\n\t<meta name=\"twitter:data1\" content=\"Karin Nyg\u00e5rd\" \/>\n\t<meta name=\"twitter:label2\" content=\"Ber\u00e4knad l\u00e4stid\" \/>\n\t<meta name=\"twitter:data2\" content=\"19 minuter\" \/>\n<!-- \/ Yoast SEO Premium plugin. -->","yoast_head_json":{"title":"Budgetpropositionen 2025 utifr\u00e5n tj\u00e4nstef\u00f6retagens perspektiv | Almega","robots":{"index":"index","follow":"follow","max-snippet":"max-snippet:-1","max-image-preview":"max-image-preview:large","max-video-preview":"max-video-preview:-1"},"canonical":"https:\/\/www.almega.se\/2024\/09\/budgetpropositionen-2025-ur-tjansteforetagens-perspektiv\/","og_locale":"sv_SE","og_type":"article","og_title":"Budgetpropositionen 2025 utifr\u00e5n tj\u00e4nstef\u00f6retagens perspektiv","og_description":"Sammanfattning Inriktningen p\u00e5 budgeten och generella reflektioner Huvudbudskapet fr\u00e5n finansministern p\u00e5 presskonferensen var att kampen mot inflationen \u00e4r vunnen och att regeringen d\u00e4rf\u00f6r skiftar fokus i den ekonomiska politiken: fr\u00e5n att bek\u00e4mpa inflationen till att &hellip;","og_url":"https:\/\/www.almega.se\/2024\/09\/budgetpropositionen-2025-ur-tjansteforetagens-perspektiv\/","og_site_name":"Almega","article_published_time":"2024-09-19T13:50:46+00:00","article_modified_time":"2024-10-02T16:13:29+00:00","og_image":[{"url":"https:\/\/www.almega.se\/app\/uploads\/2024\/09\/tabell-1.png","type":"","width":"","height":""}],"author":"Karin Nyg\u00e5rd","twitter_card":"summary_large_image","twitter_misc":{"Skriven av":"Karin Nyg\u00e5rd","Ber\u00e4knad l\u00e4stid":"19 minuter"},"schema":{"@context":"https:\/\/schema.org","@graph":[{"@type":"NewsArticle","@id":"https:\/\/www.almega.se\/2024\/09\/budgetpropositionen-2025-ur-tjansteforetagens-perspektiv\/#article","isPartOf":{"@id":"https:\/\/www.almega.se\/2024\/09\/budgetpropositionen-2025-ur-tjansteforetagens-perspektiv\/"},"author":{"name":"Karin Nyg\u00e5rd","@id":"https:\/\/www.almega.se\/#\/schema\/person\/eae58f3a71d6b7aa9f71f3139a740a02"},"headline":"Budgetpropositionen 2025 utifr\u00e5n tj\u00e4nste&shy;f\u00f6retagens perspektiv","datePublished":"2024-09-19T13:50:46+00:00","dateModified":"2024-10-02T16:13:29+00:00","mainEntityOfPage":{"@id":"https:\/\/www.almega.se\/2024\/09\/budgetpropositionen-2025-ur-tjansteforetagens-perspektiv\/"},"wordCount":4423,"image":{"@id":"https:\/\/www.almega.se\/2024\/09\/budgetpropositionen-2025-ur-tjansteforetagens-perspektiv\/#primaryimage"},"thumbnailUrl":"https:\/\/www.almega.se\/app\/uploads\/2024\/09\/tabell-1.png","articleSection":["Almega","Arbetsmarknad","Kompetensf\u00f6rs\u00f6rjning","Skatter"],"inLanguage":"sv-SE"},{"@type":"WebPage","@id":"https:\/\/www.almega.se\/2024\/09\/budgetpropositionen-2025-ur-tjansteforetagens-perspektiv\/","url":"https:\/\/www.almega.se\/2024\/09\/budgetpropositionen-2025-ur-tjansteforetagens-perspektiv\/","name":"Budgetpropositionen 2025 utifr\u00e5n tj\u00e4nstef\u00f6retagens perspektiv | Almega","isPartOf":{"@id":"https:\/\/www.almega.se\/#website"},"primaryImageOfPage":{"@id":"https:\/\/www.almega.se\/2024\/09\/budgetpropositionen-2025-ur-tjansteforetagens-perspektiv\/#primaryimage"},"image":{"@id":"https:\/\/www.almega.se\/2024\/09\/budgetpropositionen-2025-ur-tjansteforetagens-perspektiv\/#primaryimage"},"thumbnailUrl":"https:\/\/www.almega.se\/app\/uploads\/2024\/09\/tabell-1.png","datePublished":"2024-09-19T13:50:46+00:00","dateModified":"2024-10-02T16:13:29+00:00","author":{"@id":"https:\/\/www.almega.se\/#\/schema\/person\/eae58f3a71d6b7aa9f71f3139a740a02"},"breadcrumb":{"@id":"https:\/\/www.almega.se\/2024\/09\/budgetpropositionen-2025-ur-tjansteforetagens-perspektiv\/#breadcrumb"},"inLanguage":"sv-SE","potentialAction":[{"@type":"ReadAction","target":["https:\/\/www.almega.se\/2024\/09\/budgetpropositionen-2025-ur-tjansteforetagens-perspektiv\/"]}]},{"@type":"ImageObject","inLanguage":"sv-SE","@id":"https:\/\/www.almega.se\/2024\/09\/budgetpropositionen-2025-ur-tjansteforetagens-perspektiv\/#primaryimage","url":"https:\/\/www.almega.se\/app\/uploads\/2024\/09\/tabell-1.png","contentUrl":"https:\/\/www.almega.se\/app\/uploads\/2024\/09\/tabell-1.png","width":946,"height":513},{"@type":"BreadcrumbList","@id":"https:\/\/www.almega.se\/2024\/09\/budgetpropositionen-2025-ur-tjansteforetagens-perspektiv\/#breadcrumb","itemListElement":[{"@type":"ListItem","position":1,"name":"Home","item":"https:\/\/www.almega.se\/"},{"@type":"ListItem","position":2,"name":"Budgetpropositionen 2025 utifr\u00e5n tj\u00e4nste&shy;f\u00f6retagens perspektiv"}]},{"@type":"WebSite","@id":"https:\/\/www.almega.se\/#website","url":"https:\/\/www.almega.se\/","name":"Almega","description":"","potentialAction":[{"@type":"SearchAction","target":{"@type":"EntryPoint","urlTemplate":"https:\/\/www.almega.se\/?s={search_term_string}"},"query-input":{"@type":"PropertyValueSpecification","valueRequired":true,"valueName":"search_term_string"}}],"inLanguage":"sv-SE"},{"@type":"Person","@id":"https:\/\/www.almega.se\/#\/schema\/person\/eae58f3a71d6b7aa9f71f3139a740a02","name":"Karin Nyg\u00e5rd","image":{"@type":"ImageObject","inLanguage":"sv-SE","@id":"https:\/\/www.almega.se\/#\/schema\/person\/image\/","url":"https:\/\/secure.gravatar.com\/avatar\/09e5ec3d12974ae686ad90a0a4bf5404c8a4cfdca18f97124f166ab274023818?s=96&d=mm&r=g","contentUrl":"https:\/\/secure.gravatar.com\/avatar\/09e5ec3d12974ae686ad90a0a4bf5404c8a4cfdca18f97124f166ab274023818?s=96&d=mm&r=g","caption":"Karin Nyg\u00e5rd"},"description":"Produkt\u00e4gare Almega.se, samordnar webbutveckling och utveckling av Arbetsgivarguiden.se","url":"https:\/\/www.almega.se\/person\/karinnygard\/"}]}},"_links":{"self":[{"href":"https:\/\/www.almega.se\/api\/wp\/v2\/posts\/76006","targetHints":{"allow":["GET"]}}],"collection":[{"href":"https:\/\/www.almega.se\/api\/wp\/v2\/posts"}],"about":[{"href":"https:\/\/www.almega.se\/api\/wp\/v2\/types\/post"}],"author":[{"embeddable":true,"href":"https:\/\/www.almega.se\/api\/wp\/v2\/users\/14531"}],"replies":[{"embeddable":true,"href":"https:\/\/www.almega.se\/api\/wp\/v2\/comments?post=76006"}],"version-history":[{"count":8,"href":"https:\/\/www.almega.se\/api\/wp\/v2\/posts\/76006\/revisions"}],"predecessor-version":[{"id":76018,"href":"https:\/\/www.almega.se\/api\/wp\/v2\/posts\/76006\/revisions\/76018"}],"wp:attachment":[{"href":"https:\/\/www.almega.se\/api\/wp\/v2\/media?parent=76006"}],"wp:term":[{"taxonomy":"category","embeddable":true,"href":"https:\/\/www.almega.se\/api\/wp\/v2\/categories?post=76006"},{"taxonomy":"post_tag","embeddable":true,"href":"https:\/\/www.almega.se\/api\/wp\/v2\/tags?post=76006"},{"taxonomy":"type","embeddable":true,"href":"https:\/\/www.almega.se\/api\/wp\/v2\/article_type?post=76006"},{"taxonomy":"agreement","embeddable":true,"href":"https:\/\/www.almega.se\/api\/wp\/v2\/agreement?post=76006"}],"curies":[{"name":"wp","href":"https:\/\/api.w.org\/{rel}","templated":true}]}}