{"id":75751,"date":"2024-08-29T09:20:48","date_gmt":"2024-08-29T07:20:48","guid":{"rendered":"https:\/\/www.almega.se\/?p=75751"},"modified":"2024-08-29T09:21:02","modified_gmt":"2024-08-29T07:21:02","slug":"ingen-diskriminering-vid-avbokad-intervju-for-rullstolsburen-arbetssokande","status":"publish","type":"post","link":"https:\/\/www.almega.se\/2024\/08\/ingen-diskriminering-vid-avbokad-intervju-for-rullstolsburen-arbetssokande\/","title":{"rendered":"Ingen diskriminering vid avbokad intervju f\u00f6r rullstolsburen arbetss\u00f6kande"},"content":{"rendered":"<p class=\"intro\">En person (\u201dCT\u201d) s\u00f6kte anst\u00e4llning som undersk\u00f6terska p\u00e5 en neonatalavdelning inom Region Stockholm (\u201dRegionen\u201d) och blev kallad till intervju. Samma dag som intervjun skulle h\u00e5llas kontaktade hon Regionen och ber\u00e4ttade att hon satt i rullstol. Detta f\u00f6ranledde Regionen att avboka intervjun med motiveringen att det inte skulle fungera att som rullstolsburen arbeta p\u00e5 neonatalavdelningen.<\/p>\n\n<p>Fr\u00e5ga om Regionen genom sitt agerande utsatte CT f\u00f6r diskriminering pga. funktionsneds\u00e4ttning, antingen genom direkt diskriminering eller bristande tillg\u00e4nglighet. \u00c4ven fr\u00e5ga om till\u00e4mpningen av regeln om bevisb\u00f6rda i 6 kap. 3 \u00a7 diskrimineringslagen (\u201dDL\u201d).<\/p>\n\n\n\n<p>F\u00f6rbundet, som f\u00f6retr\u00e4dde CT, gjorde g\u00e4llande att hon befunnit sig i en \u201dj\u00e4mf\u00f6rbar situation\u201d med \u00f6vriga s\u00f6kande till den aktuella anst\u00e4llningen som undersk\u00f6terska, eftersom F\u00f6rbundet menade att CT klarade av de v\u00e4sentligaste uppgifterna i arbetet. Genom att avboka intervjun gjorde sig Regionen d\u00e4rmed skyldig till direkt diskriminering av CT. Regionen bestred detta och anf\u00f6rde att CT inte befunnit sig i en j\u00e4mf\u00f6rbar situation med de arbetss\u00f6kanden som kallades till intervju. Regionen anf\u00f6rde bl.a. f\u00f6ljande: Det g\u00e5r inte att ange en utt\u00f6mmande lista \u00f6ver vilka arbetsuppgifter som ing\u00e5r i en undersk\u00f6terskas arbete p\u00e5 den aktuella neonatalavdelningen. Det g\u00e5r inte heller att ange vilka arbetsuppgifter som \u00e4r de v\u00e4sentligaste och vilka som inte \u00e4r det. Alla arbetsuppgifter kan betraktas som de v\u00e4sentligaste och det r\u00e4cker inte att bara kunna utf\u00f6ra vissa av arbetsuppgifterna.<\/p>\n\n\n\n<p>Om Arbetsdomstolen skulle finna att CT:s funktionsneds\u00e4ttning innebar att hon inte befann sig i en \u201dj\u00e4mf\u00f6rbar situation\u201d gjorde F\u00f6rbundet g\u00e4llande att Regionen diskriminerat henne genom bristande tillg\u00e4nglighet, eftersom Regionen inte gjorde en grundlig och saklig bed\u00f6mning av vilka m\u00f6jliga och sk\u00e4liga st\u00f6d- och anpassnings\u00e5tg\u00e4rder som skulle ha beh\u00f6vts f\u00f6r att eliminera eller reducera funktionsneds\u00e4ttningens inverkan p\u00e5 CT:s arbetsf\u00f6rm\u00e5ga till en niv\u00e5 d\u00e4r hon skulle ha kunnat utf\u00f6ra de v\u00e4sentligaste arbetsuppgifterna. Regionen bestred detta och anf\u00f6rde att man \u00f6verv\u00e4gt vilka \u00e5tg\u00e4rder f\u00f6r tillg\u00e4nglighet som hade kunnat vara aktuella, men att det dock inte funnits n\u00e5gra sk\u00e4liga \u00e5tg\u00e4rder f\u00f6r tillg\u00e4nglighet som skulle ha f\u00f6rsatt CT i en j\u00e4mf\u00f6rbar situation med de arbetss\u00f6kanden som kallades till intervju.<\/p>\n\n\n\n<p>F\u00f6rbundet gjorde \u00e4ven g\u00e4llande att Arbetsdomstolen skulle inh\u00e4mta f\u00f6rhandsavg\u00f6rande fr\u00e5n EU-domstolen i fr\u00e5gan om hur EU-r\u00e4tten ska tolkas n\u00e4r det g\u00e4ller bevisb\u00f6rdans placering vid diskriminering genom bristande tillg\u00e4nglighet. Regionen motsatte sig ett inh\u00e4mtande av f\u00f6rhandsavg\u00f6rande.<\/p>\n\n\n\n<p>Arbetsdomstolen konstaterade att det var ostridigt i m\u00e5let att avbokningen av intervjun med CT utgjorde ett \u201dmissgynnande\u201d pga. hennes funktionsneds\u00e4ttning i den mening som avses i DL. Enligt Arbetsdomstolen hade Regionens \u00e5tg\u00e4rd, att avboka intervjun, utgjort en s\u00e5dan \u00e5tg\u00e4rd som gav anledning att anta att CT blivit utsatt f\u00f6r diskriminering som medf\u00f6rde att det ankom p\u00e5 Regionen, enligt 6 kap. 3 \u00a7 DL, att visa att diskriminering inte f\u00f6rekommit.<\/p>\n\n\n\n<p>Arbetsdomstolen redogjorde f\u00f6r att Regionens vittnen i m\u00e5let hade beskrivit arbetsf\u00f6rh\u00e5llandena p\u00e5 den aktuella neonatalavdelningen, Neo-IVA, bland annat enligt f\u00f6ljande. P\u00e5 Neo-IVA v\u00e5rdas de allra minsta och sk\u00f6raste patienterna. Barn som \u00e4r f\u00f6dda mellan vecka 22-25, som v\u00e4ger mellan 400-700 gram, och som har ett enormt v\u00e5rdbehov. Det \u00e4r fr\u00e5ga om barn utan immunf\u00f6rsvar som \u00e4r mycket infektionsk\u00e4nsliga. Barnen h\u00e5lls n\u00e4stan konstant uppkopplade mot stora, tunga och sv\u00e5rflyttade maskiner. Det uppst\u00e5r ofta ov\u00e4ntade och akuta tillst\u00e5nd, vilka kr\u00e4ver snabba och v\u00e4l koordinerade v\u00e5rdinsatser f\u00f6r att minimera risken f\u00f6r att ett barn d\u00f6r eller f\u00e5r men f\u00f6r livet. En undersk\u00f6terska kan beh\u00f6va st\u00e5 vid en kuv\u00f6s hela arbetstiden. Rent fysiskt \u00e4r det sv\u00e5rt att f\u00e5 plats att arbeta med en rullstol, det \u00e4r tr\u00e5ngt och sv\u00e5rt att komma fram. Det finns m\u00e5nga sladdar och slangar till respiratorer och andra livsuppeh\u00e5llande maskiner p\u00e5 ett litet utrymme. Personalen kan ibland beh\u00f6va krypa in under slangar och maskiner. F\u00f6rflyttningar utf\u00f6rs ofta i tr\u00e5nga utrymmen och m\u00e5ste kunna ske snabbt och all deltagande personal m\u00e5ste kunna utf\u00f6ra sin del av arbetsuppgiften. Vittnena uppgav \u00e4ven att det inte finns utrymme att g\u00f6ra fel eller f\u00f6rdr\u00f6ja en v\u00e5rdinsats, eftersom det kan leda till att ett barn d\u00f6r. Det \u00e4r fr\u00e5ga om intensivv\u00e5rd och det \u00e4r alltid personalen som m\u00e5ste anpassa sig efter patienterna och deras behov, aldrig tv\u00e4rtom. Samtliga av Regionens vittnen hade uttalat att den som sitter i rullstol, och d\u00e4rf\u00f6r inte har full fysisk r\u00f6rlighet, inte kan arbeta i grundbemanningen p\u00e5 Neo-IVA. En tidigare medarbetare p\u00e5 Neo-IVA, som inte satt i rullstol n\u00e4r hon anst\u00e4lldes men som senare kom att bli rullstolsburen, kunde d\u00e4refter inte l\u00e4ngre ing\u00e5 i grundbemanningen utan fick g\u00e5 ut\u00f6ver schemat och vederb\u00f6rande anv\u00e4nde bara rullstolen till och fr\u00e5n jobbet men inte inne hos barnen p\u00e5 patientsalarna.<\/p>\n\n\n\n<p>Enligt Arbetsdomstolens mening fanns det inte sk\u00e4l att ifr\u00e5gas\u00e4tta vittnenas uppgifter, som i allt v\u00e4sentligt var samst\u00e4mmiga, och uppgifterna vann dessutom st\u00f6d av film- och bildmaterial som Regionen hade f\u00f6rebringat i m\u00e5let.<\/p>\n\n\n\n<p>Den f\u00f6rsta fr\u00e5gan som Arbetsdomstolen pr\u00f6vade var huruvida CT utsatts f\u00f6r direkt diskriminering. Arbetsdomstolen ans\u00e5g att det fick anses klarlagt att Neo-IVA var en arbetsplats som st\u00e4llde extremt h\u00f6ga fysiska och psykiska krav p\u00e5 sin personal, samt att kraven p\u00e5 r\u00f6rlighet och snabbhet var h\u00f6gre d\u00e4r \u00e4n p\u00e5 en vanlig v\u00e5rdavdelning. Enligt Arbetsdomstolens uppfattning var risken p\u00e5taglig att CT pga. sin bristande fysiska r\u00f6rlighet under ett arbetspass inte skulle kunna utf\u00f6ra de v\u00e4sentligaste arbetsuppgifterna i arbetet p\u00e5 Neo-IVA. Arbetsdomstolen ans\u00e5g d\u00e4rf\u00f6r att hon, pga. sin funktionsneds\u00e4ttning, inte ans\u00e5gs kunna utf\u00f6ra de v\u00e4sentligaste uppgifterna i arbetet utan tillg\u00e4nglighets\u00e5tg\u00e4rder. Hon hade d\u00e4rmed inte befunnit sig i en j\u00e4mf\u00f6rbar situation med de andra som togs ut till anst\u00e4llningsintervju. Arbetsdomstolen fann d\u00e4rmed att Regionen inte hade utsatt CT f\u00f6r direkt diskriminering genom att avboka anst\u00e4llningsintervjun.<\/p>\n\n\n\n<p>D\u00e4refter pr\u00f6vade Arbetsdomstolen om CT utsatts f\u00f6r diskriminering genom bristande tillg\u00e4nglighet. Fr\u00e5gan var d\u00e5 om det skulle ha varit m\u00f6jligt f\u00f6r Regionen att genom sk\u00e4liga tillg\u00e4nglighets\u00e5tg\u00e4rder eliminera, eller \u00e5tminstone reducera, verkningarna av CT:s funktionsneds\u00e4ttning p\u00e5 ett s\u00e5dant s\u00e4tt att hon hade kommit i en j\u00e4mf\u00f6rbar situation med de som kallades till intervju.<\/p>\n\n\n\n<p>Det var ostridigt att Regionen inte hade vidtagit n\u00e5gra tillg\u00e4nglighets\u00e5tg\u00e4rder, och inte f\u00f6rt n\u00e5gon dialog med CT om hennes behov av tillg\u00e4nglighets\u00e5tg\u00e4rder. Enligt Arbetsdomstolen hade Regionen, genom tidigare erfarenhet, haft kunskap om att det inte var m\u00f6jligt att genom tillg\u00e4nglighets\u00e5tg\u00e4rder anpassa arbetsplatsen p\u00e5 ett s\u00e5dant s\u00e4tt att en rullstolsburen undersk\u00f6terska kunnat ing\u00e5 i grundbemanningen. Regionen hade, baserat p\u00e5 den tidigare erfarenheten, omg\u00e5ende gjort bed\u00f6mningen att det inte skulle fungera att CT arbetade i verksamheten n\u00e4r man fick veta att CT satt i rullstol. Vid dessa f\u00f6rh\u00e5llanden fann Arbetsdomstolen att Regionen inte hade brustit i sin skyldighet att \u00f6verv\u00e4ga vilka tillg\u00e4nglighets\u00e5tg\u00e4rder som varit m\u00f6jliga att vidta f\u00f6r att eliminera eller reducera verkningarna av CT:s funktionsneds\u00e4ttning. Arbetsdomstolen anf\u00f6rde att Regionens \u00f6verv\u00e4ganden hade utmynnat i att det inte hade funnits n\u00e5gra m\u00f6jliga och sk\u00e4liga tillg\u00e4nglighets\u00e5tg\u00e4rder som Regionen hade kunnat vidta f\u00f6r att CT skulle komma i en j\u00e4mf\u00f6rbar situation med de som inte hade hennes funktionsneds\u00e4ttning och som kallades till intervju. Arbetsdomstolen fann d\u00e4rmed att Regionen inte heller hade utsatt CT f\u00f6r diskriminering genom bristande tillg\u00e4nglighet.<\/p>\n\n\n\n<p>F\u00f6rbundets talan avslogs d\u00e4rf\u00f6r. Arbetsdomstolen avslog \u00e4ven F\u00f6rbundets yrkande om att inh\u00e4mta ett f\u00f6rhandsavg\u00f6rande fr\u00e5n EU-domstolen, eftersom man ans\u00e5g att inte kr\u00e4vdes n\u00e5got f\u00f6rhandsavg\u00f6rande f\u00f6r att kunna d\u00f6ma i saken. Enligt Arbetsdomstolen framgick det n\u00e4mligen av DL och det bakomliggande arbetslivsdirektivet att den s\u00e4rskilda bevisb\u00f6rderegeln g\u00e4llde alla former av diskriminering, \u00e4ven bristande tillg\u00e4nglighet.<\/p>\n\n\n\n<p>Som f\u00f6rlorande part \u00e5lades F\u00f6rbundet att ers\u00e4tta Regionen f\u00f6r dess r\u00e4tteg\u00e5ngskostnader med 374&nbsp;000 kr.<\/p>\n\n\n\n<p><a href=\"https:\/\/www.arbetsdomstolen.se\/sv\/meddelade-domar\/2024\/2024-08-28-ad-2024-nr-66\/\">AD 2024 nr 66<\/a><\/p>\n\n\n\n<p><\/p>\n\n\n\n<p><a href=\"https:\/\/www.arbetsdomstolen.se\/sv\/meddelade-domar\/\" target=\"_blank\" rel=\"noreferrer noopener\">L\u00e4s fler domar p\u00e5 Arbetsdomstolens hemsida<\/a><\/p>\n","protected":false},"excerpt":{"rendered":"<p>Fr\u00e5ga om Regionen genom sitt agerande utsatte CT f\u00f6r diskriminering pga. funktionsneds\u00e4ttning, antingen genom direkt diskriminering eller bristande tillg\u00e4nglighet. \u00c4ven fr\u00e5ga om till\u00e4mpningen av regeln om bevisb\u00f6rda i 6 kap. 3 \u00a7 diskrimineringslagen (\u201dDL\u201d). F\u00f6rbundet, &hellip;<\/p>\n","protected":false},"author":163,"featured_media":0,"comment_status":"closed","ping_status":"closed","sticky":false,"template":"","format":"standard","meta":{"_acf_changed":false,"footnotes":""},"categories":[682],"tags":[],"article_type":[312],"agreement":[162,103,104,105,106,174,190,109,114,110,111,112,113,115,116,117,118,119,120,121,122,123,124,125,127,126,236,129,531,130,131,132,156,133,134,157,135,136,137,138,139,186,140,142,141,143,145,146,144,147,148,152,149,151,150,155,154,158,159,562,160,161,246,163,164,165,166,167,168,459,169,170,172,563,173,175,176,537,177,178,179,180,455,183,181,182,184,185,188,191,192,193,194,195,196,197,201,202,224,203,204,207,205,206,208,209,475,214,213,212,210,215,216,532,217,410,187,218,219,220,221,222,223,226,230,225,228,108,227,128,229,231,232,107,189,171,233,234,235,237,238,476,411,239,240,241,242,245,243,477,244],"class_list":["post-75751","post","type-post","status-publish","format-standard","hentry","category-ad-dom","type-ad-domar","agreement-79ce80f7-ff07-de11-b4e1-02bf9e69ca65","agreement-5cce80f7-ff07-de11-b4e1-02bf9e69ca65","agreement-cacd80f7-ff07-de11-b4e1-02bf9e69ca65","agreement-cbcd80f7-ff07-de11-b4e1-02bf9e69ca65","agreement-8dce80f7-ff07-de11-b4e1-02bf9e69ca65","agreement-a1c8f241-0761-e011-a194-02bf9e69ca65","agreement-a6e84646-06ab-e611-8108-003dd8b71e47","agreement-9cce80f7-ff07-de11-b4e1-02bf9e69ca65","agreement-a8ce80f7-ff07-de11-b4e1-02bf9e69ca65","agreement-a2ce80f7-ff07-de11-b4e1-02bf9e69ca65","agreement-a1ce80f7-ff07-de11-b4e1-02bf9e69ca65","agreement-9dce80f7-ff07-de11-b4e1-02bf9e69ca65","agreement-a3ce80f7-ff07-de11-b4e1-02bf9e69ca65","agreement-9ece80f7-ff07-de11-b4e1-02bf9e69ca65","agreement-a4ce80f7-ff07-de11-b4e1-02bf9e69ca65","agreement-20c6e08e-fe12-de11-b4e1-02bf9e69ca65","agreement-a7ce80f7-ff07-de11-b4e1-02bf9e69ca65","agreement-a5ce80f7-ff07-de11-b4e1-02bf9e69ca65","agreement-a6ce80f7-ff07-de11-b4e1-02bf9e69ca65","agreement-a0ce80f7-ff07-de11-b4e1-02bf9e69ca65","agreement-9fce80f7-ff07-de11-b4e1-02bf9e69ca65","agreement-aace80f7-ff07-de11-b4e1-02bf9e69ca65","agreement-a9ce80f7-ff07-de11-b4e1-02bf9e69ca65","agreement-705d8229-a064-de11-bdb9-02bf9e69ca65","agreement-875fe194-42a2-e411-95d0-005056b20fd6","agreement-2767ab55-42a2-e411-95d0-005056b20fd6","agreement-b0ce80f7-ff07-de11-b4e1-02bf9e69ca65","agreement-80801b30-bf59-de11-bdb9-02bf9e69ca65","agreement-a35d46a4-d045-e711-8108-003dd8b71e49","agreement-4ace80f7-ff07-de11-b4e1-02bf9e69ca65","agreement-5bd980a8-f612-de11-b4e1-02bf9e69ca65","agreement-12ce80f7-ff07-de11-b4e1-02bf9e69ca65","agreement-19ce80f7-ff07-de11-b4e1-02bf9e69ca65","agreement-91c18dfe-fd12-de11-b4e1-02bf9e69ca65","agreement-58ce80f7-ff07-de11-b4e1-02bf9e69ca65","agreement-dbc1f569-b5f1-e511-b8fc-005056b20fd8","agreement-a0dd9b4d-7a56-de11-bdb9-02bf9e69ca65","agreement-81ce80f7-ff07-de11-b4e1-02bf9e69ca65","agreement-bccd80f7-ff07-de11-b4e1-02bf9e69ca65","agreement-4bce80f7-ff07-de11-b4e1-02bf9e69ca65","agreement-22ce80f7-ff07-de11-b4e1-02bf9e69ca65","agreement-45ce80f7-ff07-de11-b4e1-02bf9e69ca65","agreement-6fce80f7-ff07-de11-b4e1-02bf9e69ca65","agreement-72ce80f7-ff07-de11-b4e1-02bf9e69ca65","agreement-6ece80f7-ff07-de11-b4e1-02bf9e69ca65","agreement-71ce80f7-ff07-de11-b4e1-02bf9e69ca65","agreement-74ce80f7-ff07-de11-b4e1-02bf9e69ca65","agreement-47ce80f7-ff07-de11-b4e1-02bf9e69ca65","agreement-70ce80f7-ff07-de11-b4e1-02bf9e69ca65","agreement-21ce80f7-ff07-de11-b4e1-02bf9e69ca65","agreement-4843d367-7a56-de11-bdb9-02bf9e69ca65","agreement-64ce80f7-ff07-de11-b4e1-02bf9e69ca65","agreement-62ce80f7-ff07-de11-b4e1-02bf9e69ca65","agreement-61ce80f7-ff07-de11-b4e1-02bf9e69ca65","agreement-63ce80f7-ff07-de11-b4e1-02bf9e69ca65","agreement-31055653-edd3-e511-afc2-005056b20fd8","agreement-48ce80f7-ff07-de11-b4e1-02bf9e69ca65","agreement-c1cd80f7-ff07-de11-b4e1-02bf9e69ca65","agreement-c4cd80f7-ff07-de11-b4e1-02bf9e69ca65","agreement-6fcf0a02-1e5f-ec11-814c-003dd8b71e49","agreement-1cce80f7-ff07-de11-b4e1-02bf9e69ca65","agreement-5dce80f7-ff07-de11-b4e1-02bf9e69ca65","agreement-d7532451-e4a4-e711-810e-003dd8b71e49","agreement-4ece80f7-ff07-de11-b4e1-02bf9e69ca65","agreement-84ce80f7-ff07-de11-b4e1-02bf9e69ca65","agreement-10cec22e-2f50-de11-bdb9-02bf9e69ca65","agreement-57ce80f7-ff07-de11-b4e1-02bf9e69ca65","agreement-6bce80f7-ff07-de11-b4e1-02bf9e69ca65","agreement-24ce80f7-ff07-de11-b4e1-02bf9e69ca65","agreement-9de9353e-79fc-e811-811f-003dd8b71e49","agreement-9ace80f7-ff07-de11-b4e1-02bf9e69ca65","agreement-ff73fbfd-74c6-e111-9e82-005056b20fd8","agreement-68ce80f7-ff07-de11-b4e1-02bf9e69ca65","agreement-1324f1b1-247d-ec11-815c-003dd8b71e47","agreement-8b353f92-eae2-e111-b718-005056b20fd6","agreement-65ce80f7-ff07-de11-b4e1-02bf9e69ca65","agreement-80ce80f7-ff07-de11-b4e1-02bf9e69ca65","agreement-kompetens","agreement-52ce80f7-ff07-de11-b4e1-02bf9e69ca65","agreement-1dce80f7-ff07-de11-b4e1-02bf9e69ca65","agreement-8bce80f7-ff07-de11-b4e1-02bf9e69ca65","agreement-8cce80f7-ff07-de11-b4e1-02bf9e69ca65","agreement-b16e46a5-f2eb-e811-811e-003dd8b71e49","agreement-5ece80f7-ff07-de11-b4e1-02bf9e69ca65","agreement-20ce80f7-ff07-de11-b4e1-02bf9e69ca65","agreement-50febb79-7a56-de11-bdb9-02bf9e69ca65","agreement-5fce80f7-ff07-de11-b4e1-02bf9e69ca65","agreement-7dce80f7-ff07-de11-b4e1-02bf9e69ca65","agreement-4bb0699c-fd12-de11-b4e1-02bf9e69ca65","agreement-c5cd80f7-ff07-de11-b4e1-02bf9e69ca65","agreement-d95c3e3a-0da2-de11-b057-02bf9e69ca65","agreement-2b2479db-06a2-de11-b057-02bf9e69ca65","agreement-89175bca-06a2-de11-b057-02bf9e69ca65","agreement-5ace80f7-ff07-de11-b4e1-02bf9e69ca65","agreement-55ce80f7-ff07-de11-b4e1-02bf9e69ca65","agreement-4dce80f7-ff07-de11-b4e1-02bf9e69ca65","agreement-86ce80f7-ff07-de11-b4e1-02bf9e69ca65","agreement-85ce80f7-ff07-de11-b4e1-02bf9e69ca65","agreement-88ce80f7-ff07-de11-b4e1-02bf9e69ca65","agreement-5bce80f7-ff07-de11-b4e1-02bf9e69ca65","agreement-9477b1e1-28ad-e011-8875-005056b20278","agreement-43ce80f7-ff07-de11-b4e1-02bf9e69ca65","agreement-44ce80f7-ff07-de11-b4e1-02bf9e69ca65","agreement-9277b1e1-28ad-e011-8875-005056b20278","agreement-87ce80f7-ff07-de11-b4e1-02bf9e69ca65","agreement-7ace80f7-ff07-de11-b4e1-02bf9e69ca65","agreement-f3ee7667-590c-ea11-8160-003dd8b71d64","agreement-46ce80f7-ff07-de11-b4e1-02bf9e69ca65","agreement-cccd80f7-ff07-de11-b4e1-02bf9e69ca65","agreement-18ce80f7-ff07-de11-b4e1-02bf9e69ca65","agreement-7bce80f7-ff07-de11-b4e1-02bf9e69ca65","agreement-7ece80f7-ff07-de11-b4e1-02bf9e69ca65","agreement-83ce80f7-ff07-de11-b4e1-02bf9e69ca65","agreement-912420e1-4718-e711-810c-003dd8b71e47","agreement-bbcd80f7-ff07-de11-b4e1-02bf9e69ca65","agreement-becd80f7-ff07-de11-b4e1-02bf9e69ca65","agreement-42ce80f7-ff07-de11-b4e1-02bf9e69ca65","agreement-99ce80f7-ff07-de11-b4e1-02bf9e69ca65","agreement-49ce80f7-ff07-de11-b4e1-02bf9e69ca65","agreement-284e69e0-7a56-de11-bdb9-02bf9e69ca65","agreement-587f7203-7b56-de11-bdb9-02bf9e69ca65","agreement-26ce80f7-ff07-de11-b4e1-02bf9e69ca65","agreement-68c1af9f-6b56-de11-bdb9-02bf9e69ca65","agreement-29ce80f7-ff07-de11-b4e1-02bf9e69ca65","agreement-1fce80f7-ff07-de11-b4e1-02bf9e69ca65","agreement-25ce80f7-ff07-de11-b4e1-02bf9e69ca65","agreement-1ece80f7-ff07-de11-b4e1-02bf9e69ca65","agreement-acce80f7-ff07-de11-b4e1-02bf9e69ca65","agreement-59ce80f7-ff07-de11-b4e1-02bf9e69ca65","agreement-abce80f7-ff07-de11-b4e1-02bf9e69ca65","agreement-53ce80f7-ff07-de11-b4e1-02bf9e69ca65","agreement-6ace80f7-ff07-de11-b4e1-02bf9e69ca65","agreement-69ce80f7-ff07-de11-b4e1-02bf9e69ca65","agreement-4cce80f7-ff07-de11-b4e1-02bf9e69ca65","agreement-4fce80f7-ff07-de11-b4e1-02bf9e69ca65","agreement-23ce80f7-ff07-de11-b4e1-02bf9e69ca65","agreement-7cce80f7-ff07-de11-b4e1-02bf9e69ca65","agreement-8ace80f7-ff07-de11-b4e1-02bf9e69ca65","agreement-67ce80f7-ff07-de11-b4e1-02bf9e69ca65","agreement-60ce80f7-ff07-de11-b4e1-02bf9e69ca65","agreement-bfcd80f7-ff07-de11-b4e1-02bf9e69ca65","agreement-c1aa62bf-6a50-e911-812e-003dd8b71e47","agreement-a438d278-7ccb-e711-810f-003dd8b71e49","agreement-c0cd80f7-ff07-de11-b4e1-02bf9e69ca65","agreement-adce80f7-ff07-de11-b4e1-02bf9e69ca65","agreement-66ce80f7-ff07-de11-b4e1-02bf9e69ca65","agreement-78ce80f7-ff07-de11-b4e1-02bf9e69ca65","agreement-d8372015-3f44-e211-be83-005056b20fd8","agreement-1ac6e1f5-3f44-e211-be83-005056b20fd8","agreement-0c9dcc75-6a50-e911-812e-003dd8b71e47","agreement-70ee1081-3f44-e211-be83-005056b20fd8"],"acf":[],"yoast_head":"<!-- This site is optimized with the Yoast SEO Premium plugin v26.8 (Yoast SEO v26.8) - https:\/\/yoast.com\/product\/yoast-seo-premium-wordpress\/ -->\n<title>Ingen diskriminering vid avbokad intervju f\u00f6r rullstolsburen arbetss\u00f6kande | Almega<\/title>\n<meta name=\"robots\" content=\"index, follow, max-snippet:-1, max-image-preview:large, max-video-preview:-1\" \/>\n<link rel=\"canonical\" href=\"https:\/\/www.almega.se\/2024\/08\/ingen-diskriminering-vid-avbokad-intervju-for-rullstolsburen-arbetssokande\/\" \/>\n<meta property=\"og:locale\" content=\"sv_SE\" \/>\n<meta property=\"og:type\" content=\"article\" \/>\n<meta property=\"og:title\" content=\"Ingen diskriminering vid avbokad intervju f\u00f6r rullstolsburen arbetss\u00f6kande\" \/>\n<meta property=\"og:description\" content=\"Fr\u00e5ga om Regionen genom sitt agerande utsatte CT f\u00f6r diskriminering pga. funktionsneds\u00e4ttning, antingen genom direkt diskriminering eller bristande tillg\u00e4nglighet. \u00c4ven fr\u00e5ga om till\u00e4mpningen av regeln om bevisb\u00f6rda i 6 kap. 3 \u00a7 diskrimineringslagen (\u201dDL\u201d). F\u00f6rbundet, &hellip;\" \/>\n<meta property=\"og:url\" content=\"https:\/\/www.almega.se\/2024\/08\/ingen-diskriminering-vid-avbokad-intervju-for-rullstolsburen-arbetssokande\/\" \/>\n<meta property=\"og:site_name\" content=\"Almega\" \/>\n<meta property=\"article:published_time\" content=\"2024-08-29T07:20:48+00:00\" \/>\n<meta property=\"article:modified_time\" content=\"2024-08-29T07:21:02+00:00\" \/>\n<meta property=\"og:image\" content=\"https:\/\/www.almega.se\/app\/uploads\/2020\/12\/almega-share-logo.png\" \/>\n\t<meta property=\"og:image:width\" content=\"1200\" \/>\n\t<meta property=\"og:image:height\" content=\"630\" \/>\n\t<meta property=\"og:image:type\" content=\"image\/png\" \/>\n<meta name=\"author\" content=\"Lena Ragell\" \/>\n<meta name=\"twitter:card\" content=\"summary_large_image\" \/>\n<meta name=\"twitter:label1\" content=\"Skriven av\" \/>\n\t<meta name=\"twitter:data1\" content=\"Lena Ragell\" \/>\n\t<meta name=\"twitter:label2\" content=\"Ber\u00e4knad l\u00e4stid\" \/>\n\t<meta name=\"twitter:data2\" content=\"6 minuter\" \/>\n<!-- \/ Yoast SEO Premium plugin. -->","yoast_head_json":{"title":"Ingen diskriminering vid avbokad intervju f\u00f6r rullstolsburen arbetss\u00f6kande | Almega","robots":{"index":"index","follow":"follow","max-snippet":"max-snippet:-1","max-image-preview":"max-image-preview:large","max-video-preview":"max-video-preview:-1"},"canonical":"https:\/\/www.almega.se\/2024\/08\/ingen-diskriminering-vid-avbokad-intervju-for-rullstolsburen-arbetssokande\/","og_locale":"sv_SE","og_type":"article","og_title":"Ingen diskriminering vid avbokad intervju f\u00f6r rullstolsburen arbetss\u00f6kande","og_description":"Fr\u00e5ga om Regionen genom sitt agerande utsatte CT f\u00f6r diskriminering pga. funktionsneds\u00e4ttning, antingen genom direkt diskriminering eller bristande tillg\u00e4nglighet. \u00c4ven fr\u00e5ga om till\u00e4mpningen av regeln om bevisb\u00f6rda i 6 kap. 3 \u00a7 diskrimineringslagen (\u201dDL\u201d). F\u00f6rbundet, &hellip;","og_url":"https:\/\/www.almega.se\/2024\/08\/ingen-diskriminering-vid-avbokad-intervju-for-rullstolsburen-arbetssokande\/","og_site_name":"Almega","article_published_time":"2024-08-29T07:20:48+00:00","article_modified_time":"2024-08-29T07:21:02+00:00","og_image":[{"width":1200,"height":630,"url":"https:\/\/www.almega.se\/app\/uploads\/2020\/12\/almega-share-logo.png","type":"image\/png"}],"author":"Lena Ragell","twitter_card":"summary_large_image","twitter_misc":{"Skriven av":"Lena Ragell","Ber\u00e4knad l\u00e4stid":"6 minuter"},"schema":{"@context":"https:\/\/schema.org","@graph":[{"@type":"NewsArticle","@id":"https:\/\/www.almega.se\/2024\/08\/ingen-diskriminering-vid-avbokad-intervju-for-rullstolsburen-arbetssokande\/#article","isPartOf":{"@id":"https:\/\/www.almega.se\/2024\/08\/ingen-diskriminering-vid-avbokad-intervju-for-rullstolsburen-arbetssokande\/"},"author":{"name":"Lena Ragell","@id":"https:\/\/www.almega.se\/#\/schema\/person\/365a6d59b66a5989673b48ba4e584163"},"headline":"Ingen diskriminering vid avbokad intervju f\u00f6r rullstolsburen arbetss\u00f6kande","datePublished":"2024-08-29T07:20:48+00:00","dateModified":"2024-08-29T07:21:02+00:00","mainEntityOfPage":{"@id":"https:\/\/www.almega.se\/2024\/08\/ingen-diskriminering-vid-avbokad-intervju-for-rullstolsburen-arbetssokande\/"},"wordCount":1429,"articleSection":["AD-dom"],"inLanguage":"sv-SE"},{"@type":"WebPage","@id":"https:\/\/www.almega.se\/2024\/08\/ingen-diskriminering-vid-avbokad-intervju-for-rullstolsburen-arbetssokande\/","url":"https:\/\/www.almega.se\/2024\/08\/ingen-diskriminering-vid-avbokad-intervju-for-rullstolsburen-arbetssokande\/","name":"Ingen diskriminering vid avbokad intervju f\u00f6r rullstolsburen arbetss\u00f6kande | Almega","isPartOf":{"@id":"https:\/\/www.almega.se\/#website"},"datePublished":"2024-08-29T07:20:48+00:00","dateModified":"2024-08-29T07:21:02+00:00","author":{"@id":"https:\/\/www.almega.se\/#\/schema\/person\/365a6d59b66a5989673b48ba4e584163"},"breadcrumb":{"@id":"https:\/\/www.almega.se\/2024\/08\/ingen-diskriminering-vid-avbokad-intervju-for-rullstolsburen-arbetssokande\/#breadcrumb"},"inLanguage":"sv-SE","potentialAction":[{"@type":"ReadAction","target":["https:\/\/www.almega.se\/2024\/08\/ingen-diskriminering-vid-avbokad-intervju-for-rullstolsburen-arbetssokande\/"]}]},{"@type":"BreadcrumbList","@id":"https:\/\/www.almega.se\/2024\/08\/ingen-diskriminering-vid-avbokad-intervju-for-rullstolsburen-arbetssokande\/#breadcrumb","itemListElement":[{"@type":"ListItem","position":1,"name":"Home","item":"https:\/\/www.almega.se\/"},{"@type":"ListItem","position":2,"name":"Ingen diskriminering vid avbokad intervju f\u00f6r rullstolsburen arbetss\u00f6kande"}]},{"@type":"WebSite","@id":"https:\/\/www.almega.se\/#website","url":"https:\/\/www.almega.se\/","name":"Almega","description":"","potentialAction":[{"@type":"SearchAction","target":{"@type":"EntryPoint","urlTemplate":"https:\/\/www.almega.se\/?s={search_term_string}"},"query-input":{"@type":"PropertyValueSpecification","valueRequired":true,"valueName":"search_term_string"}}],"inLanguage":"sv-SE"},{"@type":"Person","@id":"https:\/\/www.almega.se\/#\/schema\/person\/365a6d59b66a5989673b48ba4e584163","name":"Lena Ragell","image":{"@type":"ImageObject","inLanguage":"sv-SE","@id":"https:\/\/www.almega.se\/#\/schema\/person\/image\/","url":"https:\/\/secure.gravatar.com\/avatar\/b08c10feead92fb4e24d6ce4a27fbce858bbeffdd343fbc8639cad850f2f7026?s=96&d=mm&r=g","contentUrl":"https:\/\/secure.gravatar.com\/avatar\/b08c10feead92fb4e24d6ce4a27fbce858bbeffdd343fbc8639cad850f2f7026?s=96&d=mm&r=g","caption":"Lena Ragell"},"description":"Lena arbetar som administrat\u00f6r p\u00e5 enheten Arbetsgivarservice.","url":"https:\/\/www.almega.se\/person\/lenaragell\/"}]}},"_links":{"self":[{"href":"https:\/\/www.almega.se\/api\/wp\/v2\/posts\/75751","targetHints":{"allow":["GET"]}}],"collection":[{"href":"https:\/\/www.almega.se\/api\/wp\/v2\/posts"}],"about":[{"href":"https:\/\/www.almega.se\/api\/wp\/v2\/types\/post"}],"author":[{"embeddable":true,"href":"https:\/\/www.almega.se\/api\/wp\/v2\/users\/163"}],"replies":[{"embeddable":true,"href":"https:\/\/www.almega.se\/api\/wp\/v2\/comments?post=75751"}],"version-history":[{"count":8,"href":"https:\/\/www.almega.se\/api\/wp\/v2\/posts\/75751\/revisions"}],"predecessor-version":[{"id":75760,"href":"https:\/\/www.almega.se\/api\/wp\/v2\/posts\/75751\/revisions\/75760"}],"wp:attachment":[{"href":"https:\/\/www.almega.se\/api\/wp\/v2\/media?parent=75751"}],"wp:term":[{"taxonomy":"category","embeddable":true,"href":"https:\/\/www.almega.se\/api\/wp\/v2\/categories?post=75751"},{"taxonomy":"post_tag","embeddable":true,"href":"https:\/\/www.almega.se\/api\/wp\/v2\/tags?post=75751"},{"taxonomy":"type","embeddable":true,"href":"https:\/\/www.almega.se\/api\/wp\/v2\/article_type?post=75751"},{"taxonomy":"agreement","embeddable":true,"href":"https:\/\/www.almega.se\/api\/wp\/v2\/agreement?post=75751"}],"curies":[{"name":"wp","href":"https:\/\/api.w.org\/{rel}","templated":true}]}}