{"id":75124,"date":"2023-02-14T10:31:00","date_gmt":"2023-02-14T09:31:00","guid":{"rendered":"https:\/\/www.almega.se\/?p=75124"},"modified":"2024-07-24T10:53:24","modified_gmt":"2024-07-24T08:53:24","slug":"individuell-lonesattning","status":"publish","type":"post","link":"https:\/\/www.almega.se\/2023\/02\/individuell-lonesattning\/","title":{"rendered":"Individuell l\u00f6nes\u00e4ttning"},"content":{"rendered":"<p class=\"intro\">F\u00f6r att s\u00e4tta l\u00f6n beh\u00f6vs ofta en helhetsbed\u00f6mning av medarbetarens arbetsuppgifter, m\u00e5luppfyllelse, bed\u00f6mning enligt l\u00f6nekriterierna samt var i l\u00f6nestrukturen och l\u00f6nekarri\u00e4ren medarbetaren befinner sig.<\/p>\n\n<p>Dialogen brukar inneh\u00e5lla ett fram\u00e5tsyftande m\u00e5lsamtal och ett tillbakablickande l\u00f6nesamtal. I m\u00e5lsamtalet diskuteras arbetssituationen, medarbetarens f\u00f6ruts\u00e4ttningar, personliga m\u00e5l och f\u00f6rv\u00e4ntat resultat. I l\u00f6nesamtalet g\u00f6rs en uppf\u00f6ljning och chefen motiverar den l\u00f6n som best\u00e4ms.<\/p>\n\n\n<a class='Share__link Share__link--url copy-text' href='#' rel='nofollow' data-text='lonepolicy' title='Dela url' data-confirmation='L\u00e4nken kopierades till urklipp'><svg class='icon icon--link'  width='18' height='18' viewBox='0 0 18 18' fill='none' xmlns='http:\/\/www.w3.org\/2000\/svg'>\n            <path d='M10.4142 0.514721L6.87868 4.05025L8.29289 5.46447L11.1213 2.63604L15.364 6.87868L12.5355 9.70711L13.9497 11.1213L17.4853 7.58579C17.8763 7.19476 17.8763 6.5626 17.4853 6.17158L11.8284 0.514721C11.4374 0.123691 10.8052 0.123691 10.4142 0.514721Z' fill='black'\/>\n            <path d='M9.7071 12.5355L6.87868 15.364L2.63604 11.1213L5.46446 8.2929L4.05025 6.87868L0.514716 10.4142C0.123686 10.8052 0.123686 11.4374 0.514716 11.8284L6.17157 17.4853C6.5626 17.8763 7.19475 17.8763 7.58578 17.4853L11.1213 13.9497L9.7071 12.5355Z' fill='black'\/>\n            <path d='M6.17157 11.8284C6.5626 12.2195 7.19475 12.2195 7.58578 11.8284L11.8284 7.58579C12.2195 7.19476 12.2195 6.56261 11.8284 6.17158C11.4374 5.78055 10.8052 5.78055 10.4142 6.17158L6.17157 10.4142C5.78054 10.8052 5.78054 11.4374 6.17157 11.8284Z' fill='black'\/>\n            <\/svg> <\/a>\n<h2 class=\"wp-block-heading\">L\u00f6nepolicy<\/h2>\n\n\n\n<p>L\u00f6nepolicyn \u00e4r f\u00f6retagets strategi f\u00f6r hur l\u00f6nen ska st\u00f6dja verksamheten och medarbetarnas utveckling. I l\u00f6nepolicyn framg\u00e5r vad som p\u00e5verkar l\u00f6n och hur den s\u00e4tts. De centrala l\u00f6neavtalen utg\u00f6r grunden f\u00f6r l\u00f6nepolicyn.<\/p>\n\n\n\n<p>Att ha en tydlig l\u00f6nepolicy, som till\u00e4mpas konsekvent, \u00e4r det b\u00e4sta f\u00f6r att uppn\u00e5 r\u00e4ttvisa och j\u00e4mst\u00e4llda l\u00f6ner.<\/p>\n\n\n\n<p><a href=\"https:\/\/www.almega.se\/app\/uploads\/2017\/11\/Lonepolicy_A-3.pdf\">H\u00e4r hittar du v\u00e5r broschyr kring l\u00f6nepolicyns huvudpunkter.<\/a><\/p>\n\n\n<a class='Share__link Share__link--url copy-text' href='#' rel='nofollow' data-text='loneprocess' title='Dela url' data-confirmation='L\u00e4nken kopierades till urklipp'><svg class='icon icon--link'  width='18' height='18' viewBox='0 0 18 18' fill='none' xmlns='http:\/\/www.w3.org\/2000\/svg'>\n            <path d='M10.4142 0.514721L6.87868 4.05025L8.29289 5.46447L11.1213 2.63604L15.364 6.87868L12.5355 9.70711L13.9497 11.1213L17.4853 7.58579C17.8763 7.19476 17.8763 6.5626 17.4853 6.17158L11.8284 0.514721C11.4374 0.123691 10.8052 0.123691 10.4142 0.514721Z' fill='black'\/>\n            <path d='M9.7071 12.5355L6.87868 15.364L2.63604 11.1213L5.46446 8.2929L4.05025 6.87868L0.514716 10.4142C0.123686 10.8052 0.123686 11.4374 0.514716 11.8284L6.17157 17.4853C6.5626 17.8763 7.19475 17.8763 7.58578 17.4853L11.1213 13.9497L9.7071 12.5355Z' fill='black'\/>\n            <path d='M6.17157 11.8284C6.5626 12.2195 7.19475 12.2195 7.58578 11.8284L11.8284 7.58579C12.2195 7.19476 12.2195 6.56261 11.8284 6.17158C11.4374 5.78055 10.8052 5.78055 10.4142 6.17158L6.17157 10.4142C5.78054 10.8052 5.78054 11.4374 6.17157 11.8284Z' fill='black'\/>\n            <\/svg> <\/a>\n<h2 class=\"wp-block-heading\">L\u00f6neprocess<\/h2>\n\n\n\n<p>Det \u00e4r genom l\u00f6neprocessen som l\u00f6nepolicyn f\u00f6rverkligas. L\u00f6neprocessen best\u00e5r ofta av flera steg. Sj\u00e4lva k\u00e4rnan i processen \u00e4r dialogen mellan chef och medarbetare i form av m\u00e5l- och l\u00f6nesamtal.<\/p>\n\n\n\n<p>I l\u00f6neprocessen ing\u00e5r \u00e4ven att g\u00f6ra en tidsplan, best\u00e4mma riktlinjer f\u00f6r l\u00f6nedialogen och l\u00f6nes\u00e4ttningen, se \u00f6ver l\u00f6nekriterierna och l\u00f6nestrukturen samt eventuellt st\u00e4mma av l\u00f6nerna med det lokala facket. Det \u00e4r viktigt att l\u00f6neprocessen utv\u00e4rderas f\u00f6r att s\u00e4kerst\u00e4lla att den fungerar och f\u00f6rb\u00e4ttras.<\/p>\n\n\n\n<p><a href=\"https:\/\/www.almega.se\/app\/uploads\/2020\/01\/en-riktigt-bra-loneprocess-utskrift.pdf\">En riktigt bra l\u00f6neprocess<\/a><\/p>\n\n\n<a class='Share__link Share__link--url copy-text' href='#' rel='nofollow' data-text='lonekriterier' title='Dela url' data-confirmation='L\u00e4nken kopierades till urklipp'><svg class='icon icon--link'  width='18' height='18' viewBox='0 0 18 18' fill='none' xmlns='http:\/\/www.w3.org\/2000\/svg'>\n            <path d='M10.4142 0.514721L6.87868 4.05025L8.29289 5.46447L11.1213 2.63604L15.364 6.87868L12.5355 9.70711L13.9497 11.1213L17.4853 7.58579C17.8763 7.19476 17.8763 6.5626 17.4853 6.17158L11.8284 0.514721C11.4374 0.123691 10.8052 0.123691 10.4142 0.514721Z' fill='black'\/>\n            <path d='M9.7071 12.5355L6.87868 15.364L2.63604 11.1213L5.46446 8.2929L4.05025 6.87868L0.514716 10.4142C0.123686 10.8052 0.123686 11.4374 0.514716 11.8284L6.17157 17.4853C6.5626 17.8763 7.19475 17.8763 7.58578 17.4853L11.1213 13.9497L9.7071 12.5355Z' fill='black'\/>\n            <path d='M6.17157 11.8284C6.5626 12.2195 7.19475 12.2195 7.58578 11.8284L11.8284 7.58579C12.2195 7.19476 12.2195 6.56261 11.8284 6.17158C11.4374 5.78055 10.8052 5.78055 10.4142 6.17158L6.17157 10.4142C5.78054 10.8052 5.78054 11.4374 6.17157 11.8284Z' fill='black'\/>\n            <\/svg> <\/a>\n<h2 class=\"wp-block-heading\">L\u00f6nekriterier<\/h2>\n\n\n\n<p>L\u00f6nepolicyn konkretiseras genom ett antal l\u00f6nekriterier som anv\u00e4nds vid l\u00f6nes\u00e4ttningen f\u00f6r att bed\u00f6ma varje medarbetares bidrag till f\u00f6retagets framg\u00e5ng. Syftet med l\u00f6nekriterierna \u00e4r att tydligg\u00f6ra vad som p\u00e5verkar l\u00f6nen och hj\u00e4lpa cheferna att g\u00f6ra bed\u00f6mningen p\u00e5 ett enhetligt s\u00e4tt.<\/p>\n\n\n\n<p>Det beh\u00f6vs ofta b\u00e5de \u00f6vergripande och personliga l\u00f6nekriterier f\u00f6r medarbetare med kvalificerade ar\u00adbetsuppgifter inom tj\u00e4nste\u00adf\u00f6retag. De \u00f6vergripande l\u00f6nekriterierna beskriver generella krav f\u00f6r f\u00f6retagets framg\u00e5ng. Personliga kriterier best\u00e4ms i dialogen mellan chef och medarbetare.<\/p>\n\n\n\n<p>S\u00e5v\u00e4l de \u00f6vergripande som de personliga l\u00f6nekrite\u00adrierna, och skalan f\u00f6r att bed\u00f6ma medarbetarens bidrag, beh\u00f6ver justeras i takt med att verksamheten och dess behov f\u00f6r\u00e4ndras. L\u00f6nekriterierna och bed\u00f6mningsskalan beh\u00f6ver d\u00e4rf\u00f6r ses \u00f6ver regelbundet.<\/p>\n\n\n\n<figure class=\"wp-block-image aligncenter\"><img loading=\"lazy\" decoding=\"async\" width=\"851\" height=\"496\" src=\"https:\/\/www.almega.se\/app\/uploads\/2019\/12\/lonekriterier.png\" alt=\"\" class=\"wp-image-26716\" srcset=\"https:\/\/www.almega.se\/app\/uploads\/2019\/12\/lonekriterier.png 851w, https:\/\/www.almega.se\/app\/uploads\/2019\/12\/lonekriterier-380x221.png 380w, https:\/\/www.almega.se\/app\/uploads\/2019\/12\/lonekriterier-580x338.png 580w, https:\/\/www.almega.se\/app\/uploads\/2019\/12\/lonekriterier-768x448.png 768w\" sizes=\"auto, (max-width: 851px) 100vw, 851px\" \/><\/figure>\n\n\n<a class='Share__link Share__link--url copy-text' href='#' rel='nofollow' data-text='lonestruktur-och-lonekarriar' title='Dela url' data-confirmation='L\u00e4nken kopierades till urklipp'><svg class='icon icon--link'  width='18' height='18' viewBox='0 0 18 18' fill='none' xmlns='http:\/\/www.w3.org\/2000\/svg'>\n            <path d='M10.4142 0.514721L6.87868 4.05025L8.29289 5.46447L11.1213 2.63604L15.364 6.87868L12.5355 9.70711L13.9497 11.1213L17.4853 7.58579C17.8763 7.19476 17.8763 6.5626 17.4853 6.17158L11.8284 0.514721C11.4374 0.123691 10.8052 0.123691 10.4142 0.514721Z' fill='black'\/>\n            <path d='M9.7071 12.5355L6.87868 15.364L2.63604 11.1213L5.46446 8.2929L4.05025 6.87868L0.514716 10.4142C0.123686 10.8052 0.123686 11.4374 0.514716 11.8284L6.17157 17.4853C6.5626 17.8763 7.19475 17.8763 7.58578 17.4853L11.1213 13.9497L9.7071 12.5355Z' fill='black'\/>\n            <path d='M6.17157 11.8284C6.5626 12.2195 7.19475 12.2195 7.58578 11.8284L11.8284 7.58579C12.2195 7.19476 12.2195 6.56261 11.8284 6.17158C11.4374 5.78055 10.8052 5.78055 10.4142 6.17158L6.17157 10.4142C5.78054 10.8052 5.78054 11.4374 6.17157 11.8284Z' fill='black'\/>\n            <\/svg> <\/a>\n<h2 class=\"wp-block-heading\">L\u00f6nestruktur och l\u00f6nekarri\u00e4r<\/h2>\n\n\n\n<p>L\u00f6nestrukturen inneb\u00e4r att best\u00e4mma vad som \u00e4r rimlig l\u00f6n f\u00f6r olika roller p\u00e5 f\u00f6retaget. De som ska kunna p\u00e5verka sin l\u00f6n p\u00e5 likartat s\u00e4tt kan tillh\u00f6ra samma l\u00f6nestruktursgrupp. Det handlar om att ta st\u00e4llning till l\u00f6neniv\u00e5er, l\u00f6nespridning, l\u00f6nerelationer och f\u00f6rh\u00e5llandet till marknadsl\u00f6nen s\u00e5 att f\u00f6retaget kan rekrytera, beh\u00e5lla och utveckla medarbetare. Medlemmar i Almega f\u00e5r tillg\u00e5ng till l\u00f6nestatistik som kan anv\u00e4ndas som underlag.<\/p>\n\n\n\n<p>L\u00f6nestrukturen bidrar till att ge struktur i l\u00f6nes\u00e4ttningen. L\u00f6nestrukturen ger ocks\u00e5 en \u00f6versiktlig bild \u00f6ver vilka prioriteringar som beh\u00f6ver g\u00f6ras.<\/p>\n\n\n\n<p>N\u00e4r l\u00f6nestrukturen best\u00e4mts ger den en bild av varje medarbetares l\u00f6nel\u00e4ge och l\u00f6nekarri\u00e4r. L\u00f6nekar\u00adri\u00e4ren visar hur en enskild individs l\u00f6n \u00e4r t\u00e4nkt att utvecklas \u00f6ver tiden i takt med att medarbetaren kompetens, prestation m.m. utvecklas i enlighet med helhetsbed\u00f6mningen av l\u00f6nekriterierna.<\/p>\n\n\n\n<figure class=\"wp-block-image aligncenter\"><img loading=\"lazy\" decoding=\"async\" width=\"425\" height=\"343\" src=\"https:\/\/www.almega.se\/app\/uploads\/2019\/12\/lonekarriar.png\" alt=\"\" class=\"wp-image-26720\" srcset=\"https:\/\/www.almega.se\/app\/uploads\/2019\/12\/lonekarriar.png 425w, https:\/\/www.almega.se\/app\/uploads\/2019\/12\/lonekarriar-380x307.png 380w\" sizes=\"auto, (max-width: 425px) 100vw, 425px\" \/><\/figure>\n\n\n<a class='Share__link Share__link--url copy-text' href='#' rel='nofollow' data-text='malsamtal' title='Dela url' data-confirmation='L\u00e4nken kopierades till urklipp'><svg class='icon icon--link'  width='18' height='18' viewBox='0 0 18 18' fill='none' xmlns='http:\/\/www.w3.org\/2000\/svg'>\n            <path d='M10.4142 0.514721L6.87868 4.05025L8.29289 5.46447L11.1213 2.63604L15.364 6.87868L12.5355 9.70711L13.9497 11.1213L17.4853 7.58579C17.8763 7.19476 17.8763 6.5626 17.4853 6.17158L11.8284 0.514721C11.4374 0.123691 10.8052 0.123691 10.4142 0.514721Z' fill='black'\/>\n            <path d='M9.7071 12.5355L6.87868 15.364L2.63604 11.1213L5.46446 8.2929L4.05025 6.87868L0.514716 10.4142C0.123686 10.8052 0.123686 11.4374 0.514716 11.8284L6.17157 17.4853C6.5626 17.8763 7.19475 17.8763 7.58578 17.4853L11.1213 13.9497L9.7071 12.5355Z' fill='black'\/>\n            <path d='M6.17157 11.8284C6.5626 12.2195 7.19475 12.2195 7.58578 11.8284L11.8284 7.58579C12.2195 7.19476 12.2195 6.56261 11.8284 6.17158C11.4374 5.78055 10.8052 5.78055 10.4142 6.17158L6.17157 10.4142C5.78054 10.8052 5.78054 11.4374 6.17157 11.8284Z' fill='black'\/>\n            <\/svg> <\/a>\n<h2 class=\"wp-block-heading\">M\u00e5lsamtal<\/h2>\n\n\n\n<p>M\u00e5lsamtal (ocks\u00e5 kallat medarbetarsamtal, utvecklingssamtal) diskuterar bland annat medarbetarens arbetssituation, vilka f\u00f6rv\u00e4ntningar som finns och medarbetarens behov av kompentens\u00adutveckling. M\u00e5lsamtalet resulterar i personliga m\u00e5l f\u00f6r varje medarbetare.<\/p>\n\n\n\n<p>M\u00e5lsamtalet handlar om att planera framtiden tillsammans s\u00e5 att det finns en gemensam uppfattning om n\u00e4r medarbetaren har lyckats. M\u00e5lsamtalet \u00e4r utg\u00e5ngspunkten f\u00f6r l\u00f6nesamtalet.<\/p>\n\n\n\n<p>Almega kan anordna special\u00adanpassade kurser i m\u00e5l- och l\u00f6nesamtal.<\/p>\n\n\n\n<p><a href=\"https:\/\/www.almega.se\/app\/uploads\/2017\/10\/Medarbetarsamtal_A.pdf\">Medarbetarsamtal<\/a><\/p>\n\n\n<a class='Share__link Share__link--url copy-text' href='#' rel='nofollow' data-text='helhetsbedomning' title='Dela url' data-confirmation='L\u00e4nken kopierades till urklipp'><svg class='icon icon--link'  width='18' height='18' viewBox='0 0 18 18' fill='none' xmlns='http:\/\/www.w3.org\/2000\/svg'>\n            <path d='M10.4142 0.514721L6.87868 4.05025L8.29289 5.46447L11.1213 2.63604L15.364 6.87868L12.5355 9.70711L13.9497 11.1213L17.4853 7.58579C17.8763 7.19476 17.8763 6.5626 17.4853 6.17158L11.8284 0.514721C11.4374 0.123691 10.8052 0.123691 10.4142 0.514721Z' fill='black'\/>\n            <path d='M9.7071 12.5355L6.87868 15.364L2.63604 11.1213L5.46446 8.2929L4.05025 6.87868L0.514716 10.4142C0.123686 10.8052 0.123686 11.4374 0.514716 11.8284L6.17157 17.4853C6.5626 17.8763 7.19475 17.8763 7.58578 17.4853L11.1213 13.9497L9.7071 12.5355Z' fill='black'\/>\n            <path d='M6.17157 11.8284C6.5626 12.2195 7.19475 12.2195 7.58578 11.8284L11.8284 7.58579C12.2195 7.19476 12.2195 6.56261 11.8284 6.17158C11.4374 5.78055 10.8052 5.78055 10.4142 6.17158L6.17157 10.4142C5.78054 10.8052 5.78054 11.4374 6.17157 11.8284Z' fill='black'\/>\n            <\/svg> <\/a>\n<h2 class=\"wp-block-heading\">Helhetsbed\u00f6mning<\/h2>\n\n\n\n<p class=\"has-normal-font-size\">F\u00f6r att s\u00e4tta l\u00f6n beh\u00f6ver chefen g\u00f6ra en helhetsbed\u00f6mning av:<\/p>\n\n\n\n<ul class=\"wp-block-list\">\n<li>Om det skett n\u00e5gon v\u00e4sentlig f\u00f6r\u00e4ndring av arbetsuppgifterna som motiverar en l\u00f6nejustering<\/li>\n\n\n\n<li>Medarbetarens m\u00e5luppfyllelse<\/li>\n\n\n\n<li>Medarbetarens bidrag vid bed\u00f6mning av l\u00f6nekriterierna<\/li>\n\n\n\n<li>Medarbetarens l\u00f6nel\u00e4ge i l\u00f6nestrukturen<\/li>\n\n\n\n<li>Andra \u00f6verv\u00e4ganden i enlighet med f\u00f6retagets riktlinjer<\/li>\n\n\n\n<li>Det best\u00e4mda utrymmet f\u00f6r l\u00f6ne\u00f6kningar<\/li>\n<\/ul>\n\n\n\n<p>Helhetsbed\u00f6mningen leder fram till l\u00e4mpliga l\u00f6nejusteringar. Det kan underl\u00e4tta om det finns en uppfattning om vilken l\u00f6ne\u00f6kning som \u00e4r rimlig i olika kombinationer av l\u00f6nel\u00e4ge och bed\u00f6mning enligt l\u00f6nekriterierna, t.ex. s\u00e5som matrisen h\u00e4r.<\/p>\n\n\n\n<figure class=\"wp-block-image aligncenter\"><img loading=\"lazy\" decoding=\"async\" width=\"334\" height=\"292\" src=\"https:\/\/www.almega.se\/app\/uploads\/2019\/12\/helhetsbedomning.png\" alt=\"\" class=\"wp-image-26727\"\/><\/figure>\n\n\n<a class='Share__link Share__link--url copy-text' href='#' rel='nofollow' data-text='lonesamtal' title='Dela url' data-confirmation='L\u00e4nken kopierades till urklipp'><svg class='icon icon--link'  width='18' height='18' viewBox='0 0 18 18' fill='none' xmlns='http:\/\/www.w3.org\/2000\/svg'>\n            <path d='M10.4142 0.514721L6.87868 4.05025L8.29289 5.46447L11.1213 2.63604L15.364 6.87868L12.5355 9.70711L13.9497 11.1213L17.4853 7.58579C17.8763 7.19476 17.8763 6.5626 17.4853 6.17158L11.8284 0.514721C11.4374 0.123691 10.8052 0.123691 10.4142 0.514721Z' fill='black'\/>\n            <path d='M9.7071 12.5355L6.87868 15.364L2.63604 11.1213L5.46446 8.2929L4.05025 6.87868L0.514716 10.4142C0.123686 10.8052 0.123686 11.4374 0.514716 11.8284L6.17157 17.4853C6.5626 17.8763 7.19475 17.8763 7.58578 17.4853L11.1213 13.9497L9.7071 12.5355Z' fill='black'\/>\n            <path d='M6.17157 11.8284C6.5626 12.2195 7.19475 12.2195 7.58578 11.8284L11.8284 7.58579C12.2195 7.19476 12.2195 6.56261 11.8284 6.17158C11.4374 5.78055 10.8052 5.78055 10.4142 6.17158L6.17157 10.4142C5.78054 10.8052 5.78054 11.4374 6.17157 11.8284Z' fill='black'\/>\n            <\/svg> <\/a>\n<h2 class=\"wp-block-heading\">L\u00f6nesamtal<\/h2>\n\n\n\n<p>L\u00f6nesamtalet \u00e4r en uppf\u00f6ljning av vad som h\u00e4nt och hur medarbetaren lyckats i arbetet under det g\u00e5ngna \u00e5ret. I l\u00f6nesamtalet redovisar chefen sin helhetsbed\u00f6mning och motiverar den l\u00f6n som s\u00e4tts. L\u00f6nesamtalet \u00e4r en del i all feedback som ges under \u00e5ret.<\/p>\n\n\n\n<p>L\u00f6nesamtalet upplevs ofta som den sv\u00e5raste delen i l\u00f6neprocessen. F\u00f6r att det ska bli ett meningsfullt samtal beh\u00f6ver b\u00e5de chefen och medarbetaren vara v\u00e4l f\u00f6rberedda. Samtalet underl\u00e4ttas ocks\u00e5 av att de har samma utg\u00e5ngspunkter.<\/p>\n\n\n\n<p>Chefernas mandat att s\u00e4tta l\u00f6n m\u00e5ste vara tydligt. F\u00f6r att s\u00e4kerst\u00e4lla att l\u00f6nes\u00e4ttningen f\u00f6ljer f\u00f6retagets l\u00f6nepolicy och andra riktlinjer, och blir s\u00e5 konsekvent och enhetlig som m\u00f6jligt, \u00e4r det vanligt att \u00f6verordnad chef granskar chefernas l\u00f6nef\u00f6rslag. \u00c4ven personalfunktionen har en viktig roll i att s\u00e4kerst\u00e4lla kvaliteten i l\u00f6nes\u00e4ttningen. Medarbetaren kanske inte blir n\u00f6jd med l\u00f6neh\u00f6jningen, men ska f\u00f6rst\u00e5 hur l\u00f6nen s\u00e4tts och kan p\u00e5verkas i framtiden.<\/p>\n\n\n\n<p><a href=\"https:\/\/www.almega.se\/app\/uploads\/2020\/01\/en-kort-guide-till-lonesamtalet-utskrift.pdf\">En kort guide till l\u00f6nesamtalet<\/a><\/p>\n\n\n<a class='Share__link Share__link--url copy-text' href='#' rel='nofollow' data-text='viktiga-utgangspunkter' title='Dela url' data-confirmation='L\u00e4nken kopierades till urklipp'><svg class='icon icon--link'  width='18' height='18' viewBox='0 0 18 18' fill='none' xmlns='http:\/\/www.w3.org\/2000\/svg'>\n            <path d='M10.4142 0.514721L6.87868 4.05025L8.29289 5.46447L11.1213 2.63604L15.364 6.87868L12.5355 9.70711L13.9497 11.1213L17.4853 7.58579C17.8763 7.19476 17.8763 6.5626 17.4853 6.17158L11.8284 0.514721C11.4374 0.123691 10.8052 0.123691 10.4142 0.514721Z' fill='black'\/>\n            <path d='M9.7071 12.5355L6.87868 15.364L2.63604 11.1213L5.46446 8.2929L4.05025 6.87868L0.514716 10.4142C0.123686 10.8052 0.123686 11.4374 0.514716 11.8284L6.17157 17.4853C6.5626 17.8763 7.19475 17.8763 7.58578 17.4853L11.1213 13.9497L9.7071 12.5355Z' fill='black'\/>\n            <path d='M6.17157 11.8284C6.5626 12.2195 7.19475 12.2195 7.58578 11.8284L11.8284 7.58579C12.2195 7.19476 12.2195 6.56261 11.8284 6.17158C11.4374 5.78055 10.8052 5.78055 10.4142 6.17158L6.17157 10.4142C5.78054 10.8052 5.78054 11.4374 6.17157 11.8284Z' fill='black'\/>\n            <\/svg> <\/a>\n<h2 class=\"wp-block-heading\">Viktiga utg\u00e5ngspunkter<\/h2>\n\n\n\n<p>\u00f6retags- och medarbetarn\u00e4ra l\u00f6nes\u00e4ttning underl\u00e4ttas om chefen och medarbetaren har samma utg\u00e5ngspunkter n\u00e4r det g\u00e4ller hur l\u00f6n s\u00e4tts och p\u00e5verkas. H\u00e4r listas n\u00e5gra s\u00e5dana utg\u00e5ngspunkter:<\/p>\n\n\n\n<ul class=\"wp-block-list\">\n<li>V\u00e5r mentala bild av l\u00f6ne\u00adutveckling som ett rakt streck m\u00e5ste f\u00f6r\u00e4ndras. Det finns inget f\u00f6rv\u00e4ntat snitt som alla kan f\u00f6rv\u00e4nta sig att f\u00e5.<\/li>\n\n\n\n<li>Det \u00e4r chefen som s\u00e4tter l\u00f6n. Men efter de regler som f\u00f6retaget best\u00e4mmer. Individens f\u00f6rhandlingsf\u00f6rm\u00e5ga etc. ska inte p\u00e5verka, l\u00f6nesamtalet \u00e4r ingen f\u00f6rhandling.<\/li>\n\n\n\n<li>L\u00f6n \u00e4r en del i feedbacken. Konstruktiv och \u00e4rlig feedback \u00e4r ov\u00e4rderlig. Att ge l\u00f6ne\u00f6kning till n\u00e5gon som inte f\u00f6rtj\u00e4nat det \u00e4r snarare elakt \u00e4n sn\u00e4llt.<\/li>\n\n\n\n<li>L\u00f6ne\u00f6kningar handlar om att prioritera, vilket \u00e4r att v\u00e4lja mellan bra saker. Att man inte sj\u00e4lv f\u00e5r l\u00f6ne\u00f6kning kan helt enkelt bero p\u00e5 att annat \u00e4r mer prioriterat, och om det gynnar f\u00f6retaget \u00e4r det bra f\u00f6r alla.<\/li>\n\n\n\n<li>L\u00f6ne\u00adutveckling \u00e4r tv\u00e5dimensionellt. L\u00f6n \u00f6kar d\u00e4rf\u00f6r att det sker en personlig utveckling. Om det som p\u00e5verka l\u00f6n, t.ex. prestation, resultat och kompetens, inte \u00f6kat \u00e4r det rimligt att l\u00f6nen \u00e4r of\u00f6r\u00e4ndrad. Ingen vill betala mer f\u00f6r samma, och inflation \u00e4r ingen grund f\u00f6r l\u00f6ne\u00f6kning.<\/li>\n\n\n\n<li>Det \u00e4r positivt att inte \u00e4r n\u00f6jd med sin l\u00f6ns storlek utan vill ha h\u00f6gre l\u00f6n. D\u00e4rmed \u00e4r l\u00f6nen en bra drivkraft f\u00f6r goda prestationer.<\/li>\n\n\n\n<li>Det \u00e4r viktigt att se och prata om hela l\u00f6nen, inte enbart l\u00f6ne\u00f6kningen. L\u00f6ne\u00f6kningen brukar f\u00e5 oproportionerlig stor uppm\u00e4rksamheten.<\/li>\n\n\n\n<li>I framtiden kommer variationen \u00f6ka och likriktningen minska. Det betyder att det kommer bli st\u00f6rre skillnader i l\u00f6ne\u00adutveckling mellan olika tidpunkter, personer och f\u00f6retag.<\/li>\n<\/ul>\n\n\n\n  \n    \n          \n    \n                \n  \n","protected":false},"excerpt":{"rendered":"<p>F\u00f6r att s\u00e4tta l\u00f6n beh\u00f6vs ofta en helhetsbed\u00f6mning av medarbetarens arbetsuppgifter, m\u00e5luppfyllelse, bed\u00f6mning enligt l\u00f6nekriterierna samt var i l\u00f6nestrukturen och l\u00f6nekarri\u00e4ren medarbetaren befinner sig.<\/p>\n","protected":false},"author":14531,"featured_media":26306,"comment_status":"closed","ping_status":"closed","sticky":false,"template":"","format":"standard","meta":{"_acf_changed":false,"footnotes":""},"categories":[451,689],"tags":[],"article_type":[55],"agreement":[],"class_list":["post-75124","post","type-post","status-publish","format-standard","has-post-thumbnail","hentry","category-arbetsgivarfragor","category-lon","type-artiklar"],"acf":[],"yoast_head":"<!-- This site is optimized with the Yoast SEO Premium plugin v26.8 (Yoast SEO v26.8) - https:\/\/yoast.com\/product\/yoast-seo-premium-wordpress\/ -->\n<title>Individuell l\u00f6nes\u00e4ttning | Almega<\/title>\n<meta name=\"robots\" content=\"index, follow, max-snippet:-1, max-image-preview:large, max-video-preview:-1\" \/>\n<link rel=\"canonical\" href=\"https:\/\/www.almega.se\/2023\/02\/individuell-lonesattning\/\" \/>\n<meta property=\"og:locale\" content=\"sv_SE\" \/>\n<meta property=\"og:type\" content=\"article\" \/>\n<meta property=\"og:title\" content=\"Individuell l\u00f6nes\u00e4ttning\" \/>\n<meta property=\"og:description\" content=\"F\u00f6r att s\u00e4tta l\u00f6n beh\u00f6vs ofta en helhetsbed\u00f6mning av medarbetarens arbetsuppgifter, m\u00e5luppfyllelse, bed\u00f6mning enligt l\u00f6nekriterierna samt var i l\u00f6nestrukturen och l\u00f6nekarri\u00e4ren medarbetaren befinner sig.\" \/>\n<meta property=\"og:url\" content=\"https:\/\/www.almega.se\/2023\/02\/individuell-lonesattning\/\" \/>\n<meta property=\"og:site_name\" content=\"Almega\" \/>\n<meta property=\"article:published_time\" content=\"2023-02-14T09:31:00+00:00\" \/>\n<meta property=\"article:modified_time\" content=\"2024-07-24T08:53:24+00:00\" \/>\n<meta property=\"og:image\" content=\"https:\/\/www.almega.se\/app\/uploads\/2019\/12\/canva-working-in-creative-studio.jpg\" \/>\n\t<meta property=\"og:image:width\" content=\"3008\" \/>\n\t<meta property=\"og:image:height\" content=\"2008\" \/>\n\t<meta property=\"og:image:type\" content=\"image\/jpeg\" \/>\n<meta name=\"author\" content=\"Karin Nyg\u00e5rd\" \/>\n<meta name=\"twitter:card\" content=\"summary_large_image\" \/>\n<meta name=\"twitter:label1\" content=\"Skriven av\" \/>\n\t<meta name=\"twitter:data1\" content=\"Karin Nyg\u00e5rd\" \/>\n\t<meta name=\"twitter:label2\" content=\"Ber\u00e4knad l\u00e4stid\" \/>\n\t<meta name=\"twitter:data2\" content=\"6 minuter\" \/>\n<!-- \/ Yoast SEO Premium plugin. -->","yoast_head_json":{"title":"Individuell l\u00f6nes\u00e4ttning | Almega","robots":{"index":"index","follow":"follow","max-snippet":"max-snippet:-1","max-image-preview":"max-image-preview:large","max-video-preview":"max-video-preview:-1"},"canonical":"https:\/\/www.almega.se\/2023\/02\/individuell-lonesattning\/","og_locale":"sv_SE","og_type":"article","og_title":"Individuell l\u00f6nes\u00e4ttning","og_description":"F\u00f6r att s\u00e4tta l\u00f6n beh\u00f6vs ofta en helhetsbed\u00f6mning av medarbetarens arbetsuppgifter, m\u00e5luppfyllelse, bed\u00f6mning enligt l\u00f6nekriterierna samt var i l\u00f6nestrukturen och l\u00f6nekarri\u00e4ren medarbetaren befinner sig.","og_url":"https:\/\/www.almega.se\/2023\/02\/individuell-lonesattning\/","og_site_name":"Almega","article_published_time":"2023-02-14T09:31:00+00:00","article_modified_time":"2024-07-24T08:53:24+00:00","og_image":[{"width":3008,"height":2008,"url":"https:\/\/www.almega.se\/app\/uploads\/2019\/12\/canva-working-in-creative-studio.jpg","type":"image\/jpeg"}],"author":"Karin Nyg\u00e5rd","twitter_card":"summary_large_image","twitter_misc":{"Skriven av":"Karin Nyg\u00e5rd","Ber\u00e4knad l\u00e4stid":"6 minuter"},"schema":{"@context":"https:\/\/schema.org","@graph":[{"@type":"NewsArticle","@id":"https:\/\/www.almega.se\/2023\/02\/individuell-lonesattning\/#article","isPartOf":{"@id":"https:\/\/www.almega.se\/2023\/02\/individuell-lonesattning\/"},"author":{"name":"Karin Nyg\u00e5rd","@id":"https:\/\/www.almega.se\/#\/schema\/person\/eae58f3a71d6b7aa9f71f3139a740a02"},"headline":"Individuell l\u00f6nes\u00e4ttning","datePublished":"2023-02-14T09:31:00+00:00","dateModified":"2024-07-24T08:53:24+00:00","mainEntityOfPage":{"@id":"https:\/\/www.almega.se\/2023\/02\/individuell-lonesattning\/"},"wordCount":1292,"image":{"@id":"https:\/\/www.almega.se\/2023\/02\/individuell-lonesattning\/#primaryimage"},"thumbnailUrl":"https:\/\/www.almega.se\/app\/uploads\/2019\/12\/canva-working-in-creative-studio.jpg","articleSection":["Arbetsgivarfr\u00e5gor","L\u00f6n"],"inLanguage":"sv-SE"},{"@type":"WebPage","@id":"https:\/\/www.almega.se\/2023\/02\/individuell-lonesattning\/","url":"https:\/\/www.almega.se\/2023\/02\/individuell-lonesattning\/","name":"Individuell l\u00f6nes\u00e4ttning | Almega","isPartOf":{"@id":"https:\/\/www.almega.se\/#website"},"primaryImageOfPage":{"@id":"https:\/\/www.almega.se\/2023\/02\/individuell-lonesattning\/#primaryimage"},"image":{"@id":"https:\/\/www.almega.se\/2023\/02\/individuell-lonesattning\/#primaryimage"},"thumbnailUrl":"https:\/\/www.almega.se\/app\/uploads\/2019\/12\/canva-working-in-creative-studio.jpg","datePublished":"2023-02-14T09:31:00+00:00","dateModified":"2024-07-24T08:53:24+00:00","author":{"@id":"https:\/\/www.almega.se\/#\/schema\/person\/eae58f3a71d6b7aa9f71f3139a740a02"},"breadcrumb":{"@id":"https:\/\/www.almega.se\/2023\/02\/individuell-lonesattning\/#breadcrumb"},"inLanguage":"sv-SE","potentialAction":[{"@type":"ReadAction","target":["https:\/\/www.almega.se\/2023\/02\/individuell-lonesattning\/"]}]},{"@type":"ImageObject","inLanguage":"sv-SE","@id":"https:\/\/www.almega.se\/2023\/02\/individuell-lonesattning\/#primaryimage","url":"https:\/\/www.almega.se\/app\/uploads\/2019\/12\/canva-working-in-creative-studio.jpg","contentUrl":"https:\/\/www.almega.se\/app\/uploads\/2019\/12\/canva-working-in-creative-studio.jpg","width":3008,"height":2008,"caption":"R\u00f6rlig l\u00f6n"},{"@type":"BreadcrumbList","@id":"https:\/\/www.almega.se\/2023\/02\/individuell-lonesattning\/#breadcrumb","itemListElement":[{"@type":"ListItem","position":1,"name":"Home","item":"https:\/\/www.almega.se\/"},{"@type":"ListItem","position":2,"name":"Individuell l\u00f6nes\u00e4ttning"}]},{"@type":"WebSite","@id":"https:\/\/www.almega.se\/#website","url":"https:\/\/www.almega.se\/","name":"Almega","description":"","potentialAction":[{"@type":"SearchAction","target":{"@type":"EntryPoint","urlTemplate":"https:\/\/www.almega.se\/?s={search_term_string}"},"query-input":{"@type":"PropertyValueSpecification","valueRequired":true,"valueName":"search_term_string"}}],"inLanguage":"sv-SE"},{"@type":"Person","@id":"https:\/\/www.almega.se\/#\/schema\/person\/eae58f3a71d6b7aa9f71f3139a740a02","name":"Karin Nyg\u00e5rd","image":{"@type":"ImageObject","inLanguage":"sv-SE","@id":"https:\/\/www.almega.se\/#\/schema\/person\/image\/","url":"https:\/\/secure.gravatar.com\/avatar\/09e5ec3d12974ae686ad90a0a4bf5404c8a4cfdca18f97124f166ab274023818?s=96&d=mm&r=g","contentUrl":"https:\/\/secure.gravatar.com\/avatar\/09e5ec3d12974ae686ad90a0a4bf5404c8a4cfdca18f97124f166ab274023818?s=96&d=mm&r=g","caption":"Karin Nyg\u00e5rd"},"description":"Produkt\u00e4gare Almega.se, samordnar webbutveckling och utveckling av Arbetsgivarguiden.se","url":"https:\/\/www.almega.se\/person\/karinnygard\/"}]}},"_links":{"self":[{"href":"https:\/\/www.almega.se\/api\/wp\/v2\/posts\/75124","targetHints":{"allow":["GET"]}}],"collection":[{"href":"https:\/\/www.almega.se\/api\/wp\/v2\/posts"}],"about":[{"href":"https:\/\/www.almega.se\/api\/wp\/v2\/types\/post"}],"author":[{"embeddable":true,"href":"https:\/\/www.almega.se\/api\/wp\/v2\/users\/14531"}],"replies":[{"embeddable":true,"href":"https:\/\/www.almega.se\/api\/wp\/v2\/comments?post=75124"}],"version-history":[{"count":4,"href":"https:\/\/www.almega.se\/api\/wp\/v2\/posts\/75124\/revisions"}],"predecessor-version":[{"id":75135,"href":"https:\/\/www.almega.se\/api\/wp\/v2\/posts\/75124\/revisions\/75135"}],"wp:featuredmedia":[{"embeddable":true,"href":"https:\/\/www.almega.se\/api\/wp\/v2\/media\/26306"}],"wp:attachment":[{"href":"https:\/\/www.almega.se\/api\/wp\/v2\/media?parent=75124"}],"wp:term":[{"taxonomy":"category","embeddable":true,"href":"https:\/\/www.almega.se\/api\/wp\/v2\/categories?post=75124"},{"taxonomy":"post_tag","embeddable":true,"href":"https:\/\/www.almega.se\/api\/wp\/v2\/tags?post=75124"},{"taxonomy":"type","embeddable":true,"href":"https:\/\/www.almega.se\/api\/wp\/v2\/article_type?post=75124"},{"taxonomy":"agreement","embeddable":true,"href":"https:\/\/www.almega.se\/api\/wp\/v2\/agreement?post=75124"}],"curies":[{"name":"wp","href":"https:\/\/api.w.org\/{rel}","templated":true}]}}