{"id":75089,"date":"2024-07-22T08:37:09","date_gmt":"2024-07-22T06:37:09","guid":{"rendered":"https:\/\/www.almega.se\/?p=75089"},"modified":"2024-08-29T09:37:52","modified_gmt":"2024-08-29T07:37:52","slug":"almega-pa-dn-debatt-myter-om-valfardsforetagen-skymmer-kallan-till-vinsten","status":"publish","type":"post","link":"https:\/\/www.almega.se\/2024\/07\/almega-pa-dn-debatt-myter-om-valfardsforetagen-skymmer-kallan-till-vinsten\/","title":{"rendered":"Almega p\u00e5 DN Debatt: \u201dMyter om v\u00e4lf\u00e4rds&shy;f\u00f6retagen skymmer k\u00e4llan till vinsten\u201d"},"content":{"rendered":"<p class=\"intro\">&#8221;Vinsten uppst\u00e5r inte f\u00f6r att kvaliteten sparas bort, utan p\u00e5 grund av starka drivkrafter att jobba effektivt&#8221; skriver Almega, V\u00e5rdf\u00f6retagarna och Almega Utbildning p\u00e5 DN Debatt.<\/p>\n\n<p>Kritiken mot v\u00e4lf\u00e4rdsf\u00f6retagen bygger ofta p\u00e5 antaganden om att v\u00e4lf\u00e4rdsproduktion \u00e4r en statisk verksamhet, att personalt\u00e4ta och m\u00e4nniskon\u00e4ra tj\u00e4nster som v\u00e4lf\u00e4rd saknar innovationsf\u00f6rm\u00e5ga och inte heller kan utveckla sin produktivitet. <\/p>\n\n\n\n<p>&#8221;Almega har i\u00a0<a href=\"https:\/\/www.almega.se\/2024\/06\/rapport-hur-uppstar-vinsten-i-valfardsforetag\/\">en rapport<\/a>\u00a0visat att dessa antaganden \u00e4r felaktiga&#8221;, skriver <strong>Ann \u00d6berg<\/strong>, vd, Almega, <strong>Antje Dedering<\/strong>, f\u00f6rbundsdirekt\u00f6r, V\u00e5rdf\u00f6retagarna och <strong>Per-Arne Andersson<\/strong>, tf f\u00f6rbundsdirekt\u00f6r och styrelseordf\u00f6rande, Almega utbildning.<\/p>\n\n\n\n<p>&#8221; Ett antal unders\u00f6kningar visar att skillnaderna i produktivitet mellan olika utf\u00f6rare av v\u00e4lf\u00e4rd \u00e4r stora, och att privata ut\u00adf\u00f6rare \u00e4r mer effektiva \u00e4n offentliga&#8221;. <\/p>\n\n\n\n<p>&#8221;Det p\u00e5g\u00e5r en ideologiskt driven&nbsp;kampanj mot f\u00f6retagen i v\u00e4lf\u00e4rden. Om den lyckas kommer makten att \u00f6verf\u00f6ras fr\u00e5n enskilda individer och deras n\u00e4rst\u00e5ende till politiker och byr\u00e5krater. Vi kommer ocks\u00e5 att f\u00e5 en s\u00e4mre v\u00e4lf\u00e4rd.<\/p>\n\n\n\n<p>De privata akt\u00f6rernas h\u00f6gre effek\u00adtivitet \u00e4r en f\u00f6ruts\u00e4ttning f\u00f6r att uppr\u00e4tth\u00e5lla kvalitet och tillg\u00e4nglighet. N\u00e4r det privata och det offentliga krokar arm f\u00e5r medborgarna mest v\u00e4lf\u00e4rd f\u00f6r sina skattepengar och, inte minst, m\u00f6jligheten att f\u00e5 v\u00e4lja sj\u00e4lva.&#8221;<\/p>\n\n\n\n      <a href=\"https:\/\/www.dn.se\/debatt\/myter-om-valfardsforetagen-skymmer-kallan-till-vinsten\/\" target=\"\" class=\"Button is-text Button--external-link\">\n      \n        L\u00e4s hela debattartikeln p\u00e5 DN Debatt\n      \n      \n                <svg class='icon icon--external-link'  width=\"16\" height=\"16\" viewBox=\"0 0 16 16\" fill=\"none\" xmlns=\"http:\/\/www.w3.org\/2000\/svg\">\n<path d=\"M9 1H15V7\" stroke=\"black\" stroke-width=\"2\" stroke-miterlimit=\"10\"\/>\n<path d=\"M5 2H1V15H14V11\" stroke=\"black\" stroke-width=\"2\" stroke-miterlimit=\"10\"\/>\n<path d=\"M15 1L6 10\" stroke=\"black\" stroke-width=\"2\" stroke-miterlimit=\"10\"\/>\n<\/svg>\n\n        \n    <\/a>\n  \n\n\n\n<p><\/p>\n","protected":false},"excerpt":{"rendered":"<p>Kritiken mot v\u00e4lf\u00e4rdsf\u00f6retagen bygger ofta p\u00e5 antaganden om att v\u00e4lf\u00e4rdsproduktion \u00e4r en statisk verksamhet, att personalt\u00e4ta och m\u00e4nniskon\u00e4ra tj\u00e4nster som v\u00e4lf\u00e4rd saknar innovationsf\u00f6rm\u00e5ga och inte heller kan utveckla sin produktivitet. &#8221;Almega har i\u00a0en rapport\u00a0visat att &hellip;<\/p>\n","protected":false},"author":14531,"featured_media":75092,"comment_status":"closed","ping_status":"closed","sticky":false,"template":"","format":"standard","meta":{"_acf_changed":false,"footnotes":""},"categories":[603],"tags":[],"article_type":[49],"agreement":[],"class_list":["post-75089","post","type-post","status-publish","format-standard","has-post-thumbnail","hentry","category-almega","type-debattartiklar"],"acf":[],"yoast_head":"<!-- This site is optimized with the Yoast SEO Premium plugin v26.8 (Yoast SEO v26.8) - https:\/\/yoast.com\/product\/yoast-seo-premium-wordpress\/ -->\n<title>Almega p\u00e5 DN Debatt: \u201dMyter om v\u00e4lf\u00e4rdsf\u00f6retagen skymmer k\u00e4llan till vinsten\u201d | Almega<\/title>\n<meta name=\"robots\" content=\"index, follow, max-snippet:-1, max-image-preview:large, max-video-preview:-1\" \/>\n<link rel=\"canonical\" href=\"https:\/\/www.almega.se\/2024\/07\/almega-pa-dn-debatt-myter-om-valfardsforetagen-skymmer-kallan-till-vinsten\/\" \/>\n<meta property=\"og:locale\" content=\"sv_SE\" \/>\n<meta property=\"og:type\" content=\"article\" \/>\n<meta property=\"og:title\" content=\"Almega p\u00e5 DN Debatt: \u201dMyter om v\u00e4lf\u00e4rdsf\u00f6retagen skymmer k\u00e4llan till vinsten\u201d\" \/>\n<meta property=\"og:description\" content=\"Kritiken mot v\u00e4lf\u00e4rdsf\u00f6retagen bygger ofta p\u00e5 antaganden om att v\u00e4lf\u00e4rdsproduktion \u00e4r en statisk verksamhet, att personalt\u00e4ta och m\u00e4nniskon\u00e4ra tj\u00e4nster som v\u00e4lf\u00e4rd saknar innovationsf\u00f6rm\u00e5ga och inte heller kan utveckla sin produktivitet. &#8221;Almega har i\u00a0en rapport\u00a0visat att &hellip;\" \/>\n<meta property=\"og:url\" content=\"https:\/\/www.almega.se\/2024\/07\/almega-pa-dn-debatt-myter-om-valfardsforetagen-skymmer-kallan-till-vinsten\/\" \/>\n<meta property=\"og:site_name\" content=\"Almega\" \/>\n<meta property=\"article:published_time\" content=\"2024-07-22T06:37:09+00:00\" \/>\n<meta property=\"article:modified_time\" content=\"2024-08-29T07:37:52+00:00\" \/>\n<meta property=\"og:image\" content=\"https:\/\/www.almega.se\/app\/uploads\/2024\/07\/ima245336.jpg\" \/>\n\t<meta property=\"og:image:width\" content=\"2500\" \/>\n\t<meta property=\"og:image:height\" content=\"1668\" \/>\n\t<meta property=\"og:image:type\" content=\"image\/jpeg\" \/>\n<meta name=\"author\" content=\"Karin Nyg\u00e5rd\" \/>\n<meta name=\"twitter:card\" content=\"summary_large_image\" \/>\n<meta name=\"twitter:label1\" content=\"Skriven av\" \/>\n\t<meta name=\"twitter:data1\" content=\"Karin Nyg\u00e5rd\" \/>\n\t<meta name=\"twitter:label2\" content=\"Ber\u00e4knad l\u00e4stid\" \/>\n\t<meta name=\"twitter:data2\" content=\"1 minut\" \/>\n<!-- \/ Yoast SEO Premium plugin. -->","yoast_head_json":{"title":"Almega p\u00e5 DN Debatt: \u201dMyter om v\u00e4lf\u00e4rdsf\u00f6retagen skymmer k\u00e4llan till vinsten\u201d | Almega","robots":{"index":"index","follow":"follow","max-snippet":"max-snippet:-1","max-image-preview":"max-image-preview:large","max-video-preview":"max-video-preview:-1"},"canonical":"https:\/\/www.almega.se\/2024\/07\/almega-pa-dn-debatt-myter-om-valfardsforetagen-skymmer-kallan-till-vinsten\/","og_locale":"sv_SE","og_type":"article","og_title":"Almega p\u00e5 DN Debatt: \u201dMyter om v\u00e4lf\u00e4rdsf\u00f6retagen skymmer k\u00e4llan till vinsten\u201d","og_description":"Kritiken mot v\u00e4lf\u00e4rdsf\u00f6retagen bygger ofta p\u00e5 antaganden om att v\u00e4lf\u00e4rdsproduktion \u00e4r en statisk verksamhet, att personalt\u00e4ta och m\u00e4nniskon\u00e4ra tj\u00e4nster som v\u00e4lf\u00e4rd saknar innovationsf\u00f6rm\u00e5ga och inte heller kan utveckla sin produktivitet. &#8221;Almega har i\u00a0en rapport\u00a0visat att &hellip;","og_url":"https:\/\/www.almega.se\/2024\/07\/almega-pa-dn-debatt-myter-om-valfardsforetagen-skymmer-kallan-till-vinsten\/","og_site_name":"Almega","article_published_time":"2024-07-22T06:37:09+00:00","article_modified_time":"2024-08-29T07:37:52+00:00","og_image":[{"width":2500,"height":1668,"url":"https:\/\/www.almega.se\/app\/uploads\/2024\/07\/ima245336.jpg","type":"image\/jpeg"}],"author":"Karin Nyg\u00e5rd","twitter_card":"summary_large_image","twitter_misc":{"Skriven av":"Karin Nyg\u00e5rd","Ber\u00e4knad l\u00e4stid":"1 minut"},"schema":{"@context":"https:\/\/schema.org","@graph":[{"@type":"NewsArticle","@id":"https:\/\/www.almega.se\/2024\/07\/almega-pa-dn-debatt-myter-om-valfardsforetagen-skymmer-kallan-till-vinsten\/#article","isPartOf":{"@id":"https:\/\/www.almega.se\/2024\/07\/almega-pa-dn-debatt-myter-om-valfardsforetagen-skymmer-kallan-till-vinsten\/"},"author":{"name":"Karin Nyg\u00e5rd","@id":"https:\/\/www.almega.se\/#\/schema\/person\/eae58f3a71d6b7aa9f71f3139a740a02"},"headline":"Almega p\u00e5 DN Debatt: \u201dMyter om v\u00e4lf\u00e4rds&shy;f\u00f6retagen skymmer k\u00e4llan till vinsten\u201d","datePublished":"2024-07-22T06:37:09+00:00","dateModified":"2024-08-29T07:37:52+00:00","mainEntityOfPage":{"@id":"https:\/\/www.almega.se\/2024\/07\/almega-pa-dn-debatt-myter-om-valfardsforetagen-skymmer-kallan-till-vinsten\/"},"wordCount":227,"image":{"@id":"https:\/\/www.almega.se\/2024\/07\/almega-pa-dn-debatt-myter-om-valfardsforetagen-skymmer-kallan-till-vinsten\/#primaryimage"},"thumbnailUrl":"https:\/\/www.almega.se\/app\/uploads\/2024\/07\/ima245336.jpg","articleSection":["Almega"],"inLanguage":"sv-SE"},{"@type":"WebPage","@id":"https:\/\/www.almega.se\/2024\/07\/almega-pa-dn-debatt-myter-om-valfardsforetagen-skymmer-kallan-till-vinsten\/","url":"https:\/\/www.almega.se\/2024\/07\/almega-pa-dn-debatt-myter-om-valfardsforetagen-skymmer-kallan-till-vinsten\/","name":"Almega p\u00e5 DN Debatt: \u201dMyter om v\u00e4lf\u00e4rdsf\u00f6retagen skymmer k\u00e4llan till vinsten\u201d | Almega","isPartOf":{"@id":"https:\/\/www.almega.se\/#website"},"primaryImageOfPage":{"@id":"https:\/\/www.almega.se\/2024\/07\/almega-pa-dn-debatt-myter-om-valfardsforetagen-skymmer-kallan-till-vinsten\/#primaryimage"},"image":{"@id":"https:\/\/www.almega.se\/2024\/07\/almega-pa-dn-debatt-myter-om-valfardsforetagen-skymmer-kallan-till-vinsten\/#primaryimage"},"thumbnailUrl":"https:\/\/www.almega.se\/app\/uploads\/2024\/07\/ima245336.jpg","datePublished":"2024-07-22T06:37:09+00:00","dateModified":"2024-08-29T07:37:52+00:00","author":{"@id":"https:\/\/www.almega.se\/#\/schema\/person\/eae58f3a71d6b7aa9f71f3139a740a02"},"breadcrumb":{"@id":"https:\/\/www.almega.se\/2024\/07\/almega-pa-dn-debatt-myter-om-valfardsforetagen-skymmer-kallan-till-vinsten\/#breadcrumb"},"inLanguage":"sv-SE","potentialAction":[{"@type":"ReadAction","target":["https:\/\/www.almega.se\/2024\/07\/almega-pa-dn-debatt-myter-om-valfardsforetagen-skymmer-kallan-till-vinsten\/"]}]},{"@type":"ImageObject","inLanguage":"sv-SE","@id":"https:\/\/www.almega.se\/2024\/07\/almega-pa-dn-debatt-myter-om-valfardsforetagen-skymmer-kallan-till-vinsten\/#primaryimage","url":"https:\/\/www.almega.se\/app\/uploads\/2024\/07\/ima245336.jpg","contentUrl":"https:\/\/www.almega.se\/app\/uploads\/2024\/07\/ima245336.jpg","width":2500,"height":1668,"caption":"Patient i sjukhussal med v\u00e5rdpersonal"},{"@type":"BreadcrumbList","@id":"https:\/\/www.almega.se\/2024\/07\/almega-pa-dn-debatt-myter-om-valfardsforetagen-skymmer-kallan-till-vinsten\/#breadcrumb","itemListElement":[{"@type":"ListItem","position":1,"name":"Home","item":"https:\/\/www.almega.se\/"},{"@type":"ListItem","position":2,"name":"Almega p\u00e5 DN Debatt: \u201dMyter om v\u00e4lf\u00e4rds&shy;f\u00f6retagen skymmer k\u00e4llan till vinsten\u201d"}]},{"@type":"WebSite","@id":"https:\/\/www.almega.se\/#website","url":"https:\/\/www.almega.se\/","name":"Almega","description":"","potentialAction":[{"@type":"SearchAction","target":{"@type":"EntryPoint","urlTemplate":"https:\/\/www.almega.se\/?s={search_term_string}"},"query-input":{"@type":"PropertyValueSpecification","valueRequired":true,"valueName":"search_term_string"}}],"inLanguage":"sv-SE"},{"@type":"Person","@id":"https:\/\/www.almega.se\/#\/schema\/person\/eae58f3a71d6b7aa9f71f3139a740a02","name":"Karin Nyg\u00e5rd","image":{"@type":"ImageObject","inLanguage":"sv-SE","@id":"https:\/\/www.almega.se\/#\/schema\/person\/image\/","url":"https:\/\/secure.gravatar.com\/avatar\/09e5ec3d12974ae686ad90a0a4bf5404c8a4cfdca18f97124f166ab274023818?s=96&d=mm&r=g","contentUrl":"https:\/\/secure.gravatar.com\/avatar\/09e5ec3d12974ae686ad90a0a4bf5404c8a4cfdca18f97124f166ab274023818?s=96&d=mm&r=g","caption":"Karin Nyg\u00e5rd"},"description":"Produkt\u00e4gare Almega.se, samordnar webbutveckling och utveckling av Arbetsgivarguiden.se","url":"https:\/\/www.almega.se\/person\/karinnygard\/"}]}},"_links":{"self":[{"href":"https:\/\/www.almega.se\/api\/wp\/v2\/posts\/75089","targetHints":{"allow":["GET"]}}],"collection":[{"href":"https:\/\/www.almega.se\/api\/wp\/v2\/posts"}],"about":[{"href":"https:\/\/www.almega.se\/api\/wp\/v2\/types\/post"}],"author":[{"embeddable":true,"href":"https:\/\/www.almega.se\/api\/wp\/v2\/users\/14531"}],"replies":[{"embeddable":true,"href":"https:\/\/www.almega.se\/api\/wp\/v2\/comments?post=75089"}],"version-history":[{"count":4,"href":"https:\/\/www.almega.se\/api\/wp\/v2\/posts\/75089\/revisions"}],"predecessor-version":[{"id":75763,"href":"https:\/\/www.almega.se\/api\/wp\/v2\/posts\/75089\/revisions\/75763"}],"wp:featuredmedia":[{"embeddable":true,"href":"https:\/\/www.almega.se\/api\/wp\/v2\/media\/75092"}],"wp:attachment":[{"href":"https:\/\/www.almega.se\/api\/wp\/v2\/media?parent=75089"}],"wp:term":[{"taxonomy":"category","embeddable":true,"href":"https:\/\/www.almega.se\/api\/wp\/v2\/categories?post=75089"},{"taxonomy":"post_tag","embeddable":true,"href":"https:\/\/www.almega.se\/api\/wp\/v2\/tags?post=75089"},{"taxonomy":"type","embeddable":true,"href":"https:\/\/www.almega.se\/api\/wp\/v2\/article_type?post=75089"},{"taxonomy":"agreement","embeddable":true,"href":"https:\/\/www.almega.se\/api\/wp\/v2\/agreement?post=75089"}],"curies":[{"name":"wp","href":"https:\/\/api.w.org\/{rel}","templated":true}]}}