{"id":74457,"date":"2024-06-17T05:00:00","date_gmt":"2024-06-17T03:00:00","guid":{"rendered":"https:\/\/www.almega.se\/?p=74457"},"modified":"2024-06-14T11:40:50","modified_gmt":"2024-06-14T09:40:50","slug":"almegas-tjansteindikator-for-andra-kvartalet-2024","status":"publish","type":"post","link":"https:\/\/www.almega.se\/2024\/06\/almegas-tjansteindikator-for-andra-kvartalet-2024\/","title":{"rendered":"Almegas tj\u00e4nsteindikator f\u00f6r andra kvartalet 2024"},"content":{"rendered":"<p class=\"intro\">Trevande uppg\u00e5ng<\/p>\n<a class='Share__link Share__link--url copy-text' href='#' rel='nofollow' data-text='ladda-ner-rapporten' title='Dela url' data-confirmation='L\u00e4nken kopierades till urklipp'><svg class='icon icon--link'  width='18' height='18' viewBox='0 0 18 18' fill='none' xmlns='http:\/\/www.w3.org\/2000\/svg'>\n            <path d='M10.4142 0.514721L6.87868 4.05025L8.29289 5.46447L11.1213 2.63604L15.364 6.87868L12.5355 9.70711L13.9497 11.1213L17.4853 7.58579C17.8763 7.19476 17.8763 6.5626 17.4853 6.17158L11.8284 0.514721C11.4374 0.123691 10.8052 0.123691 10.4142 0.514721Z' fill='black'\/>\n            <path d='M9.7071 12.5355L6.87868 15.364L2.63604 11.1213L5.46446 8.2929L4.05025 6.87868L0.514716 10.4142C0.123686 10.8052 0.123686 11.4374 0.514716 11.8284L6.17157 17.4853C6.5626 17.8763 7.19475 17.8763 7.58578 17.4853L11.1213 13.9497L9.7071 12.5355Z' fill='black'\/>\n            <path d='M6.17157 11.8284C6.5626 12.2195 7.19475 12.2195 7.58578 11.8284L11.8284 7.58579C12.2195 7.19476 12.2195 6.56261 11.8284 6.17158C11.4374 5.78055 10.8052 5.78055 10.4142 6.17158L6.17157 10.4142C5.78054 10.8052 5.78054 11.4374 6.17157 11.8284Z' fill='black'\/>\n            <\/svg> <\/a>\n<h2 class=\"wp-block-heading\">Ladda ner rapporten<\/h2>\n\n\n\n<p>Rapporten finns i sin helhet p\u00e5 denna sida men kan ocks\u00e5 h\u00e4mtas som pdf-fil.<\/p>\n\n\n\n      <a href=\"https:\/\/www.almega.se\/app\/uploads\/2024\/06\/Tjansteindikatorn-Q2-2024-.pdf\" target=\"_blank\" class=\"Button is-button is-style-fill has-black-background-color has-black-border-color has-white-color Button--arrow-tip\">\n      \n        Ladda ner rapporten h\u00e4r (pdf)\n      \n      \n                \n                <svg class='icon icon--arrow-tip'  width=\"11\" height=\"16\" viewBox=\"0 0 11 16\" fill=\"none\" xmlns=\"http:\/\/www.w3.org\/2000\/svg\">\n<path d=\"M0.858398 15L9.2304 7.99664L0.967732 1.00001\" stroke=\"black\" stroke-width=\"2\" stroke-miterlimit=\"10\"\/>\n<\/svg>\n\n        \n    <\/a>\n  \n\n\n<a class='Share__link Share__link--url copy-text' href='#' rel='nofollow' data-text='trevande-uppgang' title='Dela url' data-confirmation='L\u00e4nken kopierades till urklipp'><svg class='icon icon--link'  width='18' height='18' viewBox='0 0 18 18' fill='none' xmlns='http:\/\/www.w3.org\/2000\/svg'>\n            <path d='M10.4142 0.514721L6.87868 4.05025L8.29289 5.46447L11.1213 2.63604L15.364 6.87868L12.5355 9.70711L13.9497 11.1213L17.4853 7.58579C17.8763 7.19476 17.8763 6.5626 17.4853 6.17158L11.8284 0.514721C11.4374 0.123691 10.8052 0.123691 10.4142 0.514721Z' fill='black'\/>\n            <path d='M9.7071 12.5355L6.87868 15.364L2.63604 11.1213L5.46446 8.2929L4.05025 6.87868L0.514716 10.4142C0.123686 10.8052 0.123686 11.4374 0.514716 11.8284L6.17157 17.4853C6.5626 17.8763 7.19475 17.8763 7.58578 17.4853L11.1213 13.9497L9.7071 12.5355Z' fill='black'\/>\n            <path d='M6.17157 11.8284C6.5626 12.2195 7.19475 12.2195 7.58578 11.8284L11.8284 7.58579C12.2195 7.19476 12.2195 6.56261 11.8284 6.17158C11.4374 5.78055 10.8052 5.78055 10.4142 6.17158L6.17157 10.4142C5.78054 10.8052 5.78054 11.4374 6.17157 11.8284Z' fill='black'\/>\n            <\/svg> <\/a>\n<h2 class=\"wp-block-heading\">Trevande uppg\u00e5ng<\/h2>\n\n\n\n<p><em>Almegas tj\u00e4nsteindikato<\/em>r \u00e4r en kvartalsbaserad konjunkturindikator som belyser utveck\u00aclingen i den privata tj\u00e4nstesektorn. Den ligger tv\u00e5 m\u00e5nader f\u00f6re SCB:s publicering av den faktiska tj\u00e4nsteproduktionen och \u00e4r en aktuell spegel av konjunkturl\u00e4get i den privata tj\u00e4nstesektorn som svarar f\u00f6r 52 procent av Sveriges BNP och 48 procent av syssels\u00e4ttningen. Almega har publicerat tj\u00e4nsteindikatorn varje kvartal sedan 2001.<\/p>\n\n\n\n<p>Denna upplaga av tj\u00e4nsteindikatorn har arbetats fram p\u00e5 Almega av <strong>Patrick Joyce <\/strong>och <strong>Staffan Johansson<\/strong>. Insamlingen av data avslutades den 14 juni 2024. F\u00f6r ytterligare upplysningar om det ekonomiska l\u00e4get i den privata tj\u00e4nstesektorn kontakta:<\/p>\n\n\n\n      \n      \n    \n    \n              \n          \n          \n      <h2 class=\"Contact-card__title\">Patrick Joyce<\/h2>\n      <p class=\"mb-0\">Chefekonom<\/p>\n      \n              <p class=\"mb-2\">Stockholm<\/p>\n                    <p>\n                      <a href=\"tel:+46 8 762 6967\">+46 8 762 6967<\/a>\n                                <a href=\"tel:+46 76 018 70 34\">+46 76 018 70 34<\/a>\n                                <a href=\"mailto:patrick.joyce@almega.se\">E-post<\/a>\n                  <\/p>\n            <a href=\"https:\/\/www.almega.se\/person\/patrickjoyce\/\" class=\"Contact-card__link\">\n        \n          <p class=\"Contact-card__arrow__text\">L\u00e4s mer<\/p>\n          \n          <svg class='icon icon--arrow-tip'  width=\"11\" height=\"16\" viewBox=\"0 0 11 16\" fill=\"none\" xmlns=\"http:\/\/www.w3.org\/2000\/svg\">\n<path d=\"M0.858398 15L9.2304 7.99664L0.967732 1.00001\" stroke=\"black\" stroke-width=\"2\" stroke-miterlimit=\"10\"\/>\n<\/svg>\n\n          \n      <\/a>\n\n      \n    \n  \n        \n              \n          \n          \n      <h2 class=\"Contact-card__title\">Staffan Johansson<\/h2>\n      <p class=\"mb-0\">Statistikexpert<\/p>\n      \n              <p class=\"mb-2\">Stockholm<\/p>\n                    <p>\n                      <a href=\"tel:+46 8 762 70 44\">+46 8 762 70 44<\/a>\n                                <a href=\"tel:+46 70 799 12 26\">+46 70 799 12 26<\/a>\n                                <a href=\"mailto:staffan.johansson@almega.se\">E-post<\/a>\n                  <\/p>\n            <a href=\"https:\/\/www.almega.se\/person\/staffanjohansson\/\" class=\"Contact-card__link\">\n        \n          <p class=\"Contact-card__arrow__text\">L\u00e4s mer<\/p>\n          \n          <svg class='icon icon--arrow-tip'  width=\"11\" height=\"16\" viewBox=\"0 0 11 16\" fill=\"none\" xmlns=\"http:\/\/www.w3.org\/2000\/svg\">\n<path d=\"M0.858398 15L9.2304 7.99664L0.967732 1.00001\" stroke=\"black\" stroke-width=\"2\" stroke-miterlimit=\"10\"\/>\n<\/svg>\n\n          \n      <\/a>\n\n      \n    \n  \n        \n          \n    \n\n\n<a class='Share__link Share__link--url copy-text' href='#' rel='nofollow' data-text='1.-sammanfattning' title='Dela url' data-confirmation='L\u00e4nken kopierades till urklipp'><svg class='icon icon--link'  width='18' height='18' viewBox='0 0 18 18' fill='none' xmlns='http:\/\/www.w3.org\/2000\/svg'>\n            <path d='M10.4142 0.514721L6.87868 4.05025L8.29289 5.46447L11.1213 2.63604L15.364 6.87868L12.5355 9.70711L13.9497 11.1213L17.4853 7.58579C17.8763 7.19476 17.8763 6.5626 17.4853 6.17158L11.8284 0.514721C11.4374 0.123691 10.8052 0.123691 10.4142 0.514721Z' fill='black'\/>\n            <path d='M9.7071 12.5355L6.87868 15.364L2.63604 11.1213L5.46446 8.2929L4.05025 6.87868L0.514716 10.4142C0.123686 10.8052 0.123686 11.4374 0.514716 11.8284L6.17157 17.4853C6.5626 17.8763 7.19475 17.8763 7.58578 17.4853L11.1213 13.9497L9.7071 12.5355Z' fill='black'\/>\n            <path d='M6.17157 11.8284C6.5626 12.2195 7.19475 12.2195 7.58578 11.8284L11.8284 7.58579C12.2195 7.19476 12.2195 6.56261 11.8284 6.17158C11.4374 5.78055 10.8052 5.78055 10.4142 6.17158L6.17157 10.4142C5.78054 10.8052 5.78054 11.4374 6.17157 11.8284Z' fill='black'\/>\n            <\/svg> <\/a>\n<h2 class=\"wp-block-heading\">1. <strong>Sammanfattning<\/strong><\/h2>\n\n\n\n<h3 class=\"wp-block-heading\">Trevande uppg\u00e5ng i tj\u00e4nstesektorn<\/h3>\n\n\n\n<p>Den privata tj\u00e4nstesektorn har tappat fart sedan sommaren 2022 och produktionen minskade f\u00f6rra \u00e5ret med 1,0 procent. Under det f\u00f6rsta kvartalet i \u00e5r v\u00e4nde produktionen upp n\u00e5got och var 1,2 procent h\u00f6gre \u00e4n f\u00f6r ett \u00e5r sedan.<\/p>\n\n\n\n<p>Uppg\u00e5ngen \u00e4r dock trevande. Sjunkande inflation och f\u00f6rv\u00e4ntningar om l\u00e4gre r\u00e4ntor ger utrymme f\u00f6r hush\u00e5llen att \u00f6ka sin konsumtion vilket kommer att \u00f6ka efterfr\u00e5gan i de tj\u00e4nstebranscher som s\u00e4ljer till hush\u00e5ll under \u00e5ret. Samtidigt \u00e4r byggandet svagt och industrins investeringar v\u00e4ntas falla n\u00e5got i \u00e5r vilket h\u00e5ller tillbaka efterfr\u00e5gan p\u00e5 vissa f\u00f6retagstj\u00e4nster.<\/p>\n\n\n\n<p>Almegas tj\u00e4nsteindikator f\u00f6rutsp\u00e5r att produktionen kommer att falla n\u00e5got i tj\u00e4nstesektorn under det andra kvartalet i \u00e5r. En l\u00e5ngsamt \u00f6kande ordering\u00e5ng till tj\u00e4nstef\u00f6retagen l\u00e4gger grunden f\u00f6r en tydligare uppg\u00e5ng under andra halv\u00e5ret. En allt st\u00f6rre del av tj\u00e4nstef\u00f6retagen f\u00f6rv\u00e4ntar sig stigande efterfr\u00e5gan det tredje kvartalet i \u00e5r.<\/p>\n\n\n\n<p>Tillv\u00e4xten av f\u00f6retagstj\u00e4nster inom juridik, ekonomi, vetenskap och teknik d\u00e4mpades under 2023 men f\u00f6rblev positiv. Det f\u00f6rsta kvartalet i \u00e5r var produktionen 2,5 procent h\u00f6gre \u00e4n samma kvartal f\u00f6rra \u00e5ret. Genomsnittet d\u00f6ljer dock stora skillnader mellan olika delbranscher. Den kraftiga nedg\u00e5ngen av bostadsbyggandet har drabbat arkitekterna h\u00e5rt medan tillv\u00e4xten varit stark bland tekniska konsulter. Exporten av aff\u00e4rstj\u00e4nster utvecklas d\u00e4remot fortsatt starkt.<\/p>\n\n\n\n<p>Produktionen inom personaluthyrning, fastighetsservice och andra st\u00f6dtj\u00e4nster till f\u00f6retag har vuxit med 1,2 procent p\u00e5 ett \u00e5r. Utfallet \u00e4r b\u00e4ttre \u00e4n v\u00e4ntat efetrsom oms\u00e4ttningen inom personaluthyrning sjunkit kraftigt p\u00e5 grund av den svagare arbetsmarknaden. Enligt siffror fr\u00e5n Kompetensf\u00f6retagen \u2013 d\u00e4r bemanningsf\u00f6retag ing\u00e5r &#8211; var oms\u00e4ttningen i branschen det f\u00f6rsta kvartalet n\u00e4stan tolv procent l\u00e4gre i l\u00f6pande priser \u00e4n \u00e5ret innan.<\/p>\n\n\n\n<p>Inom information och kommunikation f\u00f6ll produktionen under f\u00f6rra \u00e5ret. Efter \u00e5rsskiftet har dock en \u00e5terh\u00e4mtning skett och det f\u00f6rsta kvartalet i \u00e5r var produktionen 3,8 procent h\u00f6gre \u00e4n ett \u00e5r tidigare.<\/p>\n\n\n\n<h3 class=\"wp-block-heading\">14\u00a0000 f\u00e4rre jobb i tj\u00e4nstesektorn<\/h3>\n\n\n\n<p>Jobben i tj\u00e4nstesektorn forts\u00e4tter att bli f\u00e4rre men nedg\u00e5ngen \u00e4r l\u00e5ngsam. Om man r\u00e4knar bort finanssektorn har antalet anst\u00e4llda i tj\u00e4nstesektorn minskat med 14&nbsp;100 personer \u2013 eller 0,6 procent \u2013 p\u00e5 ett \u00e5r.<\/p>\n\n\n\n<p>Utvecklingen skiljer sig kraftigt mellan olika branscher. Bland de kunskapsintensiva konsult\u00adtj\u00e4nsterna inom juridik, ekonomi, vetenskap och teknik har antalet anst\u00e4llda \u00f6kat med 6 900 personer under det senaste \u00e5ret. Flest nya jobb har skapats bland konsulter inom PR och kommunikation. Bland arkitekter har d\u00e4remot antalet anst\u00e4llda fortsatt minska.<\/p>\n\n\n\n<p>Antalet anst\u00e4llda inom personaluthyrning och rekrytering har minskat 11&nbsp;200 personer p\u00e5 ett \u00e5r. Nedg\u00e5ngen beror p\u00e5 den svaga arbetsmarknaden och politiska beslut att minska inhyrningen av personal till h\u00e4lso- och sjukv\u00e5rd.<\/p>\n\n\n\n<p>Det svaga fjol\u00e5ret f\u00f6r informations- och kommunikationsbranschen har inneburit att antalet anst\u00e4llda inom &nbsp;telekommunikationer, datakonsulter och informationstj\u00e4nstf\u00f6retag har minskat med 1&nbsp;300 personer. Det \u00e4r branscher d\u00e4r jobben stadigt blivit fler under l\u00e5ng tid.<strong><\/strong><\/p>\n\n\n\n<p>L\u00e5gkonjunkturen har fr\u00e4mst drabbat personer med korta anst\u00e4llningar. Antalet personer med l\u00e4ngre anst\u00e4llningar i tj\u00e4nstesektorn har ist\u00e4llet \u00f6kat det senaste \u00e5ret. Att f\u00f6rs\u00f6ka beh\u00e5lla den fast anst\u00e4llda personalen \u00e4r normalt om f\u00f6retagen r\u00e4knar med att l\u00e5gkonjunkturen blir kortvarig.<\/p>\n\n\n\n<p>\u00c4ven om konjunkturen \u00e4r p\u00e5 v\u00e4g att v\u00e4nda kommer antalet jobb i tj\u00e4nstesektorn sannolikt att minska ytterligare under en tid. Almegas arbets\u00admarknads\u00adindikator f\u00f6rutsp\u00e5r att jobben i tj\u00e4nstesektorn kommer att bli f\u00e4rre \u00e4ven under det andra kvartalet.<\/p>\n\n\n\n<h3 class=\"wp-block-heading\">Priserna p\u00e5 tj\u00e4nster \u00f6kar l\u00e5ngsammare<\/h3>\n\n\n\n<p>Tj\u00e4nstef\u00f6retagens f\u00f6rs\u00e4ljningspriser forts\u00e4tter att \u00f6ka allt l\u00e5ngsammare. Under det f\u00f6rsta kvartalet i \u00e5r \u00f6kade tj\u00e4nstepriserna med 2,7 procent i \u00e5rstakt. Det var den l\u00e4gsta \u00f6knings\u00adtakten p\u00e5 tre \u00e5r. Pris\u00f6kningarna d\u00e4mpas dock inte lika snabbt som tidigare och det senaste kvartalet steg tj\u00e4nstepriserna med 1,0 procent.<\/p>\n\n\n\n<p>Prisuppg\u00e5ngen det senaste kvartalet beror p\u00e5 \u00f6kade priser p\u00e5 visa transportj\u00e4nster och p\u00e5 priset informations- och kommunikationstj\u00e4nster steg igen efter att i princip ha varit of\u00f6r\u00e4ndrade under st\u00f6rre delen av f\u00f6rra \u00e5ret. D\u00e4remot har priserna p\u00e5 personaluthyrning och andra st\u00f6dtj\u00e4nster till f\u00f6retag st\u00e5tt stilla det senaste halv\u00e5ret, vilket beror p\u00e5 fallande efterfr\u00e5gan p\u00e5 inhyrd personal.<\/p>\n\n\n\n<p>Den f\u00f6rv\u00e4ntade uppg\u00e5ngen i konjunkturen senare i \u00e5r och en \u00f6kande hush\u00e5llskonsumtion kan bidra till att pris\u00f6kningarna p\u00e5 tj\u00e4nster inte d\u00e4mpas lika mycket fram\u00f6ver. Almegas prisindikator f\u00f6r tj\u00e4nstesektorn tyder dock p\u00e5 priserna p\u00e5 tj\u00e4nster kommer att \u00f6ka n\u00e5got l\u00e5ngsammare \u00e4ven det andra kvartalet.<\/p>\n\n\n<a class='Share__link Share__link--url copy-text' href='#' rel='nofollow' data-text='2.-trevande-uppgang-i-tjanstesektorn' title='Dela url' data-confirmation='L\u00e4nken kopierades till urklipp'><svg class='icon icon--link'  width='18' height='18' viewBox='0 0 18 18' fill='none' xmlns='http:\/\/www.w3.org\/2000\/svg'>\n            <path d='M10.4142 0.514721L6.87868 4.05025L8.29289 5.46447L11.1213 2.63604L15.364 6.87868L12.5355 9.70711L13.9497 11.1213L17.4853 7.58579C17.8763 7.19476 17.8763 6.5626 17.4853 6.17158L11.8284 0.514721C11.4374 0.123691 10.8052 0.123691 10.4142 0.514721Z' fill='black'\/>\n            <path d='M9.7071 12.5355L6.87868 15.364L2.63604 11.1213L5.46446 8.2929L4.05025 6.87868L0.514716 10.4142C0.123686 10.8052 0.123686 11.4374 0.514716 11.8284L6.17157 17.4853C6.5626 17.8763 7.19475 17.8763 7.58578 17.4853L11.1213 13.9497L9.7071 12.5355Z' fill='black'\/>\n            <path d='M6.17157 11.8284C6.5626 12.2195 7.19475 12.2195 7.58578 11.8284L11.8284 7.58579C12.2195 7.19476 12.2195 6.56261 11.8284 6.17158C11.4374 5.78055 10.8052 5.78055 10.4142 6.17158L6.17157 10.4142C5.78054 10.8052 5.78054 11.4374 6.17157 11.8284Z' fill='black'\/>\n            <\/svg> <\/a>\n<h2 class=\"wp-block-heading\">2. <a><a>Trevande uppg\u00e5ng i tj\u00e4nstesektorn<\/a><\/a><\/h2>\n\n\n\n<h3 class=\"wp-block-heading\">2.1 <a>\u00d6kad produktion f\u00f6rsta kvartalet<\/a><\/h3>\n\n\n\n<p>Den privata tj\u00e4nstesektorn har tappat fart sedan sommaren 2022 och produktionen minskade f\u00f6rra \u00e5ret med 1,0 procent. Nedg\u00e5ngen blev dock mindre \u00e4n befarat. Under det f\u00f6rsta kvartalet i \u00e5r v\u00e4nde dock produktionen upp n\u00e5got och var 1,2 procent h\u00f6gre \u00e4n samma kvartal 2023.<span class=\"Footnote\"><sup>1<\/sup><\/span> <\/p>\n\n\n\n<p>Uppg\u00e5ngen \u00e4r dock trevande. Sjunkande inflation och f\u00f6rv\u00e4ntningar om l\u00e4gre r\u00e4ntor ger utrymme f\u00f6r hush\u00e5llen att \u00f6ka sin konsumtion vilket kommer att \u00f6ka efterfr\u00e5gan i de tj\u00e4nstebranscher som s\u00e4ljer till hush\u00e5ll. Samtidigt \u00e4r byggandet svagt och industrins investeringar v\u00e4ntas falla n\u00e5got i \u00e5r vilket h\u00e5ller tillbaka efterfr\u00e5gan p\u00e5 vissa f\u00f6retagstj\u00e4nster. Almegas tj\u00e4nsteindikator f\u00f6rutsp\u00e5r att produktionen kommer att falla n\u00e5got i tj\u00e4nstesektorn under det andra kvartalet i \u00e5r.<\/p>\n\n\n\n<p><strong><mark class=\"has-inline-color has-primary-color\">Diagram 1: <\/mark><strong><strong>Almegas tj\u00e4nsteindikator f\u00f6r produktionstillv\u00e4xten i den privata tj\u00e4nstesektorn samt \u00e5rlig produktionstillv\u00e4xt<\/strong><\/strong><\/strong><\/p>\n\n\n\n<figure class=\"wp-block-image size-full\"><img loading=\"lazy\" decoding=\"async\" width=\"1082\" height=\"700\" src=\"https:\/\/www.almega.se\/app\/uploads\/2024\/06\/Skarmavbild-2024-06-14-kl.-10.41.13.png\" alt=\"\" class=\"wp-image-74458\" srcset=\"https:\/\/www.almega.se\/app\/uploads\/2024\/06\/Skarmavbild-2024-06-14-kl.-10.41.13.png 1082w, https:\/\/www.almega.se\/app\/uploads\/2024\/06\/Skarmavbild-2024-06-14-kl.-10.41.13-580x375.png 580w, https:\/\/www.almega.se\/app\/uploads\/2024\/06\/Skarmavbild-2024-06-14-kl.-10.41.13-380x246.png 380w, https:\/\/www.almega.se\/app\/uploads\/2024\/06\/Skarmavbild-2024-06-14-kl.-10.41.13-768x497.png 768w\" sizes=\"auto, (max-width: 1082px) 100vw, 1082px\" \/><figcaption class=\"wp-element-caption\"><strong>K\u00e4lla:<\/strong> Almega, Konjunktur\u00adinstitutet, SCB, Macrobond.<\/figcaption><\/figure>\n\n\n\n<p>B\u00e5de privat tj\u00e4nstesektor och industri har utvecklats svagt sedan sommaren 2022. Produktionen inom tj\u00e4nstesektorn minskade under slutet av 2022 och under hela 2023 men v\u00e4nde upp efter \u00e5rsskiftet. Produktionen inom industrin hade en kortvarig topp under v\u00e5ren 2023 men har sjunkit l\u00e5ngsamt sedan dess (se diagram 2).<\/p>\n\n\n\n<p><strong><mark class=\"has-inline-color has-primary-color\">Diagram 2:<\/mark> <strong>Produktionen inom privat tj\u00e4nstesektor och industri, januari 2021 till april 2024<\/strong><\/strong><\/p>\n\n\n\n<figure class=\"wp-block-image size-full\"><img loading=\"lazy\" decoding=\"async\" width=\"1060\" height=\"636\" src=\"https:\/\/www.almega.se\/app\/uploads\/2024\/06\/Skarmavbild-2024-06-14-kl.-10.42.05.png\" alt=\"\" class=\"wp-image-74459\" srcset=\"https:\/\/www.almega.se\/app\/uploads\/2024\/06\/Skarmavbild-2024-06-14-kl.-10.42.05.png 1060w, https:\/\/www.almega.se\/app\/uploads\/2024\/06\/Skarmavbild-2024-06-14-kl.-10.42.05-580x348.png 580w, https:\/\/www.almega.se\/app\/uploads\/2024\/06\/Skarmavbild-2024-06-14-kl.-10.42.05-380x228.png 380w, https:\/\/www.almega.se\/app\/uploads\/2024\/06\/Skarmavbild-2024-06-14-kl.-10.42.05-768x461.png 768w\" sizes=\"auto, (max-width: 1060px) 100vw, 1060px\" \/><figcaption class=\"wp-element-caption\"><strong>K\u00e4lla:<\/strong> SCB, Produk\u00adtionsv\u00e4rdesindex.<br><strong>Anm:<\/strong> Privat tj\u00e4nste\u00adsek\u00adtor exkl. finans samt tillverknings-industri och gruvor.<\/figcaption><\/figure>\n\n\n\n<p>F\u00f6rv\u00e4ntningarna p\u00e5 framtiden \u00e4r dock allt mer positiva. De flesta tj\u00e4nstebranscher r\u00e4knar med att efterfr\u00e5gan kommer att \u00f6ka det tredje kvartalet j\u00e4mf\u00f6rt med nu (se tabell 1). I Svenskt N\u00e4ringslivs f\u00f6retagspanel r\u00e4knar allt fler tj\u00e4nstef\u00f6retag med \u00f6kad f\u00f6rs\u00e4ljning p\u00e5 ett \u00e5rs sikt.<span class=\"Footnote\"><sup>2<\/sup><\/span><\/p>\n\n\n\n<p><strong><mark class=\"has-inline-color has-primary-color\">Diagram 3:<\/mark> <strong>Ink\u00f6pschefsindex f\u00f6r privata tj\u00e4nster och industri, januari 2021 till maj 2024<\/strong><\/strong><\/p>\n\n\n\n<figure class=\"wp-block-image size-full\"><img loading=\"lazy\" decoding=\"async\" width=\"1018\" height=\"666\" src=\"https:\/\/www.almega.se\/app\/uploads\/2024\/06\/Skarmavbild-2024-06-14-kl.-10.43.22.png\" alt=\"\" class=\"wp-image-74460\" srcset=\"https:\/\/www.almega.se\/app\/uploads\/2024\/06\/Skarmavbild-2024-06-14-kl.-10.43.22.png 1018w, https:\/\/www.almega.se\/app\/uploads\/2024\/06\/Skarmavbild-2024-06-14-kl.-10.43.22-580x379.png 580w, https:\/\/www.almega.se\/app\/uploads\/2024\/06\/Skarmavbild-2024-06-14-kl.-10.43.22-380x249.png 380w, https:\/\/www.almega.se\/app\/uploads\/2024\/06\/Skarmavbild-2024-06-14-kl.-10.43.22-768x502.png 768w\" sizes=\"auto, (max-width: 1018px) 100vw, 1018px\" \/><figcaption class=\"wp-element-caption\"><strong>K\u00e4lla:<\/strong> Swedbank och Silf.<\/figcaption><\/figure>\n\n\n\n<p>Ink\u00f6pschefsindex (PMI) i industrin har stigit m\u00e4rkbart sedan h\u00f6sten 2023. Tj\u00e4nstef\u00f6retagens f\u00f6rv\u00e4ntningar p\u00e5 den n\u00e4rmaste framtiden har dock inte f\u00f6rb\u00e4ttrats lika tydligt. Ink\u00f6ps\u00adchefsindex (PMI) har legat strax under tillv\u00e4xtzonen de senaste 18 m\u00e5naderna. Ett positivt tecken \u00e4r att ordering\u00e5ngen till tj\u00e4nstef\u00f6retagen b\u00f6rjar \u00f6ka vilket l\u00e4gger grunden f\u00f6r en tydligare uppg\u00e5ng under andra halv\u00e5ret i \u00e5r.<span class=\"Footnote\"><sup>3<\/sup><\/span><\/p>\n\n\n\n<h3 class=\"wp-block-heading\">2.2 <a>Efterfr\u00e5gan p\u00e5 f\u00f6retagstj\u00e4nster stiger svagt<\/a><\/h3>\n\n\n\n<p>Efterfr\u00e5gan p\u00e5 f\u00f6retagstj\u00e4nster har p\u00e5verkats negativt av nedg\u00e5ngen i konjunkturen men utvecklingen skiljer sig \u00e5t mellan olika branscher.<\/p>\n\n\n\n<p>Tillv\u00e4xten av f\u00f6retagstj\u00e4nster inom juridik, ekonomi, vetenskap och teknik d\u00e4mpades under 2023 men f\u00f6rblev positiv. Tillv\u00e4xten h\u00e5ller i sig. Det f\u00f6rsta kvartalet i \u00e5r var produktionen 2,5 procent h\u00f6gre \u00e4n samma kvartal f\u00f6rra \u00e5ret. <\/p>\n\n\n\n<p>Genomsnittet d\u00f6ljer dock stora skillnader mellan olika delbranscher. Den kraftiga nedg\u00e5ngen av bostadsbyggandet drabbade arkitektbranschen h\u00e5rt under 2023. Bostadsbyggandet v\u00e4ntas dock b\u00f6rja \u00f6ka under 2025 vilket b\u00f6r \u00f6ka efterfr\u00e5gan p\u00e5 arkitekttj\u00e4nster. Arkitekterna \u00e4r fortfarande pessimistiska om den n\u00e4rmaste framtiden men n\u00e5got mindre \u00e4n tidigare (se tabell 1).<span class=\"Footnote\"><sup>4<\/sup><\/span><\/p>\n\n\n\n<p><strong><mark class=\"has-inline-color has-primary-color\">Diagram 4: <\/mark><strong>Produktion bland konsulter inom juridik, ekonomi, teknik m.m. (69-75), kvartal ett 2021 till kvartal ett 2024<\/strong><\/strong><\/p>\n\n\n\n<figure class=\"wp-block-image size-full\"><img loading=\"lazy\" decoding=\"async\" width=\"1060\" height=\"686\" src=\"https:\/\/www.almega.se\/app\/uploads\/2024\/06\/Skarmavbild-2024-06-14-kl.-10.45.09.png\" alt=\"\" class=\"wp-image-74461\" srcset=\"https:\/\/www.almega.se\/app\/uploads\/2024\/06\/Skarmavbild-2024-06-14-kl.-10.45.09.png 1060w, https:\/\/www.almega.se\/app\/uploads\/2024\/06\/Skarmavbild-2024-06-14-kl.-10.45.09-580x375.png 580w, https:\/\/www.almega.se\/app\/uploads\/2024\/06\/Skarmavbild-2024-06-14-kl.-10.45.09-380x246.png 380w, https:\/\/www.almega.se\/app\/uploads\/2024\/06\/Skarmavbild-2024-06-14-kl.-10.45.09-768x497.png 768w\" sizes=\"auto, (max-width: 1060px) 100vw, 1060px\" \/><figcaption class=\"wp-element-caption\"><strong>K\u00e4lla:<\/strong> SCB, tj\u00e4nste\u00adproduktions\u00adindex.<\/figcaption><\/figure>\n\n\n\n<p>Efterfr\u00e5gan p\u00e5 tekniska konsulter och industrikonsulter var stark under f\u00f6rra \u00e5ret vilket fr\u00e4mst f\u00f6rklaras av stora investeringar inom industrin och ett h\u00f6gt anl\u00e4ggningsbyggande. Industrins investeringar v\u00e4ntas dock d\u00e4mpas i \u00e5r medan anl\u00e4ggningsbyggandet h\u00e5lls uppe. <\/p>\n\n\n\n<p>Exporten av tj\u00e4nster \u00e4r fortsatt stark och det g\u00e4ller s\u00e4rskilt aff\u00e4rstj\u00e4nster. Under det f\u00f6rsta kvartalet i \u00e5r var exporten av aff\u00e4rstj\u00e4nster, i l\u00f6pande priser, 17,0 procent h\u00f6gre \u00e4n samma kvartal f\u00f6rra \u00e5ret. Dessa tj\u00e4nster har dock \u00f6kat i pris med 2,8 procent det senaste \u00e5ret (se tabell 8).<sup><span class=\"Footnote\">5<\/span><\/sup><\/p>\n\n\n\n<p><strong><mark class=\"has-inline-color has-primary-color\">Diagram 5: <\/mark><strong>Produktion inom uthyrning och andra st\u00f6dtj\u00e4nster till f\u00f6retag (77-82), kvartal ett 2021 till kvartal ett 2024<\/strong><\/strong><\/p>\n\n\n\n<figure class=\"wp-block-image size-full\"><img loading=\"lazy\" decoding=\"async\" width=\"1068\" height=\"678\" src=\"https:\/\/www.almega.se\/app\/uploads\/2024\/06\/Skarmavbild-2024-06-14-kl.-10.46.29.png\" alt=\"\" class=\"wp-image-74462\" srcset=\"https:\/\/www.almega.se\/app\/uploads\/2024\/06\/Skarmavbild-2024-06-14-kl.-10.46.29.png 1068w, https:\/\/www.almega.se\/app\/uploads\/2024\/06\/Skarmavbild-2024-06-14-kl.-10.46.29-580x368.png 580w, https:\/\/www.almega.se\/app\/uploads\/2024\/06\/Skarmavbild-2024-06-14-kl.-10.46.29-380x241.png 380w, https:\/\/www.almega.se\/app\/uploads\/2024\/06\/Skarmavbild-2024-06-14-kl.-10.46.29-768x488.png 768w\" sizes=\"auto, (max-width: 1068px) 100vw, 1068px\" \/><figcaption class=\"wp-element-caption\">K\u00e4lla: SCB, tj\u00e4nsteproduktionsindex.<\/figcaption><\/figure>\n\n\n\n<p>Produktionen inom personaluthyrning, fastighetsservice, st\u00e4dning och andra st\u00f6dtj\u00e4nster till f\u00f6retag var det f\u00f6rsta kvartalet 1,2 procent h\u00f6gre \u00e4n ett \u00e5r tidigare. Utfallet \u00e4r b\u00e4ttre \u00e4n v\u00e4ntat med tanke p\u00e5 att oms\u00e4ttningen inom personaluthyrning sjunkit kraftigt p\u00e5 grund av den svagare arbetsmarknaden. <\/p>\n\n\n\n<p>Enligt siffror fr\u00e5n Kompetensf\u00f6retagen \u2013 d\u00e4r bemanningsf\u00f6retag ing\u00e5r &#8211; var oms\u00e4ttningen i branschen det f\u00f6rsta kvartalet i \u00e5r 11,7 procent l\u00e4gre i l\u00f6pande priser \u00e4n ett \u00e5r tidigare. Till detta kommer priseffekt p\u00e5 knappt fyra procent (se tabell 8).<span class=\"Footnote\"><sup>6<\/sup><\/span> <\/p>\n\n\n\n<p>Uthyrningen av personal till industri \u2013 bemanningsbranschens st\u00f6rsta yrkesomr\u00e5de \u2013 var det det f\u00f6rsta kvartalet i \u00e5r elva procent l\u00e4gre i l\u00f6pande priser \u00e4n ett \u00e5r tidigare. Uthyrningen till lager och logistik f\u00f6ll med 13 procent. Uthyrningen av personal till h\u00e4lso- och sjukv\u00e5rd och omsorg minskade med 27 procent, vilket beror p\u00e5 politiska beslut i regionerna att minska inhyrningen av personal.<span class=\"Footnote\"><sup>7<\/sup><\/span> <\/p>\n\n\n\n<p>Drygt h\u00e4lften av f\u00f6retagen tror att l\u00e4get kommer kommer att vara of\u00f6r\u00e4ndrat eller s\u00e4mre det n\u00e4rmaste kvartalet, vilket speglar den svaga arbetsmarknaden just nu. P\u00e5 l\u00e4ngre sikt \u00e4r f\u00f6retagen mer optimistiska.<span class=\"Footnote\"><sup>8<\/sup><\/span><\/p>\n\n\n\n<p>Andra st\u00f6dtj\u00e4nster till f\u00f6retag utvecklades b\u00e4ttre. I S\u00e4kerhetsf\u00f6retagens senaste kvartals\u00adbaro\u00admeter anger 66 procent av f\u00f6retagen att efterfr\u00e5gan p\u00e5 deras verksamhet \u00f6kat de senaste tre m\u00e5naderna och 70 procent av f\u00f6retagen r\u00e4knar med att efterfr\u00e5gan ska \u00f6ka ytterligare de n\u00e4rmaste tre m\u00e5naderna.<span class=\"Footnote\"><sup>9<\/sup><\/span><\/p>\n\n\n\n<p><strong><mark class=\"has-inline-color has-primary-color\">Diagram 6: <\/mark><strong>Produktion inom transporter och magasinering (49-53), kvartal ett 2021 till kvartal ett 2024<\/strong><\/strong><\/p>\n\n\n\n<figure class=\"wp-block-image size-full\"><img loading=\"lazy\" decoding=\"async\" width=\"1062\" height=\"678\" src=\"https:\/\/www.almega.se\/app\/uploads\/2024\/06\/Skarmavbild-2024-06-14-kl.-10.48.55.png\" alt=\"\" class=\"wp-image-74463\" srcset=\"https:\/\/www.almega.se\/app\/uploads\/2024\/06\/Skarmavbild-2024-06-14-kl.-10.48.55.png 1062w, https:\/\/www.almega.se\/app\/uploads\/2024\/06\/Skarmavbild-2024-06-14-kl.-10.48.55-580x370.png 580w, https:\/\/www.almega.se\/app\/uploads\/2024\/06\/Skarmavbild-2024-06-14-kl.-10.48.55-380x243.png 380w, https:\/\/www.almega.se\/app\/uploads\/2024\/06\/Skarmavbild-2024-06-14-kl.-10.48.55-768x490.png 768w\" sizes=\"auto, (max-width: 1062px) 100vw, 1062px\" \/><figcaption class=\"wp-element-caption\">K\u00e4lla: SCB, tj\u00e4nsteproduktionsindex.<\/figcaption><\/figure>\n\n\n\n<p>Tillv\u00e4xten inom transportbranschen f\u00f6ll 2022 n\u00e4r h\u00f6jda br\u00e4nslepriserna i b\u00f6rjan av \u00e5ret tvingade fram stora prish\u00f6jningar p\u00e5 transporter. Efterfr\u00e5gan p\u00e5 transporter fortsatte att minska under 2023 trots sjunkande br\u00e4nslepriser. Efter \u00e5rsskiftet har dock l\u00e4get ljusnat n\u00e5got. Det f\u00f6rsta kvartalet i \u00e5r var produktionen 0,8 procent l\u00e4gre \u00e4n ett \u00e5r tidigare.<span class=\"Footnote\"><sup>10<\/sup><\/span><\/p>\n\n\n\n<p>Inom information och kommunikation f\u00f6ll produktionen under f\u00f6rra \u00e5ret. Efter \u00e5rsskiftet har dock en \u00e5terh\u00e4mtning skett och det f\u00f6rsta kvartalet i \u00e5r var produktionen 3,8 procent h\u00f6gre \u00e4n samma kvartal 2023. Exporten av informations- och kommunikationstj\u00e4nster utvecklades bra under b\u00f6rjan av 2023 men f\u00f6ll mot slutet av \u00e5ret. Det f\u00f6rsta kvar\u00adtalet i \u00e5r var exporten, i l\u00f6pande priser, 5,2 procent l\u00e4gre \u00e4n samma kvartal 2023. Informations och kommunikations\u00adtj\u00e4nster har \u00f6kat med 1,1 procent i pris det senaste \u00e5ret (se tabell 8). Nedg\u00e5ngen i exporten f\u00f6rklaras fr\u00e4mst av ett kraftigt fall i exporten av telekommunikationstj\u00e4nster men \u00e4ven exporten av datakonsult\u00adtj\u00e4nster har minskat.<span class=\"Footnote\"><sup>11<\/sup><\/span><\/p>\n\n\n\n<p><strong><mark class=\"has-inline-color has-primary-color\">Diagram 7:<\/mark> Produktionen inom information och kommunikation (58-63), kvartal ett 2021 till kvartal ett 2024<\/strong><\/p>\n\n\n\n<figure class=\"wp-block-image size-full\"><img loading=\"lazy\" decoding=\"async\" width=\"1062\" height=\"678\" src=\"https:\/\/www.almega.se\/app\/uploads\/2024\/06\/Skarmavbild-2024-06-14-kl.-10.50.07.png\" alt=\"\" class=\"wp-image-74465\" srcset=\"https:\/\/www.almega.se\/app\/uploads\/2024\/06\/Skarmavbild-2024-06-14-kl.-10.50.07.png 1062w, https:\/\/www.almega.se\/app\/uploads\/2024\/06\/Skarmavbild-2024-06-14-kl.-10.50.07-580x370.png 580w, https:\/\/www.almega.se\/app\/uploads\/2024\/06\/Skarmavbild-2024-06-14-kl.-10.50.07-380x243.png 380w, https:\/\/www.almega.se\/app\/uploads\/2024\/06\/Skarmavbild-2024-06-14-kl.-10.50.07-768x490.png 768w\" sizes=\"auto, (max-width: 1062px) 100vw, 1062px\" \/><figcaption class=\"wp-element-caption\">K\u00e4lla:  SCB, tj\u00e4nsteproduktionsindex.<\/figcaption><\/figure>\n\n\n\n<p>Framtidsf\u00f6rv\u00e4ntningarna inom branschen \u00e4r fortsatt starka. I maj r\u00e4knade 36 procent av datakonsulterna med att efterfr\u00e5gan p\u00e5 deras tj\u00e4nster skulle \u00f6ka den n\u00e4rmaste framtiden.<\/p>\n\n\n\n<p><strong><mark class=\"has-inline-color has-primary-color\">Tabell 1: <\/mark><strong>Efterfr\u00e5gan i tj\u00e4nstebranscher som fr\u00e4mst s\u00e4ljer till f\u00f6retag. F\u00f6rv\u00e4ntningar tre m\u00e5nader fram\u00e5t, februari och maj 2024<\/strong><\/strong><\/p>\n\n\n\n<figure class=\"wp-block-image size-full\"><img loading=\"lazy\" decoding=\"async\" width=\"1020\" height=\"682\" src=\"https:\/\/www.almega.se\/app\/uploads\/2024\/06\/Skarmavbild-2024-06-14-kl.-10.51.07.png\" alt=\"\" class=\"wp-image-74466\" srcset=\"https:\/\/www.almega.se\/app\/uploads\/2024\/06\/Skarmavbild-2024-06-14-kl.-10.51.07.png 1020w, https:\/\/www.almega.se\/app\/uploads\/2024\/06\/Skarmavbild-2024-06-14-kl.-10.51.07-580x388.png 580w, https:\/\/www.almega.se\/app\/uploads\/2024\/06\/Skarmavbild-2024-06-14-kl.-10.51.07-380x254.png 380w, https:\/\/www.almega.se\/app\/uploads\/2024\/06\/Skarmavbild-2024-06-14-kl.-10.51.07-768x514.png 768w\" sizes=\"auto, (max-width: 1020px) 100vw, 1020px\" \/><figcaption class=\"wp-element-caption\"><strong>K\u00e4lla:<\/strong> Konjunkturinstitutet.<br><strong>Anm: <\/strong>Nettotal \u00e4r andelen f\u00f6retag som rapporterar att efterfr\u00e5gan \u00f6kar minus andelen som rapporterar att den minskar. \u00d6vriga f\u00f6retagstj\u00e4nster (SNI 82) omfattar kontorstj\u00e4nster, callcenter samt arrang\u00f6rer av kongresser och m\u00e4ssor.<\/figcaption><\/figure>\n\n\n\n<h3 class=\"wp-block-heading\">2.3 <a>Efterfr\u00e5gan p\u00e5 tj\u00e4nster till konsumenter b\u00f6rjar \u00f6ka<\/a><\/h3>\n\n\n\n<p>Mellan 2021 och 2023 f\u00f6ll reall\u00f6nerna med tio procent. Stigande syssels\u00e4ttning, s\u00e4nkta inkomstskatter och inflationsskyddade transfereringar minskade dock nedg\u00e5ngen i hush\u00e5llens reala disponibla inkomster till tre procent. Trots det har hush\u00e5llen tvingats att dra ner sin konsumtion m\u00e4rkbart. Hush\u00e5llens konsumtion f\u00f6ll fem kvartal i rad vilket inte h\u00e4nt sedan b\u00f6rjan av 1990-talet. Under slutet av 2023 planade dock nedg\u00e5ngen ut och det f\u00f6rsta kvartalet i \u00e5r var hush\u00e5llens konsumtion i fasta priser 0,4 procent h\u00f6gre \u00e4n ett \u00e5r tidigare.<span class=\"Footnote\"><sup>12<\/sup><\/span><\/p>\n\n\n\n<p>Den bransch som drabbats mest av den minskade konsumtionen \u00e4r handeln d\u00e4r produk-tionen fallit \u00e5tta kvartal i rad. Utvecklingen \u00e4r dock p\u00e5 v\u00e4g att v\u00e4nda. Det f\u00f6rsta kvartalet i \u00e5r var produktionen i fasta priser 1,2 procent l\u00e4gre \u00e4n samma kvartal 2023 vilket var en betydligt mindre nedg\u00e5ng \u00e4n tidigare.<\/p>\n\n\n\n<p><strong><mark class=\"has-inline-color has-primary-color\">Diagram 8:<\/mark> Produktionen inom handel (45-47), kvartal ett 2021 till kvartal ett 2024<\/strong><\/p>\n\n\n\n<figure class=\"wp-block-image size-full\"><img loading=\"lazy\" decoding=\"async\" width=\"1066\" height=\"724\" src=\"https:\/\/www.almega.se\/app\/uploads\/2024\/06\/Skarmavbild-2024-06-14-kl.-10.52.43.png\" alt=\"\" class=\"wp-image-74467\" srcset=\"https:\/\/www.almega.se\/app\/uploads\/2024\/06\/Skarmavbild-2024-06-14-kl.-10.52.43.png 1066w, https:\/\/www.almega.se\/app\/uploads\/2024\/06\/Skarmavbild-2024-06-14-kl.-10.52.43-580x394.png 580w, https:\/\/www.almega.se\/app\/uploads\/2024\/06\/Skarmavbild-2024-06-14-kl.-10.52.43-380x258.png 380w, https:\/\/www.almega.se\/app\/uploads\/2024\/06\/Skarmavbild-2024-06-14-kl.-10.52.43-768x522.png 768w\" sizes=\"auto, (max-width: 1066px) 100vw, 1066px\" \/><figcaption class=\"wp-element-caption\"><strong>K\u00e4lla:<\/strong> SCB, tj\u00e4nste\u00adproduk\u00adtions\u00adindex.\u00a0\u00a0\u00a0 \u00a0\u00a0\u00a0\u00a0<br><strong>Anm:<\/strong> Handel s\u00e4ljer till hush\u00e5ll och f\u00f6retag.<\/figcaption><\/figure>\n\n\n\n<p>Inom detaljhandeln var oms\u00e4ttningen det f\u00f6rsta kvartalet i \u00e5r 0,5 procent h\u00f6gre \u00e4n under samma kvartal 2023. Uppg\u00e5ngen skedde inom dagligvaruhandeln medan oms\u00e4ttningen i s\u00e4llank\u00f6pshandeln var l\u00e4gre \u00e4n ett \u00e5r tidigare.<span class=\"Footnote\"><sup>13<\/sup><\/span> Inom e-handeln f\u00f6ll f\u00f6rs\u00e4ljningen b\u00e5de 2022 och 2023 men under b\u00f6rjan av detta \u00e5r v\u00e4nde utvecklingen. Under \u00e5rets f\u00f6rsta fyra m\u00e5nader var oms\u00e4ttningen, i l\u00f6pande priser, sju procent h\u00f6gre \u00e4n under samma period 2023. F\u00f6retagen inom handeln v\u00e4ntar sig \u00f6kande f\u00f6rs\u00e4ljning fram\u00f6ver (se tabell 2).<span class=\"Footnote\"><sup>14<\/sup><\/span><\/p>\n\n\n\n<p>Motorhandelns oms\u00e4ttning f\u00f6ll under slutet av f\u00f6rra \u00e5ret men det f\u00f6rsta kvartalet i \u00e5r \u00f6kade oms\u00e4ttningen igen och var 1,7 procent h\u00f6gre i fasta priser \u00e4n ett \u00e5r tidigare. Under det f\u00f6rsta kvartalet nyregistrerades dock 5,5 procent f\u00e4rre personbilar \u00e4n samma kvartal \u00e5ret innan.<span class=\"Footnote\"><sup>15<\/sup><\/span><\/p>\n\n\n\n<p>Inom partihandeln, som s\u00e4ljer till f\u00f6retag, f\u00f6ll oms\u00e4ttningen markant under hela 2023. Den utvecklingen har fortsatt och det f\u00f6rsta kvartalet i \u00e5r var oms\u00e4ttningen i fasta priser 2,8 procent l\u00e4gre \u00e4n f\u00f6r ett \u00e5r sedan.<\/p>\n\n\n\n<p><strong><mark class=\"has-inline-color has-primary-color\">Diagram 9:<\/mark> Produktionen inom hotell och restaurang (55-56), kvartal ett 2021 till kvartal ett 2024<\/strong><\/p>\n\n\n\n<figure class=\"wp-block-image size-full\"><img loading=\"lazy\" decoding=\"async\" width=\"1054\" height=\"682\" src=\"https:\/\/www.almega.se\/app\/uploads\/2024\/06\/Skarmavbild-2024-06-14-kl.-10.54.40.png\" alt=\"\" class=\"wp-image-74468\" srcset=\"https:\/\/www.almega.se\/app\/uploads\/2024\/06\/Skarmavbild-2024-06-14-kl.-10.54.40.png 1054w, https:\/\/www.almega.se\/app\/uploads\/2024\/06\/Skarmavbild-2024-06-14-kl.-10.54.40-580x375.png 580w, https:\/\/www.almega.se\/app\/uploads\/2024\/06\/Skarmavbild-2024-06-14-kl.-10.54.40-380x246.png 380w, https:\/\/www.almega.se\/app\/uploads\/2024\/06\/Skarmavbild-2024-06-14-kl.-10.54.40-768x497.png 768w\" sizes=\"auto, (max-width: 1054px) 100vw, 1054px\" \/><figcaption class=\"wp-element-caption\"><strong>K\u00e4lla:<\/strong> SCB, tj\u00e4nste\u00adproduktions\u00adindex.\u00a0<\/figcaption><\/figure>\n\n\n\n<p>Hotell och restaurangbranschen v\u00e4xte kraftigt under 2022. Under f\u00f6rra \u00e5ret planade produktionen ut, dock utan att falla. Det f\u00f6rsta kvartalet i \u00e5r var produktionen 1,1 procent h\u00f6gre \u00e4n under samma kvartal f\u00f6rra \u00e5ret. F\u00f6retagen i branschen ser positivt p\u00e5 utvecklingen fram\u00f6ver (se tabell 2).<\/p>\n\n\n\n<p><strong><mark class=\"has-inline-color has-primary-color\">Diagram 10: <\/mark><strong>Produktionen inom personliga och kulturella tj\u00e4nster (90-98), kvartal ett 2021 till kvartal fyra 2023<\/strong><\/strong><\/p>\n\n\n\n<figure class=\"wp-block-image size-full\"><img loading=\"lazy\" decoding=\"async\" width=\"1054\" height=\"682\" src=\"https:\/\/www.almega.se\/app\/uploads\/2024\/06\/Skarmavbild-2024-06-14-kl.-10.54.40-1.png\" alt=\"\" class=\"wp-image-74469\" srcset=\"https:\/\/www.almega.se\/app\/uploads\/2024\/06\/Skarmavbild-2024-06-14-kl.-10.54.40-1.png 1054w, https:\/\/www.almega.se\/app\/uploads\/2024\/06\/Skarmavbild-2024-06-14-kl.-10.54.40-1-580x375.png 580w, https:\/\/www.almega.se\/app\/uploads\/2024\/06\/Skarmavbild-2024-06-14-kl.-10.54.40-1-380x246.png 380w, https:\/\/www.almega.se\/app\/uploads\/2024\/06\/Skarmavbild-2024-06-14-kl.-10.54.40-1-768x497.png 768w\" sizes=\"auto, (max-width: 1054px) 100vw, 1054px\" \/><figcaption class=\"wp-element-caption\"><strong>K\u00e4lla:<\/strong> SCB, national\u00adr\u00e4ken\u00adskaperna.<\/figcaption><\/figure>\n\n\n\n<p>Trots stigande priser och krympande budgetar forts\u00e4tter hush\u00e5llen att prioritera olika personliga tj\u00e4nster samt kultur och n\u00f6jen.<span class=\"Footnote\"><sup>16<\/sup><\/span> Produktionen steg under hela f\u00f6rra \u00e5ret och det f\u00f6rsta kvartalet i \u00e5r var den 4,9 procent h\u00f6gre i fasta priser \u00e4n ett \u00e5r tidigare. \u00a0<\/p>\n\n\n\n<p><strong><mark class=\"has-inline-color has-primary-color\">Diagram 11:<\/mark> Produktionen inom fastighetsf\u00f6rvaltning (68), kvartal ett 2021 till kvartal ett 2024<\/strong><\/p>\n\n\n\n<figure class=\"wp-block-image size-full\"><img loading=\"lazy\" decoding=\"async\" width=\"1050\" height=\"678\" src=\"https:\/\/www.almega.se\/app\/uploads\/2024\/06\/Skarmavbild-2024-06-14-kl.-10.57.06.png\" alt=\"\" class=\"wp-image-74470\" srcset=\"https:\/\/www.almega.se\/app\/uploads\/2024\/06\/Skarmavbild-2024-06-14-kl.-10.57.06.png 1050w, https:\/\/www.almega.se\/app\/uploads\/2024\/06\/Skarmavbild-2024-06-14-kl.-10.57.06-580x375.png 580w, https:\/\/www.almega.se\/app\/uploads\/2024\/06\/Skarmavbild-2024-06-14-kl.-10.57.06-380x245.png 380w, https:\/\/www.almega.se\/app\/uploads\/2024\/06\/Skarmavbild-2024-06-14-kl.-10.57.06-768x496.png 768w\" sizes=\"auto, (max-width: 1050px) 100vw, 1050px\" \/><figcaption class=\"wp-element-caption\"><strong>K\u00e4lla:<\/strong> SCB, tj\u00e4nste\u00adproduktions\u00adindex.\u00a0\u00a0\u00a0 \u00a0\u00a0\u00a0\u00a0<br><strong>Anm:<\/strong> Fastighets\u00adbolag s\u00e4ljer tj\u00e4nster till hush\u00e5ll och f\u00f6retag.<\/figcaption><\/figure>\n\n\n\n<p>Produktionen av tj\u00e4nster inom fastighetsf\u00f6rvaltning har \u00f6kat trots l\u00e5gkonjunkturen. Det f\u00f6rsta kvartalet i \u00e5r var dock produktionen i fasta priser bara 0,2 procent h\u00f6gre \u00e4n f\u00f6r ett \u00e5r sedan.<\/p>\n\n\n\n<p><strong><mark class=\"has-inline-color has-primary-color\">Tabell 2: <\/mark><strong>Efterfr\u00e5gan i tj\u00e4nstebranscher som fr\u00e4mst s\u00e4ljer till hush\u00e5ll. Utfall tre m\u00e5nader bak\u00e5t och f\u00f6rv\u00e4ntningar tre m\u00e5nader fram\u00e5t, februari och maj 2024<\/strong><\/strong><\/p>\n\n\n\n<figure class=\"wp-block-image size-full is-resized\"><img loading=\"lazy\" decoding=\"async\" src=\"https:\/\/www.almega.se\/app\/uploads\/2024\/06\/Skarmavbild-2024-06-14-kl.-10.58.11.png\" alt=\"\" class=\"wp-image-74471\" width=\"1000\" height=\"352\" srcset=\"https:\/\/www.almega.se\/app\/uploads\/2024\/06\/Skarmavbild-2024-06-14-kl.-10.58.11.png 1000w, https:\/\/www.almega.se\/app\/uploads\/2024\/06\/Skarmavbild-2024-06-14-kl.-10.58.11-580x204.png 580w, https:\/\/www.almega.se\/app\/uploads\/2024\/06\/Skarmavbild-2024-06-14-kl.-10.58.11-380x134.png 380w, https:\/\/www.almega.se\/app\/uploads\/2024\/06\/Skarmavbild-2024-06-14-kl.-10.58.11-768x270.png 768w\" sizes=\"auto, (max-width: 1000px) 100vw, 1000px\" \/><figcaption class=\"wp-element-caption\"><strong>K\u00e4lla:<\/strong> Konjunkturinstitutet<br><strong>Anm:<\/strong> Fastighetsf\u00f6rvaltning (SNI 68.2) s\u00e4ljer tj\u00e4nster b\u00e5de till hush\u00e5ll och f\u00f6retag.<\/figcaption><\/figure>\n\n\n\n<h3 class=\"wp-block-heading\">2.4<a> Svag utveckling inom v\u00e4lf\u00e4rdstj\u00e4nster<\/a><\/h3>\n\n\n\n<p>Produktionen av privat utf\u00f6rda, men offentligt finansierade, v\u00e4lf\u00e4rdstj\u00e4nster inom utbildning, v\u00e5rd och omsorg utvecklades svagt under 2023. Sammantaget var produktionen 2023 of\u00f6r\u00e4ndrad i fasta priser j\u00e4mf\u00f6rt med \u00e5ret innan.<\/p>\n\n\n\n<p><strong><mark class=\"has-inline-color has-primary-color\">Diagram 12:<\/mark> Produktionen inom privat utf\u00f6rd utbildning, sjukv\u00e5rd samt v\u00e5rd och omsorg, kvartal ett 2021 till kvartal ett 2024<\/strong><\/p>\n\n\n\n<figure class=\"wp-block-image size-full\"><img loading=\"lazy\" decoding=\"async\" width=\"1126\" height=\"646\" src=\"https:\/\/www.almega.se\/app\/uploads\/2024\/06\/Skarmavbild-2024-06-14-kl.-10.59.40.png\" alt=\"\" class=\"wp-image-74472\" srcset=\"https:\/\/www.almega.se\/app\/uploads\/2024\/06\/Skarmavbild-2024-06-14-kl.-10.59.40.png 1126w, https:\/\/www.almega.se\/app\/uploads\/2024\/06\/Skarmavbild-2024-06-14-kl.-10.59.40-580x333.png 580w, https:\/\/www.almega.se\/app\/uploads\/2024\/06\/Skarmavbild-2024-06-14-kl.-10.59.40-380x218.png 380w, https:\/\/www.almega.se\/app\/uploads\/2024\/06\/Skarmavbild-2024-06-14-kl.-10.59.40-768x441.png 768w\" sizes=\"auto, (max-width: 1126px) 100vw, 1126px\" \/><figcaption class=\"wp-element-caption\"><strong>K\u00e4lla:<\/strong> SCB, national\u00adr\u00e4ken\u00adskaperna.<\/figcaption><\/figure>\n\n\n\n<p>Bilden \u00e4r dock splittrad mellan verksamheterna. Produktionen inom privat utf\u00f6rd utbildning \u00f6kade under 2023 och det f\u00f6rsta kvartalet i \u00e5r var den 1,3 procent h\u00f6gre \u00e4n samma kvartal 2023.<\/p>\n\n\n\n<p>Under 2023 minskade produktionen inom privat utf\u00f6rd h\u00e4lso- och sjukv\u00e5rd i fasta priser och \u00e4ven antalet arbetade timmar minskade.<span class=\"Footnote\"><sup>17<\/sup><\/span> Det f\u00f6rsta kvartalet i \u00e5r var produktionen 4,0 procent l\u00e4gre \u00e4n samma kvartal 2023. <\/p>\n\n\n\n<p>Inom v\u00e5rd- och omsorgsboenden, till fr\u00e4mst \u00e4ldre, var produktionen of\u00f6r\u00e4ndrad i fasta priser 2023 j\u00e4mf\u00f6rt med \u00e5ret innan. \u00c4ven antalet arbetade timmar var of\u00f6r\u00e4ndrat. Produktionen \u00f6kade dock mot slutet av \u00e5ret och det f\u00f6rsta kvartalet 2024 var den 3,1 procent h\u00f6gre \u00e4n samma kvartal 2023.<\/p>\n\n\n\n<h3 class=\"wp-block-heading\">2.5 <a>Konkurserna forts\u00e4tter att \u00f6ka<\/a><\/h3>\n\n\n\n<p>Antalet konkurser i tj\u00e4nstesektorn forts\u00e4tter att \u00f6ka. Under \u00e5rets f\u00f6rsta fyra m\u00e5nader gick 2\u00a0680 tj\u00e4nstef\u00f6retag i konkurs vilket var drygt 50 procent fler \u00e4n under samma period f\u00f6rra \u00e5ret och drygt 70 procent fler \u00e4n under samma period 2022. I de allra flesta fall handlar det dock om sm\u00e5 f\u00f6retag. De tj\u00e4nstef\u00f6retag som g\u00e5tt i konkurs i \u00e5r har i genomsnitt haft 2,4 anst\u00e4llda.<span class=\"Footnote\"><sup>18<\/sup><\/span> Konkurserna har \u00f6kat mest bland konsulter inom juridik, ekonomi, vetenskap och teknik, samt inom detaljhandeln medan konkurserna inom hotell och restaurang har blivit f\u00e4rre.<\/p>\n\n\n\n<p><strong><mark class=\"has-inline-color has-primary-color\">Diagram 13:<\/mark> <strong>Konkurser i tj\u00e4nstebranscher, januari 2022 till maj 2024<\/strong><\/strong><\/p>\n\n\n\n<figure class=\"wp-block-image size-full\"><img loading=\"lazy\" decoding=\"async\" width=\"1096\" height=\"758\" src=\"https:\/\/www.almega.se\/app\/uploads\/2024\/06\/Skarmavbild-2024-06-14-kl.-11.01.52.png\" alt=\"\" class=\"wp-image-74473\" srcset=\"https:\/\/www.almega.se\/app\/uploads\/2024\/06\/Skarmavbild-2024-06-14-kl.-11.01.52.png 1096w, https:\/\/www.almega.se\/app\/uploads\/2024\/06\/Skarmavbild-2024-06-14-kl.-11.01.52-580x401.png 580w, https:\/\/www.almega.se\/app\/uploads\/2024\/06\/Skarmavbild-2024-06-14-kl.-11.01.52-380x263.png 380w, https:\/\/www.almega.se\/app\/uploads\/2024\/06\/Skarmavbild-2024-06-14-kl.-11.01.52-768x531.png 768w\" sizes=\"auto, (max-width: 1096px) 100vw, 1096px\" \/><figcaption class=\"wp-element-caption\"><strong>K\u00e4lla:<\/strong> UC via Macrobond.<\/figcaption><\/figure>\n\n\n\n<p>De offentliga st\u00f6d som beviljades under pandemin och perioden med h\u00f6ga elpriser h\u00f6ll sannolikt liv i f\u00f6retag som inte skulle ha \u00f6verlevt annars. N\u00e4r anst\u00e5nden ska betalas tillbaka i en svag konjunktur och h\u00f6ga r\u00e4ntor bidrar det till fler konkurser. <\/p>\n\n\n\n<p>Fr\u00e5n v\u00e5ren 2020 fram till januari 2024 beviljades 140 miljarder kronor i anst\u00e5nd till f\u00f6retag f\u00f6r inbetalningar av moms och arbets\u00adgivar\u00adavgifter. Tv\u00e5 tredjedelar av anst\u00e5nden har betalats tillbaka men Skatteverket bed\u00f6mer att sex miljarder kronor av anst\u00e5nden \u00e4r f\u00f6rlorade f\u00f6r staten eftersom f\u00f6retaget g\u00e5tt i konkurs eller \u00e4r p\u00e5 v\u00e4g att g\u00f6ra det. I april i \u00e5r \u00e5terstod 38,5 miljarder kronor i utest\u00e5ende skatteanst\u00e5nd och Skatteverket ber\u00e4knar att mellan \u00e5tta och 13 miljarder kronor av den \u00e5terst\u00e5ende skulden riskerar att inte betalas tillbaka.<span class=\"Footnote\"><sup>19<\/sup><\/span><\/p>\n\n\n\n<p>De st\u00f6rsta utest\u00e5ende skatteanst\u00e5nden i tj\u00e4nstesektorn finns till f\u00f6retag inom handeln och till konsulter inom juridik, ekonomi, vetenskap och teknik. I dessa branscher har dock statens uppb\u00f6rdsf\u00f6rluster f\u00f6r anst\u00e5nden hittills varit mindre \u00e4n genomsnittet.<span class=\"Footnote\"><sup>20<\/sup><\/span><\/p>\n\n\n<a class='Share__link Share__link--url copy-text' href='#' rel='nofollow' data-text='3.-jobben-fortsatter-att-bli-farre-i-tjanstesektorn' title='Dela url' data-confirmation='L\u00e4nken kopierades till urklipp'><svg class='icon icon--link'  width='18' height='18' viewBox='0 0 18 18' fill='none' xmlns='http:\/\/www.w3.org\/2000\/svg'>\n            <path d='M10.4142 0.514721L6.87868 4.05025L8.29289 5.46447L11.1213 2.63604L15.364 6.87868L12.5355 9.70711L13.9497 11.1213L17.4853 7.58579C17.8763 7.19476 17.8763 6.5626 17.4853 6.17158L11.8284 0.514721C11.4374 0.123691 10.8052 0.123691 10.4142 0.514721Z' fill='black'\/>\n            <path d='M9.7071 12.5355L6.87868 15.364L2.63604 11.1213L5.46446 8.2929L4.05025 6.87868L0.514716 10.4142C0.123686 10.8052 0.123686 11.4374 0.514716 11.8284L6.17157 17.4853C6.5626 17.8763 7.19475 17.8763 7.58578 17.4853L11.1213 13.9497L9.7071 12.5355Z' fill='black'\/>\n            <path d='M6.17157 11.8284C6.5626 12.2195 7.19475 12.2195 7.58578 11.8284L11.8284 7.58579C12.2195 7.19476 12.2195 6.56261 11.8284 6.17158C11.4374 5.78055 10.8052 5.78055 10.4142 6.17158L6.17157 10.4142C5.78054 10.8052 5.78054 11.4374 6.17157 11.8284Z' fill='black'\/>\n            <\/svg> <\/a>\n<h2 class=\"wp-block-heading\">3. <a>Jobben forts\u00e4tter att bli f\u00e4rre i tj\u00e4nstesektorn<\/a><\/h2>\n\n\n\n<p>Den svaga konjunkturen i tj\u00e4nstesektorn forts\u00e4tter att p\u00e5verka jobben. Antalet anst\u00e4llda i tj\u00e4nstesektorn forts\u00e4tter att minska men nedg\u00e5ngen \u00e4r l\u00e5ngsam. Det f\u00f6rsta kvartalet i \u00e5r var antalet anst\u00e4llda 11 500 personer \u2013 eller 0,4 procent \u00ad\u2013 l\u00e4gre \u00e4n samma kvartal 2023. Om man r\u00e4knar bort finanssektorn har antalet anst\u00e4llda i tj\u00e4nstesektorn minskat med 14\u00a0100 personer \u2013 eller 0,6 procent \u2013 p\u00e5 ett \u00e5r. Antalet arbetade timmar har minskat med 0,9 procent det senaste \u00e5ret.<span class=\"Footnote\"><sup>21<\/sup><\/span><\/p>\n\n\n\n<h3 class=\"wp-block-heading\">3.1 <a>14 000 f\u00e4rre jobb i tj\u00e4nstesektorn<\/a><\/h3>\n\n\n\n<p>\u00c4ven om konjunkturen \u00e4r p\u00e5 v\u00e4g att v\u00e4nda kommer antalet jobb i tj\u00e4nstesektorn sannolikt att minska ytterligare under en tid. Almegas arbets\u00admarknads\u00adindikator f\u00f6rutsp\u00e5r att jobben i tj\u00e4nstesektorn kommer att bli f\u00e4rre \u00e4ven under det andra kvartalet.<\/p>\n\n\n\n<p><strong><mark class=\"has-inline-color has-primary-color\">Diagram 14: <\/mark><strong>Almegas indikator f\u00f6r syssels\u00e4ttningstillv\u00e4xten i privat tj\u00e4nstesektor<\/strong><\/strong><\/p>\n\n\n\n<figure class=\"wp-block-image size-full\"><img loading=\"lazy\" decoding=\"async\" width=\"1056\" height=\"794\" src=\"https:\/\/www.almega.se\/app\/uploads\/2024\/06\/Skarmavbild-2024-06-14-kl.-11.03.46.png\" alt=\"\" class=\"wp-image-74474\" srcset=\"https:\/\/www.almega.se\/app\/uploads\/2024\/06\/Skarmavbild-2024-06-14-kl.-11.03.46.png 1056w, https:\/\/www.almega.se\/app\/uploads\/2024\/06\/Skarmavbild-2024-06-14-kl.-11.03.46-580x436.png 580w, https:\/\/www.almega.se\/app\/uploads\/2024\/06\/Skarmavbild-2024-06-14-kl.-11.03.46-380x286.png 380w, https:\/\/www.almega.se\/app\/uploads\/2024\/06\/Skarmavbild-2024-06-14-kl.-11.03.46-768x577.png 768w\" sizes=\"auto, (max-width: 1056px) 100vw, 1056px\" \/><figcaption class=\"wp-element-caption\"><strong>K\u00e4lla: <\/strong>Almega, SCB, Macrobond.<\/figcaption><\/figure>\n\n\n\n<p>Utvecklingen av syssels\u00e4ttningen skiljer sig kraftigt \u00e5t mellan olika tj\u00e4nstebranscher. Bland de kunskapsintensiva konsult\u00adtj\u00e4nsterna inom juridik, ekonomi, vetenskap och teknik har antalet anst\u00e4llda \u00f6kat med 6 900 personer \u2013 eller 2,1 procent \u2013 under det senaste \u00e5ret. Flest nya jobb \u2013 7 900 &#8211; har skapats bland konsulter inom PR och kommunikation. Bland arkitekter och tekniska konsulter har d\u00e4remot antalet anst\u00e4llda minskat med 2\u00a0000 personer eller 1,7 procent under \u00e5ret. Tekniska konsulter har fortsatt att nyanst\u00e4lla under \u00e5ret s\u00e5 nedg\u00e5ngen beror uteslutande p\u00e5 att antalet anst\u00e4llda arkitekter fortsatt att minska.<\/p>\n\n\n\n<p>Antalet anst\u00e4llda inom andra viktiga st\u00f6dtj\u00e4nster till f\u00f6retag som personaluthyrning, fastighetsservice och resetj\u00e4nster har minskat med 8 600 personer det senaste \u00e5ret. Nedg\u00e5ngen beror helt och h\u00e5llet p\u00e5 att antalet anst\u00e4llda inom personaluthyrning och rekrytering har minskat kraftigt. P\u00e5 ett \u00e5r har de anst\u00e4llda inom branschen blivit 11\u00a0200 personer \u2013 eller 8,9 procent \u2013 f\u00e4rre. \u00d6vriga st\u00f6dtj\u00e4nster till f\u00f6retag \u2013 som bevakning och kontorstj\u00e4nster \u2013 har d\u00e4remot \u00f6kat sin personalstyrka det senaste \u00e5ret.<\/p>\n\n\n\n<p><strong><mark class=\"has-inline-color has-primary-color\">Tabell 3:<\/mark> <strong>Anst\u00e4llda inom den privata tj\u00e4nstesektorn f\u00f6rsta kvartalet 2024 j\u00e4mf\u00f6rt med f\u00f6rsta kvartalet 2023<\/strong><\/strong><\/p>\n\n\n\n<figure class=\"wp-block-image size-full\"><img loading=\"lazy\" decoding=\"async\" width=\"1132\" height=\"1334\" src=\"https:\/\/www.almega.se\/app\/uploads\/2024\/06\/Skarmavbild-2024-06-14-kl.-11.05.14.png\" alt=\"\" class=\"wp-image-74475\" srcset=\"https:\/\/www.almega.se\/app\/uploads\/2024\/06\/Skarmavbild-2024-06-14-kl.-11.05.14.png 1132w, https:\/\/www.almega.se\/app\/uploads\/2024\/06\/Skarmavbild-2024-06-14-kl.-11.05.14-580x683.png 580w, https:\/\/www.almega.se\/app\/uploads\/2024\/06\/Skarmavbild-2024-06-14-kl.-11.05.14-380x448.png 380w, https:\/\/www.almega.se\/app\/uploads\/2024\/06\/Skarmavbild-2024-06-14-kl.-11.05.14-768x905.png 768w\" sizes=\"auto, (max-width: 1132px) 100vw, 1132px\" \/><figcaption class=\"wp-element-caption\"><strong>K\u00e4lla:<\/strong> SCB, Anst\u00e4llningar, Antal p\u00e5g\u00e5ende anst\u00e4llningar efter n\u00e4ringsgren.<\/figcaption><\/figure>\n\n\n\n<p>Inom informations- och kommunikationsbranschen forts\u00e4tter jobben att bli f\u00e4rre. Det f\u00f6rsta kvartalet i \u00e5r var antalet anst\u00e4llda 3 800 personer \u2013 eller 1,6 procent \u2013 f\u00e4rre \u00e4n samma kvartal 2023. Nedg\u00e5ngen beror fr\u00e4mst p\u00e5 f\u00e4rre jobb inom olika medieverksamheter men \u00e4ven inom telekommunikationer, datakonsulter och informationstj\u00e4nstf\u00f6retag har antalet anst\u00e4llda minskat med 1&nbsp;300 personer. Det \u00e4r branscher d\u00e4r jobben stadigt blivit fler under l\u00e5ng tid.<strong><\/strong><\/p>\n\n\n\n<p>Inom privat utbildning har antalet anst\u00e4llda minskat med 1 000 personer \u2013 eller en procent \u2013\u2013 p\u00e5 ett \u00e5r. Inom privat v\u00e5rd och omsorg blir jobben d\u00e4remot n\u00e5got fler. Det f\u00f6rsta kvartalet i \u00e5r var antalet anst\u00e4llda 900 fler \u00e4n f\u00f6r ett \u00e5r sedan. \u00d6kningen beror helt h\u00e5llet p\u00e5 fler anst\u00e4llda inom privat h\u00e4lso- och sjukv\u00e5rd.<\/p>\n\n\n\n<p>Efter pandemin v\u00e4xte antalet anst\u00e4llda kraftigt inom hotell och restaurang men nu minskar antalet anst\u00e4llda i branschen f\u00f6r fj\u00e4rde kvartalet i rad. Det f\u00f6rsta kvartalet i \u00e5r var de 1 200 personer, eller 0,6 procent, f\u00e4rre \u00e4n f\u00f6r ett \u00e5r sedan.<\/p>\n\n\n\n<p>\u00c4ven bland transportf\u00f6retagen forts\u00e4tter jobben att minska. Antalet anst\u00e4llda det f\u00f6rsta kvartalet var 4 200 personer \u2013 eller 1,8 procent \u2013 f\u00e4rre \u00e4n ett \u00e5r tidigare. Nedg\u00e5ngen \u00e4r j\u00e4mt f\u00f6rdelad mellan olika delbranscher. Jobben i handeln \u00f6kade under slutet av f\u00f6rra \u00e5ret men har nu b\u00f6rjat minska. Antalet anst\u00e4llda har blivit 3 900 personer \u2013 eller 0,6 procent \u2013 f\u00e4rre p\u00e5 ett \u00e5r. Antalet anst\u00e4llda har minskat inom detaljhandeln men \u00f6kat inom motorhandeln.<\/p>\n\n\n\n<h3 class=\"wp-block-heading\">3.2 <strong>Kortvariga anst\u00e4llningar minskar<\/strong><\/h3>\n\n\n\n<p>Den minskade syssels\u00e4ttningen i den privata tj\u00e4nstesektorn har fr\u00e4mst drabbat personer med korta anst\u00e4llningar. Mellan det f\u00f6rsta kvartalet 2023 och 2024 minskade antalet personer med kortvariga anst\u00e4llningar \u2013 sex m\u00e5nader eller kortare &#8211; med 50\u00a0000 personer i tj\u00e4nstesektorn medan antalet personer med l\u00e4ngre anst\u00e4llningar blev drygt 35\u00a0000 fler. De flesta f\u00f6retag som beh\u00f6ver minska sina sina kostnader v\u00e4ljer att f\u00f6rsta hand dra ner p\u00e5 korta tillf\u00e4lliga anst\u00e4llningar. Att f\u00f6rs\u00f6ka beh\u00e5lla den fast anst\u00e4llda personalen \u00e4r ett normalt om f\u00f6retagen r\u00e4knar med att l\u00e5gkonjunkturen blir kortvarig.<\/p>\n\n\n\n<p><strong><mark class=\"has-inline-color has-primary-color\">Diagram 15:<\/mark> <strong>F\u00f6r\u00e4ndring av anst\u00e4llda inom privat tj\u00e4nstesektor mellan f\u00f6rsta kvartalet 2023 och 2024, f\u00f6rdelad p\u00e5 kortare och l\u00e4ngre anst\u00e4llningar<\/strong><\/strong><\/p>\n\n\n\n<figure class=\"wp-block-image size-full\"><img loading=\"lazy\" decoding=\"async\" width=\"1080\" height=\"666\" src=\"https:\/\/www.almega.se\/app\/uploads\/2024\/06\/Skarmavbild-2024-06-14-kl.-11.06.56.png\" alt=\"\" class=\"wp-image-74476\" srcset=\"https:\/\/www.almega.se\/app\/uploads\/2024\/06\/Skarmavbild-2024-06-14-kl.-11.06.56.png 1080w, https:\/\/www.almega.se\/app\/uploads\/2024\/06\/Skarmavbild-2024-06-14-kl.-11.06.56-580x358.png 580w, https:\/\/www.almega.se\/app\/uploads\/2024\/06\/Skarmavbild-2024-06-14-kl.-11.06.56-380x234.png 380w, https:\/\/www.almega.se\/app\/uploads\/2024\/06\/Skarmavbild-2024-06-14-kl.-11.06.56-768x474.png 768w\" sizes=\"auto, (max-width: 1080px) 100vw, 1080px\" \/><figcaption class=\"wp-element-caption\"><strong>K\u00e4lla<\/strong>: SCB, anst\u00e4llda.<\/figcaption><\/figure>\n\n\n\n<h3 class=\"wp-block-heading\">3.3 <a>Tj\u00e4nstef\u00f6retagens anst\u00e4llningsplaner svagt positiva<\/a><\/h3>\n\n\n\n<p>Tj\u00e4nstef\u00f6retagens anst\u00e4llningsplaner f\u00f6rs\u00e4mrades kraftigt under andra halv\u00e5ret 2023 men \u00e5terh\u00e4mtade sig n\u00e5got runt \u00e5rsskiftet och har varit konstanta sedan dess. Det \u00e4r fortsatt n\u00e5got fler tj\u00e4nstef\u00f6retag som r\u00e4knar med att \u00f6ka sin personalstyrka \u00e4n som r\u00e4knar med att minska den.<span class=\"Footnote\"><sup>22<\/sup><\/span><\/p>\n\n\n\n<p><strong><strong><mark class=\"has-inline-color has-primary-color\">Diagram 16:<\/mark> Tj\u00e4nstef\u00f6retagens anst\u00e4llningsplaner tre m\u00e5nader fram\u00e5t, januari 2021 till maj 2024<\/strong><\/strong><\/p>\n\n\n\n<figure class=\"wp-block-image size-full\"><img loading=\"lazy\" decoding=\"async\" width=\"1080\" height=\"684\" src=\"https:\/\/www.almega.se\/app\/uploads\/2024\/06\/Skarmavbild-2024-06-14-kl.-11.08.30.png\" alt=\"\" class=\"wp-image-74477\" srcset=\"https:\/\/www.almega.se\/app\/uploads\/2024\/06\/Skarmavbild-2024-06-14-kl.-11.08.30.png 1080w, https:\/\/www.almega.se\/app\/uploads\/2024\/06\/Skarmavbild-2024-06-14-kl.-11.08.30-580x367.png 580w, https:\/\/www.almega.se\/app\/uploads\/2024\/06\/Skarmavbild-2024-06-14-kl.-11.08.30-380x241.png 380w, https:\/\/www.almega.se\/app\/uploads\/2024\/06\/Skarmavbild-2024-06-14-kl.-11.08.30-768x486.png 768w\" sizes=\"auto, (max-width: 1080px) 100vw, 1080px\" \/><figcaption class=\"wp-element-caption\"><strong>K\u00e4lla: <\/strong>Konjunkturinstitutet, Macrobond.<br><strong>Anm:<\/strong> Nettotal \u00e4r andelen f\u00f6retag som planerar \u00f6ka sin personal\u00adstyrka minus de som planerar minska den.<\/figcaption><\/figure>\n\n\n\n<p>Anst\u00e4llningsplanerna \u00e4r mest optimistiska bland tekniska konsulter, konsulter inom f\u00f6retags\u00adledning och researrang\u00f6rer. I dessa branscher har f\u00f6retagens anst\u00e4llnings\u00adplaner blivit mer positiva det senaste kvartalet. Arkitektf\u00f6retagen forts\u00e4tter att r\u00e4kna med att minska sin personalstyrka. Det f\u00f6rsta kvartalet planerade mer \u00e4n fyra av tio arkitektf\u00f6retag att minska sin personalstyrka det kommande kvartalet.<\/p>\n\n\n\n<p><strong><mark class=\"has-inline-color has-primary-color\">Tabell 4: <\/mark>Antalet anst\u00e4llda i olika tj\u00e4nstebranscher. F\u00f6rv\u00e4ntningar tre m\u00e5nader fram\u00e5t, kvartal fyra 2023 och kvartal ett 2024<\/strong><\/p>\n\n\n\n<figure class=\"wp-block-image size-full\"><img loading=\"lazy\" decoding=\"async\" width=\"1080\" height=\"684\" src=\"https:\/\/www.almega.se\/app\/uploads\/2024\/06\/Skarmavbild-2024-06-14-kl.-11.09.35.png\" alt=\"\" class=\"wp-image-74478\" srcset=\"https:\/\/www.almega.se\/app\/uploads\/2024\/06\/Skarmavbild-2024-06-14-kl.-11.09.35.png 1080w, https:\/\/www.almega.se\/app\/uploads\/2024\/06\/Skarmavbild-2024-06-14-kl.-11.09.35-580x367.png 580w, https:\/\/www.almega.se\/app\/uploads\/2024\/06\/Skarmavbild-2024-06-14-kl.-11.09.35-380x241.png 380w, https:\/\/www.almega.se\/app\/uploads\/2024\/06\/Skarmavbild-2024-06-14-kl.-11.09.35-768x486.png 768w\" sizes=\"auto, (max-width: 1080px) 100vw, 1080px\" \/><figcaption class=\"wp-element-caption\"><strong>K\u00e4lla:<\/strong> Konjunkturinstitutet.<br><strong>Anm:<\/strong> Nettotal \u00e4r andelen f\u00f6retag som planerar \u00f6ka sin personalstyrka minus de som planerar minska den.<\/figcaption><\/figure>\n\n\n\n<h3 class=\"wp-block-heading\">3.4 <a>Bristen p\u00e5 arbetskraft <\/a>forts\u00e4tter att minska<\/h3>\n\n\n\n<p>Konjunkturavmattningen har lett till att bristen p\u00e5 arbetskraft i tj\u00e4nstesektorn halverats p\u00e5 ett \u00e5r. Det f\u00f6rsta kvartalet i \u00e5r hade 22 procent av tj\u00e4nstef\u00f6retagen brist p\u00e5 personal, fyra procentenheter f\u00e4rre \u00e4n f\u00f6rra kvartalet. Bristen p\u00e5 arbetskraft \u00e4r st\u00f6rst bland tekniska konsulter och inom transportn\u00e4ringen men mycket l\u00e5g bland arkitekter och inom hotell och restaurang.<\/p>\n\n\n\n<p><strong><strong><mark class=\"has-inline-color has-primary-color\">Tabell 5:<\/mark> Andel f\u00f6retag med brist p\u00e5 personal, kvartal fyra 2023 och kvartal ett 2024<\/strong><\/strong><\/p>\n\n\n\n<figure class=\"wp-block-image size-full\"><img loading=\"lazy\" decoding=\"async\" width=\"1080\" height=\"662\" src=\"https:\/\/www.almega.se\/app\/uploads\/2024\/06\/Skarmavbild-2024-06-14-kl.-11.11.25.png\" alt=\"\" class=\"wp-image-74479\" srcset=\"https:\/\/www.almega.se\/app\/uploads\/2024\/06\/Skarmavbild-2024-06-14-kl.-11.11.25.png 1080w, https:\/\/www.almega.se\/app\/uploads\/2024\/06\/Skarmavbild-2024-06-14-kl.-11.11.25-580x356.png 580w, https:\/\/www.almega.se\/app\/uploads\/2024\/06\/Skarmavbild-2024-06-14-kl.-11.11.25-380x233.png 380w, https:\/\/www.almega.se\/app\/uploads\/2024\/06\/Skarmavbild-2024-06-14-kl.-11.11.25-768x471.png 768w\" sizes=\"auto, (max-width: 1080px) 100vw, 1080px\" \/><figcaption class=\"wp-element-caption\"><strong>K\u00e4lla: <\/strong>Konjunkturinstitutet.<\/figcaption><\/figure>\n\n\n\n<p>Att arbetsmarknaden har tappat fart syns \u00e4ven p\u00e5 att antalet vakanser.<span class=\"Footnote\"><sup>23<\/sup><\/span> Det f\u00f6rsta kvartalet i \u00e5r fanns 24 300 vakanser i den privata tj\u00e4nstesektorn, vilket var 9 200 f\u00e4rre \u00e4n f\u00f6r ett \u00e5r sedan. Vakanserna har minskat mest inom information och kommunikation samt inom juridik, ekonomi, vetenskap och teknik. D\u00e4remot har vakanserna blivit fler inom transport och magasinering och personliga och kulturella tj\u00e4nster.<\/p>\n\n\n\n<p>Antalet lediga platser minskar ocks\u00e5. I april fanns 150 600 lediga jobb registrerade p\u00e5 Arbetsf\u00f6rmedlingen. Det var 32 000 f\u00e4rre \u00e4n ett \u00e5r tidigare.<span class=\"Footnote\"><sup>24<\/sup><\/span><\/p>\n\n\n\n<p><strong><mark class=\"has-inline-color has-primary-color\">Tabell 6: <\/mark>Antal vakanser i tj\u00e4nstesektorn kvartal ett 2024 samt skillnaden mot samma kvartal 2023<\/strong><\/p>\n\n\n\n<figure class=\"wp-block-image size-large\"><img loading=\"lazy\" decoding=\"async\" width=\"1180\" height=\"520\" src=\"https:\/\/www.almega.se\/app\/uploads\/2024\/06\/Skarmavbild-2024-06-14-kl.-11.13.05-1180x520.png\" alt=\"\" class=\"wp-image-74481\" srcset=\"https:\/\/www.almega.se\/app\/uploads\/2024\/06\/Skarmavbild-2024-06-14-kl.-11.13.05-1180x520.png 1180w, https:\/\/www.almega.se\/app\/uploads\/2024\/06\/Skarmavbild-2024-06-14-kl.-11.13.05-580x255.png 580w, https:\/\/www.almega.se\/app\/uploads\/2024\/06\/Skarmavbild-2024-06-14-kl.-11.13.05-380x167.png 380w, https:\/\/www.almega.se\/app\/uploads\/2024\/06\/Skarmavbild-2024-06-14-kl.-11.13.05-768x338.png 768w, https:\/\/www.almega.se\/app\/uploads\/2024\/06\/Skarmavbild-2024-06-14-kl.-11.13.05.png 1340w\" sizes=\"auto, (max-width: 1180px) 100vw, 1180px\" \/><figcaption class=\"wp-element-caption\"><strong>K\u00e4lla:<\/strong> SCB, AKU.<\/figcaption><\/figure>\n\n\n\n<h3 class=\"wp-block-heading\">3.5<a> Arbetsl\u00f6sheten <\/a>forts\u00e4tter stiga<\/h3>\n\n\n\n<p>Arbetsl\u00f6sheten forts\u00e4tter att \u00f6ka men i l\u00e5ngsam takt. I april var 513 000 personer arbetsl\u00f6sa. Den s\u00e4songrensade arbetsl\u00f6sheten var 8,4 procent, 0,2 procentenheter h\u00f6gre \u00e4n i januari.<span class=\"Footnote\"><sup>25<\/sup><\/span><\/p>\n\n\n\n<p>Antalet l\u00e5ngtidsarbetsl\u00f6sa har ocks\u00e5 b\u00f6rjat \u00f6ka om \u00e4n inte s\u00e5 kraftigt. I april hade 209 700 personer varit arbetsl\u00f6sa i minst sex m\u00e5nader enligt Arbetsf\u00f6rmedlingen, vilket var 1\u00a0000 fler \u00e4n i mars men 6 900 f\u00e4rre \u00e4n ett \u00e5r tidigare.<span class=\"Footnote\"><sup>26<\/sup><\/span><\/p>\n\n\n\n<p><strong><mark class=\"has-inline-color has-primary-color\">Diagram 17:<\/mark> Arbetsl\u00f6sheten bland ungdomar, utrikes f\u00f6dda och totalt januari 2021 till april 2024<\/strong><\/p>\n\n\n\n<figure class=\"wp-block-image size-full\"><img loading=\"lazy\" decoding=\"async\" width=\"1086\" height=\"646\" src=\"https:\/\/www.almega.se\/app\/uploads\/2024\/06\/Skarmavbild-2024-06-14-kl.-11.14.48.png\" alt=\"\" class=\"wp-image-74482\" srcset=\"https:\/\/www.almega.se\/app\/uploads\/2024\/06\/Skarmavbild-2024-06-14-kl.-11.14.48.png 1086w, https:\/\/www.almega.se\/app\/uploads\/2024\/06\/Skarmavbild-2024-06-14-kl.-11.14.48-580x345.png 580w, https:\/\/www.almega.se\/app\/uploads\/2024\/06\/Skarmavbild-2024-06-14-kl.-11.14.48-380x226.png 380w, https:\/\/www.almega.se\/app\/uploads\/2024\/06\/Skarmavbild-2024-06-14-kl.-11.14.48-768x457.png 768w\" sizes=\"auto, (max-width: 1086px) 100vw, 1086px\" \/><figcaption class=\"wp-element-caption\"><strong>K\u00e4lla:<\/strong> SCB, AKU och Macrobond.<\/figcaption><\/figure>\n\n\n\n<p>Antalet varsel om upps\u00e4gning har \u00f6kat. Under de senaste tolv m\u00e5naderna varslades 43 400 personer om upps\u00e4gning i den privata tj\u00e4nstesektorn, vilket \u00e4r . Antalet varsel under de senaste tolv m\u00e5naderna \u00e4r 48 procent fler \u00e4n de f\u00f6reg\u00e5ende tolv m\u00e5naderna. Varslen har \u00f6kat mest inom utbildning, v\u00e5rd och omsorg samt inom personaluthyrning, fastighetsservice, och andra st\u00f6dtj\u00e4nster till f\u00f6retag. Det \u00e4r dock viktigt att p\u00e5peka att l\u00e5ngtifr\u00e5n alla varsel leder till upps\u00e4gning.<span class=\"Footnote\"><sup>27<\/sup><\/span><\/p>\n\n\n\n<p><strong><mark class=\"has-inline-color has-primary-color\">Tabell 7:<\/mark> Varsel om upps\u00e4gning i tj\u00e4nstesektorn under senaste tolv m\u00e5naderna j\u00e4mf\u00f6rt med f\u00f6reg\u00e5ende tolv m\u00e5nader<\/strong><\/p>\n\n\n\n<figure class=\"wp-block-image size-large\"><img loading=\"lazy\" decoding=\"async\" width=\"1180\" height=\"713\" src=\"https:\/\/www.almega.se\/app\/uploads\/2024\/06\/Skarmavbild-2024-06-14-kl.-11.15.58-1180x713.png\" alt=\"\" class=\"wp-image-74483\" srcset=\"https:\/\/www.almega.se\/app\/uploads\/2024\/06\/Skarmavbild-2024-06-14-kl.-11.15.58-1180x713.png 1180w, https:\/\/www.almega.se\/app\/uploads\/2024\/06\/Skarmavbild-2024-06-14-kl.-11.15.58-580x350.png 580w, https:\/\/www.almega.se\/app\/uploads\/2024\/06\/Skarmavbild-2024-06-14-kl.-11.15.58-380x230.png 380w, https:\/\/www.almega.se\/app\/uploads\/2024\/06\/Skarmavbild-2024-06-14-kl.-11.15.58-768x464.png 768w, https:\/\/www.almega.se\/app\/uploads\/2024\/06\/Skarmavbild-2024-06-14-kl.-11.15.58.png 1324w\" sizes=\"auto, (max-width: 1180px) 100vw, 1180px\" \/><figcaption class=\"wp-element-caption\"><strong>K\u00e4lla:<\/strong> Arbetsf\u00f6rmedlingen.<br><strong>Anm:<\/strong> De 11\u00a0000 personer som tillf\u00e4lligt varslades om upps\u00e4gning av Humana i februari 2023 ing\u00e5r ej.<\/figcaption><\/figure>\n\n\n\n<p>Almegajouren hj\u00e4lper medlemmar med en rad \u00e4renden inom arbetsgivarfr\u00e5gor. Under den senaste tolv m\u00e5nadersperioden har andelen samtal som handlar om arbetsbrist varit drygt 15 procent, en procentenhet fler \u00e4n f\u00f6rra kvartalet. \u00c5r 2023 \u00f6kade dessa samtal i frekvens under \u00e5ret men efter \u00e5rsskiftet\u00a0 har de minskat n\u00e5got. Fram till maj 2024 tog Almegajouren emot 350 s\u00e5dana samtal per m\u00e5nad.<span class=\"Footnote\"><sup>28<\/sup><\/span><\/p>\n\n\n<a class='Share__link Share__link--url copy-text' href='#' rel='nofollow' data-text='4.-prisokningarna-fortsatter-att-dampas' title='Dela url' data-confirmation='L\u00e4nken kopierades till urklipp'><svg class='icon icon--link'  width='18' height='18' viewBox='0 0 18 18' fill='none' xmlns='http:\/\/www.w3.org\/2000\/svg'>\n            <path d='M10.4142 0.514721L6.87868 4.05025L8.29289 5.46447L11.1213 2.63604L15.364 6.87868L12.5355 9.70711L13.9497 11.1213L17.4853 7.58579C17.8763 7.19476 17.8763 6.5626 17.4853 6.17158L11.8284 0.514721C11.4374 0.123691 10.8052 0.123691 10.4142 0.514721Z' fill='black'\/>\n            <path d='M9.7071 12.5355L6.87868 15.364L2.63604 11.1213L5.46446 8.2929L4.05025 6.87868L0.514716 10.4142C0.123686 10.8052 0.123686 11.4374 0.514716 11.8284L6.17157 17.4853C6.5626 17.8763 7.19475 17.8763 7.58578 17.4853L11.1213 13.9497L9.7071 12.5355Z' fill='black'\/>\n            <path d='M6.17157 11.8284C6.5626 12.2195 7.19475 12.2195 7.58578 11.8284L11.8284 7.58579C12.2195 7.19476 12.2195 6.56261 11.8284 6.17158C11.4374 5.78055 10.8052 5.78055 10.4142 6.17158L6.17157 10.4142C5.78054 10.8052 5.78054 11.4374 6.17157 11.8284Z' fill='black'\/>\n            <\/svg> <\/a>\n<h2 class=\"wp-block-heading\">4. <a>Pris\u00f6kningarna forts\u00e4tter att d\u00e4mpas<\/a><\/h2>\n\n\n\n<h3 class=\"wp-block-heading\">4.1 <a>Tj\u00e4nstef\u00f6retagens f\u00f6rs\u00e4ljningspriser sjunker l\u00e5ngsammare<\/a><\/h3>\n\n\n\n<p>\u00d6kningstakten av tj\u00e4nstef\u00f6retagens f\u00f6rs\u00e4ljningspriser (TPI) \u2013 som omfattar tj\u00e4nster till f\u00f6retag och konsumenter \u2013 mer \u00e4n halverades under 2023. Nedg\u00e5ngen berodde framf\u00f6rallt p\u00e5 att priserna p\u00e5 transporter i princip slutade att stiga under f\u00f6rra \u00e5ret. \u00c4ven pris\u00ad\u00f6kning\u00adarna p\u00e5 informations- och kommunikationstj\u00e4nster bromsade in kraftigt under fjol\u00e5ret. <\/p>\n\n\n\n<p>Under det f\u00f6rsta kvartalet i \u00e5r \u00f6kade tj\u00e4nstepriserna i \u00e5rstakt med 2,7 procent, vilket var den l\u00e4gsta \u00f6kningstakten p\u00e5 n\u00e4stan tre \u00e5r. Pris\u00f6kningarna d\u00e4mpas dock inte lika snabbt som tidigare. J\u00e4mf\u00f6rt med f\u00f6reg\u00e5ende kvartal steg tj\u00e4nstepriserna med 1,0 procent, vilket berodde p\u00e5 att priserna p\u00e5 transporttj\u00e4nster och informations- och kommunikationstj\u00e4nster b\u00f6rjade \u00f6ka igen.<span class=\"Footnote\"><sup>29<\/sup><\/span><\/p>\n\n\n\n<p><strong><mark class=\"has-inline-color has-primary-color\">Diagram 18:<\/mark> <strong>Almegas prisindikator f\u00f6r kommande f\u00f6r\u00e4ndring av tj\u00e4nstepriser samt \u00e5rlig f\u00f6r\u00e4ndring av tj\u00e4nstepriserna<\/strong><\/strong><\/p>\n\n\n\n<figure class=\"wp-block-image size-full\"><img loading=\"lazy\" decoding=\"async\" width=\"1054\" height=\"724\" src=\"https:\/\/www.almega.se\/app\/uploads\/2024\/06\/Skarmavbild-2024-06-14-kl.-11.18.31.png\" alt=\"\" class=\"wp-image-74484\" srcset=\"https:\/\/www.almega.se\/app\/uploads\/2024\/06\/Skarmavbild-2024-06-14-kl.-11.18.31.png 1054w, https:\/\/www.almega.se\/app\/uploads\/2024\/06\/Skarmavbild-2024-06-14-kl.-11.18.31-580x398.png 580w, https:\/\/www.almega.se\/app\/uploads\/2024\/06\/Skarmavbild-2024-06-14-kl.-11.18.31-380x261.png 380w, https:\/\/www.almega.se\/app\/uploads\/2024\/06\/Skarmavbild-2024-06-14-kl.-11.18.31-768x528.png 768w\" sizes=\"auto, (max-width: 1054px) 100vw, 1054px\" \/><figcaption class=\"wp-element-caption\"><strong>K\u00e4lla: <\/strong>Almega, Konjunktur\u00adinsti\u00adtutet och SCB.<\/figcaption><\/figure>\n\n\n\n<p>Den f\u00f6rv\u00e4ntade uppg\u00e5ngen i konjunkturen senare i \u00e5r och en \u00f6kande hush\u00e5llskonsumtion kan bidra till att nedg\u00e5ngen i pris\u00f6kningarna p\u00e5 tj\u00e4nster g\u00e5r l\u00e5ngsammare fram\u00f6ver. Almegas prisindikator f\u00f6r tj\u00e4nstesektorn tyder dock p\u00e5 priserna p\u00e5 tj\u00e4nster kommer att \u00f6ka n\u00e5got l\u00e5ngsammare \u00e4ven det andra kvartalet.<\/p>\n\n\n\n<p><strong><mark class=\"has-inline-color has-primary-color\">Diagram 19: <\/mark><strong>Tj\u00e4nstebranschernas bidrag till \u00e5rsf\u00f6r\u00e4ndringen i tj\u00e4nsteprisindex<\/strong><\/strong><\/p>\n\n\n\n<figure class=\"wp-block-image size-full\"><img loading=\"lazy\" decoding=\"async\" width=\"1126\" height=\"834\" src=\"https:\/\/www.almega.se\/app\/uploads\/2024\/06\/Skarmavbild-2024-06-14-kl.-11.19.50.png\" alt=\"\" class=\"wp-image-74485\" srcset=\"https:\/\/www.almega.se\/app\/uploads\/2024\/06\/Skarmavbild-2024-06-14-kl.-11.19.50.png 1126w, https:\/\/www.almega.se\/app\/uploads\/2024\/06\/Skarmavbild-2024-06-14-kl.-11.19.50-580x430.png 580w, https:\/\/www.almega.se\/app\/uploads\/2024\/06\/Skarmavbild-2024-06-14-kl.-11.19.50-380x281.png 380w, https:\/\/www.almega.se\/app\/uploads\/2024\/06\/Skarmavbild-2024-06-14-kl.-11.19.50-768x569.png 768w\" sizes=\"auto, (max-width: 1126px) 100vw, 1126px\" \/><figcaption class=\"wp-element-caption\"><strong>K\u00e4lla:<\/strong> SCB.<\/figcaption><\/figure>\n\n\n\n<p>Transportpriserna \u00f6kade kraftigt under 2022 men stod n\u00e4rmast stilla under f\u00f6rra \u00e5ret. Under det f\u00f6rsta kvartalet i \u00e5r \u00f6kade dock priserna igen. Priserna p\u00e5 transporttj\u00e4nster steg med 2,6 procent i \u00e5rstakt. Pris\u00f6kningen det senaste kvaratlet var 1,5 procent &nbsp;vilket fr\u00e4mst berodde p\u00e5 h\u00f6gre priser p\u00e5 magasinering och andra st\u00f6dtj\u00e4nster till transporter.<\/p>\n\n\n\n<p>Priserna p\u00e5 hotell- och restaurangtj\u00e4nster \u00f6kade snabbt i b\u00f6rjan av f\u00f6rra \u00e5ret men d\u00e4refter har pris\u00f6kningstakten fallit rej\u00e4lt. Det f\u00f6rsta kvartalet i \u00e5r var priserna 5,2 procent h\u00f6gre \u00e4n ett \u00e5r tidigare men 0,1 procent l\u00e4gre \u00e4n kvartalet innan.<\/p>\n\n\n\n<p>Pris\u00f6kningarna p\u00e5 informations- och kommunikationstj\u00e4nster stod i princip stilla under st\u00f6rre delen av f\u00f6rra \u00e5ret n\u00e4r efterfr\u00e5gan p\u00e5 dessa tj\u00e4nster minskade. Under det f\u00f6rsta kvartalet steg dock priserna p\u00e5 dessa tj\u00e4nster lite snabbare \u00e4n tidigare, vilket fr\u00e4mst berodde p\u00e5 h\u00f6jda priser p\u00e5 programmering och datakonsultj\u00e4nster. Det f\u00f6rsta kvartalet i \u00e5r var priserna p\u00e5 informations- och kommunikationstj\u00e4nster 1,1 procent h\u00f6gre \u00e4n ett \u00e5r tidigare. J\u00e4mf\u00f6rt med kvartalet innan steg priserna med 0,8 procent. <\/p>\n\n\n\n<p>Priserna p\u00e5 fastighetstj\u00e4nster \u00f6kade n\u00e5got snabbare \u00e4n genomsnittet i tj\u00e4nstesektorn under f\u00f6rra \u00e5ret. Det f\u00f6rsta kvartalet i \u00e5r \u00f6kade priserna med 4,5 procent i \u00e5rstakt. Pris\u00f6kningen j\u00e4mf\u00f6rt med f\u00f6reg\u00e5ende kvartal var 2,6 procent vilket f\u00f6rklaras av att priserna p\u00e5 dessa tj\u00e4nster normalt justeras upp efter \u00e5rsskiftet.<\/p>\n\n\n\n<p>Konsulttj\u00e4nster inom juridik, ekonomi, vetenskap och teknik forts\u00e4tter att \u00f6ka allt l\u00e5ngsammare i pris, vilket framf\u00f6r allt beror p\u00e5 d\u00e4mpade pris\u00f6kningar p\u00e5 ekonomitj\u00e4nster. Det f\u00f6rsta kvartalet i \u00e5r steg priserna p\u00e5 samtliga konsulttj\u00e4nster med 2,8 procent i \u00e5rstakt. J\u00e4mf\u00f6rt med f\u00f6reg\u00e5ende kvartal steg priserna med 1,0 procent.<\/p>\n\n\n\n<p><strong><mark class=\"has-inline-color has-primary-color\">Tabell 8:<\/mark> Pris\u00f6kningstakten inom tj\u00e4nstebranscherna samt deras bidrag till den \u00e5rliga f\u00f6r\u00e4ndringen i tj\u00e4nsteprisindex (TPI), kvartal ett 2024<\/strong><\/p>\n\n\n\n<figure class=\"wp-block-image size-large\"><img loading=\"lazy\" decoding=\"async\" width=\"1180\" height=\"711\" src=\"https:\/\/www.almega.se\/app\/uploads\/2024\/06\/Skarmavbild-2024-06-14-kl.-11.21.04-1180x711.png\" alt=\"\" class=\"wp-image-74486\" srcset=\"https:\/\/www.almega.se\/app\/uploads\/2024\/06\/Skarmavbild-2024-06-14-kl.-11.21.04-1180x711.png 1180w, https:\/\/www.almega.se\/app\/uploads\/2024\/06\/Skarmavbild-2024-06-14-kl.-11.21.04-580x349.png 580w, https:\/\/www.almega.se\/app\/uploads\/2024\/06\/Skarmavbild-2024-06-14-kl.-11.21.04-380x229.png 380w, https:\/\/www.almega.se\/app\/uploads\/2024\/06\/Skarmavbild-2024-06-14-kl.-11.21.04-768x463.png 768w, https:\/\/www.almega.se\/app\/uploads\/2024\/06\/Skarmavbild-2024-06-14-kl.-11.21.04.png 1238w\" sizes=\"auto, (max-width: 1180px) 100vw, 1180px\" \/><figcaption class=\"wp-element-caption\"><strong>K\u00e4lla:<\/strong> Almega, SCB.<\/figcaption><\/figure>\n\n\n\n<p>Priserna inom personaluthyrning och andra st\u00f6dtj\u00e4nster till f\u00f6retag \u00f6kade det f\u00f6rsta kvartalet i \u00e5r med 3,7 procent i \u00e5rstakt. Men priserna p\u00e5 dessa tj\u00e4nster har st\u00e5tt stilla tv\u00e5 kvartal i rad vilket beror p\u00e5 en kraftigt fallande efterfr\u00e5gan inom personaluthyrning under f\u00f6rra \u00e5ret.<\/p>\n\n\n\n<p><strong>Diagram 20: Prisf\u00f6rv\u00e4ntningar i tj\u00e4nstesektorn januari 2014 till maj 2024<\/strong><\/p>\n\n\n\n<figure class=\"wp-block-image size-full\"><img loading=\"lazy\" decoding=\"async\" width=\"1070\" height=\"720\" src=\"https:\/\/www.almega.se\/app\/uploads\/2024\/06\/Skarmavbild-2024-06-14-kl.-11.21.51.png\" alt=\"\" class=\"wp-image-74487\" srcset=\"https:\/\/www.almega.se\/app\/uploads\/2024\/06\/Skarmavbild-2024-06-14-kl.-11.21.51.png 1070w, https:\/\/www.almega.se\/app\/uploads\/2024\/06\/Skarmavbild-2024-06-14-kl.-11.21.51-580x390.png 580w, https:\/\/www.almega.se\/app\/uploads\/2024\/06\/Skarmavbild-2024-06-14-kl.-11.21.51-380x256.png 380w, https:\/\/www.almega.se\/app\/uploads\/2024\/06\/Skarmavbild-2024-06-14-kl.-11.21.51-768x517.png 768w\" sizes=\"auto, (max-width: 1070px) 100vw, 1070px\" \/><figcaption class=\"wp-element-caption\"><strong>K\u00e4lla:<\/strong> Konjunkturinstitutet.<\/figcaption><\/figure>\n\n\n\n<p>Tj\u00e4nstef\u00f6retagens prisf\u00f6rv\u00e4ntningar har fallit kraftigt de senaste 18 m\u00e5naderna. I b\u00f6rjan av 2023 r\u00e4knade n\u00e4stan h\u00e4lften av tj\u00e4nstef\u00f6retagen med att h\u00f6ja sina f\u00f6rs\u00e4ljningspriser i n\u00e4rtid. I b\u00f6rjan av detta hade andelen fallit till runt 15 procent d\u00e4r de har legat sedan dess. Prisf\u00f6rv\u00e4ntningarna \u00e4r n\u00e4stan tillbaka p\u00e5 samma niv\u00e5 som f\u00f6re pandemin.<\/p>\n\n\n\n<p>De senaste m\u00e5naderna har dock tj\u00e4nstef\u00f6retagens prisf\u00f6rv\u00e4ntningar i stort sett legat stilla \u00e4ven om det skett stora f\u00f6r\u00e4ndringar inom vissa branscher. Bland tekniska konsulter har andelen f\u00f6retag som r\u00e4knar med att h\u00f6ja sina priser \u00f6kat markant sedan februari. \u00c4ven bland datakonsulter r\u00e4knar fler f\u00f6retag med att kunna h\u00f6ja sina priser i n\u00e4rtid. Allt f\u00e4rre arkitekter r\u00e4knar med att beh\u00f6va s\u00e4nka sina priser fram\u00f6ver vilket tyder p\u00e5 att efterfr\u00e5gan \u00e4r p\u00e5 v\u00e4g att stabilisera sig inom branschen.<\/p>\n\n\n\n<p><strong><mark class=\"has-inline-color has-primary-color\">Tabell 9:<\/mark> <strong>Tj\u00e4nstef\u00f6retagens prisf\u00f6rv\u00e4ntningar februari och maj 2024<\/strong><\/strong><\/p>\n\n\n\n<figure class=\"wp-block-image size-full\"><img loading=\"lazy\" decoding=\"async\" width=\"1134\" height=\"702\" src=\"https:\/\/www.almega.se\/app\/uploads\/2024\/06\/Skarmavbild-2024-06-14-kl.-11.22.43.png\" alt=\"\" class=\"wp-image-74488\" srcset=\"https:\/\/www.almega.se\/app\/uploads\/2024\/06\/Skarmavbild-2024-06-14-kl.-11.22.43.png 1134w, https:\/\/www.almega.se\/app\/uploads\/2024\/06\/Skarmavbild-2024-06-14-kl.-11.22.43-580x359.png 580w, https:\/\/www.almega.se\/app\/uploads\/2024\/06\/Skarmavbild-2024-06-14-kl.-11.22.43-380x235.png 380w, https:\/\/www.almega.se\/app\/uploads\/2024\/06\/Skarmavbild-2024-06-14-kl.-11.22.43-768x475.png 768w\" sizes=\"auto, (max-width: 1134px) 100vw, 1134px\" \/><figcaption class=\"wp-element-caption\"><strong>K\u00e4lla:<\/strong> Konjunkturinstitutet.<br><strong>Anm:<\/strong> Nettotal \u00e4r andelen f\u00f6retag som planerar att h\u00f6ja sina priser minus andelen som planerar att s\u00e4nka dem.<\/figcaption><\/figure>\n\n\n\n<h3 class=\"wp-block-heading\">4.2 <a>Pris\u00f6kningarna p\u00e5 konsumenttj\u00e4nster d\u00e4mpas mer<\/a><\/h3>\n\n\n\n<p>Pris\u00f6kningarna p\u00e5 de tj\u00e4nster som s\u00e4ljs direkt till konsumenter i Sverige ser ut att vara mer tr\u00f6gr\u00f6rliga ned\u00e5t \u00e4n v\u00e4ntat. Tidigare i v\u00e5r s\u00e5g pris\u00f6kningarna ut att d\u00e4mpas men en kraftig \u00f6kning av priserna p\u00e5 transporttj\u00e4nster drog upp pris\u00f6kningen p\u00e5 de tj\u00e4nster som ing\u00e5r i konsument\u00adprisindex (KPI) till 5,4 procent i \u00e5rstakt i maj vilket var 0,5 procent h\u00f6gre \u00e4n i april. &nbsp;Boendekostnaderna \u00f6kar fortfarande i snabb takt p\u00e5 grund av de h\u00f6jda r\u00e4ntorna och st\u00e5r f\u00f6r en tredjedel av pris\u00f6kningen p\u00e5 tj\u00e4nster till konsumenter. &nbsp;<\/p>\n\n\n\n<p><strong><mark class=\"has-inline-color has-primary-color\">Tabell 10:<\/mark> <strong>Tj\u00e4nstepriserna i KPI februari till maj 2024, \u00e5rsf\u00f6r\u00e4ndring totalt och olika tj\u00e4nsters bidrag<\/strong><\/strong><\/p>\n\n\n\n<figure class=\"wp-block-image size-large\"><img loading=\"lazy\" decoding=\"async\" width=\"1180\" height=\"506\" src=\"https:\/\/www.almega.se\/app\/uploads\/2024\/06\/Skarmavbild-2024-06-14-kl.-11.23.45-1180x506.png\" alt=\"\" class=\"wp-image-74489\" srcset=\"https:\/\/www.almega.se\/app\/uploads\/2024\/06\/Skarmavbild-2024-06-14-kl.-11.23.45-1180x506.png 1180w, https:\/\/www.almega.se\/app\/uploads\/2024\/06\/Skarmavbild-2024-06-14-kl.-11.23.45-580x249.png 580w, https:\/\/www.almega.se\/app\/uploads\/2024\/06\/Skarmavbild-2024-06-14-kl.-11.23.45-380x163.png 380w, https:\/\/www.almega.se\/app\/uploads\/2024\/06\/Skarmavbild-2024-06-14-kl.-11.23.45-768x329.png 768w, https:\/\/www.almega.se\/app\/uploads\/2024\/06\/Skarmavbild-2024-06-14-kl.-11.23.45.png 1344w\" sizes=\"auto, (max-width: 1180px) 100vw, 1180px\" \/><figcaption class=\"wp-element-caption\"><br><strong>K\u00e4lla: <\/strong>Almega, SCB.<br><strong>Anm:<\/strong> Bland \u00f6vriga tj\u00e4nster ing\u00e5r; begravning, hemf\u00f6rs\u00e4kring, bank, utbildning, reparation och hush\u00e5llstj\u00e4nster.<\/figcaption><\/figure>\n\n\n\n<p>Den totala inflationen forts\u00e4tter d\u00e4remot att falla. I maj \u00f6kade konsument\u00adpriserna f\u00f6r b\u00e5de varor och tj\u00e4nster med 3,7 procent i \u00e5rstakt vilket var 0,2 procent l\u00e4gre \u00e4n i april. \u00a0Nedg\u00e5ngen berodde fr\u00e4mst p\u00e5 l\u00e4gre priser p\u00e5 el och drivmedel. Inflationstakten, exklusive r\u00e4ntor (KPIF), som \u00e4r viktigast f\u00f6r Riksbankens r\u00e4ntebeslut, var 2,3 procent i maj vilket var of\u00f6r\u00e4ndrat j\u00e4mf\u00f6rt med i april.<span class=\"Footnote\"><sup>30<\/sup><\/span><\/p>\n\n\n<a class='Share__link Share__link--url copy-text' href='#' rel='nofollow' data-text='5.-om-tjansteindikatorn' title='Dela url' data-confirmation='L\u00e4nken kopierades till urklipp'><svg class='icon icon--link'  width='18' height='18' viewBox='0 0 18 18' fill='none' xmlns='http:\/\/www.w3.org\/2000\/svg'>\n            <path d='M10.4142 0.514721L6.87868 4.05025L8.29289 5.46447L11.1213 2.63604L15.364 6.87868L12.5355 9.70711L13.9497 11.1213L17.4853 7.58579C17.8763 7.19476 17.8763 6.5626 17.4853 6.17158L11.8284 0.514721C11.4374 0.123691 10.8052 0.123691 10.4142 0.514721Z' fill='black'\/>\n            <path d='M9.7071 12.5355L6.87868 15.364L2.63604 11.1213L5.46446 8.2929L4.05025 6.87868L0.514716 10.4142C0.123686 10.8052 0.123686 11.4374 0.514716 11.8284L6.17157 17.4853C6.5626 17.8763 7.19475 17.8763 7.58578 17.4853L11.1213 13.9497L9.7071 12.5355Z' fill='black'\/>\n            <path d='M6.17157 11.8284C6.5626 12.2195 7.19475 12.2195 7.58578 11.8284L11.8284 7.58579C12.2195 7.19476 12.2195 6.56261 11.8284 6.17158C11.4374 5.78055 10.8052 5.78055 10.4142 6.17158L6.17157 10.4142C5.78054 10.8052 5.78054 11.4374 6.17157 11.8284Z' fill='black'\/>\n            <\/svg> <\/a>\n<h2 class=\"wp-block-heading\">5. Om tj\u00e4nsteindikatorn<\/h2>\n\n\n\n<p>Almegas <em>tj\u00e4nsteindikator<\/em> har tagits fram av Almega fr\u00e5n och med \u00e5r 2001 f\u00f6r att ge en indikation om vart konjunkturen i den privata tj\u00e4nstesektorn \u00e4r p\u00e5 v\u00e4g p\u00e5 kort sikt.<span class=\"Footnote\"><sup>31<\/sup><\/span> Indikatorn ger information f\u00f6r att tidigt kunna f\u00f6rutsp\u00e5 v\u00e4ndpunkter i konjunkturen, inom b\u00e5de tj\u00e4nstesektorn och Sveriges ekonomi, eftersom den privata tj\u00e4nstesektorn svarar f\u00f6r 52 procent av Sveriges BNP.<\/p>\n\n\n\n<p>Almegas tj\u00e4nsteindikator t\u00e4cker in cirka 90 procent av den privata tj\u00e4nstesektorns f\u00f6r\u00e4d\u00adlings\u00adv\u00e4rde och drygt 80 procent av dess syssels\u00e4ttning.<span class=\"Footnote\"><sup>32<\/sup><\/span> Indikatorn bygger p\u00e5 en skattning av sambandet mellan tj\u00e4nstef\u00f6retagens svar i Konjunkturinstitutets konjunkturbarometer och utfallet f\u00f6r produktionstillv\u00e4xten i den privata tj\u00e4nstesektorn enligt SCB:s tj\u00e4nste\u00adproduk\u00adtions\u00ad\u00adindex. Skattningen utg\u00e5r fr\u00e5n sambandet mellan bland annat f\u00f6retagens f\u00f6rv\u00e4ntningar om det kommande kvartalets efterfr\u00e5ge- och produktionsutveckling och den faktiska utvecklingen av tj\u00e4nsteproduktionen per kvartal enligt Statistiska Centralbyr\u00e5ns (SCB) tj\u00e4nsteproduktionsindex.<\/p>\n\n\n\n<p>Tj\u00e4nsteindikatorn \u00e4r ber\u00e4knad i indexform d\u00e4r v\u00e4rdet 100 anger genomsnittet f\u00f6r den period som den bygger p\u00e5 (skattningen \u00e4r gjord p\u00e5 data fr\u00e5n och med \u00e5r 2005). Indexv\u00e4rden \u00f6ver 100 anger en h\u00f6gre tillv\u00e4xt \u00e4n det historiska genomsnittet och index under 100 p\u00e5 det motsatta. Indikatorn anger ocks\u00e5 om tillv\u00e4xten kan f\u00f6rv\u00e4ntas \u00f6ka, vara of\u00f6r\u00e4ndrad eller minska under det n\u00e4rmaste kvartalet. Indikatorn \u00e4r ledande och ligger tv\u00e5 till tre m\u00e5nader f\u00f6re publiceringen av det faktiska utfallet fr\u00e5n SCB.<\/p>\n\n\n\n<p>Almegas <em>arbetsmarknadsindikator<\/em> bygger p\u00e5 ett skattat samband mellan svar fr\u00e5n tj\u00e4nste\u00adf\u00f6retagen i Konjunkturinstitutets konjunkturbarometer och den privata tj\u00e4nstesektorns syssels\u00e4ttningsf\u00f6r\u00e4ndring enligt SCB:s kortperiodiska syssels\u00e4ttningsstatistik. Arbetsmark\u00adnads\u00adindikatorn bygger dessutom p\u00e5 uppgifter om vakansgraden i tj\u00e4nstesektorn, som h\u00e4mtas fr\u00e5n SCB och uppdateras kvartalsvis. Indexv\u00e4rdet 100 anger det historiska genom\u00adsnittet f\u00f6r indikatorn baserat p\u00e5 det skattade sambandet fr\u00e5n och med \u00e5r 2005. <\/p>\n\n\n\n<p><em>Prisindikatorn<\/em> bygger p\u00e5 ett skattat samband mellan svar fr\u00e5n tj\u00e4nstef\u00f6retagen i Konjunkturinstitutets konjunkturbarometer och f\u00f6r\u00e4ndringen av f\u00f6rs\u00e4ljningspriserna i den privata tj\u00e4nstesektorns enligt SCB:s tj\u00e4nsteprisindex. V\u00e4rdet 100 anger den genomsnittliga pris\u00f6kningstakten sedan 2006.<\/p>\n\n\n<a class='Share__link Share__link--url copy-text' href='#' rel='nofollow' data-text='fotnoter' title='Dela url' data-confirmation='L\u00e4nken kopierades till urklipp'><svg class='icon icon--link'  width='18' height='18' viewBox='0 0 18 18' fill='none' xmlns='http:\/\/www.w3.org\/2000\/svg'>\n            <path d='M10.4142 0.514721L6.87868 4.05025L8.29289 5.46447L11.1213 2.63604L15.364 6.87868L12.5355 9.70711L13.9497 11.1213L17.4853 7.58579C17.8763 7.19476 17.8763 6.5626 17.4853 6.17158L11.8284 0.514721C11.4374 0.123691 10.8052 0.123691 10.4142 0.514721Z' fill='black'\/>\n            <path d='M9.7071 12.5355L6.87868 15.364L2.63604 11.1213L5.46446 8.2929L4.05025 6.87868L0.514716 10.4142C0.123686 10.8052 0.123686 11.4374 0.514716 11.8284L6.17157 17.4853C6.5626 17.8763 7.19475 17.8763 7.58578 17.4853L11.1213 13.9497L9.7071 12.5355Z' fill='black'\/>\n            <path d='M6.17157 11.8284C6.5626 12.2195 7.19475 12.2195 7.58578 11.8284L11.8284 7.58579C12.2195 7.19476 12.2195 6.56261 11.8284 6.17158C11.4374 5.78055 10.8052 5.78055 10.4142 6.17158L6.17157 10.4142C5.78054 10.8052 5.78054 11.4374 6.17157 11.8284Z' fill='black'\/>\n            <\/svg> <\/a>\n<h2 class=\"wp-block-heading\">Fotnoter<\/h2>\n\n\n\n<ol class=\"wp-block-list\">\n<li>SCB, tj\u00e4nsteproduktionsindex. <a href=\"https:\/\/www.scb.se\/hitta-statistik\/statistik-efter-amne\/handel-med-varor-och-tjanster\/inrikeshandel\/tjansteproduktionsindex\/\">Tj\u00e4nsteproduktionsindex (TjPI) (scb.se)<\/a>.\u00a0<\/li>\n\n\n\n<li>Svenskt N\u00e4ringsliv, F\u00f6retagarpanelen kvartal tv\u00e5 2024.<\/li>\n\n\n\n<li><a href=\"https:\/\/www.silf.se\/medlem-i-silf\/pmi-inkopschefsindex\/manadens-pmi-s\/\">M\u00e5nadens PMI-Services &#8211; Ink\u00f6pschefsindex tj\u00e4nster | silf.se<\/a>.<\/li>\n\n\n\n<li>Byggf\u00f6retagen (2024) <a href=\"https:\/\/byggforetagen.se\/app\/uploads\/2024\/03\/Byggkonjunkturen1_2024.pdf\">Byggkonjunkturen1_2024.pdf (byggforetagen.se)<\/a> Bostadsbyggandet v\u00e4ntas \u00f6ka med fem procent under 2025 efter att ha fallit med 34 procent de tv\u00e5 senaste \u00e5ren.<\/li>\n\n\n\n<li>Under kvartal ett i \u00e5r var tj\u00e4nsteexporten totalt 10,2 procent h\u00f6gre i l\u00f6pande priser \u00e4n ett \u00e5r tidigare. SCB, utrikeshandel med tj\u00e4nster. <a href=\"https:\/\/www.statistikdatabasen.scb.se\/pxweb\/sv\/ssd\/START__HA__HA0202\/HA0202TjanstHKvN\/table\/tableViewLayout1\/\">https:\/\/www.statistikdatabasen.scb.se\/pxweb\/sv\/ssd\/START__HA__HA0202\/HA0202TjanstHKvN\/table\/tableViewLayout1\/<\/a>.<\/li>\n\n\n\n<li>Almega Kompetensf\u00f6retagen, kvartalsrapport f\u00f6rsta kvartalet 2024. <a href=\"https:\/\/www.kompetensforetagen.se\/app\/uploads\/sites\/5\/2024\/05\/Kvartalsrapport-Q1-2024.pdf\">PowerPoint Presentation (kompetensforetagen.se)<\/a>.<\/li>\n\n\n\n<li>Almega Kompetensf\u00f6retagen, kvartalsrapport f\u00f6rsta kvartalet 2024. <a href=\"https:\/\/www.kompetensforetagen.se\/app\/uploads\/sites\/5\/2024\/05\/Kvartalsrapport-Q1-2024.pdf\">PowerPoint Presentation (kompetensforetagen.se)<\/a>.<\/li>\n\n\n\n<li>Almega Kompetensf\u00f6retagen,kvartalsrapport f\u00f6rsta kvartalet 2024. <a href=\"https:\/\/www.kompetensforetagen.se\/app\/uploads\/sites\/5\/2024\/05\/Kvartalsrapport-Q1-2024.pdf\">PowerPoint Presentation (kompetensforetagen.se)<\/a>.<\/li>\n\n\n\n<li>S\u00e4kerhetsf\u00f6retagen (2024) Konjunkturbarometer, v\u00e5ren 2024.<\/li>\n\n\n\n<li>SCB, tj\u00e4nsteproduktionsindex.<\/li>\n\n\n\n<li>SCB, utrikeshandel med tj\u00e4nster. <a href=\"https:\/\/www.statistikdatabasen.scb.se\/pxweb\/sv\/ssd\/START__HA__HA0202\/HA0202TjanstHKvN\/\">https:\/\/www.statistikdatabasen.scb.se\/pxweb\/sv\/ssd\/START__HA__HA0202\/HA0202TjanstHKvN\/<\/a> Priserna p\u00e5 informations- och kommunikationstj\u00e4nster har \u00f6kat med 1,1 procent det senaste \u00e5ret (se tabell 8).<\/li>\n\n\n\n<li>SCB, hush\u00e5llens konsumtionsutgifter efter \u00e4ndam\u00e5l, f\u00f6rsta kvartalet 2024. <a href=\"https:\/\/www.statistikdatabasen.scb.se\/pxweb\/sv\/ssd\/START__NR__NR0103__NR0103A\/NR0103ENS2010T02KvN\/\">https:\/\/www.statistikdatabasen.scb.se\/pxweb\/sv\/ssd\/START__NR__NR0103__NR0103A\/NR0103ENS2010T02KvN\/<\/a>.<\/li>\n\n\n\n<li>Oms\u00e4ttning i egentlig detaljhandel exkl. Systembolag, bensinstationer och apotek. <a href=\"https:\/\/www.statistikdatabasen.scb.se\/pxweb\/sv\/ssd\/START__HA__HA0101__HA0101B\/DetOms07N\/table\/tableViewLayout1\/\">https:\/\/www.statistikdatabasen.scb.se\/pxweb\/sv\/ssd\/START__HA__HA0101__HA0101B\/DetOms07N\/table\/tableViewLayout1\/<\/a>.<\/li>\n\n\n\n<li>Svensk Handel, e-handelsindikatorn, april 2024. <a href=\"https:\/\/www.svenskhandel.se\/rapporter\/e-handelsindikatorn\">E-handelsindikatorn &#8211; Svensk Handel<\/a>.<\/li>\n\n\n\n<li>Mobility Sweden, nyregistreringar personbilar. <a href=\"https:\/\/mobilitysweden.se\/statistik\/Tidsserier\">https:\/\/mobilitysweden.se\/statistik\/Tidsserier<\/a>.<\/li>\n\n\n\n<li>Inom kultur n\u00f6je och fritid ing\u00e5r bland annat museer, teatrar, sport\u00adanl\u00e4ggningar och gym. I annan service ing\u00e5r bland annat reparationer, tv\u00e4tterier och fris\u00f6rer.\u00a0<\/li>\n\n\n\n<li>Produktionen minskade med 5,9 procent i fasta priser och antalet arbetade timmar minskade med 4,7 procent.<\/li>\n\n\n\n<li>K\u00e4lla: Tillv\u00e4xtanalys. <a href=\"https:\/\/statistik.tillvaxtanalys.se\/PxWeb\/pxweb\/sv\/Tillv%c3%a4xtanalys%20statistikdatabas\/Tillv%c3%a4xtanalys%20statistikdatabas__Konkurser%20och%20offentliga%20ackord\/konk_ar_lan_bransch_2009.px\/table\/tableViewLayout2\/\">Konkurser och anst\u00e4llda ber\u00f6rda av konkurs 1996- efter \u00e5r, l\u00e4n, bransch och variabel. PxWeb (tillvaxtanalys.se)<\/a>.<\/li>\n\n\n\n<li>Skatteverket (2024) <a href=\"https:\/\/www.skatteverket.se\/download\/18.13948c0e18e810bfa0c24f8\/1713465506794\/Rapport_tillf%C3%A4lliga_anst%C3%A5nd_med_skattebetalning_2024_7.pdf\">Rapport_tillf\u00e4lliga_anst\u00e5nd_med_skattebetalning_2024_7.pdf (skatteverket.se)<\/a> Den 20 maj var de utest\u00e5ende anst\u00e5nden 36,7 miljarder kronor enligt muntiliga uppgifter fr\u00e5n Finansdepartementet.<\/li>\n\n\n\n<li>Skatteverket (2024) <a href=\"https:\/\/www.skatteverket.se\/download\/18.13948c0e18e810bfa0c24f8\/1713465506794\/Rapport_tillf%C3%A4lliga_anst%C3%A5nd_med_skattebetalning_2024_7.pdf\">Rapport_tillf\u00e4lliga_anst\u00e5nd_med_skattebetalning_2024_7.pdf (skatteverket.se)<\/a>.<\/li>\n\n\n\n<li>SCB, nationalr\u00e4kenskaperna. <a href=\"https:\/\/www.statistikdatabasen.scb.se\/pxweb\/sv\/ssd\/START__NR__NR0103__NR0103A\/NR0103ENS2010T05KvN\/\">Arbetskraftsinsats (ENS2010) efter n\u00e4ringsgren SNI 2007. Kvartal 1980K1 &#8211; 2024K1. PxWeb (scb.se)<\/a>.<\/li>\n\n\n\n<li>Konjunkturinstitutets m\u00e5nadsbarometrar. <a href=\"https:\/\/statistik.konj.se\/PXWeb\/pxweb\/sv\/KonjBar\">Statistikdatabasen &#8211; v\u00e4lj tabell (konj.se)<\/a>.<\/li>\n\n\n\n<li>Vakanser \u00e4r lediga jobb som kan tilltr\u00e4das omedelbart.<\/li>\n\n\n\n<li>Arbetsf\u00f6rmedlingens, m\u00e5nadsstatistik. <a href=\"https:\/\/statistik.arbetsformedlingen.se\/extensions\/Manadsstatistik_sid1\/Manadsstatistik_sid1.html\">M\u00e5nadsstatistik (arbetsformedlingen.se)<\/a>.<\/li>\n\n\n\n<li>SCB, AKU.<\/li>\n\n\n\n<li>Arbetsf\u00f6rmedlingens, m\u00e5nadsstatistik. <a href=\"https:\/\/statistik.arbetsformedlingen.se\/extensions\/Manadsstatistik_sid1\/Manadsstatistik_sid1.html\">M\u00e5nadsstatistik (arbetsformedlingen.se)<\/a>.<\/li>\n\n\n\n<li>Arbetsf\u00f6rmedlingen, varselstatistik <a href=\"https:\/\/arbetsformedlingen.se\/statistik\/statistik-om-varsel\">Statistik &#8211; Arbetsf\u00f6rmedlingen (arbetsformedlingen.se)<\/a>.<\/li>\n\n\n\n<li>Almegajouren, m\u00e5nadsstatistik.<\/li>\n\n\n\n<li>\u00c4ven priserna p\u00e5 fastighetstj\u00e4nster \u00f6kade det f\u00f6rsta kvartalet vilket dock \u00e4r normalt i samband med \u00e5rsskiften.\u00a0 <a href=\"https:\/\/www.scb.se\/hitta-statistik\/statistik-efter-amne\/priser-och-konsumtion\/prisindex-i-producent-och-importled\/prisindex-i-producent-och-importled-ppi\/pong\/statistiknyhet\/tjansteprisindex-kvartal-1-2024\/\">Stigande tj\u00e4nstepriser f\u00f6rsta kvartalet 2024 (scb.se)<\/a>.<\/li>\n\n\n\n<li><a href=\"https:\/\/www.scb.se\/hitta-statistik\/statistik-efter-amne\/priser-och-konsumtion\/konsumentprisindex\/konsumentprisindex-kpi\/pong\/statistiknyhet\/konsumentprisindex-kpi-maj-2024\/\">Inflationstakten enligt KPI 3,7 procent i maj 2024 (scb.se)<\/a>.<\/li>\n\n\n\n<li>Almegas tj\u00e4nsteindikator togs fram 2001 av Owe Danemar, Almegas d\u00e5varande chefekonom.<\/li>\n\n\n\n<li>De tj\u00e4nstebranscher som saknas i KI-barometern \u00e4r utbildning, h\u00e4lso- och sjukv\u00e5rd, kultur, n\u00f6je och fritid samt samh\u00e4lleliga och hush\u00e5llsn\u00e4ra tj\u00e4nster inom n\u00e4ringslivet.<\/li>\n<\/ol>\n","protected":false},"excerpt":{"rendered":"<p>Almegas tj\u00e4nsteindikator Q2, 2024. <\/p>\n","protected":false},"author":16543,"featured_media":74499,"comment_status":"closed","ping_status":"closed","sticky":false,"template":"","format":"standard","meta":{"_acf_changed":false,"footnotes":""},"categories":[630,581],"tags":[],"article_type":[42],"agreement":[],"class_list":["post-74457","post","type-post","status-publish","format-standard","has-post-thumbnail","hentry","category-konjunktur","category-tjanstesektorns-betydelse","type-rapporter"],"acf":[],"yoast_head":"<!-- This site is optimized with the Yoast SEO Premium plugin v26.8 (Yoast SEO v26.8) - https:\/\/yoast.com\/product\/yoast-seo-premium-wordpress\/ -->\n<title>Almegas tj\u00e4nsteindikator f\u00f6r andra kvartalet 2024 | Almega<\/title>\n<meta name=\"description\" content=\"Ta del av Almegas tj\u00e4nsteindikator f\u00f6r f\u00f6rsta kvartalet 2024, och l\u00e4s rapporten &quot;V\u00e4ndpunkt i sikte&quot; i sin helhet p\u00e5 almega.se.\" \/>\n<meta name=\"robots\" content=\"index, follow, max-snippet:-1, max-image-preview:large, max-video-preview:-1\" \/>\n<link rel=\"canonical\" href=\"https:\/\/www.almega.se\/2024\/06\/almegas-tjansteindikator-for-andra-kvartalet-2024\/\" \/>\n<meta property=\"og:locale\" content=\"sv_SE\" \/>\n<meta property=\"og:type\" content=\"article\" \/>\n<meta property=\"og:title\" content=\"Almegas tj\u00e4nsteindikator f\u00f6r andra kvartalet 2024\" \/>\n<meta property=\"og:description\" content=\"Ta del av Almegas tj\u00e4nsteindikator f\u00f6r f\u00f6rsta kvartalet 2024, och l\u00e4s rapporten &quot;V\u00e4ndpunkt i sikte&quot; i sin helhet p\u00e5 almega.se.\" \/>\n<meta property=\"og:url\" content=\"https:\/\/www.almega.se\/2024\/06\/almegas-tjansteindikator-for-andra-kvartalet-2024\/\" \/>\n<meta property=\"og:site_name\" content=\"Almega\" \/>\n<meta property=\"article:published_time\" content=\"2024-06-17T03:00:00+00:00\" \/>\n<meta property=\"og:image\" content=\"https:\/\/www.almega.se\/app\/uploads\/2024\/06\/Skarmavbild-2024-06-14-kl.-11.40.22.png\" \/>\n\t<meta property=\"og:image:width\" content=\"1192\" \/>\n\t<meta property=\"og:image:height\" content=\"1088\" \/>\n\t<meta property=\"og:image:type\" content=\"image\/png\" \/>\n<meta name=\"author\" content=\"R\u00e9ka Tolnai\" \/>\n<meta name=\"twitter:card\" content=\"summary_large_image\" \/>\n<meta name=\"twitter:label1\" content=\"Skriven av\" \/>\n\t<meta name=\"twitter:data1\" content=\"R\u00e9ka Tolnai\" \/>\n\t<meta name=\"twitter:label2\" content=\"Ber\u00e4knad l\u00e4stid\" \/>\n\t<meta name=\"twitter:data2\" content=\"34 minuter\" \/>\n<!-- \/ Yoast SEO Premium plugin. -->","yoast_head_json":{"title":"Almegas tj\u00e4nsteindikator f\u00f6r andra kvartalet 2024 | Almega","description":"Ta del av Almegas tj\u00e4nsteindikator f\u00f6r f\u00f6rsta kvartalet 2024, och l\u00e4s rapporten \"V\u00e4ndpunkt i sikte\" i sin helhet p\u00e5 almega.se.","robots":{"index":"index","follow":"follow","max-snippet":"max-snippet:-1","max-image-preview":"max-image-preview:large","max-video-preview":"max-video-preview:-1"},"canonical":"https:\/\/www.almega.se\/2024\/06\/almegas-tjansteindikator-for-andra-kvartalet-2024\/","og_locale":"sv_SE","og_type":"article","og_title":"Almegas tj\u00e4nsteindikator f\u00f6r andra kvartalet 2024","og_description":"Ta del av Almegas tj\u00e4nsteindikator f\u00f6r f\u00f6rsta kvartalet 2024, och l\u00e4s rapporten \"V\u00e4ndpunkt i sikte\" i sin helhet p\u00e5 almega.se.","og_url":"https:\/\/www.almega.se\/2024\/06\/almegas-tjansteindikator-for-andra-kvartalet-2024\/","og_site_name":"Almega","article_published_time":"2024-06-17T03:00:00+00:00","og_image":[{"width":1192,"height":1088,"url":"https:\/\/www.almega.se\/app\/uploads\/2024\/06\/Skarmavbild-2024-06-14-kl.-11.40.22.png","type":"image\/png"}],"author":"R\u00e9ka Tolnai","twitter_card":"summary_large_image","twitter_misc":{"Skriven av":"R\u00e9ka Tolnai","Ber\u00e4knad l\u00e4stid":"34 minuter"},"schema":{"@context":"https:\/\/schema.org","@graph":[{"@type":"NewsArticle","@id":"https:\/\/www.almega.se\/2024\/06\/almegas-tjansteindikator-for-andra-kvartalet-2024\/#article","isPartOf":{"@id":"https:\/\/www.almega.se\/2024\/06\/almegas-tjansteindikator-for-andra-kvartalet-2024\/"},"author":{"name":"R\u00e9ka Tolnai","@id":"https:\/\/www.almega.se\/#\/schema\/person\/e54aa110880538cf5ceac0ac54bbecf7"},"headline":"Almegas tj\u00e4nsteindikator f\u00f6r andra kvartalet 2024","datePublished":"2024-06-17T03:00:00+00:00","mainEntityOfPage":{"@id":"https:\/\/www.almega.se\/2024\/06\/almegas-tjansteindikator-for-andra-kvartalet-2024\/"},"wordCount":6623,"image":{"@id":"https:\/\/www.almega.se\/2024\/06\/almegas-tjansteindikator-for-andra-kvartalet-2024\/#primaryimage"},"thumbnailUrl":"https:\/\/www.almega.se\/app\/uploads\/2024\/06\/Skarmavbild-2024-06-14-kl.-11.40.22.png","articleSection":["Konjunktur","Tj\u00e4nstesektorns betydelse"],"inLanguage":"sv-SE"},{"@type":"WebPage","@id":"https:\/\/www.almega.se\/2024\/06\/almegas-tjansteindikator-for-andra-kvartalet-2024\/","url":"https:\/\/www.almega.se\/2024\/06\/almegas-tjansteindikator-for-andra-kvartalet-2024\/","name":"Almegas tj\u00e4nsteindikator f\u00f6r andra kvartalet 2024 | Almega","isPartOf":{"@id":"https:\/\/www.almega.se\/#website"},"primaryImageOfPage":{"@id":"https:\/\/www.almega.se\/2024\/06\/almegas-tjansteindikator-for-andra-kvartalet-2024\/#primaryimage"},"image":{"@id":"https:\/\/www.almega.se\/2024\/06\/almegas-tjansteindikator-for-andra-kvartalet-2024\/#primaryimage"},"thumbnailUrl":"https:\/\/www.almega.se\/app\/uploads\/2024\/06\/Skarmavbild-2024-06-14-kl.-11.40.22.png","datePublished":"2024-06-17T03:00:00+00:00","author":{"@id":"https:\/\/www.almega.se\/#\/schema\/person\/e54aa110880538cf5ceac0ac54bbecf7"},"description":"Ta del av Almegas tj\u00e4nsteindikator f\u00f6r f\u00f6rsta kvartalet 2024, och l\u00e4s rapporten \"V\u00e4ndpunkt i sikte\" i sin helhet p\u00e5 almega.se.","breadcrumb":{"@id":"https:\/\/www.almega.se\/2024\/06\/almegas-tjansteindikator-for-andra-kvartalet-2024\/#breadcrumb"},"inLanguage":"sv-SE","potentialAction":[{"@type":"ReadAction","target":["https:\/\/www.almega.se\/2024\/06\/almegas-tjansteindikator-for-andra-kvartalet-2024\/"]}]},{"@type":"ImageObject","inLanguage":"sv-SE","@id":"https:\/\/www.almega.se\/2024\/06\/almegas-tjansteindikator-for-andra-kvartalet-2024\/#primaryimage","url":"https:\/\/www.almega.se\/app\/uploads\/2024\/06\/Skarmavbild-2024-06-14-kl.-11.40.22.png","contentUrl":"https:\/\/www.almega.se\/app\/uploads\/2024\/06\/Skarmavbild-2024-06-14-kl.-11.40.22.png","width":1192,"height":1088},{"@type":"BreadcrumbList","@id":"https:\/\/www.almega.se\/2024\/06\/almegas-tjansteindikator-for-andra-kvartalet-2024\/#breadcrumb","itemListElement":[{"@type":"ListItem","position":1,"name":"Home","item":"https:\/\/www.almega.se\/"},{"@type":"ListItem","position":2,"name":"Almegas tj\u00e4nsteindikator f\u00f6r andra kvartalet 2024"}]},{"@type":"WebSite","@id":"https:\/\/www.almega.se\/#website","url":"https:\/\/www.almega.se\/","name":"Almega","description":"","potentialAction":[{"@type":"SearchAction","target":{"@type":"EntryPoint","urlTemplate":"https:\/\/www.almega.se\/?s={search_term_string}"},"query-input":{"@type":"PropertyValueSpecification","valueRequired":true,"valueName":"search_term_string"}}],"inLanguage":"sv-SE"},{"@type":"Person","@id":"https:\/\/www.almega.se\/#\/schema\/person\/e54aa110880538cf5ceac0ac54bbecf7","name":"R\u00e9ka Tolnai","image":{"@type":"ImageObject","inLanguage":"sv-SE","@id":"https:\/\/www.almega.se\/#\/schema\/person\/image\/","url":"https:\/\/secure.gravatar.com\/avatar\/c722d4a4ee787603df9df499a683d681bd2c463bde248da25aabc45883d614d2?s=96&d=mm&r=g","contentUrl":"https:\/\/secure.gravatar.com\/avatar\/c722d4a4ee787603df9df499a683d681bd2c463bde248da25aabc45883d614d2?s=96&d=mm&r=g","caption":"R\u00e9ka Tolnai"},"url":"https:\/\/www.almega.se\/person\/rekatolnai\/"}]}},"_links":{"self":[{"href":"https:\/\/www.almega.se\/api\/wp\/v2\/posts\/74457","targetHints":{"allow":["GET"]}}],"collection":[{"href":"https:\/\/www.almega.se\/api\/wp\/v2\/posts"}],"about":[{"href":"https:\/\/www.almega.se\/api\/wp\/v2\/types\/post"}],"author":[{"embeddable":true,"href":"https:\/\/www.almega.se\/api\/wp\/v2\/users\/16543"}],"replies":[{"embeddable":true,"href":"https:\/\/www.almega.se\/api\/wp\/v2\/comments?post=74457"}],"version-history":[{"count":10,"href":"https:\/\/www.almega.se\/api\/wp\/v2\/posts\/74457\/revisions"}],"predecessor-version":[{"id":74501,"href":"https:\/\/www.almega.se\/api\/wp\/v2\/posts\/74457\/revisions\/74501"}],"wp:featuredmedia":[{"embeddable":true,"href":"https:\/\/www.almega.se\/api\/wp\/v2\/media\/74499"}],"wp:attachment":[{"href":"https:\/\/www.almega.se\/api\/wp\/v2\/media?parent=74457"}],"wp:term":[{"taxonomy":"category","embeddable":true,"href":"https:\/\/www.almega.se\/api\/wp\/v2\/categories?post=74457"},{"taxonomy":"post_tag","embeddable":true,"href":"https:\/\/www.almega.se\/api\/wp\/v2\/tags?post=74457"},{"taxonomy":"type","embeddable":true,"href":"https:\/\/www.almega.se\/api\/wp\/v2\/article_type?post=74457"},{"taxonomy":"agreement","embeddable":true,"href":"https:\/\/www.almega.se\/api\/wp\/v2\/agreement?post=74457"}],"curies":[{"name":"wp","href":"https:\/\/api.w.org\/{rel}","templated":true}]}}