{"id":74344,"date":"2024-07-02T05:00:00","date_gmt":"2024-07-02T03:00:00","guid":{"rendered":"https:\/\/www.almega.se\/?p=74344"},"modified":"2024-08-21T10:54:42","modified_gmt":"2024-08-21T08:54:42","slug":"ny-rapport-dold-brottslighet-sa-drabbas-tjanstesektorn-av-den-radande-brottsligheten","status":"publish","type":"post","link":"https:\/\/www.almega.se\/2024\/07\/ny-rapport-dold-brottslighet-sa-drabbas-tjanstesektorn-av-den-radande-brottsligheten\/","title":{"rendered":"Rapport: Dold brottslighet \u2013 s\u00e5 drabbas tj\u00e4nstesektorn av den r\u00e5dande brottsligheten"},"content":{"rendered":"<p class=\"intro\">Hur drabbas tj\u00e4nstesektorn av den r\u00e5dande brottsligheten? Hu ska vi tackla situationen och vad finns det f\u00f6r rekommendationer kring hur f\u00f6retagens brottsutsatthet kan motverkas? Dessa fr\u00e5gor besvaras i Almegas senaste rapport.<\/p>\n\n<p><\/p>\n\n\n\n<p><\/p>\n\n\n\n      <a href=\"https:\/\/www.almega.se\/app\/uploads\/2024\/06\/Sa-drabbas-tjanstesektorn-av-brottslighet.pdf\" target=\"\" class=\"Button is-button is-fullwidth is-style-fill has-black-background-color has-black-border-color has-white-color Button--squiggly-arrow-link\">\n      \n        Ladda ner rapporten h\u00e4r. \n      \n      \n                \n                <svg class='icon icon--squiggly-arrow-link'  width=\"114\" height=\"36\" viewBox=\"0 0 114 36\" fill=\"none\" xmlns=\"http:\/\/www.w3.org\/2000\/svg\">\n<path d=\"M0.591797 18.5C7.0918 18.5 11.5209 19.9081 13.4345 14.5C14.3308 11.9657 14.3461 11.9541 15.0839 9.38315C15.7735 6.97969 17.3449 4.54993 19.8345 3.93399C22.9224 3.16984 26.0805 5.67017 27.0204 8.62798C27.9603 11.5851 27.243 14.7829 26.3407 17.751C25.4378 20.719 24.34 23.7256 24.5322 26.8156C24.7244 29.9049 26.6162 33.154 29.7193 33.8559C33.0114 34.5995 36.3563 32.146 37.6741 29.1234C38.9912 26.0995 38.7745 22.6791 38.4839 19.4082C38.1926 16.1373 37.8656 12.7464 38.9918 9.65134C40.1187 6.55559 43.1657 3.84801 46.5259 4.19961C49.9434 4.55763 52.3227 7.90617 52.8134 11.2104C53.3042 14.5147 52.3993 17.8408 51.8259 21.1322C51.2526 24.4237 51.0624 28.0141 52.8029 30.8923C54.221 33.2393 56.8902 34.826 59.6869 34.9864C62.4836 35.1468 65.3259 33.8758 67.0188 31.7072C69.5136 28.5126 69.3227 24.0689 68.5255 20.1345C67.7289 16.1996 66.4369 12.2139 67.1225 8.2597C67.8081 4.30548 71.3849 0.426331 75.4597 1.0705C78.5034 1.55171 80.6627 4.37413 81.4078 7.28189C82.1528 10.189 81.8133 13.2366 81.7711 16.2323C81.7288 19.2279 82.0551 22.4052 83.8874 24.8144C86.657 28.4555 91.9762 29.2197 96.6072 28.7147C101.239 28.2098 105.813 25.7501 110.457 26.1383\" stroke=\"black\" stroke-width=\"2\" stroke-miterlimit=\"10\"\/>\n<path d=\"M105.097 35L111.68 25.3613L102.457 18.2063\" stroke=\"black\" stroke-width=\"2\" stroke-miterlimit=\"10\"\/>\n<\/svg>\n\n        \n    <\/a>\n  \n\n\n<a class='Share__link Share__link--url copy-text' href='#' rel='nofollow' data-text='forord' title='Dela url' data-confirmation='L\u00e4nken kopierades till urklipp'><svg class='icon icon--link'  width='18' height='18' viewBox='0 0 18 18' fill='none' xmlns='http:\/\/www.w3.org\/2000\/svg'>\n            <path d='M10.4142 0.514721L6.87868 4.05025L8.29289 5.46447L11.1213 2.63604L15.364 6.87868L12.5355 9.70711L13.9497 11.1213L17.4853 7.58579C17.8763 7.19476 17.8763 6.5626 17.4853 6.17158L11.8284 0.514721C11.4374 0.123691 10.8052 0.123691 10.4142 0.514721Z' fill='black'\/>\n            <path d='M9.7071 12.5355L6.87868 15.364L2.63604 11.1213L5.46446 8.2929L4.05025 6.87868L0.514716 10.4142C0.123686 10.8052 0.123686 11.4374 0.514716 11.8284L6.17157 17.4853C6.5626 17.8763 7.19475 17.8763 7.58578 17.4853L11.1213 13.9497L9.7071 12.5355Z' fill='black'\/>\n            <path d='M6.17157 11.8284C6.5626 12.2195 7.19475 12.2195 7.58578 11.8284L11.8284 7.58579C12.2195 7.19476 12.2195 6.56261 11.8284 6.17158C11.4374 5.78055 10.8052 5.78055 10.4142 6.17158L6.17157 10.4142C5.78054 10.8052 5.78054 11.4374 6.17157 11.8284Z' fill='black'\/>\n            <\/svg> <\/a>\n<h2 class=\"wp-block-heading\">F\u00f6rord<\/h2>\n\n\n\n<p>Brottsligheten forts\u00e4tter att \u00f6ka i Sverige. Det g\u00e4ller s\u00e5v\u00e4l den grova organiserade kriminaliteten som de s\u00e5 kallade m\u00e4ngdbrotten, s\u00e5 som bedr\u00e4geri och skadeg\u00f6relse. Parallellt med denna utveckling har \u00e4ven brottsligheten \u00e4ndrat karakt\u00e4r till att bli alltmer digitaliserad och gr\u00e4ns\u00f6verskridande, vilket utmanar v\u00e5r traditionella brottshantering som utg\u00e5tt fr\u00e5n att kriminaliteten \u00e4r lokal och geografiskt begr\u00e4nsad.<\/p>\n\n\n\n<p>Att konsekvenserna av den r\u00e5dande brottsligheten \u00e4r omfattande och allvarliga framg\u00e5r inte minst genom den \u00e5rliga nationella trygghetsunders\u00f6kningen som f\u00f6r 2023 visar att hela 53 procent av befolkningen k\u00e4nner oro \u00f6ver brottsligheten samtidigt som f\u00f6rtroendet f\u00f6r polisen minskar. Resultatet understryker d\u00e4rmed det br\u00e5dskande behovet att bryta brottslighetens utveckling f\u00f6r att motverka dess skadliga f\u00f6ljdverkningar.<\/p>\n\n\n\n<p>En s\u00e4rskilt utsatt grupp f\u00f6r denna brottslighet \u00e4r n\u00e4ringslivet. Det \u00e4r dock en m\u00e5lgrupp vars utsatthet inte framg\u00e5r i den officiella statistiken, vilket inneb\u00e4r att den inte heller syns i beslutsunderlagen f\u00f6r det brottsbek\u00e4mpande arbetet p\u00e5 nationell, regional och lokal niv\u00e5. I den officiella bilden \u00f6ver brottslighetens utveckling \u00e4r d\u00e4rmed tj\u00e4nstef\u00f6retagen en fortsatt dold m\u00e5lgrupp som riskerar att hamna i skymundan f\u00f6r prioriterade \u00e5tg\u00e4rder.<\/p>\n\n\n\n<p>Almega, som representerar cirka 12 000 f\u00f6retag i ett 60-tal branscher inom den privata tj\u00e4nstesektorn, vill d\u00e4rf\u00f6r bidra till att belysa problembilden genom att redog\u00f6ra f\u00f6r hur specifikt tj\u00e4nstesektorn drabbas av brottsligheten.<\/p>\n\n\n\n<p>Relevanta och effektiva \u00e5tg\u00e4rder kr\u00e4ver att bilden av brottsligheten \u00e4r helt\u00e4ckande annars riskerar inte heller brottsbek\u00e4mpningen bli det. Med denna rapport, som \u00e4r den f\u00f6rsta i sitt slag som fokuserar p\u00e5 tj\u00e4nstesektorns brottsutsatthet, bidrar vi just till den bilden och identifierar de \u00e5tg\u00e4rder som vi ser motverkar den brottslighet som drabbar tj\u00e4nstef\u00f6retagen.<\/p>\n\n\n\n<p>Rapporten \u00e4r f\u00f6rfattad av Moa Tivell, n\u00e4ringspolitisk expert p\u00e5 Almega.<\/p>\n\n\n\n<p>Stockholm, maj 2024<br><strong>Fredrik \u00d6stbom<\/strong>, n\u00e4ringspolitisk chef Almega<\/p>\n\n\n<a class='Share__link Share__link--url copy-text' href='#' rel='nofollow' data-text='sammanfattning-och-slutsatser' title='Dela url' data-confirmation='L\u00e4nken kopierades till urklipp'><svg class='icon icon--link'  width='18' height='18' viewBox='0 0 18 18' fill='none' xmlns='http:\/\/www.w3.org\/2000\/svg'>\n            <path d='M10.4142 0.514721L6.87868 4.05025L8.29289 5.46447L11.1213 2.63604L15.364 6.87868L12.5355 9.70711L13.9497 11.1213L17.4853 7.58579C17.8763 7.19476 17.8763 6.5626 17.4853 6.17158L11.8284 0.514721C11.4374 0.123691 10.8052 0.123691 10.4142 0.514721Z' fill='black'\/>\n            <path d='M9.7071 12.5355L6.87868 15.364L2.63604 11.1213L5.46446 8.2929L4.05025 6.87868L0.514716 10.4142C0.123686 10.8052 0.123686 11.4374 0.514716 11.8284L6.17157 17.4853C6.5626 17.8763 7.19475 17.8763 7.58578 17.4853L11.1213 13.9497L9.7071 12.5355Z' fill='black'\/>\n            <path d='M6.17157 11.8284C6.5626 12.2195 7.19475 12.2195 7.58578 11.8284L11.8284 7.58579C12.2195 7.19476 12.2195 6.56261 11.8284 6.17158C11.4374 5.78055 10.8052 5.78055 10.4142 6.17158L6.17157 10.4142C5.78054 10.8052 5.78054 11.4374 6.17157 11.8284Z' fill='black'\/>\n            <\/svg> <\/a>\n<h2 class=\"wp-block-heading\"><strong>Sammanfattning och slutsatser<\/strong><\/h2>\n\n\n\n<p>Den \u00f6kade brottsligheten forts\u00e4tter att vara en h\u00f6gprioriterad politisk fr\u00e5ga. De allvarliga konsekvenserna fr\u00e5n den grova organiserade kriminaliteten har skapat en intensiv samh\u00e4llsdebatt med krav p\u00e5 handlingskraft.<\/p>\n\n\n\n<p>I skymundan av denna utveckling riskerar \u00f6vrig brottslighet och till viss del det brottsf\u00f6rebyggande arbetet hamna. Det g\u00e4ller \u00e4ven en h\u00e5rt brottsdrabbad m\u00e5lgrupp vars utsatthet inte redovisas s\u00e4rskilt f\u00f6r i den officiella statistiken. N\u00e4mligen n\u00e4ringslivet.<\/p>\n\n\n\n<p>Denna rapport syftar d\u00e4rf\u00f6r till att belysa problembilden kring hur tj\u00e4nstesektorn drabbas av den r\u00e5dande brottsligheten, som ett bidrag till den samlade bilden av svenska f\u00f6retags brottsutsatthet. Att denna problembild blir ordentligt belyst \u00e4r viktigt f\u00f6r att relevanta och effektiva \u00e5tg\u00e4rder ska kunna identifieras.<\/p>\n\n\n\n<p>Rapporten \u00e4r baserad p\u00e5 en digital enk\u00e4t som genomf\u00f6rdes bland Svenskt N\u00e4ringslivs medlemmar under 2023 f\u00f6r att unders\u00f6ka f\u00f6retagens utsatthet f\u00f6r brott under de senaste tolv m\u00e5naderna. De inkomna svaren har d\u00e4refter brutits ner per n\u00e4ringslivssektor, vilket f\u00f6r den privata tj\u00e4nstesektorn inneburit svar fr\u00e5n1&nbsp;205 f\u00f6retag. Detta motsvarar en svarsfrekvens p\u00e5 36 procent.<\/p>\n\n\n\n<p>Resultatet fr\u00e5n unders\u00f6kningen visar att 45 procent av tj\u00e4nstef\u00f6retagen har utsatts f\u00f6r brott under det senaste \u00e5ret. Det inneb\u00e4r att n\u00e4stan h\u00e4lften av f\u00f6retagen uppger att de drabbats av n\u00e5got eller n\u00e5gra av de olika brottstyperna, antingen en eller upprepade g\u00e5nger. Den sammantagna bilden som framkommer fr\u00e5n unders\u00f6kningen \u00e4r d\u00e4rmed att tillsammans med \u00f6vriga n\u00e4ringslivet \u00e4r tj\u00e4nstef\u00f6retagen en utsatt m\u00e5lgrupp f\u00f6r den r\u00e5dande brottsligheten. En brottslighet som med all tydlighet \u00f6kar i omfattning och komplexitet, vilket leder fram till slutsatsen att n\u00e4ringslivets utsatthet riskerar \u00f6ka om inte brottsutvecklingen bryts.<\/p>\n\n\n\n<p>Det vanligaste brottet tj\u00e4nstef\u00f6retag uts\u00e4tts f\u00f6r \u00e4r skadeg\u00f6relse (31 %), f\u00f6ljt av cyberbrott och inbrott som drabbar f\u00f6retagen i lika h\u00f6g utstr\u00e4ckning (24 %). Resultatet visar p\u00e5 betydande risker f\u00f6r f\u00f6retag i form av materiella skador, intr\u00e5ng i egendom och digitala hot. N\u00e4stan vart fj\u00e4rde f\u00f6retag svarar att de utsatts f\u00f6r st\u00f6ld (ej snatteri), medan aningen f\u00e4rre drabbats av bedr\u00e4geri. Med anledning av den kraftigt \u00f6kade brottsligheten av just bedr\u00e4gerier g\u00f6rs en s\u00e4rskild djupdykning inom just denna brottskategori d\u00e4r resultatet visar att tj\u00e4nstef\u00f6retagen fr\u00e4mst drabbas av fakturabedr\u00e4gerier f\u00f6ljt av phishing som inneb\u00e4r att n\u00e5gon p\u00e5 f\u00f6retaget har f\u00e5tt ett mejl eller sms d\u00e4r man uppmanats att klicka p\u00e5 en falsk l\u00e4nk.<\/p>\n\n\n\n<p>P\u00e5 grund av n\u00e4ringslivets \u00f6kade digitalisering och den snabba teknikutvecklingen belyses s\u00e4rskilt hur cyberbrottsligheten drabbar tj\u00e4nstesektorn. Resultaten visar att vart fj\u00e4rde tj\u00e4nstef\u00f6retag drabbats av cyberbrott, men precis som f\u00f6r bedr\u00e4gerier, visar svaren endast fullbordade brott och d\u00e4rmed framg\u00e5r inte de cyberattacker som lyckats avv\u00e4rjas. Om \u00e4ven detta redovisats hade andelen utsatta f\u00f6retag uppenbarligen varit h\u00f6gre. Den bilden st\u00e4rks fr\u00e5n flera andra studier.<\/p>\n\n\n\n<p>Sammantaget bidrar resultatet g\u00e4llande bedr\u00e4gerier och cyberbrottslighet med att f\u00f6rtydliga hur brottsligheten blir alltmer digitaliserad och komplex, vilket \u00e4ven genererar allt h\u00f6gre brottsvinster. Detta styrks genom bilden av att trots att andelen f\u00f6retag som utsatts f\u00f6r cyberbrott inte f\u00f6r\u00e4ndrats i relation till f\u00f6reg\u00e5ende \u00e5r s\u00e5 har kostnaden f\u00f6r denna brottslighet trefaldigats. Detta \u00e4r en anm\u00e4rkningsv\u00e4rd \u00f6kningstakt som just tillskrivs bedr\u00e4gerier som sker online eller via andra n\u00e4tbaserade plattformar.<\/p>\n\n\n\n<p>\u00d6kningen av den digitaliserade brottsligheten \u00e4r orov\u00e4ckande, inte minst med tanke p\u00e5 den fortsatt snabba teknikutveckling inom artificiell intelligens (AI) som medf\u00f6r utvidgade m\u00f6jligheter till exempelvis f\u00f6rfalskning och manipulation. Lika viktigt som att forts\u00e4tta arbetet med att st\u00e4rka n\u00e4ringslivets cybers\u00e4kerhet, blir d\u00e4rmed att utveckla Polismyndighetens f\u00f6rm\u00e5ga att hantera den v\u00e4xande digitala brottsligheten.<\/p>\n\n\n\n<p>F\u00f6r att kunna motverka f\u00f6retagens brottsutsatthet spelar anm\u00e4lningsben\u00e4genheten en viktig roll. I unders\u00f6kningen framg\u00e5r att n\u00e4stan fyra av tio brottsutsatta tj\u00e4nstef\u00f6retag v\u00e4ljer att inte polisanm\u00e4la. Resultatet ligger p\u00e5 samma niv\u00e5er som f\u00f6r n\u00e4ringslivet i sin helhet och st\u00e4rker bilden av att en stor del av den brottslighet som drabbar f\u00f6retag just inte kommer till polisens k\u00e4nnedom. Den fr\u00e4msta anledningen till att tj\u00e4nstef\u00f6retagen inte polisanm\u00e4ler handlar om att man anser att det inte leder till n\u00e5gon \u00e5tg\u00e4rd eller till n\u00e5gra positiva konsekvenser och en f\u00f6rb\u00e4ttrad situation f\u00f6r f\u00f6retaget.<\/p>\n\n\n\n<p>Inte bara utsatthet f\u00f6r brott utan \u00e4ven en upplevd oro f\u00f6r att drabbas kan i sin tur f\u00e5 negativa konsekvenser. I denna unders\u00f6kning har tj\u00e4nstef\u00f6retagen f\u00e5tt besvara tre fr\u00e5gor om hur oro eller utsatthet f\u00f6r brott p\u00e5verkat verksamheten. Totalt svarar sex procent att man avst\u00e5tt fr\u00e5n att g\u00f6ra investeringar i verksamheten p\u00e5 grund av oro eller utsatthet f\u00f6r brott. Av samma anledning svarar fyra procent att det uppst\u00e5tt sv\u00e5righeter att rekrytera personal och tre procent att man till och med \u00f6verv\u00e4gt att l\u00e4gga ned delar av eller hela f\u00f6retagets verksamhet.<\/p>\n\n\n\n<p>Rapporten avslutas med ett kapitel med reflektioner och rekommendationer till beslutsfattare i syfte att bidra till arbetet med att motverka brottsligheten som drabbar f\u00f6retag. F\u00f6r Sverige \u00e4r det en uppenbar f\u00f6rlust n\u00e4r f\u00f6retag beh\u00f6ver investera och l\u00e4gga tid p\u00e5 s\u00e4kerhetsl\u00f6sningar i st\u00e4llet f\u00f6r att fokusera p\u00e5 verksamhetsutveckling och ytterligare tillv\u00e4xt. Detta understryker vikten av att f\u00f6retagens brottsutsatthet blir ordentligt belyst och att relevanta \u00e5tg\u00e4rder kommer p\u00e5 plats.<\/p>\n\n\n\n<h3 class=\"wp-block-heading\">Almegas rekommendationer \u00e4r:<\/h3>\n\n\n\n<ul class=\"wp-block-list\">\n<li><strong>S\u00e4kerst\u00e4ll brottsf\u00f6rebyggande samverkan med n\u00e4ringslivet<\/strong><\/li>\n<\/ul>\n\n\n\n<p>S\u00e4kerst\u00e4ll att det identifierade behovet av brottsf\u00f6rebyggande samverkan med n\u00e4ringslivet realiseras i praktiken av kommuner och relevanta myndigheter.<\/p>\n\n\n\n<ul class=\"wp-block-list\">\n<li><strong>Redovisa officiell statistik \u00f6ver f\u00f6retagens brottsutsatthet<\/strong><\/li>\n<\/ul>\n\n\n\n<p>Utveckla officiell statistik genom att ta fram nya brottskoder samt en nationell trygghetsunders\u00f6kning bland f\u00f6retag som f\u00e5ngar upp m\u00f6rkertalet.<\/p>\n\n\n\n<ul class=\"wp-block-list\">\n<li><strong>Prioritera m\u00e4ngdbrotten och samordna den digitala brottsbek\u00e4mpningen<\/strong><\/li>\n<\/ul>\n\n\n\n<p>Prioritera m\u00e4ngdbrotten genom st\u00e4rkt kapacitet i lokalpolisomr\u00e5dena och hantera den alltmer digitaliserade brottsligheten genom samordnad polisi\u00e4r f\u00f6rm\u00e5ga.<\/p>\n\n\n\n<ul class=\"wp-block-list\">\n<li><strong>Utveckla digital polisanm\u00e4lan<\/strong><\/li>\n<\/ul>\n\n\n\n<p>\u00d6ka f\u00f6retagens l\u00e5ga anm\u00e4lningsben\u00e4genhet genom att utveckla m\u00f6jligheten till digital polisanm\u00e4lan.<\/p>\n\n\n\n<ul class=\"wp-block-list\">\n<li><strong>Inf\u00f6r ett trygghetsavdrag<\/strong><\/li>\n<\/ul>\n\n\n\n<p>Kompensera f\u00f6retagen f\u00f6r omfattande investeringar i egna s\u00e4kerhetsl\u00f6sningar f\u00f6r att f\u00f6rebygga och skydda sig mot brott och ordningsst\u00f6rningar.<\/p>\n\n\n<a class='Share__link Share__link--url copy-text' href='#' rel='nofollow' data-text='resultat' title='Dela url' data-confirmation='L\u00e4nken kopierades till urklipp'><svg class='icon icon--link'  width='18' height='18' viewBox='0 0 18 18' fill='none' xmlns='http:\/\/www.w3.org\/2000\/svg'>\n            <path d='M10.4142 0.514721L6.87868 4.05025L8.29289 5.46447L11.1213 2.63604L15.364 6.87868L12.5355 9.70711L13.9497 11.1213L17.4853 7.58579C17.8763 7.19476 17.8763 6.5626 17.4853 6.17158L11.8284 0.514721C11.4374 0.123691 10.8052 0.123691 10.4142 0.514721Z' fill='black'\/>\n            <path d='M9.7071 12.5355L6.87868 15.364L2.63604 11.1213L5.46446 8.2929L4.05025 6.87868L0.514716 10.4142C0.123686 10.8052 0.123686 11.4374 0.514716 11.8284L6.17157 17.4853C6.5626 17.8763 7.19475 17.8763 7.58578 17.4853L11.1213 13.9497L9.7071 12.5355Z' fill='black'\/>\n            <path d='M6.17157 11.8284C6.5626 12.2195 7.19475 12.2195 7.58578 11.8284L11.8284 7.58579C12.2195 7.19476 12.2195 6.56261 11.8284 6.17158C11.4374 5.78055 10.8052 5.78055 10.4142 6.17158L6.17157 10.4142C5.78054 10.8052 5.78054 11.4374 6.17157 11.8284Z' fill='black'\/>\n            <\/svg> <\/a>\n<h2 class=\"wp-block-heading\">Resultat<\/h2>\n\n\n\n<p>I denna del redovisas resultatet g\u00e4llande andelen tj\u00e4nstef\u00f6retag som utsatts f\u00f6r brott under de senaste tolv m\u00e5naderna.<span class=\"Footnote\"><sup>1<\/sup><\/span> Vidare redovisas vilken typ av brott f\u00f6retagen drabbats av, f\u00f6ljt av en f\u00f6rdjupning inom bedr\u00e4gerier med anledning av den kraftigt \u00f6kande brottsligheten inom just denna brottskategori. D\u00e4refter redovisas dels f\u00f6retagens ben\u00e4genhet att polisanm\u00e4la, dels n\u00e5gra av de ytterligare konsekvenser som brottsligheten medf\u00f6r f\u00f6r de brottsutsatta f\u00f6retagen.<\/p>\n\n\n\n<h3 class=\"wp-block-heading\"><strong>Tj\u00e4nstesektorns utsatthet f\u00f6r brott<\/strong><\/h3>\n\n\n\n<p>Resultatet fr\u00e5n unders\u00f6kningen visar att 45 procent av tj\u00e4nstef\u00f6retagen har utsatts f\u00f6r brott under det senaste \u00e5ret. Det inneb\u00e4r att n\u00e4stan h\u00e4lften av f\u00f6retagen uppger att de drabbats av n\u00e5got eller n\u00e5gra av de olika brottstyperna, en eller upprepade g\u00e5nger. Detta resultat ger allts\u00e5 en samlad bild av andelen f\u00f6retag som drabbas vilket belyser f\u00f6retagens utsatthet och brottslighetens utbredning.<\/p>\n\n\n\n<p>F\u00f6r att f\u00f6rst\u00e5 tj\u00e4nstesektorns utsatthet i f\u00f6rh\u00e5llande till \u00f6vriga n\u00e4ringslivet framg\u00e5r \u00e4ven \u00f6vriga sektorer i diagram 1. Fr\u00e5n resultatet g\u00e5r att utl\u00e4sa att tj\u00e4nstesektorn och industrin \u00e4r relativt f\u00f6rskonade j\u00e4mf\u00f6rt med bygg- och handelssektorn vars f\u00f6retag \u00e4r brottsutsatta i h\u00f6gre utstr\u00e4ckning.<span class=\"Footnote\"><sup>2<\/sup><\/span><\/p>\n\n\n\n<blockquote class=\"wp-block-quote is-layout-flow wp-block-quote-is-layout-flow\">\n<p>45% av tj\u00e4nstef\u00f6retagen har utsatts f\u00f6r brott under de senaste 12 m\u00e5naderna.<\/p>\n<\/blockquote>\n\n\n\n<p><strong><mark class=\"has-inline-color has-primary-color\">Diagram 1.<\/mark> Andelen f\u00f6retag i respektive sektor som anger att de utsatts f\u00f6r brott, en eller flera g\u00e5nger, under de senaste tolv m\u00e5naderna<\/strong><\/p>\n\n\n\n<figure class=\"wp-block-image size-large\"><img loading=\"lazy\" decoding=\"async\" width=\"1180\" height=\"719\" src=\"https:\/\/www.almega.se\/app\/uploads\/2024\/06\/Skarmavbild-2024-06-12-kl.-15.44.39-1180x719.png\" alt=\"\" class=\"wp-image-74357\" srcset=\"https:\/\/www.almega.se\/app\/uploads\/2024\/06\/Skarmavbild-2024-06-12-kl.-15.44.39-1180x719.png 1180w, https:\/\/www.almega.se\/app\/uploads\/2024\/06\/Skarmavbild-2024-06-12-kl.-15.44.39-580x353.png 580w, https:\/\/www.almega.se\/app\/uploads\/2024\/06\/Skarmavbild-2024-06-12-kl.-15.44.39-380x232.png 380w, https:\/\/www.almega.se\/app\/uploads\/2024\/06\/Skarmavbild-2024-06-12-kl.-15.44.39-768x468.png 768w, https:\/\/www.almega.se\/app\/uploads\/2024\/06\/Skarmavbild-2024-06-12-kl.-15.44.39.png 1198w\" sizes=\"auto, (max-width: 1180px) 100vw, 1180px\" \/><figcaption class=\"wp-element-caption\"><strong>K\u00e4lla:<\/strong> Svenskt N\u00e4ringsliv<\/figcaption><\/figure>\n\n\n\n<p>P\u00e5 grund av att inga tidigare j\u00e4mf\u00f6rbara unders\u00f6kningar genomf\u00f6rts som fokuserat p\u00e5 specifikt tj\u00e4nstef\u00f6retagens brottsutsatthet saknas m\u00f6jlighet att beskriva hur denna brottslighet utvecklats \u00f6ver tid. Dock finns en snarlik enk\u00e4tunders\u00f6kning fr\u00e5n 2022 som genomf\u00f6rdes av Svenskt N\u00e4ringsliv d\u00e4r tj\u00e4nstef\u00f6retag tillfr\u00e5gades om de utsatts f\u00f6r brott under en kortare tidsperiod j\u00e4mf\u00f6rt med denna unders\u00f6kning.<span class=\"Footnote\"><sup>3<\/sup><\/span> Trots att studien inte \u00e4r helt j\u00e4mf\u00f6rbar indikerar svaren att ingen stor f\u00f6r\u00e4ndring skett g\u00e4llande andelen f\u00f6retag inom tj\u00e4nstesektorn som uts\u00e4tts f\u00f6r brott.<span class=\"Footnote\"><sup>4<\/sup><\/span>  Siffrorna f\u00e5ngar dock inte upp brottslighetens allvarlighetsgrad eller antalet g\u00e5nger f\u00f6retagen drabbats.<\/p>\n\n\n\n<p>Den sammantagna bilden som framkommer fr\u00e5n unders\u00f6kningen \u00e4r att brottsligheten som drabbar tj\u00e4nstesektorn \u00e4r utbredd. Att n\u00e4stan h\u00e4lften av f\u00f6retagen utsatts f\u00f6r brott under det senaste \u00e5ret p\u00e5visar att kriminaliteten p\u00e5verkar f\u00f6ruts\u00e4ttningarna att bedriva f\u00f6retag i Sverige.<\/p>\n\n\n\n<h3 class=\"wp-block-heading\"><strong>Tj\u00e4nstesektorns utsatthet per brottstyp<\/strong><\/h3>\n\n\n\n<p>De f\u00f6retag som angett att de utsatts f\u00f6r brott har f\u00e5tt ange vilken typ av brott de drabbats av. Det vanligaste brottet tj\u00e4nstef\u00f6retag uts\u00e4tts f\u00f6r \u00e4r skadeg\u00f6relse, f\u00f6ljt av inbrott och cyberbrott som drabbar f\u00f6retagen i lika h\u00f6g utstr\u00e4ckning. Resultatet visar p\u00e5 betydande risker f\u00f6r f\u00f6retag i form av materiella skador, intr\u00e5ng i egendom och digitala hot. Av de brottsutsatta f\u00f6retagen svarar n\u00e4stan vart fj\u00e4rde att de utsatts f\u00f6r st\u00f6ld (ej snatteri), medan aningen f\u00e4rre drabbats av bedr\u00e4geri. V\u00e4rt att notera \u00e4r att grafen nedan (diagram 2) endast redog\u00f6r f\u00f6r fullbordade bedr\u00e4gerier och inte bedr\u00e4gerif\u00f6rs\u00f6k. I f\u00f6ljande kapitel g\u00f6rs en djupdykning i f\u00f6retagens utsatthet f\u00f6r olika typer av bedr\u00e4gerier och bedr\u00e4gerif\u00f6rs\u00f6k.<\/p>\n\n\n\n<p><strong><mark class=\"has-inline-color has-primary-color\">Diagram 2. <\/mark>Andelen tj\u00e4nstef\u00f6retag som utsatts f\u00f6r olika typer av brott, en eller flera g\u00e5nger, under de senaste tolv m\u00e5naderna<\/strong><\/p>\n\n\n\n<figure class=\"wp-block-image size-large\"><img loading=\"lazy\" decoding=\"async\" width=\"1180\" height=\"699\" src=\"https:\/\/www.almega.se\/app\/uploads\/2024\/06\/Skarmavbild-2024-06-12-kl.-15.50.38-1180x699.png\" alt=\"\" class=\"wp-image-74358\" srcset=\"https:\/\/www.almega.se\/app\/uploads\/2024\/06\/Skarmavbild-2024-06-12-kl.-15.50.38-1180x699.png 1180w, https:\/\/www.almega.se\/app\/uploads\/2024\/06\/Skarmavbild-2024-06-12-kl.-15.50.38-580x344.png 580w, https:\/\/www.almega.se\/app\/uploads\/2024\/06\/Skarmavbild-2024-06-12-kl.-15.50.38-380x225.png 380w, https:\/\/www.almega.se\/app\/uploads\/2024\/06\/Skarmavbild-2024-06-12-kl.-15.50.38-768x455.png 768w, https:\/\/www.almega.se\/app\/uploads\/2024\/06\/Skarmavbild-2024-06-12-kl.-15.50.38.png 1198w\" sizes=\"auto, (max-width: 1180px) 100vw, 1180px\" \/><figcaption class=\"wp-element-caption\"><strong>K\u00e4lla:<\/strong> Svenskt N\u00e4ringsliv<\/figcaption><\/figure>\n\n\n\n<p>Vidare framg\u00e5r att brott som hot\/utpressning mot anst\u00e4llda, trakasserier mot anst\u00e4llda och v\u00e5ld mot anst\u00e4llda f\u00f6rekommer, om \u00e4n i mindre utstr\u00e4ckning, vilket \u00e4r att betrakta som positivt med tanke p\u00e5 tj\u00e4nstesektorns h\u00f6ga personalt\u00e4thet.<\/p>\n\n\n\n<p>Sju procent av de brottsutsatta f\u00f6retagen anger att de drabbats av immaterialr\u00e4ttsliga intr\u00e5ng. Denna typ av brottslighet omfattar ett brett spektrum av handlingar som bryter mot upphovsr\u00e4tt, varum\u00e4rkesintr\u00e5ng och patentintr\u00e5ng, vilka ofta genomf\u00f6rs via digitala metoder. Den immaterialr\u00e4ttsliga brottslighet kan d\u00e4rmed betraktas som en del av den v\u00e4xande cyberbrottsligheten och utvecklas med teknikens framsteg.<\/p>\n\n\n\n<p>Diagram 3 visar tj\u00e4nstesektorns utsatthet per brottstyp i f\u00f6rh\u00e5llande till \u00f6vriga delar av n\u00e4ringslivet. Fr\u00e5n resultatet g\u00e5r att utl\u00e4sa att tj\u00e4nstesektorn \u00e4r j\u00e4mf\u00f6relsevis f\u00f6rskonade vad g\u00e4ller viss typ av brottslighet. Detta g\u00e4ller \u00e4ven den brottstyp som drabbar tj\u00e4nstef\u00f6retagen v\u00e4rst, n\u00e4mligen skadeg\u00f6relse, d\u00e4r b\u00e5de bygg- och handelssektorn drabbas h\u00e5rdare. Liknade resultat g\u00e5r att se vad g\u00e4ller exempelvis st\u00f6ld d\u00e4r \u00f6vriga tre sektorer och framf\u00f6r allt byggsektorn uts\u00e4tts v\u00e4rre.<\/p>\n\n\n\n<p><strong><mark class=\"has-inline-color has-primary-color\">Diagram 3.<\/mark> Andelen brottsutsatta f\u00f6retag inom respektive sektor, f\u00f6rdelat p\u00e5 brottskategori<\/strong><\/p>\n\n\n\n<figure class=\"wp-block-image size-large\"><img loading=\"lazy\" decoding=\"async\" width=\"1180\" height=\"805\" src=\"https:\/\/www.almega.se\/app\/uploads\/2024\/06\/Skarmavbild-2024-06-12-kl.-15.52.37-1180x805.png\" alt=\"\" class=\"wp-image-74359\" srcset=\"https:\/\/www.almega.se\/app\/uploads\/2024\/06\/Skarmavbild-2024-06-12-kl.-15.52.37-1180x805.png 1180w, https:\/\/www.almega.se\/app\/uploads\/2024\/06\/Skarmavbild-2024-06-12-kl.-15.52.37-580x396.png 580w, https:\/\/www.almega.se\/app\/uploads\/2024\/06\/Skarmavbild-2024-06-12-kl.-15.52.37-380x259.png 380w, https:\/\/www.almega.se\/app\/uploads\/2024\/06\/Skarmavbild-2024-06-12-kl.-15.52.37-768x524.png 768w, https:\/\/www.almega.se\/app\/uploads\/2024\/06\/Skarmavbild-2024-06-12-kl.-15.52.37.png 1416w\" sizes=\"auto, (max-width: 1180px) 100vw, 1180px\" \/><figcaption class=\"wp-element-caption\"><a><strong>K\u00e4lla:<\/strong> Svenskt N\u00e4ringsliv<\/a><\/figcaption><\/figure>\n\n\n\n<p>Det finns ingen brottstyp d\u00e4r tj\u00e4nstesektorn enskilt sticker ut som s\u00e4rskilt drabbad i f\u00f6rh\u00e5llande till \u00f6vriga n\u00e4ringslivet. I diagram 3 framg\u00e5r dock att anst\u00e4llda inom b\u00e5de handeln och tj\u00e4nster uts\u00e4tts f\u00f6r trakasserier, hot och fysiskt v\u00e5ld i h\u00f6gre grad \u00e4n inom bygg och industrin, men i det stora hela g\u00e5r det att konstatera att denna typ av brottslighet inte drabbar f\u00f6retagen lika h\u00e5rt som exempelvis tillgrepps- och skadeg\u00f6relsebrotten.<\/p>\n\n\n\n<h3 class=\"wp-block-heading\"><strong>Tj\u00e4nstesektorns utsatthet f\u00f6r cyberbrottslighet<\/strong><\/h3>\n\n\n\n<p>N\u00e4ringslivets \u00f6kade digitalisering och den fortsatt snabba teknikutvecklingen g\u00f6r det s\u00e4rskilt intressant att titta n\u00e4rmare p\u00e5 hur cyberbrottsligheten drabbar tj\u00e4nstesektorn. Resultaten visar att denna brottslighet drabbar b\u00e5de industri- och tj\u00e4nstesektor h\u00e5rdare \u00e4n bygg och handel. Totalt anger 24 procent av de brottsutsatta tj\u00e4nstef\u00f6retagen att de drabbats av cyberbrott vilket inneb\u00e4r att detta, tillsammans med inbrott, \u00e4r den n\u00e4st vanligaste brottstypen som drabbar tj\u00e4nstef\u00f6retag idag. Precis som f\u00f6r bedr\u00e4gerier, visar dock resultatet g\u00e4llande cyberbrott, fullbordade brott och d\u00e4rmed framg\u00e5r inte de cyberattacker som lyckats avv\u00e4rjas. Om \u00e4ven detta redovisats hade andelen utsatta f\u00f6retag uppenbarligen varit h\u00f6gre. <\/p>\n\n\n\n<p>Bilden av tj\u00e4nstef\u00f6retagens utsatthet f\u00f6r cyberbrott st\u00e4rks fr\u00e5n flera andra studier, d\u00e4ribland Almegas unders\u00f6kning om f\u00f6retagens cybers\u00e4kerhet som visade att uppemot 20 procent av tj\u00e4nstef\u00f6retagen varit utsatta f\u00f6r cyberattacker.<span class=\"Footnote\"><sup>5<\/sup><\/span> S\u00e5 \u00e4ven av Svenskt N\u00e4ringslivs rapport fr\u00e5n slutet av 2023 som visar att hela 28 procent av de tillfr\u00e5gade f\u00f6retagen drabbats av cyberattacker de senaste 12 m\u00e5naderna.<span class=\"Footnote\"><sup>6<\/sup><\/span> H\u00e4r \u00e4r det dock p\u00e5 sin plats att betona att det \u00e4n s\u00e5 l\u00e4nge inte finns n\u00e5gon vedertagen definition av begreppet cyberbrottslighet, vilket inneb\u00e4r att det i vissa fall \u00e4ven kan inkludera det som kallas f\u00f6r cyberbaserade bedr\u00e4gerier.<span class=\"Footnote\"><sup>7<\/sup><\/span> Detta medf\u00f6r att det \u00e4ven i denna rapport kan finnas en viss felmarginal vid redovisningen av andelen f\u00f6retag som drabbas av cyberbrott respektive bedr\u00e4gerier eftersom dessa begrepp anv\u00e4nds om vartannat.<\/p>\n\n\n\n<p>Sammantaget bidrar resultatet g\u00e4llande bedr\u00e4gerier och cyberbrottslighet till att f\u00f6rtydliga hur brottsligheten blir alltmer digitaliserad och komplex, vilket \u00e4ven genererar allt h\u00f6gre brottsvinster. Detta styrks av ny statistik som konstaterar att trots att andelen svenska f\u00f6retag som utsatts f\u00f6r cyberbrott inte f\u00f6r\u00e4ndrats i relation till f\u00f6reg\u00e5ende \u00e5r, s\u00e5 har kostnaden f\u00f6r denna brottslighet trefaldigats. Detta \u00e4r en anm\u00e4rkningsv\u00e4rd \u00f6kningstakt som just tillskrivs bedr\u00e4gerier som sker online eller via andra n\u00e4tbaserade plattformar.<span class=\"Footnote\"><sup>8<\/sup><\/span><\/p>\n\n\n\n<p>Den digitala brottslighetens skenande kostnader \u00e4r i ljuset av den fortsatt snabba teknikutvecklingen d\u00e4rmed orov\u00e4ckande. Inte minst sett till utvecklingen inom artificiell intelligens (AI) med exempelvis m\u00f6jlighet att manipulera ljud och bild, s\u00e5 kallad deepfake, som \u00f6ppnar upp f\u00f6r att skapa falskt inneh\u00e5ll som kan anv\u00e4ndas f\u00f6r bedr\u00e4geri, utpressning eller annan digital kriminalitet. \u00c5 andra sidan kan AI ocks\u00e5 anv\u00e4ndas f\u00f6r b\u00e4ttre m\u00f6jligheter att \u00f6ka s\u00e4kerheten och till exempel uppt\u00e4cka attacker, bedr\u00e4gerier med mera. <\/p>\n\n\n\n<p>Utifr\u00e5n bilden av en alltmer kostsam och sofistikerad cyberbrottslighet blir d\u00e4rmed f\u00f6retagens f\u00f6rm\u00e5ga att skydda sig allt viktigare. Detta kr\u00e4ver i sin tur b\u00e5de god kunskap om cybers\u00e4kerhet och finansiella investeringar i s\u00e4kerhetsl\u00f6sningar, vilket det idag r\u00e5der brist p\u00e5 inom tj\u00e4nstesektorn enligt Almegas egen unders\u00f6kning fr\u00e5n 2022. I den framgick att uppemot 40 procent av tj\u00e4nstef\u00f6retagen inte har n\u00e5gra budgeterade medel f\u00f6r cybers\u00e4kerhet och att det fanns en bristande beredskap f\u00f6r cyberangrepp. Det blev d\u00e4rtill tydligt att tj\u00e4nstef\u00f6retagen efterfr\u00e5gade en utvecklad samverkan, informationsdelning och kompetensutveckling med offentliga akt\u00f6rer i syfte att st\u00e4rka sin cybers\u00e4kerhet.<span class=\"Footnote\"><sup>9<\/sup><\/span><\/p>\n\n\n\n<p>I linje med dessa \u00f6nskem\u00e5l, har behovet av st\u00e4rkt samverkan \u00e4ven uppm\u00e4rksammats p\u00e5 flera olika h\u00e5ll. Bland annat genom Riksrevisionens granskning av regeringens arbete med att st\u00e4rka informations- och cybers\u00e4kerheten i Sverige, d\u00e4r man konstaterade att arbetet saknat sammanh\u00e5llen styrning samt att relevanta intressenter s\u00e5som n\u00e4ringslivet, inte involverats i n\u00e5gon st\u00f6rre omfattning.<span class=\"Footnote\"><sup>10<\/sup><\/span> I linje med Riksrevisionens rekommendationer har d\u00e4refter Nationellt cybers\u00e4kerhetscenter f\u00e5tt ett f\u00f6rtydligat uppdrag att st\u00e4rka samverkan med n\u00e4ringslivet just inriktat p\u00e5 \u00f6kad informationsdelning och kunskapsspridning. Att detta uppdrag inte f\u00f6rsenas ytterligare, s\u00e5 som varit fallet, \u00e4r helt vitalt f\u00f6r att n\u00e4ringslivets s\u00e5rbarhet inte ska riskera att \u00f6ka. Ut\u00f6ver detta p\u00e5b\u00f6rjade arbete \u00e4r det ocks\u00e5 viktigt att centret organiseras s\u00e5 att det kan n\u00e4rma sig f\u00f6retagen. I dag riktas stort fokus till arbetet som s\u00e4kerhets- och underr\u00e4ttelsemyndigheter inom centret bidrar med. Med NIS2-lagstiftningen<span class=\"Footnote\"><sup>11<\/sup><\/span> och totalf\u00f6rsvarsarbetet beh\u00f6ver centret n\u00e5 l\u00e4ngre ut till verksamheterna, men ocks\u00e5 tillsyns-, sektors- och beredskapsmyndigheter.<\/p>\n\n\n\n<p>Sammantaget \u00e4r det positivt att initiativ och \u00e5tg\u00e4rder utformats som besvarar tj\u00e4nstef\u00f6retagens efterfr\u00e5gan f\u00f6r att kunna st\u00e4rka sin cybers\u00e4kerhet. Fortfarande kvarst\u00e5r dock det faktum att f\u00f6rutom den alltmer avancerade cyberbrottsligheten utvecklas \u00e4ven m\u00e4ngdbrotten till att bli mer digitaliserade, varav bedr\u00e4gerier \u00e4r ett tydligt exempel p\u00e5 detta. Skiljelinjerna mellan det som tidigare s\u00e5gs som cyberattacker och den \u00f6vriga digitala brottsligheten suddas d\u00e4rmed alltmer ut n\u00e4r exempelvis skadlig programvara anv\u00e4nds vid utpressning, vilket betraktas som just bedr\u00e4geri. Lika viktigt som att forts\u00e4tta arbetet med att st\u00e4rka n\u00e4ringslivets cybers\u00e4kerhet, blir d\u00e4rmed \u00e4ven att utveckla Polismyndighetens f\u00f6rm\u00e5ga att hantera den v\u00e4xande digitala brottsligheten.<\/p>\n\n\n\n<p>Cyberbrottslighetens utveckling mot en allt st\u00f6rre sp\u00e4nnvidd med allt fr\u00e5n mer traditionell brottslighet s\u00e5 som bedr\u00e4gerier och utpressning, till immaterialr\u00e4ttsliga intr\u00e5ng och cyberattacker pekar d\u00e4rtill p\u00e5 behovet av mer \u00f6vergripande samordning i det brottsbek\u00e4mpande och f\u00f6rebyggande arbetet.<\/p>\n\n\n\n<p>Medan informations- och cybers\u00e4kerhet i h\u00f6g utstr\u00e4ckning kan vara en marknadsledd verksamhet, s\u00e5 kan ett av de viktigaste bidragen fr\u00e5n det offentliga vara att ut\u00f6ver kunskapsdelning och samordning \u00e4ven \u00f6ka kompetensf\u00f6rs\u00f6rjningen inom omr\u00e5det.<\/p>\n\n\n\n<h3 class=\"wp-block-heading\"><strong>Tj\u00e4nstef\u00f6retagens utsatthet f\u00f6r bedr\u00e4gerier<\/strong><\/h3>\n\n\n\n<p>Enligt statistik fr\u00e5n Brottsf\u00f6rebyggande r\u00e5det (Br\u00e5) \u00f6kade antalet anm\u00e4lda bedr\u00e4geribrott i Sverige med 22 procent under 2023 j\u00e4mf\u00f6rt med 2022. Denna \u00f6kning representerar den st\u00f6rsta uppg\u00e5ngen bland alla brottskategorier under \u00e5ret, men eftersom f\u00f6retag inte redovisas s\u00e4rskilt i den officiella statistiken g\u00e5r det inte att utl\u00e4sa hur denna kraftigt \u00f6kade brottslighet drabbat tj\u00e4nstesektorn.<\/p>\n\n\n\n<p>Utifr\u00e5n unders\u00f6kningen som ligger till grund f\u00f6r denna rapport kan vi dock se att 20 procent av de brottsutsatta tj\u00e4nstef\u00f6retagen drabbats av bedr\u00e4geri under de senaste tolv m\u00e5naderna, vilket d\u00e4rmed \u00e4r den fj\u00e4rde vanligaste brottstyp som tj\u00e4nstesektorn drabbas av. I diagram 4 framg\u00e5r vilken typ av bedr\u00e4geri f\u00f6retagen utsatts f\u00f6r samt att vissa f\u00f6retag drabbats upprepade g\u00e5nger under de senaste tolv m\u00e5naderna. D\u00e4rmed \u00f6verskrider totalen mer \u00e4n 100 procent.<\/p>\n\n\n\n<p><strong><mark class=\"has-inline-color has-primary-color\">Diagram 4. <\/mark>Andelen bedr\u00e4geri utsatta f\u00f6retag, f\u00f6rdelat p\u00e5 bedr\u00e4geri kategori<\/strong><\/p>\n\n\n\n<figure class=\"wp-block-image size-large\"><img loading=\"lazy\" decoding=\"async\" width=\"1180\" height=\"549\" src=\"https:\/\/www.almega.se\/app\/uploads\/2024\/06\/Skarmavbild-2024-06-12-kl.-15.59.23-1180x549.png\" alt=\"\" class=\"wp-image-74360\" srcset=\"https:\/\/www.almega.se\/app\/uploads\/2024\/06\/Skarmavbild-2024-06-12-kl.-15.59.23-1180x549.png 1180w, https:\/\/www.almega.se\/app\/uploads\/2024\/06\/Skarmavbild-2024-06-12-kl.-15.59.23-580x270.png 580w, https:\/\/www.almega.se\/app\/uploads\/2024\/06\/Skarmavbild-2024-06-12-kl.-15.59.23-380x177.png 380w, https:\/\/www.almega.se\/app\/uploads\/2024\/06\/Skarmavbild-2024-06-12-kl.-15.59.23-768x357.png 768w, https:\/\/www.almega.se\/app\/uploads\/2024\/06\/Skarmavbild-2024-06-12-kl.-15.59.23.png 1260w\" sizes=\"auto, (max-width: 1180px) 100vw, 1180px\" \/><figcaption class=\"wp-element-caption\"><strong>K\u00e4lla:<\/strong> Svenskt N\u00e4ringsliv<\/figcaption><\/figure>\n\n\n\n<p>Fakturabedr\u00e4geri \u00e4r den allra vanligaste formen av bedr\u00e4geri och har drabbat 70 procent av de bedr\u00e4geriutsatta tj\u00e4nstef\u00f6retagen. N\u00e4st vanligast \u00e4r phishing som inneb\u00e4r att n\u00e5gon p\u00e5 f\u00f6retaget har f\u00e5tt ett mejl eller sms d\u00e4r man uppmanats att klicka p\u00e5 en falsk l\u00e4nk och beh\u00f6vt ange uppgifter som l\u00f6senord eller bankuppgifter. Vd-kapning \u00e4r den tredje vanligaste bedr\u00e4geriformen och inneb\u00e4r att n\u00e5gon utgett sig f\u00f6r att vara f\u00f6retagets vd och f\u00f6rm\u00e5tt anst\u00e4llda att \u00f6verf\u00f6ra tillg\u00e5ngar. D\u00e4refter kommer s\u00e5 kallad vishing som 13 procent av de bedr\u00e4geriutsatta tj\u00e4nstef\u00f6retagen drabbats av, vilket inneb\u00e4r att n\u00e5gon p\u00e5 f\u00f6retaget har f\u00e5tt ett telefonsamtal d\u00e4r man utgett sig f\u00f6r att vara en bank, aff\u00e4rspartner, myndighet och lurat till sig k\u00e4nslig information. Vad g\u00e4ller ransomware, som drabbat 8 procent av de bedr\u00e4geriutsatta tj\u00e4nstef\u00f6retagen, s\u00e5 inneb\u00e4r detta att datorer eller filer har krypterats av skadlig programvara och endast kunnat l\u00e5sas upp mot betalning. <\/p>\n\n\n\n<p>Sett \u00f6ver tid s\u00e5 finns ingen tidigare unders\u00f6kning att j\u00e4mf\u00f6ra med f\u00f6r att f\u00f6rst\u00e5 utvecklingen av olika typer av bedr\u00e4geribrott som drabbar tj\u00e4nstesektorn. Om j\u00e4mf\u00f6relsen i st\u00e4llet g\u00f6rs kring hur bedr\u00e4gerier i sin helhet (ej nedbrutet per bedr\u00e4gerityp) drabbar tj\u00e4nstef\u00f6retag indikerar resultaten att ingen st\u00f6rre f\u00f6r\u00e4ndring skett j\u00e4mf\u00f6rt med tidigare \u00e5r.<span class=\"Footnote\"><sup>12<\/sup><\/span>  Andelen som drabbas ligger i paritet med f\u00f6reg\u00e5ende \u00e5r. <\/p>\n\n\n\n<p>Resultatet \u00e4r dock sv\u00e5rtytt och rymmer en mer komplex problembild. Enligt Br\u00e5s statistik s\u00e5 har bedr\u00e4geribrotten som tidigare n\u00e4mnts \u00f6kat dramatiskt under 2000-talet (med undantag f\u00f6r \u00e5ret 2020\u20132021).<span class=\"Footnote\"><sup>13<\/sup><\/span> Detta g\u00e4ller det totala antalet anm\u00e4lda bedr\u00e4geribrott och d\u00e4rmed inte de som drabbar specifikt f\u00f6retag eller tj\u00e4nstesektorn. Statistiken som Br\u00e5 sammanst\u00e4ller visar att de anm\u00e4lda bedr\u00e4geribrotten \u00f6kat med 52 procent sedan 2012. J\u00e4mf\u00f6rt med 2006 har de anm\u00e4lda bedr\u00e4geribrotten \u00f6kat med 270 procent.<span class=\"Footnote\"><sup>14<\/sup><\/span> Utifr\u00e5n denna statistik kan vi inte veta hur n\u00e4ringslivet drabbats av de \u00f6kande bedr\u00e4geribrotten, men det g\u00e5r att anta att utvecklingen \u00e4ven p\u00e5verkat f\u00f6retagen. Det h\u00e4r \u00e4r en bild som st\u00e4rks utifr\u00e5n flera studier som visar p\u00e5 att konsekvenserna fr\u00e5n bedr\u00e4gerier blir allt allvarligare. Detta sett b\u00e5de till den ekonomiska f\u00f6rlusten f\u00f6r det enskilda f\u00f6retaget och f\u00f6r samh\u00e4llet i stort eftersom vinsten till stor del investeras i annan illegal verksamhet.<span class=\"Footnote\"><sup>15<\/sup><\/span><\/p>\n\n\n\n<p>Utifr\u00e5n definitionerna av dessa bedr\u00e4geribrott \u00e4r det l\u00e4tt att f\u00f6rst\u00e5 begreppsf\u00f6rvirringen g\u00e4llande cyberbrott och bedr\u00e4gerier. De flesta av tillv\u00e4gag\u00e5ngss\u00e4tten f\u00f6r att utf\u00f6ra bedr\u00e4gerier inbegriper i dagsl\u00e4get digitala metoder. Det g\u00e4ller oavsett om det r\u00f6r fakturor, vd-bedr\u00e4geri eller olika former av kapningar d\u00e4r alltmer av den kriminella aktiviteten flyttar ut i den digitala milj\u00f6n. Detta anses ocks\u00e5 vara anledningen, s\u00e5 som tidigare n\u00e4mnts, till den oproportionerligt h\u00f6ga kostnadsutvecklingen f\u00f6r cyberbrott. <\/p>\n\n\n\n<p>Bedr\u00e4geribrottens utveckling framst\u00e5r d\u00e4rtill alltmer problematisk i vetskap om att bedr\u00e4gerier \u00e4r starkt sammankopplat med grov och organiserad brottslighet. H\u00e4r har Polismyndighetens nationella bedr\u00e4gericentrum i tv\u00e5 olika studier beskrivit en p\u00e5taglig relation mellan den organiserade brottsligheten och bedr\u00e4geribrotten. Bedr\u00e4gerier beskrivs vara en f\u00f6rh\u00e5llandevis riskfri kriminell aktivitet som utg\u00f6r en av de mest vinstdrivande verksamheter som organiserade kriminella akt\u00f6rer kan \u00e4gna sig \u00e5t. Nationellt bedr\u00e4gericentrum f\u00f6rklarar detta delvis med att bedr\u00e4geribrotten blivit alltmer komplicerade att utreda, bland annat p\u00e5 grund av en \u00f6kad anv\u00e4ndning av digital teknik. H\u00e4r konstateras att trots \u00f6kad komplexitet s\u00e5 visar intern analys att Polismyndighetens brottsbek\u00e4mpande f\u00f6rm\u00e5ga inom bedr\u00e4geriomr\u00e5det inte har anpassats i tillr\u00e4cklig omfattning till utvecklingen.<span class=\"Footnote\"><sup>16<\/sup><\/span><\/p>\n\n\n\n<h3 class=\"wp-block-heading\"><strong>Tj\u00e4nstesektorns anm\u00e4lningsben\u00e4genhet<\/strong><\/h3>\n\n\n\n<p>F\u00f6retagens anm\u00e4lningsben\u00e4genhet spelar en viktig roll f\u00f6r att polisen ska kunna prioritera och utveckla adekvata \u00e5tg\u00e4rder inom det brottsbek\u00e4mpande arbetet. <\/p>\n\n\n\n<p>I unders\u00f6kningen har d\u00e4rf\u00f6r tj\u00e4nstef\u00f6retagen som angett att de utsatts f\u00f6r brott \u00e4ven tillfr\u00e5gats i vilken utstr\u00e4ckning dessa brott har polisanm\u00e4lts. I diagram 5 framg\u00e5r att n\u00e4stan fyra av tio brottsutsatta tj\u00e4nstef\u00f6retag har valt att inte polisanm\u00e4la. En lika stor andel av f\u00f6retagen v\u00e4ljer att anm\u00e4la samtliga brott de utsatts f\u00f6r medan tv\u00e5 av tio v\u00e4ljer att bara anm\u00e4la vissa brott. Resultatet ligger p\u00e5 samma niv\u00e5er som f\u00f6r n\u00e4ringslivet i sin helhet<span class=\"Footnote\"><sup>17<\/sup><\/span> och st\u00e4rker bilden av att en stor del av den brottslighet som drabbar f\u00f6retag inte kommer till polisens k\u00e4nnedom. <\/p>\n\n\n\n<p><strong><mark class=\"has-inline-color has-primary-color\">Diagram 5.<\/mark> Andelen brottsutsatta tj\u00e4nstef\u00f6retag som polisanm\u00e4ler brott<\/strong><\/p>\n\n\n\n<figure class=\"wp-block-image size-full\"><img loading=\"lazy\" decoding=\"async\" width=\"1152\" height=\"670\" src=\"https:\/\/www.almega.se\/app\/uploads\/2024\/06\/Skarmavbild-2024-06-13-kl.-13.41.27.png\" alt=\"\" class=\"wp-image-74374\" srcset=\"https:\/\/www.almega.se\/app\/uploads\/2024\/06\/Skarmavbild-2024-06-13-kl.-13.41.27.png 1152w, https:\/\/www.almega.se\/app\/uploads\/2024\/06\/Skarmavbild-2024-06-13-kl.-13.41.27-580x337.png 580w, https:\/\/www.almega.se\/app\/uploads\/2024\/06\/Skarmavbild-2024-06-13-kl.-13.41.27-380x221.png 380w, https:\/\/www.almega.se\/app\/uploads\/2024\/06\/Skarmavbild-2024-06-13-kl.-13.41.27-768x447.png 768w\" sizes=\"auto, (max-width: 1152px) 100vw, 1152px\" \/><figcaption class=\"wp-element-caption\"><strong>K\u00e4lla:<\/strong> Svenskt N\u00e4ringsliv<\/figcaption><\/figure>\n\n\n\n<p>Den fr\u00e4msta anledningen till att tj\u00e4nstef\u00f6retagen inte polisanm\u00e4ler \u00e4r att man inte anser att det leder till n\u00e5gon \u00e5tg\u00e4rd eller till en f\u00f6rb\u00e4ttrad situation f\u00f6r f\u00f6retaget. Den n\u00e4st vanligaste orsaken till att tj\u00e4nstef\u00f6retagen v\u00e4ljer att inte polisanm\u00e4la handlar om att h\u00e4ndelsen inte upplevs tillr\u00e4ckligt allvarlig trots att det \u00e4r ett brott. Detta svar \u00f6ppnar dock upp f\u00f6r tolkningsutrymme och skulle kunna spegla att man vant sig vid en viss grad eller typ av brottslighet.<\/p>\n\n\n\n<h3 class=\"wp-block-heading\"><strong>Brottslighetens ytterligare konsekvenser<\/strong><\/h3>\n\n\n\n<p>Att brottsligheten \u00e4ter sig in i samh\u00e4llet har blivit ett uttryck som f\u00f6rekommer allt oftare f\u00f6r att belysa brottslighetens omfattande konsekvenser. Inte bara utsatthet f\u00f6r brott utan \u00e4ven en upplevd oro f\u00f6r att drabbas kan p\u00e5verka v\u00e5ra liv och de beslut vi fattar inf\u00f6r framtiden.<\/p>\n\n\n\n<p>I denna unders\u00f6kning har tj\u00e4nstef\u00f6retagen f\u00e5tt besvara tre fr\u00e5gor om hur oro eller utsatthet f\u00f6r brott p\u00e5verkat verksamheten. Totalt svarar sex procent att man avst\u00e5tt fr\u00e5n att g\u00f6ra investeringar i verksamheten p\u00e5 grund av oro eller utsatthet f\u00f6r brott. Av samma anledning svarar fyra procent att det uppst\u00e5tt sv\u00e5righeter att rekrytera personal och tre procent att man till och med \u00f6verv\u00e4gt att l\u00e4gga ned delar av eller hela f\u00f6retagets verksamhet.<\/p>\n\n\n\n<p>Trots att procentandelarna \u00e4r l\u00e5ga s\u00e5 understryker statistiken att brottsligheten kan f\u00e5 stora konsekvenser och p\u00e5verka viktiga framtidsbeslut. Att investeringsviljan h\u00e4mmas och kompetent arbetskraft blir mer sv\u00e5rrekryterad inneb\u00e4r tillv\u00e4xthinder och att f\u00f6retagens utvecklingspotential inte tillvaratas fullt ut. Att ett antal f\u00f6retag dessutom anser att brottsligheten p\u00e5verkar deras verksamhet i s\u00e5dan h\u00f6g grad att de \u00f6verv\u00e4gt avveckling belyser just vilka allvarliga konsekvenser brottsligheten kan f\u00e5 i l\u00e5nga loppet.<\/p>\n\n\n\n<p>Sammantaget visar dock resultatet att i dagsl\u00e4get s\u00e5 forts\u00e4tter tj\u00e4nstef\u00f6retagen i h\u00f6g utstr\u00e4ckning att bedriva sin verksamhet enligt plan utan att l\u00e5ta sig p\u00e5verkas av den utbredda brottsligheten. <\/p>\n\n\n<a class='Share__link Share__link--url copy-text' href='#' rel='nofollow' data-text='laget-i-utvalda-tjanstebranscher---kommentar-utifran-tidigare-studier' title='Dela url' data-confirmation='L\u00e4nken kopierades till urklipp'><svg class='icon icon--link'  width='18' height='18' viewBox='0 0 18 18' fill='none' xmlns='http:\/\/www.w3.org\/2000\/svg'>\n            <path d='M10.4142 0.514721L6.87868 4.05025L8.29289 5.46447L11.1213 2.63604L15.364 6.87868L12.5355 9.70711L13.9497 11.1213L17.4853 7.58579C17.8763 7.19476 17.8763 6.5626 17.4853 6.17158L11.8284 0.514721C11.4374 0.123691 10.8052 0.123691 10.4142 0.514721Z' fill='black'\/>\n            <path d='M9.7071 12.5355L6.87868 15.364L2.63604 11.1213L5.46446 8.2929L4.05025 6.87868L0.514716 10.4142C0.123686 10.8052 0.123686 11.4374 0.514716 11.8284L6.17157 17.4853C6.5626 17.8763 7.19475 17.8763 7.58578 17.4853L11.1213 13.9497L9.7071 12.5355Z' fill='black'\/>\n            <path d='M6.17157 11.8284C6.5626 12.2195 7.19475 12.2195 7.58578 11.8284L11.8284 7.58579C12.2195 7.19476 12.2195 6.56261 11.8284 6.17158C11.4374 5.78055 10.8052 5.78055 10.4142 6.17158L6.17157 10.4142C5.78054 10.8052 5.78054 11.4374 6.17157 11.8284Z' fill='black'\/>\n            <\/svg> <\/a>\n<h2 class=\"wp-block-heading\"><strong>L\u00e4get i utvalda tj\u00e4nstebranscher &#8211; kommentar utifr\u00e5n tidigare studier<\/strong><\/h2>\n\n\n\n<p>Denna rapport bygger p\u00e5 en unders\u00f6kning som genererat svar fr\u00e5n totalt 1&nbsp;205 tj\u00e4nstef\u00f6retag. Antalet svarande f\u00f6r respektive bransch inom tj\u00e4nstesektorn \u00e4r d\u00e4rmed i de flesta fall f\u00f6r f\u00e5 f\u00f6r att kunna analysera och j\u00e4mf\u00f6ra hur olika delar av sektorn drabbas. Men utifr\u00e5n tv\u00e5 andra nyligen publicerade rapporter g\u00e5r det \u00e4nd\u00e5 att f\u00e5 en bild hur vissa branscher inom tj\u00e4nstesektorn drabbas av brott.<span class=\"Footnote\"><sup>18<\/sup><\/span> I Svenskt N\u00e4ringslivs nationella unders\u00f6kning, som ligger till grund f\u00f6r rapporten Brottslighetens kostnader 2023, framg\u00e5r att bland de tre v\u00e4rst drabbade branscherna tillh\u00f6r tv\u00e5 av dessa tj\u00e4nstesektorn.<\/p>\n\n\n\n<p>Inom b\u00e5de fastighetsverksamhet och kultur, n\u00f6je och fritid har drygt 60 procent av f\u00f6retagen utsatts f\u00f6r brott under det senaste \u00e5ret. \u00c4ven hotell- och restaurangbranschen \u00e4r h\u00e5rt drabbat, d\u00e4r \u00f6ver h\u00e4lften av f\u00f6retagen utsatts. I diagram 6 redovisas hur vissa utvalda tj\u00e4nstebranscher drabbats under de senaste tolv m\u00e5naderna enligt Svenskt N\u00e4ringslivs unders\u00f6kning. Inom exempelvis v\u00e5rd och omsorg, utbildning och inom st\u00f6dtj\u00e4nster i form av uthyrning, fastighetsservice och resetj\u00e4nster uts\u00e4tts f\u00f6retagen i l\u00e4gre grad. Som minst drabbad av de utvalda branscherna sticker informations- och kommunikationsbranschen ut d\u00e4r ungef\u00e4r vart fj\u00e4rde f\u00f6retag utsatts f\u00f6r brott under det senaste \u00e5ret.<\/p>\n\n\n\n<p><strong><mark class=\"has-inline-color has-primary-color\">Diagram 6.<\/mark> Andelen brottsutsatta f\u00f6retag i ett urval av tj\u00e4nstebranscher<\/strong><\/p>\n\n\n\n<figure class=\"wp-block-image size-large\"><img loading=\"lazy\" decoding=\"async\" width=\"1180\" height=\"698\" src=\"https:\/\/www.almega.se\/app\/uploads\/2024\/06\/Skarmavbild-2024-06-13-kl.-13.40.45-1180x698.png\" alt=\"\" class=\"wp-image-74373\" srcset=\"https:\/\/www.almega.se\/app\/uploads\/2024\/06\/Skarmavbild-2024-06-13-kl.-13.40.45-1180x698.png 1180w, https:\/\/www.almega.se\/app\/uploads\/2024\/06\/Skarmavbild-2024-06-13-kl.-13.40.45-580x343.png 580w, https:\/\/www.almega.se\/app\/uploads\/2024\/06\/Skarmavbild-2024-06-13-kl.-13.40.45-380x225.png 380w, https:\/\/www.almega.se\/app\/uploads\/2024\/06\/Skarmavbild-2024-06-13-kl.-13.40.45-768x454.png 768w, https:\/\/www.almega.se\/app\/uploads\/2024\/06\/Skarmavbild-2024-06-13-kl.-13.40.45.png 1322w\" sizes=\"auto, (max-width: 1180px) 100vw, 1180px\" \/><figcaption class=\"wp-element-caption\"><strong>K\u00e4lla:<\/strong> Svenskt N\u00e4ringsliv<\/figcaption><\/figure>\n\n\n\n<p>I Stiftelsen Tryggare Sveriges unders\u00f6kning bekr\u00e4ftas bilden i stort hur dessa branscher inom tj\u00e4nstesektorn uts\u00e4tts f\u00f6r brott. Fastighetsverksamhet samt hotell och restaurang framst\u00e5r \u00e4ven h\u00e4r som ett par av de v\u00e4rst drabbade branscherna. Den enda m\u00e4rkbara skillnaden mellan de tv\u00e5 unders\u00f6kningarna g\u00e4ller branschen kultur, n\u00f6je och fritid, som i Svenskt N\u00e4ringslivs unders\u00f6kning framst\u00e5r som en av de v\u00e4rst drabbade, men som i Tryggare Sveriges rapport i st\u00e4llet \u00e4r en av de minst utsatta branscherna.<span class=\"Footnote\"><sup>19<\/sup><\/span> En f\u00f6rklaring till detta anses vara skillnader i unders\u00f6kningarnas metodik vilket inneb\u00e4r att unders\u00f6kningarna inte \u00e4r helt j\u00e4mf\u00f6rbara. Slutsatserna kring brottsutsattheten i specifikt denna bransch blir d\u00e4rmed os\u00e4kra, vilket pekar p\u00e5 behov av ytterligare unders\u00f6kningar.<\/p>\n\n\n\n<p>Sammanfattningsvis g\u00e5r det att konstatera att brottsligheten drabbar tj\u00e4nstesektorn brett, men att den sl\u00e5r olika h\u00e5rt beroende p\u00e5 bransch. Likt tidigare \u00e5r forts\u00e4tter fastighetsverksamheten vara s\u00e4rskilt h\u00e5rt utsatt och drabbas mer \u00e4n dubbelt s\u00e5 h\u00e5rt som informations- och kommunikationsbranschen som \u00e4r en av de minst drabbade. Sett till tj\u00e4nstesektorns bredd, med branscher inom vitt skilda aff\u00e4rsverksamheter, \u00e4r denna sp\u00e4nnvidd inte s\u00e4rskilt uppseendev\u00e4ckande.<\/p>\n\n\n<a class='Share__link Share__link--url copy-text' href='#' rel='nofollow' data-text='reflektioner-och-rekommendationer' title='Dela url' data-confirmation='L\u00e4nken kopierades till urklipp'><svg class='icon icon--link'  width='18' height='18' viewBox='0 0 18 18' fill='none' xmlns='http:\/\/www.w3.org\/2000\/svg'>\n            <path d='M10.4142 0.514721L6.87868 4.05025L8.29289 5.46447L11.1213 2.63604L15.364 6.87868L12.5355 9.70711L13.9497 11.1213L17.4853 7.58579C17.8763 7.19476 17.8763 6.5626 17.4853 6.17158L11.8284 0.514721C11.4374 0.123691 10.8052 0.123691 10.4142 0.514721Z' fill='black'\/>\n            <path d='M9.7071 12.5355L6.87868 15.364L2.63604 11.1213L5.46446 8.2929L4.05025 6.87868L0.514716 10.4142C0.123686 10.8052 0.123686 11.4374 0.514716 11.8284L6.17157 17.4853C6.5626 17.8763 7.19475 17.8763 7.58578 17.4853L11.1213 13.9497L9.7071 12.5355Z' fill='black'\/>\n            <path d='M6.17157 11.8284C6.5626 12.2195 7.19475 12.2195 7.58578 11.8284L11.8284 7.58579C12.2195 7.19476 12.2195 6.56261 11.8284 6.17158C11.4374 5.78055 10.8052 5.78055 10.4142 6.17158L6.17157 10.4142C5.78054 10.8052 5.78054 11.4374 6.17157 11.8284Z' fill='black'\/>\n            <\/svg> <\/a>\n<h2 class=\"wp-block-heading\"><strong>Reflektioner och rekommendationer<\/strong><\/h2>\n\n\n\n<p>Denna rapport \u00e4r skriven f\u00f6r att lyfta fram och beskriva tj\u00e4nstesektorns brottsutsatthet. Att uppemot h\u00e4lften av tj\u00e4nstef\u00f6retagen uts\u00e4tts f\u00f6r brott p\u00e5 \u00e5rlig basis pekar p\u00e5 brottslighetens utbreddhet. Ut\u00f6ver de enskilda kostnader och lidande som brottsligheten medf\u00f6r f\u00f6r det enskilda f\u00f6retaget f\u00e5r detta negativa konsekvenser f\u00f6r samh\u00e4llet som helhet.<\/p>\n\n\n\n<p>F\u00f6r Sverige inneb\u00e4r det uppenbara f\u00f6rluster n\u00e4r f\u00f6retag beh\u00f6ver investera och l\u00e4gga tid p\u00e5 egna s\u00e4kerhetsl\u00f6sningar i st\u00e4llet f\u00f6r att fokusera p\u00e5 verksamhetsutveckling och ytterligare tillv\u00e4xt. Detta understryker d\u00e4rmed vikten av att brottsligheten som drabbar f\u00f6retag beh\u00f6ver prioriteras i h\u00f6gre grad \u00e4n i dag och att n\u00e4ringslivet betraktas som ett brottsoffer snarare \u00e4n ett brottsverktyg. Utifr\u00e5n detta perspektiv beh\u00f6ver f\u00f6retagen \u00e4ven ges st\u00e4rkta f\u00f6ruts\u00e4ttningar att st\u00e5 emot den alltmer problematiska arbetslivskriminaliteten, d\u00e4ribland genom m\u00f6jligheten till bakgrundskontroller.<\/p>\n\n\n\n<p>Inom arbetet f\u00f6r att motverka brottsligheten som drabbar f\u00f6retag anser Almega att flera relevanta \u00e5tg\u00e4rder b\u00f6r vidtas. I detta kapitel presenteras dessa \u00e5tg\u00e4rder och sammanfattas i form av rekommendationer under respektive stycke.<\/p>\n\n\n\n<h3 class=\"wp-block-heading\"><strong>S\u00e4kerst\u00e4ll utvecklad samverkan med n\u00e4ringslivet<\/strong><\/h3>\n\n\n\n<p>De senaste \u00e5ren har stort fokus riktats mot det brottsf\u00f6rebyggande arbetet. Sedan 2017 finns ett nationellt program som syftar till att skapa f\u00f6ruts\u00e4ttningar f\u00f6r ett strukturerat och l\u00e5ngsiktigt brottsf\u00f6rebyggande arbete i hela samh\u00e4llet.<span class=\"Footnote\"><sup>20<\/sup><\/span> M\u00e5luppfyllelsen utv\u00e4rderas \u00e5rligen av Br\u00e5 som i den senaste upplagan konstaterar att det finns potential att utveckla samverkan med externa akt\u00f6rer, d\u00e4ribland n\u00e4ringslivet.<span class=\"Footnote\"><sup>21<\/sup><\/span> \u00c4ven Polismyndigheten lyfter fram i sin brottsf\u00f6rebyggande strategi behovet av ett mer proaktivt f\u00f6rh\u00e5llningss\u00e4tt, d\u00e4r man i st\u00e4llet f\u00f6r att reagera och rycka ut, blir b\u00e4ttre p\u00e5 att agera innan ett brott sker eller upprepas. Inom detta arbete betonas s\u00e4rskilt betydelsen av samverkan med flertalet akt\u00f6rer, d\u00e4ribland n\u00e4ringslivet.<span class=\"Footnote\"><sup>22<\/sup><\/span> <\/p>\n\n\n\n<p>\u00c4ven inom det nationella cybers\u00e4kerhetsarbetet har behovet av st\u00e4rkt samverkan med n\u00e4ringslivet uppm\u00e4rksammats. I april 2023 gav regeringen d\u00e4rf\u00f6r ett f\u00f6rtydligat uppdrag till Nationellt Cybers\u00e4kerhetscenter (NCSC) om att st\u00e4rka samverkan genom att bland annat bidra med l\u00e4gesbilder, kompetensutveckling och informationsdelning. Utifr\u00e5n Almegas egna unders\u00f6kningar g\u00e5r detta helt i linje med vad tj\u00e4nstef\u00f6retagen efterfr\u00e5gar f\u00f6r att st\u00e4rka den egna informations- och cybers\u00e4kerheten. Dock har NCSC arbete f\u00f6rsenats, men nu p\u00e5b\u00f6rjats vilket \u00e4r ett steg i r\u00e4tt riktning. I det m\u00e5ste det ligga att centret organiseras och f\u00e5r en huvudman som underl\u00e4ttar f\u00f6r informationsutbyte och skapar goda m\u00f6jligheter att n\u00e5 ut brett till privata verksamheter. Inom arbetet b\u00f6r \u00e4ven de f\u00f6rebyggande insatserna riktas mer fokus eftersom s\u00e4kerheten b\u00f6rjar inom drifts\u00e4kerheten.<\/p>\n\n\n\n<p>Ytterligare ett konkret initiativ f\u00f6r att i h\u00f6gre grad st\u00e4rka samverkan med n\u00e4ringslivet kan ses genom den nya lagen om kommunernas ansvar inom det brottsf\u00f6rebyggande arbetet som tr\u00e4dde i kraft den 1 juli 2023. I lagen f\u00f6rtydligas kommunens ansvar att skriva \u00f6verenskommelser med relevanta akt\u00f6rer, vilket exemplifieras med n\u00e4ringslivet. V\u00e4rt att notera \u00e4r dock otydlighet kring begreppet \u201drelevanta akt\u00f6rer\u201d vilket \u00f6ppnar upp f\u00f6r tolkningsutrymme. Det finns d\u00e4rmed ett behov av uppf\u00f6ljning och eventuellt f\u00f6rtydligande f\u00f6r att s\u00e4kerst\u00e4lla att n\u00e4ringslivets perspektiv finns med i den kartl\u00e4ggning och den \u00e5tg\u00e4rdsplan som kommunerna enligt lagen nu ska ta fram.<\/p>\n\n\n\n<p>Sammantaget finns det d\u00e4rmed ett tydligt identifierat behov av st\u00e4rkt samverkan med n\u00e4ringslivet inom det brottsf\u00f6rebyggande arbetet. Almega ser positivt till de initiativ som hitintills tagits, men betonar behovet av uppf\u00f6ljning f\u00f6r att s\u00e4kerst\u00e4lla att arbetet leder till realiserad och resultatinriktad samverkan med f\u00f6retagen f\u00f6r att minska deras brottsutsatthet.<\/p>\n\n\n\n<ul class=\"wp-block-list\">\n<li><strong>Rekommendation: S\u00e4kerst\u00e4ll att det identifierade behovet av \u00f6vergripande samverkan med n\u00e4ringslivet inom det brottsf\u00f6rebyggande arbetet realiseras i praktiken.<\/strong><\/li>\n<\/ul>\n\n\n\n<p>Detta b\u00f6r g\u00f6ras med fokus p\u00e5 Polismyndighetens och Nationellt Cybers\u00e4kerhetscenters verksamhet samt genom en utv\u00e4rdering hur kommunerna lever upp till sitt nya brottsf\u00f6rebyggande ansvar.<span class=\"Footnote\"><sup>23<\/sup><\/span> Rekommendationen kan genomf\u00f6ras som en granskning av Riksrevisionen.<\/p>\n\n\n\n<h3 class=\"wp-block-heading\"><strong>Officiell statistik med nya brottskoder och trygghetsunders\u00f6kning<\/strong><\/h3>\n\n\n\n<p>Enligt den nya lagen om kommunernas ansvar att kartl\u00e4gga brottsligheten ska denna utg\u00e5 fr\u00e5n officiell statistik fr\u00e5n Br\u00e5 och Polismyndigheten.<span class=\"Footnote\"><sup>24<\/sup><\/span> Problematiskt blir d\u00e4rmed att f\u00f6retagens brottsutsatthet inte redovisas i denna statistik. Risken <\/p>\n\n\n\n<p>blir f\u00f6ljaktligen \u00e5terigen att kommunernas kartl\u00e4ggning, som ska ligga till grund f\u00f6r en \u00e5tg\u00e4rdsplan, inte innefattar n\u00e4ringslivets utsatthet. Detta belyser vikten av att officiell statistik kommer p\u00e5 plats f\u00f6r att syftet med den nya lagen \u2013 att minska brottsligheten genom ett kunskapsbaserat brottsf\u00f6rebyggande arbete \u2013 ska kunna uppn\u00e5s.<\/p>\n\n\n\n<p>Framtagande av officiell statistik f\u00f6rsv\u00e5ras i sin tur av bristen p\u00e5 brottskoder f\u00f6r brott som drabbar f\u00f6retag. Det inneb\u00e4r att \u00e4ven om ett uppdrag skulle f\u00f6religga s\u00e5 finns det i dag inte m\u00f6jlighet att sammanst\u00e4lla en helt\u00e4ckande bild av brott som polisanm\u00e4lts av f\u00f6retag. Det belyser d\u00e4rmed vikten av att nya brottskoder tas fram f\u00f6r att s\u00e4kerst\u00e4lla att f\u00f6retagens brottsutsatthet kan sammanst\u00e4llas i officiell statistik.<\/p>\n\n\n\n<p>\u00c4ven om officiell statistik tas fram kvarst\u00e5r problematiken kring att endast fyra av tio tj\u00e4nstef\u00f6retag v\u00e4ljer att anm\u00e4la, vilket medf\u00f6r ett utbrett m\u00f6rkertal. Allt sammantaget inneb\u00e4r detta att i syfte att s\u00e4kerst\u00e4lla att f\u00f6retagens brottsutsatthet blir belyst p\u00e5 ett mer helt\u00e4ckande vis s\u00e5 beh\u00f6vs \u00e4ven en \u00e5terkommande nationell trygghetsunders\u00f6kning genomf\u00f6ras med fokus p\u00e5 n\u00e4ringslivet. P\u00e5 s\u00e5 vis skapas, trots f\u00f6retagens l\u00e5ga anm\u00e4lningsben\u00e4genhet och bristande brottskoder, en mer helt\u00e4ckande bild av f\u00f6retagens brottsutsatthet. Detta blir \u00e4ven ett s\u00e4rskilt viktigt underlag som kommunerna inom sitt nya lagstadgade uppdrag kan utg\u00e5 fr\u00e5n f\u00f6r att kunna g\u00f6ra en kartl\u00e4ggning och \u00e5tg\u00e4rdsplan f\u00f6r brottsligheten i sitt geografiska omr\u00e5de.<\/p>\n\n\n\n<ul class=\"wp-block-list\">\n<li><strong>Rekommendation: Redovisa officiell statistik \u00f6ver f\u00f6retagens brottsutsatthet.<\/strong><\/li>\n<\/ul>\n\n\n\n<p>F\u00f6r att m\u00f6jligg\u00f6ra detta beh\u00f6vs nya brottskoder samt en \u00e5terkommande nationell trygghethetsunders\u00f6kning bland f\u00f6retag. Rekommendationen kan realiseras genom uppdrag till Br\u00e5.<\/p>\n\n\n\n<h3 class=\"wp-block-heading\"><a><strong>Prioritera m\u00e4ngdbrotten och samordna den digitala brottsbek\u00e4mpningen<\/strong><\/a><\/h3>\n\n\n\n<p>Endast fyra av tio tj\u00e4nstef\u00f6retag v\u00e4ljer att anm\u00e4la samtliga brott de blivit utsatta f\u00f6r. Att anm\u00e4lningsben\u00e4genheten \u00e4r s\u00e5 l\u00e5g handlar fr\u00e4mst om att f\u00f6retagen inte tror att en anm\u00e4lan leder till n\u00e5got resultat. Detta medf\u00f6r inte bara ett omfattande m\u00f6rkertal d\u00e4r denna brottslighet inte kommer till polisens k\u00e4nnedom, utan \u00e4n allvarligare \u2013 det pekar p\u00e5 en bristande tilltro till polisens f\u00f6rm\u00e5ga att uppr\u00e4tth\u00e5lla lag och ordning. En slutsats som dessutom delvis bekr\u00e4ftas i Riksrevisionens granskning av polisens f\u00f6rm\u00e5ga att hantera m\u00e4ngdbrott,<span class=\"Footnote\"><sup>25<\/sup><\/span> vilket \u00e4r den typ av brottslighet som utg\u00f6r den stora bulken av brottslighet som drabbar b\u00e5de privatpersoner och f\u00f6retag.<span class=\"Footnote\"><sup>26<\/sup><\/span> <\/p>\n\n\n\n<p>Riksrevisionens slutsats \u00e4r att polisen inte bek\u00e4mpar m\u00e4ngdbrotten p\u00e5 ett effektivt s\u00e4tt och konstaterar att trots stora anslags\u00f6kningar, fler anst\u00e4llda och en genomgripande omorganisation har resultaten, sett till uppklaring av m\u00e4ngdbrott, blivit s\u00e4mre. Bland orsakerna till polisens bristf\u00e4lliga hantering pekas bland annat p\u00e5 ett st\u00e4ndigt dr\u00e4nage av utredningsresurser fr\u00e5n lokalpolisomr\u00e5dena som ska vara basen i polisens verksamhet. I st\u00e4llet flyttas resurser f\u00f6r att hantera den grova organiserade brottsligheten. Detta medf\u00f6r att anm\u00e4lda brott som har f\u00f6ruts\u00e4ttningar att utredas blir liggande eller avskrivs direkt. Riksrevisionen anser att detta inneb\u00e4r ett allvarligt l\u00e4ge eftersom brottsutsatta riskerar att inte f\u00e5 sin trygghet och s\u00e4kerhet tillgodosedd, vilket i sin tur kan leda till att f\u00f6rtroendet f\u00f6r r\u00e4ttsv\u00e4sendet minskar. Ett resultat som vi redan nu ser inom tj\u00e4nstesektorn d\u00e4r just tilltron till polisen sviktar. <\/p>\n\n\n\n<p>Sammantaget pekar slutsatserna p\u00e5 betydelsen av att Polismyndigheten m\u00e4ktar med att hantera &#8211; vid sidan av det \u00f6kade fokuset p\u00e5 den grova brottsligheten &#8211; de m\u00e4ngdbrott som trots allt drabbar flest personer och f\u00f6retag. Dessutom blir detta en del i helheten att bek\u00e4mpa den grova brottsligheten eftersom de \u00e4r starkt sammanl\u00e4nkade. Inte minst genom att brottsvinsterna fr\u00e5n den stora \u00f6kningen av bedr\u00e4gerier \u00e5terinvesteras i den grova brottsligheten. Bekymmersamt \u00e4r d\u00e4rf\u00f6r att Polismyndigheten sj\u00e4lv redog\u00f6r f\u00f6r att bedr\u00e4gerierna blivit alltmer komplicerade att utreda.<span class=\"Footnote\"><sup>27<\/sup><\/span> Bland annat p\u00e5 grund av digitaliseringen och den snabba teknikutvecklingen som \u00e4ven inneb\u00e4r att denna typ av brottslighet genomf\u00f6rs utan geografiska begr\u00e4nsningar. De digitaliserade bedr\u00e4gerierna utmanar d\u00e4rmed polisens traditionella fokus p\u00e5 att hantera brottsligheten lokalt. Detta pekar mot behovet av att \u00e4ven samordna f\u00f6rm\u00e5gan f\u00f6r att m\u00f6ta den alltmer digitaliserade brottsligheten. Nya siffror som visar att kostnadsutvecklingen f\u00f6r cyberbrott skenar, till stor del p\u00e5 grund av de digitaliserade bedr\u00e4gerierna, understryker d\u00e4rtill behovet av att se till att det finns f\u00f6rm\u00e5ga att bryta denna oh\u00e5llbara utvecklingstakt.<span class=\"Footnote\"><sup>28<\/sup><\/span> <\/p>\n\n\n\n<ul class=\"wp-block-list\">\n<li><strong>Rekommendation: Prioritera m\u00e4ngdbrotten och samordna den digitala brottsbek\u00e4mpningen<\/strong><\/li>\n<\/ul>\n\n\n\n<p>Polismyndigheten beh\u00f6ver dels prioritera m\u00e4ngdbrotten genom st\u00e4rkt kapacitet i lokalpolisomr\u00e5dena, dels hantera den alltmer digitaliserade och gr\u00e4ns\u00f6verskridande brottsligheten genom att samordna den polisi\u00e4ra f\u00f6rm\u00e5gan. Rekommendationen kan realiseras genom ett f\u00f6rtydligat uppdrag inom Polismyndighetens regleringsbrev.<\/p>\n\n\n\n<h3 class=\"wp-block-heading\"><strong>Utveckla digital polisanm\u00e4lan<\/strong><\/h3>\n\n\n\n<p>Anm\u00e4lningsben\u00e4genheten beh\u00f6ver \u00f6ka f\u00f6r att f\u00f6retagens brottsutsatthet ska komma till polisens k\u00e4nnedom. Uppenbart \u00e4r att en tidskr\u00e4vande och komplicerad process blir alltf\u00f6r kostsam f\u00f6r ett brottsutsatt f\u00f6retag, s\u00e4rskilt om det inte finns en tilltro att en anm\u00e4lan g\u00f6r n\u00e5gon skillnad eller leder till \u00e5tg\u00e4rder, s\u00e5 som framkommit i den h\u00e4r rapporten. <\/p>\n\n\n\n<p>I dag finns m\u00f6jlighet att g\u00f6ra en digital anm\u00e4lan f\u00f6r ett antal typer av brott, men i de flesta fall m\u00e5ste man fortfarande ringa in till Polismyndigheten. Det g\u00e4ller \u00e4ven f\u00f6retag som endast i ett f\u00e5tal fall kan g\u00f6ra en digital anm\u00e4lan i rollen som n\u00e4ringsidkare. Utformningen och handhavandet med digital anm\u00e4lan har kritiserats av Riksrevisionen f\u00f6r att leda till merarbete f\u00f6r polisen snarare \u00e4n att skapa en effektiv \u00e4rendehantering.<span class=\"Footnote\"><sup>29<\/sup><\/span> Detta s\u00e4tter allts\u00e5 fingret p\u00e5 att anm\u00e4lningsf\u00f6rfarandet inte fungerar f\u00f6r vare sig f\u00f6r polisen sj\u00e4lva eller f\u00f6r de anm\u00e4lande f\u00f6retagen. <\/p>\n\n\n\n<p>Det finns d\u00e4rmed stor potential att utveckla en digital anm\u00e4lan f\u00f6r att underl\u00e4tta och effektivisera b\u00e5de f\u00f6r de brottsutsatta f\u00f6retagen och f\u00f6r Polismyndigheten, som \u00e4ven kritiserats f\u00f6r alltf\u00f6r l\u00e5nga svarstider n\u00e4r anm\u00e4lan tas emot via telefon.<span class=\"Footnote\"><sup>30<\/sup><\/span> Inspiration g\u00e5r h\u00e4r att f\u00e5 genom en nordisk utblick, d\u00e4r exempelvis Finland utvecklat ett digitalt anm\u00e4lningsf\u00f6rfarande f\u00f6r f\u00f6retag genom en s\u00e4rskild f\u00f6retagssida.<\/p>\n\n\n\n<ul class=\"wp-block-list\">\n<li><strong>Rekommendation: Utveckla det digitala anm\u00e4lningsf\u00f6rfarandet.<\/strong><\/li>\n<\/ul>\n\n\n\n<p>Polismyndigheten beh\u00f6ver arbeta f\u00f6r att \u00f6ka anm\u00e4lningsben\u00e4genheten genom att utveckla och underl\u00e4tta m\u00f6jligheten att anm\u00e4la digitalt. Detta kan g\u00f6ras genom att ta fram en s\u00e4rskild f\u00f6retagssida f\u00f6r anm\u00e4lan p\u00e5 polisens hemsida.<\/p>\n\n\n\n<h3 class=\"wp-block-heading\"><strong>Inf\u00f6r ett trygghetsavdrag<\/strong><\/h3>\n\n\n\n<p>Svenska f\u00f6retag vidtar idag i stor utstr\u00e4ckning egna \u00e5tg\u00e4rder f\u00f6r att f\u00f6rebygga och skydda sig mot brott och ordningsst\u00f6rningar. Det framg\u00e5r i en unders\u00f6kning fr\u00e5n Svenskt N\u00e4ringsliv som visar att uppemot fyra av tio f\u00f6retag investerar i n\u00e5gon eller n\u00e5gra s\u00e4kerhetsh\u00f6jande \u00e5tg\u00e4rder.<span class=\"Footnote\"><sup>31<\/sup><\/span> Dessa investeringar t\u00e4cker allt fr\u00e5n kamerabevakning och v\u00e4ktare till it-s\u00e4kerhet och l\u00e5s. Sammantaget uppg\u00e5r v\u00e4rdet av f\u00f6retagens egna s\u00e4kerhets\u00e5tg\u00e4rder till 34 miljarder kronor under det senaste \u00e5ret.<\/p>\n\n\n\n<p>Statistiken \u00e5terspeglar d\u00e4rmed att trots f\u00f6retagen redan bidrar med betydande skattesummor till staten och kommunen f\u00f6r att uppr\u00e4tth\u00e5lla lag och ordning s\u00e5 finns ett stort behov att ytterligare st\u00e4rka den egna s\u00e4kerheten. Detta inneb\u00e4r i praktiken att de betalar dubbla kostnader f\u00f6r att \u00f6ka den egna tryggheten och skydda sig mot brottsligheten. I syfte att l\u00e4tta den ekonomiska b\u00f6rdan som detta medf\u00f6r skulle ett trygghetsavdrag kunna inf\u00f6ras som inneb\u00e4r en m\u00f6jlighet att dra av en del av kostnaderna f\u00f6r s\u00e4kerhets\u00e5tg\u00e4rder gentemot skatten. Detta skulle \u00e4ven bidra till att uppmuntra investeringar som leder till \u00f6kad trygghet och ett s\u00e4krare samh\u00e4llsklimat samt till ett b\u00e4ttre utredningsunderlag till Polisen vid h\u00e4ndelse av brott om till exempel fler f\u00f6retag investerar i kamera\u00f6vervakning och passersystem.<\/p>\n\n\n\n<p>Ett trygghetsavdrag vore en betydelsefull \u00e5tg\u00e4rd och en del i att prioritera f\u00f6retagens brottsutsatthet i h\u00f6gre grad \u00e4n idag. F\u00f6rslaget i sig skulle i Almegas \u00e5sikt \u00e4ven vara till\u00e4mpbart i vidare bem\u00e4rkelse och vara relevant f\u00f6r att uppmuntra privatpersoners investeringar f\u00f6r att \u00f6ka den egna tryggheten.<\/p>\n\n\n\n<ul class=\"wp-block-list\">\n<li><strong>Rekommendation: Inf\u00f6r ett trygghetsavdrag med m\u00f6jlighet f\u00f6r f\u00f6retag att dra av delar av kostnaden f\u00f6r investeringar i s\u00e4kerhetsl\u00f6sningar s\u00e5 som larm, v\u00e4ktare och kamerabevakning.<\/strong><\/li>\n<\/ul>\n\n\n<a class='Share__link Share__link--url copy-text' href='#' rel='nofollow' data-text='referenser-och-litteratur' title='Dela url' data-confirmation='L\u00e4nken kopierades till urklipp'><svg class='icon icon--link'  width='18' height='18' viewBox='0 0 18 18' fill='none' xmlns='http:\/\/www.w3.org\/2000\/svg'>\n            <path d='M10.4142 0.514721L6.87868 4.05025L8.29289 5.46447L11.1213 2.63604L15.364 6.87868L12.5355 9.70711L13.9497 11.1213L17.4853 7.58579C17.8763 7.19476 17.8763 6.5626 17.4853 6.17158L11.8284 0.514721C11.4374 0.123691 10.8052 0.123691 10.4142 0.514721Z' fill='black'\/>\n            <path d='M9.7071 12.5355L6.87868 15.364L2.63604 11.1213L5.46446 8.2929L4.05025 6.87868L0.514716 10.4142C0.123686 10.8052 0.123686 11.4374 0.514716 11.8284L6.17157 17.4853C6.5626 17.8763 7.19475 17.8763 7.58578 17.4853L11.1213 13.9497L9.7071 12.5355Z' fill='black'\/>\n            <path d='M6.17157 11.8284C6.5626 12.2195 7.19475 12.2195 7.58578 11.8284L11.8284 7.58579C12.2195 7.19476 12.2195 6.56261 11.8284 6.17158C11.4374 5.78055 10.8052 5.78055 10.4142 6.17158L6.17157 10.4142C5.78054 10.8052 5.78054 11.4374 6.17157 11.8284Z' fill='black'\/>\n            <\/svg> <\/a>\n<h2 class=\"wp-block-heading\"><strong>Referenser och litteratur<\/strong><\/h2>\n\n\n\n<p><a href=\"https:\/\/www.almega.se\/app\/uploads\/2022\/06\/cybersakerhet.pdf\">Almega. Tj\u00e4nstef\u00f6retagen och st\u00e4rkt cybers\u00e4kerhet i Sverige. 2022.<\/a><\/p>\n\n\n\n<p><a href=\"https:\/\/bra.se\/download\/18.3d22500318e5f70da2846d9\/1711454523087\/Statistikrapport_anmalda_2023.pdf\">Brottsf\u00f6rebyggande r\u00e5det. Kriminalstatistik 2023.<\/a><\/p>\n\n\n\n<p><a href=\"https:\/\/bra.se\/publikationer\/arkiv\/publikationer\/2023-03-24-det-brottsforebyggande-arbetet-i-sverige.html\">Brottsf\u00f6rebyggande r\u00e5det. Det brottsf\u00f6rebyggande arbetet i Sverige \u2013 Nul\u00e4ge och utvecklingsbehov 2023<\/a>.<\/p>\n\n\n\n<p><a href=\"https:\/\/bra.se\/publikationer\/arkiv\/publikationer\/2023-10-11-nationella-trygghetsundersokningen-2023.html\">Brottsf\u00f6rebyggande r\u00e5det. Nationell trygghetsunders\u00f6kning 2023.<\/a><\/p>\n\n\n\n<p><a href=\"https:\/\/bra.se\/statistik\/statistik-utifran-brottstyper\/bedragerier-och-ekobrott.html\">Brottsf\u00f6rebyggande r\u00e5det (2022). Bedr\u00e4gerier och ekobrott.<\/a><\/p>\n\n\n\n<p><a href=\"https:\/\/www.riksdagen.se\/sv\/dokument-och-lagar\/dokument\/svensk-forfattningssamling\/lag-2023196-om-kommuners-ansvar-for_sfs-2023-196\/\">Lag (2023:196) om kommuners ansvar f\u00f6r brottsf\u00f6rebyggande arbete.<\/a><\/p>\n\n\n\n<p><a href=\"\/Users\/almmtl\/Downloads\/Organiserade%2520bedr%25C3%25A4gerierna%2520(1).pdf\">Nationellt bedr\u00e4gericentrum, Polismyndigheten. De organiserade bedr\u00e4gerierna. 2021.<\/a><\/p>\n\n\n\n<p><a href=\"\/Users\/almmtl\/Downloads\/De%2520d%25C3%25B6dliga%2520bedr%25C3%25A4gerierna%2520(5).pdf\">Nationellt bedr\u00e4gericentrum, Polismyndigheten. De d\u00f6dliga bedr\u00e4gerierna 2022.<\/a><\/p>\n\n\n\n<p><a href=\"\/Users\/almmtl\/Downloads\/pm-2022-12-polismyndighetens-strategi-for-det-brottsforebyggande-arbetet%2520(5).pdf\">Polismyndigheten. Polismyndighetens strategi f\u00f6r det brottsf\u00f6rebyggande arbetet. PM 2022:12.<\/a><\/p>\n\n\n\n<p><a href=\"\/Users\/almmtl\/Downloads\/Polismyndighetens%2520%25C3%25A5rsedovisning%25202023%2520(1).pdf\">Polismyndighetens \u00e5rsredovisning 2023.<\/a><\/p>\n\n\n\n<p><a href=\"https:\/\/www.riksdagen.se\/sv\/dokument-och-lagar\/dokument\/proposition\/kommuners-ansvar-for-brottsforebyggande-arbete_ha0343\/\">Proposition 2022\/23:43<\/a>. Kommunernas ansvar inom det brottsf\u00f6rebyggande arbetet.<\/p>\n\n\n\n<p><a href=\"https:\/\/www.regeringen.se\/contentassets\/d0b212f61d0d49828e5e257f47e892ad\/tillsammans-mot-brott---ett-nationellt-brottsforebyggande-program-skr.-201617126\">Regeringens skrivelse. Tillsammans mot brott \u2013 ett nationellt brottsf\u00f6rebyggande program. 2016\/17:126.<\/a><\/p>\n\n\n\n<p><a href=\"https:\/\/www.riksrevisionen.se\/rapporter\/granskningsrapporter\/2023\/regeringens-styrning-av-samhallets-informations--och-cybersakerhet---bade-bradskande-och-viktig.html\">Riksrevisionen. Regeringens styrning av samh\u00e4llets informations- och cybers\u00e4kerhet \u2013 b\u00e5de br\u00e5dskande och viktig. 2023. RiR 2023:8.<\/a><\/p>\n\n\n\n<p><a href=\"https:\/\/www.riksrevisionen.se\/rapporter\/granskningsrapporter\/2023\/polisens-hantering-av-mangdbrott---en-verksamhet-vars-formaga-behover-forstarkas.html\">Riksrevisionen. Polisens hantering av m\u00e4ngdbrott \u2013 en verksamhet vars f\u00f6rm\u00e5ga beh\u00f6ver st\u00e4rkas. Riksrevisionen 2023. RiR 2023:2.<\/a><\/p>\n\n\n\n<p><a href=\"https:\/\/tryggaresverige.org\/ftu-2-2\">Stiftelsen Tryggare Sverige. F\u00f6retagens trygghetsunders\u00f6kning 2023.<\/a><\/p>\n\n\n\n<p><a href=\"https:\/\/stockholmshandelskammare.se\/wp-content\/uploads\/2022\/09\/shk_rapport_cyberbrott_mot_svenska_foretag_utskriftsversion_v2.pdf\">Stockholms handelskammare. Cyberbrott mot svenska f\u00f6retag \u2013 hur bygger vi en s\u00e4krare framtid? (2022)<\/a>.<\/p>\n\n\n\n<p><a href=\"https:\/\/www.svensktnaringsliv.se\/bilder_och_dokument\/rapporter\/ud37aj_rapport_brottslighetens_kostnader_2022pdf_1180863.html\/Rapport_Brottslighetens_kostnader_2022.pdf\">Svenskt N\u00e4ringsliv. Brottslighetens kostnader 2022.<\/a><\/p>\n\n\n\n<p><a href=\"https:\/\/www.svensktnaringsliv.se\/bilder_och_dokument\/rapporter\/1dqch7_brottslighetens-kostnader-2023pdf_1204591.html\/Brottslighetens+kostnader+2023.pdf\">Svenskt N\u00e4ringsliv. Brottslighetens kostnader 2023.<\/a><\/p>\n\n\n\n<p><a href=\"https:\/\/www.svensktnaringsliv.se\/sakomraden\/sakerhet-och-risk\/cyberangrepp-mot-naringslivet-ett-hot-mot-foretagens-verksamhet_1205758.html\">Svenskt N\u00e4ringsliv. Cybers\u00e4kerhet f\u00f6retag. 2023.<\/a><\/p>\n\n\n<a class='Share__link Share__link--url copy-text' href='#' rel='nofollow' data-text='fotnoter' title='Dela url' data-confirmation='L\u00e4nken kopierades till urklipp'><svg class='icon icon--link'  width='18' height='18' viewBox='0 0 18 18' fill='none' xmlns='http:\/\/www.w3.org\/2000\/svg'>\n            <path d='M10.4142 0.514721L6.87868 4.05025L8.29289 5.46447L11.1213 2.63604L15.364 6.87868L12.5355 9.70711L13.9497 11.1213L17.4853 7.58579C17.8763 7.19476 17.8763 6.5626 17.4853 6.17158L11.8284 0.514721C11.4374 0.123691 10.8052 0.123691 10.4142 0.514721Z' fill='black'\/>\n            <path d='M9.7071 12.5355L6.87868 15.364L2.63604 11.1213L5.46446 8.2929L4.05025 6.87868L0.514716 10.4142C0.123686 10.8052 0.123686 11.4374 0.514716 11.8284L6.17157 17.4853C6.5626 17.8763 7.19475 17.8763 7.58578 17.4853L11.1213 13.9497L9.7071 12.5355Z' fill='black'\/>\n            <path d='M6.17157 11.8284C6.5626 12.2195 7.19475 12.2195 7.58578 11.8284L11.8284 7.58579C12.2195 7.19476 12.2195 6.56261 11.8284 6.17158C11.4374 5.78055 10.8052 5.78055 10.4142 6.17158L6.17157 10.4142C5.78054 10.8052 5.78054 11.4374 6.17157 11.8284Z' fill='black'\/>\n            <\/svg> <\/a>\n<h2 class=\"wp-block-heading\">Fotnoter<\/h2>\n\n\n\n<ol class=\"wp-block-list\">\n<li>Unders\u00f6kningen genomf\u00f6rdes 2023 och fr\u00e5gor st\u00e4lldes om f\u00f6retagens utsatthet f\u00f6r brott under de senaste tolv m\u00e5naderna.<\/li>\n\n\n\n<li>Dessa fyra sektorer representerar samtliga f\u00f6retag som ingick i Svenskt N\u00e4ringslivs unders\u00f6kning.<\/li>\n\n\n\n<li>Tidsperioden g\u00e4llde de senaste 6 m\u00e5naderna, j\u00e4mf\u00f6rt med de 12 m\u00e5nader som varit aktuellt f\u00f6r unders\u00f6kningen som ligger till grund f\u00f6r denna rapport.<\/li>\n\n\n\n<li>41% av tj\u00e4nstef\u00f6retagen svarade att de hade utsatts f\u00f6r brott under de senaste 6 m\u00e5naderna.<\/li>\n\n\n\n<li>Tj\u00e4nstef\u00f6retagen och st\u00e4rkt cyber\u00e4kerhet i Sverige. Almega, 2022.<\/li>\n\n\n\n<li>Svenskt N\u00e4ringsliv \u2013 cybers\u00e4kerhet f\u00f6retag. 2023.<\/li>\n\n\n\n<li>Stockholms handelskammare (2022). Cyberbrott mot svenska f\u00f6retag \u2013 hur bygger vi en s\u00e4krare framtid? Stockholm: Stockholms handelskammare. [1]<\/li>\n\n\n\n<li>Brottslighetens kostnader 2023. Svenskt N\u00e4ringsliv.<\/li>\n\n\n\n<li>Tj\u00e4nstef\u00f6retagen och st\u00e4rkt cybers\u00e4kerhet i Sverige. Almega 2022.<\/li>\n\n\n\n<li>Regeringens styrning av samh\u00e4llets informations- och cybers\u00e4kerhet \u2013 b\u00e5de br\u00e5dskande och viktig, Riksrevisionen 2023. RiR 2023:8.<\/li>\n\n\n\n<li>NIS2-direktivet beslutades av EU den 14 december 2022. Direktivet syftar till att uppn\u00e5 en h\u00f6g gemensam cybers\u00e4kerhetsniv\u00e5 och st\u00e4ller tydligare krav p\u00e5 bland annat riskanalyser och olika s\u00e4kerhets\u00e5tg\u00e4rder. Den 23 februari 2023 tillsatte regeringen en utredning som har till uppdrag att inf\u00f6ra NIS2 i svensk lagstiftning. Utredningen har l\u00e4mnat delbet\u00e4nkandet SOU 2024:18 Nya regler om cybers\u00e4kerhet med f\u00f6rslag om hur NIS2-direktivet ska implementeras och f\u00f6resl\u00e5r att f\u00f6rslagen ska tr\u00e4da i kraft den 1 januari 2025.<\/li>\n\n\n\n<li>Statistik fr\u00e5n unders\u00f6kningen Brottslighetens kostnader 2022. Svenskt N\u00e4ringsliv. Unders\u00f6kningen g\u00e4ller en tidsperiod p\u00e5 6 m\u00e5nader vilket inneb\u00e4r att den inte \u00e4r j\u00e4mf\u00f6rbar med unders\u00f6kningen som denna rapport baserar sig p\u00e5.<\/li>\n\n\n\n<li>Enligt Br\u00e5 minskade bedr\u00e4gerier med cirka 10 % detta \u00e5r. Fr\u00e4mst minskade kortbedr\u00e4gerierna, men vissa bedr\u00e4geriformer fortsatte att \u00f6ka, d\u00e4ribland vishing.<\/li>\n\n\n\n<li>Brottsf\u00f6rebyggande r\u00e5det (2022)<\/li>\n\n\n\n<li>De organiserade bedr\u00e4gerierna. 2021. De d\u00f6dliga bedr\u00e4gerierna 2022. B\u00e5da fr\u00e5n Nationellt bedr\u00e4gericentrum, Polismyndigheten.<\/li>\n\n\n\n<li>De d\u00f6dliga bedr\u00e4gerierna, Nationellt bedr\u00e4gericentrum. 2022.<\/li>\n\n\n\n<li>Brottslighetens kostnader 2023. Svenskt N\u00e4ringsliv.<\/li>\n\n\n\n<li>Brottslighetens kostnader 2023. Svenskt N\u00e4ringsliv. F\u00f6retagens trygghetsunders\u00f6kning 2023, Stiftelsen tryggare Sverige.<\/li>\n\n\n\n<li>F\u00f6retagens trygghetsunders\u00f6kning 2023. Stiftelsen Tryggare Sverige.<\/li>\n\n\n\n<li>Tillsammans mot brott \u2013 ett nationellt brottsf\u00f6rebyggande program. Regeringens skrivelse 2016\/17:126.<\/li>\n\n\n\n<li>Det brottsf\u00f6rebyggande arbetet i Sverige \u2013 Nul\u00e4ge och utvecklingsbehov 2023. Br\u00e5.<\/li>\n\n\n\n<li>Polismyndighetens strategi f\u00f6r det brottsf\u00f6rebyggande arbetet. PM 2022:12.<\/li>\n\n\n\n<li>Lag (2023:196) om kommuners ansvar f\u00f6r brottsf\u00f6rebyggande arbete.<\/li>\n\n\n\n<li>Prop2022\/23:43.<\/li>\n\n\n\n<li>Polisens hantering av m\u00e4ngdbrott \u2013 en verksamhet vars f\u00f6rm\u00e5ga beh\u00f6ver st\u00e4rkas. Riksrevisionen 2023. RiR 2023:2.<\/li>\n\n\n\n<li>Det r\u00f6r sig om exempelvis skadeg\u00f6relse, inbrott och bedr\u00e4geri som kan inneb\u00e4ra allvarlig skada, ekonomiska f\u00f6rluster och som dessutom har starka samband med grov organiserad brottslighet.<\/li>\n\n\n\n<li>Polismyndighetens \u00e5rsredovisning 2023.<\/li>\n\n\n\n<li>Brottslighetens kostnader 2023. Svenskt N\u00e4ringsliv.<\/li>\n\n\n\n<li>Polisens hantering av m\u00e4ngdbrott \u2013 en verksamhet vars f\u00f6rm\u00e5ga beh\u00f6ver st\u00e4rkas. Riksrevisionen 2023. RiR 2023:2.<\/li>\n\n\n\n<li>Ibid samt Polismyndighetens \u00e5rsredovisning 2023.<\/li>\n\n\n\n<li>Brottslighetens kostnader 2023. Svenskt N\u00e4ringsliv.<\/li>\n<\/ol>\n","protected":false},"excerpt":{"rendered":"<p>Hur drabbas tj\u00e4nstesektorn av den r\u00e5dande brottsligheten? Hu ska vi tackla situationen och vad finns det f\u00f6r rekommendationer kring hur f\u00f6retagens brottsutsatthet kan motverkas? Dessa fr\u00e5gor besvaras i Almegas senaste rapport.<\/p>\n","protected":false},"author":16543,"featured_media":74375,"comment_status":"closed","ping_status":"closed","sticky":false,"template":"","format":"standard","meta":{"_acf_changed":false,"footnotes":""},"categories":[581],"tags":[680,50],"article_type":[56,42],"agreement":[],"class_list":["post-74344","post","type-post","status-publish","format-standard","has-post-thumbnail","hentry","category-tjanstesektorns-betydelse","tag-sakerhet","tag-tjanstesektorns-utveckling","type-nyheter","type-rapporter"],"acf":[],"yoast_head":"<!-- This site is optimized with the Yoast SEO Premium plugin v26.8 (Yoast SEO v26.8) - https:\/\/yoast.com\/product\/yoast-seo-premium-wordpress\/ -->\n<title>Rapport: Dold brottslighet \u2013 s\u00e5 drabbas tj\u00e4nstesektorn av den r\u00e5dande brottsligheten | Almega<\/title>\n<meta name=\"robots\" content=\"index, follow, max-snippet:-1, max-image-preview:large, max-video-preview:-1\" \/>\n<link rel=\"canonical\" href=\"https:\/\/www.almega.se\/2024\/07\/ny-rapport-dold-brottslighet-sa-drabbas-tjanstesektorn-av-den-radande-brottsligheten\/\" \/>\n<meta property=\"og:locale\" content=\"sv_SE\" \/>\n<meta property=\"og:type\" content=\"article\" \/>\n<meta property=\"og:title\" content=\"Rapport: Dold brottslighet \u2013 s\u00e5 drabbas tj\u00e4nstesektorn av den r\u00e5dande brottsligheten\" \/>\n<meta property=\"og:description\" content=\"Hur drabbas tj\u00e4nstesektorn av den r\u00e5dande brottsligheten? Hu ska vi tackla situationen och vad finns det f\u00f6r rekommendationer kring hur f\u00f6retagens brottsutsatthet kan motverkas? Dessa fr\u00e5gor besvaras i Almegas senaste rapport.\" \/>\n<meta property=\"og:url\" content=\"https:\/\/www.almega.se\/2024\/07\/ny-rapport-dold-brottslighet-sa-drabbas-tjanstesektorn-av-den-radande-brottsligheten\/\" \/>\n<meta property=\"og:site_name\" content=\"Almega\" \/>\n<meta property=\"article:published_time\" content=\"2024-07-02T03:00:00+00:00\" \/>\n<meta property=\"article:modified_time\" content=\"2024-08-21T08:54:42+00:00\" \/>\n<meta property=\"og:image\" content=\"https:\/\/www.almega.se\/app\/uploads\/2024\/06\/brott-bild-1180x944.png\" \/>\n\t<meta property=\"og:image:width\" content=\"1180\" \/>\n\t<meta property=\"og:image:height\" content=\"944\" \/>\n\t<meta property=\"og:image:type\" content=\"image\/png\" \/>\n<meta name=\"author\" content=\"R\u00e9ka Tolnai\" \/>\n<meta name=\"twitter:card\" content=\"summary_large_image\" \/>\n<meta name=\"twitter:label1\" content=\"Skriven av\" \/>\n\t<meta name=\"twitter:data1\" content=\"R\u00e9ka Tolnai\" \/>\n\t<meta name=\"twitter:label2\" content=\"Ber\u00e4knad l\u00e4stid\" \/>\n\t<meta name=\"twitter:data2\" content=\"34 minuter\" \/>\n<!-- \/ Yoast SEO Premium plugin. -->","yoast_head_json":{"title":"Rapport: Dold brottslighet \u2013 s\u00e5 drabbas tj\u00e4nstesektorn av den r\u00e5dande brottsligheten | Almega","robots":{"index":"index","follow":"follow","max-snippet":"max-snippet:-1","max-image-preview":"max-image-preview:large","max-video-preview":"max-video-preview:-1"},"canonical":"https:\/\/www.almega.se\/2024\/07\/ny-rapport-dold-brottslighet-sa-drabbas-tjanstesektorn-av-den-radande-brottsligheten\/","og_locale":"sv_SE","og_type":"article","og_title":"Rapport: Dold brottslighet \u2013 s\u00e5 drabbas tj\u00e4nstesektorn av den r\u00e5dande brottsligheten","og_description":"Hur drabbas tj\u00e4nstesektorn av den r\u00e5dande brottsligheten? Hu ska vi tackla situationen och vad finns det f\u00f6r rekommendationer kring hur f\u00f6retagens brottsutsatthet kan motverkas? Dessa fr\u00e5gor besvaras i Almegas senaste rapport.","og_url":"https:\/\/www.almega.se\/2024\/07\/ny-rapport-dold-brottslighet-sa-drabbas-tjanstesektorn-av-den-radande-brottsligheten\/","og_site_name":"Almega","article_published_time":"2024-07-02T03:00:00+00:00","article_modified_time":"2024-08-21T08:54:42+00:00","og_image":[{"width":1180,"height":944,"url":"https:\/\/www.almega.se\/app\/uploads\/2024\/06\/brott-bild-1180x944.png","type":"image\/png"}],"author":"R\u00e9ka Tolnai","twitter_card":"summary_large_image","twitter_misc":{"Skriven av":"R\u00e9ka Tolnai","Ber\u00e4knad l\u00e4stid":"34 minuter"},"schema":{"@context":"https:\/\/schema.org","@graph":[{"@type":"NewsArticle","@id":"https:\/\/www.almega.se\/2024\/07\/ny-rapport-dold-brottslighet-sa-drabbas-tjanstesektorn-av-den-radande-brottsligheten\/#article","isPartOf":{"@id":"https:\/\/www.almega.se\/2024\/07\/ny-rapport-dold-brottslighet-sa-drabbas-tjanstesektorn-av-den-radande-brottsligheten\/"},"author":{"name":"R\u00e9ka Tolnai","@id":"https:\/\/www.almega.se\/#\/schema\/person\/e54aa110880538cf5ceac0ac54bbecf7"},"headline":"Rapport: Dold brottslighet \u2013 s\u00e5 drabbas tj\u00e4nstesektorn av den r\u00e5dande brottsligheten","datePublished":"2024-07-02T03:00:00+00:00","dateModified":"2024-08-21T08:54:42+00:00","mainEntityOfPage":{"@id":"https:\/\/www.almega.se\/2024\/07\/ny-rapport-dold-brottslighet-sa-drabbas-tjanstesektorn-av-den-radande-brottsligheten\/"},"wordCount":8047,"image":{"@id":"https:\/\/www.almega.se\/2024\/07\/ny-rapport-dold-brottslighet-sa-drabbas-tjanstesektorn-av-den-radande-brottsligheten\/#primaryimage"},"thumbnailUrl":"https:\/\/www.almega.se\/app\/uploads\/2024\/06\/brott-bild.png","keywords":["S\u00e4kerhet","Tj\u00e4nstesektorns utveckling"],"articleSection":["Tj\u00e4nstesektorns betydelse"],"inLanguage":"sv-SE"},{"@type":"WebPage","@id":"https:\/\/www.almega.se\/2024\/07\/ny-rapport-dold-brottslighet-sa-drabbas-tjanstesektorn-av-den-radande-brottsligheten\/","url":"https:\/\/www.almega.se\/2024\/07\/ny-rapport-dold-brottslighet-sa-drabbas-tjanstesektorn-av-den-radande-brottsligheten\/","name":"Rapport: Dold brottslighet \u2013 s\u00e5 drabbas tj\u00e4nstesektorn av den r\u00e5dande brottsligheten | Almega","isPartOf":{"@id":"https:\/\/www.almega.se\/#website"},"primaryImageOfPage":{"@id":"https:\/\/www.almega.se\/2024\/07\/ny-rapport-dold-brottslighet-sa-drabbas-tjanstesektorn-av-den-radande-brottsligheten\/#primaryimage"},"image":{"@id":"https:\/\/www.almega.se\/2024\/07\/ny-rapport-dold-brottslighet-sa-drabbas-tjanstesektorn-av-den-radande-brottsligheten\/#primaryimage"},"thumbnailUrl":"https:\/\/www.almega.se\/app\/uploads\/2024\/06\/brott-bild.png","datePublished":"2024-07-02T03:00:00+00:00","dateModified":"2024-08-21T08:54:42+00:00","author":{"@id":"https:\/\/www.almega.se\/#\/schema\/person\/e54aa110880538cf5ceac0ac54bbecf7"},"breadcrumb":{"@id":"https:\/\/www.almega.se\/2024\/07\/ny-rapport-dold-brottslighet-sa-drabbas-tjanstesektorn-av-den-radande-brottsligheten\/#breadcrumb"},"inLanguage":"sv-SE","potentialAction":[{"@type":"ReadAction","target":["https:\/\/www.almega.se\/2024\/07\/ny-rapport-dold-brottslighet-sa-drabbas-tjanstesektorn-av-den-radande-brottsligheten\/"]}]},{"@type":"ImageObject","inLanguage":"sv-SE","@id":"https:\/\/www.almega.se\/2024\/07\/ny-rapport-dold-brottslighet-sa-drabbas-tjanstesektorn-av-den-radande-brottsligheten\/#primaryimage","url":"https:\/\/www.almega.se\/app\/uploads\/2024\/06\/brott-bild.png","contentUrl":"https:\/\/www.almega.se\/app\/uploads\/2024\/06\/brott-bild.png","width":2000,"height":1600},{"@type":"BreadcrumbList","@id":"https:\/\/www.almega.se\/2024\/07\/ny-rapport-dold-brottslighet-sa-drabbas-tjanstesektorn-av-den-radande-brottsligheten\/#breadcrumb","itemListElement":[{"@type":"ListItem","position":1,"name":"Home","item":"https:\/\/www.almega.se\/"},{"@type":"ListItem","position":2,"name":"Rapport: Dold brottslighet \u2013 s\u00e5 drabbas tj\u00e4nstesektorn av den r\u00e5dande brottsligheten"}]},{"@type":"WebSite","@id":"https:\/\/www.almega.se\/#website","url":"https:\/\/www.almega.se\/","name":"Almega","description":"","potentialAction":[{"@type":"SearchAction","target":{"@type":"EntryPoint","urlTemplate":"https:\/\/www.almega.se\/?s={search_term_string}"},"query-input":{"@type":"PropertyValueSpecification","valueRequired":true,"valueName":"search_term_string"}}],"inLanguage":"sv-SE"},{"@type":"Person","@id":"https:\/\/www.almega.se\/#\/schema\/person\/e54aa110880538cf5ceac0ac54bbecf7","name":"R\u00e9ka Tolnai","image":{"@type":"ImageObject","inLanguage":"sv-SE","@id":"https:\/\/www.almega.se\/#\/schema\/person\/image\/","url":"https:\/\/secure.gravatar.com\/avatar\/c722d4a4ee787603df9df499a683d681bd2c463bde248da25aabc45883d614d2?s=96&d=mm&r=g","contentUrl":"https:\/\/secure.gravatar.com\/avatar\/c722d4a4ee787603df9df499a683d681bd2c463bde248da25aabc45883d614d2?s=96&d=mm&r=g","caption":"R\u00e9ka Tolnai"},"url":"https:\/\/www.almega.se\/person\/rekatolnai\/"}]}},"_links":{"self":[{"href":"https:\/\/www.almega.se\/api\/wp\/v2\/posts\/74344","targetHints":{"allow":["GET"]}}],"collection":[{"href":"https:\/\/www.almega.se\/api\/wp\/v2\/posts"}],"about":[{"href":"https:\/\/www.almega.se\/api\/wp\/v2\/types\/post"}],"author":[{"embeddable":true,"href":"https:\/\/www.almega.se\/api\/wp\/v2\/users\/16543"}],"replies":[{"embeddable":true,"href":"https:\/\/www.almega.se\/api\/wp\/v2\/comments?post=74344"}],"version-history":[{"count":18,"href":"https:\/\/www.almega.se\/api\/wp\/v2\/posts\/74344\/revisions"}],"predecessor-version":[{"id":75484,"href":"https:\/\/www.almega.se\/api\/wp\/v2\/posts\/74344\/revisions\/75484"}],"wp:featuredmedia":[{"embeddable":true,"href":"https:\/\/www.almega.se\/api\/wp\/v2\/media\/74375"}],"wp:attachment":[{"href":"https:\/\/www.almega.se\/api\/wp\/v2\/media?parent=74344"}],"wp:term":[{"taxonomy":"category","embeddable":true,"href":"https:\/\/www.almega.se\/api\/wp\/v2\/categories?post=74344"},{"taxonomy":"post_tag","embeddable":true,"href":"https:\/\/www.almega.se\/api\/wp\/v2\/tags?post=74344"},{"taxonomy":"type","embeddable":true,"href":"https:\/\/www.almega.se\/api\/wp\/v2\/article_type?post=74344"},{"taxonomy":"agreement","embeddable":true,"href":"https:\/\/www.almega.se\/api\/wp\/v2\/agreement?post=74344"}],"curies":[{"name":"wp","href":"https:\/\/api.w.org\/{rel}","templated":true}]}}