{"id":73938,"date":"2024-05-23T11:35:06","date_gmt":"2024-05-23T09:35:06","guid":{"rendered":"https:\/\/www.almega.se\/?p=73938"},"modified":"2024-05-24T09:27:28","modified_gmt":"2024-05-24T07:27:28","slug":"almega-i-di-omstallningen-kraver-mer-och-uppdaterad-kompetens","status":"publish","type":"post","link":"https:\/\/www.almega.se\/2024\/05\/almega-i-di-omstallningen-kraver-mer-och-uppdaterad-kompetens\/","title":{"rendered":"Almega i DI: Omst\u00e4llningen kr\u00e4ver mer och uppdaterad kompetens!"},"content":{"rendered":"<p class=\"intro\">Ett kompetensavdrag skulle\u00a0underl\u00e4tta f\u00f6r f\u00f6retag att g\u00f6ra n\u00f6dv\u00e4ndiga investeringar i medarbetarna. Detta s\u00e4krar i sin tur Sveriges konkurrenskraft i en alltmer kunskapsintensiv global ekonomi, skriver Almegas\u00a0Ann \u00d6berg och Jonas Jegers.<\/p>\n\n<p>&#8221;Det svenska n\u00e4ringslivet\u00a0genomg\u00e5r en massiv strukturomvandling, p\u00e5kallad av den gr\u00f6na omst\u00e4llningen och accelererad av nya digitala l\u00f6sningar, allt oftare med artificiell intelligens (AI) i botten. Detta g\u00e4ller inte minst tj\u00e4nstesektorn, en sektor som dessutom blir alltmer avg\u00f6rande f\u00f6r svensk ekonomi och svenskt v\u00e4lst\u00e5nd&#8221;<\/p>\n\n\n\n<p>Det skriver<strong> Ann \u00d6berg<\/strong>, vd Almega och <strong>Jonas Jegers<\/strong>, n\u00e4ringspolitisk expert p\u00e5 Almega, p\u00e5 <a href=\"https:\/\/www.di.se\/debatt\/omstallningen-kraver-mer-och-uppdaterad-kompetens\/\">Dagens industris debattsida.<\/a><\/p>\n\n\n\n<p>&#8221;P\u00e5 senare \u00e5r har utvecklingen fr\u00e4mst skett inom kunskapsintensiva f\u00f6retagstj\u00e4nster \u2013 tj\u00e4nster som kr\u00e4ver h\u00f6gre utbildning eller specialiserat yrkeskunnande. F\u00f6retagen som erbjuder dessa tj\u00e4nster st\u00e5r inte bara f\u00f6r en allt st\u00f6rre andel av v\u00e5r BNP och v\u00e5r syssels\u00e4ttning \u2013 de har i det n\u00e4rmaste r\u00e4ddat Sveriges produktivitet.<\/p>\n\n\n\n<p>D\u00e4rf\u00f6r \u00e4r det mycket olyckligt att det alltj\u00e4mt \u00e4r billigare att investera i maskiner \u00e4n i medarbetare. Problemet drabbar givetvis hela den personalintensiva tj\u00e4nstesektorn, men allra mest de f\u00f6retag som utvecklar digitala tj\u00e4nster och f\u00f6r vilka st\u00e4ndigt uppdaterade kunskaper \u00e4r en f\u00f6ruts\u00e4ttning.&#8221;<\/p>\n\n\n\n      <a href=\"https:\/\/www.di.se\/debatt\/omstallningen-kraver-mer-och-uppdaterad-kompetens\/\" target=\"\" class=\"Button is-text Button--external-link\">\n      \n        L\u00e4s hela debattartikeln hos Dagens Industri\n      \n      \n                <svg class='icon icon--external-link'  width=\"16\" height=\"16\" viewBox=\"0 0 16 16\" fill=\"none\" xmlns=\"http:\/\/www.w3.org\/2000\/svg\">\n<path d=\"M9 1H15V7\" stroke=\"black\" stroke-width=\"2\" stroke-miterlimit=\"10\"\/>\n<path d=\"M5 2H1V15H14V11\" stroke=\"black\" stroke-width=\"2\" stroke-miterlimit=\"10\"\/>\n<path d=\"M15 1L6 10\" stroke=\"black\" stroke-width=\"2\" stroke-miterlimit=\"10\"\/>\n<\/svg>\n\n        \n    <\/a>\n  \n\n\n\n<blockquote class=\"wp-block-quote is-layout-flow wp-block-quote-is-layout-flow\">\n<p>&#8221;<strong>F\u00f6retagen beh\u00f6ver ges f\u00f6ruts\u00e4ttningar att h\u00f6ja produktiviteten, exempelvis genom AI. Den gr\u00f6na omst\u00e4llningen kan inte v\u00e4nta. Sverige kan inte v\u00e4nta<\/strong>&#8221;<\/p>\n<cite>Ann \u00d6berg och Jonas Jegers. <\/cite><\/blockquote>\n","protected":false},"excerpt":{"rendered":"<p>&#8221;Det svenska n\u00e4ringslivet\u00a0genomg\u00e5r en massiv strukturomvandling, p\u00e5kallad av den gr\u00f6na omst\u00e4llningen och accelererad av nya digitala l\u00f6sningar, allt oftare med artificiell intelligens (AI) i botten. Detta g\u00e4ller inte minst tj\u00e4nstesektorn, en sektor som dessutom blir &hellip;<\/p>\n","protected":false},"author":16543,"featured_media":73967,"comment_status":"closed","ping_status":"closed","sticky":false,"template":"","format":"standard","meta":{"_acf_changed":false,"footnotes":""},"categories":[64,419],"tags":[],"article_type":[49,56],"agreement":[],"class_list":["post-73938","post","type-post","status-publish","format-standard","has-post-thumbnail","hentry","category-arbetsmarknad","category-kompetensforsorjning","type-debattartiklar","type-nyheter"],"acf":[],"yoast_head":"<!-- This site is optimized with the Yoast SEO Premium plugin v26.8 (Yoast SEO v26.8) - https:\/\/yoast.com\/product\/yoast-seo-premium-wordpress\/ -->\n<title>Almega i DI: Omst\u00e4llningen kr\u00e4ver mer och uppdaterad kompetens! | Almega<\/title>\n<meta name=\"robots\" content=\"index, follow, max-snippet:-1, max-image-preview:large, max-video-preview:-1\" \/>\n<link rel=\"canonical\" href=\"https:\/\/www.almega.se\/2024\/05\/almega-i-di-omstallningen-kraver-mer-och-uppdaterad-kompetens\/\" \/>\n<meta property=\"og:locale\" content=\"sv_SE\" \/>\n<meta property=\"og:type\" content=\"article\" \/>\n<meta property=\"og:title\" content=\"Almega i DI: Omst\u00e4llningen kr\u00e4ver mer och uppdaterad kompetens!\" \/>\n<meta property=\"og:description\" content=\"&#8221;Det svenska n\u00e4ringslivet\u00a0genomg\u00e5r en massiv strukturomvandling, p\u00e5kallad av den gr\u00f6na omst\u00e4llningen och accelererad av nya digitala l\u00f6sningar, allt oftare med artificiell intelligens (AI) i botten. Detta g\u00e4ller inte minst tj\u00e4nstesektorn, en sektor som dessutom blir &hellip;\" \/>\n<meta property=\"og:url\" content=\"https:\/\/www.almega.se\/2024\/05\/almega-i-di-omstallningen-kraver-mer-och-uppdaterad-kompetens\/\" \/>\n<meta property=\"og:site_name\" content=\"Almega\" \/>\n<meta property=\"article:published_time\" content=\"2024-05-23T09:35:06+00:00\" \/>\n<meta property=\"article:modified_time\" content=\"2024-05-24T07:27:28+00:00\" \/>\n<meta property=\"og:image\" content=\"https:\/\/www.almega.se\/app\/uploads\/2024\/05\/almega.jpg\" \/>\n\t<meta property=\"og:image:width\" content=\"1240\" \/>\n\t<meta property=\"og:image:height\" content=\"698\" \/>\n\t<meta property=\"og:image:type\" content=\"image\/jpeg\" \/>\n<meta name=\"author\" content=\"R\u00e9ka Tolnai\" \/>\n<meta name=\"twitter:card\" content=\"summary_large_image\" \/>\n<meta name=\"twitter:label1\" content=\"Skriven av\" \/>\n\t<meta name=\"twitter:data1\" content=\"R\u00e9ka Tolnai\" \/>\n\t<meta name=\"twitter:label2\" content=\"Ber\u00e4knad l\u00e4stid\" \/>\n\t<meta name=\"twitter:data2\" content=\"1 minut\" \/>\n<!-- \/ Yoast SEO Premium plugin. -->","yoast_head_json":{"title":"Almega i DI: Omst\u00e4llningen kr\u00e4ver mer och uppdaterad kompetens! | Almega","robots":{"index":"index","follow":"follow","max-snippet":"max-snippet:-1","max-image-preview":"max-image-preview:large","max-video-preview":"max-video-preview:-1"},"canonical":"https:\/\/www.almega.se\/2024\/05\/almega-i-di-omstallningen-kraver-mer-och-uppdaterad-kompetens\/","og_locale":"sv_SE","og_type":"article","og_title":"Almega i DI: Omst\u00e4llningen kr\u00e4ver mer och uppdaterad kompetens!","og_description":"&#8221;Det svenska n\u00e4ringslivet\u00a0genomg\u00e5r en massiv strukturomvandling, p\u00e5kallad av den gr\u00f6na omst\u00e4llningen och accelererad av nya digitala l\u00f6sningar, allt oftare med artificiell intelligens (AI) i botten. Detta g\u00e4ller inte minst tj\u00e4nstesektorn, en sektor som dessutom blir &hellip;","og_url":"https:\/\/www.almega.se\/2024\/05\/almega-i-di-omstallningen-kraver-mer-och-uppdaterad-kompetens\/","og_site_name":"Almega","article_published_time":"2024-05-23T09:35:06+00:00","article_modified_time":"2024-05-24T07:27:28+00:00","og_image":[{"width":1240,"height":698,"url":"https:\/\/www.almega.se\/app\/uploads\/2024\/05\/almega.jpg","type":"image\/jpeg"}],"author":"R\u00e9ka Tolnai","twitter_card":"summary_large_image","twitter_misc":{"Skriven av":"R\u00e9ka Tolnai","Ber\u00e4knad l\u00e4stid":"1 minut"},"schema":{"@context":"https:\/\/schema.org","@graph":[{"@type":"NewsArticle","@id":"https:\/\/www.almega.se\/2024\/05\/almega-i-di-omstallningen-kraver-mer-och-uppdaterad-kompetens\/#article","isPartOf":{"@id":"https:\/\/www.almega.se\/2024\/05\/almega-i-di-omstallningen-kraver-mer-och-uppdaterad-kompetens\/"},"author":{"name":"R\u00e9ka Tolnai","@id":"https:\/\/www.almega.se\/#\/schema\/person\/e54aa110880538cf5ceac0ac54bbecf7"},"headline":"Almega i DI: Omst\u00e4llningen kr\u00e4ver mer och uppdaterad kompetens!","datePublished":"2024-05-23T09:35:06+00:00","dateModified":"2024-05-24T07:27:28+00:00","mainEntityOfPage":{"@id":"https:\/\/www.almega.se\/2024\/05\/almega-i-di-omstallningen-kraver-mer-och-uppdaterad-kompetens\/"},"wordCount":232,"image":{"@id":"https:\/\/www.almega.se\/2024\/05\/almega-i-di-omstallningen-kraver-mer-och-uppdaterad-kompetens\/#primaryimage"},"thumbnailUrl":"https:\/\/www.almega.se\/app\/uploads\/2024\/05\/almega.jpg","articleSection":["Arbetsmarknad","Kompetensf\u00f6rs\u00f6rjning"],"inLanguage":"sv-SE"},{"@type":"WebPage","@id":"https:\/\/www.almega.se\/2024\/05\/almega-i-di-omstallningen-kraver-mer-och-uppdaterad-kompetens\/","url":"https:\/\/www.almega.se\/2024\/05\/almega-i-di-omstallningen-kraver-mer-och-uppdaterad-kompetens\/","name":"Almega i DI: Omst\u00e4llningen kr\u00e4ver mer och uppdaterad kompetens! | Almega","isPartOf":{"@id":"https:\/\/www.almega.se\/#website"},"primaryImageOfPage":{"@id":"https:\/\/www.almega.se\/2024\/05\/almega-i-di-omstallningen-kraver-mer-och-uppdaterad-kompetens\/#primaryimage"},"image":{"@id":"https:\/\/www.almega.se\/2024\/05\/almega-i-di-omstallningen-kraver-mer-och-uppdaterad-kompetens\/#primaryimage"},"thumbnailUrl":"https:\/\/www.almega.se\/app\/uploads\/2024\/05\/almega.jpg","datePublished":"2024-05-23T09:35:06+00:00","dateModified":"2024-05-24T07:27:28+00:00","author":{"@id":"https:\/\/www.almega.se\/#\/schema\/person\/e54aa110880538cf5ceac0ac54bbecf7"},"breadcrumb":{"@id":"https:\/\/www.almega.se\/2024\/05\/almega-i-di-omstallningen-kraver-mer-och-uppdaterad-kompetens\/#breadcrumb"},"inLanguage":"sv-SE","potentialAction":[{"@type":"ReadAction","target":["https:\/\/www.almega.se\/2024\/05\/almega-i-di-omstallningen-kraver-mer-och-uppdaterad-kompetens\/"]}]},{"@type":"ImageObject","inLanguage":"sv-SE","@id":"https:\/\/www.almega.se\/2024\/05\/almega-i-di-omstallningen-kraver-mer-och-uppdaterad-kompetens\/#primaryimage","url":"https:\/\/www.almega.se\/app\/uploads\/2024\/05\/almega.jpg","contentUrl":"https:\/\/www.almega.se\/app\/uploads\/2024\/05\/almega.jpg","width":1240,"height":698,"caption":"Ann \u00d6berg och Jonas Jegers Almega"},{"@type":"BreadcrumbList","@id":"https:\/\/www.almega.se\/2024\/05\/almega-i-di-omstallningen-kraver-mer-och-uppdaterad-kompetens\/#breadcrumb","itemListElement":[{"@type":"ListItem","position":1,"name":"Home","item":"https:\/\/www.almega.se\/"},{"@type":"ListItem","position":2,"name":"Almega i DI: Omst\u00e4llningen kr\u00e4ver mer och uppdaterad kompetens!"}]},{"@type":"WebSite","@id":"https:\/\/www.almega.se\/#website","url":"https:\/\/www.almega.se\/","name":"Almega","description":"","potentialAction":[{"@type":"SearchAction","target":{"@type":"EntryPoint","urlTemplate":"https:\/\/www.almega.se\/?s={search_term_string}"},"query-input":{"@type":"PropertyValueSpecification","valueRequired":true,"valueName":"search_term_string"}}],"inLanguage":"sv-SE"},{"@type":"Person","@id":"https:\/\/www.almega.se\/#\/schema\/person\/e54aa110880538cf5ceac0ac54bbecf7","name":"R\u00e9ka Tolnai","image":{"@type":"ImageObject","inLanguage":"sv-SE","@id":"https:\/\/www.almega.se\/#\/schema\/person\/image\/","url":"https:\/\/secure.gravatar.com\/avatar\/c722d4a4ee787603df9df499a683d681bd2c463bde248da25aabc45883d614d2?s=96&d=mm&r=g","contentUrl":"https:\/\/secure.gravatar.com\/avatar\/c722d4a4ee787603df9df499a683d681bd2c463bde248da25aabc45883d614d2?s=96&d=mm&r=g","caption":"R\u00e9ka Tolnai"},"url":"https:\/\/www.almega.se\/person\/rekatolnai\/"}]}},"_links":{"self":[{"href":"https:\/\/www.almega.se\/api\/wp\/v2\/posts\/73938","targetHints":{"allow":["GET"]}}],"collection":[{"href":"https:\/\/www.almega.se\/api\/wp\/v2\/posts"}],"about":[{"href":"https:\/\/www.almega.se\/api\/wp\/v2\/types\/post"}],"author":[{"embeddable":true,"href":"https:\/\/www.almega.se\/api\/wp\/v2\/users\/16543"}],"replies":[{"embeddable":true,"href":"https:\/\/www.almega.se\/api\/wp\/v2\/comments?post=73938"}],"version-history":[{"count":11,"href":"https:\/\/www.almega.se\/api\/wp\/v2\/posts\/73938\/revisions"}],"predecessor-version":[{"id":73968,"href":"https:\/\/www.almega.se\/api\/wp\/v2\/posts\/73938\/revisions\/73968"}],"wp:featuredmedia":[{"embeddable":true,"href":"https:\/\/www.almega.se\/api\/wp\/v2\/media\/73967"}],"wp:attachment":[{"href":"https:\/\/www.almega.se\/api\/wp\/v2\/media?parent=73938"}],"wp:term":[{"taxonomy":"category","embeddable":true,"href":"https:\/\/www.almega.se\/api\/wp\/v2\/categories?post=73938"},{"taxonomy":"post_tag","embeddable":true,"href":"https:\/\/www.almega.se\/api\/wp\/v2\/tags?post=73938"},{"taxonomy":"type","embeddable":true,"href":"https:\/\/www.almega.se\/api\/wp\/v2\/article_type?post=73938"},{"taxonomy":"agreement","embeddable":true,"href":"https:\/\/www.almega.se\/api\/wp\/v2\/agreement?post=73938"}],"curies":[{"name":"wp","href":"https:\/\/api.w.org\/{rel}","templated":true}]}}