{"id":73926,"date":"2024-05-23T06:00:00","date_gmt":"2024-05-23T04:00:00","guid":{"rendered":"https:\/\/www.almega.se\/2024\/05\/ny-rapport-hog-tid-for-ett-kompetensavdrag\/"},"modified":"2024-05-24T09:30:07","modified_gmt":"2024-05-24T07:30:07","slug":"ny-rapport-hog-tid-for-ett-kompetensavdrag","status":"publish","type":"post","link":"https:\/\/www.almega.se\/2024\/05\/ny-rapport-hog-tid-for-ett-kompetensavdrag\/","title":{"rendered":"Ny rapport: H\u00f6g tid f\u00f6r ett kompetensavdrag"},"content":{"rendered":"<p class=\"intro\">Arbetsmarknaden f\u00f6r\u00e4ndras. Kompetenskraven blir allt h\u00f6gre. \u00c4nd\u00e5 \u00e4r det billigare att investera i maskiner \u00e4n i medarbetare. \u201dOm tj\u00e4nstef\u00f6retagens stora bidrag till svenskt v\u00e4lst\u00e5nd ska best\u00e5 m\u00e5ste incitamenten att kompetensutveckla \u00f6ka\u201d, s\u00e4ger Jonas Jegers, n\u00e4ringspolitisk expert p\u00e5 Almega.<\/p>\n\n<p><\/p>\n\n\n\n      <a href=\"https:\/\/www.almega.se\/2024\/05\/rapport-ett-nytt-kompetensavdrag-for-starkt-konkurrenskraft\/ \" target=\"\" class=\"Button is-text Button--arrow-tip\">\n      \n        L\u00e4s rapporten &#8221;Ett nytt kompetensavdrag \u2013 f\u00f6r st\u00e4rkt konkurrenskraft&#8221;\n      \n      \n                \n                <svg class='icon icon--arrow-tip'  width=\"11\" height=\"16\" viewBox=\"0 0 11 16\" fill=\"none\" xmlns=\"http:\/\/www.w3.org\/2000\/svg\">\n<path d=\"M0.858398 15L9.2304 7.99664L0.967732 1.00001\" stroke=\"black\" stroke-width=\"2\" stroke-miterlimit=\"10\"\/>\n<\/svg>\n\n        \n    <\/a>\n  \n\n\n\n<p>Den gr\u00f6na omst\u00e4llningen, alltmer p\u00e5driven av digitala l\u00f6sningar och artificiell intelligens (AI), st\u00f6per om n\u00e4ringslivet i grunden. Och tj\u00e4nstesektorn, vars betydelse f\u00f6r svensk ekonomi blir allt st\u00f6rre, \u00e4r l\u00e5ngt ifr\u00e5n undantagen.<\/p>\n\n\n\n<p>\u2013 Vi ser att de tj\u00e4nstef\u00f6retag som erbjuder kunskapsintensiva f\u00f6retagstj\u00e4nster i det n\u00e4rmaste har r\u00e4ddat svensk produktivitet under senare \u00e5r. D\u00e4rf\u00f6r \u00e4r det bekl\u00e4mmande att det alltj\u00e4mt \u00e4r billigare att investera i maskiner \u00e4n i medarbetare, s\u00e4ger<strong> Jonas Jegers<\/strong>, n\u00e4ringspolitisk expert p\u00e5 Almega.<\/p>\n\n\n\n<p>Idag \u00e4r f\u00f6retagens m\u00f6jligheter att g\u00f6ra avdrag f\u00f6r utbildningskostnader sm\u00e5. Detta eftersom Skatteverket fr\u00e4mst ser dessa som en levnadskostnad f\u00f6r den enskilde.<\/p>\n\n\n\n      <blockquote class=\"Expert-comment__quote\">\n      <p>&#8221;Det \u00e4r bekl\u00e4mmande att det alltj\u00e4mt \u00e4r billigare att investera i maskiner \u00e4n i medarbetare&#8221;<\/p>\n\n      \n             <a href=\"https:\/\/www.almega.se\/person\/jonasjegers\/\">\n          <figure class=\"Contact-card__image\">\n            <img decoding=\"async\" src=\"https:\/\/www.almega.se\/app\/uploads\/2024\/05\/jonasjegers-380x285.jpg\" alt=\"Jonas Jegers\">\n          <\/figure>\n        <\/a>\n          \n      <h2 class=\"Contact-card__title\">Jonas Jegers<\/h2>\n      <p class=\"mb-0\">N\u00e4ringspolitisk expert<\/p>\n      \n                  <a href=\"https:\/\/www.almega.se\/person\/jonasjegers\/\" class=\"Contact-card__link\">\n        \n          <p class=\"Contact-card__arrow__text\">L\u00e4s mer<\/p>\n          \n          <svg class='icon icon--arrow-tip'  width=\"11\" height=\"16\" viewBox=\"0 0 11 16\" fill=\"none\" xmlns=\"http:\/\/www.w3.org\/2000\/svg\">\n<path d=\"M0.858398 15L9.2304 7.99664L0.967732 1.00001\" stroke=\"black\" stroke-width=\"2\" stroke-miterlimit=\"10\"\/>\n<\/svg>\n\n          \n      <\/a>\n\n      \n    \n  \n    <\/blockquote>\n  \n\n\n\n<p>\u00ad\u2013 Detta sl\u00e5r mot hela tj\u00e4nstesektorn, men mest mot de f\u00f6retag vars tj\u00e4nster bygger p\u00e5 st\u00e4ndigt uppdaterade kunskaper. Skatteverket har exempelvis slagit fast att AI-utbildningar inte \u00e4r avdragsgilla, s\u00e4ger Jonas Jegers.<\/p>\n\n\n<a class='Share__link Share__link--url copy-text' href='#' rel='nofollow' data-text='skatteavdrag-finns-i-andra-lander' title='Dela url' data-confirmation='L\u00e4nken kopierades till urklipp'><svg class='icon icon--link'  width='18' height='18' viewBox='0 0 18 18' fill='none' xmlns='http:\/\/www.w3.org\/2000\/svg'>\n            <path d='M10.4142 0.514721L6.87868 4.05025L8.29289 5.46447L11.1213 2.63604L15.364 6.87868L12.5355 9.70711L13.9497 11.1213L17.4853 7.58579C17.8763 7.19476 17.8763 6.5626 17.4853 6.17158L11.8284 0.514721C11.4374 0.123691 10.8052 0.123691 10.4142 0.514721Z' fill='black'\/>\n            <path d='M9.7071 12.5355L6.87868 15.364L2.63604 11.1213L5.46446 8.2929L4.05025 6.87868L0.514716 10.4142C0.123686 10.8052 0.123686 11.4374 0.514716 11.8284L6.17157 17.4853C6.5626 17.8763 7.19475 17.8763 7.58578 17.4853L11.1213 13.9497L9.7071 12.5355Z' fill='black'\/>\n            <path d='M6.17157 11.8284C6.5626 12.2195 7.19475 12.2195 7.58578 11.8284L11.8284 7.58579C12.2195 7.19476 12.2195 6.56261 11.8284 6.17158C11.4374 5.78055 10.8052 5.78055 10.4142 6.17158L6.17157 10.4142C5.78054 10.8052 5.78054 11.4374 6.17157 11.8284Z' fill='black'\/>\n            <\/svg> <\/a>\n<h2 class=\"wp-block-heading\">Skatteavdrag finns i andra l\u00e4nder<\/h2>\n\n\n\n<p>Enligt statistiken tar svenska f\u00f6retag idag ett stort ansvar f\u00f6r kompetensutvecklingen, men satsningarna blir dessv\u00e4rre allt mindre. Och i ett antal av Sveriges direkt konkurrerande l\u00e4nder ser situationen annorlunda ut.<\/p>\n\n\n\n<p>\u2013 L\u00e4nder som Tyskland, Irland, \u00d6sterrike och Schweiz har alla valt att stimulera f\u00f6retag att kompetensutveckla, bland annat genom skatteavdrag. Vi f\u00f6resl\u00e5r d\u00e4rf\u00f6r att ett kompetensavdrag \u00e4ven inf\u00f6rs i Sverige, s\u00e4ger Jonas Jegers.<\/p>\n\n\n\n<p>Enligt Almegas f\u00f6rslag skulle f\u00f6retag kunna dra av 50 procent av kostnaderna f\u00f6r externa utbildningar fr\u00e5n skattekontot. I dagsl\u00e4get skulle detta motsvara subventioner p\u00e5 omkring 3,6 miljarder kronor.<\/p>\n\n\n\n<p>\u2013 Det \u00e4r lite pengar f\u00f6r helt avg\u00f6rande investeringar i medarbetare som d\u00e4rmed, givet den alltmer kunskapsintensiva globala ekonomin, kan s\u00e4kra svensk konkurrenskraft. Dessutom skulle hela n\u00e4ringslivet ges f\u00f6ruts\u00e4ttningar att \u00f6ka produktiviteten genom h\u00f6gkvalitativa tj\u00e4nster baserade p\u00e5 exempelvis &nbsp;AI, s\u00e4ger Jonas Jegers.<\/p>\n\n\n\n      <a href=\"https:\/\/www.almega.se\/2024\/05\/rapport-ett-nytt-kompetensavdrag-for-starkt-konkurrenskraft\/ \" target=\"\" class=\"Button is-text Button--arrow-tip\">\n      \n        L\u00e4s rapporten &#8221;Ett nytt kompetensavdrag \u2013 f\u00f6r st\u00e4rkt konkurrenskraft&#8221;\n      \n      \n                \n                <svg class='icon icon--arrow-tip'  width=\"11\" height=\"16\" viewBox=\"0 0 11 16\" fill=\"none\" xmlns=\"http:\/\/www.w3.org\/2000\/svg\">\n<path d=\"M0.858398 15L9.2304 7.99664L0.967732 1.00001\" stroke=\"black\" stroke-width=\"2\" stroke-miterlimit=\"10\"\/>\n<\/svg>\n\n        \n    <\/a>\n  \n\n\n\n<p><\/p>\n","protected":false},"excerpt":{"rendered":"<p>Arbetsmarknaden f\u00f6r\u00e4ndras. Kompetenskraven blir allt h\u00f6gre. \u00c4nd\u00e5 \u00e4r det billigare att investera i maskiner \u00e4n i medarbetare. \u201dOm tj\u00e4nstef\u00f6retagens stora bidrag till svenskt v\u00e4lst\u00e5nd ska best\u00e5 m\u00e5ste incitamenten att kompetensutveckla \u00f6ka\u201d, s\u00e4ger Jonas Jegers, n\u00e4ringspolitisk expert p\u00e5 Almega.<\/p>\n","protected":false},"author":14531,"featured_media":17814,"comment_status":"closed","ping_status":"closed","sticky":false,"template":"","format":"standard","meta":{"_acf_changed":false,"footnotes":""},"categories":[419,57],"tags":[],"article_type":[56,93],"agreement":[],"class_list":["post-73926","post","type-post","status-publish","format-standard","has-post-thumbnail","hentry","category-kompetensforsorjning","category-skatter","type-nyheter","type-pressmeddelanden"],"acf":[],"yoast_head":"<!-- This site is optimized with the Yoast SEO Premium plugin v26.8 (Yoast SEO v26.8) - https:\/\/yoast.com\/product\/yoast-seo-premium-wordpress\/ -->\n<title>Ny rapport: H\u00f6g tid f\u00f6r ett kompetensavdrag | Almega<\/title>\n<meta name=\"robots\" content=\"index, follow, max-snippet:-1, max-image-preview:large, max-video-preview:-1\" \/>\n<link rel=\"canonical\" href=\"https:\/\/www.almega.se\/2024\/05\/ny-rapport-hog-tid-for-ett-kompetensavdrag\/\" \/>\n<meta property=\"og:locale\" content=\"sv_SE\" \/>\n<meta property=\"og:type\" content=\"article\" \/>\n<meta property=\"og:title\" content=\"Ny rapport: H\u00f6g tid f\u00f6r ett kompetensavdrag\" \/>\n<meta property=\"og:description\" content=\"Arbetsmarknaden f\u00f6r\u00e4ndras. Kompetenskraven blir allt h\u00f6gre. \u00c4nd\u00e5 \u00e4r det billigare att investera i maskiner \u00e4n i medarbetare. \u201dOm tj\u00e4nstef\u00f6retagens stora bidrag till svenskt v\u00e4lst\u00e5nd ska best\u00e5 m\u00e5ste incitamenten att kompetensutveckla \u00f6ka\u201d, s\u00e4ger Jonas Jegers, n\u00e4ringspolitisk expert p\u00e5 Almega.\" \/>\n<meta property=\"og:url\" content=\"https:\/\/www.almega.se\/2024\/05\/ny-rapport-hog-tid-for-ett-kompetensavdrag\/\" \/>\n<meta property=\"og:site_name\" content=\"Almega\" \/>\n<meta property=\"article:published_time\" content=\"2024-05-23T04:00:00+00:00\" \/>\n<meta property=\"article:modified_time\" content=\"2024-05-24T07:30:07+00:00\" \/>\n<meta property=\"og:image\" content=\"https:\/\/www.almega.se\/app\/uploads\/2018\/06\/kompetensavdrag.jpg\" \/>\n\t<meta property=\"og:image:width\" content=\"1500\" \/>\n\t<meta property=\"og:image:height\" content=\"1000\" \/>\n\t<meta property=\"og:image:type\" content=\"image\/jpeg\" \/>\n<meta name=\"author\" content=\"Karin Nyg\u00e5rd\" \/>\n<meta name=\"twitter:card\" content=\"summary_large_image\" \/>\n<meta name=\"twitter:label1\" content=\"Skriven av\" \/>\n\t<meta name=\"twitter:data1\" content=\"Karin Nyg\u00e5rd\" \/>\n\t<meta name=\"twitter:label2\" content=\"Ber\u00e4knad l\u00e4stid\" \/>\n\t<meta name=\"twitter:data2\" content=\"2 minuter\" \/>\n<!-- \/ Yoast SEO Premium plugin. -->","yoast_head_json":{"title":"Ny rapport: H\u00f6g tid f\u00f6r ett kompetensavdrag | Almega","robots":{"index":"index","follow":"follow","max-snippet":"max-snippet:-1","max-image-preview":"max-image-preview:large","max-video-preview":"max-video-preview:-1"},"canonical":"https:\/\/www.almega.se\/2024\/05\/ny-rapport-hog-tid-for-ett-kompetensavdrag\/","og_locale":"sv_SE","og_type":"article","og_title":"Ny rapport: H\u00f6g tid f\u00f6r ett kompetensavdrag","og_description":"Arbetsmarknaden f\u00f6r\u00e4ndras. Kompetenskraven blir allt h\u00f6gre. \u00c4nd\u00e5 \u00e4r det billigare att investera i maskiner \u00e4n i medarbetare. \u201dOm tj\u00e4nstef\u00f6retagens stora bidrag till svenskt v\u00e4lst\u00e5nd ska best\u00e5 m\u00e5ste incitamenten att kompetensutveckla \u00f6ka\u201d, s\u00e4ger Jonas Jegers, n\u00e4ringspolitisk expert p\u00e5 Almega.","og_url":"https:\/\/www.almega.se\/2024\/05\/ny-rapport-hog-tid-for-ett-kompetensavdrag\/","og_site_name":"Almega","article_published_time":"2024-05-23T04:00:00+00:00","article_modified_time":"2024-05-24T07:30:07+00:00","og_image":[{"width":1500,"height":1000,"url":"https:\/\/www.almega.se\/app\/uploads\/2018\/06\/kompetensavdrag.jpg","type":"image\/jpeg"}],"author":"Karin Nyg\u00e5rd","twitter_card":"summary_large_image","twitter_misc":{"Skriven av":"Karin Nyg\u00e5rd","Ber\u00e4knad l\u00e4stid":"2 minuter"},"schema":{"@context":"https:\/\/schema.org","@graph":[{"@type":"NewsArticle","@id":"https:\/\/www.almega.se\/2024\/05\/ny-rapport-hog-tid-for-ett-kompetensavdrag\/#article","isPartOf":{"@id":"https:\/\/www.almega.se\/2024\/05\/ny-rapport-hog-tid-for-ett-kompetensavdrag\/"},"author":{"name":"Karin Nyg\u00e5rd","@id":"https:\/\/www.almega.se\/#\/schema\/person\/eae58f3a71d6b7aa9f71f3139a740a02"},"headline":"Ny rapport: H\u00f6g tid f\u00f6r ett kompetensavdrag","datePublished":"2024-05-23T04:00:00+00:00","dateModified":"2024-05-24T07:30:07+00:00","mainEntityOfPage":{"@id":"https:\/\/www.almega.se\/2024\/05\/ny-rapport-hog-tid-for-ett-kompetensavdrag\/"},"wordCount":332,"image":{"@id":"https:\/\/www.almega.se\/2024\/05\/ny-rapport-hog-tid-for-ett-kompetensavdrag\/#primaryimage"},"thumbnailUrl":"https:\/\/www.almega.se\/app\/uploads\/2018\/06\/kompetensavdrag.jpg","articleSection":["Kompetensf\u00f6rs\u00f6rjning","Skatter"],"inLanguage":"sv-SE"},{"@type":"WebPage","@id":"https:\/\/www.almega.se\/2024\/05\/ny-rapport-hog-tid-for-ett-kompetensavdrag\/","url":"https:\/\/www.almega.se\/2024\/05\/ny-rapport-hog-tid-for-ett-kompetensavdrag\/","name":"Ny rapport: H\u00f6g tid f\u00f6r ett kompetensavdrag | Almega","isPartOf":{"@id":"https:\/\/www.almega.se\/#website"},"primaryImageOfPage":{"@id":"https:\/\/www.almega.se\/2024\/05\/ny-rapport-hog-tid-for-ett-kompetensavdrag\/#primaryimage"},"image":{"@id":"https:\/\/www.almega.se\/2024\/05\/ny-rapport-hog-tid-for-ett-kompetensavdrag\/#primaryimage"},"thumbnailUrl":"https:\/\/www.almega.se\/app\/uploads\/2018\/06\/kompetensavdrag.jpg","datePublished":"2024-05-23T04:00:00+00:00","dateModified":"2024-05-24T07:30:07+00:00","author":{"@id":"https:\/\/www.almega.se\/#\/schema\/person\/eae58f3a71d6b7aa9f71f3139a740a02"},"breadcrumb":{"@id":"https:\/\/www.almega.se\/2024\/05\/ny-rapport-hog-tid-for-ett-kompetensavdrag\/#breadcrumb"},"inLanguage":"sv-SE","potentialAction":[{"@type":"ReadAction","target":["https:\/\/www.almega.se\/2024\/05\/ny-rapport-hog-tid-for-ett-kompetensavdrag\/"]}]},{"@type":"ImageObject","inLanguage":"sv-SE","@id":"https:\/\/www.almega.se\/2024\/05\/ny-rapport-hog-tid-for-ett-kompetensavdrag\/#primaryimage","url":"https:\/\/www.almega.se\/app\/uploads\/2018\/06\/kompetensavdrag.jpg","contentUrl":"https:\/\/www.almega.se\/app\/uploads\/2018\/06\/kompetensavdrag.jpg","width":1500,"height":1000,"caption":"kompetensavdrag"},{"@type":"BreadcrumbList","@id":"https:\/\/www.almega.se\/2024\/05\/ny-rapport-hog-tid-for-ett-kompetensavdrag\/#breadcrumb","itemListElement":[{"@type":"ListItem","position":1,"name":"Home","item":"https:\/\/www.almega.se\/"},{"@type":"ListItem","position":2,"name":"Ny rapport: H\u00f6g tid f\u00f6r ett kompetensavdrag"}]},{"@type":"WebSite","@id":"https:\/\/www.almega.se\/#website","url":"https:\/\/www.almega.se\/","name":"Almega","description":"","potentialAction":[{"@type":"SearchAction","target":{"@type":"EntryPoint","urlTemplate":"https:\/\/www.almega.se\/?s={search_term_string}"},"query-input":{"@type":"PropertyValueSpecification","valueRequired":true,"valueName":"search_term_string"}}],"inLanguage":"sv-SE"},{"@type":"Person","@id":"https:\/\/www.almega.se\/#\/schema\/person\/eae58f3a71d6b7aa9f71f3139a740a02","name":"Karin Nyg\u00e5rd","image":{"@type":"ImageObject","inLanguage":"sv-SE","@id":"https:\/\/www.almega.se\/#\/schema\/person\/image\/","url":"https:\/\/secure.gravatar.com\/avatar\/09e5ec3d12974ae686ad90a0a4bf5404c8a4cfdca18f97124f166ab274023818?s=96&d=mm&r=g","contentUrl":"https:\/\/secure.gravatar.com\/avatar\/09e5ec3d12974ae686ad90a0a4bf5404c8a4cfdca18f97124f166ab274023818?s=96&d=mm&r=g","caption":"Karin Nyg\u00e5rd"},"description":"Produkt\u00e4gare Almega.se, samordnar webbutveckling och utveckling av Arbetsgivarguiden.se","url":"https:\/\/www.almega.se\/person\/karinnygard\/"}]}},"_links":{"self":[{"href":"https:\/\/www.almega.se\/api\/wp\/v2\/posts\/73926","targetHints":{"allow":["GET"]}}],"collection":[{"href":"https:\/\/www.almega.se\/api\/wp\/v2\/posts"}],"about":[{"href":"https:\/\/www.almega.se\/api\/wp\/v2\/types\/post"}],"author":[{"embeddable":true,"href":"https:\/\/www.almega.se\/api\/wp\/v2\/users\/14531"}],"replies":[{"embeddable":true,"href":"https:\/\/www.almega.se\/api\/wp\/v2\/comments?post=73926"}],"version-history":[{"count":10,"href":"https:\/\/www.almega.se\/api\/wp\/v2\/posts\/73926\/revisions"}],"predecessor-version":[{"id":73970,"href":"https:\/\/www.almega.se\/api\/wp\/v2\/posts\/73926\/revisions\/73970"}],"wp:featuredmedia":[{"embeddable":true,"href":"https:\/\/www.almega.se\/api\/wp\/v2\/media\/17814"}],"wp:attachment":[{"href":"https:\/\/www.almega.se\/api\/wp\/v2\/media?parent=73926"}],"wp:term":[{"taxonomy":"category","embeddable":true,"href":"https:\/\/www.almega.se\/api\/wp\/v2\/categories?post=73926"},{"taxonomy":"post_tag","embeddable":true,"href":"https:\/\/www.almega.se\/api\/wp\/v2\/tags?post=73926"},{"taxonomy":"type","embeddable":true,"href":"https:\/\/www.almega.se\/api\/wp\/v2\/article_type?post=73926"},{"taxonomy":"agreement","embeddable":true,"href":"https:\/\/www.almega.se\/api\/wp\/v2\/agreement?post=73926"}],"curies":[{"name":"wp","href":"https:\/\/api.w.org\/{rel}","templated":true}]}}