{"id":73918,"date":"2024-05-24T06:16:00","date_gmt":"2024-05-24T04:16:00","guid":{"rendered":"https:\/\/www.almega.se\/?p=73918"},"modified":"2024-05-24T13:16:04","modified_gmt":"2024-05-24T11:16:04","slug":"arbetstidsforkortning-maste-hanteras-i-verksamheterna","status":"publish","type":"post","link":"https:\/\/www.almega.se\/2024\/05\/arbetstidsforkortning-maste-hanteras-i-verksamheterna\/","title":{"rendered":"&#8221;Arbetstider m\u00e5ste beslutas om i verksamheterna&#8221;"},"content":{"rendered":"<p class=\"intro\">Almegas vd Ann \u00d6berg svarar p\u00e5 tre aktuella fr\u00e5gor: om arbetstidsf\u00f6rkortning, det stundande EU-valet samt om\u00a0alternativa modeller f\u00f6r att lyfta svensk infrastruktur.<\/p>\n\n<p><strong>LO-kongressen tog ju nyligen st\u00e4llning f\u00f6r en arbetstidsf\u00f6rkortning. Vad \u00e4r din kommentar?&nbsp;&nbsp;<\/strong><\/p>\n\n\n\n<p>\u2013\u202fAlmega har egentligen inga principiella inv\u00e4ndningar mot arbetstidsf\u00f6rkortning, men arbetstider m\u00e5ste beslutas om i verksamheterna. Sker det genom lagstiftning eller kollektivavtal kommer det att riskera svensk v\u00e4lf\u00e4rd och konkurrenskraft, n\u00e5got som Almegas <strong>Stefan Koskinen<\/strong> och <strong>Jessica Forss Katz <\/strong>f\u00f6rtj\u00e4nstfullt f\u00f6rklarar i <a href=\"https:\/\/www.almega.se\/2024\/05\/almega-i-tidningen-arbetet-arbetstidsforkortning-kommer-att-gora-oss-alla-fattigare\/\" target=\"_blank\" rel=\"noreferrer noopener\">tidningen Arbetet.<\/a>\u00a0<\/p>\n\n\n\n<p><strong>Snart \u00e4r det val till EU-parlamentet, hur ser Almega p\u00e5 det?<\/strong>&nbsp;<\/p>\n\n\n\n<p>\u2013 Almega \u00e4r partipolitiskt oberoende men f\u00f6rh\u00e5ller sig till politiken i sak. Och alltid med medlemsf\u00f6retagens b\u00e4sta f\u00f6r \u00f6gonen. Inf\u00f6r Europaparlamentsvalet har vi d\u00e4rf\u00f6r tagit fram ett program, <a href=\"https:\/\/www.almega.se\/2024\/05\/almegas-nya-eu-program-lat-oss-gora-europa-en-tjanst-2\/\" target=\"_blank\" rel=\"noreferrer noopener\"><em>L\u00e5t oss g\u00f6ra Europa en tj\u00e4nst<\/em><\/a>, d\u00e4r vi f\u00f6r fram vad som kr\u00e4vs f\u00f6r att skapa ett mer f\u00f6retagarv\u00e4nligt och modernt EU d\u00e4r tj\u00e4nstef\u00f6retagen ges b\u00e4ttre f\u00f6ruts\u00e4ttningar att bidra till unionens framtida v\u00e4lst\u00e5nd. F\u00f6rhoppningsvis ger det v\u00e5ra svenska europaparlamentariker nya insikter som de kan ta med sig i sitt arbete.&nbsp;<\/p>\n\n\n\n<p><strong>Vad mer har Almega p\u00e5 g\u00e5ng?<\/strong>&nbsp;<\/p>\n\n\n\n<p>\u2013 Att Sverige har ett stort behov av ett effektivare, snabbare och mer p\u00e5litligt transportsystem \u00e4r knappast n\u00e5gon nyhet. Utmaningarna \u00e4r stora men kan bland annat l\u00f6sas med hj\u00e4lp av privat kapital och kompetens. <a href=\"https:\/\/ui.ungpd.com\/Events\/6c0f5835-dda7-46e3-8e2c-c096642b90ff\" target=\"_blank\" rel=\"noreferrer noopener\">Den 30 maj<\/a> presenterar vi en ny rapport som redog\u00f6r f\u00f6r hur transportinfrastrukturen kan framtidss\u00e4kras med hj\u00e4lp av alternativa finansierings- och organisationsmodeller. Vid <a href=\"https:\/\/ui.ungpd.com\/Events\/6c0f5835-dda7-46e3-8e2c-c096642b90ff\" target=\"_blank\" rel=\"noreferrer noopener\">seminariet<\/a> deltar f\u00f6retr\u00e4dare f\u00f6r s\u00e5v\u00e4l n\u00e4ringsliv som politik, d\u00e4ribland Sveriges bostads- och infrastrukturminister <strong>Andreas Carlson <\/strong>(KD).&nbsp;<\/p>\n","protected":false},"excerpt":{"rendered":"<p>LO-kongressen tog ju nyligen st\u00e4llning f\u00f6r en arbetstidsf\u00f6rkortning. Vad \u00e4r din kommentar?&nbsp;&nbsp; \u2013\u202fAlmega har egentligen inga principiella inv\u00e4ndningar mot arbetstidsf\u00f6rkortning, men arbetstider m\u00e5ste beslutas om i verksamheterna. Sker det genom lagstiftning eller kollektivavtal kommer det &hellip;<\/p>\n","protected":false},"author":14531,"featured_media":60055,"comment_status":"closed","ping_status":"closed","sticky":false,"template":"","format":"standard","meta":{"_acf_changed":false,"footnotes":""},"categories":[603,79],"tags":[714,715],"article_type":[56,557],"agreement":[],"class_list":["post-73918","post","type-post","status-publish","format-standard","has-post-thumbnail","hentry","category-almega","category-eu-och-internationellt","tag-arbetstidsforkortning","tag-infrastruktur","type-nyheter","type-vd-svarar"],"acf":[],"yoast_head":"<!-- This site is optimized with the Yoast SEO Premium plugin v26.8 (Yoast SEO v26.8) - https:\/\/yoast.com\/product\/yoast-seo-premium-wordpress\/ -->\n<title>&quot;Arbetstider m\u00e5ste beslutas om i verksamheterna&quot; | Almega<\/title>\n<meta name=\"robots\" content=\"index, follow, max-snippet:-1, max-image-preview:large, max-video-preview:-1\" \/>\n<link rel=\"canonical\" href=\"https:\/\/www.almega.se\/2024\/05\/arbetstidsforkortning-maste-hanteras-i-verksamheterna\/\" \/>\n<meta property=\"og:locale\" content=\"sv_SE\" \/>\n<meta property=\"og:type\" content=\"article\" \/>\n<meta property=\"og:title\" content=\"&quot;Arbetstider m\u00e5ste beslutas om i verksamheterna&quot;\" \/>\n<meta property=\"og:description\" content=\"LO-kongressen tog ju nyligen st\u00e4llning f\u00f6r en arbetstidsf\u00f6rkortning. Vad \u00e4r din kommentar?&nbsp;&nbsp; \u2013\u202fAlmega har egentligen inga principiella inv\u00e4ndningar mot arbetstidsf\u00f6rkortning, men arbetstider m\u00e5ste beslutas om i verksamheterna. Sker det genom lagstiftning eller kollektivavtal kommer det &hellip;\" \/>\n<meta property=\"og:url\" content=\"https:\/\/www.almega.se\/2024\/05\/arbetstidsforkortning-maste-hanteras-i-verksamheterna\/\" \/>\n<meta property=\"og:site_name\" content=\"Almega\" \/>\n<meta property=\"article:published_time\" content=\"2024-05-24T04:16:00+00:00\" \/>\n<meta property=\"article:modified_time\" content=\"2024-05-24T11:16:04+00:00\" \/>\n<meta property=\"og:image\" content=\"https:\/\/www.almega.se\/app\/uploads\/2023\/03\/9461-LR-e1677689929820.jpg\" \/>\n\t<meta property=\"og:image:width\" content=\"879\" \/>\n\t<meta property=\"og:image:height\" content=\"571\" \/>\n\t<meta property=\"og:image:type\" content=\"image\/jpeg\" \/>\n<meta name=\"author\" content=\"Karin Nyg\u00e5rd\" \/>\n<meta name=\"twitter:card\" content=\"summary_large_image\" \/>\n<meta name=\"twitter:label1\" content=\"Skriven av\" \/>\n\t<meta name=\"twitter:data1\" content=\"Karin Nyg\u00e5rd\" \/>\n\t<meta name=\"twitter:label2\" content=\"Ber\u00e4knad l\u00e4stid\" \/>\n\t<meta name=\"twitter:data2\" content=\"2 minuter\" \/>\n<!-- \/ Yoast SEO Premium plugin. -->","yoast_head_json":{"title":"\"Arbetstider m\u00e5ste beslutas om i verksamheterna\" | Almega","robots":{"index":"index","follow":"follow","max-snippet":"max-snippet:-1","max-image-preview":"max-image-preview:large","max-video-preview":"max-video-preview:-1"},"canonical":"https:\/\/www.almega.se\/2024\/05\/arbetstidsforkortning-maste-hanteras-i-verksamheterna\/","og_locale":"sv_SE","og_type":"article","og_title":"\"Arbetstider m\u00e5ste beslutas om i verksamheterna\"","og_description":"LO-kongressen tog ju nyligen st\u00e4llning f\u00f6r en arbetstidsf\u00f6rkortning. Vad \u00e4r din kommentar?&nbsp;&nbsp; \u2013\u202fAlmega har egentligen inga principiella inv\u00e4ndningar mot arbetstidsf\u00f6rkortning, men arbetstider m\u00e5ste beslutas om i verksamheterna. Sker det genom lagstiftning eller kollektivavtal kommer det &hellip;","og_url":"https:\/\/www.almega.se\/2024\/05\/arbetstidsforkortning-maste-hanteras-i-verksamheterna\/","og_site_name":"Almega","article_published_time":"2024-05-24T04:16:00+00:00","article_modified_time":"2024-05-24T11:16:04+00:00","og_image":[{"width":879,"height":571,"url":"https:\/\/www.almega.se\/app\/uploads\/2023\/03\/9461-LR-e1677689929820.jpg","type":"image\/jpeg"}],"author":"Karin Nyg\u00e5rd","twitter_card":"summary_large_image","twitter_misc":{"Skriven av":"Karin Nyg\u00e5rd","Ber\u00e4knad l\u00e4stid":"2 minuter"},"schema":{"@context":"https:\/\/schema.org","@graph":[{"@type":"NewsArticle","@id":"https:\/\/www.almega.se\/2024\/05\/arbetstidsforkortning-maste-hanteras-i-verksamheterna\/#article","isPartOf":{"@id":"https:\/\/www.almega.se\/2024\/05\/arbetstidsforkortning-maste-hanteras-i-verksamheterna\/"},"author":{"name":"Karin Nyg\u00e5rd","@id":"https:\/\/www.almega.se\/#\/schema\/person\/eae58f3a71d6b7aa9f71f3139a740a02"},"headline":"&#8221;Arbetstider m\u00e5ste beslutas om i verksamheterna&#8221;","datePublished":"2024-05-24T04:16:00+00:00","dateModified":"2024-05-24T11:16:04+00:00","mainEntityOfPage":{"@id":"https:\/\/www.almega.se\/2024\/05\/arbetstidsforkortning-maste-hanteras-i-verksamheterna\/"},"wordCount":288,"image":{"@id":"https:\/\/www.almega.se\/2024\/05\/arbetstidsforkortning-maste-hanteras-i-verksamheterna\/#primaryimage"},"thumbnailUrl":"https:\/\/www.almega.se\/app\/uploads\/2023\/03\/9461-LR-e1677689929820.jpg","keywords":["arbetstidsf\u00f6rkortning","infrastruktur"],"articleSection":["Almega","EU och internationellt"],"inLanguage":"sv-SE"},{"@type":"WebPage","@id":"https:\/\/www.almega.se\/2024\/05\/arbetstidsforkortning-maste-hanteras-i-verksamheterna\/","url":"https:\/\/www.almega.se\/2024\/05\/arbetstidsforkortning-maste-hanteras-i-verksamheterna\/","name":"\"Arbetstider m\u00e5ste beslutas om i verksamheterna\" | Almega","isPartOf":{"@id":"https:\/\/www.almega.se\/#website"},"primaryImageOfPage":{"@id":"https:\/\/www.almega.se\/2024\/05\/arbetstidsforkortning-maste-hanteras-i-verksamheterna\/#primaryimage"},"image":{"@id":"https:\/\/www.almega.se\/2024\/05\/arbetstidsforkortning-maste-hanteras-i-verksamheterna\/#primaryimage"},"thumbnailUrl":"https:\/\/www.almega.se\/app\/uploads\/2023\/03\/9461-LR-e1677689929820.jpg","datePublished":"2024-05-24T04:16:00+00:00","dateModified":"2024-05-24T11:16:04+00:00","author":{"@id":"https:\/\/www.almega.se\/#\/schema\/person\/eae58f3a71d6b7aa9f71f3139a740a02"},"breadcrumb":{"@id":"https:\/\/www.almega.se\/2024\/05\/arbetstidsforkortning-maste-hanteras-i-verksamheterna\/#breadcrumb"},"inLanguage":"sv-SE","potentialAction":[{"@type":"ReadAction","target":["https:\/\/www.almega.se\/2024\/05\/arbetstidsforkortning-maste-hanteras-i-verksamheterna\/"]}]},{"@type":"ImageObject","inLanguage":"sv-SE","@id":"https:\/\/www.almega.se\/2024\/05\/arbetstidsforkortning-maste-hanteras-i-verksamheterna\/#primaryimage","url":"https:\/\/www.almega.se\/app\/uploads\/2023\/03\/9461-LR-e1677689929820.jpg","contentUrl":"https:\/\/www.almega.se\/app\/uploads\/2023\/03\/9461-LR-e1677689929820.jpg","width":879,"height":571,"caption":"Ann \u00d6berg, vd p\u00e5 Almega"},{"@type":"BreadcrumbList","@id":"https:\/\/www.almega.se\/2024\/05\/arbetstidsforkortning-maste-hanteras-i-verksamheterna\/#breadcrumb","itemListElement":[{"@type":"ListItem","position":1,"name":"Home","item":"https:\/\/www.almega.se\/"},{"@type":"ListItem","position":2,"name":"&#8221;Arbetstider m\u00e5ste beslutas om i verksamheterna&#8221;"}]},{"@type":"WebSite","@id":"https:\/\/www.almega.se\/#website","url":"https:\/\/www.almega.se\/","name":"Almega","description":"","potentialAction":[{"@type":"SearchAction","target":{"@type":"EntryPoint","urlTemplate":"https:\/\/www.almega.se\/?s={search_term_string}"},"query-input":{"@type":"PropertyValueSpecification","valueRequired":true,"valueName":"search_term_string"}}],"inLanguage":"sv-SE"},{"@type":"Person","@id":"https:\/\/www.almega.se\/#\/schema\/person\/eae58f3a71d6b7aa9f71f3139a740a02","name":"Karin Nyg\u00e5rd","image":{"@type":"ImageObject","inLanguage":"sv-SE","@id":"https:\/\/www.almega.se\/#\/schema\/person\/image\/","url":"https:\/\/secure.gravatar.com\/avatar\/09e5ec3d12974ae686ad90a0a4bf5404c8a4cfdca18f97124f166ab274023818?s=96&d=mm&r=g","contentUrl":"https:\/\/secure.gravatar.com\/avatar\/09e5ec3d12974ae686ad90a0a4bf5404c8a4cfdca18f97124f166ab274023818?s=96&d=mm&r=g","caption":"Karin Nyg\u00e5rd"},"description":"Produkt\u00e4gare Almega.se, samordnar webbutveckling och utveckling av Arbetsgivarguiden.se","url":"https:\/\/www.almega.se\/person\/karinnygard\/"}]}},"_links":{"self":[{"href":"https:\/\/www.almega.se\/api\/wp\/v2\/posts\/73918","targetHints":{"allow":["GET"]}}],"collection":[{"href":"https:\/\/www.almega.se\/api\/wp\/v2\/posts"}],"about":[{"href":"https:\/\/www.almega.se\/api\/wp\/v2\/types\/post"}],"author":[{"embeddable":true,"href":"https:\/\/www.almega.se\/api\/wp\/v2\/users\/14531"}],"replies":[{"embeddable":true,"href":"https:\/\/www.almega.se\/api\/wp\/v2\/comments?post=73918"}],"version-history":[{"count":7,"href":"https:\/\/www.almega.se\/api\/wp\/v2\/posts\/73918\/revisions"}],"predecessor-version":[{"id":73982,"href":"https:\/\/www.almega.se\/api\/wp\/v2\/posts\/73918\/revisions\/73982"}],"wp:featuredmedia":[{"embeddable":true,"href":"https:\/\/www.almega.se\/api\/wp\/v2\/media\/60055"}],"wp:attachment":[{"href":"https:\/\/www.almega.se\/api\/wp\/v2\/media?parent=73918"}],"wp:term":[{"taxonomy":"category","embeddable":true,"href":"https:\/\/www.almega.se\/api\/wp\/v2\/categories?post=73918"},{"taxonomy":"post_tag","embeddable":true,"href":"https:\/\/www.almega.se\/api\/wp\/v2\/tags?post=73918"},{"taxonomy":"type","embeddable":true,"href":"https:\/\/www.almega.se\/api\/wp\/v2\/article_type?post=73918"},{"taxonomy":"agreement","embeddable":true,"href":"https:\/\/www.almega.se\/api\/wp\/v2\/agreement?post=73918"}],"curies":[{"name":"wp","href":"https:\/\/api.w.org\/{rel}","templated":true}]}}