{"id":73909,"date":"2024-05-23T07:49:42","date_gmt":"2024-05-23T05:49:42","guid":{"rendered":"https:\/\/www.almega.se\/?p=73909"},"modified":"2024-05-23T10:30:34","modified_gmt":"2024-05-23T08:30:34","slug":"almega-i-altinget-dags-att-gora-europa-en-tjanst","status":"publish","type":"post","link":"https:\/\/www.almega.se\/2024\/05\/almega-i-altinget-dags-att-gora-europa-en-tjanst\/","title":{"rendered":"Almega i Altinget: Dags att g\u00f6ra Europa en tj\u00e4nst"},"content":{"rendered":"<p class=\"intro\">Valet till Europaparlamentet n\u00e4rmar sig. Utmaningarna kring tillv\u00e4xt och den gr\u00f6na omst\u00e4llningen blir allt st\u00f6rre. Samtidigt hamnar EU:s samlade produktivitet alltmer p\u00e5 efterk\u00e4lken. Det skriver Almegas Fredrik \u00d6stbom och David W\u00e4stberg i en debattartikel hos Altinget.<\/p>\n\n<p>&#8221;S\u00e4kerhetshetsl\u00e4get i Europa har inte varit allvarligare sedan andra v\u00e4rldskriget. I EU, precis som i Sverige, \u00e4r det f\u00f6retagen som sitter p\u00e5 de flesta l\u00f6sningarna. F\u00f6r parlamentarikerna handlar det om att undanr\u00f6ja fler av de hinder som dessa f\u00f6retagare st\u00e4lls inf\u00f6r&#8221; skriver <strong>Fredrik \u00d6stbom<\/strong>, n\u00e4ringspolitisk chef och <strong>David W\u00e4stberg,<\/strong> n\u00e4ringspolitisk expert, Almega,<a href=\"https:\/\/www.altinget.se\/artikel\/almega-dags-att-gora-europa-en-tjanst\"> i en debattartikel hos Altinget.<\/a><\/p>\n\n\n\n<p>&#8221;EU m\u00e5ste komma till r\u00e4tta med hur och vad som kr\u00e4vs f\u00f6r att \u00f6ka produktiviteten och d\u00e4rigenom v\u00e4lst\u00e5ndet. Nyckeln ligger i ett f\u00f6retagarv\u00e4nligt och modernt EU d\u00e4r tj\u00e4nstef\u00f6retagen till\u00e5ts spela sin avg\u00f6rande roll fullt ut. Nu hoppas vi att de kandidater som vi skickar till Europaparlamentet tar med sig detta. EU kan inte v\u00e4nta \u2013 Sverige kan inte v\u00e4nta&#8221;<\/p>\n\n\n\n      <a href=\"https:\/\/www.altinget.se\/artikel\/almega-dags-att-gora-europa-en-tjanst\" target=\"\" class=\"Button is-text Button--external-link\">\n      \n        L\u00e4s hela debattartikeln hos Altinget\n      \n      \n                <svg class='icon icon--external-link'  width=\"16\" height=\"16\" viewBox=\"0 0 16 16\" fill=\"none\" xmlns=\"http:\/\/www.w3.org\/2000\/svg\">\n<path d=\"M9 1H15V7\" stroke=\"black\" stroke-width=\"2\" stroke-miterlimit=\"10\"\/>\n<path d=\"M5 2H1V15H14V11\" stroke=\"black\" stroke-width=\"2\" stroke-miterlimit=\"10\"\/>\n<path d=\"M15 1L6 10\" stroke=\"black\" stroke-width=\"2\" stroke-miterlimit=\"10\"\/>\n<\/svg>\n\n        \n    <\/a>\n  \n\n\n\n      <a href=\"https:\/\/www.almega.se\/2024\/05\/almegas-nya-eu-program-lat-oss-gora-europa-en-tjanst-2\/\" target=\"\" class=\"Button is-text Button--arrow-tip\">\n      \n        L\u00e4s ocks\u00e5: Almegas nya EU-program: L\u00e5t oss g\u00f6ra Europa en tj\u00e4nst\n      \n      \n                \n                <svg class='icon icon--arrow-tip'  width=\"11\" height=\"16\" viewBox=\"0 0 11 16\" fill=\"none\" xmlns=\"http:\/\/www.w3.org\/2000\/svg\">\n<path d=\"M0.858398 15L9.2304 7.99664L0.967732 1.00001\" stroke=\"black\" stroke-width=\"2\" stroke-miterlimit=\"10\"\/>\n<\/svg>\n\n        \n    <\/a>\n  \n\n\n\n<blockquote class=\"wp-block-quote is-layout-flow wp-block-quote-is-layout-flow\">\n<p>&#8221;Det mesta i omv\u00e4rlden talar f\u00f6r att EU:s motst\u00e5ndskraft m\u00e5ste \u00f6ka, n\u00e5got som sker b\u00e4st genom ett starkare och mer v\u00e4lfungerande EU&#8221;<\/p>\n<cite>David W\u00e4stberg och Fredrik \u00d6stbom i Altinget.<\/cite><\/blockquote>\n","protected":false},"excerpt":{"rendered":"<p>&#8221;S\u00e4kerhetshetsl\u00e4get i Europa har inte varit allvarligare sedan andra v\u00e4rldskriget. I EU, precis som i Sverige, \u00e4r det f\u00f6retagen som sitter p\u00e5 de flesta l\u00f6sningarna. F\u00f6r parlamentarikerna handlar det om att undanr\u00f6ja fler av de &hellip;<\/p>\n","protected":false},"author":16543,"featured_media":73910,"comment_status":"closed","ping_status":"closed","sticky":false,"template":"","format":"standard","meta":{"_acf_changed":false,"footnotes":""},"categories":[79],"tags":[],"article_type":[49,56],"agreement":[],"class_list":["post-73909","post","type-post","status-publish","format-standard","has-post-thumbnail","hentry","category-eu-och-internationellt","type-debattartiklar","type-nyheter"],"acf":[],"yoast_head":"<!-- This site is optimized with the Yoast SEO Premium plugin v26.8 (Yoast SEO v26.8) - https:\/\/yoast.com\/product\/yoast-seo-premium-wordpress\/ -->\n<title>Almega i Altinget: Dags att g\u00f6ra Europa en tj\u00e4nst | Almega<\/title>\n<meta name=\"robots\" content=\"index, follow, max-snippet:-1, max-image-preview:large, max-video-preview:-1\" \/>\n<link rel=\"canonical\" href=\"https:\/\/www.almega.se\/2024\/05\/almega-i-altinget-dags-att-gora-europa-en-tjanst\/\" \/>\n<meta property=\"og:locale\" content=\"sv_SE\" \/>\n<meta property=\"og:type\" content=\"article\" \/>\n<meta property=\"og:title\" content=\"Almega i Altinget: Dags att g\u00f6ra Europa en tj\u00e4nst\" \/>\n<meta property=\"og:description\" content=\"&#8221;S\u00e4kerhetshetsl\u00e4get i Europa har inte varit allvarligare sedan andra v\u00e4rldskriget. I EU, precis som i Sverige, \u00e4r det f\u00f6retagen som sitter p\u00e5 de flesta l\u00f6sningarna. F\u00f6r parlamentarikerna handlar det om att undanr\u00f6ja fler av de &hellip;\" \/>\n<meta property=\"og:url\" content=\"https:\/\/www.almega.se\/2024\/05\/almega-i-altinget-dags-att-gora-europa-en-tjanst\/\" \/>\n<meta property=\"og:site_name\" content=\"Almega\" \/>\n<meta property=\"article:published_time\" content=\"2024-05-23T05:49:42+00:00\" \/>\n<meta property=\"article:modified_time\" content=\"2024-05-23T08:30:34+00:00\" \/>\n<meta property=\"og:image\" content=\"https:\/\/www.almega.se\/app\/uploads\/2024\/05\/Debatt-EU-hemsida.png\" \/>\n\t<meta property=\"og:image:width\" content=\"940\" \/>\n\t<meta property=\"og:image:height\" content=\"788\" \/>\n\t<meta property=\"og:image:type\" content=\"image\/png\" \/>\n<meta name=\"author\" content=\"R\u00e9ka Tolnai\" \/>\n<meta name=\"twitter:card\" content=\"summary_large_image\" \/>\n<meta name=\"twitter:label1\" content=\"Skriven av\" \/>\n\t<meta name=\"twitter:data1\" content=\"R\u00e9ka Tolnai\" \/>\n\t<meta name=\"twitter:label2\" content=\"Ber\u00e4knad l\u00e4stid\" \/>\n\t<meta name=\"twitter:data2\" content=\"1 minut\" \/>\n<!-- \/ Yoast SEO Premium plugin. -->","yoast_head_json":{"title":"Almega i Altinget: Dags att g\u00f6ra Europa en tj\u00e4nst | Almega","robots":{"index":"index","follow":"follow","max-snippet":"max-snippet:-1","max-image-preview":"max-image-preview:large","max-video-preview":"max-video-preview:-1"},"canonical":"https:\/\/www.almega.se\/2024\/05\/almega-i-altinget-dags-att-gora-europa-en-tjanst\/","og_locale":"sv_SE","og_type":"article","og_title":"Almega i Altinget: Dags att g\u00f6ra Europa en tj\u00e4nst","og_description":"&#8221;S\u00e4kerhetshetsl\u00e4get i Europa har inte varit allvarligare sedan andra v\u00e4rldskriget. I EU, precis som i Sverige, \u00e4r det f\u00f6retagen som sitter p\u00e5 de flesta l\u00f6sningarna. F\u00f6r parlamentarikerna handlar det om att undanr\u00f6ja fler av de &hellip;","og_url":"https:\/\/www.almega.se\/2024\/05\/almega-i-altinget-dags-att-gora-europa-en-tjanst\/","og_site_name":"Almega","article_published_time":"2024-05-23T05:49:42+00:00","article_modified_time":"2024-05-23T08:30:34+00:00","og_image":[{"width":940,"height":788,"url":"https:\/\/www.almega.se\/app\/uploads\/2024\/05\/Debatt-EU-hemsida.png","type":"image\/png"}],"author":"R\u00e9ka Tolnai","twitter_card":"summary_large_image","twitter_misc":{"Skriven av":"R\u00e9ka Tolnai","Ber\u00e4knad l\u00e4stid":"1 minut"},"schema":{"@context":"https:\/\/schema.org","@graph":[{"@type":"NewsArticle","@id":"https:\/\/www.almega.se\/2024\/05\/almega-i-altinget-dags-att-gora-europa-en-tjanst\/#article","isPartOf":{"@id":"https:\/\/www.almega.se\/2024\/05\/almega-i-altinget-dags-att-gora-europa-en-tjanst\/"},"author":{"name":"R\u00e9ka Tolnai","@id":"https:\/\/www.almega.se\/#\/schema\/person\/e54aa110880538cf5ceac0ac54bbecf7"},"headline":"Almega i Altinget: Dags att g\u00f6ra Europa en tj\u00e4nst","datePublished":"2024-05-23T05:49:42+00:00","dateModified":"2024-05-23T08:30:34+00:00","mainEntityOfPage":{"@id":"https:\/\/www.almega.se\/2024\/05\/almega-i-altinget-dags-att-gora-europa-en-tjanst\/"},"wordCount":193,"image":{"@id":"https:\/\/www.almega.se\/2024\/05\/almega-i-altinget-dags-att-gora-europa-en-tjanst\/#primaryimage"},"thumbnailUrl":"https:\/\/www.almega.se\/app\/uploads\/2024\/05\/Debatt-EU-hemsida.png","articleSection":["EU och internationellt"],"inLanguage":"sv-SE"},{"@type":"WebPage","@id":"https:\/\/www.almega.se\/2024\/05\/almega-i-altinget-dags-att-gora-europa-en-tjanst\/","url":"https:\/\/www.almega.se\/2024\/05\/almega-i-altinget-dags-att-gora-europa-en-tjanst\/","name":"Almega i Altinget: Dags att g\u00f6ra Europa en tj\u00e4nst | Almega","isPartOf":{"@id":"https:\/\/www.almega.se\/#website"},"primaryImageOfPage":{"@id":"https:\/\/www.almega.se\/2024\/05\/almega-i-altinget-dags-att-gora-europa-en-tjanst\/#primaryimage"},"image":{"@id":"https:\/\/www.almega.se\/2024\/05\/almega-i-altinget-dags-att-gora-europa-en-tjanst\/#primaryimage"},"thumbnailUrl":"https:\/\/www.almega.se\/app\/uploads\/2024\/05\/Debatt-EU-hemsida.png","datePublished":"2024-05-23T05:49:42+00:00","dateModified":"2024-05-23T08:30:34+00:00","author":{"@id":"https:\/\/www.almega.se\/#\/schema\/person\/e54aa110880538cf5ceac0ac54bbecf7"},"breadcrumb":{"@id":"https:\/\/www.almega.se\/2024\/05\/almega-i-altinget-dags-att-gora-europa-en-tjanst\/#breadcrumb"},"inLanguage":"sv-SE","potentialAction":[{"@type":"ReadAction","target":["https:\/\/www.almega.se\/2024\/05\/almega-i-altinget-dags-att-gora-europa-en-tjanst\/"]}]},{"@type":"ImageObject","inLanguage":"sv-SE","@id":"https:\/\/www.almega.se\/2024\/05\/almega-i-altinget-dags-att-gora-europa-en-tjanst\/#primaryimage","url":"https:\/\/www.almega.se\/app\/uploads\/2024\/05\/Debatt-EU-hemsida.png","contentUrl":"https:\/\/www.almega.se\/app\/uploads\/2024\/05\/Debatt-EU-hemsida.png","width":940,"height":788},{"@type":"BreadcrumbList","@id":"https:\/\/www.almega.se\/2024\/05\/almega-i-altinget-dags-att-gora-europa-en-tjanst\/#breadcrumb","itemListElement":[{"@type":"ListItem","position":1,"name":"Home","item":"https:\/\/www.almega.se\/"},{"@type":"ListItem","position":2,"name":"Almega i Altinget: Dags att g\u00f6ra Europa en tj\u00e4nst"}]},{"@type":"WebSite","@id":"https:\/\/www.almega.se\/#website","url":"https:\/\/www.almega.se\/","name":"Almega","description":"","potentialAction":[{"@type":"SearchAction","target":{"@type":"EntryPoint","urlTemplate":"https:\/\/www.almega.se\/?s={search_term_string}"},"query-input":{"@type":"PropertyValueSpecification","valueRequired":true,"valueName":"search_term_string"}}],"inLanguage":"sv-SE"},{"@type":"Person","@id":"https:\/\/www.almega.se\/#\/schema\/person\/e54aa110880538cf5ceac0ac54bbecf7","name":"R\u00e9ka Tolnai","image":{"@type":"ImageObject","inLanguage":"sv-SE","@id":"https:\/\/www.almega.se\/#\/schema\/person\/image\/","url":"https:\/\/secure.gravatar.com\/avatar\/c722d4a4ee787603df9df499a683d681bd2c463bde248da25aabc45883d614d2?s=96&d=mm&r=g","contentUrl":"https:\/\/secure.gravatar.com\/avatar\/c722d4a4ee787603df9df499a683d681bd2c463bde248da25aabc45883d614d2?s=96&d=mm&r=g","caption":"R\u00e9ka Tolnai"},"url":"https:\/\/www.almega.se\/person\/rekatolnai\/"}]}},"_links":{"self":[{"href":"https:\/\/www.almega.se\/api\/wp\/v2\/posts\/73909","targetHints":{"allow":["GET"]}}],"collection":[{"href":"https:\/\/www.almega.se\/api\/wp\/v2\/posts"}],"about":[{"href":"https:\/\/www.almega.se\/api\/wp\/v2\/types\/post"}],"author":[{"embeddable":true,"href":"https:\/\/www.almega.se\/api\/wp\/v2\/users\/16543"}],"replies":[{"embeddable":true,"href":"https:\/\/www.almega.se\/api\/wp\/v2\/comments?post=73909"}],"version-history":[{"count":11,"href":"https:\/\/www.almega.se\/api\/wp\/v2\/posts\/73909\/revisions"}],"predecessor-version":[{"id":73937,"href":"https:\/\/www.almega.se\/api\/wp\/v2\/posts\/73909\/revisions\/73937"}],"wp:featuredmedia":[{"embeddable":true,"href":"https:\/\/www.almega.se\/api\/wp\/v2\/media\/73910"}],"wp:attachment":[{"href":"https:\/\/www.almega.se\/api\/wp\/v2\/media?parent=73909"}],"wp:term":[{"taxonomy":"category","embeddable":true,"href":"https:\/\/www.almega.se\/api\/wp\/v2\/categories?post=73909"},{"taxonomy":"post_tag","embeddable":true,"href":"https:\/\/www.almega.se\/api\/wp\/v2\/tags?post=73909"},{"taxonomy":"type","embeddable":true,"href":"https:\/\/www.almega.se\/api\/wp\/v2\/article_type?post=73909"},{"taxonomy":"agreement","embeddable":true,"href":"https:\/\/www.almega.se\/api\/wp\/v2\/agreement?post=73909"}],"curies":[{"name":"wp","href":"https:\/\/api.w.org\/{rel}","templated":true}]}}