{"id":73716,"date":"2024-05-20T08:07:53","date_gmt":"2024-05-20T06:07:53","guid":{"rendered":"https:\/\/www.almega.se\/?p=73716"},"modified":"2024-05-24T09:18:07","modified_gmt":"2024-05-24T07:18:07","slug":"almega-utbildning-ett-nytt-forbund-for-all-icke-offentligfinansierad-utbildningsverksamhet","status":"publish","type":"post","link":"https:\/\/www.almega.se\/2024\/05\/almega-utbildning-ett-nytt-forbund-for-all-icke-offentligfinansierad-utbildningsverksamhet\/","title":{"rendered":"Almega Utbildning &#8211; ett nytt f\u00f6rbund f\u00f6r all icke offentlig utbildnings&shy;verksamhet"},"content":{"rendered":"<h2>Viktig information till dig som bedriver verksamhet inom fri f\u00f6rskola och friskola och som \u00e4r medlem i Almega Tj\u00e4nstef\u00f6retagen<\/h2>\n\n<p>F\u00f6r att tydligare driva utbildningsfr\u00e5gorna och bidra till att Sverige ska kunna vara det kompetensland som framtiden kr\u00e4ver bildas ett nytt f\u00f6rbund, Almega Utbildning, fr\u00e5n och med den 1 juli 2024. <\/p>\n\n\n\n<p>Det nya f\u00f6rbundet kommer att ta en ny position i skoldebatten och bygga allianser med SKR, fackf\u00f6rbund, akademin, myndigheter och andra intressenter f\u00f6r att skapa stabila och l\u00e5ngsiktiga l\u00f6sningar, f\u00f6r ett \u00e4nnu b\u00e4ttre utbildningsv\u00e4sende som bygger p\u00e5 professionen, verksamheterna och forskningen.<\/p>\n\n\n<a class='Share__link Share__link--url copy-text' href='#' rel='nofollow' data-text='almega-utbildning-\u2013-en-bransch--och-arbetsgivarorganisation' title='Dela url' data-confirmation='L\u00e4nken kopierades till urklipp'><svg class='icon icon--link'  width='18' height='18' viewBox='0 0 18 18' fill='none' xmlns='http:\/\/www.w3.org\/2000\/svg'>\n            <path d='M10.4142 0.514721L6.87868 4.05025L8.29289 5.46447L11.1213 2.63604L15.364 6.87868L12.5355 9.70711L13.9497 11.1213L17.4853 7.58579C17.8763 7.19476 17.8763 6.5626 17.4853 6.17158L11.8284 0.514721C11.4374 0.123691 10.8052 0.123691 10.4142 0.514721Z' fill='black'\/>\n            <path d='M9.7071 12.5355L6.87868 15.364L2.63604 11.1213L5.46446 8.2929L4.05025 6.87868L0.514716 10.4142C0.123686 10.8052 0.123686 11.4374 0.514716 11.8284L6.17157 17.4853C6.5626 17.8763 7.19475 17.8763 7.58578 17.4853L11.1213 13.9497L9.7071 12.5355Z' fill='black'\/>\n            <path d='M6.17157 11.8284C6.5626 12.2195 7.19475 12.2195 7.58578 11.8284L11.8284 7.58579C12.2195 7.19476 12.2195 6.56261 11.8284 6.17158C11.4374 5.78055 10.8052 5.78055 10.4142 6.17158L6.17157 10.4142C5.78054 10.8052 5.78054 11.4374 6.17157 11.8284Z' fill='black'\/>\n            <\/svg> <\/a>\n<h2 class=\"wp-block-heading\">Almega Utbildning \u2013 en bransch- och arbetsgivarorganisation<\/h2>\n\n\n\n<p>Almega Utbildning kommer b\u00e5de att vara en bransch- och arbetsgivarorganisation och best\u00e5 av branschdelen fr\u00e5n Friskolornas riksf\u00f6rbund och arbetsgivardelen inom Almega Tj\u00e4nstef\u00f6retagen. Det nya f\u00f6rbundet kommer att vara en del av Almega och Svenskt N\u00e4ringsliv. Beslut om detta har fattats p\u00e5 \u00e5rsm\u00f6ten av Almega Tj\u00e4nstef\u00f6retagen den 24 april 2024 och av Friskolornas Riksf\u00f6rbund den 25 april 2024.<\/p>\n\n\n\n<p>Det nya f\u00f6rbundet \u00f6vertar tecknandet av Almega Tj\u00e4nstef\u00f6retagens kollektivavtal f\u00f6r skolor och f\u00f6rskolor. Vidare kommer Almega Tj\u00e4nstef\u00f6retagen den 1 juli 2024, \u00f6verf\u00f6ra det kapital och de aktier som motsvarar friskolornas och de fria f\u00f6rskolornas andel den 30 juni 2024, till Almega Utbildning. Friskolornas Riksf\u00f6rbund ombildas till Almega Utbildning och av de nya stadgarna framg\u00e5r att ett medlemskap i Almega Utbildning avser b\u00e5de branschdelen och arbetsgivardelen.<\/p>\n\n\n<a class='Share__link Share__link--url copy-text' href='#' rel='nofollow' data-text='beslutets-innebord-for-dig-som-medlem' title='Dela url' data-confirmation='L\u00e4nken kopierades till urklipp'><svg class='icon icon--link'  width='18' height='18' viewBox='0 0 18 18' fill='none' xmlns='http:\/\/www.w3.org\/2000\/svg'>\n            <path d='M10.4142 0.514721L6.87868 4.05025L8.29289 5.46447L11.1213 2.63604L15.364 6.87868L12.5355 9.70711L13.9497 11.1213L17.4853 7.58579C17.8763 7.19476 17.8763 6.5626 17.4853 6.17158L11.8284 0.514721C11.4374 0.123691 10.8052 0.123691 10.4142 0.514721Z' fill='black'\/>\n            <path d='M9.7071 12.5355L6.87868 15.364L2.63604 11.1213L5.46446 8.2929L4.05025 6.87868L0.514716 10.4142C0.123686 10.8052 0.123686 11.4374 0.514716 11.8284L6.17157 17.4853C6.5626 17.8763 7.19475 17.8763 7.58578 17.4853L11.1213 13.9497L9.7071 12.5355Z' fill='black'\/>\n            <path d='M6.17157 11.8284C6.5626 12.2195 7.19475 12.2195 7.58578 11.8284L11.8284 7.58579C12.2195 7.19476 12.2195 6.56261 11.8284 6.17158C11.4374 5.78055 10.8052 5.78055 10.4142 6.17158L6.17157 10.4142C5.78054 10.8052 5.78054 11.4374 6.17157 11.8284Z' fill='black'\/>\n            <\/svg> <\/a>\n<h2 class=\"wp-block-heading\">Beslutets inneb\u00f6rd f\u00f6r dig som medlem<\/h2>\n\n\n\n<p>Medlemsf\u00f6retag inom fri  f\u00f6rskole- och friskoleomr\u00e5det rekommenderas att l\u00e4mna Almega Tj\u00e4nstef\u00f6retagen, f\u00f6r att fr\u00e5n och med den 1 juli 2024 tr\u00e4da in i det nya f\u00f6rbundet f\u00f6r utbildningsomr\u00e5det Almega Utbildning.<\/p>\n\n\n\n<p>F\u00f6r\u00e4ndringen kommer inte att p\u00e5verka den arbetsgivarservice du \u00e4r van vid att erh\u00e5lla, den kommer att fungera precis som tidigare. Avgiften f\u00f6r innevarande \u00e5r kommer inte heller att p\u00e5verkas. Avgiften till det nya f\u00f6rbundet, fr\u00e5n och med den 1 januari 2025, kommer att vara kostnadsneutral i f\u00f6rh\u00e5llande till nuvarande avgift till Almega Tj\u00e4nstef\u00f6retagen och Friskolornas riksf\u00f6rbund. F\u00f6retag som inte varit med i Friskolornas riksf\u00f6rbund kommer fr\u00e5n den 1 januari 2025 \u00e4ven att betala en branschavgift till Almega Utbildning.<\/p>\n\n\n<a class='Share__link Share__link--url copy-text' href='#' rel='nofollow' data-text='medlemskap-i-almega-utbildning' title='Dela url' data-confirmation='L\u00e4nken kopierades till urklipp'><svg class='icon icon--link'  width='18' height='18' viewBox='0 0 18 18' fill='none' xmlns='http:\/\/www.w3.org\/2000\/svg'>\n            <path d='M10.4142 0.514721L6.87868 4.05025L8.29289 5.46447L11.1213 2.63604L15.364 6.87868L12.5355 9.70711L13.9497 11.1213L17.4853 7.58579C17.8763 7.19476 17.8763 6.5626 17.4853 6.17158L11.8284 0.514721C11.4374 0.123691 10.8052 0.123691 10.4142 0.514721Z' fill='black'\/>\n            <path d='M9.7071 12.5355L6.87868 15.364L2.63604 11.1213L5.46446 8.2929L4.05025 6.87868L0.514716 10.4142C0.123686 10.8052 0.123686 11.4374 0.514716 11.8284L6.17157 17.4853C6.5626 17.8763 7.19475 17.8763 7.58578 17.4853L11.1213 13.9497L9.7071 12.5355Z' fill='black'\/>\n            <path d='M6.17157 11.8284C6.5626 12.2195 7.19475 12.2195 7.58578 11.8284L11.8284 7.58579C12.2195 7.19476 12.2195 6.56261 11.8284 6.17158C11.4374 5.78055 10.8052 5.78055 10.4142 6.17158L6.17157 10.4142C5.78054 10.8052 5.78054 11.4374 6.17157 11.8284Z' fill='black'\/>\n            <\/svg> <\/a>\n<h2 class=\"wp-block-heading\">Medlemskap i Almega Utbildning<\/h2>\n\n\n\n<p>Om du vill att ditt f\u00f6retag ska vara medlem i Almega Utbildning beh\u00f6ver du inte g\u00f6ra n\u00e5gonting, en \u00f6verg\u00e5ng kommer d\u00e5 att ske automatiskt den 1 juli 2024. <\/p>\n\n\n\n<p>Om du d\u00e4remot mots\u00e4tter dig ett medlemskap i Almega Utbildning beh\u00f6ver du meddela detta i ett mejl senast fredagen den 14 juni 2024 till <a href=\"mailto:medlem@almega.se\">medlem@almega.se<\/a>. Det \u00e4r dock viktigt att notera att det fr\u00e5n och med den 1 januari 2025, inte l\u00e4ngre \u00e4r m\u00f6jligt att vara medlem i Almega Tj\u00e4nstef\u00f6retagen. Det betyder att medlemskapet i Almega Tj\u00e4nstef\u00f6retagen under alla omst\u00e4ndigheter upph\u00f6r senast den 31 december 2024, men att f\u00f6retaget \u00e4r bundet av g\u00e4llande kollektivavtal intill dess de l\u00f6per ut den 31 augusti 2025 (Sveriges L\u00e4rare), 31 oktober 2025 (Kommunal). Vision har ett tillsvidareavtal med tre m\u00e5naders upps\u00e4gningstid. Eftersom arbetsgivaren d\u00e5 inte \u00e4r medlem i ett arbetsgivarf\u00f6rbund kommer avgiften till TRR \u00f6ka med 0,4 procent f\u00f6r resterande avtalsperiod.<\/p>\n\n\n\n<p>Vi hoppas att du v\u00e4ljer att l\u00e5ta medlemskapet \u00f6verg\u00e5 till Almega Utbildning.<\/p>\n\n\n\n<h3 class=\"wp-block-heading\">Vid fr\u00e5gor v\u00e4nligen kontakta<\/h3>\n\n\n\n<p>Hedda Mann, <a href=\"mailto:hedda.mann@almega.se\" target=\"_blank\" rel=\"noreferrer noopener\">hedda.mann@almega.se<\/a> eller<br>Daniel Andersson, <a href=\"mailto:daniel.andersson@almega.se\" target=\"_blank\" rel=\"noreferrer noopener\">daniel.andersson@almega.se<\/a><\/p>\n","protected":false},"excerpt":{"rendered":"<p>F\u00f6r att tydligare driva utbildningsfr\u00e5gorna och bidra till att Sverige ska kunna vara det kompetensland som framtiden kr\u00e4ver bildas ett nytt f\u00f6rbund, Almega Utbildning, fr\u00e5n och med den 1 juli 2024. Det nya f\u00f6rbundet kommer &hellip;<\/p>\n","protected":false},"author":14836,"featured_media":0,"comment_status":"closed","ping_status":"closed","sticky":false,"template":"","format":"standard","meta":{"_acf_changed":false,"footnotes":""},"categories":[1],"tags":[],"article_type":[313,307],"agreement":[152,149,150],"class_list":["post-73716","post","type-post","status-publish","format-standard","hentry","category-okategoriserade","type-arbetsgivarnytt","type-medlemsnyheter","agreement-64ce80f7-ff07-de11-b4e1-02bf9e69ca65","agreement-62ce80f7-ff07-de11-b4e1-02bf9e69ca65","agreement-63ce80f7-ff07-de11-b4e1-02bf9e69ca65"],"acf":[],"yoast_head":"<!-- This site is optimized with the Yoast SEO Premium plugin v26.8 (Yoast SEO v26.8) - https:\/\/yoast.com\/product\/yoast-seo-premium-wordpress\/ -->\n<title>Almega Utbildning - ett nytt f\u00f6rbund f\u00f6r all icke offentlig utbildningsverksamhet | Almega<\/title>\n<meta name=\"robots\" content=\"index, follow, max-snippet:-1, max-image-preview:large, max-video-preview:-1\" \/>\n<link rel=\"canonical\" href=\"https:\/\/www.almega.se\/2024\/05\/almega-utbildning-ett-nytt-forbund-for-all-icke-offentligfinansierad-utbildningsverksamhet\/\" \/>\n<meta property=\"og:locale\" content=\"sv_SE\" \/>\n<meta property=\"og:type\" content=\"article\" \/>\n<meta property=\"og:title\" content=\"Almega Utbildning - ett nytt f\u00f6rbund f\u00f6r all icke offentlig utbildningsverksamhet\" \/>\n<meta property=\"og:description\" content=\"F\u00f6r att tydligare driva utbildningsfr\u00e5gorna och bidra till att Sverige ska kunna vara det kompetensland som framtiden kr\u00e4ver bildas ett nytt f\u00f6rbund, Almega Utbildning, fr\u00e5n och med den 1 juli 2024. Det nya f\u00f6rbundet kommer &hellip;\" \/>\n<meta property=\"og:url\" content=\"https:\/\/www.almega.se\/2024\/05\/almega-utbildning-ett-nytt-forbund-for-all-icke-offentligfinansierad-utbildningsverksamhet\/\" \/>\n<meta property=\"og:site_name\" content=\"Almega\" \/>\n<meta property=\"article:published_time\" content=\"2024-05-20T06:07:53+00:00\" \/>\n<meta property=\"article:modified_time\" content=\"2024-05-24T07:18:07+00:00\" \/>\n<meta property=\"og:image\" content=\"https:\/\/www.almega.se\/app\/uploads\/2020\/12\/almega-share-logo.png\" \/>\n\t<meta property=\"og:image:width\" content=\"1200\" \/>\n\t<meta property=\"og:image:height\" content=\"630\" \/>\n\t<meta property=\"og:image:type\" content=\"image\/png\" \/>\n<meta name=\"author\" content=\"Eva Pettersson\" \/>\n<meta name=\"twitter:card\" content=\"summary_large_image\" \/>\n<meta name=\"twitter:label1\" content=\"Skriven av\" \/>\n\t<meta name=\"twitter:data1\" content=\"Eva Pettersson\" \/>\n\t<meta name=\"twitter:label2\" content=\"Ber\u00e4knad l\u00e4stid\" \/>\n\t<meta name=\"twitter:data2\" content=\"3 minuter\" \/>\n<!-- \/ Yoast SEO Premium plugin. -->","yoast_head_json":{"title":"Almega Utbildning - ett nytt f\u00f6rbund f\u00f6r all icke offentlig utbildningsverksamhet | Almega","robots":{"index":"index","follow":"follow","max-snippet":"max-snippet:-1","max-image-preview":"max-image-preview:large","max-video-preview":"max-video-preview:-1"},"canonical":"https:\/\/www.almega.se\/2024\/05\/almega-utbildning-ett-nytt-forbund-for-all-icke-offentligfinansierad-utbildningsverksamhet\/","og_locale":"sv_SE","og_type":"article","og_title":"Almega Utbildning - ett nytt f\u00f6rbund f\u00f6r all icke offentlig utbildningsverksamhet","og_description":"F\u00f6r att tydligare driva utbildningsfr\u00e5gorna och bidra till att Sverige ska kunna vara det kompetensland som framtiden kr\u00e4ver bildas ett nytt f\u00f6rbund, Almega Utbildning, fr\u00e5n och med den 1 juli 2024. Det nya f\u00f6rbundet kommer &hellip;","og_url":"https:\/\/www.almega.se\/2024\/05\/almega-utbildning-ett-nytt-forbund-for-all-icke-offentligfinansierad-utbildningsverksamhet\/","og_site_name":"Almega","article_published_time":"2024-05-20T06:07:53+00:00","article_modified_time":"2024-05-24T07:18:07+00:00","og_image":[{"width":1200,"height":630,"url":"https:\/\/www.almega.se\/app\/uploads\/2020\/12\/almega-share-logo.png","type":"image\/png"}],"author":"Eva Pettersson","twitter_card":"summary_large_image","twitter_misc":{"Skriven av":"Eva Pettersson","Ber\u00e4knad l\u00e4stid":"3 minuter"},"schema":{"@context":"https:\/\/schema.org","@graph":[{"@type":"NewsArticle","@id":"https:\/\/www.almega.se\/2024\/05\/almega-utbildning-ett-nytt-forbund-for-all-icke-offentligfinansierad-utbildningsverksamhet\/#article","isPartOf":{"@id":"https:\/\/www.almega.se\/2024\/05\/almega-utbildning-ett-nytt-forbund-for-all-icke-offentligfinansierad-utbildningsverksamhet\/"},"author":{"name":"Eva Pettersson","@id":"https:\/\/www.almega.se\/#\/schema\/person\/50d695bb8f918c77bd2be177892f84b1"},"headline":"Almega Utbildning &#8211; ett nytt f\u00f6rbund f\u00f6r all icke offentlig utbildnings&shy;verksamhet","datePublished":"2024-05-20T06:07:53+00:00","dateModified":"2024-05-24T07:18:07+00:00","mainEntityOfPage":{"@id":"https:\/\/www.almega.se\/2024\/05\/almega-utbildning-ett-nytt-forbund-for-all-icke-offentligfinansierad-utbildningsverksamhet\/"},"wordCount":572,"inLanguage":"sv-SE"},{"@type":"WebPage","@id":"https:\/\/www.almega.se\/2024\/05\/almega-utbildning-ett-nytt-forbund-for-all-icke-offentligfinansierad-utbildningsverksamhet\/","url":"https:\/\/www.almega.se\/2024\/05\/almega-utbildning-ett-nytt-forbund-for-all-icke-offentligfinansierad-utbildningsverksamhet\/","name":"Almega Utbildning - ett nytt f\u00f6rbund f\u00f6r all icke offentlig utbildningsverksamhet | Almega","isPartOf":{"@id":"https:\/\/www.almega.se\/#website"},"datePublished":"2024-05-20T06:07:53+00:00","dateModified":"2024-05-24T07:18:07+00:00","author":{"@id":"https:\/\/www.almega.se\/#\/schema\/person\/50d695bb8f918c77bd2be177892f84b1"},"breadcrumb":{"@id":"https:\/\/www.almega.se\/2024\/05\/almega-utbildning-ett-nytt-forbund-for-all-icke-offentligfinansierad-utbildningsverksamhet\/#breadcrumb"},"inLanguage":"sv-SE","potentialAction":[{"@type":"ReadAction","target":["https:\/\/www.almega.se\/2024\/05\/almega-utbildning-ett-nytt-forbund-for-all-icke-offentligfinansierad-utbildningsverksamhet\/"]}]},{"@type":"BreadcrumbList","@id":"https:\/\/www.almega.se\/2024\/05\/almega-utbildning-ett-nytt-forbund-for-all-icke-offentligfinansierad-utbildningsverksamhet\/#breadcrumb","itemListElement":[{"@type":"ListItem","position":1,"name":"Home","item":"https:\/\/www.almega.se\/"},{"@type":"ListItem","position":2,"name":"Almega Utbildning &#8211; ett nytt f\u00f6rbund f\u00f6r all icke offentlig utbildnings&shy;verksamhet"}]},{"@type":"WebSite","@id":"https:\/\/www.almega.se\/#website","url":"https:\/\/www.almega.se\/","name":"Almega","description":"","potentialAction":[{"@type":"SearchAction","target":{"@type":"EntryPoint","urlTemplate":"https:\/\/www.almega.se\/?s={search_term_string}"},"query-input":{"@type":"PropertyValueSpecification","valueRequired":true,"valueName":"search_term_string"}}],"inLanguage":"sv-SE"},{"@type":"Person","@id":"https:\/\/www.almega.se\/#\/schema\/person\/50d695bb8f918c77bd2be177892f84b1","name":"Eva Pettersson","image":{"@type":"ImageObject","inLanguage":"sv-SE","@id":"https:\/\/www.almega.se\/#\/schema\/person\/image\/","url":"https:\/\/secure.gravatar.com\/avatar\/c4811d04bd37924073d3b0ce1984d0651f0f37902ffb665f3ca439bb5b3e306f?s=96&d=mm&r=g","contentUrl":"https:\/\/secure.gravatar.com\/avatar\/c4811d04bd37924073d3b0ce1984d0651f0f37902ffb665f3ca439bb5b3e306f?s=96&d=mm&r=g","caption":"Eva Pettersson"},"url":"https:\/\/www.almega.se\/person\/evapettersson\/"}]}},"_links":{"self":[{"href":"https:\/\/www.almega.se\/api\/wp\/v2\/posts\/73716","targetHints":{"allow":["GET"]}}],"collection":[{"href":"https:\/\/www.almega.se\/api\/wp\/v2\/posts"}],"about":[{"href":"https:\/\/www.almega.se\/api\/wp\/v2\/types\/post"}],"author":[{"embeddable":true,"href":"https:\/\/www.almega.se\/api\/wp\/v2\/users\/14836"}],"replies":[{"embeddable":true,"href":"https:\/\/www.almega.se\/api\/wp\/v2\/comments?post=73716"}],"version-history":[{"count":24,"href":"https:\/\/www.almega.se\/api\/wp\/v2\/posts\/73716\/revisions"}],"predecessor-version":[{"id":73905,"href":"https:\/\/www.almega.se\/api\/wp\/v2\/posts\/73716\/revisions\/73905"}],"wp:attachment":[{"href":"https:\/\/www.almega.se\/api\/wp\/v2\/media?parent=73716"}],"wp:term":[{"taxonomy":"category","embeddable":true,"href":"https:\/\/www.almega.se\/api\/wp\/v2\/categories?post=73716"},{"taxonomy":"post_tag","embeddable":true,"href":"https:\/\/www.almega.se\/api\/wp\/v2\/tags?post=73716"},{"taxonomy":"type","embeddable":true,"href":"https:\/\/www.almega.se\/api\/wp\/v2\/article_type?post=73716"},{"taxonomy":"agreement","embeddable":true,"href":"https:\/\/www.almega.se\/api\/wp\/v2\/agreement?post=73716"}],"curies":[{"name":"wp","href":"https:\/\/api.w.org\/{rel}","templated":true}]}}