{"id":73601,"date":"2024-05-13T06:00:00","date_gmt":"2024-05-13T04:00:00","guid":{"rendered":"https:\/\/www.almega.se\/2024\/05\/almegas-nya-eu-program-lat-oss-gora-europa-en-tjanst-2\/"},"modified":"2024-05-14T10:11:43","modified_gmt":"2024-05-14T08:11:43","slug":"almegas-nya-eu-program-lat-oss-gora-europa-en-tjanst-2","status":"publish","type":"post","link":"https:\/\/www.almega.se\/2024\/05\/almegas-nya-eu-program-lat-oss-gora-europa-en-tjanst-2\/","title":{"rendered":"Almegas nya EU-program: L\u00e5t oss g\u00f6ra Europa en tj\u00e4nst"},"content":{"rendered":"\n<p class=\"intro\">I EU, precis som i Sverige, \u00e4r f\u00f6retagen en f\u00f6ruts\u00e4ttning f\u00f6r v\u00e4lst\u00e5nd. Politikerna m\u00e5ste d\u00e4rf\u00f6r ta tag i de problem som tornar upp sig inf\u00f6r unionens f\u00f6retagare. \u201cMed v\u00e5rt nya EU-program vill vi ge de svenska EU-parlamentarikerna b\u00e5de insikter och f\u00f6rslag p\u00e5 reformer som kan skapa ett konkurrenskraftigt EU och d\u00e4rmed ett starkare Sverige\u201d, s\u00e4ger David W\u00e4stberg, n\u00e4ringspolitisk expert, Almega.<\/p>\n<p>Valet till Europaparlamentet n\u00e4rmar sig. Denna g\u00e5ng sker det i en tid av l\u00e5g produktivitetstillv\u00e4xt och stora utmaningar kopplade till bland annat den inre marknaden, den gr\u00f6na omst\u00e4llningen, digitaliseringen och inte minst det allvarligt s\u00e4kerhetshetsl\u00e4get i omv\u00e4rlden.<\/p>\n<p>\u2013 Europa och EU m\u00e5ste komma till r\u00e4tta med hur och vad som kr\u00e4vs f\u00f6r att \u00f6ka produktiviteten och d\u00e4rigenom v\u00e4lst\u00e5ndet. Nyckeln ligger i ett f\u00f6retagarv\u00e4nligt och modernt EU, d\u00e4r inte minst tj\u00e4nstef\u00f6retagen spelar den avg\u00f6rande rollen. V\u00e5r uppgift \u00e4r att ge partierna och de kandidater som skickas till Europaparlamentet en djupare f\u00f6rst\u00e5else f\u00f6r detta, och mer \u00e4n tidigare anta tj\u00e4nstesektorns perspektiv, s\u00e4ger David W\u00e4stberg, n\u00e4ringspolitisk expert p\u00e5 Almega.<\/p>\n<p>Genom att presentera fakta och kunskap vill Almega bidra till en mer saklig debatt. Och f\u00f6rutom detta inneh\u00e5ller Almegas nya EU-program <em>L\u00e5t oss g\u00f6ra Europa en tj\u00e4nst<\/em> \u00e4ven flera f\u00f6rslag p\u00e5 reformer med f\u00f6ruts\u00e4ttningar att bygga ett starkare Europa.<\/p>\n<p>\u2013 Vi har fokuserat p\u00e5 de fem omr\u00e5den som vi tycker \u00e4r mest angel\u00e4gna: EU:s konkurrenskraft, den inre marknaden, beredskapen samt den gr\u00f6na och digitala omst\u00e4llningen. Det m\u00e5ste finnas en plan f\u00f6r hur dessa fr\u00e5gor ska adresseras om EU-samarbetet ska forts\u00e4tta leverera, s\u00e4ger David W\u00e4stberg.<\/p>\n<p>Bland reformerna i Almegas EU-program har de flesta b\u00e4ring p\u00e5 skapandet av en b\u00e4ttre fungerade inre marknad. Nyckelorden \u00e4r f\u00f6renkling och harmonisering av lagar och regler. Vidare m\u00e5ste en specifik handlingsplan f\u00f6r genomf\u00f6randet av tj\u00e4nstedirektivet tas fram som fokuserar p\u00e5 att skapa en b\u00e4ttre marknad f\u00f6r tj\u00e4nster.<\/p>\n<p>\u2013 F\u00f6rhoppningen \u00e4r att Almegas EU-program ska ge de svenska europaparlamentarikerna insikter som de kan ta med sig i arbetet f\u00f6r att st\u00e4rka Europas resiliens, konkurrenskraft och tillv\u00e4xt, s\u00e4ger David W\u00e4stberg.<\/p>\n<p><a href=\"https:\/\/www.almega.se\/2024\/05\/almegas-nya-eu-program-lat-oss-gora-europa-en-tjanst\/\">L\u00e4s hela programmet <em>L\u00e5t oss g\u00f6ra Europa en tj\u00e4nst <\/em>h\u00e4r.<\/a>\n","protected":false},"excerpt":{"rendered":"<p>I EU, precis som i Sverige, \u00e4r f\u00f6retagen en f\u00f6ruts\u00e4ttning f\u00f6r v\u00e4lst\u00e5nd. Politikerna m\u00e5ste d\u00e4rf\u00f6r ta tag i de problem som tornar upp sig inf\u00f6r unionens f\u00f6retagare. \u201cMed v\u00e5rt nya EU-program vill vi ge de svenska EU-parlamentarikerna b\u00e5de insikter och f\u00f6rslag p\u00e5 reformer som kan skapa ett konkurrenskraftigt EU och d\u00e4rmed ett starkare Sverige\u201d, s\u00e4ger David W\u00e4stberg, n\u00e4ringspolitisk expert, Almega.<\/p>\n","protected":false},"author":14531,"featured_media":73602,"comment_status":"closed","ping_status":"closed","sticky":false,"template":"","format":"standard","meta":{"_acf_changed":false,"footnotes":""},"categories":[79],"tags":[],"article_type":[93],"agreement":[],"class_list":["post-73601","post","type-post","status-publish","format-standard","has-post-thumbnail","hentry","category-eu-och-internationellt","type-pressmeddelanden"],"acf":[],"yoast_head":"<!-- This site is optimized with the Yoast SEO Premium plugin v26.8 (Yoast SEO v26.8) - https:\/\/yoast.com\/product\/yoast-seo-premium-wordpress\/ -->\n<title>Almegas nya EU-program: L\u00e5t oss g\u00f6ra Europa en tj\u00e4nst | Almega<\/title>\n<meta name=\"robots\" content=\"index, follow, max-snippet:-1, max-image-preview:large, max-video-preview:-1\" \/>\n<link rel=\"canonical\" href=\"https:\/\/www.almega.se\/2024\/05\/almegas-nya-eu-program-lat-oss-gora-europa-en-tjanst-2\/\" \/>\n<meta property=\"og:locale\" content=\"sv_SE\" \/>\n<meta property=\"og:type\" content=\"article\" \/>\n<meta property=\"og:title\" content=\"Almegas nya EU-program: L\u00e5t oss g\u00f6ra Europa en tj\u00e4nst\" \/>\n<meta property=\"og:description\" content=\"I EU, precis som i Sverige, \u00e4r f\u00f6retagen en f\u00f6ruts\u00e4ttning f\u00f6r v\u00e4lst\u00e5nd. Politikerna m\u00e5ste d\u00e4rf\u00f6r ta tag i de problem som tornar upp sig inf\u00f6r unionens f\u00f6retagare. \u201cMed v\u00e5rt nya EU-program vill vi ge de svenska EU-parlamentarikerna b\u00e5de insikter och f\u00f6rslag p\u00e5 reformer som kan skapa ett konkurrenskraftigt EU och d\u00e4rmed ett starkare Sverige\u201d, s\u00e4ger David W\u00e4stberg, n\u00e4ringspolitisk expert, Almega.\" \/>\n<meta property=\"og:url\" content=\"https:\/\/www.almega.se\/2024\/05\/almegas-nya-eu-program-lat-oss-gora-europa-en-tjanst-2\/\" \/>\n<meta property=\"og:site_name\" content=\"Almega\" \/>\n<meta property=\"article:published_time\" content=\"2024-05-13T04:00:00+00:00\" \/>\n<meta property=\"article:modified_time\" content=\"2024-05-14T08:11:43+00:00\" \/>\n<meta property=\"og:image\" content=\"https:\/\/www.almega.se\/app\/uploads\/2024\/05\/138c188f-92a6-4cf1-81e9-ef0f6470aecf.jpg\" \/>\n\t<meta property=\"og:image:width\" content=\"1\" \/>\n\t<meta property=\"og:image:height\" content=\"1\" \/>\n\t<meta property=\"og:image:type\" content=\"image\/jpeg\" \/>\n<meta name=\"author\" content=\"Karin Nyg\u00e5rd\" \/>\n<meta name=\"twitter:card\" content=\"summary_large_image\" \/>\n<meta name=\"twitter:label1\" content=\"Skriven av\" \/>\n\t<meta name=\"twitter:data1\" content=\"Karin Nyg\u00e5rd\" \/>\n\t<meta name=\"twitter:label2\" content=\"Ber\u00e4knad l\u00e4stid\" \/>\n\t<meta name=\"twitter:data2\" content=\"2 minuter\" \/>\n<!-- \/ Yoast SEO Premium plugin. -->","yoast_head_json":{"title":"Almegas nya EU-program: L\u00e5t oss g\u00f6ra Europa en tj\u00e4nst | Almega","robots":{"index":"index","follow":"follow","max-snippet":"max-snippet:-1","max-image-preview":"max-image-preview:large","max-video-preview":"max-video-preview:-1"},"canonical":"https:\/\/www.almega.se\/2024\/05\/almegas-nya-eu-program-lat-oss-gora-europa-en-tjanst-2\/","og_locale":"sv_SE","og_type":"article","og_title":"Almegas nya EU-program: L\u00e5t oss g\u00f6ra Europa en tj\u00e4nst","og_description":"I EU, precis som i Sverige, \u00e4r f\u00f6retagen en f\u00f6ruts\u00e4ttning f\u00f6r v\u00e4lst\u00e5nd. Politikerna m\u00e5ste d\u00e4rf\u00f6r ta tag i de problem som tornar upp sig inf\u00f6r unionens f\u00f6retagare. \u201cMed v\u00e5rt nya EU-program vill vi ge de svenska EU-parlamentarikerna b\u00e5de insikter och f\u00f6rslag p\u00e5 reformer som kan skapa ett konkurrenskraftigt EU och d\u00e4rmed ett starkare Sverige\u201d, s\u00e4ger David W\u00e4stberg, n\u00e4ringspolitisk expert, Almega.","og_url":"https:\/\/www.almega.se\/2024\/05\/almegas-nya-eu-program-lat-oss-gora-europa-en-tjanst-2\/","og_site_name":"Almega","article_published_time":"2024-05-13T04:00:00+00:00","article_modified_time":"2024-05-14T08:11:43+00:00","og_image":[{"url":"https:\/\/www.almega.se\/app\/uploads\/2024\/05\/138c188f-92a6-4cf1-81e9-ef0f6470aecf.jpg","width":1,"height":1,"type":"image\/jpeg"}],"author":"Karin Nyg\u00e5rd","twitter_card":"summary_large_image","twitter_misc":{"Skriven av":"Karin Nyg\u00e5rd","Ber\u00e4knad l\u00e4stid":"2 minuter"},"schema":{"@context":"https:\/\/schema.org","@graph":[{"@type":"NewsArticle","@id":"https:\/\/www.almega.se\/2024\/05\/almegas-nya-eu-program-lat-oss-gora-europa-en-tjanst-2\/#article","isPartOf":{"@id":"https:\/\/www.almega.se\/2024\/05\/almegas-nya-eu-program-lat-oss-gora-europa-en-tjanst-2\/"},"author":{"name":"Karin Nyg\u00e5rd","@id":"https:\/\/www.almega.se\/#\/schema\/person\/eae58f3a71d6b7aa9f71f3139a740a02"},"headline":"Almegas nya EU-program: L\u00e5t oss g\u00f6ra Europa en tj\u00e4nst","datePublished":"2024-05-13T04:00:00+00:00","dateModified":"2024-05-14T08:11:43+00:00","mainEntityOfPage":{"@id":"https:\/\/www.almega.se\/2024\/05\/almegas-nya-eu-program-lat-oss-gora-europa-en-tjanst-2\/"},"wordCount":435,"image":{"@id":"https:\/\/www.almega.se\/2024\/05\/almegas-nya-eu-program-lat-oss-gora-europa-en-tjanst-2\/#primaryimage"},"thumbnailUrl":"https:\/\/www.almega.se\/app\/uploads\/2024\/05\/138c188f-92a6-4cf1-81e9-ef0f6470aecf.jpg","articleSection":["EU och internationellt"],"inLanguage":"sv-SE"},{"@type":"WebPage","@id":"https:\/\/www.almega.se\/2024\/05\/almegas-nya-eu-program-lat-oss-gora-europa-en-tjanst-2\/","url":"https:\/\/www.almega.se\/2024\/05\/almegas-nya-eu-program-lat-oss-gora-europa-en-tjanst-2\/","name":"Almegas nya EU-program: L\u00e5t oss g\u00f6ra Europa en tj\u00e4nst | Almega","isPartOf":{"@id":"https:\/\/www.almega.se\/#website"},"primaryImageOfPage":{"@id":"https:\/\/www.almega.se\/2024\/05\/almegas-nya-eu-program-lat-oss-gora-europa-en-tjanst-2\/#primaryimage"},"image":{"@id":"https:\/\/www.almega.se\/2024\/05\/almegas-nya-eu-program-lat-oss-gora-europa-en-tjanst-2\/#primaryimage"},"thumbnailUrl":"https:\/\/www.almega.se\/app\/uploads\/2024\/05\/138c188f-92a6-4cf1-81e9-ef0f6470aecf.jpg","datePublished":"2024-05-13T04:00:00+00:00","dateModified":"2024-05-14T08:11:43+00:00","author":{"@id":"https:\/\/www.almega.se\/#\/schema\/person\/eae58f3a71d6b7aa9f71f3139a740a02"},"breadcrumb":{"@id":"https:\/\/www.almega.se\/2024\/05\/almegas-nya-eu-program-lat-oss-gora-europa-en-tjanst-2\/#breadcrumb"},"inLanguage":"sv-SE","potentialAction":[{"@type":"ReadAction","target":["https:\/\/www.almega.se\/2024\/05\/almegas-nya-eu-program-lat-oss-gora-europa-en-tjanst-2\/"]}]},{"@type":"ImageObject","inLanguage":"sv-SE","@id":"https:\/\/www.almega.se\/2024\/05\/almegas-nya-eu-program-lat-oss-gora-europa-en-tjanst-2\/#primaryimage","url":"https:\/\/www.almega.se\/app\/uploads\/2024\/05\/138c188f-92a6-4cf1-81e9-ef0f6470aecf.jpg","contentUrl":"https:\/\/www.almega.se\/app\/uploads\/2024\/05\/138c188f-92a6-4cf1-81e9-ef0f6470aecf.jpg","caption":"138c188f-92a6-4cf1-81e9-ef0f6470aecf.jpg"},{"@type":"BreadcrumbList","@id":"https:\/\/www.almega.se\/2024\/05\/almegas-nya-eu-program-lat-oss-gora-europa-en-tjanst-2\/#breadcrumb","itemListElement":[{"@type":"ListItem","position":1,"name":"Home","item":"https:\/\/www.almega.se\/"},{"@type":"ListItem","position":2,"name":"Almegas nya EU-program: L\u00e5t oss g\u00f6ra Europa en tj\u00e4nst"}]},{"@type":"WebSite","@id":"https:\/\/www.almega.se\/#website","url":"https:\/\/www.almega.se\/","name":"Almega","description":"","potentialAction":[{"@type":"SearchAction","target":{"@type":"EntryPoint","urlTemplate":"https:\/\/www.almega.se\/?s={search_term_string}"},"query-input":{"@type":"PropertyValueSpecification","valueRequired":true,"valueName":"search_term_string"}}],"inLanguage":"sv-SE"},{"@type":"Person","@id":"https:\/\/www.almega.se\/#\/schema\/person\/eae58f3a71d6b7aa9f71f3139a740a02","name":"Karin Nyg\u00e5rd","image":{"@type":"ImageObject","inLanguage":"sv-SE","@id":"https:\/\/www.almega.se\/#\/schema\/person\/image\/","url":"https:\/\/secure.gravatar.com\/avatar\/09e5ec3d12974ae686ad90a0a4bf5404c8a4cfdca18f97124f166ab274023818?s=96&d=mm&r=g","contentUrl":"https:\/\/secure.gravatar.com\/avatar\/09e5ec3d12974ae686ad90a0a4bf5404c8a4cfdca18f97124f166ab274023818?s=96&d=mm&r=g","caption":"Karin Nyg\u00e5rd"},"description":"Produkt\u00e4gare Almega.se, samordnar webbutveckling och utveckling av Arbetsgivarguiden.se","url":"https:\/\/www.almega.se\/person\/karinnygard\/"}]}},"_links":{"self":[{"href":"https:\/\/www.almega.se\/api\/wp\/v2\/posts\/73601","targetHints":{"allow":["GET"]}}],"collection":[{"href":"https:\/\/www.almega.se\/api\/wp\/v2\/posts"}],"about":[{"href":"https:\/\/www.almega.se\/api\/wp\/v2\/types\/post"}],"author":[{"embeddable":true,"href":"https:\/\/www.almega.se\/api\/wp\/v2\/users\/14531"}],"replies":[{"embeddable":true,"href":"https:\/\/www.almega.se\/api\/wp\/v2\/comments?post=73601"}],"version-history":[{"count":2,"href":"https:\/\/www.almega.se\/api\/wp\/v2\/posts\/73601\/revisions"}],"predecessor-version":[{"id":73606,"href":"https:\/\/www.almega.se\/api\/wp\/v2\/posts\/73601\/revisions\/73606"}],"wp:featuredmedia":[{"embeddable":true,"href":"https:\/\/www.almega.se\/api\/wp\/v2\/media\/73602"}],"wp:attachment":[{"href":"https:\/\/www.almega.se\/api\/wp\/v2\/media?parent=73601"}],"wp:term":[{"taxonomy":"category","embeddable":true,"href":"https:\/\/www.almega.se\/api\/wp\/v2\/categories?post=73601"},{"taxonomy":"post_tag","embeddable":true,"href":"https:\/\/www.almega.se\/api\/wp\/v2\/tags?post=73601"},{"taxonomy":"type","embeddable":true,"href":"https:\/\/www.almega.se\/api\/wp\/v2\/article_type?post=73601"},{"taxonomy":"agreement","embeddable":true,"href":"https:\/\/www.almega.se\/api\/wp\/v2\/agreement?post=73601"}],"curies":[{"name":"wp","href":"https:\/\/api.w.org\/{rel}","templated":true}]}}