{"id":73558,"date":"2024-05-13T05:00:00","date_gmt":"2024-05-13T03:00:00","guid":{"rendered":"https:\/\/www.almega.se\/?p=73558"},"modified":"2024-05-14T15:56:11","modified_gmt":"2024-05-14T13:56:11","slug":"almegas-nya-eu-program-lat-oss-gora-europa-en-tjanst","status":"publish","type":"post","link":"https:\/\/www.almega.se\/2024\/05\/almegas-nya-eu-program-lat-oss-gora-europa-en-tjanst\/","title":{"rendered":"Almegas nya EU-program: L\u00e5t oss g\u00f6ra Europa en tj\u00e4nst!"},"content":{"rendered":"<p class=\"intro\">Inf\u00f6r valet till Europaparlamentet vill Almega bidra till en saklig och faktabaserad debatt. Partierna och de kandiderande ska f\u00e5 en b\u00e4ttre f\u00f6rst\u00e5else f\u00f6r tj\u00e4nstesektorns fr\u00e5gor, perspektiv och dess betydelse f\u00f6r EU:s och Sveriges v\u00e4lst\u00e5nd. Vi l\u00e4gger stor vikt vid att de svenska europaparlamentarikerna som blir valda sedan blir starka r\u00f6ster f\u00f6r ett konkurrenskraftig och ekonomiskt stark EU. De ska ta ledande roller i relevanta utskott och lagstiftningsarbete f\u00f6r fr\u00e5gor som gagnar och \u00e4r viktiga f\u00f6r alla i Sverige.<\/p>\n\n<p><\/p>\n\n\n\n      <a href=\"https:\/\/www.almega.se\/app\/uploads\/2024\/05\/Lat-oss-gora-Europa-en-tjanst-fardig.pdf\" target=\"\" class=\"Button is-button is-style-fill has-secondary-background-color has-secondary-border-color Button--download\">\n      \n        H\u00e4mta rapporten som PDF\n      \n      \n                <svg class='icon icon--download'  width=\"16\" height=\"16\" viewBox=\"0 0 16 16\" fill=\"none\" xmlns=\"http:\/\/www.w3.org\/2000\/svg\">\n<path d=\"M8 -2.18557e-07L8 10M8 10L13 5M8 10L3 5\" stroke=\"black\" stroke-width=\"2\" stroke-miterlimit=\"10\"\/>\n<path d=\"M15 11.5V15H1V11.5\" stroke=\"black\" stroke-width=\"2\" stroke-miterlimit=\"10\"\/>\n<\/svg>\n\n        \n    <\/a>\n  \n\n\n<a class='Share__link Share__link--url copy-text' href='#' rel='nofollow' data-text='inledning' title='Dela url' data-confirmation='L\u00e4nken kopierades till urklipp'><svg class='icon icon--link'  width='18' height='18' viewBox='0 0 18 18' fill='none' xmlns='http:\/\/www.w3.org\/2000\/svg'>\n            <path d='M10.4142 0.514721L6.87868 4.05025L8.29289 5.46447L11.1213 2.63604L15.364 6.87868L12.5355 9.70711L13.9497 11.1213L17.4853 7.58579C17.8763 7.19476 17.8763 6.5626 17.4853 6.17158L11.8284 0.514721C11.4374 0.123691 10.8052 0.123691 10.4142 0.514721Z' fill='black'\/>\n            <path d='M9.7071 12.5355L6.87868 15.364L2.63604 11.1213L5.46446 8.2929L4.05025 6.87868L0.514716 10.4142C0.123686 10.8052 0.123686 11.4374 0.514716 11.8284L6.17157 17.4853C6.5626 17.8763 7.19475 17.8763 7.58578 17.4853L11.1213 13.9497L9.7071 12.5355Z' fill='black'\/>\n            <path d='M6.17157 11.8284C6.5626 12.2195 7.19475 12.2195 7.58578 11.8284L11.8284 7.58579C12.2195 7.19476 12.2195 6.56261 11.8284 6.17158C11.4374 5.78055 10.8052 5.78055 10.4142 6.17158L6.17157 10.4142C5.78054 10.8052 5.78054 11.4374 6.17157 11.8284Z' fill='black'\/>\n            <\/svg> <\/a>\n<h2 class=\"wp-block-heading\">Inledning<\/h2>\n\n\n\n<p>I en v\u00e4rld som st\u00e5r inf\u00f6r en l\u00e5ng rad allvarliga hot och utmaningar m\u00e5ste den Europeiska unionen, den europeiska demokratin och r\u00e4ttsstatens principer st\u00e5 starka. Den Europeiska unionen \u00e4r, och ska vara, en union som bygger p\u00e5 lagar som p\u00e5 olika s\u00e4tt v\u00e4rnar r\u00e4ttigheter \u00f6ver nationsgr\u00e4nserna f\u00f6r inv\u00e5narna och deras f\u00f6retag. Den fria r\u00f6rligheten, den fria f\u00f6retagsamheten och frihandeln \u00e4r grundbultar i det europeiska samarbetet. Och ett konkurrenskraftigt, effektivt och resilient EU \u00e4r en f\u00f6ruts\u00e4ttning ocks\u00e5 f\u00f6r medlemsl\u00e4ndernas m\u00f6jligheter att st\u00e5 starka i den globala konkurrensen. Det \u00e4r viktigt att komma ih\u00e5g att Sveriges medlemskap varit bra f\u00f6r Sverige och svenska f\u00f6retag.<\/p>\n\n\n\n<p>EU: s grundid\u00e9 om v\u00e4lst\u00e5nd och fred genom handel och ekonomisk integration har varit framg\u00e5ngsrik och lagt grunden f\u00f6r EU:s konkurrenskraft. V\u00e4gen fram\u00e5t handlar nu om att sl\u00e5 vakt om och bygga vidare p\u00e5 EU:s styrkor. Den inre marknaden med dess fria r\u00f6rlighet f\u00f6r varor, tj\u00e4nster, personer och kapital. \u00d6ppenhet och handel med omv\u00e4rlden. Och att utnyttja den plattform som EU ger f\u00f6r att gemensamt ta oss an de problem som inte kan hanteras av medlemsstaterna sj\u00e4lva.<\/p>\n\n\n\n<p>En fungerande inre marknad ger f\u00f6ruts\u00e4ttningar f\u00f6r f\u00f6retagen att skapa jobb, satsa p\u00e5 innovation och generera tillv\u00e4xt. EU-kommissionen, Europaparlamentet och EU:s medlemsl\u00e4nder b\u00f6r d\u00e4rf\u00f6r s\u00e4tta utvecklingen av den inre marknaden h\u00f6gst p\u00e5 dagordningen. Regler som f\u00f6rsv\u00e5rar handel b\u00f6r tas bort, harmonisering av lagar och regler prioriteras.<br><br>F\u00f6r att den inre marknaden ska fungera kr\u00e4vs det att vi har ett gemensamt regelverk p\u00e5 m\u00e5nga omr\u00e5den. Idag uppskattas det att ca h\u00e4lften av svenska lagar och regler har sitt ursprung i EU. Vilket n\u00e4ringslivsklimat vi har i Sverige p\u00e5verkas med andra ord i h\u00f6gsta grad av EU:s beslutsfattande. D\u00e4rf\u00f6r \u00e4r det viktigt att svenska EU-parlamentariker v\u00e4ljer att engagera sig i fr\u00e5gor som r\u00f6r den inre marknaden och EU:s globala konkurrenskraft. N\u00e4r ny lagstiftning stiftas inom EU m\u00e5ste den alltid syfta till att st\u00e4rka konkurrenskraften och \u00f6ka tillv\u00e4xten.<\/p>\n\n\n\n<blockquote class=\"wp-block-quote is-layout-flow wp-block-quote-is-layout-flow\">\n<p>Det nya parlamentet och den nya kommissionen som utses i \u00e5r m\u00e5ste tydligt prioritera Europas resiliens, konkurrenskraft och tillv\u00e4xtpotential.<\/p>\n<\/blockquote>\n\n\n<a class='Share__link Share__link--url copy-text' href='#' rel='nofollow' data-text='konkurrenskraft' title='Dela url' data-confirmation='L\u00e4nken kopierades till urklipp'><svg class='icon icon--link'  width='18' height='18' viewBox='0 0 18 18' fill='none' xmlns='http:\/\/www.w3.org\/2000\/svg'>\n            <path d='M10.4142 0.514721L6.87868 4.05025L8.29289 5.46447L11.1213 2.63604L15.364 6.87868L12.5355 9.70711L13.9497 11.1213L17.4853 7.58579C17.8763 7.19476 17.8763 6.5626 17.4853 6.17158L11.8284 0.514721C11.4374 0.123691 10.8052 0.123691 10.4142 0.514721Z' fill='black'\/>\n            <path d='M9.7071 12.5355L6.87868 15.364L2.63604 11.1213L5.46446 8.2929L4.05025 6.87868L0.514716 10.4142C0.123686 10.8052 0.123686 11.4374 0.514716 11.8284L6.17157 17.4853C6.5626 17.8763 7.19475 17.8763 7.58578 17.4853L11.1213 13.9497L9.7071 12.5355Z' fill='black'\/>\n            <path d='M6.17157 11.8284C6.5626 12.2195 7.19475 12.2195 7.58578 11.8284L11.8284 7.58579C12.2195 7.19476 12.2195 6.56261 11.8284 6.17158C11.4374 5.78055 10.8052 5.78055 10.4142 6.17158L6.17157 10.4142C5.78054 10.8052 5.78054 11.4374 6.17157 11.8284Z' fill='black'\/>\n            <\/svg> <\/a>\n<h2 class=\"wp-block-heading\">Konkurrenskraft<\/h2>\n\n\n\n<h3 class=\"wp-block-heading\">Europas ekonomi har utvecklats s\u00e4mre \u00e4n v\u00e5ra viktigaste handelspartners, vilket \u00e4r alarmerande. Under det senaste decenniet har EU varit s\u00e4mre an OECD i genomsnitt n\u00e4r det g\u00e4ller produktivitetstillv\u00e4xt.<\/h3>\n\n\n\n<p>EU:s och USA:s ekonomier var ungef\u00e4r lika stora \u00e5r 2010 men nu \u00e4r den amerikanska ekonomin 60 procent st\u00f6rre \u00e4n den europeiska. Om man i st\u00e4llet tittar p\u00e5 ekonomin utifr\u00e5n antalet inv\u00e5nare, per capita, s\u00e5 \u00e4r den amerikanska ekonomin mer \u00e4n dubbelt s\u00e5 stark som den europeiska. Samtidigt har Kina och Indien har vuxit till ekonomiska giganter. Det \u00e4r dags f\u00f6r en europeisk kraftanstr\u00e4ngning f\u00f6r att bryta trenden.<\/p>\n\n\n\n<p>Det \u00e4r dags att EU \u00e5teruppr\u00e4ttar n\u00e5gra av de grundl\u00e4ggande elementen som ligger till grund f\u00f6r unionen. Framf\u00f6r allt den inre marknaden som \u00e4r central f\u00f6r konkurrenskraften. Konkurrenskraft och den inre marknaden \u00e4r oskiljaktigt sammanl\u00e4nkade och en f\u00f6ruts\u00e4ttning f\u00f6r att st\u00e4rka Europas resiliens.<\/p>\n\n\n\n<blockquote class=\"wp-block-quote is-layout-flow wp-block-quote-is-layout-flow\">\n<p>Europa beh\u00f6ver en radikal ompr\u00f6vning av hur man \u00f6kar produktiviteten och d\u00e4rigenom v\u00e4lst\u00e5ndet. <\/p>\n<\/blockquote>\n\n\n\n<p>Vi beh\u00f6ver omfamna konkurrens och handel, s\u00e4kerst\u00e4lla att den gr\u00f6na och digitala omst\u00e4llningen levererar produktiva och h\u00e5llbara resultat, ge Europas arbetskraft de f\u00e4rdigheter som beh\u00f6vs f\u00f6r att konkurrera i en modern, global ekonomi och inte minst leverera ett b\u00e4ttre regelverk. Produktivitet \u00e4r den viktigaste faktorn f\u00f6r ekonomisk tillv\u00e4xt och det enda h\u00e5llbara, l\u00e5ngsiktiga s\u00e4ttet f\u00f6r den europeiska ekonomin att v\u00e4xa. V\u00e4lst\u00e5ndet som skulle f\u00f6lja av en mer produktiv ekonomi skulle i sin tur st\u00e4rka Europas s\u00e4kerhet. Vi beh\u00f6ver st\u00e4rka handeln med andra regioner genom att arbeta f\u00f6r att ta bort handelshinder. Vi m\u00e5ste mots\u00e4tta oss protektionism som i grunden \u00e4r skadlig f\u00f6r ekonomi och v\u00e4lst\u00e5nd. Begrepp som strategisk autonomi riskerar att leda till \u00f6kade handelshinder och vi b\u00f6r ist\u00e4llet prata om europeisk resiliens via en \u00f6ppen, konkurrenskraftig och dynamisk ekonomi<\/p>\n\n\n\n<h3 class=\"wp-block-heading\">Minska regelkr\u00e5nglet f\u00f6r sm\u00e5 och medelstora f\u00f6retag (SME:er)<\/h3>\n\n\n\n<p>N\u00e4r ett stort f\u00f6retag spenderar \u20ac1 per anst\u00e4lld f\u00f6r att efterleva regleringar, m\u00e5ste ett litet f\u00f6retag i genomsnitt spendera \u20ac10. \u00d6verdrivet komplex eller betungande lagstiftning resulterar i att knappa SME-resurser spenderas p\u00e5 att bara till\u00e4mpa reglerna i st\u00e4llet f\u00f6r att investera f\u00f6r att utveckla f\u00f6retaget och skapa jobb. Detta m\u00e5ste st\u00e4ndigt h\u00e5llas i \u00e5tanke av parlamentet n\u00e4r de stiftar lagar.<\/p>\n\n\n\n<p>Omfattande regler kan vara sv\u00e5ra att f\u00f6lja, i synnerhet f\u00f6r m\u00e5nga sm\u00e5 f\u00f6retag och entrepren\u00f6rer. De leder ofta till mer kostnader och administrativa b\u00f6rdor. D\u00e4rf\u00f6r ska ny lagstiftning och befintliga regler alltid pr\u00f6vas s\u00e5 att deras konsekvenser, s\u00e5v\u00e4l bra som d\u00e5liga, \u00e4r tydliga. EU-lagstiftningen m\u00e5ste s\u00e4kerst\u00e4lla att man \u00f6kar de sm\u00e5 och medelstora f\u00f6retagens konkurrenskraft samt ge utrymme f\u00f6r ny teknik och mer innovation.<\/p>\n\n\n\n<p>En oroande trend \u00e4r att \u00e4ven om EU-lagstiftning undantar sm\u00e5 f\u00f6retag fr\u00e5n viss lagstiftning s\u00e5 st\u00e4ller samma lagstiftning ofta stora krav p\u00e5 st\u00f6rre f\u00f6retag att ha kontroll och ansvar \u00f6ver hela sin leverenskedja. Detta inneb\u00e4r att sm\u00e5 och medelstora f\u00f6retag \u00e4nd\u00e5, i aff\u00e4rsrelationen med st\u00f6rre bolag, tvingas f\u00f6lja det regelverk man \u00e4r undantagen fr\u00e5n.<\/p>\n\n\n\n<h3 class=\"wp-block-heading\">Forskning och utveckling<\/h3>\n\n\n\n<p>Idag investerar EU mindre i forskning och utveckling j\u00e4mf\u00f6rt med USA och Kina, vilket p\u00e5verkar Europas innovations- och konkurrenskraft negativt. Satsningarna p\u00e5 forskning och innovation i medlemsl\u00e4nderna uppgick till 311 miljarder euro \u00e5r 2020. De gemensamma EU-satsningarna \u00e4r mindre \u00e4n 14 miljarder euro per \u00e5r.&nbsp; Sverige ligger i topp i Europa n\u00e4r det g\u00e4ller investeringar i forskning och utveckling, 3,4 procent av BNP. Men en mer global j\u00e4mf\u00f6relse visar till exempel att elva amerikanska delstater satsar mer p\u00e5 FoU \u00e4n Sverige.<\/p>\n\n\n\n<h3 class=\"wp-block-heading\">Statsst\u00f6d<\/h3>\n\n\n\n<p>Under det senaste decenniet har den europeiska ekonomin g\u00e5tt fr\u00e5n den ena krisen till den andra. Den globala finanskrisen 2008 f\u00f6ljdes av en europeisk valutakris, pandemi, det fullskaliga ryska anfallskriget mot Ukraina och energikris. Detta har tyv\u00e4rr lett till en \u00f6kad acceptans f\u00f6r statliga subventioner som snedvrider konkurrensen och riskerar att motverka innovation och utveckling.<\/p>\n\n\n\n<p>Statliga subventioner har stadigt \u00f6kat sedan 2013 och exploderade under covid-pandemin. EU-medlemsstaterna tredubblade bolagssubventionerna mellan 2015 och 2021. Men de statliga subventionerna har fortsatt att \u00f6ka. Under 2023 godk\u00e4ndes st\u00f6d p\u00e5 totalt 733 miljarder euro mellan mars och augusti. Extraordin\u00e4ra omst\u00e4ndigheter riskerar att bli normen och en f\u00f6rev\u00e4ndning att forts\u00e4tta st\u00f6tta f\u00f6retag.<\/p>\n\n\n\n<h3 class=\"wp-block-heading\">Internationell handel<\/h3>\n\n\n\n<p>Denna trend riskerar att underminera marknadens funktionss\u00e4tt, minska produktiviteten och leda till en kappl\u00f6pning mot \u00f6kade statsst\u00f6d som ett litet land som Sverige aldrig kan vinna. Om vi verkligen vill ha ett mer konkurrenskraftigt Europa beh\u00f6ver vi, bland annat, skapa r\u00e4tt f\u00f6ruts\u00e4ttningar f\u00f6r privata investeringar, ett regelverk som st\u00f6djer den innovation som kr\u00e4vs f\u00f6r den gr\u00f6na och digitala omst\u00e4llningen och ta bort on\u00f6diga hinder f\u00f6r gr\u00e4ns\u00f6verskridande handel. Det \u00e4r ett mycket b\u00e4ttre s\u00e4tt att \u00f6ka produktiviteten och det enda h\u00e5llbara l\u00e5ngsiktiga s\u00e4ttet f\u00f6r att skapa europeisk tillv\u00e4xt.<\/p>\n\n\n\n<p>Den europeiska tj\u00e4nsteexporten v\u00e4xte mellan 2012-2022 med 94 procent. Europa exporterar numera tj\u00e4nster f\u00f6r drygt 1 300 miljarder euro om \u00e5ret till l\u00e4nder utanf\u00f6r EU.<\/p>\n\n\n\n<p>Generellt sett saknas det dock kunskap om tj\u00e4nsternas betydelse i den internationella handeln. Trots att den internationella handeln med tj\u00e4nster v\u00e4xer kraftigt ligger fokus vid frihandelsavtal ofta p\u00e5 jordbruksprodukter som endast utg\u00f6r en \u00e5ttondel av tj\u00e4nsteexporten. Ett \u00f6kat fokus p\u00e5 den internationella tj\u00e4nstehandeln skulle bidra till att st\u00e4rka Sveriges och EU:s globala konkurrenskraft.<\/p>\n\n\n\n<p>Det EU-parlament som nu ska v\u00e4ljas, n\u00e4sta kommission och medlemsstaternas regeringar m\u00e5ste nu inleda ett omfattande reformarbete f\u00f6r att st\u00e4rka Europas l\u00e5ngsiktiga konkurrenskraft. EU:s konkurrenskraft och motst\u00e5ndskraft bygger p\u00e5 en starkare och djupare inre marknad och reformer som skapar arbetstillf\u00e4llen, tillv\u00e4xt och v\u00e4lst\u00e5nd f\u00f6r Europa och dess medborgare. I politiska termer beh\u00f6ver n\u00e4sta kommission fokusera p\u00e5 att f\u00f6r\u00e4ndra syns\u00e4ttet p\u00e5 det politiska reformarbetet som fokuserar p\u00e5 marknadsdriven innovation, utveckling och tillv\u00e4xt.<\/p>\n\n\n\n<h3 class=\"wp-block-heading\">Reformer f\u00f6r \u00f6kad konkurrenskraft<\/h3>\n\n\n\n<ul class=\"wp-block-list\">\n<li>Ett reformarbete fr\u00e5n hinder och byr\u00e5krati till fler handelsm\u00f6jligheter och robusta leveransk\u00e4llor inom och utanf\u00f6r den inre marknaden.<br><\/li>\n\n\n\n<li>Fr\u00e5n att g\u00e5 in i en gr\u00f6n och digital omst\u00e4llning byggd p\u00e5 regleringar till att leverera h\u00e5llbara resultat m\u00f6jliggjorda av produktiva och marknadsdrivna investeringar och innovationer.<br><\/li>\n\n\n\n<li>EU:s gemensamma FoU-investeringar beh\u00f6ver \u00f6ka, svara mot f\u00f6retagens behov och vara enkla att ans\u00f6ka om.<br><\/li>\n\n\n\n<li>Fr\u00e5n \u00f6verreglering och byr\u00e5krati till en politik och lagstiftning som s\u00e4tter sm\u00e5f\u00f6retagen f\u00f6rst och som grundas p\u00e5 seri\u00f6sa konsekvensbed\u00f6mningar d\u00e4r tillv\u00e4xt och konkurrenskraft prioriteras.<br><\/li>\n\n\n\n<li>Kommissionens SME Relief Package m\u00e5ste genomdrivas f\u00f6r minskad regelb\u00f6rda f\u00f6r sm\u00e5 och medelstora f\u00f6retag och lagkrav p\u00e5 rimliga betaltider.<\/li>\n<\/ul>\n\n\n<a class='Share__link Share__link--url copy-text' href='#' rel='nofollow' data-text='inre-marknad' title='Dela url' data-confirmation='L\u00e4nken kopierades till urklipp'><svg class='icon icon--link'  width='18' height='18' viewBox='0 0 18 18' fill='none' xmlns='http:\/\/www.w3.org\/2000\/svg'>\n            <path d='M10.4142 0.514721L6.87868 4.05025L8.29289 5.46447L11.1213 2.63604L15.364 6.87868L12.5355 9.70711L13.9497 11.1213L17.4853 7.58579C17.8763 7.19476 17.8763 6.5626 17.4853 6.17158L11.8284 0.514721C11.4374 0.123691 10.8052 0.123691 10.4142 0.514721Z' fill='black'\/>\n            <path d='M9.7071 12.5355L6.87868 15.364L2.63604 11.1213L5.46446 8.2929L4.05025 6.87868L0.514716 10.4142C0.123686 10.8052 0.123686 11.4374 0.514716 11.8284L6.17157 17.4853C6.5626 17.8763 7.19475 17.8763 7.58578 17.4853L11.1213 13.9497L9.7071 12.5355Z' fill='black'\/>\n            <path d='M6.17157 11.8284C6.5626 12.2195 7.19475 12.2195 7.58578 11.8284L11.8284 7.58579C12.2195 7.19476 12.2195 6.56261 11.8284 6.17158C11.4374 5.78055 10.8052 5.78055 10.4142 6.17158L6.17157 10.4142C5.78054 10.8052 5.78054 11.4374 6.17157 11.8284Z' fill='black'\/>\n            <\/svg> <\/a>\n<h2 class=\"wp-block-heading\">Inre marknad<\/h2>\n\n\n\n<p>Den inre marknaden \u00e4r, trots f\u00f6rb\u00e4ttringspotentialen, en av Europeiska unionens st\u00f6rsta tillg\u00e5ngar. Den g\u00f6r att varor, tj\u00e4nster, m\u00e4nniskor och kapital l\u00e4ttare kan r\u00f6ra sig fritt i hela EU: de s\u00e5 kallade fyra friheterna. Den inre marknaden g\u00f6r det m\u00f6jligt f\u00f6r EU:s medborgare att bo och arbeta i hela EU, vilket ger dem b\u00e4ttre jobbm\u00f6jligheter och f\u00f6retagen b\u00e4ttre kompetensf\u00f6rs\u00f6rjning.<\/p>\n\n\n\n<p>P\u00e5 den inre marknaden finns det idag 23 miljoner f\u00f6retag. Den inre marknadens BNP uppg\u00e5r till hela 16 000 miljarder euro. Tack vare den fria r\u00f6rligheten och EU:s inre marknad kan svenska f\u00f6retag enklare s\u00e4lja tj\u00e4nster och varor inom hela EU. F\u00f6r Sveriges del inneb\u00e4r den inre marknaden att tre fj\u00e4rdedelar av all v\u00e5r handel sker med \u00f6vriga EU-l\u00e4nder och ungef\u00e4r 600 000 jobb i Sverige \u00e4r beroende av v\u00e5r handel p\u00e5 den inre marknaden. Svenska f\u00f6retag kunnat v\u00e4xla upp p\u00e5 EU:s st\u00f6rre gemensamma marknad. 2022 exporterade svenska f\u00f6retag varor och tj\u00e4nster inom EU:s inre marknad f\u00f6r 1660 miljarder kronor, vilket motsvarar 28 procent av v\u00e5r BNP.<\/p>\n\n\n\n<p>17 miljoner EU-medborgare bor eller arbetar i ett annat EU-land \u00e4n sitt eget, vilket leder till b\u00e4ttre allokering av resurser, b\u00e4ttre kompetensf\u00f6rs\u00f6rjning och st\u00f6rre frihet f\u00f6r m\u00e4nniskor. Handeln p\u00e5 den inre marknaden svarar idag f\u00f6r 56 miljoner arbetstillf\u00e4llen.<\/p>\n\n\n\n<p>Den inre marknaden stimulerar \u00e4ven internationell handel, eftersom den g\u00f6r EU till en viktig handelspartner p\u00e5 global niv\u00e5. Den fr\u00e4mjar tillv\u00e4xt, konkurrens och skapar nya m\u00f6jligheter f\u00f6r EU:s f\u00f6retag, genom att ge dem tillg\u00e5ng till en inhemsk marknad med 447 miljoner konsumenter.<\/p>\n\n\n\n<h3 class=\"wp-block-heading\">Inre marknadskommission\u00e4r<\/h3>\n\n\n\n<p>Trots att den inre marknaden ofta beskrivs som EU:s kronjuvel g\u00e5r det inte att komma ifr\u00e5n att den inre marknaden under \u00e5rtionden i stort sett f\u00f6rsummats. EU har inte haft en inremarknadskommission\u00e4r p\u00e5 n\u00e4stan ett decennium det \u00e4r dags att \u00e5ter s\u00e4tta fokus p\u00e5 inre marknadsfr\u00e5gor genom att utse en dedikerad kommission\u00e4r f\u00f6r den inre marknaden<\/p>\n\n\n\n<h3 class=\"wp-block-heading\">Nationella hinder mot handel<\/h3>\n\n\n\n<p>Det har i m\u00e5nga l\u00e4nder funnits brist p\u00e5 politisk vilja att utveckla den inre marknaden och d\u00e5 fr\u00e4mst f\u00f6r tj\u00e4nster. Det handlar ofta om en djupt rotad politisk ovilja i medlemsl\u00e4nder att \u00f6ppna upp f\u00f6r konkurrens, vilket skadar ekonomin i hela EU d\u00e5 konkurrensen blir s\u00e4mre.<\/p>\n\n\n\n<blockquote class=\"wp-block-quote is-layout-flow wp-block-quote-is-layout-flow\">\n<p>De problem som finns p\u00e5 den inre marknaden beror till stor del p\u00e5 nationella lagar och regler som f\u00f6rsv\u00e5rar f\u00f6r f\u00f6retag att verka inom hela unionen.<\/p>\n<\/blockquote>\n\n\n\n<p>Det handlar ofta om olika yrkesregleringar, olika till\u00e4mpningar av regler som upphovsr\u00e4tt, krav p\u00e5 nationella f\u00f6rs\u00e4kringar och liknande. Kommissionen tar f\u00f6r sm\u00e5 steg f\u00f6r att l\u00f6sa dessa problem. Det beh\u00f6vs mycket st\u00f6rre tryck p\u00e5 medlemsstaterna f\u00f6r att respektera lagarna som ligger till grund f\u00f6r den inre marknaden. <\/p>\n\n\n\n<h3 class=\"wp-block-heading\">Kompetensf\u00f6rs\u00f6rjning<\/h3>\n\n\n\n<p>F\u00f6retag beh\u00f6ver konkurrera om den b\u00e4sta kompetensen f\u00f6r att kunna ligga i utvecklingens framkant. Vi beh\u00f6ver d\u00e4rf\u00f6r underl\u00e4tta m\u00f6jligheten f\u00f6r b\u00e5de EU-medborgare och tredjelandsmedborgare att arbeta och r\u00f6ra sig inom EU. Det handlar bland annat om att underl\u00e4tta gemensamt erk\u00e4nnande av kvalifikationer och f\u00e5 tillg\u00e5ng till varandras arbetsmarknader. EU:s n\u00e4sta stora kompetensrelaterade projekt b\u00f6r vara att ta upp kampen med USA som v\u00e4rldens mest attraktiva karri\u00e4rdestination. Talangattraktionsfr\u00e5gorna \u00e4r en nationell kompetens men samtliga medlemsl\u00e4nder skulle ha mycket att vinna p\u00e5 en EU-gemensam anstr\u00e4ngning f\u00f6r att f\u00e5 fler globala talanger att v\u00e4lja och dessutom stanna kvar i Europa.<\/p>\n\n\n\n<h3 class=\"wp-block-heading\">Utveckla den inre marknaden<\/h3>\n\n\n\n<p>EU beh\u00f6ver utveckla den inre marknaden l\u00e5ngt mer \u00e4n vad m\u00e5nga inser. P\u00e5 l\u00e5ng sikt \u00e4r den inre marknaden den enskilt viktigaste faktorn f\u00f6r Europas konkurrenskraft. Enligt en ber\u00e4kning fr\u00e5n Centre for European Policy Studies skulle en utvecklad inremarknaden kunna leda till att EU:s bruttonationalprodukt (BNP) \u00f6kar med hela 9 procent under det kommande decenniet. Det motsvarar den kombinerade BNP:n f\u00f6r Belgien, Tjeckien och Irland. Det illustrerar hur mycket den inre marknaden underpresterar idag.<\/p>\n\n\n\n<p>Ny teknik och nya aff\u00e4rsmodeller skapar nya utmaningar vilket g\u00f6r att regelverken f\u00f6r den inre marknaden st\u00e4ndigt beh\u00f6ver utvecklas. Med effektiva och harmoniserade regler som till\u00e4mpas likadant i alla medlemsl\u00e4nder blir det enklare f\u00f6r b\u00e5de arbetstagare och tj\u00e4nstef\u00f6retag att vara verksamma i hela EU.<\/p>\n\n\n\n<p>En v\u00e4l fungerande inre marknaden \u00e4r det mest effektiva s\u00e4ttet f\u00f6r EU att hantera utmaningarna som den gr\u00f6na och digitala omst\u00e4llningen inneb\u00e4r. Det \u00e4r genom att f\u00f6retag kan utveckla nya tj\u00e4nster som kan skalas upp inom hela EU som vi kan n\u00e5 en h\u00e5llbar omst\u00e4llning. Tyv\u00e4rr ser vi att \u00e4ven v\u00e4lmenande initiativ har en tendens att leda till ett stelbent regelverk som hindrar en s\u00e5dan utveckling.<\/p>\n\n\n\n<p>I den internationella konkurrensen beh\u00f6ver vi en b\u00e4ttre fungerande inre marknad med f\u00e4rre regler och ett b\u00e4ttre n\u00e4ringslivsklimat. Tyv\u00e4rr har vi i st\u00e4llet sett en kraftig \u00f6kning av den \u201dregulatoriska b\u00f6rdan&#8221; f\u00f6r f\u00f6retag, under den g\u00e5ngna mandatperioden f\u00f6r det nuvarande parlamentet och kommissionen. N\u00e4sta mandatperiod m\u00e5ste pr\u00e4glas av regelf\u00f6renklaringar och reformer f\u00f6r tillv\u00e4xt p\u00e5 den inre marknaden.<\/p>\n\n\n\n<p>En fungerande inre marknad f\u00f6ruts\u00e4tter en fungerande europeisk infrastruktur. M\u00e4nniskor m\u00e5ste kunna resa smidigt inom EU f\u00f6r att kunna ta det mest attraktiva jobbet och p\u00e5 b\u00e4sta s\u00e4tt kunna bidra till Europas v\u00e4lst\u00e5nd. Gods m\u00e5ste kunna transporteras effektiv inom unionen utan dr\u00f6jsm\u00e5l eller f\u00f6rdyrande omlastningar eller liknande.<\/p>\n\n\n\n<h3 class=\"wp-block-heading\">Reformer f\u00f6r en b\u00e4ttre inre marknad<\/h3>\n\n\n\n<ul class=\"wp-block-list\">\n<li>Almega vill se en specifik handlingsplan f\u00f6r genomf\u00f6randet av tj\u00e4nstedirektivet som fokuserar p\u00e5 att skapa en b\u00e4ttre marknad f\u00f6r tj\u00e4nster.<br><br><\/li>\n\n\n\n<li>Det m\u00e5ste finnas ett st\u00f6rre tryck p\u00e5 medlemsstaterna som inf\u00f6r, eller inte undanr\u00f6jer, regler som utg\u00f6r handelshinder inom EU. Varje \u00e5r uppkommer nya hinder. Att hantera dem tar f\u00f6r l\u00e5ng tid, ofta \u00e5r innan det \u00e4r l\u00f6st. Det skadar b\u00e5de EU:s konkurrenskraft och enskilda f\u00f6retag som drabbas.<br><br><\/li>\n\n\n\n<li>F\u00f6r fall av betydande vikt f\u00f6r den inre marknaden b\u00f6r det inr\u00e4ttas ett snabbsp\u00e5r till EU-domstolen.<strong><br><br><\/strong><\/li>\n\n\n\n<li>EU beh\u00f6ver en inremarknadskommission\u00e4r i n\u00e4sta kommission med ett tydligt mandat att utveckla en inre marknad f\u00f6r tj\u00e4nster.<br><br><\/li>\n\n\n\n<li>En kompetensf\u00f6rs\u00f6rjning som g\u00f6r det m\u00f6jligt f\u00f6r m\u00e4nniskor att skaffa de f\u00e4rdigheter som kr\u00e4vs f\u00f6r en h\u00e5llbar kunskapsbaserad ekonomi och f\u00f6r att m\u00f6ta arbetsgivarnas behov. Listan \u00f6ver EU-reglerade yrken m\u00e5ste regelbundet gallras och harmoniseras. EU beh\u00f6ver bli en attraktivare karri\u00e4rdestination f\u00f6r internationella talanger.<br><br><\/li>\n\n\n\n<li>EU b\u00f6r genomf\u00f6ra omfattande granskning som unders\u00f6ker flera sektorer f\u00f6r att identifiera omr\u00e5den som skulle kunna avregleras i syfte att skapa b\u00e4ttre konkurrens.<br><br><\/li>\n\n\n\n<li>En v\u00e4l fungerande transeuropeisk infrastruktur beh\u00f6ver prioriteras fram\u00f6ver f\u00f6r att den inre marknaden ska kunna n\u00e5 sin fulla potential och EU:s motst\u00e5ndskraft och konkurrenskraft ska kunna \u00f6ka.<\/li>\n<\/ul>\n\n\n<a class='Share__link Share__link--url copy-text' href='#' rel='nofollow' data-text='ukraina\/beredskap\/sakerhet' title='Dela url' data-confirmation='L\u00e4nken kopierades till urklipp'><svg class='icon icon--link'  width='18' height='18' viewBox='0 0 18 18' fill='none' xmlns='http:\/\/www.w3.org\/2000\/svg'>\n            <path d='M10.4142 0.514721L6.87868 4.05025L8.29289 5.46447L11.1213 2.63604L15.364 6.87868L12.5355 9.70711L13.9497 11.1213L17.4853 7.58579C17.8763 7.19476 17.8763 6.5626 17.4853 6.17158L11.8284 0.514721C11.4374 0.123691 10.8052 0.123691 10.4142 0.514721Z' fill='black'\/>\n            <path d='M9.7071 12.5355L6.87868 15.364L2.63604 11.1213L5.46446 8.2929L4.05025 6.87868L0.514716 10.4142C0.123686 10.8052 0.123686 11.4374 0.514716 11.8284L6.17157 17.4853C6.5626 17.8763 7.19475 17.8763 7.58578 17.4853L11.1213 13.9497L9.7071 12.5355Z' fill='black'\/>\n            <path d='M6.17157 11.8284C6.5626 12.2195 7.19475 12.2195 7.58578 11.8284L11.8284 7.58579C12.2195 7.19476 12.2195 6.56261 11.8284 6.17158C11.4374 5.78055 10.8052 5.78055 10.4142 6.17158L6.17157 10.4142C5.78054 10.8052 5.78054 11.4374 6.17157 11.8284Z' fill='black'\/>\n            <\/svg> <\/a>\n<h2 class=\"wp-block-heading\">Ukraina\/beredskap\/s\u00e4kerhet<\/h2>\n\n\n\n<p>I den v\u00e4rld vi nu lever i d\u00e4r konfliktniv\u00e5n \u00f6kar och vi upplever krig i Europa \u00e4r det centralt med ett starkt EU som kan m\u00f6ta dagens utmaningar. I sj\u00e4lva verket \u00e4r det samma utmaningar som EU skapades f\u00f6r att m\u00f6ta en g\u00e5ng i tiden. Det handlar om fred, s\u00e4kerhet, v\u00e4lst\u00e5nd och tillv\u00e4xt som bygger en stark gemenskap som kan hantera utmaningar och den nya hotbilden.<\/p>\n\n\n\n<p>Rysslands anfallskrig mot Ukraina \u00e4r ett uttryck f\u00f6r just en s\u00e5dan hotbild. Ryssland f\u00f6r en aggressiv politik som \u00e4r tydligast i och med kriget mot Ukraina men \u00e4ven den f\u00f6rs mot andra l\u00e4nder p\u00e5 olika s\u00e4tt som drabbar oss alla. Terrorhotet samt Kinas och Irans aktioner inneb\u00e4r \u00f6kade utmaningar f\u00f6r den europeiska s\u00e4kerheten. Det handlar om organiserade desinformationskampanjer, hot och cyberkrigf\u00f6ring f\u00f6r att n\u00e4mna n\u00e5gra.<\/p>\n\n\n\n<p>F\u00f6r att \u00f6ka motst\u00e5ndskraften \u00e4r det centralt att vi verkar f\u00f6r ett starkt och v\u00e4lfungerande EU.<\/p>\n\n\n\n<p>F\u00f6retag verksamma inom EU har en avg\u00f6rande betydelse f\u00f6r att uppr\u00e4tth\u00e5lla ett motst\u00e5ndskraftigt samh\u00e4lle och utg\u00f6r ryggraden i beredskapen. Robusta f\u00f6retag skapar \u00f6kad handlingsfrihet b\u00e5de i vardag, vid kriser och ytterst under krig. Konkurrenskraftiga och internationellt framg\u00e5ngsrika f\u00f6retag i Sverige och EU bidrar ocks\u00e5 till Natos och Europas samlade f\u00f6rsvarsf\u00f6rm\u00e5ga.<\/p>\n\n\n\n<p>Motst\u00e5ndskraft byggs av v\u00e4l fungerande transeuropeisk infrastruktur; v\u00e4gar, j\u00e4rnv\u00e4gar, energi\u00f6verf\u00f6ring med mera och s\u00e5dana investeringar st\u00e4rker \u00e4ven f\u00f6rm\u00e5gan minska klimatutsl\u00e4pp samt klara naturkatastrofer. Ocks\u00e5 Europas digitala infrastruktur beh\u00f6ver f\u00f6rb\u00e4ttras. Detta kommer att kr\u00e4vas investeringar i motst\u00e5ndskraftig, robust och h\u00f6gkvalitativ digital infrastruktur. EU spelar h\u00e4r en central roll genom att till\u00e4mpa sunda konkurrensregler och driva p\u00e5 f\u00f6r en verklig inre marknad f\u00f6r telekommunikation \u00f6ver hela Europa.<\/p>\n\n\n\n<p>Den senaste tidens kriser har visat p\u00e5 behovet av en v\u00e4lfungerande inre marknad. Hoten mot Europa och europeiska f\u00f6retag \u00e4r allvarliga och komplexa. Krig p\u00e5g\u00e5r i Europa och covidpandemin synliggjorde hur globala transportfl\u00f6den ocks\u00e5 kan drabbas av fredstida st\u00f6rningar.<\/p>\n\n\n\n<p>EU m\u00e5ste arbeta f\u00f6r att st\u00e4rka sin motst\u00e5ndskraft genom att s\u00e4kra leveranskedjor och fungerande handelsv\u00e4gar. Vi beh\u00f6ver st\u00e4rka handeln med andra regioner genom att arbeta f\u00f6r att ta bort handelshinder. Vi m\u00e5ste mots\u00e4tta oss protektionism och verka f\u00f6r fler och b\u00e4ttre frihandelsavtal.<\/p>\n\n\n\n<h3 class=\"wp-block-heading\">Reformer f\u00f6r \u00f6kad motst\u00e5ndskraft<\/h3>\n\n\n\n<ul class=\"wp-block-list\">\n<li>Resiliens och motst\u00e5ndskraft byggs genom starka f\u00f6retag som har goda f\u00f6ruts\u00e4ttningar att konkurrera, v\u00e4xa och handla globalt.<\/li>\n\n\n\n<li>F\u00f6r att st\u00e4rka den europeiska motst\u00e5ndskraften kr\u00e4vs en v\u00e4l fungerande infrastruktur.<\/li>\n\n\n\n<li>EU m\u00e5ste st\u00e4rka sin motst\u00e5ndskraft genom fler frihandelsavtal som skapar fler s\u00e4kra leveranskedjor<\/li>\n<\/ul>\n\n\n<a class='Share__link Share__link--url copy-text' href='#' rel='nofollow' data-text='gron-omstallning' title='Dela url' data-confirmation='L\u00e4nken kopierades till urklipp'><svg class='icon icon--link'  width='18' height='18' viewBox='0 0 18 18' fill='none' xmlns='http:\/\/www.w3.org\/2000\/svg'>\n            <path d='M10.4142 0.514721L6.87868 4.05025L8.29289 5.46447L11.1213 2.63604L15.364 6.87868L12.5355 9.70711L13.9497 11.1213L17.4853 7.58579C17.8763 7.19476 17.8763 6.5626 17.4853 6.17158L11.8284 0.514721C11.4374 0.123691 10.8052 0.123691 10.4142 0.514721Z' fill='black'\/>\n            <path d='M9.7071 12.5355L6.87868 15.364L2.63604 11.1213L5.46446 8.2929L4.05025 6.87868L0.514716 10.4142C0.123686 10.8052 0.123686 11.4374 0.514716 11.8284L6.17157 17.4853C6.5626 17.8763 7.19475 17.8763 7.58578 17.4853L11.1213 13.9497L9.7071 12.5355Z' fill='black'\/>\n            <path d='M6.17157 11.8284C6.5626 12.2195 7.19475 12.2195 7.58578 11.8284L11.8284 7.58579C12.2195 7.19476 12.2195 6.56261 11.8284 6.17158C11.4374 5.78055 10.8052 5.78055 10.4142 6.17158L6.17157 10.4142C5.78054 10.8052 5.78054 11.4374 6.17157 11.8284Z' fill='black'\/>\n            <\/svg> <\/a>\n<h2 class=\"wp-block-heading\">Gr\u00f6n omst\u00e4llning<\/h2>\n\n\n\n<p>Klimatfr\u00e5gan spelar en central roll i s\u00e5 v\u00e4l Sverige som i EU, varannan svensk ser klimatet som EU:s viktigaste fr\u00e5ga. N\u00e4ringslivets innovationsf\u00f6rm\u00e5ga \u00e4r en f\u00f6ruts\u00e4ttning f\u00f6r att n\u00e5 klimatm\u00e5len \u2013 utan ett starkt n\u00e4ringsliv blir det ingen gr\u00f6n omst\u00e4llning. Europas klimatpolitik m\u00e5ste d\u00e4rf\u00f6r utformas noggrant f\u00f6r att s\u00e4kerst\u00e4lla effektivitet samtidigt som man minimerar omst\u00e4llningskostnaderna. Med tanke p\u00e5 den omfattande lagstiftningen som r\u00f6r milj\u00f6 och klimat \u00e4r det centralt att den utformas p\u00e5 ett s\u00e4tt som fr\u00e4mjar, inte bromsar innovation och utveckling inom n\u00e4ringslivet.<\/p>\n\n\n\n<p>Tack vare innovation och utveckling har v\u00e4rldens mest avancerade l\u00e4nder, dit Sverige r\u00e4knas, lyckats fr\u00e5nkoppla \u00f6kat v\u00e4lst\u00e5nd fr\u00e5n \u00f6kad milj\u00f6f\u00f6rslitning. Det g\u00e4ller \u00e4ven utsl\u00e4pp av koldioxid. En av de viktigaste orsakerna till detta \u00e4r v\u00e5ra samh\u00e4llens tj\u00e4nstefiering, det vill s\u00e4ga den privata tj\u00e4nstesektorns \u00f6kande andel av BNP och syssels\u00e4ttning samt tj\u00e4nsternas \u00f6kande andel av v\u00e5r konsumtion. Att bejaka en fortsatt strukturomvandling d\u00e4r tj\u00e4nstesektorn forts\u00e4tter att v\u00e4xa \u00e4r d\u00e4rf\u00f6r viktigt om vill kunna kombinera ett \u00f6kat v\u00e4lst\u00e5nd med b\u00e5de en god milj\u00f6 i allm\u00e4nhet och minskad global uppv\u00e4rmning i synnerhet.<\/p>\n\n\n\n<p>Det \u00e4r i n\u00e4ringslivet som nya, h\u00e5llbara tekniker, produktionss\u00e4tt, produkter och l\u00f6sningar kan tas fram. Det \u00e4r ocks\u00e5 i n\u00e4ringslivet som m\u00e5nga arbetstillf\u00e4llen skapas. Med en EU-gemensam klimatpolitik kommer fler f\u00f6retag och l\u00e4nder omfattas av besluten. P\u00e5 detta s\u00e4tt kan f\u00f6retagen med de h\u00e5llbara l\u00f6sningar skala upp och konkurrera ut de som har h\u00f6gre utsl\u00e4pp, \u00e4ven internationellt. Det kr\u00e4ver dock att de lagar och regler som inf\u00f6rs i Bryssel m\u00f6jligg\u00f6r n\u00e4ringslivets arbete, och leder till st\u00e4rkt ekonomisk tillv\u00e4xt.<\/p>\n\n\n\n<p>Klimatf\u00f6r\u00e4ndringar \u00e4r en global utmaning som kr\u00e4ver globala \u00e5tg\u00e4rder. Det \u00e4r centralt att p\u00e5 global niv\u00e5 s\u00e4tta spelplanen f\u00f6r att klara klimatomst\u00e4llningen, h\u00e4r \u00e4r EU genom sin storlek en viktig akt\u00f6r. Det kr\u00e4vs att alla l\u00e4nder, s\u00e4rskilt de stora ekonomierna, g\u00f6r betydande anstr\u00e4ngningar f\u00f6r att minska utsl\u00e4ppen och Sverige \u00e4r en av v\u00e4rldens 25 st\u00f6rsta ekonomier.<\/p>\n\n\n\n<p>Svenska f\u00f6retag har varit mycket framg\u00e5ngsrika med att ta fram milj\u00f6- och klimatsmarta l\u00f6sningar. Med ett gediget engagemang att skapa <a>goda f\u00f6ruts\u00e4ttningar f\u00f6r n\u00e4ringslivet att driva klimatomst\u00e4llningen <\/a>kan svenska europaparlamentariker bidra till att Europa blir v\u00e4rldens f\u00f6rsta klimatneutrala kontinent d\u00e4r alla kan bidra till &#8211; och dra f\u00f6rdelar av omst\u00e4llningen.<\/p>\n\n\n\n<blockquote class=\"wp-block-quote is-layout-flow wp-block-quote-is-layout-flow\">\n<p>Klimatutmaningarna kan inte m\u00f6tas utan ett framg\u00e5ngsrikt n\u00e4ringsliv som investerar i innovation och utvecklar framtidens teknik, tj\u00e4nster och l\u00f6sningar. Europeiska f\u00f6retag \u00e4r marknadsledare inom m\u00e5nga av de framv\u00e4xande sektorer som levererar l\u00f6sningarna f\u00f6r att klara den gr\u00f6na omst\u00e4llningen.<\/p>\n<\/blockquote>\n\n\n\n<h3 class=\"wp-block-heading\">Teknikneutralt<\/h3>\n\n\n\n<p>Det \u00e4r viktigt att politiken s\u00e5 l\u00e5ngt som m\u00f6jligt \u00e4r teknikneutral. Politiker ska inte genom ekonomiska incitament, lagar och regler v\u00e4lja teknik eller l\u00f6sningar \u00e5t marknaden. Det g\u00f6r f\u00f6retagen b\u00e4st sj\u00e4lva. D\u00e4rf\u00f6r ska all teknik hanteras genom proportionerliga, teknikneutrala och riskbaserade EU-regleringar. Med tanke p\u00e5 de massiva investeringar som kommer att kr\u00e4vas i nya l\u00f6sningar under de kommande \u00e5ren \u00e4r det viktigt att n\u00e4ringslivs- och investeringsklimatet i EU s\u00e4kerst\u00e4ller att en betydande del av investeringarna hamnar och utvecklas h\u00e4r i st\u00e4llet f\u00f6r i andra delar av v\u00e4rlden. F\u00f6r det kr\u00e4vs ett omfattande reformarbete som s\u00e4kerst\u00e4ller ett konkurrenskraftigt n\u00e4ringsliv. <\/p>\n\n\n\n<h3 class=\"wp-block-heading\"><strong>Cirkul\u00e4r ekonomi<\/strong><\/h3>\n\n\n\n<p>Cirkul\u00e4r ekonomi handlar om att minimera avfallsproduktion och att bibeh\u00e5lla det ekonomiska v\u00e4rdet av produkter, material och resurser s\u00e5 l\u00e4nge som m\u00f6jligt. Det finns goda m\u00f6jligheter f\u00f6r EU att ytterligare fr\u00e4mja \u00f6verg\u00e5ngen till en cirkul\u00e4r ekonomi genom att skapa en verkligt cirkul\u00e4r inre marknad, d\u00e4r material kan fl\u00f6da fritt, och som fr\u00e4mjar renovering, reparation, \u00e5teranv\u00e4ndning och \u00e5tervinning.<\/p>\n\n\n\n<p>F\u00f6r att verkligen dra nytta av den gr\u00f6na omst\u00e4llningen m\u00e5ste Europa forts\u00e4tta att bygga upp en ram f\u00f6r ett h\u00e5llbart, koldioxidsn\u00e5lt och resurseffektivt Europa, som \u00e4r anpassat f\u00f6r de snabbt r\u00f6rliga innovationerna inom n\u00e4ringslivet vilket utnyttjar den verkliga potentialen f\u00f6r gr\u00f6n tillv\u00e4xt.<\/p>\n\n\n\n<h3 class=\"wp-block-heading\">Reformer f\u00f6r den gr\u00f6na omst\u00e4llningen<\/h3>\n\n\n\n<ul class=\"wp-block-list\">\n<li>Den utveckling och de innovationer som sker i ett fritt och starkt n\u00e4ringsliv \u00e4r en f\u00f6ruts\u00e4ttning f\u00f6r den gr\u00f6na omst\u00e4llningen. All klimatlagstiftning m\u00e5ste vara ambiti\u00f6s och s\u00e4kerst\u00e4lla att n\u00e4ringslivets utveckling- och innovationskraft st\u00e4rks.<br><br><\/li>\n\n\n\n<li>En \u00f6kad tj\u00e4nstefiering bidrar till att minska klimatp\u00e5verkan och hj\u00e4lper oss i klimatomst\u00e4llningen. En fortsatt strukturomvandling d\u00e4r tj\u00e4nstesektorn forts\u00e4tter att v\u00e4xa m\u00e5ste vara grunden f\u00f6r EU:s klimat- och n\u00e4ringspolitik.<br><br><\/li>\n\n\n\n<li>EU:s ambiti\u00f6sa klimatm\u00e5l kr\u00e4ver att alla sektorer anstr\u00e4nger sig f\u00f6r att minska sina utsl\u00e4pp. EU:s system f\u00f6r handel med utsl\u00e4pp (ETS) \u00e4r ett av de mest effektiva verktygen f\u00f6r gr\u00f6n omst\u00e4llning och b\u00f6r d\u00e4rf\u00f6r utvidgas.<br><br><\/li>\n\n\n\n<li>Styr om fr\u00e5n linj\u00e4rt till cirkul\u00e4rt i incitament, regelverk och upphandling. Alla relevanta EU-f\u00f6rslag b\u00f6r styra mot mindre resurs\u00e5tg\u00e5ng och klimatp\u00e5verkan genom krav p\u00e5 att optimera anv\u00e4ndningen av befintliga tillg\u00e5ngar, \u00e5terbruk och cirkularitet.<br><br><\/li>\n\n\n\n<li>Teknikneutrala EU-regleringar, ekonomiska incitament och upphandlingar som ger stort ansvar till f\u00f6retagen och skapar och marknadsdrivna och effektiva standarder.<\/li>\n<\/ul>\n\n\n<a class='Share__link Share__link--url copy-text' href='#' rel='nofollow' data-text='digitalisering' title='Dela url' data-confirmation='L\u00e4nken kopierades till urklipp'><svg class='icon icon--link'  width='18' height='18' viewBox='0 0 18 18' fill='none' xmlns='http:\/\/www.w3.org\/2000\/svg'>\n            <path d='M10.4142 0.514721L6.87868 4.05025L8.29289 5.46447L11.1213 2.63604L15.364 6.87868L12.5355 9.70711L13.9497 11.1213L17.4853 7.58579C17.8763 7.19476 17.8763 6.5626 17.4853 6.17158L11.8284 0.514721C11.4374 0.123691 10.8052 0.123691 10.4142 0.514721Z' fill='black'\/>\n            <path d='M9.7071 12.5355L6.87868 15.364L2.63604 11.1213L5.46446 8.2929L4.05025 6.87868L0.514716 10.4142C0.123686 10.8052 0.123686 11.4374 0.514716 11.8284L6.17157 17.4853C6.5626 17.8763 7.19475 17.8763 7.58578 17.4853L11.1213 13.9497L9.7071 12.5355Z' fill='black'\/>\n            <path d='M6.17157 11.8284C6.5626 12.2195 7.19475 12.2195 7.58578 11.8284L11.8284 7.58579C12.2195 7.19476 12.2195 6.56261 11.8284 6.17158C11.4374 5.78055 10.8052 5.78055 10.4142 6.17158L6.17157 10.4142C5.78054 10.8052 5.78054 11.4374 6.17157 11.8284Z' fill='black'\/>\n            <\/svg> <\/a>\n<h2 class=\"wp-block-heading\">Digitalisering<\/h2>\n\n\n\n<p>I dag ritar digitaliseringen om f\u00f6ruts\u00e4ttningarna f\u00f6r hur vi lever, arbetar, producerar, konsumerar och kommunicerar. Den \u00e4r v\u00e4sentlig f\u00f6r den ekonomiska tillv\u00e4xten, produktiviteten och innovationskraften i n\u00e4ringslivet. Men det \u00e4r \u00e4ven n\u00f6dv\u00e4ndigt i all offentlig verksamhet \u2013 v\u00e5ra skolor, sjukv\u00e5rden och polisen m.m. \u2013 att vi anammar ny teknik.<\/p>\n\n\n\n<p>M\u00e5nga av den senaste tekniska utvecklingen, inklusive generativ AI (t.ex. ChatGPT), 6G, kvantdatorer, virtuella v\u00e4rldar och 3D-utskrifter levereras via internet. D\u00e4rf\u00f6r beh\u00f6ver EU st\u00e4rka tillg\u00e5ngen till en drifts\u00e4ker digital infrastruktur. Anv\u00e4ndandet av ny teknik \u00e4r central f\u00f6r Europas modernisering, v\u00e4lf\u00e4rdsleverans och konkurrenskraft.<\/p>\n\n\n\n<blockquote class=\"wp-block-quote is-layout-flow wp-block-quote-is-layout-flow\">\n<p>Det europeiska mottot s\u00e4ger, &#8221;vi \u00e4r starkare tillsammans&#8221;. Det \u00e4r mer sant \u00e4n n\u00e5gonsin; Europa beh\u00f6ver sammanh\u00e5llning vilket inneb\u00e4r att vi m\u00e5ste uppdatera den inre marknaden till att bli konkurrenskraftig i en global digital ekonomi.<\/p>\n<\/blockquote>\n\n\n\n<h3 class=\"wp-block-heading\">Digital inre marknad<\/h3>\n\n\n\n<p>Den digitala inre marknaden syftar till att undanr\u00f6ja hinder som privatpersoner och f\u00f6retag st\u00f6ter p\u00e5 n\u00e4r de anv\u00e4nder onlineverktyg och onlinetj\u00e4nster. Genom att undanr\u00f6ja viktiga skillnader mellan online- och offlinev\u00e4rlden \u00f6ppnar den digitala inre marknaden nya m\u00f6jligheter f\u00f6r f\u00f6retag och skapar en milj\u00f6 d\u00e4r digitala tj\u00e4nster kan utvecklas och v\u00e4xa.<\/p>\n\n\n\n<p>EU:s strategi f\u00f6r den digitala inre marknaden m\u00e5ste genomf\u00f6ras f\u00f6r att fullt ut f\u00f6r att ta tillvara p\u00e5 de m\u00f6jligheter som digitalisering digitaliseringen inneb\u00e4r. En harmoniserad europeisk digital inre marknad m\u00e5ste vara en av huvudprioriteringarna f\u00f6r Europaparlamentet, EU-kommissionen och medlemsl\u00e4nderna under den kommande fem\u00e5riga mandatperioden.<\/p>\n\n\n\n<h3 class=\"wp-block-heading\">Digital infrastruktur<\/h3>\n\n\n\n<p>Europas digitala infrastruktur beh\u00f6ver f\u00f6rb\u00e4ttras. Det kommer att kr\u00e4vas investeringar i motst\u00e5ndskraftig, robust och h\u00f6gkvalitativ digital infrastruktur. EU-kommissionen spelar en central roll h\u00e4r genom att till\u00e4mpa strikta konkurrensregler och driva p\u00e5 f\u00f6r en verklig inre marknad f\u00f6r telekommunikation \u00f6ver hela Europa.<\/p>\n\n\n\n<h3 class=\"wp-block-heading\">Regelverk f\u00f6r utveckling<\/h3>\n\n\n\n<p>Regler ska inte skapa on\u00f6dig byr\u00e5krati, kunna till\u00e4mpas eller tolkas p\u00e5 olika s\u00e4tt i olika l\u00e4nder, inneb\u00e4ra of\u00f6rsvarbara kostnader f\u00f6r f\u00f6retag eller g\u00f6r det kr\u00e5ngligare att s\u00e4lja varor och tj\u00e4nster online. Ett exempel \u00e4r den komplexa dataskyddsregleringen GDPR som \u00e4r sv\u00e5r att till\u00e4mpa, s\u00e4rskilt f\u00f6r de sm\u00e5 och medelstora f\u00f6retagen.<\/p>\n\n\n\n<p>Den digitala utvecklingen inneb\u00e4r extremt stora m\u00f6jligheter, men naturligtvis \u00e4ven risker. D\u00e4rf\u00f6r m\u00e5ste det finnas en balans mellan risker och m\u00f6jligheter. Tyv\u00e4rr har debatten om digital politik i huvudsak fokuserat p\u00e5 &#8221;skydd&#8221;, &#8221;risk&#8221; och &#8221;st\u00f6rningar&#8221;. Ett ensidigt fokus p\u00e5 risker och riskhantering riskerar att leda till att Europa hamnar p\u00e5 efterk\u00e4lken j\u00e4mf\u00f6rt med USA och Kina.<\/p>\n\n\n\n<p>Utvecklingen inom AI ger oss fantastiska m\u00f6jligheter. Inom s\u00e5 v\u00e4l h\u00e4lso- och sjukv\u00e5rd som inom industrin, g\u00f6rs redan stora framsteg tack vare AI-drivna analyser. F\u00f6r att f\u00f6rverkliga denna potential och hantera oro \u00f6ver dess p\u00e5verkan p\u00e5 jobb och samh\u00e4llet, \u00e4r det h\u00f6g tid att hitta ett gemensamt och innovationsv\u00e4nligt europeiskt ramverk som driver utveckling \u2013 inte driver investeringar till andra delar av v\u00e4rlden.<\/p>\n\n\n\n<h3 class=\"wp-block-heading\">Konkurrenskraftiga start-ups<\/h3>\n\n\n\n<p>Antalet europeiska tech-startups har vuxit dramatiskt de senaste \u00e5ren. Men av v\u00e4rldens mest framg\u00e5ngsrika start-ups, de med ett v\u00e4rde p\u00e5 mer \u00e4n 1 miljard dollar, Unicorns, \u00e4r det endast 11 procent som \u00e4r europeiska, varav 6 procent av dem \u00e4r brittiska. F\u00f6r att \u00f6ka antalet europeiska, och svenska, unicorns kr\u00e4vs en omstart av den digitala inre marknaden med m\u00e5let att uppn\u00e5 ett starkt konkurrenskraftigt digitalt ekosystem av innovativa f\u00f6retag och en fullst\u00e4ndigt harmoniserad digital inre marknad.<\/p>\n\n\n\n<p>Digitalisering k\u00e4nner inga gr\u00e4nser, och digitaliserade f\u00f6retag, oavsett om de inkluderar en fysisk produkt eller inte, \u00e4r av naturen globala. Europeiska sm\u00e5 och medelstora f\u00f6retag \u00e4r i h\u00f6g grad kopplade till den internationella marknaden antingen som underleverant\u00f6rer till stora akt\u00f6rer, eller med direkt marknadstillg\u00e5ng genom globala plattformar och leveranskedjor. D\u00e4rf\u00f6r \u00e4r avg\u00f6rande att inte bara harmonisera regelverket inom EU utan att \u00e4ven str\u00e4va efter global harmonisering av regler. Genom att motverka och nedmontera handelshinder skapar vi en b\u00e4ttre milj\u00f6 f\u00f6r moderna och snabbv\u00e4xande f\u00f6retag, s\u00e4rskilt f\u00f6r start-ups.<\/p>\n\n\n\n<p>En EU-omfattande digital inre marknad kommer att erbjuda m\u00f6jligheter f\u00f6r f\u00f6retag och konsumenter. F\u00f6retag kommer att kunna skala upp verksamheten, ha tillg\u00e5ng till b\u00e4ttre information och l\u00e4gre transaktionskostnader. Konsumenter kommer att kunna dra nytta av ett st\u00f6rre antal erbjudanden till l\u00e4gre priser. Att ta bort \u00e5terst\u00e5ende hinder f\u00f6r den digitala inre marknaden kan \u00f6ka Europas BNP med n\u00e4rmare 415 miljarder euro.<\/p>\n\n\n\n<p>EU:s strategi f\u00f6r den digitala inre marknaden b\u00f6r genomf\u00f6ras f\u00f6r att prioritera digitalisering som k\u00e4rnan i EU:s tillv\u00e4xt och skapa b\u00e4ttre f\u00f6ruts\u00e4ttningar f\u00f6r start-ups att v\u00e4xa.<\/p>\n\n\n\n<h3 class=\"wp-block-heading\">Reformer f\u00f6r \u00f6kad digitalisering<\/h3>\n\n\n\n<ul class=\"wp-block-list\">\n<li>Genomf\u00f6ra en inre marknad f\u00f6r telekommunikation inom hela EU.<\/li>\n<\/ul>\n\n\n\n<ul class=\"wp-block-list\">\n<li>Investeringar i en robust och motst\u00e5ndskraftig digital infrastruktur.<br><\/li>\n\n\n\n<li>Samst\u00e4mmig implementering och tolkning av EU-regleringar i alla medlemsl\u00e4nder.<br><\/li>\n\n\n\n<li>En minskning av byr\u00e5krati som g\u00f6r det m\u00f6jligt att snabbare komma ut med nya tj\u00e4nster p\u00e5 marknaden.<br><\/li>\n\n\n\n<li>Ett gemensamt och innovationsv\u00e4nligt europeiskt ramverk f\u00f6r AI.<br><\/li>\n\n\n\n<li>GDPR \u00e4r en misslyckad lagstiftning som beh\u00f6ver g\u00f6ras om.<\/li>\n<\/ul>\n\n\n\n<p><strong><br><\/strong><br><\/p>\n","protected":false},"excerpt":{"rendered":"<p>Inf\u00f6r valet till Europaparlamentet vill Almega bidra till en saklig och faktabaserad debatt.<\/p>\n","protected":false},"author":16543,"featured_media":73563,"comment_status":"closed","ping_status":"closed","sticky":false,"template":"","format":"standard","meta":{"_acf_changed":false,"footnotes":""},"categories":[79],"tags":[],"article_type":[42],"agreement":[],"class_list":["post-73558","post","type-post","status-publish","format-standard","has-post-thumbnail","hentry","category-eu-och-internationellt","type-rapporter"],"acf":[],"yoast_head":"<!-- This site is optimized with the Yoast SEO Premium plugin v26.8 (Yoast SEO v26.8) - https:\/\/yoast.com\/product\/yoast-seo-premium-wordpress\/ -->\n<title>Almegas nya EU-program: L\u00e5t oss g\u00f6ra Europa en tj\u00e4nst! | Almega<\/title>\n<meta name=\"robots\" content=\"index, follow, max-snippet:-1, max-image-preview:large, max-video-preview:-1\" \/>\n<link rel=\"canonical\" href=\"https:\/\/www.almega.se\/2024\/05\/almegas-nya-eu-program-lat-oss-gora-europa-en-tjanst\/\" \/>\n<meta property=\"og:locale\" content=\"sv_SE\" \/>\n<meta property=\"og:type\" content=\"article\" \/>\n<meta property=\"og:title\" content=\"Almegas nya EU-program: L\u00e5t oss g\u00f6ra Europa en tj\u00e4nst!\" \/>\n<meta property=\"og:description\" content=\"Inf\u00f6r valet till Europaparlamentet vill Almega bidra till en saklig och faktabaserad debatt.\" \/>\n<meta property=\"og:url\" content=\"https:\/\/www.almega.se\/2024\/05\/almegas-nya-eu-program-lat-oss-gora-europa-en-tjanst\/\" \/>\n<meta property=\"og:site_name\" content=\"Almega\" \/>\n<meta property=\"article:published_time\" content=\"2024-05-13T03:00:00+00:00\" \/>\n<meta property=\"article:modified_time\" content=\"2024-05-14T13:56:11+00:00\" \/>\n<meta property=\"og:image\" content=\"https:\/\/www.almega.se\/app\/uploads\/2024\/05\/ep-hemsida.png\" \/>\n\t<meta property=\"og:image:width\" content=\"1920\" \/>\n\t<meta property=\"og:image:height\" content=\"1080\" \/>\n\t<meta property=\"og:image:type\" content=\"image\/png\" \/>\n<meta name=\"author\" content=\"R\u00e9ka Tolnai\" \/>\n<meta name=\"twitter:card\" content=\"summary_large_image\" \/>\n<meta name=\"twitter:label1\" content=\"Skriven av\" \/>\n\t<meta name=\"twitter:data1\" content=\"R\u00e9ka Tolnai\" \/>\n\t<meta name=\"twitter:label2\" content=\"Ber\u00e4knad l\u00e4stid\" \/>\n\t<meta name=\"twitter:data2\" content=\"22 minuter\" \/>\n<!-- \/ Yoast SEO Premium plugin. -->","yoast_head_json":{"title":"Almegas nya EU-program: L\u00e5t oss g\u00f6ra Europa en tj\u00e4nst! | Almega","robots":{"index":"index","follow":"follow","max-snippet":"max-snippet:-1","max-image-preview":"max-image-preview:large","max-video-preview":"max-video-preview:-1"},"canonical":"https:\/\/www.almega.se\/2024\/05\/almegas-nya-eu-program-lat-oss-gora-europa-en-tjanst\/","og_locale":"sv_SE","og_type":"article","og_title":"Almegas nya EU-program: L\u00e5t oss g\u00f6ra Europa en tj\u00e4nst!","og_description":"Inf\u00f6r valet till Europaparlamentet vill Almega bidra till en saklig och faktabaserad debatt.","og_url":"https:\/\/www.almega.se\/2024\/05\/almegas-nya-eu-program-lat-oss-gora-europa-en-tjanst\/","og_site_name":"Almega","article_published_time":"2024-05-13T03:00:00+00:00","article_modified_time":"2024-05-14T13:56:11+00:00","og_image":[{"width":1920,"height":1080,"url":"https:\/\/www.almega.se\/app\/uploads\/2024\/05\/ep-hemsida.png","type":"image\/png"}],"author":"R\u00e9ka Tolnai","twitter_card":"summary_large_image","twitter_misc":{"Skriven av":"R\u00e9ka Tolnai","Ber\u00e4knad l\u00e4stid":"22 minuter"},"schema":{"@context":"https:\/\/schema.org","@graph":[{"@type":"NewsArticle","@id":"https:\/\/www.almega.se\/2024\/05\/almegas-nya-eu-program-lat-oss-gora-europa-en-tjanst\/#article","isPartOf":{"@id":"https:\/\/www.almega.se\/2024\/05\/almegas-nya-eu-program-lat-oss-gora-europa-en-tjanst\/"},"author":{"name":"R\u00e9ka Tolnai","@id":"https:\/\/www.almega.se\/#\/schema\/person\/e54aa110880538cf5ceac0ac54bbecf7"},"headline":"Almegas nya EU-program: L\u00e5t oss g\u00f6ra Europa en tj\u00e4nst!","datePublished":"2024-05-13T03:00:00+00:00","dateModified":"2024-05-14T13:56:11+00:00","mainEntityOfPage":{"@id":"https:\/\/www.almega.se\/2024\/05\/almegas-nya-eu-program-lat-oss-gora-europa-en-tjanst\/"},"wordCount":5273,"image":{"@id":"https:\/\/www.almega.se\/2024\/05\/almegas-nya-eu-program-lat-oss-gora-europa-en-tjanst\/#primaryimage"},"thumbnailUrl":"https:\/\/www.almega.se\/app\/uploads\/2024\/05\/ep-hemsida.png","articleSection":["EU och internationellt"],"inLanguage":"sv-SE"},{"@type":"WebPage","@id":"https:\/\/www.almega.se\/2024\/05\/almegas-nya-eu-program-lat-oss-gora-europa-en-tjanst\/","url":"https:\/\/www.almega.se\/2024\/05\/almegas-nya-eu-program-lat-oss-gora-europa-en-tjanst\/","name":"Almegas nya EU-program: L\u00e5t oss g\u00f6ra Europa en tj\u00e4nst! | Almega","isPartOf":{"@id":"https:\/\/www.almega.se\/#website"},"primaryImageOfPage":{"@id":"https:\/\/www.almega.se\/2024\/05\/almegas-nya-eu-program-lat-oss-gora-europa-en-tjanst\/#primaryimage"},"image":{"@id":"https:\/\/www.almega.se\/2024\/05\/almegas-nya-eu-program-lat-oss-gora-europa-en-tjanst\/#primaryimage"},"thumbnailUrl":"https:\/\/www.almega.se\/app\/uploads\/2024\/05\/ep-hemsida.png","datePublished":"2024-05-13T03:00:00+00:00","dateModified":"2024-05-14T13:56:11+00:00","author":{"@id":"https:\/\/www.almega.se\/#\/schema\/person\/e54aa110880538cf5ceac0ac54bbecf7"},"breadcrumb":{"@id":"https:\/\/www.almega.se\/2024\/05\/almegas-nya-eu-program-lat-oss-gora-europa-en-tjanst\/#breadcrumb"},"inLanguage":"sv-SE","potentialAction":[{"@type":"ReadAction","target":["https:\/\/www.almega.se\/2024\/05\/almegas-nya-eu-program-lat-oss-gora-europa-en-tjanst\/"]}]},{"@type":"ImageObject","inLanguage":"sv-SE","@id":"https:\/\/www.almega.se\/2024\/05\/almegas-nya-eu-program-lat-oss-gora-europa-en-tjanst\/#primaryimage","url":"https:\/\/www.almega.se\/app\/uploads\/2024\/05\/ep-hemsida.png","contentUrl":"https:\/\/www.almega.se\/app\/uploads\/2024\/05\/ep-hemsida.png","width":1920,"height":1080},{"@type":"BreadcrumbList","@id":"https:\/\/www.almega.se\/2024\/05\/almegas-nya-eu-program-lat-oss-gora-europa-en-tjanst\/#breadcrumb","itemListElement":[{"@type":"ListItem","position":1,"name":"Home","item":"https:\/\/www.almega.se\/"},{"@type":"ListItem","position":2,"name":"Almegas nya EU-program: L\u00e5t oss g\u00f6ra Europa en tj\u00e4nst!"}]},{"@type":"WebSite","@id":"https:\/\/www.almega.se\/#website","url":"https:\/\/www.almega.se\/","name":"Almega","description":"","potentialAction":[{"@type":"SearchAction","target":{"@type":"EntryPoint","urlTemplate":"https:\/\/www.almega.se\/?s={search_term_string}"},"query-input":{"@type":"PropertyValueSpecification","valueRequired":true,"valueName":"search_term_string"}}],"inLanguage":"sv-SE"},{"@type":"Person","@id":"https:\/\/www.almega.se\/#\/schema\/person\/e54aa110880538cf5ceac0ac54bbecf7","name":"R\u00e9ka Tolnai","image":{"@type":"ImageObject","inLanguage":"sv-SE","@id":"https:\/\/www.almega.se\/#\/schema\/person\/image\/","url":"https:\/\/secure.gravatar.com\/avatar\/c722d4a4ee787603df9df499a683d681bd2c463bde248da25aabc45883d614d2?s=96&d=mm&r=g","contentUrl":"https:\/\/secure.gravatar.com\/avatar\/c722d4a4ee787603df9df499a683d681bd2c463bde248da25aabc45883d614d2?s=96&d=mm&r=g","caption":"R\u00e9ka Tolnai"},"url":"https:\/\/www.almega.se\/person\/rekatolnai\/"}]}},"_links":{"self":[{"href":"https:\/\/www.almega.se\/api\/wp\/v2\/posts\/73558","targetHints":{"allow":["GET"]}}],"collection":[{"href":"https:\/\/www.almega.se\/api\/wp\/v2\/posts"}],"about":[{"href":"https:\/\/www.almega.se\/api\/wp\/v2\/types\/post"}],"author":[{"embeddable":true,"href":"https:\/\/www.almega.se\/api\/wp\/v2\/users\/16543"}],"replies":[{"embeddable":true,"href":"https:\/\/www.almega.se\/api\/wp\/v2\/comments?post=73558"}],"version-history":[{"count":24,"href":"https:\/\/www.almega.se\/api\/wp\/v2\/posts\/73558\/revisions"}],"predecessor-version":[{"id":73632,"href":"https:\/\/www.almega.se\/api\/wp\/v2\/posts\/73558\/revisions\/73632"}],"wp:featuredmedia":[{"embeddable":true,"href":"https:\/\/www.almega.se\/api\/wp\/v2\/media\/73563"}],"wp:attachment":[{"href":"https:\/\/www.almega.se\/api\/wp\/v2\/media?parent=73558"}],"wp:term":[{"taxonomy":"category","embeddable":true,"href":"https:\/\/www.almega.se\/api\/wp\/v2\/categories?post=73558"},{"taxonomy":"post_tag","embeddable":true,"href":"https:\/\/www.almega.se\/api\/wp\/v2\/tags?post=73558"},{"taxonomy":"type","embeddable":true,"href":"https:\/\/www.almega.se\/api\/wp\/v2\/article_type?post=73558"},{"taxonomy":"agreement","embeddable":true,"href":"https:\/\/www.almega.se\/api\/wp\/v2\/agreement?post=73558"}],"curies":[{"name":"wp","href":"https:\/\/api.w.org\/{rel}","templated":true}]}}